{"id":99966,"date":"2024-01-08T18:08:03","date_gmt":"2024-01-08T21:08:03","guid":{"rendered":"https:\/\/regiaonews.net.br\/2022\/?p=99966"},"modified":"2024-01-08T18:08:03","modified_gmt":"2024-01-08T21:08:03","slug":"prefeita-paula-lemos-assina-convenio-de-mais-de-r14-milhoes-para-melhorias-no-sistema-de-abastecimento-de-agua","status":"publish","type":"post","link":"https:\/\/regiaonews.net.br\/2022\/2024\/01\/08\/prefeita-paula-lemos-assina-convenio-de-mais-de-r14-milhoes-para-melhorias-no-sistema-de-abastecimento-de-agua\/","title":{"rendered":"Prefeita Paula Lemos assina conv\u00eanio de mais de R$14 milh\u00f5es para melhorias no Sistema de Abastecimento de \u00c1gua"},"content":{"rendered":"<p>Recurso ser\u00e1 destinado \u00e0 constru\u00e7\u00e3o de reservat\u00f3rio para dois milh\u00f5es de litros de \u00e1gua e reabilita\u00e7\u00e3o das redes de distribui\u00e7\u00e3o constitu\u00eddas de tubos em cimento amianto e ferro fundido; investimento ir\u00e1 minimizar o problema do abastecimento na \u00e1rea central<\/p>\n<p>A Prefeita da Est\u00e2ncia Tur\u00edstica de Barretos, Paula Lemos, assinou na tarde de sexta-feira, 5 de janeiro, um conv\u00eanio de mais de R$ 14 milh\u00f5es com o Minist\u00e9rio das Cidades para melhorias no Sistema de Abastecimento de \u00c1gua do munic\u00edpio. O recurso ser\u00e1 aplicado na constru\u00e7\u00e3o de um novo reservat\u00f3rio com capacidade de armazenamento de dois milh\u00f5es de litros de \u00e1gua e na reabilita\u00e7\u00e3o das redes de distribui\u00e7\u00e3o constitu\u00eddas de tubos em cimento amianto e ferro fundido, que j\u00e1 excederam o tempo de vida \u00fatil, comprometendo o servi\u00e7o de abastecimento.<br \/>\nA Chefe do Executivo destacou a import\u00e2ncia do conv\u00eanio. \u201cEstamos falando de uma rede muito antiga que j\u00e1 apresenta muitos problemas, pois est\u00e1 ultrapassada. Com as substitui\u00e7\u00f5es por materiais mais resistentes e modernos, evitamos vazamentos que impactam no abastecimento de \u00e1gua. O projeto a ser executado prev\u00ea a troca de 18 km de tubula\u00e7\u00e3o da rede de distribui\u00e7\u00e3o de \u00e1gua. Teremos tamb\u00e9m a instala\u00e7\u00e3o de um reservat\u00f3rio para dois milh\u00f5es de litros de \u00e1gua. Este conv\u00eanio representa ganho ambiental, economia de recursos h\u00eddricos, melhorias no atendimento aos mun\u00edcipes, promo\u00e7\u00e3o de sa\u00fade e economia financeira. Estou muito feliz em, na primeira semana do ano, dar esta boa not\u00edcia \u00e0 popula\u00e7\u00e3o de Barretos\u201d, comentou.<\/p>\n<p>Redu\u00e7\u00e3o de perda de \u00e1gua e melhoria na qualidade de vida da popula\u00e7\u00e3o<br \/>\nAs melhorias no sistema de abastecimento visam \u00e0 redu\u00e7\u00e3o de perda de \u00e1gua ocasionada pelos rompimentos das redes e a regulariza\u00e7\u00e3o de press\u00f5es no sistema, resolvendo o problema da falta de \u00e1gua na \u00e1rea atendida. Com isso, busca-se um aumento na qualidade de vida da popula\u00e7\u00e3o atendida, melhor aproveitamento dos recursos h\u00eddricos e o incentivo ao crescimento e desenvolvimento do munic\u00edpio.<br \/>\nA utiliza\u00e7\u00e3o das redes de \u00e1gua feitas de cimento amianto e ferro fundido no final de sua vida \u00fatil compromete a efici\u00eancia do sistema de distribui\u00e7\u00e3o, pois est\u00e3o sujeitos a desgaste e corros\u00e3o ao longo do tempo e devido \u00e0 presen\u00e7a de amianto em sua composi\u00e7\u00e3o, tamb\u00e9m podem representar riscos \u00e0 sa\u00fade quando h\u00e1 deteriora\u00e7\u00e3o do material, liberando fibras de amianto no ambiente. Por isso, a substitui\u00e7\u00e3o por materiais mais modernos e dur\u00e1veis pode ajudar a superar essas dificuldades e melhorar a qualidade e a efici\u00eancia do sistema de distribui\u00e7\u00e3o de \u00e1gua.<br \/>\nA assinatura do conv\u00eanio, no valor de R$ 14.364.463,00 provenientes do Governo Federal e R$ 146.000,00 de contrapartida municipal, ocorreu em Ribeir\u00e3o Preto, na Caixa Econ\u00f4mica Federal, com a presen\u00e7a da supervisora de governo Tatiana Galbiate de Moura Vargas e do gerente de governo Carlos Eduardo Chaves.<\/p>\n","protected":false},"excerpt":{"rendered":"<p>Recurso ser\u00e1 destinado \u00e0 constru\u00e7\u00e3o de reservat\u00f3rio para dois milh\u00f5es<\/p>\n","protected":false},"author":2,"featured_media":99967,"comment_status":"open","ping_status":"open","sticky":false,"template":"","format":"standard","meta":{"footnotes":""},"categories":[14,25],"tags":[],"class_list":["post-99966","post","type-post","status-publish","format-standard","has-post-thumbnail","hentry","category-barretos","category-cidades"],"yoast_head":"<!-- This site is optimized with the Yoast SEO plugin v27.4 - https:\/\/yoast.com\/product\/yoast-seo-wordpress\/ -->\n<title>Prefeita Paula Lemos assina conv\u00eanio de mais de R$14 milh\u00f5es para melhorias no Sistema de Abastecimento de \u00c1gua - Regi\u00e3o News<\/title>\n<meta name=\"robots\" content=\"index, follow, max-snippet:-1, max-image-preview:large, max-video-preview:-1\" \/>\n<link rel=\"canonical\" href=\"https:\/\/regiaonews.net.br\/2022\/2024\/01\/08\/prefeita-paula-lemos-assina-convenio-de-mais-de-r14-milhoes-para-melhorias-no-sistema-de-abastecimento-de-agua\/\" \/>\n<meta property=\"og:locale\" content=\"pt_BR\" \/>\n<meta property=\"og:type\" content=\"article\" \/>\n<meta property=\"og:title\" content=\"Prefeita Paula Lemos assina conv\u00eanio de mais de R$14 milh\u00f5es para melhorias no Sistema de Abastecimento de \u00c1gua - Regi\u00e3o News\" \/>\n<meta property=\"og:description\" content=\"Recurso ser\u00e1 destinado \u00e0 constru\u00e7\u00e3o de reservat\u00f3rio para dois milh\u00f5es\" \/>\n<meta property=\"og:url\" content=\"https:\/\/regiaonews.net.br\/2022\/2024\/01\/08\/prefeita-paula-lemos-assina-convenio-de-mais-de-r14-milhoes-para-melhorias-no-sistema-de-abastecimento-de-agua\/\" \/>\n<meta property=\"og:site_name\" content=\"Regi\u00e3o News\" \/>\n<meta property=\"article:published_time\" content=\"2024-01-08T21:08:03+00:00\" \/>\n<meta property=\"og:image\" content=\"https:\/\/regiaonews.net.br\/2022\/wp-content\/uploads\/2024\/01\/WhatsApp-Image-2024-01-08-at-17.57.37.jpeg\" \/>\n\t<meta property=\"og:image:width\" content=\"1600\" \/>\n\t<meta property=\"og:image:height\" content=\"1200\" \/>\n\t<meta property=\"og:image:type\" content=\"image\/jpeg\" \/>\n<meta name=\"author\" content=\"Roberto\" \/>\n<meta name=\"twitter:card\" content=\"summary_large_image\" \/>\n<meta name=\"twitter:label1\" content=\"Escrito por\" \/>\n\t<meta name=\"twitter:data1\" content=\"Roberto\" \/>\n\t<meta name=\"twitter:label2\" content=\"Est. tempo de leitura\" \/>\n\t<meta name=\"twitter:data2\" content=\"3 minutos\" \/>\n<script type=\"application\/ld+json\" class=\"yoast-schema-graph\">{\"@context\":\"https:\\\/\\\/schema.org\",\"@graph\":[{\"@type\":\"Article\",\"@id\":\"https:\\\/\\\/regiaonews.net.br\\\/2022\\\/2024\\\/01\\\/08\\\/prefeita-paula-lemos-assina-convenio-de-mais-de-r14-milhoes-para-melhorias-no-sistema-de-abastecimento-de-agua\\\/#article\",\"isPartOf\":{\"@id\":\"https:\\\/\\\/regiaonews.net.br\\\/2022\\\/2024\\\/01\\\/08\\\/prefeita-paula-lemos-assina-convenio-de-mais-de-r14-milhoes-para-melhorias-no-sistema-de-abastecimento-de-agua\\\/\"},\"author\":{\"name\":\"Roberto\",\"@id\":\"https:\\\/\\\/regiaonews.net.br\\\/2022\\\/#\\\/schema\\\/person\\\/2d205a608a5aa97ac279d7a5e6d89ad8\"},\"headline\":\"Prefeita Paula Lemos assina conv\u00eanio de mais de R$14 milh\u00f5es para melhorias no Sistema de Abastecimento de \u00c1gua\",\"datePublished\":\"2024-01-08T21:08:03+00:00\",\"mainEntityOfPage\":{\"@id\":\"https:\\\/\\\/regiaonews.net.br\\\/2022\\\/2024\\\/01\\\/08\\\/prefeita-paula-lemos-assina-convenio-de-mais-de-r14-milhoes-para-melhorias-no-sistema-de-abastecimento-de-agua\\\/\"},\"wordCount\":525,\"commentCount\":0,\"publisher\":{\"@id\":\"https:\\\/\\\/regiaonews.net.br\\\/2022\\\/#organization\"},\"image\":{\"@id\":\"https:\\\/\\\/regiaonews.net.br\\\/2022\\\/2024\\\/01\\\/08\\\/prefeita-paula-lemos-assina-convenio-de-mais-de-r14-milhoes-para-melhorias-no-sistema-de-abastecimento-de-agua\\\/#primaryimage\"},\"thumbnailUrl\":\"https:\\\/\\\/regiaonews.net.br\\\/2022\\\/wp-content\\\/uploads\\\/2024\\\/01\\\/WhatsApp-Image-2024-01-08-at-17.57.37.jpeg\",\"articleSection\":[\"Barretos\",\"Cidades\"],\"inLanguage\":\"pt-BR\",\"potentialAction\":[{\"@type\":\"CommentAction\",\"name\":\"Comment\",\"target\":[\"https:\\\/\\\/regiaonews.net.br\\\/2022\\\/2024\\\/01\\\/08\\\/prefeita-paula-lemos-assina-convenio-de-mais-de-r14-milhoes-para-melhorias-no-sistema-de-abastecimento-de-agua\\\/#respond\"]}]},{\"@type\":\"WebPage\",\"@id\":\"https:\\\/\\\/regiaonews.net.br\\\/2022\\\/2024\\\/01\\\/08\\\/prefeita-paula-lemos-assina-convenio-de-mais-de-r14-milhoes-para-melhorias-no-sistema-de-abastecimento-de-agua\\\/\",\"url\":\"https:\\\/\\\/regiaonews.net.br\\\/2022\\\/2024\\\/01\\\/08\\\/prefeita-paula-lemos-assina-convenio-de-mais-de-r14-milhoes-para-melhorias-no-sistema-de-abastecimento-de-agua\\\/\",\"name\":\"Prefeita Paula Lemos assina conv\u00eanio de mais de R$14 milh\u00f5es para melhorias no Sistema de Abastecimento de \u00c1gua - Regi\u00e3o News\",\"isPartOf\":{\"@id\":\"https:\\\/\\\/regiaonews.net.br\\\/2022\\\/#website\"},\"primaryImageOfPage\":{\"@id\":\"https:\\\/\\\/regiaonews.net.br\\\/2022\\\/2024\\\/01\\\/08\\\/prefeita-paula-lemos-assina-convenio-de-mais-de-r14-milhoes-para-melhorias-no-sistema-de-abastecimento-de-agua\\\/#primaryimage\"},\"image\":{\"@id\":\"https:\\\/\\\/regiaonews.net.br\\\/2022\\\/2024\\\/01\\\/08\\\/prefeita-paula-lemos-assina-convenio-de-mais-de-r14-milhoes-para-melhorias-no-sistema-de-abastecimento-de-agua\\\/#primaryimage\"},\"thumbnailUrl\":\"https:\\\/\\\/regiaonews.net.br\\\/2022\\\/wp-content\\\/uploads\\\/2024\\\/01\\\/WhatsApp-Image-2024-01-08-at-17.57.37.jpeg\",\"datePublished\":\"2024-01-08T21:08:03+00:00\",\"breadcrumb\":{\"@id\":\"https:\\\/\\\/regiaonews.net.br\\\/2022\\\/2024\\\/01\\\/08\\\/prefeita-paula-lemos-assina-convenio-de-mais-de-r14-milhoes-para-melhorias-no-sistema-de-abastecimento-de-agua\\\/#breadcrumb\"},\"inLanguage\":\"pt-BR\",\"potentialAction\":[{\"@type\":\"ReadAction\",\"target\":[\"https:\\\/\\\/regiaonews.net.br\\\/2022\\\/2024\\\/01\\\/08\\\/prefeita-paula-lemos-assina-convenio-de-mais-de-r14-milhoes-para-melhorias-no-sistema-de-abastecimento-de-agua\\\/\"]}]},{\"@type\":\"ImageObject\",\"inLanguage\":\"pt-BR\",\"@id\":\"https:\\\/\\\/regiaonews.net.br\\\/2022\\\/2024\\\/01\\\/08\\\/prefeita-paula-lemos-assina-convenio-de-mais-de-r14-milhoes-para-melhorias-no-sistema-de-abastecimento-de-agua\\\/#primaryimage\",\"url\":\"https:\\\/\\\/regiaonews.net.br\\\/2022\\\/wp-content\\\/uploads\\\/2024\\\/01\\\/WhatsApp-Image-2024-01-08-at-17.57.37.jpeg\",\"contentUrl\":\"https:\\\/\\\/regiaonews.net.br\\\/2022\\\/wp-content\\\/uploads\\\/2024\\\/01\\\/WhatsApp-Image-2024-01-08-at-17.57.37.jpeg\",\"width\":1600,\"height\":1200},{\"@type\":\"BreadcrumbList\",\"@id\":\"https:\\\/\\\/regiaonews.net.br\\\/2022\\\/2024\\\/01\\\/08\\\/prefeita-paula-lemos-assina-convenio-de-mais-de-r14-milhoes-para-melhorias-no-sistema-de-abastecimento-de-agua\\\/#breadcrumb\",\"itemListElement\":[{\"@type\":\"ListItem\",\"position\":1,\"name\":\"In\u00edcio\",\"item\":\"https:\\\/\\\/regiaonews.net.br\\\/2022\\\/\"},{\"@type\":\"ListItem\",\"position\":2,\"name\":\"Prefeita Paula Lemos assina conv\u00eanio de mais de R$14 milh\u00f5es para melhorias no Sistema de Abastecimento de \u00c1gua\"}]},{\"@type\":\"WebSite\",\"@id\":\"https:\\\/\\\/regiaonews.net.br\\\/2022\\\/#website\",\"url\":\"https:\\\/\\\/regiaonews.net.br\\\/2022\\\/\",\"name\":\"Regi\u00e3o News\",\"description\":\"Site de Not\u00edcias de Barretos e regi\u00e3o\",\"publisher\":{\"@id\":\"https:\\\/\\\/regiaonews.net.br\\\/2022\\\/#organization\"},\"potentialAction\":[{\"@type\":\"SearchAction\",\"target\":{\"@type\":\"EntryPoint\",\"urlTemplate\":\"https:\\\/\\\/regiaonews.net.br\\\/2022\\\/?s={search_term_string}\"},\"query-input\":{\"@type\":\"PropertyValueSpecification\",\"valueRequired\":true,\"valueName\":\"search_term_string\"}}],\"inLanguage\":\"pt-BR\"},{\"@type\":\"Organization\",\"@id\":\"https:\\\/\\\/regiaonews.net.br\\\/2022\\\/#organization\",\"name\":\"Regi\u00e3o News\",\"url\":\"https:\\\/\\\/regiaonews.net.br\\\/2022\\\/\",\"logo\":{\"@type\":\"ImageObject\",\"inLanguage\":\"pt-BR\",\"@id\":\"https:\\\/\\\/regiaonews.net.br\\\/2022\\\/#\\\/schema\\\/logo\\\/image\\\/\",\"url\":\"https:\\\/\\\/regiaonews.net.br\\\/2022\\\/wp-content\\\/uploads\\\/2026\\\/03\\\/regiao-13-anos-scaled.jpg\",\"contentUrl\":\"https:\\\/\\\/regiaonews.net.br\\\/2022\\\/wp-content\\\/uploads\\\/2026\\\/03\\\/regiao-13-anos-scaled.jpg\",\"width\":2560,\"height\":635,\"caption\":\"Regi\u00e3o News\"},\"image\":{\"@id\":\"https:\\\/\\\/regiaonews.net.br\\\/2022\\\/#\\\/schema\\\/logo\\\/image\\\/\"}},{\"@type\":\"Person\",\"@id\":\"https:\\\/\\\/regiaonews.net.br\\\/2022\\\/#\\\/schema\\\/person\\\/2d205a608a5aa97ac279d7a5e6d89ad8\",\"name\":\"Roberto\",\"image\":{\"@type\":\"ImageObject\",\"inLanguage\":\"pt-BR\",\"@id\":\"https:\\\/\\\/secure.gravatar.com\\\/avatar\\\/42749d8b712ff9d59ca93dc150494e5b55a44134482993f5baeb97e61b7ecc89?s=96&d=mm&r=g\",\"url\":\"https:\\\/\\\/secure.gravatar.com\\\/avatar\\\/42749d8b712ff9d59ca93dc150494e5b55a44134482993f5baeb97e61b7ecc89?s=96&d=mm&r=g\",\"contentUrl\":\"https:\\\/\\\/secure.gravatar.com\\\/avatar\\\/42749d8b712ff9d59ca93dc150494e5b55a44134482993f5baeb97e61b7ecc89?s=96&d=mm&r=g\",\"caption\":\"Roberto\"},\"url\":\"https:\\\/\\\/regiaonews.net.br\\\/2022\\\/author\\\/roberto\\\/\"}]}<\/script>\n<!-- \/ Yoast SEO plugin. -->","yoast_head_json":{"title":"Prefeita Paula Lemos assina conv\u00eanio de mais de R$14 milh\u00f5es para melhorias no Sistema de Abastecimento de \u00c1gua - Regi\u00e3o News","robots":{"index":"index","follow":"follow","max-snippet":"max-snippet:-1","max-image-preview":"max-image-preview:large","max-video-preview":"max-video-preview:-1"},"canonical":"https:\/\/regiaonews.net.br\/2022\/2024\/01\/08\/prefeita-paula-lemos-assina-convenio-de-mais-de-r14-milhoes-para-melhorias-no-sistema-de-abastecimento-de-agua\/","og_locale":"pt_BR","og_type":"article","og_title":"Prefeita Paula Lemos assina conv\u00eanio de mais de R$14 milh\u00f5es para melhorias no Sistema de Abastecimento de \u00c1gua - Regi\u00e3o News","og_description":"Recurso ser\u00e1 destinado \u00e0 constru\u00e7\u00e3o de reservat\u00f3rio para dois milh\u00f5es","og_url":"https:\/\/regiaonews.net.br\/2022\/2024\/01\/08\/prefeita-paula-lemos-assina-convenio-de-mais-de-r14-milhoes-para-melhorias-no-sistema-de-abastecimento-de-agua\/","og_site_name":"Regi\u00e3o News","article_published_time":"2024-01-08T21:08:03+00:00","og_image":[{"width":1600,"height":1200,"url":"https:\/\/regiaonews.net.br\/2022\/wp-content\/uploads\/2024\/01\/WhatsApp-Image-2024-01-08-at-17.57.37.jpeg","type":"image\/jpeg"}],"author":"Roberto","twitter_card":"summary_large_image","twitter_misc":{"Escrito por":"Roberto","Est. tempo de leitura":"3 minutos"},"schema":{"@context":"https:\/\/schema.org","@graph":[{"@type":"Article","@id":"https:\/\/regiaonews.net.br\/2022\/2024\/01\/08\/prefeita-paula-lemos-assina-convenio-de-mais-de-r14-milhoes-para-melhorias-no-sistema-de-abastecimento-de-agua\/#article","isPartOf":{"@id":"https:\/\/regiaonews.net.br\/2022\/2024\/01\/08\/prefeita-paula-lemos-assina-convenio-de-mais-de-r14-milhoes-para-melhorias-no-sistema-de-abastecimento-de-agua\/"},"author":{"name":"Roberto","@id":"https:\/\/regiaonews.net.br\/2022\/#\/schema\/person\/2d205a608a5aa97ac279d7a5e6d89ad8"},"headline":"Prefeita Paula Lemos assina conv\u00eanio de mais de R$14 milh\u00f5es para melhorias no Sistema de Abastecimento de \u00c1gua","datePublished":"2024-01-08T21:08:03+00:00","mainEntityOfPage":{"@id":"https:\/\/regiaonews.net.br\/2022\/2024\/01\/08\/prefeita-paula-lemos-assina-convenio-de-mais-de-r14-milhoes-para-melhorias-no-sistema-de-abastecimento-de-agua\/"},"wordCount":525,"commentCount":0,"publisher":{"@id":"https:\/\/regiaonews.net.br\/2022\/#organization"},"image":{"@id":"https:\/\/regiaonews.net.br\/2022\/2024\/01\/08\/prefeita-paula-lemos-assina-convenio-de-mais-de-r14-milhoes-para-melhorias-no-sistema-de-abastecimento-de-agua\/#primaryimage"},"thumbnailUrl":"https:\/\/regiaonews.net.br\/2022\/wp-content\/uploads\/2024\/01\/WhatsApp-Image-2024-01-08-at-17.57.37.jpeg","articleSection":["Barretos","Cidades"],"inLanguage":"pt-BR","potentialAction":[{"@type":"CommentAction","name":"Comment","target":["https:\/\/regiaonews.net.br\/2022\/2024\/01\/08\/prefeita-paula-lemos-assina-convenio-de-mais-de-r14-milhoes-para-melhorias-no-sistema-de-abastecimento-de-agua\/#respond"]}]},{"@type":"WebPage","@id":"https:\/\/regiaonews.net.br\/2022\/2024\/01\/08\/prefeita-paula-lemos-assina-convenio-de-mais-de-r14-milhoes-para-melhorias-no-sistema-de-abastecimento-de-agua\/","url":"https:\/\/regiaonews.net.br\/2022\/2024\/01\/08\/prefeita-paula-lemos-assina-convenio-de-mais-de-r14-milhoes-para-melhorias-no-sistema-de-abastecimento-de-agua\/","name":"Prefeita Paula Lemos assina conv\u00eanio de mais de R$14 milh\u00f5es para melhorias no Sistema de Abastecimento de \u00c1gua - Regi\u00e3o News","isPartOf":{"@id":"https:\/\/regiaonews.net.br\/2022\/#website"},"primaryImageOfPage":{"@id":"https:\/\/regiaonews.net.br\/2022\/2024\/01\/08\/prefeita-paula-lemos-assina-convenio-de-mais-de-r14-milhoes-para-melhorias-no-sistema-de-abastecimento-de-agua\/#primaryimage"},"image":{"@id":"https:\/\/regiaonews.net.br\/2022\/2024\/01\/08\/prefeita-paula-lemos-assina-convenio-de-mais-de-r14-milhoes-para-melhorias-no-sistema-de-abastecimento-de-agua\/#primaryimage"},"thumbnailUrl":"https:\/\/regiaonews.net.br\/2022\/wp-content\/uploads\/2024\/01\/WhatsApp-Image-2024-01-08-at-17.57.37.jpeg","datePublished":"2024-01-08T21:08:03+00:00","breadcrumb":{"@id":"https:\/\/regiaonews.net.br\/2022\/2024\/01\/08\/prefeita-paula-lemos-assina-convenio-de-mais-de-r14-milhoes-para-melhorias-no-sistema-de-abastecimento-de-agua\/#breadcrumb"},"inLanguage":"pt-BR","potentialAction":[{"@type":"ReadAction","target":["https:\/\/regiaonews.net.br\/2022\/2024\/01\/08\/prefeita-paula-lemos-assina-convenio-de-mais-de-r14-milhoes-para-melhorias-no-sistema-de-abastecimento-de-agua\/"]}]},{"@type":"ImageObject","inLanguage":"pt-BR","@id":"https:\/\/regiaonews.net.br\/2022\/2024\/01\/08\/prefeita-paula-lemos-assina-convenio-de-mais-de-r14-milhoes-para-melhorias-no-sistema-de-abastecimento-de-agua\/#primaryimage","url":"https:\/\/regiaonews.net.br\/2022\/wp-content\/uploads\/2024\/01\/WhatsApp-Image-2024-01-08-at-17.57.37.jpeg","contentUrl":"https:\/\/regiaonews.net.br\/2022\/wp-content\/uploads\/2024\/01\/WhatsApp-Image-2024-01-08-at-17.57.37.jpeg","width":1600,"height":1200},{"@type":"BreadcrumbList","@id":"https:\/\/regiaonews.net.br\/2022\/2024\/01\/08\/prefeita-paula-lemos-assina-convenio-de-mais-de-r14-milhoes-para-melhorias-no-sistema-de-abastecimento-de-agua\/#breadcrumb","itemListElement":[{"@type":"ListItem","position":1,"name":"In\u00edcio","item":"https:\/\/regiaonews.net.br\/2022\/"},{"@type":"ListItem","position":2,"name":"Prefeita Paula Lemos assina conv\u00eanio de mais de R$14 milh\u00f5es para melhorias no Sistema de Abastecimento de \u00c1gua"}]},{"@type":"WebSite","@id":"https:\/\/regiaonews.net.br\/2022\/#website","url":"https:\/\/regiaonews.net.br\/2022\/","name":"Regi\u00e3o News","description":"Site de Not\u00edcias de Barretos e regi\u00e3o","publisher":{"@id":"https:\/\/regiaonews.net.br\/2022\/#organization"},"potentialAction":[{"@type":"SearchAction","target":{"@type":"EntryPoint","urlTemplate":"https:\/\/regiaonews.net.br\/2022\/?s={search_term_string}"},"query-input":{"@type":"PropertyValueSpecification","valueRequired":true,"valueName":"search_term_string"}}],"inLanguage":"pt-BR"},{"@type":"Organization","@id":"https:\/\/regiaonews.net.br\/2022\/#organization","name":"Regi\u00e3o News","url":"https:\/\/regiaonews.net.br\/2022\/","logo":{"@type":"ImageObject","inLanguage":"pt-BR","@id":"https:\/\/regiaonews.net.br\/2022\/#\/schema\/logo\/image\/","url":"https:\/\/regiaonews.net.br\/2022\/wp-content\/uploads\/2026\/03\/regiao-13-anos-scaled.jpg","contentUrl":"https:\/\/regiaonews.net.br\/2022\/wp-content\/uploads\/2026\/03\/regiao-13-anos-scaled.jpg","width":2560,"height":635,"caption":"Regi\u00e3o News"},"image":{"@id":"https:\/\/regiaonews.net.br\/2022\/#\/schema\/logo\/image\/"}},{"@type":"Person","@id":"https:\/\/regiaonews.net.br\/2022\/#\/schema\/person\/2d205a608a5aa97ac279d7a5e6d89ad8","name":"Roberto","image":{"@type":"ImageObject","inLanguage":"pt-BR","@id":"https:\/\/secure.gravatar.com\/avatar\/42749d8b712ff9d59ca93dc150494e5b55a44134482993f5baeb97e61b7ecc89?s=96&d=mm&r=g","url":"https:\/\/secure.gravatar.com\/avatar\/42749d8b712ff9d59ca93dc150494e5b55a44134482993f5baeb97e61b7ecc89?s=96&d=mm&r=g","contentUrl":"https:\/\/secure.gravatar.com\/avatar\/42749d8b712ff9d59ca93dc150494e5b55a44134482993f5baeb97e61b7ecc89?s=96&d=mm&r=g","caption":"Roberto"},"url":"https:\/\/regiaonews.net.br\/2022\/author\/roberto\/"}]}},"publishpress_future_action":{"enabled":false,"date":"2026-05-04 03:28:45","action":"change-status","newStatus":"draft","terms":[],"taxonomy":"category","extraData":[]},"publishpress_future_workflow_manual_trigger":{"enabledWorkflows":[]},"_links":{"self":[{"href":"https:\/\/regiaonews.net.br\/2022\/wp-json\/wp\/v2\/posts\/99966","targetHints":{"allow":["GET"]}}],"collection":[{"href":"https:\/\/regiaonews.net.br\/2022\/wp-json\/wp\/v2\/posts"}],"about":[{"href":"https:\/\/regiaonews.net.br\/2022\/wp-json\/wp\/v2\/types\/post"}],"author":[{"embeddable":true,"href":"https:\/\/regiaonews.net.br\/2022\/wp-json\/wp\/v2\/users\/2"}],"replies":[{"embeddable":true,"href":"https:\/\/regiaonews.net.br\/2022\/wp-json\/wp\/v2\/comments?post=99966"}],"version-history":[{"count":1,"href":"https:\/\/regiaonews.net.br\/2022\/wp-json\/wp\/v2\/posts\/99966\/revisions"}],"predecessor-version":[{"id":99968,"href":"https:\/\/regiaonews.net.br\/2022\/wp-json\/wp\/v2\/posts\/99966\/revisions\/99968"}],"wp:featuredmedia":[{"embeddable":true,"href":"https:\/\/regiaonews.net.br\/2022\/wp-json\/wp\/v2\/media\/99967"}],"wp:attachment":[{"href":"https:\/\/regiaonews.net.br\/2022\/wp-json\/wp\/v2\/media?parent=99966"}],"wp:term":[{"taxonomy":"category","embeddable":true,"href":"https:\/\/regiaonews.net.br\/2022\/wp-json\/wp\/v2\/categories?post=99966"},{"taxonomy":"post_tag","embeddable":true,"href":"https:\/\/regiaonews.net.br\/2022\/wp-json\/wp\/v2\/tags?post=99966"}],"curies":[{"name":"wp","href":"https:\/\/api.w.org\/{rel}","templated":true}]}}