{"id":99953,"date":"2024-01-08T13:36:41","date_gmt":"2024-01-08T16:36:41","guid":{"rendered":"https:\/\/regiaonews.net.br\/2022\/?p=99953"},"modified":"2024-01-08T13:36:41","modified_gmt":"2024-01-08T16:36:41","slug":"acib-e-sincomercio-entregam-premios-da-campanha-natal-premiado-2023","status":"publish","type":"post","link":"https:\/\/regiaonews.net.br\/2022\/2024\/01\/08\/acib-e-sincomercio-entregam-premios-da-campanha-natal-premiado-2023\/","title":{"rendered":"ACIB E Sincomercio entregam pr\u00eamios da Campanha \u201cNatal Premiado 2023\u201d"},"content":{"rendered":"<p>A ACIB &#8211; Associa\u00e7\u00e3o Comercial e Industrial de Barretos e o Sincomercio realizaram a entrega dos pr\u00eamios da Campanha \u201cNatal Premiado\u201d na manh\u00e3 desta segunda-feira, 8 de janeiro de 2024 na sede da ACIB, Edif\u00edcio \u201cDomingos S\u00e1vio Baston\u201d.<br \/>\nForam sorteados: 1 moto CG Titan start 150cc, 15 vales- compra no valor de R$1000,00 cada e 1 viagem para um casal para Caldas Novas \u2013 GO.<\/p>\n<p>Confira os ganhadores e os pr\u00eamios da promo\u00e7\u00e3o:<\/p>\n<p>VALES-COMPRA NO VALOR DE R$ 1.000,00 CADA<\/p>\n<p>Diogo Melo \u2013 Chavitta Modas<br \/>\nOsmar Silva \u2013 Tecidos J\u00f3ia<br \/>\nVera da Silva \u2013 \u00d3tica Vis\u00e3o<br \/>\nAndr\u00e9a Ramos de Carvalho \u2013Biabelamore<br \/>\nIrene Bueno da Silva \u2013 Tecidos J\u00f3ia<br \/>\nNeif Said Calil \u2013 Ferrari Parafusos<br \/>\nAdemir dos Santos \u2013 Ferrari Parafusos<br \/>\nAlexsandra Ferreira da Silva \u2013 Tecidos J\u00f3ia Ltda<br \/>\nFatima Basso \u2013 Chavitta Modas<br \/>\nMirian Regina do Nacimento \u2013 Tecidos Joia<br \/>\nM\u00e1rcia Costa \u2013 Tecidos j\u00f3ia<br \/>\nBianca Leite Rodrigues \u2013 Chavitta Moda<br \/>\nMarinete de Jesus Silva F. Urbano \u2013 Chavitta Modas<br \/>\nMarcia Helena Barroso Souza \u2013 Amore Magazine<br \/>\nCATARINA ROBERTI &#8211; MA\u00c7AZINHA<\/p>\n<p>01 MOTO CG TITAN START150cc<\/p>\n<p>Everaldo Silv\u00e9rio \u2013 Arlete Magazine<\/p>\n<p>01 VIAGEM PARA CALDAS NOVAS (CASAL)<\/p>\n<p>Maria Aparecida Miranda Meira \u2013 Constru Ribeiro.<\/p>\n<p>Fotos:<br \/>\n1- Ganhadores, representantes das lojas e diretoria da ACIB: Marcia Regina b. Santos Costa<br \/>\nOsmar Silva , Cesar Peguim de Araujo (Ganhadora filha de 5 meses \u2013 Catarina), Vera Lucia Gomes da Silva, Mirian Regina do Nascimento, Bianca Leite R. T. Pereira, Alexsandra Ferreira da Silva, Maria Aparecida M. Meira (esposo Vano) \u2013 (Viagem)<br \/>\nEveraldo Silv\u00e9rio (Moto). Diretores da ACIB: Marco Aur\u00e9lio Domingues, Jos\u00e9 Luiz, Andr\u00e9 Peroni e Roberto Arutim, presidente do Sincomercio<\/p>\n<p>2- Vano, representante da ganhadora da Viagem: Maria Aparecida Miranda Meira e Jo\u00e3o Carlos da ConstruRibeiro.<\/p>\n<p>3- Andr\u00e9 Peroni, representante da Arlete Magazine; Everaldo Silv\u00e9rio, ganhador da moto; Jos\u00e9 Lu\u00eds, diretor da ACIB e Marco Aur\u00e9lio Domingues, direitos\u00a0da\u00a0ACIB.<\/p>\n","protected":false},"excerpt":{"rendered":"<p>A ACIB &#8211; Associa\u00e7\u00e3o Comercial e Industrial de Barretos e<\/p>\n","protected":false},"author":2,"featured_media":99956,"comment_status":"open","ping_status":"open","sticky":false,"template":"","format":"standard","meta":{"footnotes":""},"categories":[14,3],"tags":[],"class_list":["post-99953","post","type-post","status-publish","format-standard","has-post-thumbnail","hentry","category-barretos","category-geral"],"yoast_head":"<!-- This site is optimized with the Yoast SEO plugin v27.4 - https:\/\/yoast.com\/product\/yoast-seo-wordpress\/ -->\n<title>ACIB E Sincomercio entregam pr\u00eamios da Campanha \u201cNatal Premiado 2023\u201d - Regi\u00e3o News<\/title>\n<meta name=\"robots\" content=\"index, follow, max-snippet:-1, max-image-preview:large, max-video-preview:-1\" \/>\n<link rel=\"canonical\" href=\"https:\/\/regiaonews.net.br\/2022\/2024\/01\/08\/acib-e-sincomercio-entregam-premios-da-campanha-natal-premiado-2023\/\" \/>\n<meta property=\"og:locale\" content=\"pt_BR\" \/>\n<meta property=\"og:type\" content=\"article\" \/>\n<meta property=\"og:title\" content=\"ACIB E Sincomercio entregam pr\u00eamios da Campanha \u201cNatal Premiado 2023\u201d - Regi\u00e3o News\" \/>\n<meta property=\"og:description\" content=\"A ACIB &#8211; Associa\u00e7\u00e3o Comercial e Industrial de Barretos e\" \/>\n<meta property=\"og:url\" content=\"https:\/\/regiaonews.net.br\/2022\/2024\/01\/08\/acib-e-sincomercio-entregam-premios-da-campanha-natal-premiado-2023\/\" \/>\n<meta property=\"og:site_name\" content=\"Regi\u00e3o News\" \/>\n<meta property=\"article:published_time\" content=\"2024-01-08T16:36:41+00:00\" \/>\n<meta property=\"og:image\" content=\"https:\/\/regiaonews.net.br\/2022\/wp-content\/uploads\/2024\/01\/Imagem-do-WhatsApp-de-2024-01-08-as-13.15.11_96dba285.jpg\" \/>\n\t<meta property=\"og:image:width\" content=\"1600\" \/>\n\t<meta property=\"og:image:height\" content=\"721\" \/>\n\t<meta property=\"og:image:type\" content=\"image\/jpeg\" \/>\n<meta name=\"author\" content=\"Roberto\" \/>\n<meta name=\"twitter:card\" content=\"summary_large_image\" \/>\n<meta name=\"twitter:label1\" content=\"Escrito por\" \/>\n\t<meta name=\"twitter:data1\" content=\"Roberto\" \/>\n\t<meta name=\"twitter:label2\" content=\"Est. tempo de leitura\" \/>\n\t<meta name=\"twitter:data2\" content=\"2 minutos\" \/>\n<script type=\"application\/ld+json\" class=\"yoast-schema-graph\">{\"@context\":\"https:\\\/\\\/schema.org\",\"@graph\":[{\"@type\":\"Article\",\"@id\":\"https:\\\/\\\/regiaonews.net.br\\\/2022\\\/2024\\\/01\\\/08\\\/acib-e-sincomercio-entregam-premios-da-campanha-natal-premiado-2023\\\/#article\",\"isPartOf\":{\"@id\":\"https:\\\/\\\/regiaonews.net.br\\\/2022\\\/2024\\\/01\\\/08\\\/acib-e-sincomercio-entregam-premios-da-campanha-natal-premiado-2023\\\/\"},\"author\":{\"name\":\"Roberto\",\"@id\":\"https:\\\/\\\/regiaonews.net.br\\\/2022\\\/#\\\/schema\\\/person\\\/2d205a608a5aa97ac279d7a5e6d89ad8\"},\"headline\":\"ACIB E Sincomercio entregam pr\u00eamios da Campanha \u201cNatal Premiado 2023\u201d\",\"datePublished\":\"2024-01-08T16:36:41+00:00\",\"mainEntityOfPage\":{\"@id\":\"https:\\\/\\\/regiaonews.net.br\\\/2022\\\/2024\\\/01\\\/08\\\/acib-e-sincomercio-entregam-premios-da-campanha-natal-premiado-2023\\\/\"},\"wordCount\":312,\"commentCount\":0,\"publisher\":{\"@id\":\"https:\\\/\\\/regiaonews.net.br\\\/2022\\\/#organization\"},\"image\":{\"@id\":\"https:\\\/\\\/regiaonews.net.br\\\/2022\\\/2024\\\/01\\\/08\\\/acib-e-sincomercio-entregam-premios-da-campanha-natal-premiado-2023\\\/#primaryimage\"},\"thumbnailUrl\":\"https:\\\/\\\/regiaonews.net.br\\\/2022\\\/wp-content\\\/uploads\\\/2024\\\/01\\\/Imagem-do-WhatsApp-de-2024-01-08-as-13.15.11_96dba285.jpg\",\"articleSection\":[\"Barretos\",\"Geral\"],\"inLanguage\":\"pt-BR\",\"potentialAction\":[{\"@type\":\"CommentAction\",\"name\":\"Comment\",\"target\":[\"https:\\\/\\\/regiaonews.net.br\\\/2022\\\/2024\\\/01\\\/08\\\/acib-e-sincomercio-entregam-premios-da-campanha-natal-premiado-2023\\\/#respond\"]}]},{\"@type\":\"WebPage\",\"@id\":\"https:\\\/\\\/regiaonews.net.br\\\/2022\\\/2024\\\/01\\\/08\\\/acib-e-sincomercio-entregam-premios-da-campanha-natal-premiado-2023\\\/\",\"url\":\"https:\\\/\\\/regiaonews.net.br\\\/2022\\\/2024\\\/01\\\/08\\\/acib-e-sincomercio-entregam-premios-da-campanha-natal-premiado-2023\\\/\",\"name\":\"ACIB E Sincomercio entregam pr\u00eamios da Campanha \u201cNatal Premiado 2023\u201d - Regi\u00e3o News\",\"isPartOf\":{\"@id\":\"https:\\\/\\\/regiaonews.net.br\\\/2022\\\/#website\"},\"primaryImageOfPage\":{\"@id\":\"https:\\\/\\\/regiaonews.net.br\\\/2022\\\/2024\\\/01\\\/08\\\/acib-e-sincomercio-entregam-premios-da-campanha-natal-premiado-2023\\\/#primaryimage\"},\"image\":{\"@id\":\"https:\\\/\\\/regiaonews.net.br\\\/2022\\\/2024\\\/01\\\/08\\\/acib-e-sincomercio-entregam-premios-da-campanha-natal-premiado-2023\\\/#primaryimage\"},\"thumbnailUrl\":\"https:\\\/\\\/regiaonews.net.br\\\/2022\\\/wp-content\\\/uploads\\\/2024\\\/01\\\/Imagem-do-WhatsApp-de-2024-01-08-as-13.15.11_96dba285.jpg\",\"datePublished\":\"2024-01-08T16:36:41+00:00\",\"breadcrumb\":{\"@id\":\"https:\\\/\\\/regiaonews.net.br\\\/2022\\\/2024\\\/01\\\/08\\\/acib-e-sincomercio-entregam-premios-da-campanha-natal-premiado-2023\\\/#breadcrumb\"},\"inLanguage\":\"pt-BR\",\"potentialAction\":[{\"@type\":\"ReadAction\",\"target\":[\"https:\\\/\\\/regiaonews.net.br\\\/2022\\\/2024\\\/01\\\/08\\\/acib-e-sincomercio-entregam-premios-da-campanha-natal-premiado-2023\\\/\"]}]},{\"@type\":\"ImageObject\",\"inLanguage\":\"pt-BR\",\"@id\":\"https:\\\/\\\/regiaonews.net.br\\\/2022\\\/2024\\\/01\\\/08\\\/acib-e-sincomercio-entregam-premios-da-campanha-natal-premiado-2023\\\/#primaryimage\",\"url\":\"https:\\\/\\\/regiaonews.net.br\\\/2022\\\/wp-content\\\/uploads\\\/2024\\\/01\\\/Imagem-do-WhatsApp-de-2024-01-08-as-13.15.11_96dba285.jpg\",\"contentUrl\":\"https:\\\/\\\/regiaonews.net.br\\\/2022\\\/wp-content\\\/uploads\\\/2024\\\/01\\\/Imagem-do-WhatsApp-de-2024-01-08-as-13.15.11_96dba285.jpg\",\"width\":1600,\"height\":721},{\"@type\":\"BreadcrumbList\",\"@id\":\"https:\\\/\\\/regiaonews.net.br\\\/2022\\\/2024\\\/01\\\/08\\\/acib-e-sincomercio-entregam-premios-da-campanha-natal-premiado-2023\\\/#breadcrumb\",\"itemListElement\":[{\"@type\":\"ListItem\",\"position\":1,\"name\":\"In\u00edcio\",\"item\":\"https:\\\/\\\/regiaonews.net.br\\\/2022\\\/\"},{\"@type\":\"ListItem\",\"position\":2,\"name\":\"ACIB E Sincomercio entregam pr\u00eamios da Campanha \u201cNatal Premiado 2023\u201d\"}]},{\"@type\":\"WebSite\",\"@id\":\"https:\\\/\\\/regiaonews.net.br\\\/2022\\\/#website\",\"url\":\"https:\\\/\\\/regiaonews.net.br\\\/2022\\\/\",\"name\":\"Regi\u00e3o News\",\"description\":\"Site de Not\u00edcias de Barretos e regi\u00e3o\",\"publisher\":{\"@id\":\"https:\\\/\\\/regiaonews.net.br\\\/2022\\\/#organization\"},\"potentialAction\":[{\"@type\":\"SearchAction\",\"target\":{\"@type\":\"EntryPoint\",\"urlTemplate\":\"https:\\\/\\\/regiaonews.net.br\\\/2022\\\/?s={search_term_string}\"},\"query-input\":{\"@type\":\"PropertyValueSpecification\",\"valueRequired\":true,\"valueName\":\"search_term_string\"}}],\"inLanguage\":\"pt-BR\"},{\"@type\":\"Organization\",\"@id\":\"https:\\\/\\\/regiaonews.net.br\\\/2022\\\/#organization\",\"name\":\"Regi\u00e3o News\",\"url\":\"https:\\\/\\\/regiaonews.net.br\\\/2022\\\/\",\"logo\":{\"@type\":\"ImageObject\",\"inLanguage\":\"pt-BR\",\"@id\":\"https:\\\/\\\/regiaonews.net.br\\\/2022\\\/#\\\/schema\\\/logo\\\/image\\\/\",\"url\":\"https:\\\/\\\/regiaonews.net.br\\\/2022\\\/wp-content\\\/uploads\\\/2026\\\/03\\\/regiao-13-anos-scaled.jpg\",\"contentUrl\":\"https:\\\/\\\/regiaonews.net.br\\\/2022\\\/wp-content\\\/uploads\\\/2026\\\/03\\\/regiao-13-anos-scaled.jpg\",\"width\":2560,\"height\":635,\"caption\":\"Regi\u00e3o News\"},\"image\":{\"@id\":\"https:\\\/\\\/regiaonews.net.br\\\/2022\\\/#\\\/schema\\\/logo\\\/image\\\/\"}},{\"@type\":\"Person\",\"@id\":\"https:\\\/\\\/regiaonews.net.br\\\/2022\\\/#\\\/schema\\\/person\\\/2d205a608a5aa97ac279d7a5e6d89ad8\",\"name\":\"Roberto\",\"image\":{\"@type\":\"ImageObject\",\"inLanguage\":\"pt-BR\",\"@id\":\"https:\\\/\\\/secure.gravatar.com\\\/avatar\\\/42749d8b712ff9d59ca93dc150494e5b55a44134482993f5baeb97e61b7ecc89?s=96&d=mm&r=g\",\"url\":\"https:\\\/\\\/secure.gravatar.com\\\/avatar\\\/42749d8b712ff9d59ca93dc150494e5b55a44134482993f5baeb97e61b7ecc89?s=96&d=mm&r=g\",\"contentUrl\":\"https:\\\/\\\/secure.gravatar.com\\\/avatar\\\/42749d8b712ff9d59ca93dc150494e5b55a44134482993f5baeb97e61b7ecc89?s=96&d=mm&r=g\",\"caption\":\"Roberto\"},\"url\":\"https:\\\/\\\/regiaonews.net.br\\\/2022\\\/author\\\/roberto\\\/\"}]}<\/script>\n<!-- \/ Yoast SEO plugin. -->","yoast_head_json":{"title":"ACIB E Sincomercio entregam pr\u00eamios da Campanha \u201cNatal Premiado 2023\u201d - Regi\u00e3o News","robots":{"index":"index","follow":"follow","max-snippet":"max-snippet:-1","max-image-preview":"max-image-preview:large","max-video-preview":"max-video-preview:-1"},"canonical":"https:\/\/regiaonews.net.br\/2022\/2024\/01\/08\/acib-e-sincomercio-entregam-premios-da-campanha-natal-premiado-2023\/","og_locale":"pt_BR","og_type":"article","og_title":"ACIB E Sincomercio entregam pr\u00eamios da Campanha \u201cNatal Premiado 2023\u201d - Regi\u00e3o News","og_description":"A ACIB &#8211; Associa\u00e7\u00e3o Comercial e Industrial de Barretos e","og_url":"https:\/\/regiaonews.net.br\/2022\/2024\/01\/08\/acib-e-sincomercio-entregam-premios-da-campanha-natal-premiado-2023\/","og_site_name":"Regi\u00e3o News","article_published_time":"2024-01-08T16:36:41+00:00","og_image":[{"width":1600,"height":721,"url":"https:\/\/regiaonews.net.br\/2022\/wp-content\/uploads\/2024\/01\/Imagem-do-WhatsApp-de-2024-01-08-as-13.15.11_96dba285.jpg","type":"image\/jpeg"}],"author":"Roberto","twitter_card":"summary_large_image","twitter_misc":{"Escrito por":"Roberto","Est. tempo de leitura":"2 minutos"},"schema":{"@context":"https:\/\/schema.org","@graph":[{"@type":"Article","@id":"https:\/\/regiaonews.net.br\/2022\/2024\/01\/08\/acib-e-sincomercio-entregam-premios-da-campanha-natal-premiado-2023\/#article","isPartOf":{"@id":"https:\/\/regiaonews.net.br\/2022\/2024\/01\/08\/acib-e-sincomercio-entregam-premios-da-campanha-natal-premiado-2023\/"},"author":{"name":"Roberto","@id":"https:\/\/regiaonews.net.br\/2022\/#\/schema\/person\/2d205a608a5aa97ac279d7a5e6d89ad8"},"headline":"ACIB E Sincomercio entregam pr\u00eamios da Campanha \u201cNatal Premiado 2023\u201d","datePublished":"2024-01-08T16:36:41+00:00","mainEntityOfPage":{"@id":"https:\/\/regiaonews.net.br\/2022\/2024\/01\/08\/acib-e-sincomercio-entregam-premios-da-campanha-natal-premiado-2023\/"},"wordCount":312,"commentCount":0,"publisher":{"@id":"https:\/\/regiaonews.net.br\/2022\/#organization"},"image":{"@id":"https:\/\/regiaonews.net.br\/2022\/2024\/01\/08\/acib-e-sincomercio-entregam-premios-da-campanha-natal-premiado-2023\/#primaryimage"},"thumbnailUrl":"https:\/\/regiaonews.net.br\/2022\/wp-content\/uploads\/2024\/01\/Imagem-do-WhatsApp-de-2024-01-08-as-13.15.11_96dba285.jpg","articleSection":["Barretos","Geral"],"inLanguage":"pt-BR","potentialAction":[{"@type":"CommentAction","name":"Comment","target":["https:\/\/regiaonews.net.br\/2022\/2024\/01\/08\/acib-e-sincomercio-entregam-premios-da-campanha-natal-premiado-2023\/#respond"]}]},{"@type":"WebPage","@id":"https:\/\/regiaonews.net.br\/2022\/2024\/01\/08\/acib-e-sincomercio-entregam-premios-da-campanha-natal-premiado-2023\/","url":"https:\/\/regiaonews.net.br\/2022\/2024\/01\/08\/acib-e-sincomercio-entregam-premios-da-campanha-natal-premiado-2023\/","name":"ACIB E Sincomercio entregam pr\u00eamios da Campanha \u201cNatal Premiado 2023\u201d - Regi\u00e3o News","isPartOf":{"@id":"https:\/\/regiaonews.net.br\/2022\/#website"},"primaryImageOfPage":{"@id":"https:\/\/regiaonews.net.br\/2022\/2024\/01\/08\/acib-e-sincomercio-entregam-premios-da-campanha-natal-premiado-2023\/#primaryimage"},"image":{"@id":"https:\/\/regiaonews.net.br\/2022\/2024\/01\/08\/acib-e-sincomercio-entregam-premios-da-campanha-natal-premiado-2023\/#primaryimage"},"thumbnailUrl":"https:\/\/regiaonews.net.br\/2022\/wp-content\/uploads\/2024\/01\/Imagem-do-WhatsApp-de-2024-01-08-as-13.15.11_96dba285.jpg","datePublished":"2024-01-08T16:36:41+00:00","breadcrumb":{"@id":"https:\/\/regiaonews.net.br\/2022\/2024\/01\/08\/acib-e-sincomercio-entregam-premios-da-campanha-natal-premiado-2023\/#breadcrumb"},"inLanguage":"pt-BR","potentialAction":[{"@type":"ReadAction","target":["https:\/\/regiaonews.net.br\/2022\/2024\/01\/08\/acib-e-sincomercio-entregam-premios-da-campanha-natal-premiado-2023\/"]}]},{"@type":"ImageObject","inLanguage":"pt-BR","@id":"https:\/\/regiaonews.net.br\/2022\/2024\/01\/08\/acib-e-sincomercio-entregam-premios-da-campanha-natal-premiado-2023\/#primaryimage","url":"https:\/\/regiaonews.net.br\/2022\/wp-content\/uploads\/2024\/01\/Imagem-do-WhatsApp-de-2024-01-08-as-13.15.11_96dba285.jpg","contentUrl":"https:\/\/regiaonews.net.br\/2022\/wp-content\/uploads\/2024\/01\/Imagem-do-WhatsApp-de-2024-01-08-as-13.15.11_96dba285.jpg","width":1600,"height":721},{"@type":"BreadcrumbList","@id":"https:\/\/regiaonews.net.br\/2022\/2024\/01\/08\/acib-e-sincomercio-entregam-premios-da-campanha-natal-premiado-2023\/#breadcrumb","itemListElement":[{"@type":"ListItem","position":1,"name":"In\u00edcio","item":"https:\/\/regiaonews.net.br\/2022\/"},{"@type":"ListItem","position":2,"name":"ACIB E Sincomercio entregam pr\u00eamios da Campanha \u201cNatal Premiado 2023\u201d"}]},{"@type":"WebSite","@id":"https:\/\/regiaonews.net.br\/2022\/#website","url":"https:\/\/regiaonews.net.br\/2022\/","name":"Regi\u00e3o News","description":"Site de Not\u00edcias de Barretos e regi\u00e3o","publisher":{"@id":"https:\/\/regiaonews.net.br\/2022\/#organization"},"potentialAction":[{"@type":"SearchAction","target":{"@type":"EntryPoint","urlTemplate":"https:\/\/regiaonews.net.br\/2022\/?s={search_term_string}"},"query-input":{"@type":"PropertyValueSpecification","valueRequired":true,"valueName":"search_term_string"}}],"inLanguage":"pt-BR"},{"@type":"Organization","@id":"https:\/\/regiaonews.net.br\/2022\/#organization","name":"Regi\u00e3o News","url":"https:\/\/regiaonews.net.br\/2022\/","logo":{"@type":"ImageObject","inLanguage":"pt-BR","@id":"https:\/\/regiaonews.net.br\/2022\/#\/schema\/logo\/image\/","url":"https:\/\/regiaonews.net.br\/2022\/wp-content\/uploads\/2026\/03\/regiao-13-anos-scaled.jpg","contentUrl":"https:\/\/regiaonews.net.br\/2022\/wp-content\/uploads\/2026\/03\/regiao-13-anos-scaled.jpg","width":2560,"height":635,"caption":"Regi\u00e3o News"},"image":{"@id":"https:\/\/regiaonews.net.br\/2022\/#\/schema\/logo\/image\/"}},{"@type":"Person","@id":"https:\/\/regiaonews.net.br\/2022\/#\/schema\/person\/2d205a608a5aa97ac279d7a5e6d89ad8","name":"Roberto","image":{"@type":"ImageObject","inLanguage":"pt-BR","@id":"https:\/\/secure.gravatar.com\/avatar\/42749d8b712ff9d59ca93dc150494e5b55a44134482993f5baeb97e61b7ecc89?s=96&d=mm&r=g","url":"https:\/\/secure.gravatar.com\/avatar\/42749d8b712ff9d59ca93dc150494e5b55a44134482993f5baeb97e61b7ecc89?s=96&d=mm&r=g","contentUrl":"https:\/\/secure.gravatar.com\/avatar\/42749d8b712ff9d59ca93dc150494e5b55a44134482993f5baeb97e61b7ecc89?s=96&d=mm&r=g","caption":"Roberto"},"url":"https:\/\/regiaonews.net.br\/2022\/author\/roberto\/"}]}},"publishpress_future_action":{"enabled":false,"date":"2026-05-04 06:04:18","action":"change-status","newStatus":"draft","terms":[],"taxonomy":"category","extraData":[]},"publishpress_future_workflow_manual_trigger":{"enabledWorkflows":[]},"_links":{"self":[{"href":"https:\/\/regiaonews.net.br\/2022\/wp-json\/wp\/v2\/posts\/99953","targetHints":{"allow":["GET"]}}],"collection":[{"href":"https:\/\/regiaonews.net.br\/2022\/wp-json\/wp\/v2\/posts"}],"about":[{"href":"https:\/\/regiaonews.net.br\/2022\/wp-json\/wp\/v2\/types\/post"}],"author":[{"embeddable":true,"href":"https:\/\/regiaonews.net.br\/2022\/wp-json\/wp\/v2\/users\/2"}],"replies":[{"embeddable":true,"href":"https:\/\/regiaonews.net.br\/2022\/wp-json\/wp\/v2\/comments?post=99953"}],"version-history":[{"count":1,"href":"https:\/\/regiaonews.net.br\/2022\/wp-json\/wp\/v2\/posts\/99953\/revisions"}],"predecessor-version":[{"id":99957,"href":"https:\/\/regiaonews.net.br\/2022\/wp-json\/wp\/v2\/posts\/99953\/revisions\/99957"}],"wp:featuredmedia":[{"embeddable":true,"href":"https:\/\/regiaonews.net.br\/2022\/wp-json\/wp\/v2\/media\/99956"}],"wp:attachment":[{"href":"https:\/\/regiaonews.net.br\/2022\/wp-json\/wp\/v2\/media?parent=99953"}],"wp:term":[{"taxonomy":"category","embeddable":true,"href":"https:\/\/regiaonews.net.br\/2022\/wp-json\/wp\/v2\/categories?post=99953"},{"taxonomy":"post_tag","embeddable":true,"href":"https:\/\/regiaonews.net.br\/2022\/wp-json\/wp\/v2\/tags?post=99953"}],"curies":[{"name":"wp","href":"https:\/\/api.w.org\/{rel}","templated":true}]}}