{"id":99947,"date":"2024-01-08T12:57:26","date_gmt":"2024-01-08T15:57:26","guid":{"rendered":"https:\/\/regiaonews.net.br\/2022\/?p=99947"},"modified":"2024-01-08T12:57:26","modified_gmt":"2024-01-08T15:57:26","slug":"prf-e-gcm-de-ourinhos-apreendem-carga-de-cigarros-do-paraguai","status":"publish","type":"post","link":"https:\/\/regiaonews.net.br\/2022\/2024\/01\/08\/prf-e-gcm-de-ourinhos-apreendem-carga-de-cigarros-do-paraguai\/","title":{"rendered":"PRF e GCM de Ourinhos apreendem carga de cigarros do Paraguai"},"content":{"rendered":"<h3 style=\"text-align: center;\">Carga do contrabando \u00e9 avaliada em cerca de R$ 170.000,00.<\/h3>\n<p>A Pol\u00edcia Rodovi\u00e1ria Federal e a Guarda Civil Municipal de Ourinhos fizeram a apreens\u00e3o de cigarros da marca Palermo, produzidos no Paraguai e trazidos ilegalmente para o Brasil. A carga foi estimada em 34.000 ma\u00e7os de cigarros com valor estimado total de R$ 170.000,00.<\/p>\n<p>O flagrante ocorreu \u00e0s 4 horas da madrugada desta segunda-feira (8\/1), no km 377 da SP-278, rodovia Mello Peixoto. Uma equipe da PRF fazia ronda na BR-153 quando, ao fazer o retorno na divisa entre S\u00e3o Paulo e Paran\u00e1, na BR-153, avistou um caminh\u00e3o Ford F-350 de 1975 em condi\u00e7\u00f5es ruins de conserva\u00e7\u00e3o. O motorista hesitou em parar o ve\u00edculo ap\u00f3s a ordem dos policiais e adentrou \u00e0 SP-278 mas, constatando que n\u00e3o poderia fugir da viatura, parou pouco depois.<\/p>\n<p>Ao iniciar a abordagem ao caminh\u00e3o, os PRFs tiveram o apoio de uma guarni\u00e7\u00e3o da GCM de Ourinhos que realizava ronda na regi\u00e3o e descobriram o motivo da hesita\u00e7\u00e3o do motorista. Ele logo admitiu que transportava uma carga de cigarros paraguaios e que a entregaria seria em Ourinhos. No entanto, disse n\u00e3o conhecer quem receberia.<\/p>\n<p>O homem, de 37 anos e natural de Londrina\/PR, foi preso pelo crime de contrabando, tipificado no artigo 334-A do C\u00f3digo Penal. Ele, o caminh\u00e3o e a carga est\u00e3o sendo encaminhados para a Pol\u00edcia Federal em Mar\u00edlia.<\/p>\n<p>Contrabando de cigarros cai, mas ainda \u00e9 alto: Segundo o \u00faltimo estudo publicado pelo F\u00f3rum Nacional Contra a Pirataria e a Ilegalidade (FNCP), o mercado de cigarros no Brasil tinha 41% de cigarros ilegais, sendo 33% de produtos contrabandeados e o restante de produzidos no Brasil sem o pagamento de impostos. Em 2018 essa fatia era de 54%, sendo 49% de cigarros contrabandeados e 5% de produzidos no Brasil.<\/p>\n<p>Pol\u00edcia Rodovi\u00e1ria Federal<br \/>\nBase Descentralizada de Comuni\u00e7\u00e3o Social\u00a0em\u00a0Mar\u00edlia<\/p>\n","protected":false},"excerpt":{"rendered":"<p>Carga do contrabando \u00e9 avaliada em cerca de R$ 170.000,00.<\/p>\n","protected":false},"author":2,"featured_media":99948,"comment_status":"open","ping_status":"open","sticky":false,"template":"","format":"standard","meta":{"footnotes":""},"categories":[7,23],"tags":[],"class_list":["post-99947","post","type-post","status-publish","format-standard","has-post-thumbnail","hentry","category-estado-de-sao-paulo","category-policia"],"yoast_head":"<!-- This site is optimized with the Yoast SEO plugin v27.4 - https:\/\/yoast.com\/product\/yoast-seo-wordpress\/ -->\n<title>PRF e GCM de Ourinhos apreendem carga de cigarros do Paraguai - Regi\u00e3o News<\/title>\n<meta name=\"robots\" content=\"index, follow, max-snippet:-1, max-image-preview:large, max-video-preview:-1\" \/>\n<link rel=\"canonical\" href=\"https:\/\/regiaonews.net.br\/2022\/2024\/01\/08\/prf-e-gcm-de-ourinhos-apreendem-carga-de-cigarros-do-paraguai\/\" \/>\n<meta property=\"og:locale\" content=\"pt_BR\" \/>\n<meta property=\"og:type\" content=\"article\" \/>\n<meta property=\"og:title\" content=\"PRF e GCM de Ourinhos apreendem carga de cigarros do Paraguai - Regi\u00e3o News\" \/>\n<meta property=\"og:description\" content=\"Carga do contrabando \u00e9 avaliada em cerca de R$ 170.000,00.\" \/>\n<meta property=\"og:url\" content=\"https:\/\/regiaonews.net.br\/2022\/2024\/01\/08\/prf-e-gcm-de-ourinhos-apreendem-carga-de-cigarros-do-paraguai\/\" \/>\n<meta property=\"og:site_name\" content=\"Regi\u00e3o News\" \/>\n<meta property=\"article:published_time\" content=\"2024-01-08T15:57:26+00:00\" \/>\n<meta property=\"og:image\" content=\"https:\/\/regiaonews.net.br\/2022\/wp-content\/uploads\/2024\/01\/Imagem-do-WhatsApp-de-2024-01-08-as-10.43.28_30d1475e.jpg\" \/>\n\t<meta property=\"og:image:width\" content=\"1280\" \/>\n\t<meta property=\"og:image:height\" content=\"720\" \/>\n\t<meta property=\"og:image:type\" content=\"image\/jpeg\" \/>\n<meta name=\"author\" content=\"Roberto\" \/>\n<meta name=\"twitter:card\" content=\"summary_large_image\" \/>\n<meta name=\"twitter:label1\" content=\"Escrito por\" \/>\n\t<meta name=\"twitter:data1\" content=\"Roberto\" \/>\n\t<meta name=\"twitter:label2\" content=\"Est. tempo de leitura\" \/>\n\t<meta name=\"twitter:data2\" content=\"2 minutos\" \/>\n<script type=\"application\/ld+json\" class=\"yoast-schema-graph\">{\"@context\":\"https:\\\/\\\/schema.org\",\"@graph\":[{\"@type\":\"Article\",\"@id\":\"https:\\\/\\\/regiaonews.net.br\\\/2022\\\/2024\\\/01\\\/08\\\/prf-e-gcm-de-ourinhos-apreendem-carga-de-cigarros-do-paraguai\\\/#article\",\"isPartOf\":{\"@id\":\"https:\\\/\\\/regiaonews.net.br\\\/2022\\\/2024\\\/01\\\/08\\\/prf-e-gcm-de-ourinhos-apreendem-carga-de-cigarros-do-paraguai\\\/\"},\"author\":{\"name\":\"Roberto\",\"@id\":\"https:\\\/\\\/regiaonews.net.br\\\/2022\\\/#\\\/schema\\\/person\\\/2d205a608a5aa97ac279d7a5e6d89ad8\"},\"headline\":\"PRF e GCM de Ourinhos apreendem carga de cigarros do Paraguai\",\"datePublished\":\"2024-01-08T15:57:26+00:00\",\"mainEntityOfPage\":{\"@id\":\"https:\\\/\\\/regiaonews.net.br\\\/2022\\\/2024\\\/01\\\/08\\\/prf-e-gcm-de-ourinhos-apreendem-carga-de-cigarros-do-paraguai\\\/\"},\"wordCount\":326,\"commentCount\":0,\"publisher\":{\"@id\":\"https:\\\/\\\/regiaonews.net.br\\\/2022\\\/#organization\"},\"image\":{\"@id\":\"https:\\\/\\\/regiaonews.net.br\\\/2022\\\/2024\\\/01\\\/08\\\/prf-e-gcm-de-ourinhos-apreendem-carga-de-cigarros-do-paraguai\\\/#primaryimage\"},\"thumbnailUrl\":\"https:\\\/\\\/regiaonews.net.br\\\/2022\\\/wp-content\\\/uploads\\\/2024\\\/01\\\/Imagem-do-WhatsApp-de-2024-01-08-as-10.43.28_30d1475e.jpg\",\"articleSection\":[\"Estado de S\u00e3o Paulo\",\"Policia\"],\"inLanguage\":\"pt-BR\",\"potentialAction\":[{\"@type\":\"CommentAction\",\"name\":\"Comment\",\"target\":[\"https:\\\/\\\/regiaonews.net.br\\\/2022\\\/2024\\\/01\\\/08\\\/prf-e-gcm-de-ourinhos-apreendem-carga-de-cigarros-do-paraguai\\\/#respond\"]}]},{\"@type\":\"WebPage\",\"@id\":\"https:\\\/\\\/regiaonews.net.br\\\/2022\\\/2024\\\/01\\\/08\\\/prf-e-gcm-de-ourinhos-apreendem-carga-de-cigarros-do-paraguai\\\/\",\"url\":\"https:\\\/\\\/regiaonews.net.br\\\/2022\\\/2024\\\/01\\\/08\\\/prf-e-gcm-de-ourinhos-apreendem-carga-de-cigarros-do-paraguai\\\/\",\"name\":\"PRF e GCM de Ourinhos apreendem carga de cigarros do Paraguai - Regi\u00e3o News\",\"isPartOf\":{\"@id\":\"https:\\\/\\\/regiaonews.net.br\\\/2022\\\/#website\"},\"primaryImageOfPage\":{\"@id\":\"https:\\\/\\\/regiaonews.net.br\\\/2022\\\/2024\\\/01\\\/08\\\/prf-e-gcm-de-ourinhos-apreendem-carga-de-cigarros-do-paraguai\\\/#primaryimage\"},\"image\":{\"@id\":\"https:\\\/\\\/regiaonews.net.br\\\/2022\\\/2024\\\/01\\\/08\\\/prf-e-gcm-de-ourinhos-apreendem-carga-de-cigarros-do-paraguai\\\/#primaryimage\"},\"thumbnailUrl\":\"https:\\\/\\\/regiaonews.net.br\\\/2022\\\/wp-content\\\/uploads\\\/2024\\\/01\\\/Imagem-do-WhatsApp-de-2024-01-08-as-10.43.28_30d1475e.jpg\",\"datePublished\":\"2024-01-08T15:57:26+00:00\",\"breadcrumb\":{\"@id\":\"https:\\\/\\\/regiaonews.net.br\\\/2022\\\/2024\\\/01\\\/08\\\/prf-e-gcm-de-ourinhos-apreendem-carga-de-cigarros-do-paraguai\\\/#breadcrumb\"},\"inLanguage\":\"pt-BR\",\"potentialAction\":[{\"@type\":\"ReadAction\",\"target\":[\"https:\\\/\\\/regiaonews.net.br\\\/2022\\\/2024\\\/01\\\/08\\\/prf-e-gcm-de-ourinhos-apreendem-carga-de-cigarros-do-paraguai\\\/\"]}]},{\"@type\":\"ImageObject\",\"inLanguage\":\"pt-BR\",\"@id\":\"https:\\\/\\\/regiaonews.net.br\\\/2022\\\/2024\\\/01\\\/08\\\/prf-e-gcm-de-ourinhos-apreendem-carga-de-cigarros-do-paraguai\\\/#primaryimage\",\"url\":\"https:\\\/\\\/regiaonews.net.br\\\/2022\\\/wp-content\\\/uploads\\\/2024\\\/01\\\/Imagem-do-WhatsApp-de-2024-01-08-as-10.43.28_30d1475e.jpg\",\"contentUrl\":\"https:\\\/\\\/regiaonews.net.br\\\/2022\\\/wp-content\\\/uploads\\\/2024\\\/01\\\/Imagem-do-WhatsApp-de-2024-01-08-as-10.43.28_30d1475e.jpg\",\"width\":1280,\"height\":720},{\"@type\":\"BreadcrumbList\",\"@id\":\"https:\\\/\\\/regiaonews.net.br\\\/2022\\\/2024\\\/01\\\/08\\\/prf-e-gcm-de-ourinhos-apreendem-carga-de-cigarros-do-paraguai\\\/#breadcrumb\",\"itemListElement\":[{\"@type\":\"ListItem\",\"position\":1,\"name\":\"In\u00edcio\",\"item\":\"https:\\\/\\\/regiaonews.net.br\\\/2022\\\/\"},{\"@type\":\"ListItem\",\"position\":2,\"name\":\"PRF e GCM de Ourinhos apreendem carga de cigarros do Paraguai\"}]},{\"@type\":\"WebSite\",\"@id\":\"https:\\\/\\\/regiaonews.net.br\\\/2022\\\/#website\",\"url\":\"https:\\\/\\\/regiaonews.net.br\\\/2022\\\/\",\"name\":\"Regi\u00e3o News\",\"description\":\"Site de Not\u00edcias de Barretos e regi\u00e3o\",\"publisher\":{\"@id\":\"https:\\\/\\\/regiaonews.net.br\\\/2022\\\/#organization\"},\"potentialAction\":[{\"@type\":\"SearchAction\",\"target\":{\"@type\":\"EntryPoint\",\"urlTemplate\":\"https:\\\/\\\/regiaonews.net.br\\\/2022\\\/?s={search_term_string}\"},\"query-input\":{\"@type\":\"PropertyValueSpecification\",\"valueRequired\":true,\"valueName\":\"search_term_string\"}}],\"inLanguage\":\"pt-BR\"},{\"@type\":\"Organization\",\"@id\":\"https:\\\/\\\/regiaonews.net.br\\\/2022\\\/#organization\",\"name\":\"Regi\u00e3o News\",\"url\":\"https:\\\/\\\/regiaonews.net.br\\\/2022\\\/\",\"logo\":{\"@type\":\"ImageObject\",\"inLanguage\":\"pt-BR\",\"@id\":\"https:\\\/\\\/regiaonews.net.br\\\/2022\\\/#\\\/schema\\\/logo\\\/image\\\/\",\"url\":\"https:\\\/\\\/regiaonews.net.br\\\/2022\\\/wp-content\\\/uploads\\\/2026\\\/03\\\/regiao-13-anos-scaled.jpg\",\"contentUrl\":\"https:\\\/\\\/regiaonews.net.br\\\/2022\\\/wp-content\\\/uploads\\\/2026\\\/03\\\/regiao-13-anos-scaled.jpg\",\"width\":2560,\"height\":635,\"caption\":\"Regi\u00e3o News\"},\"image\":{\"@id\":\"https:\\\/\\\/regiaonews.net.br\\\/2022\\\/#\\\/schema\\\/logo\\\/image\\\/\"}},{\"@type\":\"Person\",\"@id\":\"https:\\\/\\\/regiaonews.net.br\\\/2022\\\/#\\\/schema\\\/person\\\/2d205a608a5aa97ac279d7a5e6d89ad8\",\"name\":\"Roberto\",\"image\":{\"@type\":\"ImageObject\",\"inLanguage\":\"pt-BR\",\"@id\":\"https:\\\/\\\/secure.gravatar.com\\\/avatar\\\/42749d8b712ff9d59ca93dc150494e5b55a44134482993f5baeb97e61b7ecc89?s=96&d=mm&r=g\",\"url\":\"https:\\\/\\\/secure.gravatar.com\\\/avatar\\\/42749d8b712ff9d59ca93dc150494e5b55a44134482993f5baeb97e61b7ecc89?s=96&d=mm&r=g\",\"contentUrl\":\"https:\\\/\\\/secure.gravatar.com\\\/avatar\\\/42749d8b712ff9d59ca93dc150494e5b55a44134482993f5baeb97e61b7ecc89?s=96&d=mm&r=g\",\"caption\":\"Roberto\"},\"url\":\"https:\\\/\\\/regiaonews.net.br\\\/2022\\\/author\\\/roberto\\\/\"}]}<\/script>\n<!-- \/ Yoast SEO plugin. -->","yoast_head_json":{"title":"PRF e GCM de Ourinhos apreendem carga de cigarros do Paraguai - Regi\u00e3o News","robots":{"index":"index","follow":"follow","max-snippet":"max-snippet:-1","max-image-preview":"max-image-preview:large","max-video-preview":"max-video-preview:-1"},"canonical":"https:\/\/regiaonews.net.br\/2022\/2024\/01\/08\/prf-e-gcm-de-ourinhos-apreendem-carga-de-cigarros-do-paraguai\/","og_locale":"pt_BR","og_type":"article","og_title":"PRF e GCM de Ourinhos apreendem carga de cigarros do Paraguai - Regi\u00e3o News","og_description":"Carga do contrabando \u00e9 avaliada em cerca de R$ 170.000,00.","og_url":"https:\/\/regiaonews.net.br\/2022\/2024\/01\/08\/prf-e-gcm-de-ourinhos-apreendem-carga-de-cigarros-do-paraguai\/","og_site_name":"Regi\u00e3o News","article_published_time":"2024-01-08T15:57:26+00:00","og_image":[{"width":1280,"height":720,"url":"https:\/\/regiaonews.net.br\/2022\/wp-content\/uploads\/2024\/01\/Imagem-do-WhatsApp-de-2024-01-08-as-10.43.28_30d1475e.jpg","type":"image\/jpeg"}],"author":"Roberto","twitter_card":"summary_large_image","twitter_misc":{"Escrito por":"Roberto","Est. tempo de leitura":"2 minutos"},"schema":{"@context":"https:\/\/schema.org","@graph":[{"@type":"Article","@id":"https:\/\/regiaonews.net.br\/2022\/2024\/01\/08\/prf-e-gcm-de-ourinhos-apreendem-carga-de-cigarros-do-paraguai\/#article","isPartOf":{"@id":"https:\/\/regiaonews.net.br\/2022\/2024\/01\/08\/prf-e-gcm-de-ourinhos-apreendem-carga-de-cigarros-do-paraguai\/"},"author":{"name":"Roberto","@id":"https:\/\/regiaonews.net.br\/2022\/#\/schema\/person\/2d205a608a5aa97ac279d7a5e6d89ad8"},"headline":"PRF e GCM de Ourinhos apreendem carga de cigarros do Paraguai","datePublished":"2024-01-08T15:57:26+00:00","mainEntityOfPage":{"@id":"https:\/\/regiaonews.net.br\/2022\/2024\/01\/08\/prf-e-gcm-de-ourinhos-apreendem-carga-de-cigarros-do-paraguai\/"},"wordCount":326,"commentCount":0,"publisher":{"@id":"https:\/\/regiaonews.net.br\/2022\/#organization"},"image":{"@id":"https:\/\/regiaonews.net.br\/2022\/2024\/01\/08\/prf-e-gcm-de-ourinhos-apreendem-carga-de-cigarros-do-paraguai\/#primaryimage"},"thumbnailUrl":"https:\/\/regiaonews.net.br\/2022\/wp-content\/uploads\/2024\/01\/Imagem-do-WhatsApp-de-2024-01-08-as-10.43.28_30d1475e.jpg","articleSection":["Estado de S\u00e3o Paulo","Policia"],"inLanguage":"pt-BR","potentialAction":[{"@type":"CommentAction","name":"Comment","target":["https:\/\/regiaonews.net.br\/2022\/2024\/01\/08\/prf-e-gcm-de-ourinhos-apreendem-carga-de-cigarros-do-paraguai\/#respond"]}]},{"@type":"WebPage","@id":"https:\/\/regiaonews.net.br\/2022\/2024\/01\/08\/prf-e-gcm-de-ourinhos-apreendem-carga-de-cigarros-do-paraguai\/","url":"https:\/\/regiaonews.net.br\/2022\/2024\/01\/08\/prf-e-gcm-de-ourinhos-apreendem-carga-de-cigarros-do-paraguai\/","name":"PRF e GCM de Ourinhos apreendem carga de cigarros do Paraguai - Regi\u00e3o News","isPartOf":{"@id":"https:\/\/regiaonews.net.br\/2022\/#website"},"primaryImageOfPage":{"@id":"https:\/\/regiaonews.net.br\/2022\/2024\/01\/08\/prf-e-gcm-de-ourinhos-apreendem-carga-de-cigarros-do-paraguai\/#primaryimage"},"image":{"@id":"https:\/\/regiaonews.net.br\/2022\/2024\/01\/08\/prf-e-gcm-de-ourinhos-apreendem-carga-de-cigarros-do-paraguai\/#primaryimage"},"thumbnailUrl":"https:\/\/regiaonews.net.br\/2022\/wp-content\/uploads\/2024\/01\/Imagem-do-WhatsApp-de-2024-01-08-as-10.43.28_30d1475e.jpg","datePublished":"2024-01-08T15:57:26+00:00","breadcrumb":{"@id":"https:\/\/regiaonews.net.br\/2022\/2024\/01\/08\/prf-e-gcm-de-ourinhos-apreendem-carga-de-cigarros-do-paraguai\/#breadcrumb"},"inLanguage":"pt-BR","potentialAction":[{"@type":"ReadAction","target":["https:\/\/regiaonews.net.br\/2022\/2024\/01\/08\/prf-e-gcm-de-ourinhos-apreendem-carga-de-cigarros-do-paraguai\/"]}]},{"@type":"ImageObject","inLanguage":"pt-BR","@id":"https:\/\/regiaonews.net.br\/2022\/2024\/01\/08\/prf-e-gcm-de-ourinhos-apreendem-carga-de-cigarros-do-paraguai\/#primaryimage","url":"https:\/\/regiaonews.net.br\/2022\/wp-content\/uploads\/2024\/01\/Imagem-do-WhatsApp-de-2024-01-08-as-10.43.28_30d1475e.jpg","contentUrl":"https:\/\/regiaonews.net.br\/2022\/wp-content\/uploads\/2024\/01\/Imagem-do-WhatsApp-de-2024-01-08-as-10.43.28_30d1475e.jpg","width":1280,"height":720},{"@type":"BreadcrumbList","@id":"https:\/\/regiaonews.net.br\/2022\/2024\/01\/08\/prf-e-gcm-de-ourinhos-apreendem-carga-de-cigarros-do-paraguai\/#breadcrumb","itemListElement":[{"@type":"ListItem","position":1,"name":"In\u00edcio","item":"https:\/\/regiaonews.net.br\/2022\/"},{"@type":"ListItem","position":2,"name":"PRF e GCM de Ourinhos apreendem carga de cigarros do Paraguai"}]},{"@type":"WebSite","@id":"https:\/\/regiaonews.net.br\/2022\/#website","url":"https:\/\/regiaonews.net.br\/2022\/","name":"Regi\u00e3o News","description":"Site de Not\u00edcias de Barretos e regi\u00e3o","publisher":{"@id":"https:\/\/regiaonews.net.br\/2022\/#organization"},"potentialAction":[{"@type":"SearchAction","target":{"@type":"EntryPoint","urlTemplate":"https:\/\/regiaonews.net.br\/2022\/?s={search_term_string}"},"query-input":{"@type":"PropertyValueSpecification","valueRequired":true,"valueName":"search_term_string"}}],"inLanguage":"pt-BR"},{"@type":"Organization","@id":"https:\/\/regiaonews.net.br\/2022\/#organization","name":"Regi\u00e3o News","url":"https:\/\/regiaonews.net.br\/2022\/","logo":{"@type":"ImageObject","inLanguage":"pt-BR","@id":"https:\/\/regiaonews.net.br\/2022\/#\/schema\/logo\/image\/","url":"https:\/\/regiaonews.net.br\/2022\/wp-content\/uploads\/2026\/03\/regiao-13-anos-scaled.jpg","contentUrl":"https:\/\/regiaonews.net.br\/2022\/wp-content\/uploads\/2026\/03\/regiao-13-anos-scaled.jpg","width":2560,"height":635,"caption":"Regi\u00e3o News"},"image":{"@id":"https:\/\/regiaonews.net.br\/2022\/#\/schema\/logo\/image\/"}},{"@type":"Person","@id":"https:\/\/regiaonews.net.br\/2022\/#\/schema\/person\/2d205a608a5aa97ac279d7a5e6d89ad8","name":"Roberto","image":{"@type":"ImageObject","inLanguage":"pt-BR","@id":"https:\/\/secure.gravatar.com\/avatar\/42749d8b712ff9d59ca93dc150494e5b55a44134482993f5baeb97e61b7ecc89?s=96&d=mm&r=g","url":"https:\/\/secure.gravatar.com\/avatar\/42749d8b712ff9d59ca93dc150494e5b55a44134482993f5baeb97e61b7ecc89?s=96&d=mm&r=g","contentUrl":"https:\/\/secure.gravatar.com\/avatar\/42749d8b712ff9d59ca93dc150494e5b55a44134482993f5baeb97e61b7ecc89?s=96&d=mm&r=g","caption":"Roberto"},"url":"https:\/\/regiaonews.net.br\/2022\/author\/roberto\/"}]}},"publishpress_future_action":{"enabled":false,"date":"2026-05-04 03:00:28","action":"change-status","newStatus":"draft","terms":[],"taxonomy":"category","extraData":[]},"publishpress_future_workflow_manual_trigger":{"enabledWorkflows":[]},"_links":{"self":[{"href":"https:\/\/regiaonews.net.br\/2022\/wp-json\/wp\/v2\/posts\/99947","targetHints":{"allow":["GET"]}}],"collection":[{"href":"https:\/\/regiaonews.net.br\/2022\/wp-json\/wp\/v2\/posts"}],"about":[{"href":"https:\/\/regiaonews.net.br\/2022\/wp-json\/wp\/v2\/types\/post"}],"author":[{"embeddable":true,"href":"https:\/\/regiaonews.net.br\/2022\/wp-json\/wp\/v2\/users\/2"}],"replies":[{"embeddable":true,"href":"https:\/\/regiaonews.net.br\/2022\/wp-json\/wp\/v2\/comments?post=99947"}],"version-history":[{"count":1,"href":"https:\/\/regiaonews.net.br\/2022\/wp-json\/wp\/v2\/posts\/99947\/revisions"}],"predecessor-version":[{"id":99949,"href":"https:\/\/regiaonews.net.br\/2022\/wp-json\/wp\/v2\/posts\/99947\/revisions\/99949"}],"wp:featuredmedia":[{"embeddable":true,"href":"https:\/\/regiaonews.net.br\/2022\/wp-json\/wp\/v2\/media\/99948"}],"wp:attachment":[{"href":"https:\/\/regiaonews.net.br\/2022\/wp-json\/wp\/v2\/media?parent=99947"}],"wp:term":[{"taxonomy":"category","embeddable":true,"href":"https:\/\/regiaonews.net.br\/2022\/wp-json\/wp\/v2\/categories?post=99947"},{"taxonomy":"post_tag","embeddable":true,"href":"https:\/\/regiaonews.net.br\/2022\/wp-json\/wp\/v2\/tags?post=99947"}],"curies":[{"name":"wp","href":"https:\/\/api.w.org\/{rel}","templated":true}]}}