{"id":99945,"date":"2024-01-08T07:08:53","date_gmt":"2024-01-08T10:08:53","guid":{"rendered":"https:\/\/regiaonews.net.br\/2022\/?p=99945"},"modified":"2024-01-08T07:08:53","modified_gmt":"2024-01-08T10:08:53","slug":"dorival-junior-e-o-novo-treinador-da-selecao-brasileira","status":"publish","type":"post","link":"https:\/\/regiaonews.net.br\/2022\/2024\/01\/08\/dorival-junior-e-o-novo-treinador-da-selecao-brasileira\/","title":{"rendered":"Dorival J\u00fanior \u00e9 o novo treinador da Sele\u00e7\u00e3o Brasileira"},"content":{"rendered":"<div class=\"col-lg-12 mb-3\">\n<div class=\"row\">\n<h1 class=\"col-10 offset-1 animated fadeInDown dealy-750 display-6 display-md-4 display-lg-5 font-weight-bold alt-font text-center my-1\"><\/h1>\n<\/div>\n<\/div>\n<div class=\"col-xl-7 offset-xl-1 col-lg-8 offset-lg-0 col-md-10 offset-md-1 mb-3\">\n<div class=\"post-item alt-font\">\n<div class=\"post-item-wrap\">\n<p>O treinador Dorival J\u00fanior, atual campe\u00e3o da Copa do Brasil pelo S\u00e3o Paulo, assumir\u00e1 o comando t\u00e9cnico da sele\u00e7\u00e3o brasileira masculina de futebol. Por meio do Twitter, o pr\u00f3prio\u00a0<a href=\"https:\/\/twitter.com\/saopaulofc\/status\/1744097528772014109?s=46&amp;t=eQ8lzWSb8b306rHyPGxKJw\"><strong>Tricolor Paulista confirmou a sa\u00edda do treinador,<\/strong><\/a>\u00a0ap\u00f3s o desligamento do clube.Dorival ser\u00e1 anunciado nos pr\u00f3ximos dias pela CBF como novo treinador da sele\u00e7\u00e3o, no lugar de Fernando Diniz, demitido na \u00faltima sexta-feira (7).<img decoding=\"async\" src=\"https:\/\/agenciabrasil.ebc.com.br\/ebc.png?id=1575440&amp;o=node\" \/><img decoding=\"async\" src=\"https:\/\/agenciabrasil.ebc.com.br\/ebc.gif?id=1575440&amp;o=node\" \/> \u201c\u00c9 a realiza\u00e7\u00e3o de um sonho pessoal, que s\u00f3 foi poss\u00edvel porque tive o reconhecimento do trabalho desenvolvido no S\u00e3o Paulo. Por isso tenho de agradecer por ter feito parte desse importante per\u00edodo de reconstru\u00e7\u00e3o, liderado com compet\u00eancia pela presid\u00eancia e pela diretoria&#8221;,\u00a0\u00a0disse Dorival, de 61 anos, em comunicado feito neste domingo (7) \u00e0 dire\u00e7\u00e3o do Tricolor Paulista.<\/p>\n<p>Al\u00e9m da passagem exitosa pelo S\u00e3o Paulo, com a conquista do in\u00e9dito t\u00edtulo da Copa do Brasil no ano passado, Dorival j\u00e1 havia se destacado na temporada de 2022 com o Flamengo. O treinador reergueu o clube carioca no meio temporada de 2022, quando assumiu o time, e fechou o ano com dois t\u00edtulos: Copa do Brasil e Copa Libertadores. Antes, em 2010, comandou o Santos, repleto de jovens jogadores como Neymar e Paulo Henrique Ganso, \u00e0 conquista da Copa do Brasil.<\/p>\n<p>\u201cO convite feito ao Dorival \u00e9 mais uma prova de que estamos no caminho certo. Em 2021, a CBF j\u00e1 havia chamado Muricy Ramalho, que seguir\u00e1 no S\u00e3o Paulo at\u00e9 o fim da minha gest\u00e3o. Agora, foi a vez do Dorival, que tinha uma proposta de reajuste e amplia\u00e7\u00e3o do contrato com o S\u00e3o Paulo tamb\u00e9m at\u00e9 o fim da minha gest\u00e3o, em 2026, com todas as garantias para uma estabilidade. Resta desejar boa sorte em seu novo desafio\u201d, disse J\u00falio Casares, prresidente do S\u00e3o Paulo Futebol Clube Julio Casares.<\/p>\n<\/div>\n<\/div>\n<\/div>\n","protected":false},"excerpt":{"rendered":"<p>O treinador Dorival J\u00fanior, atual campe\u00e3o da Copa do Brasil<\/p>\n","protected":false},"author":2,"featured_media":6041,"comment_status":"open","ping_status":"open","sticky":false,"template":"","format":"standard","meta":{"footnotes":""},"categories":[24,21],"tags":[],"class_list":["post-99945","post","type-post","status-publish","format-standard","has-post-thumbnail","hentry","category-brasil","category-esporte"],"yoast_head":"<!-- This site is optimized with the Yoast SEO plugin v27.4 - https:\/\/yoast.com\/product\/yoast-seo-wordpress\/ -->\n<title>Dorival J\u00fanior \u00e9 o novo treinador da Sele\u00e7\u00e3o Brasileira - Regi\u00e3o News<\/title>\n<meta name=\"robots\" content=\"index, follow, max-snippet:-1, max-image-preview:large, max-video-preview:-1\" \/>\n<link rel=\"canonical\" href=\"https:\/\/regiaonews.net.br\/2022\/2024\/01\/08\/dorival-junior-e-o-novo-treinador-da-selecao-brasileira\/\" \/>\n<meta property=\"og:locale\" content=\"pt_BR\" \/>\n<meta property=\"og:type\" content=\"article\" \/>\n<meta property=\"og:title\" content=\"Dorival J\u00fanior \u00e9 o novo treinador da Sele\u00e7\u00e3o Brasileira - Regi\u00e3o News\" \/>\n<meta property=\"og:description\" content=\"O treinador Dorival J\u00fanior, atual campe\u00e3o da Copa do Brasil\" \/>\n<meta property=\"og:url\" content=\"https:\/\/regiaonews.net.br\/2022\/2024\/01\/08\/dorival-junior-e-o-novo-treinador-da-selecao-brasileira\/\" \/>\n<meta property=\"og:site_name\" content=\"Regi\u00e3o News\" \/>\n<meta property=\"article:published_time\" content=\"2024-01-08T10:08:53+00:00\" \/>\n<meta property=\"og:image\" content=\"https:\/\/regiaonews.net.br\/2022\/wp-content\/uploads\/2017\/07\/dorival-s\u00e3o-paulo.jpg\" \/>\n\t<meta property=\"og:image:width\" content=\"460\" \/>\n\t<meta property=\"og:image:height\" content=\"305\" \/>\n\t<meta property=\"og:image:type\" content=\"image\/jpeg\" \/>\n<meta name=\"author\" content=\"Roberto\" \/>\n<meta name=\"twitter:card\" content=\"summary_large_image\" \/>\n<meta name=\"twitter:label1\" content=\"Escrito por\" \/>\n\t<meta name=\"twitter:data1\" content=\"Roberto\" \/>\n\t<meta name=\"twitter:label2\" content=\"Est. tempo de leitura\" \/>\n\t<meta name=\"twitter:data2\" content=\"3 minutos\" \/>\n<script type=\"application\/ld+json\" class=\"yoast-schema-graph\">{\"@context\":\"https:\\\/\\\/schema.org\",\"@graph\":[{\"@type\":\"Article\",\"@id\":\"https:\\\/\\\/regiaonews.net.br\\\/2022\\\/2024\\\/01\\\/08\\\/dorival-junior-e-o-novo-treinador-da-selecao-brasileira\\\/#article\",\"isPartOf\":{\"@id\":\"https:\\\/\\\/regiaonews.net.br\\\/2022\\\/2024\\\/01\\\/08\\\/dorival-junior-e-o-novo-treinador-da-selecao-brasileira\\\/\"},\"author\":{\"name\":\"Roberto\",\"@id\":\"https:\\\/\\\/regiaonews.net.br\\\/2022\\\/#\\\/schema\\\/person\\\/2d205a608a5aa97ac279d7a5e6d89ad8\"},\"headline\":\"Dorival J\u00fanior \u00e9 o novo treinador da Sele\u00e7\u00e3o Brasileira\",\"datePublished\":\"2024-01-08T10:08:53+00:00\",\"mainEntityOfPage\":{\"@id\":\"https:\\\/\\\/regiaonews.net.br\\\/2022\\\/2024\\\/01\\\/08\\\/dorival-junior-e-o-novo-treinador-da-selecao-brasileira\\\/\"},\"wordCount\":324,\"commentCount\":0,\"publisher\":{\"@id\":\"https:\\\/\\\/regiaonews.net.br\\\/2022\\\/#organization\"},\"image\":{\"@id\":\"https:\\\/\\\/regiaonews.net.br\\\/2022\\\/2024\\\/01\\\/08\\\/dorival-junior-e-o-novo-treinador-da-selecao-brasileira\\\/#primaryimage\"},\"thumbnailUrl\":\"https:\\\/\\\/regiaonews.net.br\\\/2022\\\/wp-content\\\/uploads\\\/2017\\\/07\\\/dorival-s\u00e3o-paulo.jpg\",\"articleSection\":[\"Brasil\",\"Esporte\"],\"inLanguage\":\"pt-BR\",\"potentialAction\":[{\"@type\":\"CommentAction\",\"name\":\"Comment\",\"target\":[\"https:\\\/\\\/regiaonews.net.br\\\/2022\\\/2024\\\/01\\\/08\\\/dorival-junior-e-o-novo-treinador-da-selecao-brasileira\\\/#respond\"]}]},{\"@type\":\"WebPage\",\"@id\":\"https:\\\/\\\/regiaonews.net.br\\\/2022\\\/2024\\\/01\\\/08\\\/dorival-junior-e-o-novo-treinador-da-selecao-brasileira\\\/\",\"url\":\"https:\\\/\\\/regiaonews.net.br\\\/2022\\\/2024\\\/01\\\/08\\\/dorival-junior-e-o-novo-treinador-da-selecao-brasileira\\\/\",\"name\":\"Dorival J\u00fanior \u00e9 o novo treinador da Sele\u00e7\u00e3o Brasileira - Regi\u00e3o News\",\"isPartOf\":{\"@id\":\"https:\\\/\\\/regiaonews.net.br\\\/2022\\\/#website\"},\"primaryImageOfPage\":{\"@id\":\"https:\\\/\\\/regiaonews.net.br\\\/2022\\\/2024\\\/01\\\/08\\\/dorival-junior-e-o-novo-treinador-da-selecao-brasileira\\\/#primaryimage\"},\"image\":{\"@id\":\"https:\\\/\\\/regiaonews.net.br\\\/2022\\\/2024\\\/01\\\/08\\\/dorival-junior-e-o-novo-treinador-da-selecao-brasileira\\\/#primaryimage\"},\"thumbnailUrl\":\"https:\\\/\\\/regiaonews.net.br\\\/2022\\\/wp-content\\\/uploads\\\/2017\\\/07\\\/dorival-s\u00e3o-paulo.jpg\",\"datePublished\":\"2024-01-08T10:08:53+00:00\",\"breadcrumb\":{\"@id\":\"https:\\\/\\\/regiaonews.net.br\\\/2022\\\/2024\\\/01\\\/08\\\/dorival-junior-e-o-novo-treinador-da-selecao-brasileira\\\/#breadcrumb\"},\"inLanguage\":\"pt-BR\",\"potentialAction\":[{\"@type\":\"ReadAction\",\"target\":[\"https:\\\/\\\/regiaonews.net.br\\\/2022\\\/2024\\\/01\\\/08\\\/dorival-junior-e-o-novo-treinador-da-selecao-brasileira\\\/\"]}]},{\"@type\":\"ImageObject\",\"inLanguage\":\"pt-BR\",\"@id\":\"https:\\\/\\\/regiaonews.net.br\\\/2022\\\/2024\\\/01\\\/08\\\/dorival-junior-e-o-novo-treinador-da-selecao-brasileira\\\/#primaryimage\",\"url\":\"https:\\\/\\\/regiaonews.net.br\\\/2022\\\/wp-content\\\/uploads\\\/2017\\\/07\\\/dorival-s\u00e3o-paulo.jpg\",\"contentUrl\":\"https:\\\/\\\/regiaonews.net.br\\\/2022\\\/wp-content\\\/uploads\\\/2017\\\/07\\\/dorival-s\u00e3o-paulo.jpg\",\"width\":460,\"height\":305,\"caption\":\"SAO PAULO - SP - 10\\\/07\\\/2017 - TREINO DO SAO PAULO - Dorival Junior, tecnico do Sao Paulo, durante treino no CT da Barra Funda, zona oeste da capital paulista, nesta segunda-feira(10). Foto: Mauro Horita\"},{\"@type\":\"BreadcrumbList\",\"@id\":\"https:\\\/\\\/regiaonews.net.br\\\/2022\\\/2024\\\/01\\\/08\\\/dorival-junior-e-o-novo-treinador-da-selecao-brasileira\\\/#breadcrumb\",\"itemListElement\":[{\"@type\":\"ListItem\",\"position\":1,\"name\":\"In\u00edcio\",\"item\":\"https:\\\/\\\/regiaonews.net.br\\\/2022\\\/\"},{\"@type\":\"ListItem\",\"position\":2,\"name\":\"Dorival J\u00fanior \u00e9 o novo treinador da Sele\u00e7\u00e3o Brasileira\"}]},{\"@type\":\"WebSite\",\"@id\":\"https:\\\/\\\/regiaonews.net.br\\\/2022\\\/#website\",\"url\":\"https:\\\/\\\/regiaonews.net.br\\\/2022\\\/\",\"name\":\"Regi\u00e3o News\",\"description\":\"Site de Not\u00edcias de Barretos e regi\u00e3o\",\"publisher\":{\"@id\":\"https:\\\/\\\/regiaonews.net.br\\\/2022\\\/#organization\"},\"potentialAction\":[{\"@type\":\"SearchAction\",\"target\":{\"@type\":\"EntryPoint\",\"urlTemplate\":\"https:\\\/\\\/regiaonews.net.br\\\/2022\\\/?s={search_term_string}\"},\"query-input\":{\"@type\":\"PropertyValueSpecification\",\"valueRequired\":true,\"valueName\":\"search_term_string\"}}],\"inLanguage\":\"pt-BR\"},{\"@type\":\"Organization\",\"@id\":\"https:\\\/\\\/regiaonews.net.br\\\/2022\\\/#organization\",\"name\":\"Regi\u00e3o News\",\"url\":\"https:\\\/\\\/regiaonews.net.br\\\/2022\\\/\",\"logo\":{\"@type\":\"ImageObject\",\"inLanguage\":\"pt-BR\",\"@id\":\"https:\\\/\\\/regiaonews.net.br\\\/2022\\\/#\\\/schema\\\/logo\\\/image\\\/\",\"url\":\"https:\\\/\\\/regiaonews.net.br\\\/2022\\\/wp-content\\\/uploads\\\/2026\\\/03\\\/regiao-13-anos-scaled.jpg\",\"contentUrl\":\"https:\\\/\\\/regiaonews.net.br\\\/2022\\\/wp-content\\\/uploads\\\/2026\\\/03\\\/regiao-13-anos-scaled.jpg\",\"width\":2560,\"height\":635,\"caption\":\"Regi\u00e3o News\"},\"image\":{\"@id\":\"https:\\\/\\\/regiaonews.net.br\\\/2022\\\/#\\\/schema\\\/logo\\\/image\\\/\"}},{\"@type\":\"Person\",\"@id\":\"https:\\\/\\\/regiaonews.net.br\\\/2022\\\/#\\\/schema\\\/person\\\/2d205a608a5aa97ac279d7a5e6d89ad8\",\"name\":\"Roberto\",\"image\":{\"@type\":\"ImageObject\",\"inLanguage\":\"pt-BR\",\"@id\":\"https:\\\/\\\/secure.gravatar.com\\\/avatar\\\/42749d8b712ff9d59ca93dc150494e5b55a44134482993f5baeb97e61b7ecc89?s=96&d=mm&r=g\",\"url\":\"https:\\\/\\\/secure.gravatar.com\\\/avatar\\\/42749d8b712ff9d59ca93dc150494e5b55a44134482993f5baeb97e61b7ecc89?s=96&d=mm&r=g\",\"contentUrl\":\"https:\\\/\\\/secure.gravatar.com\\\/avatar\\\/42749d8b712ff9d59ca93dc150494e5b55a44134482993f5baeb97e61b7ecc89?s=96&d=mm&r=g\",\"caption\":\"Roberto\"},\"url\":\"https:\\\/\\\/regiaonews.net.br\\\/2022\\\/author\\\/roberto\\\/\"}]}<\/script>\n<!-- \/ Yoast SEO plugin. -->","yoast_head_json":{"title":"Dorival J\u00fanior \u00e9 o novo treinador da Sele\u00e7\u00e3o Brasileira - Regi\u00e3o News","robots":{"index":"index","follow":"follow","max-snippet":"max-snippet:-1","max-image-preview":"max-image-preview:large","max-video-preview":"max-video-preview:-1"},"canonical":"https:\/\/regiaonews.net.br\/2022\/2024\/01\/08\/dorival-junior-e-o-novo-treinador-da-selecao-brasileira\/","og_locale":"pt_BR","og_type":"article","og_title":"Dorival J\u00fanior \u00e9 o novo treinador da Sele\u00e7\u00e3o Brasileira - Regi\u00e3o News","og_description":"O treinador Dorival J\u00fanior, atual campe\u00e3o da Copa do Brasil","og_url":"https:\/\/regiaonews.net.br\/2022\/2024\/01\/08\/dorival-junior-e-o-novo-treinador-da-selecao-brasileira\/","og_site_name":"Regi\u00e3o News","article_published_time":"2024-01-08T10:08:53+00:00","og_image":[{"width":460,"height":305,"url":"https:\/\/regiaonews.net.br\/2022\/wp-content\/uploads\/2017\/07\/dorival-s\u00e3o-paulo.jpg","type":"image\/jpeg"}],"author":"Roberto","twitter_card":"summary_large_image","twitter_misc":{"Escrito por":"Roberto","Est. tempo de leitura":"3 minutos"},"schema":{"@context":"https:\/\/schema.org","@graph":[{"@type":"Article","@id":"https:\/\/regiaonews.net.br\/2022\/2024\/01\/08\/dorival-junior-e-o-novo-treinador-da-selecao-brasileira\/#article","isPartOf":{"@id":"https:\/\/regiaonews.net.br\/2022\/2024\/01\/08\/dorival-junior-e-o-novo-treinador-da-selecao-brasileira\/"},"author":{"name":"Roberto","@id":"https:\/\/regiaonews.net.br\/2022\/#\/schema\/person\/2d205a608a5aa97ac279d7a5e6d89ad8"},"headline":"Dorival J\u00fanior \u00e9 o novo treinador da Sele\u00e7\u00e3o Brasileira","datePublished":"2024-01-08T10:08:53+00:00","mainEntityOfPage":{"@id":"https:\/\/regiaonews.net.br\/2022\/2024\/01\/08\/dorival-junior-e-o-novo-treinador-da-selecao-brasileira\/"},"wordCount":324,"commentCount":0,"publisher":{"@id":"https:\/\/regiaonews.net.br\/2022\/#organization"},"image":{"@id":"https:\/\/regiaonews.net.br\/2022\/2024\/01\/08\/dorival-junior-e-o-novo-treinador-da-selecao-brasileira\/#primaryimage"},"thumbnailUrl":"https:\/\/regiaonews.net.br\/2022\/wp-content\/uploads\/2017\/07\/dorival-s\u00e3o-paulo.jpg","articleSection":["Brasil","Esporte"],"inLanguage":"pt-BR","potentialAction":[{"@type":"CommentAction","name":"Comment","target":["https:\/\/regiaonews.net.br\/2022\/2024\/01\/08\/dorival-junior-e-o-novo-treinador-da-selecao-brasileira\/#respond"]}]},{"@type":"WebPage","@id":"https:\/\/regiaonews.net.br\/2022\/2024\/01\/08\/dorival-junior-e-o-novo-treinador-da-selecao-brasileira\/","url":"https:\/\/regiaonews.net.br\/2022\/2024\/01\/08\/dorival-junior-e-o-novo-treinador-da-selecao-brasileira\/","name":"Dorival J\u00fanior \u00e9 o novo treinador da Sele\u00e7\u00e3o Brasileira - Regi\u00e3o News","isPartOf":{"@id":"https:\/\/regiaonews.net.br\/2022\/#website"},"primaryImageOfPage":{"@id":"https:\/\/regiaonews.net.br\/2022\/2024\/01\/08\/dorival-junior-e-o-novo-treinador-da-selecao-brasileira\/#primaryimage"},"image":{"@id":"https:\/\/regiaonews.net.br\/2022\/2024\/01\/08\/dorival-junior-e-o-novo-treinador-da-selecao-brasileira\/#primaryimage"},"thumbnailUrl":"https:\/\/regiaonews.net.br\/2022\/wp-content\/uploads\/2017\/07\/dorival-s\u00e3o-paulo.jpg","datePublished":"2024-01-08T10:08:53+00:00","breadcrumb":{"@id":"https:\/\/regiaonews.net.br\/2022\/2024\/01\/08\/dorival-junior-e-o-novo-treinador-da-selecao-brasileira\/#breadcrumb"},"inLanguage":"pt-BR","potentialAction":[{"@type":"ReadAction","target":["https:\/\/regiaonews.net.br\/2022\/2024\/01\/08\/dorival-junior-e-o-novo-treinador-da-selecao-brasileira\/"]}]},{"@type":"ImageObject","inLanguage":"pt-BR","@id":"https:\/\/regiaonews.net.br\/2022\/2024\/01\/08\/dorival-junior-e-o-novo-treinador-da-selecao-brasileira\/#primaryimage","url":"https:\/\/regiaonews.net.br\/2022\/wp-content\/uploads\/2017\/07\/dorival-s\u00e3o-paulo.jpg","contentUrl":"https:\/\/regiaonews.net.br\/2022\/wp-content\/uploads\/2017\/07\/dorival-s\u00e3o-paulo.jpg","width":460,"height":305,"caption":"SAO PAULO - SP - 10\/07\/2017 - TREINO DO SAO PAULO - Dorival Junior, tecnico do Sao Paulo, durante treino no CT da Barra Funda, zona oeste da capital paulista, nesta segunda-feira(10). Foto: Mauro Horita"},{"@type":"BreadcrumbList","@id":"https:\/\/regiaonews.net.br\/2022\/2024\/01\/08\/dorival-junior-e-o-novo-treinador-da-selecao-brasileira\/#breadcrumb","itemListElement":[{"@type":"ListItem","position":1,"name":"In\u00edcio","item":"https:\/\/regiaonews.net.br\/2022\/"},{"@type":"ListItem","position":2,"name":"Dorival J\u00fanior \u00e9 o novo treinador da Sele\u00e7\u00e3o Brasileira"}]},{"@type":"WebSite","@id":"https:\/\/regiaonews.net.br\/2022\/#website","url":"https:\/\/regiaonews.net.br\/2022\/","name":"Regi\u00e3o News","description":"Site de Not\u00edcias de Barretos e regi\u00e3o","publisher":{"@id":"https:\/\/regiaonews.net.br\/2022\/#organization"},"potentialAction":[{"@type":"SearchAction","target":{"@type":"EntryPoint","urlTemplate":"https:\/\/regiaonews.net.br\/2022\/?s={search_term_string}"},"query-input":{"@type":"PropertyValueSpecification","valueRequired":true,"valueName":"search_term_string"}}],"inLanguage":"pt-BR"},{"@type":"Organization","@id":"https:\/\/regiaonews.net.br\/2022\/#organization","name":"Regi\u00e3o News","url":"https:\/\/regiaonews.net.br\/2022\/","logo":{"@type":"ImageObject","inLanguage":"pt-BR","@id":"https:\/\/regiaonews.net.br\/2022\/#\/schema\/logo\/image\/","url":"https:\/\/regiaonews.net.br\/2022\/wp-content\/uploads\/2026\/03\/regiao-13-anos-scaled.jpg","contentUrl":"https:\/\/regiaonews.net.br\/2022\/wp-content\/uploads\/2026\/03\/regiao-13-anos-scaled.jpg","width":2560,"height":635,"caption":"Regi\u00e3o News"},"image":{"@id":"https:\/\/regiaonews.net.br\/2022\/#\/schema\/logo\/image\/"}},{"@type":"Person","@id":"https:\/\/regiaonews.net.br\/2022\/#\/schema\/person\/2d205a608a5aa97ac279d7a5e6d89ad8","name":"Roberto","image":{"@type":"ImageObject","inLanguage":"pt-BR","@id":"https:\/\/secure.gravatar.com\/avatar\/42749d8b712ff9d59ca93dc150494e5b55a44134482993f5baeb97e61b7ecc89?s=96&d=mm&r=g","url":"https:\/\/secure.gravatar.com\/avatar\/42749d8b712ff9d59ca93dc150494e5b55a44134482993f5baeb97e61b7ecc89?s=96&d=mm&r=g","contentUrl":"https:\/\/secure.gravatar.com\/avatar\/42749d8b712ff9d59ca93dc150494e5b55a44134482993f5baeb97e61b7ecc89?s=96&d=mm&r=g","caption":"Roberto"},"url":"https:\/\/regiaonews.net.br\/2022\/author\/roberto\/"}]}},"publishpress_future_action":{"enabled":false,"date":"2026-05-04 04:34:22","action":"change-status","newStatus":"draft","terms":[],"taxonomy":"category","extraData":[]},"publishpress_future_workflow_manual_trigger":{"enabledWorkflows":[]},"_links":{"self":[{"href":"https:\/\/regiaonews.net.br\/2022\/wp-json\/wp\/v2\/posts\/99945","targetHints":{"allow":["GET"]}}],"collection":[{"href":"https:\/\/regiaonews.net.br\/2022\/wp-json\/wp\/v2\/posts"}],"about":[{"href":"https:\/\/regiaonews.net.br\/2022\/wp-json\/wp\/v2\/types\/post"}],"author":[{"embeddable":true,"href":"https:\/\/regiaonews.net.br\/2022\/wp-json\/wp\/v2\/users\/2"}],"replies":[{"embeddable":true,"href":"https:\/\/regiaonews.net.br\/2022\/wp-json\/wp\/v2\/comments?post=99945"}],"version-history":[{"count":1,"href":"https:\/\/regiaonews.net.br\/2022\/wp-json\/wp\/v2\/posts\/99945\/revisions"}],"predecessor-version":[{"id":99946,"href":"https:\/\/regiaonews.net.br\/2022\/wp-json\/wp\/v2\/posts\/99945\/revisions\/99946"}],"wp:featuredmedia":[{"embeddable":true,"href":"https:\/\/regiaonews.net.br\/2022\/wp-json\/wp\/v2\/media\/6041"}],"wp:attachment":[{"href":"https:\/\/regiaonews.net.br\/2022\/wp-json\/wp\/v2\/media?parent=99945"}],"wp:term":[{"taxonomy":"category","embeddable":true,"href":"https:\/\/regiaonews.net.br\/2022\/wp-json\/wp\/v2\/categories?post=99945"},{"taxonomy":"post_tag","embeddable":true,"href":"https:\/\/regiaonews.net.br\/2022\/wp-json\/wp\/v2\/tags?post=99945"}],"curies":[{"name":"wp","href":"https:\/\/api.w.org\/{rel}","templated":true}]}}