{"id":99931,"date":"2024-01-06T15:27:39","date_gmt":"2024-01-06T18:27:39","guid":{"rendered":"https:\/\/regiaonews.net.br\/2022\/?p=99931"},"modified":"2024-01-06T15:29:56","modified_gmt":"2024-01-06T18:29:56","slug":"a-assembleia-legislativa-do-estado-de-sao-paulo-lamenta-com-profundo-pesar-o-falecimento-do-ex-parlamentar-antonio-carlos-campos-machado","status":"publish","type":"post","link":"https:\/\/regiaonews.net.br\/2022\/2024\/01\/06\/a-assembleia-legislativa-do-estado-de-sao-paulo-lamenta-com-profundo-pesar-o-falecimento-do-ex-parlamentar-antonio-carlos-campos-machado\/","title":{"rendered":"A Assembleia Legislativa do Estado de S\u00e3o Paulo lamenta, com profundo pesar, o falecimento do ex-parlamentar Ant\u00f4nio Carlos Campos Machado."},"content":{"rendered":"<p>Campos Machado, como era conhecido, faleceu na manh\u00e3 deste s\u00e1bado (6), aos 84 anos. Advogado criminalista formado pela Universidade de S\u00e3o Paulo, foi um dos mais longevos deputados da Alesp, dedicando 36 anos consecutivos ao Parlamento Paulista (1987-2023).<\/p>\n<p>Nesse per\u00edodo, trabalhou em mais de 4 mil iniciativas legislativas, com quase 300 leis aprovadas, algumas delas de repercuss\u00e3o nacional, tais como a gratuidade no transporte p\u00fablico estadual para pessoas acima de 60 anos, lei da liberdade religiosa, lei de acesso \u00e0s praias para pessoas com defici\u00eancia, entre outras.<\/p>\n<p>Recentemente, Campos Machado se filiou ao PSD (Partido Social Democr\u00e1tico). Antes, foi presidente estadual do AVANTE e, durante d\u00e9cadas, o principal l\u00edder do PTB em S\u00e3o Paulo.<\/p>\n<p>O vel\u00f3rio ser\u00e1 realizado no Hall Monumental da Alesp, no Pal\u00e1cio 9 de Julho, a partir das 13h30 deste s\u00e1bado (6). O enterro ser\u00e1 no Cemit\u00e9rio Parque Morumby, ap\u00f3s o t\u00e9rmino do vel\u00f3rio, \u00e0s 10h00 deste domingo (7).<\/p>\n","protected":false},"excerpt":{"rendered":"<p>Campos Machado, como era conhecido, faleceu na manh\u00e3 deste s\u00e1bado<\/p>\n","protected":false},"author":2,"featured_media":99933,"comment_status":"open","ping_status":"open","sticky":false,"template":"","format":"standard","meta":{"footnotes":""},"categories":[88],"tags":[],"class_list":["post-99931","post","type-post","status-publish","format-standard","has-post-thumbnail","hentry","category-falecimento"],"yoast_head":"<!-- This site is optimized with the Yoast SEO plugin v27.4 - https:\/\/yoast.com\/product\/yoast-seo-wordpress\/ -->\n<title>A Assembleia Legislativa do Estado de S\u00e3o Paulo lamenta, com profundo pesar, o falecimento do ex-parlamentar Ant\u00f4nio Carlos Campos Machado. - Regi\u00e3o News<\/title>\n<meta name=\"robots\" content=\"index, follow, max-snippet:-1, max-image-preview:large, max-video-preview:-1\" \/>\n<link rel=\"canonical\" href=\"https:\/\/regiaonews.net.br\/2022\/2024\/01\/06\/a-assembleia-legislativa-do-estado-de-sao-paulo-lamenta-com-profundo-pesar-o-falecimento-do-ex-parlamentar-antonio-carlos-campos-machado\/\" \/>\n<meta property=\"og:locale\" content=\"pt_BR\" \/>\n<meta property=\"og:type\" content=\"article\" \/>\n<meta property=\"og:title\" content=\"A Assembleia Legislativa do Estado de S\u00e3o Paulo lamenta, com profundo pesar, o falecimento do ex-parlamentar Ant\u00f4nio Carlos Campos Machado. - Regi\u00e3o News\" \/>\n<meta property=\"og:description\" content=\"Campos Machado, como era conhecido, faleceu na manh\u00e3 deste s\u00e1bado\" \/>\n<meta property=\"og:url\" content=\"https:\/\/regiaonews.net.br\/2022\/2024\/01\/06\/a-assembleia-legislativa-do-estado-de-sao-paulo-lamenta-com-profundo-pesar-o-falecimento-do-ex-parlamentar-antonio-carlos-campos-machado\/\" \/>\n<meta property=\"og:site_name\" content=\"Regi\u00e3o News\" \/>\n<meta property=\"article:published_time\" content=\"2024-01-06T18:27:39+00:00\" \/>\n<meta property=\"article:modified_time\" content=\"2024-01-06T18:29:56+00:00\" \/>\n<meta property=\"og:image\" content=\"https:\/\/regiaonews.net.br\/2022\/wp-content\/uploads\/2024\/01\/download.jpg\" \/>\n\t<meta property=\"og:image:width\" content=\"290\" \/>\n\t<meta property=\"og:image:height\" content=\"174\" \/>\n\t<meta property=\"og:image:type\" content=\"image\/jpeg\" \/>\n<meta name=\"author\" content=\"Roberto\" \/>\n<meta name=\"twitter:card\" content=\"summary_large_image\" \/>\n<meta name=\"twitter:label1\" content=\"Escrito por\" \/>\n\t<meta name=\"twitter:data1\" content=\"Roberto\" \/>\n\t<meta name=\"twitter:label2\" content=\"Est. tempo de leitura\" \/>\n\t<meta name=\"twitter:data2\" content=\"2 minutos\" \/>\n<script type=\"application\/ld+json\" class=\"yoast-schema-graph\">{\"@context\":\"https:\\\/\\\/schema.org\",\"@graph\":[{\"@type\":\"Article\",\"@id\":\"https:\\\/\\\/regiaonews.net.br\\\/2022\\\/2024\\\/01\\\/06\\\/a-assembleia-legislativa-do-estado-de-sao-paulo-lamenta-com-profundo-pesar-o-falecimento-do-ex-parlamentar-antonio-carlos-campos-machado\\\/#article\",\"isPartOf\":{\"@id\":\"https:\\\/\\\/regiaonews.net.br\\\/2022\\\/2024\\\/01\\\/06\\\/a-assembleia-legislativa-do-estado-de-sao-paulo-lamenta-com-profundo-pesar-o-falecimento-do-ex-parlamentar-antonio-carlos-campos-machado\\\/\"},\"author\":{\"name\":\"Roberto\",\"@id\":\"https:\\\/\\\/regiaonews.net.br\\\/2022\\\/#\\\/schema\\\/person\\\/2d205a608a5aa97ac279d7a5e6d89ad8\"},\"headline\":\"A Assembleia Legislativa do Estado de S\u00e3o Paulo lamenta, com profundo pesar, o falecimento do ex-parlamentar Ant\u00f4nio Carlos Campos Machado.\",\"datePublished\":\"2024-01-06T18:27:39+00:00\",\"dateModified\":\"2024-01-06T18:29:56+00:00\",\"mainEntityOfPage\":{\"@id\":\"https:\\\/\\\/regiaonews.net.br\\\/2022\\\/2024\\\/01\\\/06\\\/a-assembleia-legislativa-do-estado-de-sao-paulo-lamenta-com-profundo-pesar-o-falecimento-do-ex-parlamentar-antonio-carlos-campos-machado\\\/\"},\"wordCount\":182,\"commentCount\":0,\"publisher\":{\"@id\":\"https:\\\/\\\/regiaonews.net.br\\\/2022\\\/#organization\"},\"image\":{\"@id\":\"https:\\\/\\\/regiaonews.net.br\\\/2022\\\/2024\\\/01\\\/06\\\/a-assembleia-legislativa-do-estado-de-sao-paulo-lamenta-com-profundo-pesar-o-falecimento-do-ex-parlamentar-antonio-carlos-campos-machado\\\/#primaryimage\"},\"thumbnailUrl\":\"https:\\\/\\\/regiaonews.net.br\\\/2022\\\/wp-content\\\/uploads\\\/2024\\\/01\\\/download.jpg\",\"articleSection\":[\"Falecimento\"],\"inLanguage\":\"pt-BR\",\"potentialAction\":[{\"@type\":\"CommentAction\",\"name\":\"Comment\",\"target\":[\"https:\\\/\\\/regiaonews.net.br\\\/2022\\\/2024\\\/01\\\/06\\\/a-assembleia-legislativa-do-estado-de-sao-paulo-lamenta-com-profundo-pesar-o-falecimento-do-ex-parlamentar-antonio-carlos-campos-machado\\\/#respond\"]}]},{\"@type\":\"WebPage\",\"@id\":\"https:\\\/\\\/regiaonews.net.br\\\/2022\\\/2024\\\/01\\\/06\\\/a-assembleia-legislativa-do-estado-de-sao-paulo-lamenta-com-profundo-pesar-o-falecimento-do-ex-parlamentar-antonio-carlos-campos-machado\\\/\",\"url\":\"https:\\\/\\\/regiaonews.net.br\\\/2022\\\/2024\\\/01\\\/06\\\/a-assembleia-legislativa-do-estado-de-sao-paulo-lamenta-com-profundo-pesar-o-falecimento-do-ex-parlamentar-antonio-carlos-campos-machado\\\/\",\"name\":\"A Assembleia Legislativa do Estado de S\u00e3o Paulo lamenta, com profundo pesar, o falecimento do ex-parlamentar Ant\u00f4nio Carlos Campos Machado. - Regi\u00e3o News\",\"isPartOf\":{\"@id\":\"https:\\\/\\\/regiaonews.net.br\\\/2022\\\/#website\"},\"primaryImageOfPage\":{\"@id\":\"https:\\\/\\\/regiaonews.net.br\\\/2022\\\/2024\\\/01\\\/06\\\/a-assembleia-legislativa-do-estado-de-sao-paulo-lamenta-com-profundo-pesar-o-falecimento-do-ex-parlamentar-antonio-carlos-campos-machado\\\/#primaryimage\"},\"image\":{\"@id\":\"https:\\\/\\\/regiaonews.net.br\\\/2022\\\/2024\\\/01\\\/06\\\/a-assembleia-legislativa-do-estado-de-sao-paulo-lamenta-com-profundo-pesar-o-falecimento-do-ex-parlamentar-antonio-carlos-campos-machado\\\/#primaryimage\"},\"thumbnailUrl\":\"https:\\\/\\\/regiaonews.net.br\\\/2022\\\/wp-content\\\/uploads\\\/2024\\\/01\\\/download.jpg\",\"datePublished\":\"2024-01-06T18:27:39+00:00\",\"dateModified\":\"2024-01-06T18:29:56+00:00\",\"breadcrumb\":{\"@id\":\"https:\\\/\\\/regiaonews.net.br\\\/2022\\\/2024\\\/01\\\/06\\\/a-assembleia-legislativa-do-estado-de-sao-paulo-lamenta-com-profundo-pesar-o-falecimento-do-ex-parlamentar-antonio-carlos-campos-machado\\\/#breadcrumb\"},\"inLanguage\":\"pt-BR\",\"potentialAction\":[{\"@type\":\"ReadAction\",\"target\":[\"https:\\\/\\\/regiaonews.net.br\\\/2022\\\/2024\\\/01\\\/06\\\/a-assembleia-legislativa-do-estado-de-sao-paulo-lamenta-com-profundo-pesar-o-falecimento-do-ex-parlamentar-antonio-carlos-campos-machado\\\/\"]}]},{\"@type\":\"ImageObject\",\"inLanguage\":\"pt-BR\",\"@id\":\"https:\\\/\\\/regiaonews.net.br\\\/2022\\\/2024\\\/01\\\/06\\\/a-assembleia-legislativa-do-estado-de-sao-paulo-lamenta-com-profundo-pesar-o-falecimento-do-ex-parlamentar-antonio-carlos-campos-machado\\\/#primaryimage\",\"url\":\"https:\\\/\\\/regiaonews.net.br\\\/2022\\\/wp-content\\\/uploads\\\/2024\\\/01\\\/download.jpg\",\"contentUrl\":\"https:\\\/\\\/regiaonews.net.br\\\/2022\\\/wp-content\\\/uploads\\\/2024\\\/01\\\/download.jpg\",\"width\":290,\"height\":174},{\"@type\":\"BreadcrumbList\",\"@id\":\"https:\\\/\\\/regiaonews.net.br\\\/2022\\\/2024\\\/01\\\/06\\\/a-assembleia-legislativa-do-estado-de-sao-paulo-lamenta-com-profundo-pesar-o-falecimento-do-ex-parlamentar-antonio-carlos-campos-machado\\\/#breadcrumb\",\"itemListElement\":[{\"@type\":\"ListItem\",\"position\":1,\"name\":\"In\u00edcio\",\"item\":\"https:\\\/\\\/regiaonews.net.br\\\/2022\\\/\"},{\"@type\":\"ListItem\",\"position\":2,\"name\":\"A Assembleia Legislativa do Estado de S\u00e3o Paulo lamenta, com profundo pesar, o falecimento do ex-parlamentar Ant\u00f4nio Carlos Campos Machado.\"}]},{\"@type\":\"WebSite\",\"@id\":\"https:\\\/\\\/regiaonews.net.br\\\/2022\\\/#website\",\"url\":\"https:\\\/\\\/regiaonews.net.br\\\/2022\\\/\",\"name\":\"Regi\u00e3o News\",\"description\":\"Site de Not\u00edcias de Barretos e regi\u00e3o\",\"publisher\":{\"@id\":\"https:\\\/\\\/regiaonews.net.br\\\/2022\\\/#organization\"},\"potentialAction\":[{\"@type\":\"SearchAction\",\"target\":{\"@type\":\"EntryPoint\",\"urlTemplate\":\"https:\\\/\\\/regiaonews.net.br\\\/2022\\\/?s={search_term_string}\"},\"query-input\":{\"@type\":\"PropertyValueSpecification\",\"valueRequired\":true,\"valueName\":\"search_term_string\"}}],\"inLanguage\":\"pt-BR\"},{\"@type\":\"Organization\",\"@id\":\"https:\\\/\\\/regiaonews.net.br\\\/2022\\\/#organization\",\"name\":\"Regi\u00e3o News\",\"url\":\"https:\\\/\\\/regiaonews.net.br\\\/2022\\\/\",\"logo\":{\"@type\":\"ImageObject\",\"inLanguage\":\"pt-BR\",\"@id\":\"https:\\\/\\\/regiaonews.net.br\\\/2022\\\/#\\\/schema\\\/logo\\\/image\\\/\",\"url\":\"https:\\\/\\\/regiaonews.net.br\\\/2022\\\/wp-content\\\/uploads\\\/2026\\\/03\\\/regiao-13-anos-scaled.jpg\",\"contentUrl\":\"https:\\\/\\\/regiaonews.net.br\\\/2022\\\/wp-content\\\/uploads\\\/2026\\\/03\\\/regiao-13-anos-scaled.jpg\",\"width\":2560,\"height\":635,\"caption\":\"Regi\u00e3o News\"},\"image\":{\"@id\":\"https:\\\/\\\/regiaonews.net.br\\\/2022\\\/#\\\/schema\\\/logo\\\/image\\\/\"}},{\"@type\":\"Person\",\"@id\":\"https:\\\/\\\/regiaonews.net.br\\\/2022\\\/#\\\/schema\\\/person\\\/2d205a608a5aa97ac279d7a5e6d89ad8\",\"name\":\"Roberto\",\"image\":{\"@type\":\"ImageObject\",\"inLanguage\":\"pt-BR\",\"@id\":\"https:\\\/\\\/secure.gravatar.com\\\/avatar\\\/42749d8b712ff9d59ca93dc150494e5b55a44134482993f5baeb97e61b7ecc89?s=96&d=mm&r=g\",\"url\":\"https:\\\/\\\/secure.gravatar.com\\\/avatar\\\/42749d8b712ff9d59ca93dc150494e5b55a44134482993f5baeb97e61b7ecc89?s=96&d=mm&r=g\",\"contentUrl\":\"https:\\\/\\\/secure.gravatar.com\\\/avatar\\\/42749d8b712ff9d59ca93dc150494e5b55a44134482993f5baeb97e61b7ecc89?s=96&d=mm&r=g\",\"caption\":\"Roberto\"},\"url\":\"https:\\\/\\\/regiaonews.net.br\\\/2022\\\/author\\\/roberto\\\/\"}]}<\/script>\n<!-- \/ Yoast SEO plugin. -->","yoast_head_json":{"title":"A Assembleia Legislativa do Estado de S\u00e3o Paulo lamenta, com profundo pesar, o falecimento do ex-parlamentar Ant\u00f4nio Carlos Campos Machado. - Regi\u00e3o News","robots":{"index":"index","follow":"follow","max-snippet":"max-snippet:-1","max-image-preview":"max-image-preview:large","max-video-preview":"max-video-preview:-1"},"canonical":"https:\/\/regiaonews.net.br\/2022\/2024\/01\/06\/a-assembleia-legislativa-do-estado-de-sao-paulo-lamenta-com-profundo-pesar-o-falecimento-do-ex-parlamentar-antonio-carlos-campos-machado\/","og_locale":"pt_BR","og_type":"article","og_title":"A Assembleia Legislativa do Estado de S\u00e3o Paulo lamenta, com profundo pesar, o falecimento do ex-parlamentar Ant\u00f4nio Carlos Campos Machado. - Regi\u00e3o News","og_description":"Campos Machado, como era conhecido, faleceu na manh\u00e3 deste s\u00e1bado","og_url":"https:\/\/regiaonews.net.br\/2022\/2024\/01\/06\/a-assembleia-legislativa-do-estado-de-sao-paulo-lamenta-com-profundo-pesar-o-falecimento-do-ex-parlamentar-antonio-carlos-campos-machado\/","og_site_name":"Regi\u00e3o News","article_published_time":"2024-01-06T18:27:39+00:00","article_modified_time":"2024-01-06T18:29:56+00:00","og_image":[{"width":290,"height":174,"url":"https:\/\/regiaonews.net.br\/2022\/wp-content\/uploads\/2024\/01\/download.jpg","type":"image\/jpeg"}],"author":"Roberto","twitter_card":"summary_large_image","twitter_misc":{"Escrito por":"Roberto","Est. tempo de leitura":"2 minutos"},"schema":{"@context":"https:\/\/schema.org","@graph":[{"@type":"Article","@id":"https:\/\/regiaonews.net.br\/2022\/2024\/01\/06\/a-assembleia-legislativa-do-estado-de-sao-paulo-lamenta-com-profundo-pesar-o-falecimento-do-ex-parlamentar-antonio-carlos-campos-machado\/#article","isPartOf":{"@id":"https:\/\/regiaonews.net.br\/2022\/2024\/01\/06\/a-assembleia-legislativa-do-estado-de-sao-paulo-lamenta-com-profundo-pesar-o-falecimento-do-ex-parlamentar-antonio-carlos-campos-machado\/"},"author":{"name":"Roberto","@id":"https:\/\/regiaonews.net.br\/2022\/#\/schema\/person\/2d205a608a5aa97ac279d7a5e6d89ad8"},"headline":"A Assembleia Legislativa do Estado de S\u00e3o Paulo lamenta, com profundo pesar, o falecimento do ex-parlamentar Ant\u00f4nio Carlos Campos Machado.","datePublished":"2024-01-06T18:27:39+00:00","dateModified":"2024-01-06T18:29:56+00:00","mainEntityOfPage":{"@id":"https:\/\/regiaonews.net.br\/2022\/2024\/01\/06\/a-assembleia-legislativa-do-estado-de-sao-paulo-lamenta-com-profundo-pesar-o-falecimento-do-ex-parlamentar-antonio-carlos-campos-machado\/"},"wordCount":182,"commentCount":0,"publisher":{"@id":"https:\/\/regiaonews.net.br\/2022\/#organization"},"image":{"@id":"https:\/\/regiaonews.net.br\/2022\/2024\/01\/06\/a-assembleia-legislativa-do-estado-de-sao-paulo-lamenta-com-profundo-pesar-o-falecimento-do-ex-parlamentar-antonio-carlos-campos-machado\/#primaryimage"},"thumbnailUrl":"https:\/\/regiaonews.net.br\/2022\/wp-content\/uploads\/2024\/01\/download.jpg","articleSection":["Falecimento"],"inLanguage":"pt-BR","potentialAction":[{"@type":"CommentAction","name":"Comment","target":["https:\/\/regiaonews.net.br\/2022\/2024\/01\/06\/a-assembleia-legislativa-do-estado-de-sao-paulo-lamenta-com-profundo-pesar-o-falecimento-do-ex-parlamentar-antonio-carlos-campos-machado\/#respond"]}]},{"@type":"WebPage","@id":"https:\/\/regiaonews.net.br\/2022\/2024\/01\/06\/a-assembleia-legislativa-do-estado-de-sao-paulo-lamenta-com-profundo-pesar-o-falecimento-do-ex-parlamentar-antonio-carlos-campos-machado\/","url":"https:\/\/regiaonews.net.br\/2022\/2024\/01\/06\/a-assembleia-legislativa-do-estado-de-sao-paulo-lamenta-com-profundo-pesar-o-falecimento-do-ex-parlamentar-antonio-carlos-campos-machado\/","name":"A Assembleia Legislativa do Estado de S\u00e3o Paulo lamenta, com profundo pesar, o falecimento do ex-parlamentar Ant\u00f4nio Carlos Campos Machado. - Regi\u00e3o News","isPartOf":{"@id":"https:\/\/regiaonews.net.br\/2022\/#website"},"primaryImageOfPage":{"@id":"https:\/\/regiaonews.net.br\/2022\/2024\/01\/06\/a-assembleia-legislativa-do-estado-de-sao-paulo-lamenta-com-profundo-pesar-o-falecimento-do-ex-parlamentar-antonio-carlos-campos-machado\/#primaryimage"},"image":{"@id":"https:\/\/regiaonews.net.br\/2022\/2024\/01\/06\/a-assembleia-legislativa-do-estado-de-sao-paulo-lamenta-com-profundo-pesar-o-falecimento-do-ex-parlamentar-antonio-carlos-campos-machado\/#primaryimage"},"thumbnailUrl":"https:\/\/regiaonews.net.br\/2022\/wp-content\/uploads\/2024\/01\/download.jpg","datePublished":"2024-01-06T18:27:39+00:00","dateModified":"2024-01-06T18:29:56+00:00","breadcrumb":{"@id":"https:\/\/regiaonews.net.br\/2022\/2024\/01\/06\/a-assembleia-legislativa-do-estado-de-sao-paulo-lamenta-com-profundo-pesar-o-falecimento-do-ex-parlamentar-antonio-carlos-campos-machado\/#breadcrumb"},"inLanguage":"pt-BR","potentialAction":[{"@type":"ReadAction","target":["https:\/\/regiaonews.net.br\/2022\/2024\/01\/06\/a-assembleia-legislativa-do-estado-de-sao-paulo-lamenta-com-profundo-pesar-o-falecimento-do-ex-parlamentar-antonio-carlos-campos-machado\/"]}]},{"@type":"ImageObject","inLanguage":"pt-BR","@id":"https:\/\/regiaonews.net.br\/2022\/2024\/01\/06\/a-assembleia-legislativa-do-estado-de-sao-paulo-lamenta-com-profundo-pesar-o-falecimento-do-ex-parlamentar-antonio-carlos-campos-machado\/#primaryimage","url":"https:\/\/regiaonews.net.br\/2022\/wp-content\/uploads\/2024\/01\/download.jpg","contentUrl":"https:\/\/regiaonews.net.br\/2022\/wp-content\/uploads\/2024\/01\/download.jpg","width":290,"height":174},{"@type":"BreadcrumbList","@id":"https:\/\/regiaonews.net.br\/2022\/2024\/01\/06\/a-assembleia-legislativa-do-estado-de-sao-paulo-lamenta-com-profundo-pesar-o-falecimento-do-ex-parlamentar-antonio-carlos-campos-machado\/#breadcrumb","itemListElement":[{"@type":"ListItem","position":1,"name":"In\u00edcio","item":"https:\/\/regiaonews.net.br\/2022\/"},{"@type":"ListItem","position":2,"name":"A Assembleia Legislativa do Estado de S\u00e3o Paulo lamenta, com profundo pesar, o falecimento do ex-parlamentar Ant\u00f4nio Carlos Campos Machado."}]},{"@type":"WebSite","@id":"https:\/\/regiaonews.net.br\/2022\/#website","url":"https:\/\/regiaonews.net.br\/2022\/","name":"Regi\u00e3o News","description":"Site de Not\u00edcias de Barretos e regi\u00e3o","publisher":{"@id":"https:\/\/regiaonews.net.br\/2022\/#organization"},"potentialAction":[{"@type":"SearchAction","target":{"@type":"EntryPoint","urlTemplate":"https:\/\/regiaonews.net.br\/2022\/?s={search_term_string}"},"query-input":{"@type":"PropertyValueSpecification","valueRequired":true,"valueName":"search_term_string"}}],"inLanguage":"pt-BR"},{"@type":"Organization","@id":"https:\/\/regiaonews.net.br\/2022\/#organization","name":"Regi\u00e3o News","url":"https:\/\/regiaonews.net.br\/2022\/","logo":{"@type":"ImageObject","inLanguage":"pt-BR","@id":"https:\/\/regiaonews.net.br\/2022\/#\/schema\/logo\/image\/","url":"https:\/\/regiaonews.net.br\/2022\/wp-content\/uploads\/2026\/03\/regiao-13-anos-scaled.jpg","contentUrl":"https:\/\/regiaonews.net.br\/2022\/wp-content\/uploads\/2026\/03\/regiao-13-anos-scaled.jpg","width":2560,"height":635,"caption":"Regi\u00e3o News"},"image":{"@id":"https:\/\/regiaonews.net.br\/2022\/#\/schema\/logo\/image\/"}},{"@type":"Person","@id":"https:\/\/regiaonews.net.br\/2022\/#\/schema\/person\/2d205a608a5aa97ac279d7a5e6d89ad8","name":"Roberto","image":{"@type":"ImageObject","inLanguage":"pt-BR","@id":"https:\/\/secure.gravatar.com\/avatar\/42749d8b712ff9d59ca93dc150494e5b55a44134482993f5baeb97e61b7ecc89?s=96&d=mm&r=g","url":"https:\/\/secure.gravatar.com\/avatar\/42749d8b712ff9d59ca93dc150494e5b55a44134482993f5baeb97e61b7ecc89?s=96&d=mm&r=g","contentUrl":"https:\/\/secure.gravatar.com\/avatar\/42749d8b712ff9d59ca93dc150494e5b55a44134482993f5baeb97e61b7ecc89?s=96&d=mm&r=g","caption":"Roberto"},"url":"https:\/\/regiaonews.net.br\/2022\/author\/roberto\/"}]}},"publishpress_future_action":{"enabled":false,"date":"2026-05-04 08:46:22","action":"change-status","newStatus":"draft","terms":[],"taxonomy":"category","extraData":[]},"publishpress_future_workflow_manual_trigger":{"enabledWorkflows":[]},"_links":{"self":[{"href":"https:\/\/regiaonews.net.br\/2022\/wp-json\/wp\/v2\/posts\/99931","targetHints":{"allow":["GET"]}}],"collection":[{"href":"https:\/\/regiaonews.net.br\/2022\/wp-json\/wp\/v2\/posts"}],"about":[{"href":"https:\/\/regiaonews.net.br\/2022\/wp-json\/wp\/v2\/types\/post"}],"author":[{"embeddable":true,"href":"https:\/\/regiaonews.net.br\/2022\/wp-json\/wp\/v2\/users\/2"}],"replies":[{"embeddable":true,"href":"https:\/\/regiaonews.net.br\/2022\/wp-json\/wp\/v2\/comments?post=99931"}],"version-history":[{"count":1,"href":"https:\/\/regiaonews.net.br\/2022\/wp-json\/wp\/v2\/posts\/99931\/revisions"}],"predecessor-version":[{"id":99932,"href":"https:\/\/regiaonews.net.br\/2022\/wp-json\/wp\/v2\/posts\/99931\/revisions\/99932"}],"wp:featuredmedia":[{"embeddable":true,"href":"https:\/\/regiaonews.net.br\/2022\/wp-json\/wp\/v2\/media\/99933"}],"wp:attachment":[{"href":"https:\/\/regiaonews.net.br\/2022\/wp-json\/wp\/v2\/media?parent=99931"}],"wp:term":[{"taxonomy":"category","embeddable":true,"href":"https:\/\/regiaonews.net.br\/2022\/wp-json\/wp\/v2\/categories?post=99931"},{"taxonomy":"post_tag","embeddable":true,"href":"https:\/\/regiaonews.net.br\/2022\/wp-json\/wp\/v2\/tags?post=99931"}],"curies":[{"name":"wp","href":"https:\/\/api.w.org\/{rel}","templated":true}]}}