{"id":99899,"date":"2024-01-05T18:22:38","date_gmt":"2024-01-05T21:22:38","guid":{"rendered":"https:\/\/regiaonews.net.br\/2022\/?p=99899"},"modified":"2024-01-05T22:35:11","modified_gmt":"2024-01-06T01:35:11","slug":"anoreg-20219-cartorios-de-sao-paulo-sao-premiados-no-premio-de-qualidade-total3","status":"publish","type":"post","link":"https:\/\/regiaonews.net.br\/2022\/2024\/01\/05\/anoreg-20219-cartorios-de-sao-paulo-sao-premiados-no-premio-de-qualidade-total3\/","title":{"rendered":"Cart\u00f3rios de S\u00e3o Paulo s\u00e3o premiados no Pr\u00eamio de Qualidade Total3"},"content":{"rendered":"<p>&nbsp;<\/p>\n<p>Premia\u00e7\u00e3o contou com o apoio da Corregedoria Nacional de Justi\u00e7a e reconheceu excel\u00eancia de cart\u00f3rios brasileiros<\/p>\n<p>Com a premia\u00e7\u00e3o de 19 Cart\u00f3rios de todo o estado de S\u00e3o Paulo, a Associa\u00e7\u00e3o dos Not\u00e1rios e Registradores do Brasil (ANOREG\/BR) realizou neste m\u00eas de dezembro, em Bras\u00edlia\/DF, a cerim\u00f4nia oficial de entrega do 19\u00ba Pr\u00eamio de Qualidade Total ANOREG (PQTA). O evento, que conta com o apoio da Corregedoria Nacional de Justi\u00e7a, reconheceu a excel\u00eancia de gest\u00e3o e a qualidade no atendimento das unidades de Notas e de Registros.<\/p>\n<p>O PQTA 2023 teve como premiados paulistas na categoria diamante: Terceiro Tabeli\u00e3o de Notas e de Protesto de Letras e T\u00edtulos de Bauru; Oficial de Registro de Im\u00f3veis, T\u00edtulos e Documentos e Civil de Pessoa Jur\u00eddica de Diadema; 2\u00ba Oficial de Registro de Im\u00f3veis, T\u00edtulos e Documentos e Civil de Pessoa Jur\u00eddica da Comarca de Guarulhos; Oficial de Registro Civil das Pessoas Naturais e Tabelionato de Notas de Ibat\u00e9; 1\u00ba Oficial de Registro de Im\u00f3veis de Ribeir\u00e3o Preto; Oficial de Registro de Im\u00f3veis, T\u00edtulos e Documentos e Civil de Pessoa Jur\u00eddica da Comarca de S\u00e3o Jos\u00e9 do Rio Pardo; 22\u00ba Tabeli\u00e3o de Notas da Capital; 2\u00ba Tabeli\u00e3o de Notas da Capital, Oficial de Registro de Im\u00f3veis, T\u00edtulos e Documentos e Civil de Pessoa Jur\u00eddica da Comarca de S\u00e3o Vicente; Oficial de Registro Civil das Pessoas Naturais e Tabeli\u00e3o de Notas do 30\u00ba subdistrito \u2013 Ibirapuera; 1\u00ba Cart\u00f3rio de Notas e Protesto de S\u00e3o Carlos; e Oficial de Registro de Im\u00f3veis, T\u00edtulos e Documentos e Civil de Pessoa Jur\u00eddica da Comarca de Taubat\u00e9.<\/p>\n<p>Na categoria ouro, foram premiados: 1\u00ba Tabeli\u00e3o de Notas e de Protesto de Letras e T\u00edtulos da Comarca de Mogi Mirim; Oficial de Registro de Im\u00f3veis e Anexos de Orl\u00e2ndia, Registro Civil e Tabelionato de Notas de Pereiras; Oficial de Registro Civil das Pessoas Naturais e de Interdi\u00e7\u00f5es e Tutelas da Sede da Comarca de S\u00e3o Vicente; e Tabelionato de Notas e Protestos de Letras e T\u00edtulos da Comarca de Ur\u00e2nia. J\u00e1 na categoria prata, receberam o pr\u00eamio: Oficial de Registro Civil e Tabeli\u00e3o de Notas de Jumirim, Comarca de Tiet\u00ea; e Primeiro Oficial de Registro de Im\u00f3veis, T\u00edtulos e Documentos e Civil de Pessoa Jur\u00eddica de S\u00e3o Bernardo do Campo.<\/p>\n<p>&#8220;O Pr\u00eamio de Qualidade Total Anoreg\/BR (PQTA), mais que uma premia\u00e7\u00e3o, \u00e9 um completo diagn\u00f3stico empresarial da estrutura do cart\u00f3rio, da presta\u00e7\u00e3o de seus servi\u00e7os e de sua influ\u00eancia na sociedade. Neste ano de 2023, o PQTA completou 18 anos de exist\u00eancia e premiou, com seriedade e rigidez de conceitos, diversos cart\u00f3rios, em todas as Regi\u00f5es do Brasil, que atingiram o n\u00edvel de excel\u00eancia em seus sistemas de gest\u00e3o de qualidade, sempre voltados ao aprimoramento cont\u00ednuo de seus servi\u00e7os e de sua fun\u00e7\u00e3o social. O PQTA acaba sendo um valios\u00edssimo selo de garantia de qualidade e de presta\u00e7\u00e3o de servi\u00e7os de excel\u00eancia no meio notarial e registral&#8221;, declarou Demades Mario Castro, vice-presidente da Associa\u00e7\u00e3o dos Not\u00e1rios e Registradores do Estado de S\u00e3o Paulo (Anoreg\/SP).<\/p>\n<p>Impossibilitado de estar presente, o ministro do Superior Tribunal de Justi\u00e7a e corregedor Nacional de Justi\u00e7a, Luis Felipe Salom\u00e3o, enviou um v\u00eddeo onde enfatizou a import\u00e2ncia do pr\u00eamio como um reconhecimento \u00e0 excel\u00eancia e qualidade na gest\u00e3o organizacional dos cart\u00f3rios. Ele destacou as a\u00e7\u00f5es do Judici\u00e1rio em 2023, ressaltando iniciativas como a Semana Nacional do Registro Civil e a Semana Nacional de Regulariza\u00e7\u00e3o Fundi\u00e1ria, bem como a regulamenta\u00e7\u00e3o do SERP (Sistema Eletr\u00f4nico de Registro de Im\u00f3veis), consolidando o Brasil como refer\u00eancia mundial. &#8220;Sem d\u00favida, 2023 foi um ano de grandes desafios, mas tamb\u00e9m de grandes vit\u00f3rias para o segmento extrajudicial brasileiro que contribui de maneira decisiva para o sucesso das a\u00e7\u00f5es empreendidas pela Corregedoria Nacional de Justi\u00e7a&#8221;, afirmou.<\/p>\n<p>Entre os Estados brasileiros, Minas Gerais teve o maior n\u00famero de premiados, com 31 unidades seguido por Goi\u00e1s, Mato Grosso e S\u00e3o Paulo, ambos com 19; Bahia e Par\u00e1 com 17; Santa Catarina com 16 premiados; Rio Grande do Sul com 11; Amazonas e Paran\u00e1 com 9 cada; Cear\u00e1 com 7; Pernambuco com 5; Esp\u00edrito Santo, Maranh\u00e3o e Rio Grande do Norte, cada um com 4; Acre com 3; e Alagoas, Amap\u00e1, Para\u00edba, Rio de Janeiro, Rond\u00f4nia e Sergipe com 1 premiado cada. Ao todo foram 141 cart\u00f3rios recebendo a condecora\u00e7\u00e3o na categoria Diamante, 32 na Ouro, 20 na Prata, cinco na Bronze, e duas na Men\u00e7\u00e3o Honrosa.<\/p>\n<p>Avalia\u00e7\u00e3o<\/p>\n<p>Como forma de garantir a integridade nas notas, a auditoria das serventias participantes \u00e9 realizada de maneira independente pela Apcer Brasil, que faz parte do Grupo de Associa\u00e7\u00e3o Portuguesa de Certifica\u00e7\u00e3o, organismo refer\u00eancia do setor da certifica\u00e7\u00e3o na Europa e presente nas Am\u00e9ricas, \u00c1frica, Oriente M\u00e9dio e \u00c1sia, cujos auditores visitam cada uma das unidades inscritas.<\/p>\n<p>Os cart\u00f3rios foram avaliados com base em dez crit\u00e9rios diferentes: Estrat\u00e9gia; Gest\u00e3o Operacional; Gest\u00e3o de Pessoas; Instala\u00e7\u00f5es; Gest\u00e3o da Seguran\u00e7a e Sa\u00fade Ocupacional; Gest\u00e3o Socioambiental; Gest\u00e3o da Informatiza\u00e7\u00e3o e Controle de Dados; Gest\u00e3o da Inova\u00e7\u00e3o; Compliance, e Continuidade do Neg\u00f3cio. Cada crit\u00e9rio gera uma pontua\u00e7\u00e3o que totaliza a premia\u00e7\u00e3o nas categorias: Men\u00e7\u00e3o Honrosa, Bronze, Prata, Ouro e Diamante. Ao fim da premia\u00e7\u00e3o, cada cart\u00f3rio recebe um relat\u00f3rio individualizado de sua auditoria, com uma compara\u00e7\u00e3o com os demais concorrentes, e a ANOREG\/BR publica um Manual de Boas Pr\u00e1ticas com recomenda\u00e7\u00f5es e destaques observados durante o per\u00edodo de avalia\u00e7\u00e3o.<\/p>\n<p>Para acessar a lista completa dos ganhadores, clique aqui.<\/p>\n<p>Anoreg\/SP<\/p>\n<p>Fundada em 1928, a Associa\u00e7\u00e3o dos Not\u00e1rios e Registradores do Estado de S\u00e3o Paulo (Anoreg\/SP) congrega 1.546 mil cart\u00f3rios distribu\u00eddos em todos os munic\u00edpios do Estado, os quais empregam direta e indiretamente mais de 23 mil pessoas. A entidade re\u00fane cart\u00f3rios de cinco especialidades: Registro Civil das Pessoas Naturais, Registro de T\u00edtulos e Documentos e Pessoas Jur\u00eddicas, Tabelionato de Notas, Tabelionato de Protesto e Registro de Im\u00f3veis<\/p>\n","protected":false},"excerpt":{"rendered":"<p>&nbsp; Premia\u00e7\u00e3o contou com o apoio da Corregedoria Nacional de<\/p>\n","protected":false},"author":2,"featured_media":99900,"comment_status":"open","ping_status":"open","sticky":false,"template":"","format":"standard","meta":{"footnotes":""},"categories":[25,7],"tags":[],"class_list":["post-99899","post","type-post","status-publish","format-standard","has-post-thumbnail","hentry","category-cidades","category-estado-de-sao-paulo"],"yoast_head":"<!-- This site is optimized with the Yoast SEO plugin v27.4 - https:\/\/yoast.com\/product\/yoast-seo-wordpress\/ -->\n<title>Cart\u00f3rios de S\u00e3o Paulo s\u00e3o premiados no Pr\u00eamio de Qualidade Total3 - Regi\u00e3o News<\/title>\n<meta name=\"robots\" content=\"index, follow, max-snippet:-1, max-image-preview:large, max-video-preview:-1\" \/>\n<link rel=\"canonical\" href=\"https:\/\/regiaonews.net.br\/2022\/2024\/01\/05\/anoreg-20219-cartorios-de-sao-paulo-sao-premiados-no-premio-de-qualidade-total3\/\" \/>\n<meta property=\"og:locale\" content=\"pt_BR\" \/>\n<meta property=\"og:type\" content=\"article\" \/>\n<meta property=\"og:title\" content=\"Cart\u00f3rios de S\u00e3o Paulo s\u00e3o premiados no Pr\u00eamio de Qualidade Total3 - Regi\u00e3o News\" \/>\n<meta property=\"og:description\" content=\"&nbsp; Premia\u00e7\u00e3o contou com o apoio da Corregedoria Nacional de\" \/>\n<meta property=\"og:url\" content=\"https:\/\/regiaonews.net.br\/2022\/2024\/01\/05\/anoreg-20219-cartorios-de-sao-paulo-sao-premiados-no-premio-de-qualidade-total3\/\" \/>\n<meta property=\"og:site_name\" content=\"Regi\u00e3o News\" \/>\n<meta property=\"article:published_time\" content=\"2024-01-05T21:22:38+00:00\" \/>\n<meta property=\"article:modified_time\" content=\"2024-01-06T01:35:11+00:00\" \/>\n<meta property=\"og:image\" content=\"https:\/\/regiaonews.net.br\/2022\/wp-content\/uploads\/2024\/01\/WhatsApp-Image-2024-01-05-at-16.30.18.jpeg\" \/>\n\t<meta property=\"og:image:width\" content=\"1600\" \/>\n\t<meta property=\"og:image:height\" content=\"1066\" \/>\n\t<meta property=\"og:image:type\" content=\"image\/jpeg\" \/>\n<meta name=\"author\" content=\"Roberto\" \/>\n<meta name=\"twitter:card\" content=\"summary_large_image\" \/>\n<meta name=\"twitter:label1\" content=\"Escrito por\" \/>\n\t<meta name=\"twitter:data1\" content=\"Roberto\" \/>\n\t<meta name=\"twitter:label2\" content=\"Est. tempo de leitura\" \/>\n\t<meta name=\"twitter:data2\" content=\"6 minutos\" \/>\n<script type=\"application\/ld+json\" class=\"yoast-schema-graph\">{\"@context\":\"https:\\\/\\\/schema.org\",\"@graph\":[{\"@type\":\"Article\",\"@id\":\"https:\\\/\\\/regiaonews.net.br\\\/2022\\\/2024\\\/01\\\/05\\\/anoreg-20219-cartorios-de-sao-paulo-sao-premiados-no-premio-de-qualidade-total3\\\/#article\",\"isPartOf\":{\"@id\":\"https:\\\/\\\/regiaonews.net.br\\\/2022\\\/2024\\\/01\\\/05\\\/anoreg-20219-cartorios-de-sao-paulo-sao-premiados-no-premio-de-qualidade-total3\\\/\"},\"author\":{\"name\":\"Roberto\",\"@id\":\"https:\\\/\\\/regiaonews.net.br\\\/2022\\\/#\\\/schema\\\/person\\\/2d205a608a5aa97ac279d7a5e6d89ad8\"},\"headline\":\"Cart\u00f3rios de S\u00e3o Paulo s\u00e3o premiados no Pr\u00eamio de Qualidade Total3\",\"datePublished\":\"2024-01-05T21:22:38+00:00\",\"dateModified\":\"2024-01-06T01:35:11+00:00\",\"mainEntityOfPage\":{\"@id\":\"https:\\\/\\\/regiaonews.net.br\\\/2022\\\/2024\\\/01\\\/05\\\/anoreg-20219-cartorios-de-sao-paulo-sao-premiados-no-premio-de-qualidade-total3\\\/\"},\"wordCount\":1095,\"commentCount\":0,\"publisher\":{\"@id\":\"https:\\\/\\\/regiaonews.net.br\\\/2022\\\/#organization\"},\"image\":{\"@id\":\"https:\\\/\\\/regiaonews.net.br\\\/2022\\\/2024\\\/01\\\/05\\\/anoreg-20219-cartorios-de-sao-paulo-sao-premiados-no-premio-de-qualidade-total3\\\/#primaryimage\"},\"thumbnailUrl\":\"https:\\\/\\\/regiaonews.net.br\\\/2022\\\/wp-content\\\/uploads\\\/2024\\\/01\\\/WhatsApp-Image-2024-01-05-at-16.30.18.jpeg\",\"articleSection\":[\"Cidades\",\"Estado de S\u00e3o Paulo\"],\"inLanguage\":\"pt-BR\",\"potentialAction\":[{\"@type\":\"CommentAction\",\"name\":\"Comment\",\"target\":[\"https:\\\/\\\/regiaonews.net.br\\\/2022\\\/2024\\\/01\\\/05\\\/anoreg-20219-cartorios-de-sao-paulo-sao-premiados-no-premio-de-qualidade-total3\\\/#respond\"]}]},{\"@type\":\"WebPage\",\"@id\":\"https:\\\/\\\/regiaonews.net.br\\\/2022\\\/2024\\\/01\\\/05\\\/anoreg-20219-cartorios-de-sao-paulo-sao-premiados-no-premio-de-qualidade-total3\\\/\",\"url\":\"https:\\\/\\\/regiaonews.net.br\\\/2022\\\/2024\\\/01\\\/05\\\/anoreg-20219-cartorios-de-sao-paulo-sao-premiados-no-premio-de-qualidade-total3\\\/\",\"name\":\"Cart\u00f3rios de S\u00e3o Paulo s\u00e3o premiados no Pr\u00eamio de Qualidade Total3 - Regi\u00e3o News\",\"isPartOf\":{\"@id\":\"https:\\\/\\\/regiaonews.net.br\\\/2022\\\/#website\"},\"primaryImageOfPage\":{\"@id\":\"https:\\\/\\\/regiaonews.net.br\\\/2022\\\/2024\\\/01\\\/05\\\/anoreg-20219-cartorios-de-sao-paulo-sao-premiados-no-premio-de-qualidade-total3\\\/#primaryimage\"},\"image\":{\"@id\":\"https:\\\/\\\/regiaonews.net.br\\\/2022\\\/2024\\\/01\\\/05\\\/anoreg-20219-cartorios-de-sao-paulo-sao-premiados-no-premio-de-qualidade-total3\\\/#primaryimage\"},\"thumbnailUrl\":\"https:\\\/\\\/regiaonews.net.br\\\/2022\\\/wp-content\\\/uploads\\\/2024\\\/01\\\/WhatsApp-Image-2024-01-05-at-16.30.18.jpeg\",\"datePublished\":\"2024-01-05T21:22:38+00:00\",\"dateModified\":\"2024-01-06T01:35:11+00:00\",\"breadcrumb\":{\"@id\":\"https:\\\/\\\/regiaonews.net.br\\\/2022\\\/2024\\\/01\\\/05\\\/anoreg-20219-cartorios-de-sao-paulo-sao-premiados-no-premio-de-qualidade-total3\\\/#breadcrumb\"},\"inLanguage\":\"pt-BR\",\"potentialAction\":[{\"@type\":\"ReadAction\",\"target\":[\"https:\\\/\\\/regiaonews.net.br\\\/2022\\\/2024\\\/01\\\/05\\\/anoreg-20219-cartorios-de-sao-paulo-sao-premiados-no-premio-de-qualidade-total3\\\/\"]}]},{\"@type\":\"ImageObject\",\"inLanguage\":\"pt-BR\",\"@id\":\"https:\\\/\\\/regiaonews.net.br\\\/2022\\\/2024\\\/01\\\/05\\\/anoreg-20219-cartorios-de-sao-paulo-sao-premiados-no-premio-de-qualidade-total3\\\/#primaryimage\",\"url\":\"https:\\\/\\\/regiaonews.net.br\\\/2022\\\/wp-content\\\/uploads\\\/2024\\\/01\\\/WhatsApp-Image-2024-01-05-at-16.30.18.jpeg\",\"contentUrl\":\"https:\\\/\\\/regiaonews.net.br\\\/2022\\\/wp-content\\\/uploads\\\/2024\\\/01\\\/WhatsApp-Image-2024-01-05-at-16.30.18.jpeg\",\"width\":1600,\"height\":1066},{\"@type\":\"BreadcrumbList\",\"@id\":\"https:\\\/\\\/regiaonews.net.br\\\/2022\\\/2024\\\/01\\\/05\\\/anoreg-20219-cartorios-de-sao-paulo-sao-premiados-no-premio-de-qualidade-total3\\\/#breadcrumb\",\"itemListElement\":[{\"@type\":\"ListItem\",\"position\":1,\"name\":\"In\u00edcio\",\"item\":\"https:\\\/\\\/regiaonews.net.br\\\/2022\\\/\"},{\"@type\":\"ListItem\",\"position\":2,\"name\":\"Cart\u00f3rios de S\u00e3o Paulo s\u00e3o premiados no Pr\u00eamio de Qualidade Total3\"}]},{\"@type\":\"WebSite\",\"@id\":\"https:\\\/\\\/regiaonews.net.br\\\/2022\\\/#website\",\"url\":\"https:\\\/\\\/regiaonews.net.br\\\/2022\\\/\",\"name\":\"Regi\u00e3o News\",\"description\":\"Site de Not\u00edcias de Barretos e regi\u00e3o\",\"publisher\":{\"@id\":\"https:\\\/\\\/regiaonews.net.br\\\/2022\\\/#organization\"},\"potentialAction\":[{\"@type\":\"SearchAction\",\"target\":{\"@type\":\"EntryPoint\",\"urlTemplate\":\"https:\\\/\\\/regiaonews.net.br\\\/2022\\\/?s={search_term_string}\"},\"query-input\":{\"@type\":\"PropertyValueSpecification\",\"valueRequired\":true,\"valueName\":\"search_term_string\"}}],\"inLanguage\":\"pt-BR\"},{\"@type\":\"Organization\",\"@id\":\"https:\\\/\\\/regiaonews.net.br\\\/2022\\\/#organization\",\"name\":\"Regi\u00e3o News\",\"url\":\"https:\\\/\\\/regiaonews.net.br\\\/2022\\\/\",\"logo\":{\"@type\":\"ImageObject\",\"inLanguage\":\"pt-BR\",\"@id\":\"https:\\\/\\\/regiaonews.net.br\\\/2022\\\/#\\\/schema\\\/logo\\\/image\\\/\",\"url\":\"https:\\\/\\\/regiaonews.net.br\\\/2022\\\/wp-content\\\/uploads\\\/2026\\\/03\\\/regiao-13-anos-scaled.jpg\",\"contentUrl\":\"https:\\\/\\\/regiaonews.net.br\\\/2022\\\/wp-content\\\/uploads\\\/2026\\\/03\\\/regiao-13-anos-scaled.jpg\",\"width\":2560,\"height\":635,\"caption\":\"Regi\u00e3o News\"},\"image\":{\"@id\":\"https:\\\/\\\/regiaonews.net.br\\\/2022\\\/#\\\/schema\\\/logo\\\/image\\\/\"}},{\"@type\":\"Person\",\"@id\":\"https:\\\/\\\/regiaonews.net.br\\\/2022\\\/#\\\/schema\\\/person\\\/2d205a608a5aa97ac279d7a5e6d89ad8\",\"name\":\"Roberto\",\"image\":{\"@type\":\"ImageObject\",\"inLanguage\":\"pt-BR\",\"@id\":\"https:\\\/\\\/secure.gravatar.com\\\/avatar\\\/42749d8b712ff9d59ca93dc150494e5b55a44134482993f5baeb97e61b7ecc89?s=96&d=mm&r=g\",\"url\":\"https:\\\/\\\/secure.gravatar.com\\\/avatar\\\/42749d8b712ff9d59ca93dc150494e5b55a44134482993f5baeb97e61b7ecc89?s=96&d=mm&r=g\",\"contentUrl\":\"https:\\\/\\\/secure.gravatar.com\\\/avatar\\\/42749d8b712ff9d59ca93dc150494e5b55a44134482993f5baeb97e61b7ecc89?s=96&d=mm&r=g\",\"caption\":\"Roberto\"},\"url\":\"https:\\\/\\\/regiaonews.net.br\\\/2022\\\/author\\\/roberto\\\/\"}]}<\/script>\n<!-- \/ Yoast SEO plugin. -->","yoast_head_json":{"title":"Cart\u00f3rios de S\u00e3o Paulo s\u00e3o premiados no Pr\u00eamio de Qualidade Total3 - Regi\u00e3o News","robots":{"index":"index","follow":"follow","max-snippet":"max-snippet:-1","max-image-preview":"max-image-preview:large","max-video-preview":"max-video-preview:-1"},"canonical":"https:\/\/regiaonews.net.br\/2022\/2024\/01\/05\/anoreg-20219-cartorios-de-sao-paulo-sao-premiados-no-premio-de-qualidade-total3\/","og_locale":"pt_BR","og_type":"article","og_title":"Cart\u00f3rios de S\u00e3o Paulo s\u00e3o premiados no Pr\u00eamio de Qualidade Total3 - Regi\u00e3o News","og_description":"&nbsp; Premia\u00e7\u00e3o contou com o apoio da Corregedoria Nacional de","og_url":"https:\/\/regiaonews.net.br\/2022\/2024\/01\/05\/anoreg-20219-cartorios-de-sao-paulo-sao-premiados-no-premio-de-qualidade-total3\/","og_site_name":"Regi\u00e3o News","article_published_time":"2024-01-05T21:22:38+00:00","article_modified_time":"2024-01-06T01:35:11+00:00","og_image":[{"width":1600,"height":1066,"url":"https:\/\/regiaonews.net.br\/2022\/wp-content\/uploads\/2024\/01\/WhatsApp-Image-2024-01-05-at-16.30.18.jpeg","type":"image\/jpeg"}],"author":"Roberto","twitter_card":"summary_large_image","twitter_misc":{"Escrito por":"Roberto","Est. tempo de leitura":"6 minutos"},"schema":{"@context":"https:\/\/schema.org","@graph":[{"@type":"Article","@id":"https:\/\/regiaonews.net.br\/2022\/2024\/01\/05\/anoreg-20219-cartorios-de-sao-paulo-sao-premiados-no-premio-de-qualidade-total3\/#article","isPartOf":{"@id":"https:\/\/regiaonews.net.br\/2022\/2024\/01\/05\/anoreg-20219-cartorios-de-sao-paulo-sao-premiados-no-premio-de-qualidade-total3\/"},"author":{"name":"Roberto","@id":"https:\/\/regiaonews.net.br\/2022\/#\/schema\/person\/2d205a608a5aa97ac279d7a5e6d89ad8"},"headline":"Cart\u00f3rios de S\u00e3o Paulo s\u00e3o premiados no Pr\u00eamio de Qualidade Total3","datePublished":"2024-01-05T21:22:38+00:00","dateModified":"2024-01-06T01:35:11+00:00","mainEntityOfPage":{"@id":"https:\/\/regiaonews.net.br\/2022\/2024\/01\/05\/anoreg-20219-cartorios-de-sao-paulo-sao-premiados-no-premio-de-qualidade-total3\/"},"wordCount":1095,"commentCount":0,"publisher":{"@id":"https:\/\/regiaonews.net.br\/2022\/#organization"},"image":{"@id":"https:\/\/regiaonews.net.br\/2022\/2024\/01\/05\/anoreg-20219-cartorios-de-sao-paulo-sao-premiados-no-premio-de-qualidade-total3\/#primaryimage"},"thumbnailUrl":"https:\/\/regiaonews.net.br\/2022\/wp-content\/uploads\/2024\/01\/WhatsApp-Image-2024-01-05-at-16.30.18.jpeg","articleSection":["Cidades","Estado de S\u00e3o Paulo"],"inLanguage":"pt-BR","potentialAction":[{"@type":"CommentAction","name":"Comment","target":["https:\/\/regiaonews.net.br\/2022\/2024\/01\/05\/anoreg-20219-cartorios-de-sao-paulo-sao-premiados-no-premio-de-qualidade-total3\/#respond"]}]},{"@type":"WebPage","@id":"https:\/\/regiaonews.net.br\/2022\/2024\/01\/05\/anoreg-20219-cartorios-de-sao-paulo-sao-premiados-no-premio-de-qualidade-total3\/","url":"https:\/\/regiaonews.net.br\/2022\/2024\/01\/05\/anoreg-20219-cartorios-de-sao-paulo-sao-premiados-no-premio-de-qualidade-total3\/","name":"Cart\u00f3rios de S\u00e3o Paulo s\u00e3o premiados no Pr\u00eamio de Qualidade Total3 - Regi\u00e3o News","isPartOf":{"@id":"https:\/\/regiaonews.net.br\/2022\/#website"},"primaryImageOfPage":{"@id":"https:\/\/regiaonews.net.br\/2022\/2024\/01\/05\/anoreg-20219-cartorios-de-sao-paulo-sao-premiados-no-premio-de-qualidade-total3\/#primaryimage"},"image":{"@id":"https:\/\/regiaonews.net.br\/2022\/2024\/01\/05\/anoreg-20219-cartorios-de-sao-paulo-sao-premiados-no-premio-de-qualidade-total3\/#primaryimage"},"thumbnailUrl":"https:\/\/regiaonews.net.br\/2022\/wp-content\/uploads\/2024\/01\/WhatsApp-Image-2024-01-05-at-16.30.18.jpeg","datePublished":"2024-01-05T21:22:38+00:00","dateModified":"2024-01-06T01:35:11+00:00","breadcrumb":{"@id":"https:\/\/regiaonews.net.br\/2022\/2024\/01\/05\/anoreg-20219-cartorios-de-sao-paulo-sao-premiados-no-premio-de-qualidade-total3\/#breadcrumb"},"inLanguage":"pt-BR","potentialAction":[{"@type":"ReadAction","target":["https:\/\/regiaonews.net.br\/2022\/2024\/01\/05\/anoreg-20219-cartorios-de-sao-paulo-sao-premiados-no-premio-de-qualidade-total3\/"]}]},{"@type":"ImageObject","inLanguage":"pt-BR","@id":"https:\/\/regiaonews.net.br\/2022\/2024\/01\/05\/anoreg-20219-cartorios-de-sao-paulo-sao-premiados-no-premio-de-qualidade-total3\/#primaryimage","url":"https:\/\/regiaonews.net.br\/2022\/wp-content\/uploads\/2024\/01\/WhatsApp-Image-2024-01-05-at-16.30.18.jpeg","contentUrl":"https:\/\/regiaonews.net.br\/2022\/wp-content\/uploads\/2024\/01\/WhatsApp-Image-2024-01-05-at-16.30.18.jpeg","width":1600,"height":1066},{"@type":"BreadcrumbList","@id":"https:\/\/regiaonews.net.br\/2022\/2024\/01\/05\/anoreg-20219-cartorios-de-sao-paulo-sao-premiados-no-premio-de-qualidade-total3\/#breadcrumb","itemListElement":[{"@type":"ListItem","position":1,"name":"In\u00edcio","item":"https:\/\/regiaonews.net.br\/2022\/"},{"@type":"ListItem","position":2,"name":"Cart\u00f3rios de S\u00e3o Paulo s\u00e3o premiados no Pr\u00eamio de Qualidade Total3"}]},{"@type":"WebSite","@id":"https:\/\/regiaonews.net.br\/2022\/#website","url":"https:\/\/regiaonews.net.br\/2022\/","name":"Regi\u00e3o News","description":"Site de Not\u00edcias de Barretos e regi\u00e3o","publisher":{"@id":"https:\/\/regiaonews.net.br\/2022\/#organization"},"potentialAction":[{"@type":"SearchAction","target":{"@type":"EntryPoint","urlTemplate":"https:\/\/regiaonews.net.br\/2022\/?s={search_term_string}"},"query-input":{"@type":"PropertyValueSpecification","valueRequired":true,"valueName":"search_term_string"}}],"inLanguage":"pt-BR"},{"@type":"Organization","@id":"https:\/\/regiaonews.net.br\/2022\/#organization","name":"Regi\u00e3o News","url":"https:\/\/regiaonews.net.br\/2022\/","logo":{"@type":"ImageObject","inLanguage":"pt-BR","@id":"https:\/\/regiaonews.net.br\/2022\/#\/schema\/logo\/image\/","url":"https:\/\/regiaonews.net.br\/2022\/wp-content\/uploads\/2026\/03\/regiao-13-anos-scaled.jpg","contentUrl":"https:\/\/regiaonews.net.br\/2022\/wp-content\/uploads\/2026\/03\/regiao-13-anos-scaled.jpg","width":2560,"height":635,"caption":"Regi\u00e3o News"},"image":{"@id":"https:\/\/regiaonews.net.br\/2022\/#\/schema\/logo\/image\/"}},{"@type":"Person","@id":"https:\/\/regiaonews.net.br\/2022\/#\/schema\/person\/2d205a608a5aa97ac279d7a5e6d89ad8","name":"Roberto","image":{"@type":"ImageObject","inLanguage":"pt-BR","@id":"https:\/\/secure.gravatar.com\/avatar\/42749d8b712ff9d59ca93dc150494e5b55a44134482993f5baeb97e61b7ecc89?s=96&d=mm&r=g","url":"https:\/\/secure.gravatar.com\/avatar\/42749d8b712ff9d59ca93dc150494e5b55a44134482993f5baeb97e61b7ecc89?s=96&d=mm&r=g","contentUrl":"https:\/\/secure.gravatar.com\/avatar\/42749d8b712ff9d59ca93dc150494e5b55a44134482993f5baeb97e61b7ecc89?s=96&d=mm&r=g","caption":"Roberto"},"url":"https:\/\/regiaonews.net.br\/2022\/author\/roberto\/"}]}},"publishpress_future_action":{"enabled":false,"date":"2026-05-04 10:06:42","action":"change-status","newStatus":"draft","terms":[],"taxonomy":"category","extraData":[]},"publishpress_future_workflow_manual_trigger":{"enabledWorkflows":[]},"_links":{"self":[{"href":"https:\/\/regiaonews.net.br\/2022\/wp-json\/wp\/v2\/posts\/99899","targetHints":{"allow":["GET"]}}],"collection":[{"href":"https:\/\/regiaonews.net.br\/2022\/wp-json\/wp\/v2\/posts"}],"about":[{"href":"https:\/\/regiaonews.net.br\/2022\/wp-json\/wp\/v2\/types\/post"}],"author":[{"embeddable":true,"href":"https:\/\/regiaonews.net.br\/2022\/wp-json\/wp\/v2\/users\/2"}],"replies":[{"embeddable":true,"href":"https:\/\/regiaonews.net.br\/2022\/wp-json\/wp\/v2\/comments?post=99899"}],"version-history":[{"count":4,"href":"https:\/\/regiaonews.net.br\/2022\/wp-json\/wp\/v2\/posts\/99899\/revisions"}],"predecessor-version":[{"id":99915,"href":"https:\/\/regiaonews.net.br\/2022\/wp-json\/wp\/v2\/posts\/99899\/revisions\/99915"}],"wp:featuredmedia":[{"embeddable":true,"href":"https:\/\/regiaonews.net.br\/2022\/wp-json\/wp\/v2\/media\/99900"}],"wp:attachment":[{"href":"https:\/\/regiaonews.net.br\/2022\/wp-json\/wp\/v2\/media?parent=99899"}],"wp:term":[{"taxonomy":"category","embeddable":true,"href":"https:\/\/regiaonews.net.br\/2022\/wp-json\/wp\/v2\/categories?post=99899"},{"taxonomy":"post_tag","embeddable":true,"href":"https:\/\/regiaonews.net.br\/2022\/wp-json\/wp\/v2\/tags?post=99899"}],"curies":[{"name":"wp","href":"https:\/\/api.w.org\/{rel}","templated":true}]}}