{"id":99896,"date":"2024-01-05T17:02:38","date_gmt":"2024-01-05T20:02:38","guid":{"rendered":"https:\/\/regiaonews.net.br\/2022\/?p=99896"},"modified":"2024-01-05T17:02:38","modified_gmt":"2024-01-05T20:02:38","slug":"janeiro-branco-aprenda-a-cuidar-da-saude-mental-no-dia-a-dia","status":"publish","type":"post","link":"https:\/\/regiaonews.net.br\/2022\/2024\/01\/05\/janeiro-branco-aprenda-a-cuidar-da-saude-mental-no-dia-a-dia\/","title":{"rendered":"Janeiro Branco: aprenda a cuidar da sa\u00fade mental no dia a dia"},"content":{"rendered":"<h3 style=\"text-align: center;\">Psic\u00f3loga da Hapvida NotreDame Interm\u00e9dica alerta sobre a import\u00e2ncia do cuidado com as emo\u00e7\u00f5es.<\/h3>\n<p>Com o objetivo de chamar a aten\u00e7\u00e3o para a import\u00e2ncia da sa\u00fade mental na vida das pessoas, foi criada, em 2014, a campanha \u201cJaneiro Branco\u201d, que alerta sobre quest\u00f5es relacionadas \u00e0 tem\u00e1tica e refor\u00e7a a necessidade da busca pelo bem-estar para lidar com estresses e intemp\u00e9ries do cotidiano.<\/p>\n<p>Dados do Minist\u00e9rio da Sa\u00fade apontam que, desde o fim da pandemia, os quadros de ansiedade e depress\u00e3o aumentaram 25%, intensificando a busca por servi\u00e7os de assist\u00eancia e atendimento especializado.<\/p>\n<p>\u201cPreservar a sa\u00fade mental \u00e9 importante e necess\u00e1rio. Precisamos saber como prevenir e cuidar dela no dia a dia\u201d, introduz a psic\u00f3loga da Hapvida NotreDame Interm\u00e9dica, Ivana Teles.<\/p>\n<p>Para intensificar o cuidado com a sa\u00fade mental e, ao mesmo tempo, contribuir com a melhora da qualidade de vida, a psic\u00f3loga d\u00e1 dicas que estimulam a pr\u00e1tica do autocuidado e afastam as possibilidades de adoecimento emocional.<\/p>\n<p>\u201cTodos n\u00f3s precisamos de rotina. Imagina a vida sem rotina. A gente fica sem saber como ser\u00e1 o dia, o que ir\u00e1 fazer, quais os momentos de descanso e lazer. Tudo pode virar um grande caos. Construir rotina \u00e9 a primeira dica, porque a partir dela iremos delimitar o nosso tempo de autocuidado\u201d, ressalta.<\/p>\n<p>A psic\u00f3loga indica, na sequ\u00eancia, a busca por atividades, passeios ou ocupa\u00e7\u00f5es que fa\u00e7am sentido para o cotidiano. Estar em contato com a natureza, ler um livro, cozinhar, assistir a um filme ou ficar pr\u00f3ximo de familiares s\u00e3o alternativas vi\u00e1veis. Segundo Ivana, n\u00e3o existe uma regra, o importante \u00e9 fazer o que se gosta. \u201cO autocuidado \u00e9 muito individual. Precisamos escolher aquilo o que faz sentido para n\u00f3s. H\u00e1 v\u00e1rias possibilidades\u201d, refor\u00e7a.<\/p>\n<p>Outra dica importante \u00e9 cuidar do sono. Conforme a psic\u00f3loga, uma noite mal dormida provoca cansa\u00e7o e facilita o estresse e a irrita\u00e7\u00e3o, podendo prejudicar os v\u00ednculos e a produ\u00e7\u00e3o de horm\u00f4nios, afetando a sa\u00fade.<\/p>\n<p>Atividade f\u00edsica x tela<br \/>\nAl\u00e9m do sono preservado, Ivana tamb\u00e9m indica a inclus\u00e3o de uma pr\u00e1tica esportiva na rotina.<\/p>\n<p>\u201c\u00c9 na atividade f\u00edsica que, muitas vezes, conseguimos descarregar parte de nossos estresses e ansiedades. \u00c9 claro que n\u00e3o ir\u00e1 resolver 100% dos problemas, mas ajuda bastante a aliviar as emo\u00e7\u00f5es, al\u00e9m de produzir uma s\u00e9rie de neurotransmissores ligados ao bem-estar e ao prazer\u201d, afirma.<\/p>\n<p>Ao mesmo tempo em que a profissional recomenda maior dedica\u00e7\u00e3o ao esporte &#8211; o que ajuda no cuidado n\u00e3o s\u00f3 do corpo, mas tamb\u00e9m da mente &#8211; ela sugere uma redu\u00e7\u00e3o no tempo de uso de aparelhos eletr\u00f4nicos.<\/p>\n<p>\u201cMuitas vezes, estamos inclinados a abusar do uso das telas como forma de conseguir os famosos likes, al\u00e9m de acompanhar a vida do outro. \u00c9 como se estiv\u00e9ssemos buscando prazer o tempo todo. A redu\u00e7\u00e3o dessa utiliza\u00e7\u00e3o \u00e9 importante at\u00e9 para que isso n\u00e3o gere um aumento de ansiedade ou mesmo facilidade para irrita\u00e7\u00e3o\u201d, aponta.<\/p>\n<p>Caso as dicas n\u00e3o sejam suficientes, a psic\u00f3loga aconselha a procura por ajuda imediata. \u201cO psic\u00f3logo ou psiquiatra s\u00e3o os profissionais mais indicados para ajudar. N\u00e3o \u00e9 frescura, e, sim, um ato de amor pr\u00f3prio e autocuidado\u201d,\u00a0ressalta.<\/p>\n","protected":false},"excerpt":{"rendered":"<p>Psic\u00f3loga da Hapvida NotreDame Interm\u00e9dica alerta sobre a import\u00e2ncia do<\/p>\n","protected":false},"author":2,"featured_media":99897,"comment_status":"open","ping_status":"open","sticky":false,"template":"","format":"standard","meta":{"footnotes":""},"categories":[14,3],"tags":[],"class_list":["post-99896","post","type-post","status-publish","format-standard","has-post-thumbnail","hentry","category-barretos","category-geral"],"yoast_head":"<!-- This site is optimized with the Yoast SEO plugin v27.4 - https:\/\/yoast.com\/product\/yoast-seo-wordpress\/ -->\n<title>Janeiro Branco: aprenda a cuidar da sa\u00fade mental no dia a dia - Regi\u00e3o News<\/title>\n<meta name=\"robots\" content=\"index, follow, max-snippet:-1, max-image-preview:large, max-video-preview:-1\" \/>\n<link rel=\"canonical\" href=\"https:\/\/regiaonews.net.br\/2022\/2024\/01\/05\/janeiro-branco-aprenda-a-cuidar-da-saude-mental-no-dia-a-dia\/\" \/>\n<meta property=\"og:locale\" content=\"pt_BR\" \/>\n<meta property=\"og:type\" content=\"article\" \/>\n<meta property=\"og:title\" content=\"Janeiro Branco: aprenda a cuidar da sa\u00fade mental no dia a dia - Regi\u00e3o News\" \/>\n<meta property=\"og:description\" content=\"Psic\u00f3loga da Hapvida NotreDame Interm\u00e9dica alerta sobre a import\u00e2ncia do\" \/>\n<meta property=\"og:url\" content=\"https:\/\/regiaonews.net.br\/2022\/2024\/01\/05\/janeiro-branco-aprenda-a-cuidar-da-saude-mental-no-dia-a-dia\/\" \/>\n<meta property=\"og:site_name\" content=\"Regi\u00e3o News\" \/>\n<meta property=\"article:published_time\" content=\"2024-01-05T20:02:38+00:00\" \/>\n<meta property=\"og:image\" content=\"https:\/\/regiaonews.net.br\/2022\/wp-content\/uploads\/2024\/01\/Imagem-do-WhatsApp-de-2024-01-05-as-16.00.03_17504420.jpg\" \/>\n\t<meta property=\"og:image:width\" content=\"1500\" \/>\n\t<meta property=\"og:image:height\" content=\"1000\" \/>\n\t<meta property=\"og:image:type\" content=\"image\/jpeg\" \/>\n<meta name=\"author\" content=\"Roberto\" \/>\n<meta name=\"twitter:card\" content=\"summary_large_image\" \/>\n<meta name=\"twitter:label1\" content=\"Escrito por\" \/>\n\t<meta name=\"twitter:data1\" content=\"Roberto\" \/>\n\t<meta name=\"twitter:label2\" content=\"Est. tempo de leitura\" \/>\n\t<meta name=\"twitter:data2\" content=\"3 minutos\" \/>\n<script type=\"application\/ld+json\" class=\"yoast-schema-graph\">{\"@context\":\"https:\\\/\\\/schema.org\",\"@graph\":[{\"@type\":\"Article\",\"@id\":\"https:\\\/\\\/regiaonews.net.br\\\/2022\\\/2024\\\/01\\\/05\\\/janeiro-branco-aprenda-a-cuidar-da-saude-mental-no-dia-a-dia\\\/#article\",\"isPartOf\":{\"@id\":\"https:\\\/\\\/regiaonews.net.br\\\/2022\\\/2024\\\/01\\\/05\\\/janeiro-branco-aprenda-a-cuidar-da-saude-mental-no-dia-a-dia\\\/\"},\"author\":{\"name\":\"Roberto\",\"@id\":\"https:\\\/\\\/regiaonews.net.br\\\/2022\\\/#\\\/schema\\\/person\\\/2d205a608a5aa97ac279d7a5e6d89ad8\"},\"headline\":\"Janeiro Branco: aprenda a cuidar da sa\u00fade mental no dia a dia\",\"datePublished\":\"2024-01-05T20:02:38+00:00\",\"mainEntityOfPage\":{\"@id\":\"https:\\\/\\\/regiaonews.net.br\\\/2022\\\/2024\\\/01\\\/05\\\/janeiro-branco-aprenda-a-cuidar-da-saude-mental-no-dia-a-dia\\\/\"},\"wordCount\":581,\"commentCount\":0,\"publisher\":{\"@id\":\"https:\\\/\\\/regiaonews.net.br\\\/2022\\\/#organization\"},\"image\":{\"@id\":\"https:\\\/\\\/regiaonews.net.br\\\/2022\\\/2024\\\/01\\\/05\\\/janeiro-branco-aprenda-a-cuidar-da-saude-mental-no-dia-a-dia\\\/#primaryimage\"},\"thumbnailUrl\":\"https:\\\/\\\/regiaonews.net.br\\\/2022\\\/wp-content\\\/uploads\\\/2024\\\/01\\\/Imagem-do-WhatsApp-de-2024-01-05-as-16.00.03_17504420.jpg\",\"articleSection\":[\"Barretos\",\"Geral\"],\"inLanguage\":\"pt-BR\",\"potentialAction\":[{\"@type\":\"CommentAction\",\"name\":\"Comment\",\"target\":[\"https:\\\/\\\/regiaonews.net.br\\\/2022\\\/2024\\\/01\\\/05\\\/janeiro-branco-aprenda-a-cuidar-da-saude-mental-no-dia-a-dia\\\/#respond\"]}]},{\"@type\":\"WebPage\",\"@id\":\"https:\\\/\\\/regiaonews.net.br\\\/2022\\\/2024\\\/01\\\/05\\\/janeiro-branco-aprenda-a-cuidar-da-saude-mental-no-dia-a-dia\\\/\",\"url\":\"https:\\\/\\\/regiaonews.net.br\\\/2022\\\/2024\\\/01\\\/05\\\/janeiro-branco-aprenda-a-cuidar-da-saude-mental-no-dia-a-dia\\\/\",\"name\":\"Janeiro Branco: aprenda a cuidar da sa\u00fade mental no dia a dia - Regi\u00e3o News\",\"isPartOf\":{\"@id\":\"https:\\\/\\\/regiaonews.net.br\\\/2022\\\/#website\"},\"primaryImageOfPage\":{\"@id\":\"https:\\\/\\\/regiaonews.net.br\\\/2022\\\/2024\\\/01\\\/05\\\/janeiro-branco-aprenda-a-cuidar-da-saude-mental-no-dia-a-dia\\\/#primaryimage\"},\"image\":{\"@id\":\"https:\\\/\\\/regiaonews.net.br\\\/2022\\\/2024\\\/01\\\/05\\\/janeiro-branco-aprenda-a-cuidar-da-saude-mental-no-dia-a-dia\\\/#primaryimage\"},\"thumbnailUrl\":\"https:\\\/\\\/regiaonews.net.br\\\/2022\\\/wp-content\\\/uploads\\\/2024\\\/01\\\/Imagem-do-WhatsApp-de-2024-01-05-as-16.00.03_17504420.jpg\",\"datePublished\":\"2024-01-05T20:02:38+00:00\",\"breadcrumb\":{\"@id\":\"https:\\\/\\\/regiaonews.net.br\\\/2022\\\/2024\\\/01\\\/05\\\/janeiro-branco-aprenda-a-cuidar-da-saude-mental-no-dia-a-dia\\\/#breadcrumb\"},\"inLanguage\":\"pt-BR\",\"potentialAction\":[{\"@type\":\"ReadAction\",\"target\":[\"https:\\\/\\\/regiaonews.net.br\\\/2022\\\/2024\\\/01\\\/05\\\/janeiro-branco-aprenda-a-cuidar-da-saude-mental-no-dia-a-dia\\\/\"]}]},{\"@type\":\"ImageObject\",\"inLanguage\":\"pt-BR\",\"@id\":\"https:\\\/\\\/regiaonews.net.br\\\/2022\\\/2024\\\/01\\\/05\\\/janeiro-branco-aprenda-a-cuidar-da-saude-mental-no-dia-a-dia\\\/#primaryimage\",\"url\":\"https:\\\/\\\/regiaonews.net.br\\\/2022\\\/wp-content\\\/uploads\\\/2024\\\/01\\\/Imagem-do-WhatsApp-de-2024-01-05-as-16.00.03_17504420.jpg\",\"contentUrl\":\"https:\\\/\\\/regiaonews.net.br\\\/2022\\\/wp-content\\\/uploads\\\/2024\\\/01\\\/Imagem-do-WhatsApp-de-2024-01-05-as-16.00.03_17504420.jpg\",\"width\":1500,\"height\":1000},{\"@type\":\"BreadcrumbList\",\"@id\":\"https:\\\/\\\/regiaonews.net.br\\\/2022\\\/2024\\\/01\\\/05\\\/janeiro-branco-aprenda-a-cuidar-da-saude-mental-no-dia-a-dia\\\/#breadcrumb\",\"itemListElement\":[{\"@type\":\"ListItem\",\"position\":1,\"name\":\"In\u00edcio\",\"item\":\"https:\\\/\\\/regiaonews.net.br\\\/2022\\\/\"},{\"@type\":\"ListItem\",\"position\":2,\"name\":\"Janeiro Branco: aprenda a cuidar da sa\u00fade mental no dia a dia\"}]},{\"@type\":\"WebSite\",\"@id\":\"https:\\\/\\\/regiaonews.net.br\\\/2022\\\/#website\",\"url\":\"https:\\\/\\\/regiaonews.net.br\\\/2022\\\/\",\"name\":\"Regi\u00e3o News\",\"description\":\"Site de Not\u00edcias de Barretos e regi\u00e3o\",\"publisher\":{\"@id\":\"https:\\\/\\\/regiaonews.net.br\\\/2022\\\/#organization\"},\"potentialAction\":[{\"@type\":\"SearchAction\",\"target\":{\"@type\":\"EntryPoint\",\"urlTemplate\":\"https:\\\/\\\/regiaonews.net.br\\\/2022\\\/?s={search_term_string}\"},\"query-input\":{\"@type\":\"PropertyValueSpecification\",\"valueRequired\":true,\"valueName\":\"search_term_string\"}}],\"inLanguage\":\"pt-BR\"},{\"@type\":\"Organization\",\"@id\":\"https:\\\/\\\/regiaonews.net.br\\\/2022\\\/#organization\",\"name\":\"Regi\u00e3o News\",\"url\":\"https:\\\/\\\/regiaonews.net.br\\\/2022\\\/\",\"logo\":{\"@type\":\"ImageObject\",\"inLanguage\":\"pt-BR\",\"@id\":\"https:\\\/\\\/regiaonews.net.br\\\/2022\\\/#\\\/schema\\\/logo\\\/image\\\/\",\"url\":\"https:\\\/\\\/regiaonews.net.br\\\/2022\\\/wp-content\\\/uploads\\\/2026\\\/03\\\/regiao-13-anos-scaled.jpg\",\"contentUrl\":\"https:\\\/\\\/regiaonews.net.br\\\/2022\\\/wp-content\\\/uploads\\\/2026\\\/03\\\/regiao-13-anos-scaled.jpg\",\"width\":2560,\"height\":635,\"caption\":\"Regi\u00e3o News\"},\"image\":{\"@id\":\"https:\\\/\\\/regiaonews.net.br\\\/2022\\\/#\\\/schema\\\/logo\\\/image\\\/\"}},{\"@type\":\"Person\",\"@id\":\"https:\\\/\\\/regiaonews.net.br\\\/2022\\\/#\\\/schema\\\/person\\\/2d205a608a5aa97ac279d7a5e6d89ad8\",\"name\":\"Roberto\",\"image\":{\"@type\":\"ImageObject\",\"inLanguage\":\"pt-BR\",\"@id\":\"https:\\\/\\\/secure.gravatar.com\\\/avatar\\\/42749d8b712ff9d59ca93dc150494e5b55a44134482993f5baeb97e61b7ecc89?s=96&d=mm&r=g\",\"url\":\"https:\\\/\\\/secure.gravatar.com\\\/avatar\\\/42749d8b712ff9d59ca93dc150494e5b55a44134482993f5baeb97e61b7ecc89?s=96&d=mm&r=g\",\"contentUrl\":\"https:\\\/\\\/secure.gravatar.com\\\/avatar\\\/42749d8b712ff9d59ca93dc150494e5b55a44134482993f5baeb97e61b7ecc89?s=96&d=mm&r=g\",\"caption\":\"Roberto\"},\"url\":\"https:\\\/\\\/regiaonews.net.br\\\/2022\\\/author\\\/roberto\\\/\"}]}<\/script>\n<!-- \/ Yoast SEO plugin. -->","yoast_head_json":{"title":"Janeiro Branco: aprenda a cuidar da sa\u00fade mental no dia a dia - Regi\u00e3o News","robots":{"index":"index","follow":"follow","max-snippet":"max-snippet:-1","max-image-preview":"max-image-preview:large","max-video-preview":"max-video-preview:-1"},"canonical":"https:\/\/regiaonews.net.br\/2022\/2024\/01\/05\/janeiro-branco-aprenda-a-cuidar-da-saude-mental-no-dia-a-dia\/","og_locale":"pt_BR","og_type":"article","og_title":"Janeiro Branco: aprenda a cuidar da sa\u00fade mental no dia a dia - Regi\u00e3o News","og_description":"Psic\u00f3loga da Hapvida NotreDame Interm\u00e9dica alerta sobre a import\u00e2ncia do","og_url":"https:\/\/regiaonews.net.br\/2022\/2024\/01\/05\/janeiro-branco-aprenda-a-cuidar-da-saude-mental-no-dia-a-dia\/","og_site_name":"Regi\u00e3o News","article_published_time":"2024-01-05T20:02:38+00:00","og_image":[{"width":1500,"height":1000,"url":"https:\/\/regiaonews.net.br\/2022\/wp-content\/uploads\/2024\/01\/Imagem-do-WhatsApp-de-2024-01-05-as-16.00.03_17504420.jpg","type":"image\/jpeg"}],"author":"Roberto","twitter_card":"summary_large_image","twitter_misc":{"Escrito por":"Roberto","Est. tempo de leitura":"3 minutos"},"schema":{"@context":"https:\/\/schema.org","@graph":[{"@type":"Article","@id":"https:\/\/regiaonews.net.br\/2022\/2024\/01\/05\/janeiro-branco-aprenda-a-cuidar-da-saude-mental-no-dia-a-dia\/#article","isPartOf":{"@id":"https:\/\/regiaonews.net.br\/2022\/2024\/01\/05\/janeiro-branco-aprenda-a-cuidar-da-saude-mental-no-dia-a-dia\/"},"author":{"name":"Roberto","@id":"https:\/\/regiaonews.net.br\/2022\/#\/schema\/person\/2d205a608a5aa97ac279d7a5e6d89ad8"},"headline":"Janeiro Branco: aprenda a cuidar da sa\u00fade mental no dia a dia","datePublished":"2024-01-05T20:02:38+00:00","mainEntityOfPage":{"@id":"https:\/\/regiaonews.net.br\/2022\/2024\/01\/05\/janeiro-branco-aprenda-a-cuidar-da-saude-mental-no-dia-a-dia\/"},"wordCount":581,"commentCount":0,"publisher":{"@id":"https:\/\/regiaonews.net.br\/2022\/#organization"},"image":{"@id":"https:\/\/regiaonews.net.br\/2022\/2024\/01\/05\/janeiro-branco-aprenda-a-cuidar-da-saude-mental-no-dia-a-dia\/#primaryimage"},"thumbnailUrl":"https:\/\/regiaonews.net.br\/2022\/wp-content\/uploads\/2024\/01\/Imagem-do-WhatsApp-de-2024-01-05-as-16.00.03_17504420.jpg","articleSection":["Barretos","Geral"],"inLanguage":"pt-BR","potentialAction":[{"@type":"CommentAction","name":"Comment","target":["https:\/\/regiaonews.net.br\/2022\/2024\/01\/05\/janeiro-branco-aprenda-a-cuidar-da-saude-mental-no-dia-a-dia\/#respond"]}]},{"@type":"WebPage","@id":"https:\/\/regiaonews.net.br\/2022\/2024\/01\/05\/janeiro-branco-aprenda-a-cuidar-da-saude-mental-no-dia-a-dia\/","url":"https:\/\/regiaonews.net.br\/2022\/2024\/01\/05\/janeiro-branco-aprenda-a-cuidar-da-saude-mental-no-dia-a-dia\/","name":"Janeiro Branco: aprenda a cuidar da sa\u00fade mental no dia a dia - Regi\u00e3o News","isPartOf":{"@id":"https:\/\/regiaonews.net.br\/2022\/#website"},"primaryImageOfPage":{"@id":"https:\/\/regiaonews.net.br\/2022\/2024\/01\/05\/janeiro-branco-aprenda-a-cuidar-da-saude-mental-no-dia-a-dia\/#primaryimage"},"image":{"@id":"https:\/\/regiaonews.net.br\/2022\/2024\/01\/05\/janeiro-branco-aprenda-a-cuidar-da-saude-mental-no-dia-a-dia\/#primaryimage"},"thumbnailUrl":"https:\/\/regiaonews.net.br\/2022\/wp-content\/uploads\/2024\/01\/Imagem-do-WhatsApp-de-2024-01-05-as-16.00.03_17504420.jpg","datePublished":"2024-01-05T20:02:38+00:00","breadcrumb":{"@id":"https:\/\/regiaonews.net.br\/2022\/2024\/01\/05\/janeiro-branco-aprenda-a-cuidar-da-saude-mental-no-dia-a-dia\/#breadcrumb"},"inLanguage":"pt-BR","potentialAction":[{"@type":"ReadAction","target":["https:\/\/regiaonews.net.br\/2022\/2024\/01\/05\/janeiro-branco-aprenda-a-cuidar-da-saude-mental-no-dia-a-dia\/"]}]},{"@type":"ImageObject","inLanguage":"pt-BR","@id":"https:\/\/regiaonews.net.br\/2022\/2024\/01\/05\/janeiro-branco-aprenda-a-cuidar-da-saude-mental-no-dia-a-dia\/#primaryimage","url":"https:\/\/regiaonews.net.br\/2022\/wp-content\/uploads\/2024\/01\/Imagem-do-WhatsApp-de-2024-01-05-as-16.00.03_17504420.jpg","contentUrl":"https:\/\/regiaonews.net.br\/2022\/wp-content\/uploads\/2024\/01\/Imagem-do-WhatsApp-de-2024-01-05-as-16.00.03_17504420.jpg","width":1500,"height":1000},{"@type":"BreadcrumbList","@id":"https:\/\/regiaonews.net.br\/2022\/2024\/01\/05\/janeiro-branco-aprenda-a-cuidar-da-saude-mental-no-dia-a-dia\/#breadcrumb","itemListElement":[{"@type":"ListItem","position":1,"name":"In\u00edcio","item":"https:\/\/regiaonews.net.br\/2022\/"},{"@type":"ListItem","position":2,"name":"Janeiro Branco: aprenda a cuidar da sa\u00fade mental no dia a dia"}]},{"@type":"WebSite","@id":"https:\/\/regiaonews.net.br\/2022\/#website","url":"https:\/\/regiaonews.net.br\/2022\/","name":"Regi\u00e3o News","description":"Site de Not\u00edcias de Barretos e regi\u00e3o","publisher":{"@id":"https:\/\/regiaonews.net.br\/2022\/#organization"},"potentialAction":[{"@type":"SearchAction","target":{"@type":"EntryPoint","urlTemplate":"https:\/\/regiaonews.net.br\/2022\/?s={search_term_string}"},"query-input":{"@type":"PropertyValueSpecification","valueRequired":true,"valueName":"search_term_string"}}],"inLanguage":"pt-BR"},{"@type":"Organization","@id":"https:\/\/regiaonews.net.br\/2022\/#organization","name":"Regi\u00e3o News","url":"https:\/\/regiaonews.net.br\/2022\/","logo":{"@type":"ImageObject","inLanguage":"pt-BR","@id":"https:\/\/regiaonews.net.br\/2022\/#\/schema\/logo\/image\/","url":"https:\/\/regiaonews.net.br\/2022\/wp-content\/uploads\/2026\/03\/regiao-13-anos-scaled.jpg","contentUrl":"https:\/\/regiaonews.net.br\/2022\/wp-content\/uploads\/2026\/03\/regiao-13-anos-scaled.jpg","width":2560,"height":635,"caption":"Regi\u00e3o News"},"image":{"@id":"https:\/\/regiaonews.net.br\/2022\/#\/schema\/logo\/image\/"}},{"@type":"Person","@id":"https:\/\/regiaonews.net.br\/2022\/#\/schema\/person\/2d205a608a5aa97ac279d7a5e6d89ad8","name":"Roberto","image":{"@type":"ImageObject","inLanguage":"pt-BR","@id":"https:\/\/secure.gravatar.com\/avatar\/42749d8b712ff9d59ca93dc150494e5b55a44134482993f5baeb97e61b7ecc89?s=96&d=mm&r=g","url":"https:\/\/secure.gravatar.com\/avatar\/42749d8b712ff9d59ca93dc150494e5b55a44134482993f5baeb97e61b7ecc89?s=96&d=mm&r=g","contentUrl":"https:\/\/secure.gravatar.com\/avatar\/42749d8b712ff9d59ca93dc150494e5b55a44134482993f5baeb97e61b7ecc89?s=96&d=mm&r=g","caption":"Roberto"},"url":"https:\/\/regiaonews.net.br\/2022\/author\/roberto\/"}]}},"publishpress_future_action":{"enabled":false,"date":"2026-05-04 11:36:17","action":"change-status","newStatus":"draft","terms":[],"taxonomy":"category","extraData":[]},"publishpress_future_workflow_manual_trigger":{"enabledWorkflows":[]},"_links":{"self":[{"href":"https:\/\/regiaonews.net.br\/2022\/wp-json\/wp\/v2\/posts\/99896","targetHints":{"allow":["GET"]}}],"collection":[{"href":"https:\/\/regiaonews.net.br\/2022\/wp-json\/wp\/v2\/posts"}],"about":[{"href":"https:\/\/regiaonews.net.br\/2022\/wp-json\/wp\/v2\/types\/post"}],"author":[{"embeddable":true,"href":"https:\/\/regiaonews.net.br\/2022\/wp-json\/wp\/v2\/users\/2"}],"replies":[{"embeddable":true,"href":"https:\/\/regiaonews.net.br\/2022\/wp-json\/wp\/v2\/comments?post=99896"}],"version-history":[{"count":1,"href":"https:\/\/regiaonews.net.br\/2022\/wp-json\/wp\/v2\/posts\/99896\/revisions"}],"predecessor-version":[{"id":99898,"href":"https:\/\/regiaonews.net.br\/2022\/wp-json\/wp\/v2\/posts\/99896\/revisions\/99898"}],"wp:featuredmedia":[{"embeddable":true,"href":"https:\/\/regiaonews.net.br\/2022\/wp-json\/wp\/v2\/media\/99897"}],"wp:attachment":[{"href":"https:\/\/regiaonews.net.br\/2022\/wp-json\/wp\/v2\/media?parent=99896"}],"wp:term":[{"taxonomy":"category","embeddable":true,"href":"https:\/\/regiaonews.net.br\/2022\/wp-json\/wp\/v2\/categories?post=99896"},{"taxonomy":"post_tag","embeddable":true,"href":"https:\/\/regiaonews.net.br\/2022\/wp-json\/wp\/v2\/tags?post=99896"}],"curies":[{"name":"wp","href":"https:\/\/api.w.org\/{rel}","templated":true}]}}