{"id":99883,"date":"2024-01-05T11:32:45","date_gmt":"2024-01-05T14:32:45","guid":{"rendered":"https:\/\/regiaonews.net.br\/2022\/?p=99883"},"modified":"2024-01-05T11:32:45","modified_gmt":"2024-01-05T14:32:45","slug":"prefeitura-de-barretos-informa-sobre-prazo-para-regularizacao-na-zona-azul-eletronica","status":"publish","type":"post","link":"https:\/\/regiaonews.net.br\/2022\/2024\/01\/05\/prefeitura-de-barretos-informa-sobre-prazo-para-regularizacao-na-zona-azul-eletronica\/","title":{"rendered":"Prefeitura de Barretos informa sobre prazo para regulariza\u00e7\u00e3o na Zona Azul Eletr\u00f4nica"},"content":{"rendered":"<h3 style=\"text-align: center;\">Secret\u00e1rio de Ordem P\u00fablica, Luiz de Matos, refor\u00e7a a import\u00e2ncia da regulariza\u00e7\u00e3o e destaca os benef\u00edcios para a comunidade.<\/h3>\n<p>A Prefeitura da Est\u00e2ncia Tur\u00edstica de Barretos informa aos usu\u00e1rios da Zona Azul Eletr\u00f4nica sobre o prazo estabelecido para regulariza\u00e7\u00e3o. O per\u00edodo abrange notifica\u00e7\u00f5es emitidas de maio a novembro de 2023, desde a assinatura do Termo de Ajustamento de Conduta (TAC) at\u00e9 a conclus\u00e3o da instala\u00e7\u00e3o das placas de sinaliza\u00e7\u00e3o.<\/p>\n<p>O Secret\u00e1rio de Ordem P\u00fablica, Luis de Matos, ressalta a import\u00e2ncia de atender ao chamado para regulariza\u00e7\u00e3o at\u00e9 o dia 28 de fevereiro de 2024. Em suas palavras, destaca que \u2018a a\u00e7\u00e3o n\u00e3o apenas cumpre requisitos legais, mas tamb\u00e9m contribui para a efici\u00eancia do sistema de estacionamento e melhora a experi\u00eancia dos cidad\u00e3os\u201d.<\/p>\n<p>A Prefeitura reitera que a regulariza\u00e7\u00e3o \u00e9 fundamental para evitar poss\u00edveis complica\u00e7\u00f5es legais. Luiz de Matos complementa, enfatizando que a coopera\u00e7\u00e3o de todos \u00e9 essencial para manter a ordem e a organiza\u00e7\u00e3o no uso da Zona Azul Eletr\u00f4nica, garantindo um ambiente urbano mais fluido e agrad\u00e1vel para toda a comunidade de Barretos.<\/p>\n<p>Assimp-1088-2024<br \/>\nReda\u00e7\u00e3o: Assessoria\u00a0de\u00a0Imprensa<\/p>\n","protected":false},"excerpt":{"rendered":"<p>Secret\u00e1rio de Ordem P\u00fablica, Luiz de Matos, refor\u00e7a a import\u00e2ncia<\/p>\n","protected":false},"author":2,"featured_media":99884,"comment_status":"open","ping_status":"open","sticky":false,"template":"","format":"standard","meta":{"footnotes":""},"categories":[14,3],"tags":[],"class_list":["post-99883","post","type-post","status-publish","format-standard","has-post-thumbnail","hentry","category-barretos","category-geral"],"yoast_head":"<!-- This site is optimized with the Yoast SEO plugin v27.4 - https:\/\/yoast.com\/product\/yoast-seo-wordpress\/ -->\n<title>Prefeitura de Barretos informa sobre prazo para regulariza\u00e7\u00e3o na Zona Azul Eletr\u00f4nica - Regi\u00e3o News<\/title>\n<meta name=\"robots\" content=\"index, follow, max-snippet:-1, max-image-preview:large, max-video-preview:-1\" \/>\n<link rel=\"canonical\" href=\"https:\/\/regiaonews.net.br\/2022\/2024\/01\/05\/prefeitura-de-barretos-informa-sobre-prazo-para-regularizacao-na-zona-azul-eletronica\/\" \/>\n<meta property=\"og:locale\" content=\"pt_BR\" \/>\n<meta property=\"og:type\" content=\"article\" \/>\n<meta property=\"og:title\" content=\"Prefeitura de Barretos informa sobre prazo para regulariza\u00e7\u00e3o na Zona Azul Eletr\u00f4nica - Regi\u00e3o News\" \/>\n<meta property=\"og:description\" content=\"Secret\u00e1rio de Ordem P\u00fablica, Luiz de Matos, refor\u00e7a a import\u00e2ncia\" \/>\n<meta property=\"og:url\" content=\"https:\/\/regiaonews.net.br\/2022\/2024\/01\/05\/prefeitura-de-barretos-informa-sobre-prazo-para-regularizacao-na-zona-azul-eletronica\/\" \/>\n<meta property=\"og:site_name\" content=\"Regi\u00e3o News\" \/>\n<meta property=\"article:published_time\" content=\"2024-01-05T14:32:45+00:00\" \/>\n<meta property=\"og:image\" content=\"https:\/\/regiaonews.net.br\/2022\/wp-content\/uploads\/2024\/01\/Imagem-do-WhatsApp-de-2024-01-05-as-09.34.25_23f2a4aa.jpg\" \/>\n\t<meta property=\"og:image:width\" content=\"1600\" \/>\n\t<meta property=\"og:image:height\" content=\"1200\" \/>\n\t<meta property=\"og:image:type\" content=\"image\/jpeg\" \/>\n<meta name=\"author\" content=\"Roberto\" \/>\n<meta name=\"twitter:card\" content=\"summary_large_image\" \/>\n<meta name=\"twitter:label1\" content=\"Escrito por\" \/>\n\t<meta name=\"twitter:data1\" content=\"Roberto\" \/>\n\t<meta name=\"twitter:label2\" content=\"Est. tempo de leitura\" \/>\n\t<meta name=\"twitter:data2\" content=\"1 minuto\" \/>\n<script type=\"application\/ld+json\" class=\"yoast-schema-graph\">{\"@context\":\"https:\\\/\\\/schema.org\",\"@graph\":[{\"@type\":\"Article\",\"@id\":\"https:\\\/\\\/regiaonews.net.br\\\/2022\\\/2024\\\/01\\\/05\\\/prefeitura-de-barretos-informa-sobre-prazo-para-regularizacao-na-zona-azul-eletronica\\\/#article\",\"isPartOf\":{\"@id\":\"https:\\\/\\\/regiaonews.net.br\\\/2022\\\/2024\\\/01\\\/05\\\/prefeitura-de-barretos-informa-sobre-prazo-para-regularizacao-na-zona-azul-eletronica\\\/\"},\"author\":{\"name\":\"Roberto\",\"@id\":\"https:\\\/\\\/regiaonews.net.br\\\/2022\\\/#\\\/schema\\\/person\\\/2d205a608a5aa97ac279d7a5e6d89ad8\"},\"headline\":\"Prefeitura de Barretos informa sobre prazo para regulariza\u00e7\u00e3o na Zona Azul Eletr\u00f4nica\",\"datePublished\":\"2024-01-05T14:32:45+00:00\",\"mainEntityOfPage\":{\"@id\":\"https:\\\/\\\/regiaonews.net.br\\\/2022\\\/2024\\\/01\\\/05\\\/prefeitura-de-barretos-informa-sobre-prazo-para-regularizacao-na-zona-azul-eletronica\\\/\"},\"wordCount\":223,\"commentCount\":0,\"publisher\":{\"@id\":\"https:\\\/\\\/regiaonews.net.br\\\/2022\\\/#organization\"},\"image\":{\"@id\":\"https:\\\/\\\/regiaonews.net.br\\\/2022\\\/2024\\\/01\\\/05\\\/prefeitura-de-barretos-informa-sobre-prazo-para-regularizacao-na-zona-azul-eletronica\\\/#primaryimage\"},\"thumbnailUrl\":\"https:\\\/\\\/regiaonews.net.br\\\/2022\\\/wp-content\\\/uploads\\\/2024\\\/01\\\/Imagem-do-WhatsApp-de-2024-01-05-as-09.34.25_23f2a4aa.jpg\",\"articleSection\":[\"Barretos\",\"Geral\"],\"inLanguage\":\"pt-BR\",\"potentialAction\":[{\"@type\":\"CommentAction\",\"name\":\"Comment\",\"target\":[\"https:\\\/\\\/regiaonews.net.br\\\/2022\\\/2024\\\/01\\\/05\\\/prefeitura-de-barretos-informa-sobre-prazo-para-regularizacao-na-zona-azul-eletronica\\\/#respond\"]}]},{\"@type\":\"WebPage\",\"@id\":\"https:\\\/\\\/regiaonews.net.br\\\/2022\\\/2024\\\/01\\\/05\\\/prefeitura-de-barretos-informa-sobre-prazo-para-regularizacao-na-zona-azul-eletronica\\\/\",\"url\":\"https:\\\/\\\/regiaonews.net.br\\\/2022\\\/2024\\\/01\\\/05\\\/prefeitura-de-barretos-informa-sobre-prazo-para-regularizacao-na-zona-azul-eletronica\\\/\",\"name\":\"Prefeitura de Barretos informa sobre prazo para regulariza\u00e7\u00e3o na Zona Azul Eletr\u00f4nica - Regi\u00e3o News\",\"isPartOf\":{\"@id\":\"https:\\\/\\\/regiaonews.net.br\\\/2022\\\/#website\"},\"primaryImageOfPage\":{\"@id\":\"https:\\\/\\\/regiaonews.net.br\\\/2022\\\/2024\\\/01\\\/05\\\/prefeitura-de-barretos-informa-sobre-prazo-para-regularizacao-na-zona-azul-eletronica\\\/#primaryimage\"},\"image\":{\"@id\":\"https:\\\/\\\/regiaonews.net.br\\\/2022\\\/2024\\\/01\\\/05\\\/prefeitura-de-barretos-informa-sobre-prazo-para-regularizacao-na-zona-azul-eletronica\\\/#primaryimage\"},\"thumbnailUrl\":\"https:\\\/\\\/regiaonews.net.br\\\/2022\\\/wp-content\\\/uploads\\\/2024\\\/01\\\/Imagem-do-WhatsApp-de-2024-01-05-as-09.34.25_23f2a4aa.jpg\",\"datePublished\":\"2024-01-05T14:32:45+00:00\",\"breadcrumb\":{\"@id\":\"https:\\\/\\\/regiaonews.net.br\\\/2022\\\/2024\\\/01\\\/05\\\/prefeitura-de-barretos-informa-sobre-prazo-para-regularizacao-na-zona-azul-eletronica\\\/#breadcrumb\"},\"inLanguage\":\"pt-BR\",\"potentialAction\":[{\"@type\":\"ReadAction\",\"target\":[\"https:\\\/\\\/regiaonews.net.br\\\/2022\\\/2024\\\/01\\\/05\\\/prefeitura-de-barretos-informa-sobre-prazo-para-regularizacao-na-zona-azul-eletronica\\\/\"]}]},{\"@type\":\"ImageObject\",\"inLanguage\":\"pt-BR\",\"@id\":\"https:\\\/\\\/regiaonews.net.br\\\/2022\\\/2024\\\/01\\\/05\\\/prefeitura-de-barretos-informa-sobre-prazo-para-regularizacao-na-zona-azul-eletronica\\\/#primaryimage\",\"url\":\"https:\\\/\\\/regiaonews.net.br\\\/2022\\\/wp-content\\\/uploads\\\/2024\\\/01\\\/Imagem-do-WhatsApp-de-2024-01-05-as-09.34.25_23f2a4aa.jpg\",\"contentUrl\":\"https:\\\/\\\/regiaonews.net.br\\\/2022\\\/wp-content\\\/uploads\\\/2024\\\/01\\\/Imagem-do-WhatsApp-de-2024-01-05-as-09.34.25_23f2a4aa.jpg\",\"width\":1600,\"height\":1200},{\"@type\":\"BreadcrumbList\",\"@id\":\"https:\\\/\\\/regiaonews.net.br\\\/2022\\\/2024\\\/01\\\/05\\\/prefeitura-de-barretos-informa-sobre-prazo-para-regularizacao-na-zona-azul-eletronica\\\/#breadcrumb\",\"itemListElement\":[{\"@type\":\"ListItem\",\"position\":1,\"name\":\"In\u00edcio\",\"item\":\"https:\\\/\\\/regiaonews.net.br\\\/2022\\\/\"},{\"@type\":\"ListItem\",\"position\":2,\"name\":\"Prefeitura de Barretos informa sobre prazo para regulariza\u00e7\u00e3o na Zona Azul Eletr\u00f4nica\"}]},{\"@type\":\"WebSite\",\"@id\":\"https:\\\/\\\/regiaonews.net.br\\\/2022\\\/#website\",\"url\":\"https:\\\/\\\/regiaonews.net.br\\\/2022\\\/\",\"name\":\"Regi\u00e3o News\",\"description\":\"Site de Not\u00edcias de Barretos e regi\u00e3o\",\"publisher\":{\"@id\":\"https:\\\/\\\/regiaonews.net.br\\\/2022\\\/#organization\"},\"potentialAction\":[{\"@type\":\"SearchAction\",\"target\":{\"@type\":\"EntryPoint\",\"urlTemplate\":\"https:\\\/\\\/regiaonews.net.br\\\/2022\\\/?s={search_term_string}\"},\"query-input\":{\"@type\":\"PropertyValueSpecification\",\"valueRequired\":true,\"valueName\":\"search_term_string\"}}],\"inLanguage\":\"pt-BR\"},{\"@type\":\"Organization\",\"@id\":\"https:\\\/\\\/regiaonews.net.br\\\/2022\\\/#organization\",\"name\":\"Regi\u00e3o News\",\"url\":\"https:\\\/\\\/regiaonews.net.br\\\/2022\\\/\",\"logo\":{\"@type\":\"ImageObject\",\"inLanguage\":\"pt-BR\",\"@id\":\"https:\\\/\\\/regiaonews.net.br\\\/2022\\\/#\\\/schema\\\/logo\\\/image\\\/\",\"url\":\"https:\\\/\\\/regiaonews.net.br\\\/2022\\\/wp-content\\\/uploads\\\/2026\\\/03\\\/regiao-13-anos-scaled.jpg\",\"contentUrl\":\"https:\\\/\\\/regiaonews.net.br\\\/2022\\\/wp-content\\\/uploads\\\/2026\\\/03\\\/regiao-13-anos-scaled.jpg\",\"width\":2560,\"height\":635,\"caption\":\"Regi\u00e3o News\"},\"image\":{\"@id\":\"https:\\\/\\\/regiaonews.net.br\\\/2022\\\/#\\\/schema\\\/logo\\\/image\\\/\"}},{\"@type\":\"Person\",\"@id\":\"https:\\\/\\\/regiaonews.net.br\\\/2022\\\/#\\\/schema\\\/person\\\/2d205a608a5aa97ac279d7a5e6d89ad8\",\"name\":\"Roberto\",\"image\":{\"@type\":\"ImageObject\",\"inLanguage\":\"pt-BR\",\"@id\":\"https:\\\/\\\/secure.gravatar.com\\\/avatar\\\/42749d8b712ff9d59ca93dc150494e5b55a44134482993f5baeb97e61b7ecc89?s=96&d=mm&r=g\",\"url\":\"https:\\\/\\\/secure.gravatar.com\\\/avatar\\\/42749d8b712ff9d59ca93dc150494e5b55a44134482993f5baeb97e61b7ecc89?s=96&d=mm&r=g\",\"contentUrl\":\"https:\\\/\\\/secure.gravatar.com\\\/avatar\\\/42749d8b712ff9d59ca93dc150494e5b55a44134482993f5baeb97e61b7ecc89?s=96&d=mm&r=g\",\"caption\":\"Roberto\"},\"url\":\"https:\\\/\\\/regiaonews.net.br\\\/2022\\\/author\\\/roberto\\\/\"}]}<\/script>\n<!-- \/ Yoast SEO plugin. -->","yoast_head_json":{"title":"Prefeitura de Barretos informa sobre prazo para regulariza\u00e7\u00e3o na Zona Azul Eletr\u00f4nica - Regi\u00e3o News","robots":{"index":"index","follow":"follow","max-snippet":"max-snippet:-1","max-image-preview":"max-image-preview:large","max-video-preview":"max-video-preview:-1"},"canonical":"https:\/\/regiaonews.net.br\/2022\/2024\/01\/05\/prefeitura-de-barretos-informa-sobre-prazo-para-regularizacao-na-zona-azul-eletronica\/","og_locale":"pt_BR","og_type":"article","og_title":"Prefeitura de Barretos informa sobre prazo para regulariza\u00e7\u00e3o na Zona Azul Eletr\u00f4nica - Regi\u00e3o News","og_description":"Secret\u00e1rio de Ordem P\u00fablica, Luiz de Matos, refor\u00e7a a import\u00e2ncia","og_url":"https:\/\/regiaonews.net.br\/2022\/2024\/01\/05\/prefeitura-de-barretos-informa-sobre-prazo-para-regularizacao-na-zona-azul-eletronica\/","og_site_name":"Regi\u00e3o News","article_published_time":"2024-01-05T14:32:45+00:00","og_image":[{"width":1600,"height":1200,"url":"https:\/\/regiaonews.net.br\/2022\/wp-content\/uploads\/2024\/01\/Imagem-do-WhatsApp-de-2024-01-05-as-09.34.25_23f2a4aa.jpg","type":"image\/jpeg"}],"author":"Roberto","twitter_card":"summary_large_image","twitter_misc":{"Escrito por":"Roberto","Est. tempo de leitura":"1 minuto"},"schema":{"@context":"https:\/\/schema.org","@graph":[{"@type":"Article","@id":"https:\/\/regiaonews.net.br\/2022\/2024\/01\/05\/prefeitura-de-barretos-informa-sobre-prazo-para-regularizacao-na-zona-azul-eletronica\/#article","isPartOf":{"@id":"https:\/\/regiaonews.net.br\/2022\/2024\/01\/05\/prefeitura-de-barretos-informa-sobre-prazo-para-regularizacao-na-zona-azul-eletronica\/"},"author":{"name":"Roberto","@id":"https:\/\/regiaonews.net.br\/2022\/#\/schema\/person\/2d205a608a5aa97ac279d7a5e6d89ad8"},"headline":"Prefeitura de Barretos informa sobre prazo para regulariza\u00e7\u00e3o na Zona Azul Eletr\u00f4nica","datePublished":"2024-01-05T14:32:45+00:00","mainEntityOfPage":{"@id":"https:\/\/regiaonews.net.br\/2022\/2024\/01\/05\/prefeitura-de-barretos-informa-sobre-prazo-para-regularizacao-na-zona-azul-eletronica\/"},"wordCount":223,"commentCount":0,"publisher":{"@id":"https:\/\/regiaonews.net.br\/2022\/#organization"},"image":{"@id":"https:\/\/regiaonews.net.br\/2022\/2024\/01\/05\/prefeitura-de-barretos-informa-sobre-prazo-para-regularizacao-na-zona-azul-eletronica\/#primaryimage"},"thumbnailUrl":"https:\/\/regiaonews.net.br\/2022\/wp-content\/uploads\/2024\/01\/Imagem-do-WhatsApp-de-2024-01-05-as-09.34.25_23f2a4aa.jpg","articleSection":["Barretos","Geral"],"inLanguage":"pt-BR","potentialAction":[{"@type":"CommentAction","name":"Comment","target":["https:\/\/regiaonews.net.br\/2022\/2024\/01\/05\/prefeitura-de-barretos-informa-sobre-prazo-para-regularizacao-na-zona-azul-eletronica\/#respond"]}]},{"@type":"WebPage","@id":"https:\/\/regiaonews.net.br\/2022\/2024\/01\/05\/prefeitura-de-barretos-informa-sobre-prazo-para-regularizacao-na-zona-azul-eletronica\/","url":"https:\/\/regiaonews.net.br\/2022\/2024\/01\/05\/prefeitura-de-barretos-informa-sobre-prazo-para-regularizacao-na-zona-azul-eletronica\/","name":"Prefeitura de Barretos informa sobre prazo para regulariza\u00e7\u00e3o na Zona Azul Eletr\u00f4nica - Regi\u00e3o News","isPartOf":{"@id":"https:\/\/regiaonews.net.br\/2022\/#website"},"primaryImageOfPage":{"@id":"https:\/\/regiaonews.net.br\/2022\/2024\/01\/05\/prefeitura-de-barretos-informa-sobre-prazo-para-regularizacao-na-zona-azul-eletronica\/#primaryimage"},"image":{"@id":"https:\/\/regiaonews.net.br\/2022\/2024\/01\/05\/prefeitura-de-barretos-informa-sobre-prazo-para-regularizacao-na-zona-azul-eletronica\/#primaryimage"},"thumbnailUrl":"https:\/\/regiaonews.net.br\/2022\/wp-content\/uploads\/2024\/01\/Imagem-do-WhatsApp-de-2024-01-05-as-09.34.25_23f2a4aa.jpg","datePublished":"2024-01-05T14:32:45+00:00","breadcrumb":{"@id":"https:\/\/regiaonews.net.br\/2022\/2024\/01\/05\/prefeitura-de-barretos-informa-sobre-prazo-para-regularizacao-na-zona-azul-eletronica\/#breadcrumb"},"inLanguage":"pt-BR","potentialAction":[{"@type":"ReadAction","target":["https:\/\/regiaonews.net.br\/2022\/2024\/01\/05\/prefeitura-de-barretos-informa-sobre-prazo-para-regularizacao-na-zona-azul-eletronica\/"]}]},{"@type":"ImageObject","inLanguage":"pt-BR","@id":"https:\/\/regiaonews.net.br\/2022\/2024\/01\/05\/prefeitura-de-barretos-informa-sobre-prazo-para-regularizacao-na-zona-azul-eletronica\/#primaryimage","url":"https:\/\/regiaonews.net.br\/2022\/wp-content\/uploads\/2024\/01\/Imagem-do-WhatsApp-de-2024-01-05-as-09.34.25_23f2a4aa.jpg","contentUrl":"https:\/\/regiaonews.net.br\/2022\/wp-content\/uploads\/2024\/01\/Imagem-do-WhatsApp-de-2024-01-05-as-09.34.25_23f2a4aa.jpg","width":1600,"height":1200},{"@type":"BreadcrumbList","@id":"https:\/\/regiaonews.net.br\/2022\/2024\/01\/05\/prefeitura-de-barretos-informa-sobre-prazo-para-regularizacao-na-zona-azul-eletronica\/#breadcrumb","itemListElement":[{"@type":"ListItem","position":1,"name":"In\u00edcio","item":"https:\/\/regiaonews.net.br\/2022\/"},{"@type":"ListItem","position":2,"name":"Prefeitura de Barretos informa sobre prazo para regulariza\u00e7\u00e3o na Zona Azul Eletr\u00f4nica"}]},{"@type":"WebSite","@id":"https:\/\/regiaonews.net.br\/2022\/#website","url":"https:\/\/regiaonews.net.br\/2022\/","name":"Regi\u00e3o News","description":"Site de Not\u00edcias de Barretos e regi\u00e3o","publisher":{"@id":"https:\/\/regiaonews.net.br\/2022\/#organization"},"potentialAction":[{"@type":"SearchAction","target":{"@type":"EntryPoint","urlTemplate":"https:\/\/regiaonews.net.br\/2022\/?s={search_term_string}"},"query-input":{"@type":"PropertyValueSpecification","valueRequired":true,"valueName":"search_term_string"}}],"inLanguage":"pt-BR"},{"@type":"Organization","@id":"https:\/\/regiaonews.net.br\/2022\/#organization","name":"Regi\u00e3o News","url":"https:\/\/regiaonews.net.br\/2022\/","logo":{"@type":"ImageObject","inLanguage":"pt-BR","@id":"https:\/\/regiaonews.net.br\/2022\/#\/schema\/logo\/image\/","url":"https:\/\/regiaonews.net.br\/2022\/wp-content\/uploads\/2026\/03\/regiao-13-anos-scaled.jpg","contentUrl":"https:\/\/regiaonews.net.br\/2022\/wp-content\/uploads\/2026\/03\/regiao-13-anos-scaled.jpg","width":2560,"height":635,"caption":"Regi\u00e3o News"},"image":{"@id":"https:\/\/regiaonews.net.br\/2022\/#\/schema\/logo\/image\/"}},{"@type":"Person","@id":"https:\/\/regiaonews.net.br\/2022\/#\/schema\/person\/2d205a608a5aa97ac279d7a5e6d89ad8","name":"Roberto","image":{"@type":"ImageObject","inLanguage":"pt-BR","@id":"https:\/\/secure.gravatar.com\/avatar\/42749d8b712ff9d59ca93dc150494e5b55a44134482993f5baeb97e61b7ecc89?s=96&d=mm&r=g","url":"https:\/\/secure.gravatar.com\/avatar\/42749d8b712ff9d59ca93dc150494e5b55a44134482993f5baeb97e61b7ecc89?s=96&d=mm&r=g","contentUrl":"https:\/\/secure.gravatar.com\/avatar\/42749d8b712ff9d59ca93dc150494e5b55a44134482993f5baeb97e61b7ecc89?s=96&d=mm&r=g","caption":"Roberto"},"url":"https:\/\/regiaonews.net.br\/2022\/author\/roberto\/"}]}},"publishpress_future_action":{"enabled":false,"date":"2026-05-04 10:37:30","action":"change-status","newStatus":"draft","terms":[],"taxonomy":"category","extraData":[]},"publishpress_future_workflow_manual_trigger":{"enabledWorkflows":[]},"_links":{"self":[{"href":"https:\/\/regiaonews.net.br\/2022\/wp-json\/wp\/v2\/posts\/99883","targetHints":{"allow":["GET"]}}],"collection":[{"href":"https:\/\/regiaonews.net.br\/2022\/wp-json\/wp\/v2\/posts"}],"about":[{"href":"https:\/\/regiaonews.net.br\/2022\/wp-json\/wp\/v2\/types\/post"}],"author":[{"embeddable":true,"href":"https:\/\/regiaonews.net.br\/2022\/wp-json\/wp\/v2\/users\/2"}],"replies":[{"embeddable":true,"href":"https:\/\/regiaonews.net.br\/2022\/wp-json\/wp\/v2\/comments?post=99883"}],"version-history":[{"count":1,"href":"https:\/\/regiaonews.net.br\/2022\/wp-json\/wp\/v2\/posts\/99883\/revisions"}],"predecessor-version":[{"id":99885,"href":"https:\/\/regiaonews.net.br\/2022\/wp-json\/wp\/v2\/posts\/99883\/revisions\/99885"}],"wp:featuredmedia":[{"embeddable":true,"href":"https:\/\/regiaonews.net.br\/2022\/wp-json\/wp\/v2\/media\/99884"}],"wp:attachment":[{"href":"https:\/\/regiaonews.net.br\/2022\/wp-json\/wp\/v2\/media?parent=99883"}],"wp:term":[{"taxonomy":"category","embeddable":true,"href":"https:\/\/regiaonews.net.br\/2022\/wp-json\/wp\/v2\/categories?post=99883"},{"taxonomy":"post_tag","embeddable":true,"href":"https:\/\/regiaonews.net.br\/2022\/wp-json\/wp\/v2\/tags?post=99883"}],"curies":[{"name":"wp","href":"https:\/\/api.w.org\/{rel}","templated":true}]}}