{"id":99857,"date":"2024-01-04T20:29:16","date_gmt":"2024-01-04T23:29:16","guid":{"rendered":"https:\/\/regiaonews.net.br\/2022\/?p=99857"},"modified":"2024-01-04T20:29:55","modified_gmt":"2024-01-04T23:29:55","slug":"guarda-municipal-divulga-balanco-anual-com-mais-de-20-mil-atendimentos-em-olimpia","status":"publish","type":"post","link":"https:\/\/regiaonews.net.br\/2022\/2024\/01\/04\/guarda-municipal-divulga-balanco-anual-com-mais-de-20-mil-atendimentos-em-olimpia\/","title":{"rendered":"Guarda Municipal divulga balan\u00e7o anual com mais de 20 mil atendimentos em Ol\u00edmpia"},"content":{"rendered":"<p>&nbsp;<\/p>\n<p><span style=\"font-family: Arial,sans-serif;\">Refor\u00e7ando as a\u00e7\u00f5es de seguran\u00e7a p\u00fablica e a presta\u00e7\u00e3o de servi\u00e7os \u00e0 popula\u00e7\u00e3o, na Est\u00e2ncia Tur\u00edstica de Ol\u00edmpia, a secretaria de Seguran\u00e7a, Tr\u00e2nsito e Mobilidade Urbana, por meio da GCM \u2013 Guarda Civil Municipal, divulgou, nesta semana, o balan\u00e7o de atendimentos e ocorr\u00eancias do ano de 2023. No total, 20.981 atendimentos foram realizados, al\u00e9m de mais de 287 ocorr\u00eancias registradas ao longo do ano.<\/span><\/p>\n<p><span style=\"font-family: Arial,sans-serif;\">Durante todo o ano, a Guarda tem desenvolvido diversas a\u00e7\u00f5es, atuando no refor\u00e7o do patrulhamento, da ordem e no apoio \u00e0s mais diversas ocorr\u00eancias e demandas do munic\u00edpio, com o aux\u00edlio ainda do moderno sistema de videomonitoramento, com mais de 50 c\u00e2meras espalhadas em pontos estrat\u00e9gicos da cidade.<\/span><\/p>\n<p><span style=\"font-family: Arial,sans-serif;\">Das ocorr\u00eancias registradas, desacato, resist\u00eancia e amea\u00e7a, furto e tentativa de furto, perturba\u00e7\u00e3o de sossego alheio e desordem, acidente de tr\u00e2nsito sem v\u00edtima, dano ao patrim\u00f4nio p\u00fablico e apoio a outras institui\u00e7\u00f5es s\u00e3o as mais recorrentes.<\/span><\/p>\n<p><span style=\"font-family: Arial,sans-serif;\">J\u00e1 com rela\u00e7\u00e3o ao patrulhamento de apoio, a Guarda atua no suporte \u00e0s demandas de diversas secretarias, bem como servi\u00e7os de utilidade p\u00fablica. Entre as principais atua\u00e7\u00f5es, destacam-se refor\u00e7o na seguran\u00e7a dos pr\u00e9dios p\u00fablicos, com foco nos que t\u00eam atendimento \u00e0 popula\u00e7\u00e3o; patrulhamento em eventos diversos do munic\u00edpio; seguran\u00e7a e monitoramento nas escolas municipais, bem como ronda escolar; seguran\u00e7a e orienta\u00e7\u00e3o do tr\u00e2nsito; e atendimento de apoio no geral \u00e0s atividades do munic\u00edpio. A GCM tamb\u00e9m prestou papel fundamental em eventos municipais de grande p\u00fablico como Festival do Folclore, R\u00e9veillon, Carnaval, festividades em comemora\u00e7\u00e3o ao anivers\u00e1rio da cidade, Festival da Crian\u00e7a, entre outros.<\/span><\/p>\n<p><span style=\"font-family: Arial,sans-serif;\">A GCM \u00e9 considerada um dos projetos mais importantes para a \u00e1rea de seguran\u00e7a p\u00fablica do munic\u00edpio, e em setembro de 2023 comemorou um ano de opera\u00e7\u00e3o efetiva. Atualmente, o efetivo conta com 60 agentes, que atuam nos bairros de toda a cidade e nos distritos, oferecendo mais agilidade e efici\u00eancia no trabalho preventivo para o bem-estar da popula\u00e7\u00e3o. A GCM atua 24 horas em regime de escala, podendo ser acionada pela popula\u00e7\u00e3o gratuitamente pelo telefone 153.<\/span><\/p>\n<p><b><span style=\"font-family: Arial,sans-serif;\">Opera\u00e7\u00e3o Especial<\/span><\/b><\/p>\n<p><span style=\"font-family: Arial,sans-serif;\">Entre os dias 23 de dezembro e 1\u00ba de janeiro, a Guarda Civil Municipal e a Pol\u00edcia Militar realizaram uma opera\u00e7\u00e3o conjunta com o intuito de coibir e reprimir infra\u00e7\u00f5es de tr\u00e2nsito e il\u00edcitos penais. A a\u00e7\u00e3o resultou em 619 pessoas abordadas, 543 ve\u00edculos vistoriados, 22 ve\u00edculos recolhidos ao p\u00e1tio, tr\u00eas pessoas presas em flagrante, e a apreens\u00e3o de 50 pinos com coca\u00edna e um celular.<\/span><\/p>\n","protected":false},"excerpt":{"rendered":"<p>&nbsp; Refor\u00e7ando as a\u00e7\u00f5es de seguran\u00e7a p\u00fablica e a presta\u00e7\u00e3o<\/p>\n","protected":false},"author":2,"featured_media":99858,"comment_status":"open","ping_status":"open","sticky":false,"template":"","format":"standard","meta":{"footnotes":""},"categories":[28,23],"tags":[],"class_list":["post-99857","post","type-post","status-publish","format-standard","has-post-thumbnail","hentry","category-olimpia-olimpia","category-policia"],"yoast_head":"<!-- This site is optimized with the Yoast SEO plugin v27.4 - https:\/\/yoast.com\/product\/yoast-seo-wordpress\/ -->\n<title>Guarda Municipal divulga balan\u00e7o anual com mais de 20 mil atendimentos em Ol\u00edmpia - Regi\u00e3o News<\/title>\n<meta name=\"robots\" content=\"index, follow, max-snippet:-1, max-image-preview:large, max-video-preview:-1\" \/>\n<link rel=\"canonical\" href=\"https:\/\/regiaonews.net.br\/2022\/2024\/01\/04\/guarda-municipal-divulga-balanco-anual-com-mais-de-20-mil-atendimentos-em-olimpia\/\" \/>\n<meta property=\"og:locale\" content=\"pt_BR\" \/>\n<meta property=\"og:type\" content=\"article\" \/>\n<meta property=\"og:title\" content=\"Guarda Municipal divulga balan\u00e7o anual com mais de 20 mil atendimentos em Ol\u00edmpia - Regi\u00e3o News\" \/>\n<meta property=\"og:description\" content=\"&nbsp; Refor\u00e7ando as a\u00e7\u00f5es de seguran\u00e7a p\u00fablica e a presta\u00e7\u00e3o\" \/>\n<meta property=\"og:url\" content=\"https:\/\/regiaonews.net.br\/2022\/2024\/01\/04\/guarda-municipal-divulga-balanco-anual-com-mais-de-20-mil-atendimentos-em-olimpia\/\" \/>\n<meta property=\"og:site_name\" content=\"Regi\u00e3o News\" \/>\n<meta property=\"article:published_time\" content=\"2024-01-04T23:29:16+00:00\" \/>\n<meta property=\"article:modified_time\" content=\"2024-01-04T23:29:55+00:00\" \/>\n<meta property=\"og:image\" content=\"https:\/\/regiaonews.net.br\/2022\/wp-content\/uploads\/2024\/01\/Acoes-Apoio-GCM-1-scaled.jpg\" \/>\n\t<meta property=\"og:image:width\" content=\"2560\" \/>\n\t<meta property=\"og:image:height\" content=\"1707\" \/>\n\t<meta property=\"og:image:type\" content=\"image\/jpeg\" \/>\n<meta name=\"author\" content=\"Roberto\" \/>\n<meta name=\"twitter:card\" content=\"summary_large_image\" \/>\n<meta name=\"twitter:label1\" content=\"Escrito por\" \/>\n\t<meta name=\"twitter:data1\" content=\"Roberto\" \/>\n\t<meta name=\"twitter:label2\" content=\"Est. tempo de leitura\" \/>\n\t<meta name=\"twitter:data2\" content=\"3 minutos\" \/>\n<script type=\"application\/ld+json\" class=\"yoast-schema-graph\">{\"@context\":\"https:\\\/\\\/schema.org\",\"@graph\":[{\"@type\":\"Article\",\"@id\":\"https:\\\/\\\/regiaonews.net.br\\\/2022\\\/2024\\\/01\\\/04\\\/guarda-municipal-divulga-balanco-anual-com-mais-de-20-mil-atendimentos-em-olimpia\\\/#article\",\"isPartOf\":{\"@id\":\"https:\\\/\\\/regiaonews.net.br\\\/2022\\\/2024\\\/01\\\/04\\\/guarda-municipal-divulga-balanco-anual-com-mais-de-20-mil-atendimentos-em-olimpia\\\/\"},\"author\":{\"name\":\"Roberto\",\"@id\":\"https:\\\/\\\/regiaonews.net.br\\\/2022\\\/#\\\/schema\\\/person\\\/2d205a608a5aa97ac279d7a5e6d89ad8\"},\"headline\":\"Guarda Municipal divulga balan\u00e7o anual com mais de 20 mil atendimentos em Ol\u00edmpia\",\"datePublished\":\"2024-01-04T23:29:16+00:00\",\"dateModified\":\"2024-01-04T23:29:55+00:00\",\"mainEntityOfPage\":{\"@id\":\"https:\\\/\\\/regiaonews.net.br\\\/2022\\\/2024\\\/01\\\/04\\\/guarda-municipal-divulga-balanco-anual-com-mais-de-20-mil-atendimentos-em-olimpia\\\/\"},\"wordCount\":468,\"commentCount\":0,\"publisher\":{\"@id\":\"https:\\\/\\\/regiaonews.net.br\\\/2022\\\/#organization\"},\"image\":{\"@id\":\"https:\\\/\\\/regiaonews.net.br\\\/2022\\\/2024\\\/01\\\/04\\\/guarda-municipal-divulga-balanco-anual-com-mais-de-20-mil-atendimentos-em-olimpia\\\/#primaryimage\"},\"thumbnailUrl\":\"https:\\\/\\\/regiaonews.net.br\\\/2022\\\/wp-content\\\/uploads\\\/2024\\\/01\\\/Acoes-Apoio-GCM-1-scaled.jpg\",\"articleSection\":[\"Olimpia\",\"Policia\"],\"inLanguage\":\"pt-BR\",\"potentialAction\":[{\"@type\":\"CommentAction\",\"name\":\"Comment\",\"target\":[\"https:\\\/\\\/regiaonews.net.br\\\/2022\\\/2024\\\/01\\\/04\\\/guarda-municipal-divulga-balanco-anual-com-mais-de-20-mil-atendimentos-em-olimpia\\\/#respond\"]}]},{\"@type\":\"WebPage\",\"@id\":\"https:\\\/\\\/regiaonews.net.br\\\/2022\\\/2024\\\/01\\\/04\\\/guarda-municipal-divulga-balanco-anual-com-mais-de-20-mil-atendimentos-em-olimpia\\\/\",\"url\":\"https:\\\/\\\/regiaonews.net.br\\\/2022\\\/2024\\\/01\\\/04\\\/guarda-municipal-divulga-balanco-anual-com-mais-de-20-mil-atendimentos-em-olimpia\\\/\",\"name\":\"Guarda Municipal divulga balan\u00e7o anual com mais de 20 mil atendimentos em Ol\u00edmpia - Regi\u00e3o News\",\"isPartOf\":{\"@id\":\"https:\\\/\\\/regiaonews.net.br\\\/2022\\\/#website\"},\"primaryImageOfPage\":{\"@id\":\"https:\\\/\\\/regiaonews.net.br\\\/2022\\\/2024\\\/01\\\/04\\\/guarda-municipal-divulga-balanco-anual-com-mais-de-20-mil-atendimentos-em-olimpia\\\/#primaryimage\"},\"image\":{\"@id\":\"https:\\\/\\\/regiaonews.net.br\\\/2022\\\/2024\\\/01\\\/04\\\/guarda-municipal-divulga-balanco-anual-com-mais-de-20-mil-atendimentos-em-olimpia\\\/#primaryimage\"},\"thumbnailUrl\":\"https:\\\/\\\/regiaonews.net.br\\\/2022\\\/wp-content\\\/uploads\\\/2024\\\/01\\\/Acoes-Apoio-GCM-1-scaled.jpg\",\"datePublished\":\"2024-01-04T23:29:16+00:00\",\"dateModified\":\"2024-01-04T23:29:55+00:00\",\"breadcrumb\":{\"@id\":\"https:\\\/\\\/regiaonews.net.br\\\/2022\\\/2024\\\/01\\\/04\\\/guarda-municipal-divulga-balanco-anual-com-mais-de-20-mil-atendimentos-em-olimpia\\\/#breadcrumb\"},\"inLanguage\":\"pt-BR\",\"potentialAction\":[{\"@type\":\"ReadAction\",\"target\":[\"https:\\\/\\\/regiaonews.net.br\\\/2022\\\/2024\\\/01\\\/04\\\/guarda-municipal-divulga-balanco-anual-com-mais-de-20-mil-atendimentos-em-olimpia\\\/\"]}]},{\"@type\":\"ImageObject\",\"inLanguage\":\"pt-BR\",\"@id\":\"https:\\\/\\\/regiaonews.net.br\\\/2022\\\/2024\\\/01\\\/04\\\/guarda-municipal-divulga-balanco-anual-com-mais-de-20-mil-atendimentos-em-olimpia\\\/#primaryimage\",\"url\":\"https:\\\/\\\/regiaonews.net.br\\\/2022\\\/wp-content\\\/uploads\\\/2024\\\/01\\\/Acoes-Apoio-GCM-1-scaled.jpg\",\"contentUrl\":\"https:\\\/\\\/regiaonews.net.br\\\/2022\\\/wp-content\\\/uploads\\\/2024\\\/01\\\/Acoes-Apoio-GCM-1-scaled.jpg\",\"width\":2560,\"height\":1707},{\"@type\":\"BreadcrumbList\",\"@id\":\"https:\\\/\\\/regiaonews.net.br\\\/2022\\\/2024\\\/01\\\/04\\\/guarda-municipal-divulga-balanco-anual-com-mais-de-20-mil-atendimentos-em-olimpia\\\/#breadcrumb\",\"itemListElement\":[{\"@type\":\"ListItem\",\"position\":1,\"name\":\"In\u00edcio\",\"item\":\"https:\\\/\\\/regiaonews.net.br\\\/2022\\\/\"},{\"@type\":\"ListItem\",\"position\":2,\"name\":\"Guarda Municipal divulga balan\u00e7o anual com mais de 20 mil atendimentos em Ol\u00edmpia\"}]},{\"@type\":\"WebSite\",\"@id\":\"https:\\\/\\\/regiaonews.net.br\\\/2022\\\/#website\",\"url\":\"https:\\\/\\\/regiaonews.net.br\\\/2022\\\/\",\"name\":\"Regi\u00e3o News\",\"description\":\"Site de Not\u00edcias de Barretos e regi\u00e3o\",\"publisher\":{\"@id\":\"https:\\\/\\\/regiaonews.net.br\\\/2022\\\/#organization\"},\"potentialAction\":[{\"@type\":\"SearchAction\",\"target\":{\"@type\":\"EntryPoint\",\"urlTemplate\":\"https:\\\/\\\/regiaonews.net.br\\\/2022\\\/?s={search_term_string}\"},\"query-input\":{\"@type\":\"PropertyValueSpecification\",\"valueRequired\":true,\"valueName\":\"search_term_string\"}}],\"inLanguage\":\"pt-BR\"},{\"@type\":\"Organization\",\"@id\":\"https:\\\/\\\/regiaonews.net.br\\\/2022\\\/#organization\",\"name\":\"Regi\u00e3o News\",\"url\":\"https:\\\/\\\/regiaonews.net.br\\\/2022\\\/\",\"logo\":{\"@type\":\"ImageObject\",\"inLanguage\":\"pt-BR\",\"@id\":\"https:\\\/\\\/regiaonews.net.br\\\/2022\\\/#\\\/schema\\\/logo\\\/image\\\/\",\"url\":\"https:\\\/\\\/regiaonews.net.br\\\/2022\\\/wp-content\\\/uploads\\\/2026\\\/03\\\/regiao-13-anos-scaled.jpg\",\"contentUrl\":\"https:\\\/\\\/regiaonews.net.br\\\/2022\\\/wp-content\\\/uploads\\\/2026\\\/03\\\/regiao-13-anos-scaled.jpg\",\"width\":2560,\"height\":635,\"caption\":\"Regi\u00e3o News\"},\"image\":{\"@id\":\"https:\\\/\\\/regiaonews.net.br\\\/2022\\\/#\\\/schema\\\/logo\\\/image\\\/\"}},{\"@type\":\"Person\",\"@id\":\"https:\\\/\\\/regiaonews.net.br\\\/2022\\\/#\\\/schema\\\/person\\\/2d205a608a5aa97ac279d7a5e6d89ad8\",\"name\":\"Roberto\",\"image\":{\"@type\":\"ImageObject\",\"inLanguage\":\"pt-BR\",\"@id\":\"https:\\\/\\\/secure.gravatar.com\\\/avatar\\\/42749d8b712ff9d59ca93dc150494e5b55a44134482993f5baeb97e61b7ecc89?s=96&d=mm&r=g\",\"url\":\"https:\\\/\\\/secure.gravatar.com\\\/avatar\\\/42749d8b712ff9d59ca93dc150494e5b55a44134482993f5baeb97e61b7ecc89?s=96&d=mm&r=g\",\"contentUrl\":\"https:\\\/\\\/secure.gravatar.com\\\/avatar\\\/42749d8b712ff9d59ca93dc150494e5b55a44134482993f5baeb97e61b7ecc89?s=96&d=mm&r=g\",\"caption\":\"Roberto\"},\"url\":\"https:\\\/\\\/regiaonews.net.br\\\/2022\\\/author\\\/roberto\\\/\"}]}<\/script>\n<!-- \/ Yoast SEO plugin. -->","yoast_head_json":{"title":"Guarda Municipal divulga balan\u00e7o anual com mais de 20 mil atendimentos em Ol\u00edmpia - Regi\u00e3o News","robots":{"index":"index","follow":"follow","max-snippet":"max-snippet:-1","max-image-preview":"max-image-preview:large","max-video-preview":"max-video-preview:-1"},"canonical":"https:\/\/regiaonews.net.br\/2022\/2024\/01\/04\/guarda-municipal-divulga-balanco-anual-com-mais-de-20-mil-atendimentos-em-olimpia\/","og_locale":"pt_BR","og_type":"article","og_title":"Guarda Municipal divulga balan\u00e7o anual com mais de 20 mil atendimentos em Ol\u00edmpia - Regi\u00e3o News","og_description":"&nbsp; Refor\u00e7ando as a\u00e7\u00f5es de seguran\u00e7a p\u00fablica e a presta\u00e7\u00e3o","og_url":"https:\/\/regiaonews.net.br\/2022\/2024\/01\/04\/guarda-municipal-divulga-balanco-anual-com-mais-de-20-mil-atendimentos-em-olimpia\/","og_site_name":"Regi\u00e3o News","article_published_time":"2024-01-04T23:29:16+00:00","article_modified_time":"2024-01-04T23:29:55+00:00","og_image":[{"width":2560,"height":1707,"url":"https:\/\/regiaonews.net.br\/2022\/wp-content\/uploads\/2024\/01\/Acoes-Apoio-GCM-1-scaled.jpg","type":"image\/jpeg"}],"author":"Roberto","twitter_card":"summary_large_image","twitter_misc":{"Escrito por":"Roberto","Est. tempo de leitura":"3 minutos"},"schema":{"@context":"https:\/\/schema.org","@graph":[{"@type":"Article","@id":"https:\/\/regiaonews.net.br\/2022\/2024\/01\/04\/guarda-municipal-divulga-balanco-anual-com-mais-de-20-mil-atendimentos-em-olimpia\/#article","isPartOf":{"@id":"https:\/\/regiaonews.net.br\/2022\/2024\/01\/04\/guarda-municipal-divulga-balanco-anual-com-mais-de-20-mil-atendimentos-em-olimpia\/"},"author":{"name":"Roberto","@id":"https:\/\/regiaonews.net.br\/2022\/#\/schema\/person\/2d205a608a5aa97ac279d7a5e6d89ad8"},"headline":"Guarda Municipal divulga balan\u00e7o anual com mais de 20 mil atendimentos em Ol\u00edmpia","datePublished":"2024-01-04T23:29:16+00:00","dateModified":"2024-01-04T23:29:55+00:00","mainEntityOfPage":{"@id":"https:\/\/regiaonews.net.br\/2022\/2024\/01\/04\/guarda-municipal-divulga-balanco-anual-com-mais-de-20-mil-atendimentos-em-olimpia\/"},"wordCount":468,"commentCount":0,"publisher":{"@id":"https:\/\/regiaonews.net.br\/2022\/#organization"},"image":{"@id":"https:\/\/regiaonews.net.br\/2022\/2024\/01\/04\/guarda-municipal-divulga-balanco-anual-com-mais-de-20-mil-atendimentos-em-olimpia\/#primaryimage"},"thumbnailUrl":"https:\/\/regiaonews.net.br\/2022\/wp-content\/uploads\/2024\/01\/Acoes-Apoio-GCM-1-scaled.jpg","articleSection":["Olimpia","Policia"],"inLanguage":"pt-BR","potentialAction":[{"@type":"CommentAction","name":"Comment","target":["https:\/\/regiaonews.net.br\/2022\/2024\/01\/04\/guarda-municipal-divulga-balanco-anual-com-mais-de-20-mil-atendimentos-em-olimpia\/#respond"]}]},{"@type":"WebPage","@id":"https:\/\/regiaonews.net.br\/2022\/2024\/01\/04\/guarda-municipal-divulga-balanco-anual-com-mais-de-20-mil-atendimentos-em-olimpia\/","url":"https:\/\/regiaonews.net.br\/2022\/2024\/01\/04\/guarda-municipal-divulga-balanco-anual-com-mais-de-20-mil-atendimentos-em-olimpia\/","name":"Guarda Municipal divulga balan\u00e7o anual com mais de 20 mil atendimentos em Ol\u00edmpia - Regi\u00e3o News","isPartOf":{"@id":"https:\/\/regiaonews.net.br\/2022\/#website"},"primaryImageOfPage":{"@id":"https:\/\/regiaonews.net.br\/2022\/2024\/01\/04\/guarda-municipal-divulga-balanco-anual-com-mais-de-20-mil-atendimentos-em-olimpia\/#primaryimage"},"image":{"@id":"https:\/\/regiaonews.net.br\/2022\/2024\/01\/04\/guarda-municipal-divulga-balanco-anual-com-mais-de-20-mil-atendimentos-em-olimpia\/#primaryimage"},"thumbnailUrl":"https:\/\/regiaonews.net.br\/2022\/wp-content\/uploads\/2024\/01\/Acoes-Apoio-GCM-1-scaled.jpg","datePublished":"2024-01-04T23:29:16+00:00","dateModified":"2024-01-04T23:29:55+00:00","breadcrumb":{"@id":"https:\/\/regiaonews.net.br\/2022\/2024\/01\/04\/guarda-municipal-divulga-balanco-anual-com-mais-de-20-mil-atendimentos-em-olimpia\/#breadcrumb"},"inLanguage":"pt-BR","potentialAction":[{"@type":"ReadAction","target":["https:\/\/regiaonews.net.br\/2022\/2024\/01\/04\/guarda-municipal-divulga-balanco-anual-com-mais-de-20-mil-atendimentos-em-olimpia\/"]}]},{"@type":"ImageObject","inLanguage":"pt-BR","@id":"https:\/\/regiaonews.net.br\/2022\/2024\/01\/04\/guarda-municipal-divulga-balanco-anual-com-mais-de-20-mil-atendimentos-em-olimpia\/#primaryimage","url":"https:\/\/regiaonews.net.br\/2022\/wp-content\/uploads\/2024\/01\/Acoes-Apoio-GCM-1-scaled.jpg","contentUrl":"https:\/\/regiaonews.net.br\/2022\/wp-content\/uploads\/2024\/01\/Acoes-Apoio-GCM-1-scaled.jpg","width":2560,"height":1707},{"@type":"BreadcrumbList","@id":"https:\/\/regiaonews.net.br\/2022\/2024\/01\/04\/guarda-municipal-divulga-balanco-anual-com-mais-de-20-mil-atendimentos-em-olimpia\/#breadcrumb","itemListElement":[{"@type":"ListItem","position":1,"name":"In\u00edcio","item":"https:\/\/regiaonews.net.br\/2022\/"},{"@type":"ListItem","position":2,"name":"Guarda Municipal divulga balan\u00e7o anual com mais de 20 mil atendimentos em Ol\u00edmpia"}]},{"@type":"WebSite","@id":"https:\/\/regiaonews.net.br\/2022\/#website","url":"https:\/\/regiaonews.net.br\/2022\/","name":"Regi\u00e3o News","description":"Site de Not\u00edcias de Barretos e regi\u00e3o","publisher":{"@id":"https:\/\/regiaonews.net.br\/2022\/#organization"},"potentialAction":[{"@type":"SearchAction","target":{"@type":"EntryPoint","urlTemplate":"https:\/\/regiaonews.net.br\/2022\/?s={search_term_string}"},"query-input":{"@type":"PropertyValueSpecification","valueRequired":true,"valueName":"search_term_string"}}],"inLanguage":"pt-BR"},{"@type":"Organization","@id":"https:\/\/regiaonews.net.br\/2022\/#organization","name":"Regi\u00e3o News","url":"https:\/\/regiaonews.net.br\/2022\/","logo":{"@type":"ImageObject","inLanguage":"pt-BR","@id":"https:\/\/regiaonews.net.br\/2022\/#\/schema\/logo\/image\/","url":"https:\/\/regiaonews.net.br\/2022\/wp-content\/uploads\/2026\/03\/regiao-13-anos-scaled.jpg","contentUrl":"https:\/\/regiaonews.net.br\/2022\/wp-content\/uploads\/2026\/03\/regiao-13-anos-scaled.jpg","width":2560,"height":635,"caption":"Regi\u00e3o News"},"image":{"@id":"https:\/\/regiaonews.net.br\/2022\/#\/schema\/logo\/image\/"}},{"@type":"Person","@id":"https:\/\/regiaonews.net.br\/2022\/#\/schema\/person\/2d205a608a5aa97ac279d7a5e6d89ad8","name":"Roberto","image":{"@type":"ImageObject","inLanguage":"pt-BR","@id":"https:\/\/secure.gravatar.com\/avatar\/42749d8b712ff9d59ca93dc150494e5b55a44134482993f5baeb97e61b7ecc89?s=96&d=mm&r=g","url":"https:\/\/secure.gravatar.com\/avatar\/42749d8b712ff9d59ca93dc150494e5b55a44134482993f5baeb97e61b7ecc89?s=96&d=mm&r=g","contentUrl":"https:\/\/secure.gravatar.com\/avatar\/42749d8b712ff9d59ca93dc150494e5b55a44134482993f5baeb97e61b7ecc89?s=96&d=mm&r=g","caption":"Roberto"},"url":"https:\/\/regiaonews.net.br\/2022\/author\/roberto\/"}]}},"publishpress_future_action":{"enabled":false,"date":"2026-05-04 03:00:13","action":"change-status","newStatus":"draft","terms":[],"taxonomy":"category","extraData":[]},"publishpress_future_workflow_manual_trigger":{"enabledWorkflows":[]},"_links":{"self":[{"href":"https:\/\/regiaonews.net.br\/2022\/wp-json\/wp\/v2\/posts\/99857","targetHints":{"allow":["GET"]}}],"collection":[{"href":"https:\/\/regiaonews.net.br\/2022\/wp-json\/wp\/v2\/posts"}],"about":[{"href":"https:\/\/regiaonews.net.br\/2022\/wp-json\/wp\/v2\/types\/post"}],"author":[{"embeddable":true,"href":"https:\/\/regiaonews.net.br\/2022\/wp-json\/wp\/v2\/users\/2"}],"replies":[{"embeddable":true,"href":"https:\/\/regiaonews.net.br\/2022\/wp-json\/wp\/v2\/comments?post=99857"}],"version-history":[{"count":2,"href":"https:\/\/regiaonews.net.br\/2022\/wp-json\/wp\/v2\/posts\/99857\/revisions"}],"predecessor-version":[{"id":99860,"href":"https:\/\/regiaonews.net.br\/2022\/wp-json\/wp\/v2\/posts\/99857\/revisions\/99860"}],"wp:featuredmedia":[{"embeddable":true,"href":"https:\/\/regiaonews.net.br\/2022\/wp-json\/wp\/v2\/media\/99858"}],"wp:attachment":[{"href":"https:\/\/regiaonews.net.br\/2022\/wp-json\/wp\/v2\/media?parent=99857"}],"wp:term":[{"taxonomy":"category","embeddable":true,"href":"https:\/\/regiaonews.net.br\/2022\/wp-json\/wp\/v2\/categories?post=99857"},{"taxonomy":"post_tag","embeddable":true,"href":"https:\/\/regiaonews.net.br\/2022\/wp-json\/wp\/v2\/tags?post=99857"}],"curies":[{"name":"wp","href":"https:\/\/api.w.org\/{rel}","templated":true}]}}