{"id":99854,"date":"2024-01-04T20:23:13","date_gmt":"2024-01-04T23:23:13","guid":{"rendered":"https:\/\/regiaonews.net.br\/2022\/?p=99854"},"modified":"2024-01-04T20:54:07","modified_gmt":"2024-01-04T23:54:07","slug":"olimpia-confirma-carnaval-2024-e-anuncia-dilsinho-e-babado-novo-como-atracoes-da-festa","status":"publish","type":"post","link":"https:\/\/regiaonews.net.br\/2022\/2024\/01\/04\/olimpia-confirma-carnaval-2024-e-anuncia-dilsinho-e-babado-novo-como-atracoes-da-festa\/","title":{"rendered":"Ol\u00edmpia confirma Carnaval 2024 e anuncia Dilsinho e Babado Novo como atra\u00e7\u00f5es da festa"},"content":{"rendered":"<p>&nbsp;<\/p>\n<p><span style=\"font-family: Arial,sans-serif;\">O ano acabou de come\u00e7ar e a Est\u00e2ncia Tur\u00edstica de Ol\u00edmpia j\u00e1 est\u00e1 em clima de festa. Isso porque a cidade anunciou, nesta quinta, 04 de janeiro, a realiza\u00e7\u00e3o do\u00a0<b>Carnaval 2024<\/b>, de 09 a 12 de fevereiro.<br aria-hidden=\"true\" \/><\/span><\/p>\n<p><span style=\"font-family: Arial,sans-serif;\">A data ser\u00e1 o primeiro fim de semana prolongado do ano e tem grande expectativa de visita\u00e7\u00e3o, fechando a alta temporada na cidade. Em 2023, mais de 70 mil pessoas passaram por Ol\u00edmpia no per\u00edodo.<\/span><\/p>\n<p><span style=\"font-family: Arial,sans-serif;\">Assim, faltando pouco mais de um m\u00eas para o Carnaval, a Prefeitura, por meio da secretaria de Turismo e Cultura, lan\u00e7a as primeiras atra\u00e7\u00f5es j\u00e1 confirmadas. Uma delas \u00e9 o cantor de pagode\u00a0<b>Dilsinho<\/b>, que se apresenta na cidade pela primeira vez. O show abre a programa\u00e7\u00e3o da festa, na sexta-feira, dia 09, trazendo seu sucesso mais atual \u201cDiferent\u00e3o\u201d, al\u00e9m de \u201cP\u00e9ssimo Neg\u00f3cio\u201d e outras m\u00fasicas conhecidas do p\u00fablico.<\/span><\/p>\n<p><span style=\"font-family: Arial,sans-serif;\">No s\u00e1bado (10), a apresenta\u00e7\u00e3o principal \u00e9 a banda de ax\u00e9,\u00a0<b>Babado Novo<\/b>, quem tem mais de 20 anos de hist\u00f3ria, levando muita anima\u00e7\u00e3o por todo o Brasil e, agora, com sua forma\u00e7\u00e3o atual, sob o comando da vocalista Mari Antunes, levantar\u00e1 os foli\u00f5es em Ol\u00edmpia.<\/span><\/p>\n<p><span style=\"font-family: Arial,sans-serif;\">A grade de shows ainda ter\u00e1 programa\u00e7\u00e3o no domingo (11) e segunda (12) e outras atra\u00e7\u00f5es todas as noites, que est\u00e3o sendo definidas e ser\u00e3o divulgadas nos pr\u00f3ximos dias.<\/span><\/p>\n<p><span style=\"font-family: Arial,sans-serif;\">A festa ter\u00e1\u00a0<b>entrada gratuita<\/b>\u00a0da pista para toda a popula\u00e7\u00e3o e visitantes, sendo o maior Carnaval de port\u00f5es abertos da regi\u00e3o. A estrutura do evento tamb\u00e9m ter\u00e1 Camarote Open Bar, que ser\u00e1 terceirizado e come\u00e7ar\u00e1 a ser comercializado em breve.\u00a0<b>Todos os detalhes sobre o local do evento e demais informa\u00e7\u00f5es sobre a festa ser\u00e3o devidamente divulgadas ao p\u00fablico.<\/b><\/span><\/p>\n<p><b><span style=\"font-family: Arial,sans-serif;\">MATIN\u00caS E DESFILES<\/span><\/b><\/p>\n<p>&nbsp;<\/p>\n<p><span style=\"font-family: Arial,sans-serif;\">Tamb\u00e9m j\u00e1 est\u00e1 sendo preparada a programa\u00e7\u00e3o do Desfile das Escolas de Samba para preservar a tradi\u00e7\u00e3o das agremia\u00e7\u00f5es de Ol\u00edmpia, bem como as matin\u00eas, que proporcionar\u00e3o lazer para as crian\u00e7as e adolescentes da cidade e dos distritos de Ribeiro dos Santos e Bagua\u00e7u. A programa\u00e7\u00e3o completa com datas e hor\u00e1rios ser\u00e1 divulgada nas pr\u00f3ximas semanas.<\/span><\/p>\n","protected":false},"excerpt":{"rendered":"<p>&nbsp; O ano acabou de come\u00e7ar e a Est\u00e2ncia Tur\u00edstica<\/p>\n","protected":false},"author":2,"featured_media":99855,"comment_status":"open","ping_status":"open","sticky":false,"template":"","format":"standard","meta":{"footnotes":""},"categories":[25,178],"tags":[],"class_list":["post-99854","post","type-post","status-publish","format-standard","has-post-thumbnail","hentry","category-cidades","category-olimpia-2"],"yoast_head":"<!-- This site is optimized with the Yoast SEO plugin v27.4 - https:\/\/yoast.com\/product\/yoast-seo-wordpress\/ -->\n<title>Ol\u00edmpia confirma Carnaval 2024 e anuncia Dilsinho e Babado Novo como atra\u00e7\u00f5es da festa - Regi\u00e3o News<\/title>\n<meta name=\"robots\" content=\"index, follow, max-snippet:-1, max-image-preview:large, max-video-preview:-1\" \/>\n<link rel=\"canonical\" href=\"https:\/\/regiaonews.net.br\/2022\/2024\/01\/04\/olimpia-confirma-carnaval-2024-e-anuncia-dilsinho-e-babado-novo-como-atracoes-da-festa\/\" \/>\n<meta property=\"og:locale\" content=\"pt_BR\" \/>\n<meta property=\"og:type\" content=\"article\" \/>\n<meta property=\"og:title\" content=\"Ol\u00edmpia confirma Carnaval 2024 e anuncia Dilsinho e Babado Novo como atra\u00e7\u00f5es da festa - Regi\u00e3o News\" \/>\n<meta property=\"og:description\" content=\"&nbsp; O ano acabou de come\u00e7ar e a Est\u00e2ncia Tur\u00edstica\" \/>\n<meta property=\"og:url\" content=\"https:\/\/regiaonews.net.br\/2022\/2024\/01\/04\/olimpia-confirma-carnaval-2024-e-anuncia-dilsinho-e-babado-novo-como-atracoes-da-festa\/\" \/>\n<meta property=\"og:site_name\" content=\"Regi\u00e3o News\" \/>\n<meta property=\"article:published_time\" content=\"2024-01-04T23:23:13+00:00\" \/>\n<meta property=\"article:modified_time\" content=\"2024-01-04T23:54:07+00:00\" \/>\n<meta property=\"og:image\" content=\"https:\/\/regiaonews.net.br\/2022\/wp-content\/uploads\/2024\/01\/Babado-Novo-Divulgacao.jpg\" \/>\n\t<meta property=\"og:image:width\" content=\"650\" \/>\n\t<meta property=\"og:image:height\" content=\"488\" \/>\n\t<meta property=\"og:image:type\" content=\"image\/jpeg\" \/>\n<meta name=\"author\" content=\"Roberto\" \/>\n<meta name=\"twitter:card\" content=\"summary_large_image\" \/>\n<meta name=\"twitter:label1\" content=\"Escrito por\" \/>\n\t<meta name=\"twitter:data1\" content=\"Roberto\" \/>\n\t<meta name=\"twitter:label2\" content=\"Est. tempo de leitura\" \/>\n\t<meta name=\"twitter:data2\" content=\"3 minutos\" \/>\n<script type=\"application\/ld+json\" class=\"yoast-schema-graph\">{\"@context\":\"https:\\\/\\\/schema.org\",\"@graph\":[{\"@type\":\"Article\",\"@id\":\"https:\\\/\\\/regiaonews.net.br\\\/2022\\\/2024\\\/01\\\/04\\\/olimpia-confirma-carnaval-2024-e-anuncia-dilsinho-e-babado-novo-como-atracoes-da-festa\\\/#article\",\"isPartOf\":{\"@id\":\"https:\\\/\\\/regiaonews.net.br\\\/2022\\\/2024\\\/01\\\/04\\\/olimpia-confirma-carnaval-2024-e-anuncia-dilsinho-e-babado-novo-como-atracoes-da-festa\\\/\"},\"author\":{\"name\":\"Roberto\",\"@id\":\"https:\\\/\\\/regiaonews.net.br\\\/2022\\\/#\\\/schema\\\/person\\\/2d205a608a5aa97ac279d7a5e6d89ad8\"},\"headline\":\"Ol\u00edmpia confirma Carnaval 2024 e anuncia Dilsinho e Babado Novo como atra\u00e7\u00f5es da festa\",\"datePublished\":\"2024-01-04T23:23:13+00:00\",\"dateModified\":\"2024-01-04T23:54:07+00:00\",\"mainEntityOfPage\":{\"@id\":\"https:\\\/\\\/regiaonews.net.br\\\/2022\\\/2024\\\/01\\\/04\\\/olimpia-confirma-carnaval-2024-e-anuncia-dilsinho-e-babado-novo-como-atracoes-da-festa\\\/\"},\"wordCount\":391,\"commentCount\":0,\"publisher\":{\"@id\":\"https:\\\/\\\/regiaonews.net.br\\\/2022\\\/#organization\"},\"image\":{\"@id\":\"https:\\\/\\\/regiaonews.net.br\\\/2022\\\/2024\\\/01\\\/04\\\/olimpia-confirma-carnaval-2024-e-anuncia-dilsinho-e-babado-novo-como-atracoes-da-festa\\\/#primaryimage\"},\"thumbnailUrl\":\"https:\\\/\\\/regiaonews.net.br\\\/2022\\\/wp-content\\\/uploads\\\/2024\\\/01\\\/Babado-Novo-Divulgacao.jpg\",\"articleSection\":[\"Cidades\",\"Ol\u00edmpia\"],\"inLanguage\":\"pt-BR\",\"potentialAction\":[{\"@type\":\"CommentAction\",\"name\":\"Comment\",\"target\":[\"https:\\\/\\\/regiaonews.net.br\\\/2022\\\/2024\\\/01\\\/04\\\/olimpia-confirma-carnaval-2024-e-anuncia-dilsinho-e-babado-novo-como-atracoes-da-festa\\\/#respond\"]}]},{\"@type\":\"WebPage\",\"@id\":\"https:\\\/\\\/regiaonews.net.br\\\/2022\\\/2024\\\/01\\\/04\\\/olimpia-confirma-carnaval-2024-e-anuncia-dilsinho-e-babado-novo-como-atracoes-da-festa\\\/\",\"url\":\"https:\\\/\\\/regiaonews.net.br\\\/2022\\\/2024\\\/01\\\/04\\\/olimpia-confirma-carnaval-2024-e-anuncia-dilsinho-e-babado-novo-como-atracoes-da-festa\\\/\",\"name\":\"Ol\u00edmpia confirma Carnaval 2024 e anuncia Dilsinho e Babado Novo como atra\u00e7\u00f5es da festa - Regi\u00e3o News\",\"isPartOf\":{\"@id\":\"https:\\\/\\\/regiaonews.net.br\\\/2022\\\/#website\"},\"primaryImageOfPage\":{\"@id\":\"https:\\\/\\\/regiaonews.net.br\\\/2022\\\/2024\\\/01\\\/04\\\/olimpia-confirma-carnaval-2024-e-anuncia-dilsinho-e-babado-novo-como-atracoes-da-festa\\\/#primaryimage\"},\"image\":{\"@id\":\"https:\\\/\\\/regiaonews.net.br\\\/2022\\\/2024\\\/01\\\/04\\\/olimpia-confirma-carnaval-2024-e-anuncia-dilsinho-e-babado-novo-como-atracoes-da-festa\\\/#primaryimage\"},\"thumbnailUrl\":\"https:\\\/\\\/regiaonews.net.br\\\/2022\\\/wp-content\\\/uploads\\\/2024\\\/01\\\/Babado-Novo-Divulgacao.jpg\",\"datePublished\":\"2024-01-04T23:23:13+00:00\",\"dateModified\":\"2024-01-04T23:54:07+00:00\",\"breadcrumb\":{\"@id\":\"https:\\\/\\\/regiaonews.net.br\\\/2022\\\/2024\\\/01\\\/04\\\/olimpia-confirma-carnaval-2024-e-anuncia-dilsinho-e-babado-novo-como-atracoes-da-festa\\\/#breadcrumb\"},\"inLanguage\":\"pt-BR\",\"potentialAction\":[{\"@type\":\"ReadAction\",\"target\":[\"https:\\\/\\\/regiaonews.net.br\\\/2022\\\/2024\\\/01\\\/04\\\/olimpia-confirma-carnaval-2024-e-anuncia-dilsinho-e-babado-novo-como-atracoes-da-festa\\\/\"]}]},{\"@type\":\"ImageObject\",\"inLanguage\":\"pt-BR\",\"@id\":\"https:\\\/\\\/regiaonews.net.br\\\/2022\\\/2024\\\/01\\\/04\\\/olimpia-confirma-carnaval-2024-e-anuncia-dilsinho-e-babado-novo-como-atracoes-da-festa\\\/#primaryimage\",\"url\":\"https:\\\/\\\/regiaonews.net.br\\\/2022\\\/wp-content\\\/uploads\\\/2024\\\/01\\\/Babado-Novo-Divulgacao.jpg\",\"contentUrl\":\"https:\\\/\\\/regiaonews.net.br\\\/2022\\\/wp-content\\\/uploads\\\/2024\\\/01\\\/Babado-Novo-Divulgacao.jpg\",\"width\":650,\"height\":488},{\"@type\":\"BreadcrumbList\",\"@id\":\"https:\\\/\\\/regiaonews.net.br\\\/2022\\\/2024\\\/01\\\/04\\\/olimpia-confirma-carnaval-2024-e-anuncia-dilsinho-e-babado-novo-como-atracoes-da-festa\\\/#breadcrumb\",\"itemListElement\":[{\"@type\":\"ListItem\",\"position\":1,\"name\":\"In\u00edcio\",\"item\":\"https:\\\/\\\/regiaonews.net.br\\\/2022\\\/\"},{\"@type\":\"ListItem\",\"position\":2,\"name\":\"Ol\u00edmpia confirma Carnaval 2024 e anuncia Dilsinho e Babado Novo como atra\u00e7\u00f5es da festa\"}]},{\"@type\":\"WebSite\",\"@id\":\"https:\\\/\\\/regiaonews.net.br\\\/2022\\\/#website\",\"url\":\"https:\\\/\\\/regiaonews.net.br\\\/2022\\\/\",\"name\":\"Regi\u00e3o News\",\"description\":\"Site de Not\u00edcias de Barretos e regi\u00e3o\",\"publisher\":{\"@id\":\"https:\\\/\\\/regiaonews.net.br\\\/2022\\\/#organization\"},\"potentialAction\":[{\"@type\":\"SearchAction\",\"target\":{\"@type\":\"EntryPoint\",\"urlTemplate\":\"https:\\\/\\\/regiaonews.net.br\\\/2022\\\/?s={search_term_string}\"},\"query-input\":{\"@type\":\"PropertyValueSpecification\",\"valueRequired\":true,\"valueName\":\"search_term_string\"}}],\"inLanguage\":\"pt-BR\"},{\"@type\":\"Organization\",\"@id\":\"https:\\\/\\\/regiaonews.net.br\\\/2022\\\/#organization\",\"name\":\"Regi\u00e3o News\",\"url\":\"https:\\\/\\\/regiaonews.net.br\\\/2022\\\/\",\"logo\":{\"@type\":\"ImageObject\",\"inLanguage\":\"pt-BR\",\"@id\":\"https:\\\/\\\/regiaonews.net.br\\\/2022\\\/#\\\/schema\\\/logo\\\/image\\\/\",\"url\":\"https:\\\/\\\/regiaonews.net.br\\\/2022\\\/wp-content\\\/uploads\\\/2026\\\/03\\\/regiao-13-anos-scaled.jpg\",\"contentUrl\":\"https:\\\/\\\/regiaonews.net.br\\\/2022\\\/wp-content\\\/uploads\\\/2026\\\/03\\\/regiao-13-anos-scaled.jpg\",\"width\":2560,\"height\":635,\"caption\":\"Regi\u00e3o News\"},\"image\":{\"@id\":\"https:\\\/\\\/regiaonews.net.br\\\/2022\\\/#\\\/schema\\\/logo\\\/image\\\/\"}},{\"@type\":\"Person\",\"@id\":\"https:\\\/\\\/regiaonews.net.br\\\/2022\\\/#\\\/schema\\\/person\\\/2d205a608a5aa97ac279d7a5e6d89ad8\",\"name\":\"Roberto\",\"image\":{\"@type\":\"ImageObject\",\"inLanguage\":\"pt-BR\",\"@id\":\"https:\\\/\\\/secure.gravatar.com\\\/avatar\\\/42749d8b712ff9d59ca93dc150494e5b55a44134482993f5baeb97e61b7ecc89?s=96&d=mm&r=g\",\"url\":\"https:\\\/\\\/secure.gravatar.com\\\/avatar\\\/42749d8b712ff9d59ca93dc150494e5b55a44134482993f5baeb97e61b7ecc89?s=96&d=mm&r=g\",\"contentUrl\":\"https:\\\/\\\/secure.gravatar.com\\\/avatar\\\/42749d8b712ff9d59ca93dc150494e5b55a44134482993f5baeb97e61b7ecc89?s=96&d=mm&r=g\",\"caption\":\"Roberto\"},\"url\":\"https:\\\/\\\/regiaonews.net.br\\\/2022\\\/author\\\/roberto\\\/\"}]}<\/script>\n<!-- \/ Yoast SEO plugin. -->","yoast_head_json":{"title":"Ol\u00edmpia confirma Carnaval 2024 e anuncia Dilsinho e Babado Novo como atra\u00e7\u00f5es da festa - Regi\u00e3o News","robots":{"index":"index","follow":"follow","max-snippet":"max-snippet:-1","max-image-preview":"max-image-preview:large","max-video-preview":"max-video-preview:-1"},"canonical":"https:\/\/regiaonews.net.br\/2022\/2024\/01\/04\/olimpia-confirma-carnaval-2024-e-anuncia-dilsinho-e-babado-novo-como-atracoes-da-festa\/","og_locale":"pt_BR","og_type":"article","og_title":"Ol\u00edmpia confirma Carnaval 2024 e anuncia Dilsinho e Babado Novo como atra\u00e7\u00f5es da festa - Regi\u00e3o News","og_description":"&nbsp; O ano acabou de come\u00e7ar e a Est\u00e2ncia Tur\u00edstica","og_url":"https:\/\/regiaonews.net.br\/2022\/2024\/01\/04\/olimpia-confirma-carnaval-2024-e-anuncia-dilsinho-e-babado-novo-como-atracoes-da-festa\/","og_site_name":"Regi\u00e3o News","article_published_time":"2024-01-04T23:23:13+00:00","article_modified_time":"2024-01-04T23:54:07+00:00","og_image":[{"width":650,"height":488,"url":"https:\/\/regiaonews.net.br\/2022\/wp-content\/uploads\/2024\/01\/Babado-Novo-Divulgacao.jpg","type":"image\/jpeg"}],"author":"Roberto","twitter_card":"summary_large_image","twitter_misc":{"Escrito por":"Roberto","Est. tempo de leitura":"3 minutos"},"schema":{"@context":"https:\/\/schema.org","@graph":[{"@type":"Article","@id":"https:\/\/regiaonews.net.br\/2022\/2024\/01\/04\/olimpia-confirma-carnaval-2024-e-anuncia-dilsinho-e-babado-novo-como-atracoes-da-festa\/#article","isPartOf":{"@id":"https:\/\/regiaonews.net.br\/2022\/2024\/01\/04\/olimpia-confirma-carnaval-2024-e-anuncia-dilsinho-e-babado-novo-como-atracoes-da-festa\/"},"author":{"name":"Roberto","@id":"https:\/\/regiaonews.net.br\/2022\/#\/schema\/person\/2d205a608a5aa97ac279d7a5e6d89ad8"},"headline":"Ol\u00edmpia confirma Carnaval 2024 e anuncia Dilsinho e Babado Novo como atra\u00e7\u00f5es da festa","datePublished":"2024-01-04T23:23:13+00:00","dateModified":"2024-01-04T23:54:07+00:00","mainEntityOfPage":{"@id":"https:\/\/regiaonews.net.br\/2022\/2024\/01\/04\/olimpia-confirma-carnaval-2024-e-anuncia-dilsinho-e-babado-novo-como-atracoes-da-festa\/"},"wordCount":391,"commentCount":0,"publisher":{"@id":"https:\/\/regiaonews.net.br\/2022\/#organization"},"image":{"@id":"https:\/\/regiaonews.net.br\/2022\/2024\/01\/04\/olimpia-confirma-carnaval-2024-e-anuncia-dilsinho-e-babado-novo-como-atracoes-da-festa\/#primaryimage"},"thumbnailUrl":"https:\/\/regiaonews.net.br\/2022\/wp-content\/uploads\/2024\/01\/Babado-Novo-Divulgacao.jpg","articleSection":["Cidades","Ol\u00edmpia"],"inLanguage":"pt-BR","potentialAction":[{"@type":"CommentAction","name":"Comment","target":["https:\/\/regiaonews.net.br\/2022\/2024\/01\/04\/olimpia-confirma-carnaval-2024-e-anuncia-dilsinho-e-babado-novo-como-atracoes-da-festa\/#respond"]}]},{"@type":"WebPage","@id":"https:\/\/regiaonews.net.br\/2022\/2024\/01\/04\/olimpia-confirma-carnaval-2024-e-anuncia-dilsinho-e-babado-novo-como-atracoes-da-festa\/","url":"https:\/\/regiaonews.net.br\/2022\/2024\/01\/04\/olimpia-confirma-carnaval-2024-e-anuncia-dilsinho-e-babado-novo-como-atracoes-da-festa\/","name":"Ol\u00edmpia confirma Carnaval 2024 e anuncia Dilsinho e Babado Novo como atra\u00e7\u00f5es da festa - Regi\u00e3o News","isPartOf":{"@id":"https:\/\/regiaonews.net.br\/2022\/#website"},"primaryImageOfPage":{"@id":"https:\/\/regiaonews.net.br\/2022\/2024\/01\/04\/olimpia-confirma-carnaval-2024-e-anuncia-dilsinho-e-babado-novo-como-atracoes-da-festa\/#primaryimage"},"image":{"@id":"https:\/\/regiaonews.net.br\/2022\/2024\/01\/04\/olimpia-confirma-carnaval-2024-e-anuncia-dilsinho-e-babado-novo-como-atracoes-da-festa\/#primaryimage"},"thumbnailUrl":"https:\/\/regiaonews.net.br\/2022\/wp-content\/uploads\/2024\/01\/Babado-Novo-Divulgacao.jpg","datePublished":"2024-01-04T23:23:13+00:00","dateModified":"2024-01-04T23:54:07+00:00","breadcrumb":{"@id":"https:\/\/regiaonews.net.br\/2022\/2024\/01\/04\/olimpia-confirma-carnaval-2024-e-anuncia-dilsinho-e-babado-novo-como-atracoes-da-festa\/#breadcrumb"},"inLanguage":"pt-BR","potentialAction":[{"@type":"ReadAction","target":["https:\/\/regiaonews.net.br\/2022\/2024\/01\/04\/olimpia-confirma-carnaval-2024-e-anuncia-dilsinho-e-babado-novo-como-atracoes-da-festa\/"]}]},{"@type":"ImageObject","inLanguage":"pt-BR","@id":"https:\/\/regiaonews.net.br\/2022\/2024\/01\/04\/olimpia-confirma-carnaval-2024-e-anuncia-dilsinho-e-babado-novo-como-atracoes-da-festa\/#primaryimage","url":"https:\/\/regiaonews.net.br\/2022\/wp-content\/uploads\/2024\/01\/Babado-Novo-Divulgacao.jpg","contentUrl":"https:\/\/regiaonews.net.br\/2022\/wp-content\/uploads\/2024\/01\/Babado-Novo-Divulgacao.jpg","width":650,"height":488},{"@type":"BreadcrumbList","@id":"https:\/\/regiaonews.net.br\/2022\/2024\/01\/04\/olimpia-confirma-carnaval-2024-e-anuncia-dilsinho-e-babado-novo-como-atracoes-da-festa\/#breadcrumb","itemListElement":[{"@type":"ListItem","position":1,"name":"In\u00edcio","item":"https:\/\/regiaonews.net.br\/2022\/"},{"@type":"ListItem","position":2,"name":"Ol\u00edmpia confirma Carnaval 2024 e anuncia Dilsinho e Babado Novo como atra\u00e7\u00f5es da festa"}]},{"@type":"WebSite","@id":"https:\/\/regiaonews.net.br\/2022\/#website","url":"https:\/\/regiaonews.net.br\/2022\/","name":"Regi\u00e3o News","description":"Site de Not\u00edcias de Barretos e regi\u00e3o","publisher":{"@id":"https:\/\/regiaonews.net.br\/2022\/#organization"},"potentialAction":[{"@type":"SearchAction","target":{"@type":"EntryPoint","urlTemplate":"https:\/\/regiaonews.net.br\/2022\/?s={search_term_string}"},"query-input":{"@type":"PropertyValueSpecification","valueRequired":true,"valueName":"search_term_string"}}],"inLanguage":"pt-BR"},{"@type":"Organization","@id":"https:\/\/regiaonews.net.br\/2022\/#organization","name":"Regi\u00e3o News","url":"https:\/\/regiaonews.net.br\/2022\/","logo":{"@type":"ImageObject","inLanguage":"pt-BR","@id":"https:\/\/regiaonews.net.br\/2022\/#\/schema\/logo\/image\/","url":"https:\/\/regiaonews.net.br\/2022\/wp-content\/uploads\/2026\/03\/regiao-13-anos-scaled.jpg","contentUrl":"https:\/\/regiaonews.net.br\/2022\/wp-content\/uploads\/2026\/03\/regiao-13-anos-scaled.jpg","width":2560,"height":635,"caption":"Regi\u00e3o News"},"image":{"@id":"https:\/\/regiaonews.net.br\/2022\/#\/schema\/logo\/image\/"}},{"@type":"Person","@id":"https:\/\/regiaonews.net.br\/2022\/#\/schema\/person\/2d205a608a5aa97ac279d7a5e6d89ad8","name":"Roberto","image":{"@type":"ImageObject","inLanguage":"pt-BR","@id":"https:\/\/secure.gravatar.com\/avatar\/42749d8b712ff9d59ca93dc150494e5b55a44134482993f5baeb97e61b7ecc89?s=96&d=mm&r=g","url":"https:\/\/secure.gravatar.com\/avatar\/42749d8b712ff9d59ca93dc150494e5b55a44134482993f5baeb97e61b7ecc89?s=96&d=mm&r=g","contentUrl":"https:\/\/secure.gravatar.com\/avatar\/42749d8b712ff9d59ca93dc150494e5b55a44134482993f5baeb97e61b7ecc89?s=96&d=mm&r=g","caption":"Roberto"},"url":"https:\/\/regiaonews.net.br\/2022\/author\/roberto\/"}]}},"publishpress_future_action":{"enabled":false,"date":"2026-05-04 04:34:22","action":"change-status","newStatus":"draft","terms":[],"taxonomy":"category","extraData":[]},"publishpress_future_workflow_manual_trigger":{"enabledWorkflows":[]},"_links":{"self":[{"href":"https:\/\/regiaonews.net.br\/2022\/wp-json\/wp\/v2\/posts\/99854","targetHints":{"allow":["GET"]}}],"collection":[{"href":"https:\/\/regiaonews.net.br\/2022\/wp-json\/wp\/v2\/posts"}],"about":[{"href":"https:\/\/regiaonews.net.br\/2022\/wp-json\/wp\/v2\/types\/post"}],"author":[{"embeddable":true,"href":"https:\/\/regiaonews.net.br\/2022\/wp-json\/wp\/v2\/users\/2"}],"replies":[{"embeddable":true,"href":"https:\/\/regiaonews.net.br\/2022\/wp-json\/wp\/v2\/comments?post=99854"}],"version-history":[{"count":1,"href":"https:\/\/regiaonews.net.br\/2022\/wp-json\/wp\/v2\/posts\/99854\/revisions"}],"predecessor-version":[{"id":99856,"href":"https:\/\/regiaonews.net.br\/2022\/wp-json\/wp\/v2\/posts\/99854\/revisions\/99856"}],"wp:featuredmedia":[{"embeddable":true,"href":"https:\/\/regiaonews.net.br\/2022\/wp-json\/wp\/v2\/media\/99855"}],"wp:attachment":[{"href":"https:\/\/regiaonews.net.br\/2022\/wp-json\/wp\/v2\/media?parent=99854"}],"wp:term":[{"taxonomy":"category","embeddable":true,"href":"https:\/\/regiaonews.net.br\/2022\/wp-json\/wp\/v2\/categories?post=99854"},{"taxonomy":"post_tag","embeddable":true,"href":"https:\/\/regiaonews.net.br\/2022\/wp-json\/wp\/v2\/tags?post=99854"}],"curies":[{"name":"wp","href":"https:\/\/api.w.org\/{rel}","templated":true}]}}