{"id":99848,"date":"2024-01-04T17:30:47","date_gmt":"2024-01-04T20:30:47","guid":{"rendered":"https:\/\/regiaonews.net.br\/2022\/?p=99848"},"modified":"2024-01-04T17:30:47","modified_gmt":"2024-01-04T20:30:47","slug":"prefeita-paula-lemos-expande-beneficios-aos-profissionais-contratados-pelo-regime-juridico-e-administrativo-especial","status":"publish","type":"post","link":"https:\/\/regiaonews.net.br\/2022\/2024\/01\/04\/prefeita-paula-lemos-expande-beneficios-aos-profissionais-contratados-pelo-regime-juridico-e-administrativo-especial\/","title":{"rendered":"Prefeita Paula Lemos expande benef\u00edcios aos profissionais contratados pelo Regime Jur\u00eddico e Administrativo Especial"},"content":{"rendered":"<div style=\"text-align: center;\"><strong>Lei complementar aprovada pela C\u00e2mara Municipal assegura licen\u00e7a maternidade, modifica prazos de entrega de atestados e justifica\u00e7\u00e3o de faltas e inclui indeniza\u00e7\u00e3o de transporte para docentes e servidores do quadro de apoio escolar que atuarem em unidades da Zona Rural.<\/strong><\/div>\n<div><\/div>\n<div>A Prefeita da Est\u00e2ncia Tur\u00edstica de Barretos, Paula Lemos, prop\u00f4s e a C\u00e2mara Municipal aprovou na \u00faltima sess\u00e3o extraordin\u00e1ria de 2023, realizada em 28 de dezembro, a altera\u00e7\u00e3o e a inclus\u00e3o de dispositivos na Lei Complementar n.\u00ba 351, de 21 de novembro de 2017, expandindo os benef\u00edcios aos profissionais contratados pelo Regime Jur\u00eddico Administrativo Especial (Rejae).<\/div>\n<div><\/div>\n<div>\u201cA aprova\u00e7\u00e3o deste Projeto de Lei \u00e9 mais uma maneira de valorizar os profissionais contratados nesta modalidade, que passam, a partir deste ano, \u00a0a ter uma s\u00e9rie de benef\u00edcios como a licen\u00e7a maternidade de 120 dias, prazo maior para entrega de atestados m\u00e9dicos e a t\u00e3o esperada indeniza\u00e7\u00e3o de transporte para quem trabalha na nossa Zona Rural. Estamos com muita for\u00e7a, foco e f\u00e9 nos empenhando cada dia mais para melhorar as condi\u00e7\u00f5es dos nossos servidores, sejam eles efetivos ou tempor\u00e1rios, pois isso reflete no bom servi\u00e7o entregue \u00e0 popula\u00e7\u00e3o\u201d, comemorou a Chefe do Executivo.<\/div>\n<div><\/div>\n<div><\/div>\n<div><b>Licen\u00e7a Maternidade e falta justificada<\/b><\/div>\n<div>Com a aprova\u00e7\u00e3o do Projeto de Lei Complementar n.\u00ba 38\/202, os servidores contratados temporariamente passam a ter garantida a possibilidade de ausentarem-se, sem preju\u00edzo da remunera\u00e7\u00e3o, por 120 dias em licen\u00e7a maternidade, al\u00e9m de faltas justificadas com atestado m\u00e9dico. Na reda\u00e7\u00e3o anterior as faltas eram limitadas a seis durante o per\u00edodo contratual.<\/div>\n<div><\/div>\n<div>O prazo para justifica\u00e7\u00e3o de falta tamb\u00e9m foi alterado. Com os novos benef\u00edcios, o contratado ou pessoa por ele designada dever\u00e1 apresentar requerimento por escrito e protocolo de apresenta\u00e7\u00e3o de atestado m\u00e9dico no Departamento de Recursos Humanos da Prefeitura Municipal, no prazo m\u00e1ximo de 72 horas a partir da data de sua emiss\u00e3o para delibera\u00e7\u00e3o da autoridade competente, antes o documento deveria ser entregue no primeiro dia \u00fatil subsequente ao da aus\u00eancia.<\/div>\n<div><\/div>\n<div>Ainda ficou acrescido que em casos de licen\u00e7a para tratamento da pr\u00f3pria sa\u00fade, em virtude da apresenta\u00e7\u00e3o de atestados m\u00e9dicos para afastamento do trabalho por tr\u00eas ou mais dias consecutivos, o contratado ou pessoa por ele designada providenciar\u00e1 a entrega do atestado junto ao Servi\u00e7os Especializados em Engenharia de Seguran\u00e7a e em Medicina do Trabalho &#8211; SESMT no prazo m\u00e1ximo de 72 horas a partir da data de sua emiss\u00e3o, e dever\u00e1 se submeter \u00e0 inspe\u00e7\u00e3o feita por m\u00e9dico da rede oficial legalmente designado para este fim.<\/div>\n<div><\/div>\n<div><\/div>\n<div><b>Indeniza\u00e7\u00e3o de transporte<\/b><\/div>\n<div><\/div>\n<div>A nova lei tamb\u00e9m prev\u00ea o pagamento de indeniza\u00e7\u00e3o de transporte aos docentes e servidores do quadro de apoio escolar contratados, quando estes atuarem em Unidades Escolares da Zona Rural de Barretos. O benef\u00edcio equivale a 20% do vencimento.<\/div>\n","protected":false},"excerpt":{"rendered":"<p>Lei complementar aprovada pela C\u00e2mara Municipal assegura licen\u00e7a maternidade, modifica<\/p>\n","protected":false},"author":2,"featured_media":99849,"comment_status":"open","ping_status":"open","sticky":false,"template":"","format":"standard","meta":{"footnotes":""},"categories":[14,3],"tags":[],"class_list":["post-99848","post","type-post","status-publish","format-standard","has-post-thumbnail","hentry","category-barretos","category-geral"],"yoast_head":"<!-- This site is optimized with the Yoast SEO plugin v27.4 - https:\/\/yoast.com\/product\/yoast-seo-wordpress\/ -->\n<title>Prefeita Paula Lemos expande benef\u00edcios aos profissionais contratados pelo Regime Jur\u00eddico e Administrativo Especial - Regi\u00e3o News<\/title>\n<meta name=\"robots\" content=\"index, follow, max-snippet:-1, max-image-preview:large, max-video-preview:-1\" \/>\n<link rel=\"canonical\" href=\"https:\/\/regiaonews.net.br\/2022\/2024\/01\/04\/prefeita-paula-lemos-expande-beneficios-aos-profissionais-contratados-pelo-regime-juridico-e-administrativo-especial\/\" \/>\n<meta property=\"og:locale\" content=\"pt_BR\" \/>\n<meta property=\"og:type\" content=\"article\" \/>\n<meta property=\"og:title\" content=\"Prefeita Paula Lemos expande benef\u00edcios aos profissionais contratados pelo Regime Jur\u00eddico e Administrativo Especial - Regi\u00e3o News\" \/>\n<meta property=\"og:description\" content=\"Lei complementar aprovada pela C\u00e2mara Municipal assegura licen\u00e7a maternidade, modifica\" \/>\n<meta property=\"og:url\" content=\"https:\/\/regiaonews.net.br\/2022\/2024\/01\/04\/prefeita-paula-lemos-expande-beneficios-aos-profissionais-contratados-pelo-regime-juridico-e-administrativo-especial\/\" \/>\n<meta property=\"og:site_name\" content=\"Regi\u00e3o News\" \/>\n<meta property=\"article:published_time\" content=\"2024-01-04T20:30:47+00:00\" \/>\n<meta property=\"og:image\" content=\"https:\/\/regiaonews.net.br\/2022\/wp-content\/uploads\/2024\/01\/903ce9225fca3e988c2af215d4e544d3.jpeg\" \/>\n\t<meta property=\"og:image:width\" content=\"1068\" \/>\n\t<meta property=\"og:image:height\" content=\"1600\" \/>\n\t<meta property=\"og:image:type\" content=\"image\/jpeg\" \/>\n<meta name=\"author\" content=\"Roberto\" \/>\n<meta name=\"twitter:card\" content=\"summary_large_image\" \/>\n<meta name=\"twitter:label1\" content=\"Escrito por\" \/>\n\t<meta name=\"twitter:data1\" content=\"Roberto\" \/>\n\t<meta name=\"twitter:label2\" content=\"Est. tempo de leitura\" \/>\n\t<meta name=\"twitter:data2\" content=\"3 minutos\" \/>\n<script type=\"application\/ld+json\" class=\"yoast-schema-graph\">{\"@context\":\"https:\\\/\\\/schema.org\",\"@graph\":[{\"@type\":\"Article\",\"@id\":\"https:\\\/\\\/regiaonews.net.br\\\/2022\\\/2024\\\/01\\\/04\\\/prefeita-paula-lemos-expande-beneficios-aos-profissionais-contratados-pelo-regime-juridico-e-administrativo-especial\\\/#article\",\"isPartOf\":{\"@id\":\"https:\\\/\\\/regiaonews.net.br\\\/2022\\\/2024\\\/01\\\/04\\\/prefeita-paula-lemos-expande-beneficios-aos-profissionais-contratados-pelo-regime-juridico-e-administrativo-especial\\\/\"},\"author\":{\"name\":\"Roberto\",\"@id\":\"https:\\\/\\\/regiaonews.net.br\\\/2022\\\/#\\\/schema\\\/person\\\/2d205a608a5aa97ac279d7a5e6d89ad8\"},\"headline\":\"Prefeita Paula Lemos expande benef\u00edcios aos profissionais contratados pelo Regime Jur\u00eddico e Administrativo Especial\",\"datePublished\":\"2024-01-04T20:30:47+00:00\",\"mainEntityOfPage\":{\"@id\":\"https:\\\/\\\/regiaonews.net.br\\\/2022\\\/2024\\\/01\\\/04\\\/prefeita-paula-lemos-expande-beneficios-aos-profissionais-contratados-pelo-regime-juridico-e-administrativo-especial\\\/\"},\"wordCount\":511,\"commentCount\":0,\"publisher\":{\"@id\":\"https:\\\/\\\/regiaonews.net.br\\\/2022\\\/#organization\"},\"image\":{\"@id\":\"https:\\\/\\\/regiaonews.net.br\\\/2022\\\/2024\\\/01\\\/04\\\/prefeita-paula-lemos-expande-beneficios-aos-profissionais-contratados-pelo-regime-juridico-e-administrativo-especial\\\/#primaryimage\"},\"thumbnailUrl\":\"https:\\\/\\\/regiaonews.net.br\\\/2022\\\/wp-content\\\/uploads\\\/2024\\\/01\\\/903ce9225fca3e988c2af215d4e544d3.jpeg\",\"articleSection\":[\"Barretos\",\"Geral\"],\"inLanguage\":\"pt-BR\",\"potentialAction\":[{\"@type\":\"CommentAction\",\"name\":\"Comment\",\"target\":[\"https:\\\/\\\/regiaonews.net.br\\\/2022\\\/2024\\\/01\\\/04\\\/prefeita-paula-lemos-expande-beneficios-aos-profissionais-contratados-pelo-regime-juridico-e-administrativo-especial\\\/#respond\"]}]},{\"@type\":\"WebPage\",\"@id\":\"https:\\\/\\\/regiaonews.net.br\\\/2022\\\/2024\\\/01\\\/04\\\/prefeita-paula-lemos-expande-beneficios-aos-profissionais-contratados-pelo-regime-juridico-e-administrativo-especial\\\/\",\"url\":\"https:\\\/\\\/regiaonews.net.br\\\/2022\\\/2024\\\/01\\\/04\\\/prefeita-paula-lemos-expande-beneficios-aos-profissionais-contratados-pelo-regime-juridico-e-administrativo-especial\\\/\",\"name\":\"Prefeita Paula Lemos expande benef\u00edcios aos profissionais contratados pelo Regime Jur\u00eddico e Administrativo Especial - Regi\u00e3o News\",\"isPartOf\":{\"@id\":\"https:\\\/\\\/regiaonews.net.br\\\/2022\\\/#website\"},\"primaryImageOfPage\":{\"@id\":\"https:\\\/\\\/regiaonews.net.br\\\/2022\\\/2024\\\/01\\\/04\\\/prefeita-paula-lemos-expande-beneficios-aos-profissionais-contratados-pelo-regime-juridico-e-administrativo-especial\\\/#primaryimage\"},\"image\":{\"@id\":\"https:\\\/\\\/regiaonews.net.br\\\/2022\\\/2024\\\/01\\\/04\\\/prefeita-paula-lemos-expande-beneficios-aos-profissionais-contratados-pelo-regime-juridico-e-administrativo-especial\\\/#primaryimage\"},\"thumbnailUrl\":\"https:\\\/\\\/regiaonews.net.br\\\/2022\\\/wp-content\\\/uploads\\\/2024\\\/01\\\/903ce9225fca3e988c2af215d4e544d3.jpeg\",\"datePublished\":\"2024-01-04T20:30:47+00:00\",\"breadcrumb\":{\"@id\":\"https:\\\/\\\/regiaonews.net.br\\\/2022\\\/2024\\\/01\\\/04\\\/prefeita-paula-lemos-expande-beneficios-aos-profissionais-contratados-pelo-regime-juridico-e-administrativo-especial\\\/#breadcrumb\"},\"inLanguage\":\"pt-BR\",\"potentialAction\":[{\"@type\":\"ReadAction\",\"target\":[\"https:\\\/\\\/regiaonews.net.br\\\/2022\\\/2024\\\/01\\\/04\\\/prefeita-paula-lemos-expande-beneficios-aos-profissionais-contratados-pelo-regime-juridico-e-administrativo-especial\\\/\"]}]},{\"@type\":\"ImageObject\",\"inLanguage\":\"pt-BR\",\"@id\":\"https:\\\/\\\/regiaonews.net.br\\\/2022\\\/2024\\\/01\\\/04\\\/prefeita-paula-lemos-expande-beneficios-aos-profissionais-contratados-pelo-regime-juridico-e-administrativo-especial\\\/#primaryimage\",\"url\":\"https:\\\/\\\/regiaonews.net.br\\\/2022\\\/wp-content\\\/uploads\\\/2024\\\/01\\\/903ce9225fca3e988c2af215d4e544d3.jpeg\",\"contentUrl\":\"https:\\\/\\\/regiaonews.net.br\\\/2022\\\/wp-content\\\/uploads\\\/2024\\\/01\\\/903ce9225fca3e988c2af215d4e544d3.jpeg\",\"width\":1068,\"height\":1600},{\"@type\":\"BreadcrumbList\",\"@id\":\"https:\\\/\\\/regiaonews.net.br\\\/2022\\\/2024\\\/01\\\/04\\\/prefeita-paula-lemos-expande-beneficios-aos-profissionais-contratados-pelo-regime-juridico-e-administrativo-especial\\\/#breadcrumb\",\"itemListElement\":[{\"@type\":\"ListItem\",\"position\":1,\"name\":\"In\u00edcio\",\"item\":\"https:\\\/\\\/regiaonews.net.br\\\/2022\\\/\"},{\"@type\":\"ListItem\",\"position\":2,\"name\":\"Prefeita Paula Lemos expande benef\u00edcios aos profissionais contratados pelo Regime Jur\u00eddico e Administrativo Especial\"}]},{\"@type\":\"WebSite\",\"@id\":\"https:\\\/\\\/regiaonews.net.br\\\/2022\\\/#website\",\"url\":\"https:\\\/\\\/regiaonews.net.br\\\/2022\\\/\",\"name\":\"Regi\u00e3o News\",\"description\":\"Site de Not\u00edcias de Barretos e regi\u00e3o\",\"publisher\":{\"@id\":\"https:\\\/\\\/regiaonews.net.br\\\/2022\\\/#organization\"},\"potentialAction\":[{\"@type\":\"SearchAction\",\"target\":{\"@type\":\"EntryPoint\",\"urlTemplate\":\"https:\\\/\\\/regiaonews.net.br\\\/2022\\\/?s={search_term_string}\"},\"query-input\":{\"@type\":\"PropertyValueSpecification\",\"valueRequired\":true,\"valueName\":\"search_term_string\"}}],\"inLanguage\":\"pt-BR\"},{\"@type\":\"Organization\",\"@id\":\"https:\\\/\\\/regiaonews.net.br\\\/2022\\\/#organization\",\"name\":\"Regi\u00e3o News\",\"url\":\"https:\\\/\\\/regiaonews.net.br\\\/2022\\\/\",\"logo\":{\"@type\":\"ImageObject\",\"inLanguage\":\"pt-BR\",\"@id\":\"https:\\\/\\\/regiaonews.net.br\\\/2022\\\/#\\\/schema\\\/logo\\\/image\\\/\",\"url\":\"https:\\\/\\\/regiaonews.net.br\\\/2022\\\/wp-content\\\/uploads\\\/2026\\\/03\\\/regiao-13-anos-scaled.jpg\",\"contentUrl\":\"https:\\\/\\\/regiaonews.net.br\\\/2022\\\/wp-content\\\/uploads\\\/2026\\\/03\\\/regiao-13-anos-scaled.jpg\",\"width\":2560,\"height\":635,\"caption\":\"Regi\u00e3o News\"},\"image\":{\"@id\":\"https:\\\/\\\/regiaonews.net.br\\\/2022\\\/#\\\/schema\\\/logo\\\/image\\\/\"}},{\"@type\":\"Person\",\"@id\":\"https:\\\/\\\/regiaonews.net.br\\\/2022\\\/#\\\/schema\\\/person\\\/2d205a608a5aa97ac279d7a5e6d89ad8\",\"name\":\"Roberto\",\"image\":{\"@type\":\"ImageObject\",\"inLanguage\":\"pt-BR\",\"@id\":\"https:\\\/\\\/secure.gravatar.com\\\/avatar\\\/42749d8b712ff9d59ca93dc150494e5b55a44134482993f5baeb97e61b7ecc89?s=96&d=mm&r=g\",\"url\":\"https:\\\/\\\/secure.gravatar.com\\\/avatar\\\/42749d8b712ff9d59ca93dc150494e5b55a44134482993f5baeb97e61b7ecc89?s=96&d=mm&r=g\",\"contentUrl\":\"https:\\\/\\\/secure.gravatar.com\\\/avatar\\\/42749d8b712ff9d59ca93dc150494e5b55a44134482993f5baeb97e61b7ecc89?s=96&d=mm&r=g\",\"caption\":\"Roberto\"},\"url\":\"https:\\\/\\\/regiaonews.net.br\\\/2022\\\/author\\\/roberto\\\/\"}]}<\/script>\n<!-- \/ Yoast SEO plugin. -->","yoast_head_json":{"title":"Prefeita Paula Lemos expande benef\u00edcios aos profissionais contratados pelo Regime Jur\u00eddico e Administrativo Especial - Regi\u00e3o News","robots":{"index":"index","follow":"follow","max-snippet":"max-snippet:-1","max-image-preview":"max-image-preview:large","max-video-preview":"max-video-preview:-1"},"canonical":"https:\/\/regiaonews.net.br\/2022\/2024\/01\/04\/prefeita-paula-lemos-expande-beneficios-aos-profissionais-contratados-pelo-regime-juridico-e-administrativo-especial\/","og_locale":"pt_BR","og_type":"article","og_title":"Prefeita Paula Lemos expande benef\u00edcios aos profissionais contratados pelo Regime Jur\u00eddico e Administrativo Especial - Regi\u00e3o News","og_description":"Lei complementar aprovada pela C\u00e2mara Municipal assegura licen\u00e7a maternidade, modifica","og_url":"https:\/\/regiaonews.net.br\/2022\/2024\/01\/04\/prefeita-paula-lemos-expande-beneficios-aos-profissionais-contratados-pelo-regime-juridico-e-administrativo-especial\/","og_site_name":"Regi\u00e3o News","article_published_time":"2024-01-04T20:30:47+00:00","og_image":[{"width":1068,"height":1600,"url":"https:\/\/regiaonews.net.br\/2022\/wp-content\/uploads\/2024\/01\/903ce9225fca3e988c2af215d4e544d3.jpeg","type":"image\/jpeg"}],"author":"Roberto","twitter_card":"summary_large_image","twitter_misc":{"Escrito por":"Roberto","Est. tempo de leitura":"3 minutos"},"schema":{"@context":"https:\/\/schema.org","@graph":[{"@type":"Article","@id":"https:\/\/regiaonews.net.br\/2022\/2024\/01\/04\/prefeita-paula-lemos-expande-beneficios-aos-profissionais-contratados-pelo-regime-juridico-e-administrativo-especial\/#article","isPartOf":{"@id":"https:\/\/regiaonews.net.br\/2022\/2024\/01\/04\/prefeita-paula-lemos-expande-beneficios-aos-profissionais-contratados-pelo-regime-juridico-e-administrativo-especial\/"},"author":{"name":"Roberto","@id":"https:\/\/regiaonews.net.br\/2022\/#\/schema\/person\/2d205a608a5aa97ac279d7a5e6d89ad8"},"headline":"Prefeita Paula Lemos expande benef\u00edcios aos profissionais contratados pelo Regime Jur\u00eddico e Administrativo Especial","datePublished":"2024-01-04T20:30:47+00:00","mainEntityOfPage":{"@id":"https:\/\/regiaonews.net.br\/2022\/2024\/01\/04\/prefeita-paula-lemos-expande-beneficios-aos-profissionais-contratados-pelo-regime-juridico-e-administrativo-especial\/"},"wordCount":511,"commentCount":0,"publisher":{"@id":"https:\/\/regiaonews.net.br\/2022\/#organization"},"image":{"@id":"https:\/\/regiaonews.net.br\/2022\/2024\/01\/04\/prefeita-paula-lemos-expande-beneficios-aos-profissionais-contratados-pelo-regime-juridico-e-administrativo-especial\/#primaryimage"},"thumbnailUrl":"https:\/\/regiaonews.net.br\/2022\/wp-content\/uploads\/2024\/01\/903ce9225fca3e988c2af215d4e544d3.jpeg","articleSection":["Barretos","Geral"],"inLanguage":"pt-BR","potentialAction":[{"@type":"CommentAction","name":"Comment","target":["https:\/\/regiaonews.net.br\/2022\/2024\/01\/04\/prefeita-paula-lemos-expande-beneficios-aos-profissionais-contratados-pelo-regime-juridico-e-administrativo-especial\/#respond"]}]},{"@type":"WebPage","@id":"https:\/\/regiaonews.net.br\/2022\/2024\/01\/04\/prefeita-paula-lemos-expande-beneficios-aos-profissionais-contratados-pelo-regime-juridico-e-administrativo-especial\/","url":"https:\/\/regiaonews.net.br\/2022\/2024\/01\/04\/prefeita-paula-lemos-expande-beneficios-aos-profissionais-contratados-pelo-regime-juridico-e-administrativo-especial\/","name":"Prefeita Paula Lemos expande benef\u00edcios aos profissionais contratados pelo Regime Jur\u00eddico e Administrativo Especial - Regi\u00e3o News","isPartOf":{"@id":"https:\/\/regiaonews.net.br\/2022\/#website"},"primaryImageOfPage":{"@id":"https:\/\/regiaonews.net.br\/2022\/2024\/01\/04\/prefeita-paula-lemos-expande-beneficios-aos-profissionais-contratados-pelo-regime-juridico-e-administrativo-especial\/#primaryimage"},"image":{"@id":"https:\/\/regiaonews.net.br\/2022\/2024\/01\/04\/prefeita-paula-lemos-expande-beneficios-aos-profissionais-contratados-pelo-regime-juridico-e-administrativo-especial\/#primaryimage"},"thumbnailUrl":"https:\/\/regiaonews.net.br\/2022\/wp-content\/uploads\/2024\/01\/903ce9225fca3e988c2af215d4e544d3.jpeg","datePublished":"2024-01-04T20:30:47+00:00","breadcrumb":{"@id":"https:\/\/regiaonews.net.br\/2022\/2024\/01\/04\/prefeita-paula-lemos-expande-beneficios-aos-profissionais-contratados-pelo-regime-juridico-e-administrativo-especial\/#breadcrumb"},"inLanguage":"pt-BR","potentialAction":[{"@type":"ReadAction","target":["https:\/\/regiaonews.net.br\/2022\/2024\/01\/04\/prefeita-paula-lemos-expande-beneficios-aos-profissionais-contratados-pelo-regime-juridico-e-administrativo-especial\/"]}]},{"@type":"ImageObject","inLanguage":"pt-BR","@id":"https:\/\/regiaonews.net.br\/2022\/2024\/01\/04\/prefeita-paula-lemos-expande-beneficios-aos-profissionais-contratados-pelo-regime-juridico-e-administrativo-especial\/#primaryimage","url":"https:\/\/regiaonews.net.br\/2022\/wp-content\/uploads\/2024\/01\/903ce9225fca3e988c2af215d4e544d3.jpeg","contentUrl":"https:\/\/regiaonews.net.br\/2022\/wp-content\/uploads\/2024\/01\/903ce9225fca3e988c2af215d4e544d3.jpeg","width":1068,"height":1600},{"@type":"BreadcrumbList","@id":"https:\/\/regiaonews.net.br\/2022\/2024\/01\/04\/prefeita-paula-lemos-expande-beneficios-aos-profissionais-contratados-pelo-regime-juridico-e-administrativo-especial\/#breadcrumb","itemListElement":[{"@type":"ListItem","position":1,"name":"In\u00edcio","item":"https:\/\/regiaonews.net.br\/2022\/"},{"@type":"ListItem","position":2,"name":"Prefeita Paula Lemos expande benef\u00edcios aos profissionais contratados pelo Regime Jur\u00eddico e Administrativo Especial"}]},{"@type":"WebSite","@id":"https:\/\/regiaonews.net.br\/2022\/#website","url":"https:\/\/regiaonews.net.br\/2022\/","name":"Regi\u00e3o News","description":"Site de Not\u00edcias de Barretos e regi\u00e3o","publisher":{"@id":"https:\/\/regiaonews.net.br\/2022\/#organization"},"potentialAction":[{"@type":"SearchAction","target":{"@type":"EntryPoint","urlTemplate":"https:\/\/regiaonews.net.br\/2022\/?s={search_term_string}"},"query-input":{"@type":"PropertyValueSpecification","valueRequired":true,"valueName":"search_term_string"}}],"inLanguage":"pt-BR"},{"@type":"Organization","@id":"https:\/\/regiaonews.net.br\/2022\/#organization","name":"Regi\u00e3o News","url":"https:\/\/regiaonews.net.br\/2022\/","logo":{"@type":"ImageObject","inLanguage":"pt-BR","@id":"https:\/\/regiaonews.net.br\/2022\/#\/schema\/logo\/image\/","url":"https:\/\/regiaonews.net.br\/2022\/wp-content\/uploads\/2026\/03\/regiao-13-anos-scaled.jpg","contentUrl":"https:\/\/regiaonews.net.br\/2022\/wp-content\/uploads\/2026\/03\/regiao-13-anos-scaled.jpg","width":2560,"height":635,"caption":"Regi\u00e3o News"},"image":{"@id":"https:\/\/regiaonews.net.br\/2022\/#\/schema\/logo\/image\/"}},{"@type":"Person","@id":"https:\/\/regiaonews.net.br\/2022\/#\/schema\/person\/2d205a608a5aa97ac279d7a5e6d89ad8","name":"Roberto","image":{"@type":"ImageObject","inLanguage":"pt-BR","@id":"https:\/\/secure.gravatar.com\/avatar\/42749d8b712ff9d59ca93dc150494e5b55a44134482993f5baeb97e61b7ecc89?s=96&d=mm&r=g","url":"https:\/\/secure.gravatar.com\/avatar\/42749d8b712ff9d59ca93dc150494e5b55a44134482993f5baeb97e61b7ecc89?s=96&d=mm&r=g","contentUrl":"https:\/\/secure.gravatar.com\/avatar\/42749d8b712ff9d59ca93dc150494e5b55a44134482993f5baeb97e61b7ecc89?s=96&d=mm&r=g","caption":"Roberto"},"url":"https:\/\/regiaonews.net.br\/2022\/author\/roberto\/"}]}},"publishpress_future_action":{"enabled":false,"date":"2026-05-04 07:47:00","action":"change-status","newStatus":"draft","terms":[],"taxonomy":"category","extraData":[]},"publishpress_future_workflow_manual_trigger":{"enabledWorkflows":[]},"_links":{"self":[{"href":"https:\/\/regiaonews.net.br\/2022\/wp-json\/wp\/v2\/posts\/99848","targetHints":{"allow":["GET"]}}],"collection":[{"href":"https:\/\/regiaonews.net.br\/2022\/wp-json\/wp\/v2\/posts"}],"about":[{"href":"https:\/\/regiaonews.net.br\/2022\/wp-json\/wp\/v2\/types\/post"}],"author":[{"embeddable":true,"href":"https:\/\/regiaonews.net.br\/2022\/wp-json\/wp\/v2\/users\/2"}],"replies":[{"embeddable":true,"href":"https:\/\/regiaonews.net.br\/2022\/wp-json\/wp\/v2\/comments?post=99848"}],"version-history":[{"count":1,"href":"https:\/\/regiaonews.net.br\/2022\/wp-json\/wp\/v2\/posts\/99848\/revisions"}],"predecessor-version":[{"id":99850,"href":"https:\/\/regiaonews.net.br\/2022\/wp-json\/wp\/v2\/posts\/99848\/revisions\/99850"}],"wp:featuredmedia":[{"embeddable":true,"href":"https:\/\/regiaonews.net.br\/2022\/wp-json\/wp\/v2\/media\/99849"}],"wp:attachment":[{"href":"https:\/\/regiaonews.net.br\/2022\/wp-json\/wp\/v2\/media?parent=99848"}],"wp:term":[{"taxonomy":"category","embeddable":true,"href":"https:\/\/regiaonews.net.br\/2022\/wp-json\/wp\/v2\/categories?post=99848"},{"taxonomy":"post_tag","embeddable":true,"href":"https:\/\/regiaonews.net.br\/2022\/wp-json\/wp\/v2\/tags?post=99848"}],"curies":[{"name":"wp","href":"https:\/\/api.w.org\/{rel}","templated":true}]}}