{"id":99846,"date":"2024-01-04T12:04:10","date_gmt":"2024-01-04T15:04:10","guid":{"rendered":"https:\/\/regiaonews.net.br\/2022\/?p=99846"},"modified":"2024-01-04T22:54:45","modified_gmt":"2024-01-05T01:54:45","slug":"rede-estadual-oferece-apoio-da-inteligencia-artificial-para-melhorar-redacao","status":"publish","type":"post","link":"https:\/\/regiaonews.net.br\/2022\/2024\/01\/04\/rede-estadual-oferece-apoio-da-inteligencia-artificial-para-melhorar-redacao\/","title":{"rendered":"Rede Estadual oferece apoio da intelig\u00eancia artificial para melhorar reda\u00e7\u00e3o"},"content":{"rendered":"<p>Os mais de 10 mil alunos dos anos finais do Ensino Fundamental e do Ensino M\u00e9dio da regi\u00e3o de Barretos e seus professores ter\u00e3o, ao longo do ano letivo de 2024, mais um apoio ao ensino-aprendizagem. A Secretaria da Educa\u00e7\u00e3o do Estado de S\u00e3o Paulo (Seduc-SP) implementou, no final do ano letivo de 2023, uma assistente de corre\u00e7\u00e3o virtual para auxiliar professores na revis\u00e3o dos textos da plataforma Reda\u00e7\u00e3o Paulista, mais um recurso da pasta para aprimorar as habilidades de leitura e escrita dos alunos matriculados nessas duas fases da educa\u00e7\u00e3o b\u00e1sica.<\/p>\n<p>A plataforma foi implantada pela Educa\u00e7\u00e3o de SP no m\u00eas de agosto. Ao longo do segundo semestre, mais de 2,4 milh\u00f5es de estudantes em todo o estado escreveram 3,5 milh\u00f5es de reda\u00e7\u00f5es. At\u00e9 a implanta\u00e7\u00e3o da assistente virtual, a confer\u00eancia era feita diretamente pelos professores. Agora, esses docentes ter\u00e3o a assistente de corre\u00e7\u00e3o virtual para agilizar e facilitar essas revis\u00f5es. O objetivo, de acordo com o secret\u00e1rio da Educa\u00e7\u00e3o, Renato Feder, \u00e9 ampliar o n\u00famero de produ\u00e7\u00f5es no ano que vem e, assim, garantir que estudantes da rede p\u00fablica escrevam mais e melhor e alcancem melhores \u00edndices em avalia\u00e7\u00f5es como o Saresp (Sistema de Avalia\u00e7\u00e3o de Rendimento Escolar do Estado de S\u00e3o Paulo) e o Ideb (\u00cdndice de Desenvolvimento da Educa\u00e7\u00e3o\u00a0B\u00e1sica)<\/p>\n","protected":false},"excerpt":{"rendered":"<p>Os mais de 10 mil alunos dos anos finais do<\/p>\n","protected":false},"author":2,"featured_media":9458,"comment_status":"open","ping_status":"open","sticky":false,"template":"","format":"standard","meta":{"footnotes":""},"categories":[7,3],"tags":[],"class_list":["post-99846","post","type-post","status-publish","format-standard","has-post-thumbnail","hentry","category-estado-de-sao-paulo","category-geral"],"yoast_head":"<!-- This site is optimized with the Yoast SEO plugin v27.4 - https:\/\/yoast.com\/product\/yoast-seo-wordpress\/ -->\n<title>Rede Estadual oferece apoio da intelig\u00eancia artificial para melhorar reda\u00e7\u00e3o - Regi\u00e3o News<\/title>\n<meta name=\"robots\" content=\"index, follow, max-snippet:-1, max-image-preview:large, max-video-preview:-1\" \/>\n<link rel=\"canonical\" href=\"https:\/\/regiaonews.net.br\/2022\/2024\/01\/04\/rede-estadual-oferece-apoio-da-inteligencia-artificial-para-melhorar-redacao\/\" \/>\n<meta property=\"og:locale\" content=\"pt_BR\" \/>\n<meta property=\"og:type\" content=\"article\" \/>\n<meta property=\"og:title\" content=\"Rede Estadual oferece apoio da intelig\u00eancia artificial para melhorar reda\u00e7\u00e3o - Regi\u00e3o News\" \/>\n<meta property=\"og:description\" content=\"Os mais de 10 mil alunos dos anos finais do\" \/>\n<meta property=\"og:url\" content=\"https:\/\/regiaonews.net.br\/2022\/2024\/01\/04\/rede-estadual-oferece-apoio-da-inteligencia-artificial-para-melhorar-redacao\/\" \/>\n<meta property=\"og:site_name\" content=\"Regi\u00e3o News\" \/>\n<meta property=\"article:published_time\" content=\"2024-01-04T15:04:10+00:00\" \/>\n<meta property=\"article:modified_time\" content=\"2024-01-05T01:54:45+00:00\" \/>\n<meta property=\"og:image\" content=\"https:\/\/regiaonews.net.br\/2022\/wp-content\/uploads\/2017\/11\/EE-Mario-Vieira-Marcondes-Faixada-da-Escola.jpg\" \/>\n\t<meta property=\"og:image:width\" content=\"640\" \/>\n\t<meta property=\"og:image:height\" content=\"480\" \/>\n\t<meta property=\"og:image:type\" content=\"image\/jpeg\" \/>\n<meta name=\"author\" content=\"Roberto\" \/>\n<meta name=\"twitter:card\" content=\"summary_large_image\" \/>\n<meta name=\"twitter:label1\" content=\"Escrito por\" \/>\n\t<meta name=\"twitter:data1\" content=\"Roberto\" \/>\n\t<meta name=\"twitter:label2\" content=\"Est. tempo de leitura\" \/>\n\t<meta name=\"twitter:data2\" content=\"2 minutos\" \/>\n<script type=\"application\/ld+json\" class=\"yoast-schema-graph\">{\"@context\":\"https:\\\/\\\/schema.org\",\"@graph\":[{\"@type\":\"Article\",\"@id\":\"https:\\\/\\\/regiaonews.net.br\\\/2022\\\/2024\\\/01\\\/04\\\/rede-estadual-oferece-apoio-da-inteligencia-artificial-para-melhorar-redacao\\\/#article\",\"isPartOf\":{\"@id\":\"https:\\\/\\\/regiaonews.net.br\\\/2022\\\/2024\\\/01\\\/04\\\/rede-estadual-oferece-apoio-da-inteligencia-artificial-para-melhorar-redacao\\\/\"},\"author\":{\"name\":\"Roberto\",\"@id\":\"https:\\\/\\\/regiaonews.net.br\\\/2022\\\/#\\\/schema\\\/person\\\/2d205a608a5aa97ac279d7a5e6d89ad8\"},\"headline\":\"Rede Estadual oferece apoio da intelig\u00eancia artificial para melhorar reda\u00e7\u00e3o\",\"datePublished\":\"2024-01-04T15:04:10+00:00\",\"dateModified\":\"2024-01-05T01:54:45+00:00\",\"mainEntityOfPage\":{\"@id\":\"https:\\\/\\\/regiaonews.net.br\\\/2022\\\/2024\\\/01\\\/04\\\/rede-estadual-oferece-apoio-da-inteligencia-artificial-para-melhorar-redacao\\\/\"},\"wordCount\":250,\"commentCount\":0,\"publisher\":{\"@id\":\"https:\\\/\\\/regiaonews.net.br\\\/2022\\\/#organization\"},\"image\":{\"@id\":\"https:\\\/\\\/regiaonews.net.br\\\/2022\\\/2024\\\/01\\\/04\\\/rede-estadual-oferece-apoio-da-inteligencia-artificial-para-melhorar-redacao\\\/#primaryimage\"},\"thumbnailUrl\":\"https:\\\/\\\/regiaonews.net.br\\\/2022\\\/wp-content\\\/uploads\\\/2017\\\/11\\\/EE-Mario-Vieira-Marcondes-Faixada-da-Escola.jpg\",\"articleSection\":[\"Estado de S\u00e3o Paulo\",\"Geral\"],\"inLanguage\":\"pt-BR\",\"potentialAction\":[{\"@type\":\"CommentAction\",\"name\":\"Comment\",\"target\":[\"https:\\\/\\\/regiaonews.net.br\\\/2022\\\/2024\\\/01\\\/04\\\/rede-estadual-oferece-apoio-da-inteligencia-artificial-para-melhorar-redacao\\\/#respond\"]}]},{\"@type\":\"WebPage\",\"@id\":\"https:\\\/\\\/regiaonews.net.br\\\/2022\\\/2024\\\/01\\\/04\\\/rede-estadual-oferece-apoio-da-inteligencia-artificial-para-melhorar-redacao\\\/\",\"url\":\"https:\\\/\\\/regiaonews.net.br\\\/2022\\\/2024\\\/01\\\/04\\\/rede-estadual-oferece-apoio-da-inteligencia-artificial-para-melhorar-redacao\\\/\",\"name\":\"Rede Estadual oferece apoio da intelig\u00eancia artificial para melhorar reda\u00e7\u00e3o - Regi\u00e3o News\",\"isPartOf\":{\"@id\":\"https:\\\/\\\/regiaonews.net.br\\\/2022\\\/#website\"},\"primaryImageOfPage\":{\"@id\":\"https:\\\/\\\/regiaonews.net.br\\\/2022\\\/2024\\\/01\\\/04\\\/rede-estadual-oferece-apoio-da-inteligencia-artificial-para-melhorar-redacao\\\/#primaryimage\"},\"image\":{\"@id\":\"https:\\\/\\\/regiaonews.net.br\\\/2022\\\/2024\\\/01\\\/04\\\/rede-estadual-oferece-apoio-da-inteligencia-artificial-para-melhorar-redacao\\\/#primaryimage\"},\"thumbnailUrl\":\"https:\\\/\\\/regiaonews.net.br\\\/2022\\\/wp-content\\\/uploads\\\/2017\\\/11\\\/EE-Mario-Vieira-Marcondes-Faixada-da-Escola.jpg\",\"datePublished\":\"2024-01-04T15:04:10+00:00\",\"dateModified\":\"2024-01-05T01:54:45+00:00\",\"breadcrumb\":{\"@id\":\"https:\\\/\\\/regiaonews.net.br\\\/2022\\\/2024\\\/01\\\/04\\\/rede-estadual-oferece-apoio-da-inteligencia-artificial-para-melhorar-redacao\\\/#breadcrumb\"},\"inLanguage\":\"pt-BR\",\"potentialAction\":[{\"@type\":\"ReadAction\",\"target\":[\"https:\\\/\\\/regiaonews.net.br\\\/2022\\\/2024\\\/01\\\/04\\\/rede-estadual-oferece-apoio-da-inteligencia-artificial-para-melhorar-redacao\\\/\"]}]},{\"@type\":\"ImageObject\",\"inLanguage\":\"pt-BR\",\"@id\":\"https:\\\/\\\/regiaonews.net.br\\\/2022\\\/2024\\\/01\\\/04\\\/rede-estadual-oferece-apoio-da-inteligencia-artificial-para-melhorar-redacao\\\/#primaryimage\",\"url\":\"https:\\\/\\\/regiaonews.net.br\\\/2022\\\/wp-content\\\/uploads\\\/2017\\\/11\\\/EE-Mario-Vieira-Marcondes-Faixada-da-Escola.jpg\",\"contentUrl\":\"https:\\\/\\\/regiaonews.net.br\\\/2022\\\/wp-content\\\/uploads\\\/2017\\\/11\\\/EE-Mario-Vieira-Marcondes-Faixada-da-Escola.jpg\",\"width\":640,\"height\":480},{\"@type\":\"BreadcrumbList\",\"@id\":\"https:\\\/\\\/regiaonews.net.br\\\/2022\\\/2024\\\/01\\\/04\\\/rede-estadual-oferece-apoio-da-inteligencia-artificial-para-melhorar-redacao\\\/#breadcrumb\",\"itemListElement\":[{\"@type\":\"ListItem\",\"position\":1,\"name\":\"In\u00edcio\",\"item\":\"https:\\\/\\\/regiaonews.net.br\\\/2022\\\/\"},{\"@type\":\"ListItem\",\"position\":2,\"name\":\"Rede Estadual oferece apoio da intelig\u00eancia artificial para melhorar reda\u00e7\u00e3o\"}]},{\"@type\":\"WebSite\",\"@id\":\"https:\\\/\\\/regiaonews.net.br\\\/2022\\\/#website\",\"url\":\"https:\\\/\\\/regiaonews.net.br\\\/2022\\\/\",\"name\":\"Regi\u00e3o News\",\"description\":\"Site de Not\u00edcias de Barretos e regi\u00e3o\",\"publisher\":{\"@id\":\"https:\\\/\\\/regiaonews.net.br\\\/2022\\\/#organization\"},\"potentialAction\":[{\"@type\":\"SearchAction\",\"target\":{\"@type\":\"EntryPoint\",\"urlTemplate\":\"https:\\\/\\\/regiaonews.net.br\\\/2022\\\/?s={search_term_string}\"},\"query-input\":{\"@type\":\"PropertyValueSpecification\",\"valueRequired\":true,\"valueName\":\"search_term_string\"}}],\"inLanguage\":\"pt-BR\"},{\"@type\":\"Organization\",\"@id\":\"https:\\\/\\\/regiaonews.net.br\\\/2022\\\/#organization\",\"name\":\"Regi\u00e3o News\",\"url\":\"https:\\\/\\\/regiaonews.net.br\\\/2022\\\/\",\"logo\":{\"@type\":\"ImageObject\",\"inLanguage\":\"pt-BR\",\"@id\":\"https:\\\/\\\/regiaonews.net.br\\\/2022\\\/#\\\/schema\\\/logo\\\/image\\\/\",\"url\":\"https:\\\/\\\/regiaonews.net.br\\\/2022\\\/wp-content\\\/uploads\\\/2026\\\/03\\\/regiao-13-anos-scaled.jpg\",\"contentUrl\":\"https:\\\/\\\/regiaonews.net.br\\\/2022\\\/wp-content\\\/uploads\\\/2026\\\/03\\\/regiao-13-anos-scaled.jpg\",\"width\":2560,\"height\":635,\"caption\":\"Regi\u00e3o News\"},\"image\":{\"@id\":\"https:\\\/\\\/regiaonews.net.br\\\/2022\\\/#\\\/schema\\\/logo\\\/image\\\/\"}},{\"@type\":\"Person\",\"@id\":\"https:\\\/\\\/regiaonews.net.br\\\/2022\\\/#\\\/schema\\\/person\\\/2d205a608a5aa97ac279d7a5e6d89ad8\",\"name\":\"Roberto\",\"image\":{\"@type\":\"ImageObject\",\"inLanguage\":\"pt-BR\",\"@id\":\"https:\\\/\\\/secure.gravatar.com\\\/avatar\\\/42749d8b712ff9d59ca93dc150494e5b55a44134482993f5baeb97e61b7ecc89?s=96&d=mm&r=g\",\"url\":\"https:\\\/\\\/secure.gravatar.com\\\/avatar\\\/42749d8b712ff9d59ca93dc150494e5b55a44134482993f5baeb97e61b7ecc89?s=96&d=mm&r=g\",\"contentUrl\":\"https:\\\/\\\/secure.gravatar.com\\\/avatar\\\/42749d8b712ff9d59ca93dc150494e5b55a44134482993f5baeb97e61b7ecc89?s=96&d=mm&r=g\",\"caption\":\"Roberto\"},\"url\":\"https:\\\/\\\/regiaonews.net.br\\\/2022\\\/author\\\/roberto\\\/\"}]}<\/script>\n<!-- \/ Yoast SEO plugin. -->","yoast_head_json":{"title":"Rede Estadual oferece apoio da intelig\u00eancia artificial para melhorar reda\u00e7\u00e3o - Regi\u00e3o News","robots":{"index":"index","follow":"follow","max-snippet":"max-snippet:-1","max-image-preview":"max-image-preview:large","max-video-preview":"max-video-preview:-1"},"canonical":"https:\/\/regiaonews.net.br\/2022\/2024\/01\/04\/rede-estadual-oferece-apoio-da-inteligencia-artificial-para-melhorar-redacao\/","og_locale":"pt_BR","og_type":"article","og_title":"Rede Estadual oferece apoio da intelig\u00eancia artificial para melhorar reda\u00e7\u00e3o - Regi\u00e3o News","og_description":"Os mais de 10 mil alunos dos anos finais do","og_url":"https:\/\/regiaonews.net.br\/2022\/2024\/01\/04\/rede-estadual-oferece-apoio-da-inteligencia-artificial-para-melhorar-redacao\/","og_site_name":"Regi\u00e3o News","article_published_time":"2024-01-04T15:04:10+00:00","article_modified_time":"2024-01-05T01:54:45+00:00","og_image":[{"width":640,"height":480,"url":"https:\/\/regiaonews.net.br\/2022\/wp-content\/uploads\/2017\/11\/EE-Mario-Vieira-Marcondes-Faixada-da-Escola.jpg","type":"image\/jpeg"}],"author":"Roberto","twitter_card":"summary_large_image","twitter_misc":{"Escrito por":"Roberto","Est. tempo de leitura":"2 minutos"},"schema":{"@context":"https:\/\/schema.org","@graph":[{"@type":"Article","@id":"https:\/\/regiaonews.net.br\/2022\/2024\/01\/04\/rede-estadual-oferece-apoio-da-inteligencia-artificial-para-melhorar-redacao\/#article","isPartOf":{"@id":"https:\/\/regiaonews.net.br\/2022\/2024\/01\/04\/rede-estadual-oferece-apoio-da-inteligencia-artificial-para-melhorar-redacao\/"},"author":{"name":"Roberto","@id":"https:\/\/regiaonews.net.br\/2022\/#\/schema\/person\/2d205a608a5aa97ac279d7a5e6d89ad8"},"headline":"Rede Estadual oferece apoio da intelig\u00eancia artificial para melhorar reda\u00e7\u00e3o","datePublished":"2024-01-04T15:04:10+00:00","dateModified":"2024-01-05T01:54:45+00:00","mainEntityOfPage":{"@id":"https:\/\/regiaonews.net.br\/2022\/2024\/01\/04\/rede-estadual-oferece-apoio-da-inteligencia-artificial-para-melhorar-redacao\/"},"wordCount":250,"commentCount":0,"publisher":{"@id":"https:\/\/regiaonews.net.br\/2022\/#organization"},"image":{"@id":"https:\/\/regiaonews.net.br\/2022\/2024\/01\/04\/rede-estadual-oferece-apoio-da-inteligencia-artificial-para-melhorar-redacao\/#primaryimage"},"thumbnailUrl":"https:\/\/regiaonews.net.br\/2022\/wp-content\/uploads\/2017\/11\/EE-Mario-Vieira-Marcondes-Faixada-da-Escola.jpg","articleSection":["Estado de S\u00e3o Paulo","Geral"],"inLanguage":"pt-BR","potentialAction":[{"@type":"CommentAction","name":"Comment","target":["https:\/\/regiaonews.net.br\/2022\/2024\/01\/04\/rede-estadual-oferece-apoio-da-inteligencia-artificial-para-melhorar-redacao\/#respond"]}]},{"@type":"WebPage","@id":"https:\/\/regiaonews.net.br\/2022\/2024\/01\/04\/rede-estadual-oferece-apoio-da-inteligencia-artificial-para-melhorar-redacao\/","url":"https:\/\/regiaonews.net.br\/2022\/2024\/01\/04\/rede-estadual-oferece-apoio-da-inteligencia-artificial-para-melhorar-redacao\/","name":"Rede Estadual oferece apoio da intelig\u00eancia artificial para melhorar reda\u00e7\u00e3o - Regi\u00e3o News","isPartOf":{"@id":"https:\/\/regiaonews.net.br\/2022\/#website"},"primaryImageOfPage":{"@id":"https:\/\/regiaonews.net.br\/2022\/2024\/01\/04\/rede-estadual-oferece-apoio-da-inteligencia-artificial-para-melhorar-redacao\/#primaryimage"},"image":{"@id":"https:\/\/regiaonews.net.br\/2022\/2024\/01\/04\/rede-estadual-oferece-apoio-da-inteligencia-artificial-para-melhorar-redacao\/#primaryimage"},"thumbnailUrl":"https:\/\/regiaonews.net.br\/2022\/wp-content\/uploads\/2017\/11\/EE-Mario-Vieira-Marcondes-Faixada-da-Escola.jpg","datePublished":"2024-01-04T15:04:10+00:00","dateModified":"2024-01-05T01:54:45+00:00","breadcrumb":{"@id":"https:\/\/regiaonews.net.br\/2022\/2024\/01\/04\/rede-estadual-oferece-apoio-da-inteligencia-artificial-para-melhorar-redacao\/#breadcrumb"},"inLanguage":"pt-BR","potentialAction":[{"@type":"ReadAction","target":["https:\/\/regiaonews.net.br\/2022\/2024\/01\/04\/rede-estadual-oferece-apoio-da-inteligencia-artificial-para-melhorar-redacao\/"]}]},{"@type":"ImageObject","inLanguage":"pt-BR","@id":"https:\/\/regiaonews.net.br\/2022\/2024\/01\/04\/rede-estadual-oferece-apoio-da-inteligencia-artificial-para-melhorar-redacao\/#primaryimage","url":"https:\/\/regiaonews.net.br\/2022\/wp-content\/uploads\/2017\/11\/EE-Mario-Vieira-Marcondes-Faixada-da-Escola.jpg","contentUrl":"https:\/\/regiaonews.net.br\/2022\/wp-content\/uploads\/2017\/11\/EE-Mario-Vieira-Marcondes-Faixada-da-Escola.jpg","width":640,"height":480},{"@type":"BreadcrumbList","@id":"https:\/\/regiaonews.net.br\/2022\/2024\/01\/04\/rede-estadual-oferece-apoio-da-inteligencia-artificial-para-melhorar-redacao\/#breadcrumb","itemListElement":[{"@type":"ListItem","position":1,"name":"In\u00edcio","item":"https:\/\/regiaonews.net.br\/2022\/"},{"@type":"ListItem","position":2,"name":"Rede Estadual oferece apoio da intelig\u00eancia artificial para melhorar reda\u00e7\u00e3o"}]},{"@type":"WebSite","@id":"https:\/\/regiaonews.net.br\/2022\/#website","url":"https:\/\/regiaonews.net.br\/2022\/","name":"Regi\u00e3o News","description":"Site de Not\u00edcias de Barretos e regi\u00e3o","publisher":{"@id":"https:\/\/regiaonews.net.br\/2022\/#organization"},"potentialAction":[{"@type":"SearchAction","target":{"@type":"EntryPoint","urlTemplate":"https:\/\/regiaonews.net.br\/2022\/?s={search_term_string}"},"query-input":{"@type":"PropertyValueSpecification","valueRequired":true,"valueName":"search_term_string"}}],"inLanguage":"pt-BR"},{"@type":"Organization","@id":"https:\/\/regiaonews.net.br\/2022\/#organization","name":"Regi\u00e3o News","url":"https:\/\/regiaonews.net.br\/2022\/","logo":{"@type":"ImageObject","inLanguage":"pt-BR","@id":"https:\/\/regiaonews.net.br\/2022\/#\/schema\/logo\/image\/","url":"https:\/\/regiaonews.net.br\/2022\/wp-content\/uploads\/2026\/03\/regiao-13-anos-scaled.jpg","contentUrl":"https:\/\/regiaonews.net.br\/2022\/wp-content\/uploads\/2026\/03\/regiao-13-anos-scaled.jpg","width":2560,"height":635,"caption":"Regi\u00e3o News"},"image":{"@id":"https:\/\/regiaonews.net.br\/2022\/#\/schema\/logo\/image\/"}},{"@type":"Person","@id":"https:\/\/regiaonews.net.br\/2022\/#\/schema\/person\/2d205a608a5aa97ac279d7a5e6d89ad8","name":"Roberto","image":{"@type":"ImageObject","inLanguage":"pt-BR","@id":"https:\/\/secure.gravatar.com\/avatar\/42749d8b712ff9d59ca93dc150494e5b55a44134482993f5baeb97e61b7ecc89?s=96&d=mm&r=g","url":"https:\/\/secure.gravatar.com\/avatar\/42749d8b712ff9d59ca93dc150494e5b55a44134482993f5baeb97e61b7ecc89?s=96&d=mm&r=g","contentUrl":"https:\/\/secure.gravatar.com\/avatar\/42749d8b712ff9d59ca93dc150494e5b55a44134482993f5baeb97e61b7ecc89?s=96&d=mm&r=g","caption":"Roberto"},"url":"https:\/\/regiaonews.net.br\/2022\/author\/roberto\/"}]}},"publishpress_future_action":{"enabled":false,"date":"2026-05-04 08:46:20","action":"change-status","newStatus":"draft","terms":[],"taxonomy":"category","extraData":[]},"publishpress_future_workflow_manual_trigger":{"enabledWorkflows":[]},"_links":{"self":[{"href":"https:\/\/regiaonews.net.br\/2022\/wp-json\/wp\/v2\/posts\/99846","targetHints":{"allow":["GET"]}}],"collection":[{"href":"https:\/\/regiaonews.net.br\/2022\/wp-json\/wp\/v2\/posts"}],"about":[{"href":"https:\/\/regiaonews.net.br\/2022\/wp-json\/wp\/v2\/types\/post"}],"author":[{"embeddable":true,"href":"https:\/\/regiaonews.net.br\/2022\/wp-json\/wp\/v2\/users\/2"}],"replies":[{"embeddable":true,"href":"https:\/\/regiaonews.net.br\/2022\/wp-json\/wp\/v2\/comments?post=99846"}],"version-history":[{"count":1,"href":"https:\/\/regiaonews.net.br\/2022\/wp-json\/wp\/v2\/posts\/99846\/revisions"}],"predecessor-version":[{"id":99847,"href":"https:\/\/regiaonews.net.br\/2022\/wp-json\/wp\/v2\/posts\/99846\/revisions\/99847"}],"wp:featuredmedia":[{"embeddable":true,"href":"https:\/\/regiaonews.net.br\/2022\/wp-json\/wp\/v2\/media\/9458"}],"wp:attachment":[{"href":"https:\/\/regiaonews.net.br\/2022\/wp-json\/wp\/v2\/media?parent=99846"}],"wp:term":[{"taxonomy":"category","embeddable":true,"href":"https:\/\/regiaonews.net.br\/2022\/wp-json\/wp\/v2\/categories?post=99846"},{"taxonomy":"post_tag","embeddable":true,"href":"https:\/\/regiaonews.net.br\/2022\/wp-json\/wp\/v2\/tags?post=99846"}],"curies":[{"name":"wp","href":"https:\/\/api.w.org\/{rel}","templated":true}]}}