{"id":99835,"date":"2024-01-04T12:01:40","date_gmt":"2024-01-04T15:01:40","guid":{"rendered":"https:\/\/regiaonews.net.br\/2022\/?p=99835"},"modified":"2024-01-04T12:01:40","modified_gmt":"2024-01-04T15:01:40","slug":"policia-civil-prende-dois-homens-acusados-de-participacao-de-roubo-em-sao-joao-da-boa-vista","status":"publish","type":"post","link":"https:\/\/regiaonews.net.br\/2022\/2024\/01\/04\/policia-civil-prende-dois-homens-acusados-de-participacao-de-roubo-em-sao-joao-da-boa-vista\/","title":{"rendered":"Pol\u00edcia Civil prende dois homens acusados de participa\u00e7\u00e3o de roubo em S\u00e3o Jo\u00e3o da Boa Vista"},"content":{"rendered":"<p>Na manh\u00e3 de hoje, policiais civis da DIG (Delegacia de Investiga\u00e7\u00f5es Gerais), DISE (Delegacia de Investiga\u00e7\u00f5es sobre Entorpecentes) e GOE (Grupo de Opera\u00e7\u00f5es Especiais) de Barretos, prestaram apoio aos agentes da DIG de S\u00e3o Jo\u00e3o da Boa Vista (DEINTER-9 &#8211; Piracicaba), no cumprimento de dois mandados de pris\u00e3o tempor\u00e1ria e tr\u00eas mandados de busca e apreens\u00e3o na cidade de Barretos.<\/p>\n<p>Na ocasi\u00e3o, dois homens, um de 30 e outro de 23 anos, foram presos nos bairros San Diego e Mais Parque, respectivamente. As investiga\u00e7\u00f5es, conduzidas pela DIG de S\u00e3o Jo\u00e3o da Boa Vista, com aux\u00edlio da DIG e da DISE de Barretos, possibilitaram apurar que os referidos homens s\u00e3o suspeitos de terem praticado um roubo, com arma de fogo, na cidade de S\u00e3o Jo\u00e3o da Boa Vista, no dia 07 de dezembro, quando foram subtra\u00eddas j\u00f3ias e 280 (duzentas e oitenta) gramas de ves\u00edcula biliar bovina (pedras de boi).<\/p>\n<p>As pedras subtra\u00eddas j\u00e1 haviam sido recuperadas pela Pol\u00edcia Civil de Barretos, no \u00faltimo dia 15, em uma ch\u00e1cara da zona rural do munic\u00edpio de Barretos.<\/p>\n<p>As investiga\u00e7\u00f5es agora prosseguem tamb\u00e9m pela DIG de Barretos, para se apurar o poss\u00edvel envolvimento destes homens em roubos semelhantes ocorridos na cidade.<\/p>\n<p>Ambos foram removidos para a Cadeia P\u00fablica de Colina, onde permanecem presos temporariamente, pelo prazo inicial\u00a0de\u00a030\u00a0dias.<\/p>\n<div style=\"width: 640px;\" class=\"wp-video\"><video class=\"wp-video-shortcode\" id=\"video-99835-1\" width=\"640\" height=\"362\" preload=\"metadata\" controls=\"controls\"><source type=\"video\/mp4\" src=\"https:\/\/regiaonews.net.br\/2022\/wp-content\/uploads\/2024\/01\/VID-20240104-WA0005.mp4?_=1\" \/><a href=\"https:\/\/regiaonews.net.br\/2022\/wp-content\/uploads\/2024\/01\/VID-20240104-WA0005.mp4\">https:\/\/regiaonews.net.br\/2022\/wp-content\/uploads\/2024\/01\/VID-20240104-WA0005.mp4<\/a><\/video><\/div>\n<div style=\"width: 640px;\" class=\"wp-video\"><video class=\"wp-video-shortcode\" id=\"video-99835-2\" width=\"640\" height=\"362\" preload=\"metadata\" controls=\"controls\"><source type=\"video\/mp4\" src=\"https:\/\/regiaonews.net.br\/2022\/wp-content\/uploads\/2024\/01\/VID-20240104-WA0004.mp4?_=2\" \/><a href=\"https:\/\/regiaonews.net.br\/2022\/wp-content\/uploads\/2024\/01\/VID-20240104-WA0004.mp4\">https:\/\/regiaonews.net.br\/2022\/wp-content\/uploads\/2024\/01\/VID-20240104-WA0004.mp4<\/a><\/video><\/div>\n<div style=\"width: 640px;\" class=\"wp-video\"><video class=\"wp-video-shortcode\" id=\"video-99835-3\" width=\"640\" height=\"640\" preload=\"metadata\" controls=\"controls\"><source type=\"video\/mp4\" src=\"https:\/\/regiaonews.net.br\/2022\/wp-content\/uploads\/2024\/01\/VID-20240104-WA0003.mp4?_=3\" \/><a href=\"https:\/\/regiaonews.net.br\/2022\/wp-content\/uploads\/2024\/01\/VID-20240104-WA0003.mp4\">https:\/\/regiaonews.net.br\/2022\/wp-content\/uploads\/2024\/01\/VID-20240104-WA0003.mp4<\/a><\/video><\/div>\n","protected":false},"excerpt":{"rendered":"<p>Na manh\u00e3 de hoje, policiais civis da DIG (Delegacia de<\/p>\n","protected":false},"author":2,"featured_media":99836,"comment_status":"open","ping_status":"open","sticky":false,"template":"","format":"standard","meta":{"footnotes":""},"categories":[7,23],"tags":[],"class_list":["post-99835","post","type-post","status-publish","format-standard","has-post-thumbnail","hentry","category-estado-de-sao-paulo","category-policia"],"yoast_head":"<!-- This site is optimized with the Yoast SEO plugin v27.4 - https:\/\/yoast.com\/product\/yoast-seo-wordpress\/ -->\n<title>Pol\u00edcia Civil prende dois homens acusados de participa\u00e7\u00e3o de roubo em S\u00e3o Jo\u00e3o da Boa Vista - Regi\u00e3o News<\/title>\n<meta name=\"robots\" content=\"index, follow, max-snippet:-1, max-image-preview:large, max-video-preview:-1\" \/>\n<link rel=\"canonical\" href=\"https:\/\/regiaonews.net.br\/2022\/2024\/01\/04\/policia-civil-prende-dois-homens-acusados-de-participacao-de-roubo-em-sao-joao-da-boa-vista\/\" \/>\n<meta property=\"og:locale\" content=\"pt_BR\" \/>\n<meta property=\"og:type\" content=\"article\" \/>\n<meta property=\"og:title\" content=\"Pol\u00edcia Civil prende dois homens acusados de participa\u00e7\u00e3o de roubo em S\u00e3o Jo\u00e3o da Boa Vista - Regi\u00e3o News\" \/>\n<meta property=\"og:description\" content=\"Na manh\u00e3 de hoje, policiais civis da DIG (Delegacia de\" \/>\n<meta property=\"og:url\" content=\"https:\/\/regiaonews.net.br\/2022\/2024\/01\/04\/policia-civil-prende-dois-homens-acusados-de-participacao-de-roubo-em-sao-joao-da-boa-vista\/\" \/>\n<meta property=\"og:site_name\" content=\"Regi\u00e3o News\" \/>\n<meta property=\"article:published_time\" content=\"2024-01-04T15:01:40+00:00\" \/>\n<meta property=\"og:image\" content=\"https:\/\/regiaonews.net.br\/2022\/wp-content\/uploads\/2024\/01\/IMG-20240104-WA0008.jpg\" \/>\n\t<meta property=\"og:image:width\" content=\"768\" \/>\n\t<meta property=\"og:image:height\" content=\"1024\" \/>\n\t<meta property=\"og:image:type\" content=\"image\/jpeg\" \/>\n<meta name=\"author\" content=\"Roberto\" \/>\n<meta name=\"twitter:card\" content=\"summary_large_image\" \/>\n<meta name=\"twitter:label1\" content=\"Escrito por\" \/>\n\t<meta name=\"twitter:data1\" content=\"Roberto\" \/>\n\t<meta name=\"twitter:label2\" content=\"Est. tempo de leitura\" \/>\n\t<meta name=\"twitter:data2\" content=\"2 minutos\" \/>\n<script type=\"application\/ld+json\" class=\"yoast-schema-graph\">{\"@context\":\"https:\\\/\\\/schema.org\",\"@graph\":[{\"@type\":\"Article\",\"@id\":\"https:\\\/\\\/regiaonews.net.br\\\/2022\\\/2024\\\/01\\\/04\\\/policia-civil-prende-dois-homens-acusados-de-participacao-de-roubo-em-sao-joao-da-boa-vista\\\/#article\",\"isPartOf\":{\"@id\":\"https:\\\/\\\/regiaonews.net.br\\\/2022\\\/2024\\\/01\\\/04\\\/policia-civil-prende-dois-homens-acusados-de-participacao-de-roubo-em-sao-joao-da-boa-vista\\\/\"},\"author\":{\"name\":\"Roberto\",\"@id\":\"https:\\\/\\\/regiaonews.net.br\\\/2022\\\/#\\\/schema\\\/person\\\/2d205a608a5aa97ac279d7a5e6d89ad8\"},\"headline\":\"Pol\u00edcia Civil prende dois homens acusados de participa\u00e7\u00e3o de roubo em S\u00e3o Jo\u00e3o da Boa Vista\",\"datePublished\":\"2024-01-04T15:01:40+00:00\",\"mainEntityOfPage\":{\"@id\":\"https:\\\/\\\/regiaonews.net.br\\\/2022\\\/2024\\\/01\\\/04\\\/policia-civil-prende-dois-homens-acusados-de-participacao-de-roubo-em-sao-joao-da-boa-vista\\\/\"},\"wordCount\":301,\"commentCount\":0,\"publisher\":{\"@id\":\"https:\\\/\\\/regiaonews.net.br\\\/2022\\\/#organization\"},\"image\":{\"@id\":\"https:\\\/\\\/regiaonews.net.br\\\/2022\\\/2024\\\/01\\\/04\\\/policia-civil-prende-dois-homens-acusados-de-participacao-de-roubo-em-sao-joao-da-boa-vista\\\/#primaryimage\"},\"thumbnailUrl\":\"https:\\\/\\\/regiaonews.net.br\\\/2022\\\/wp-content\\\/uploads\\\/2024\\\/01\\\/IMG-20240104-WA0008.jpg\",\"articleSection\":[\"Estado de S\u00e3o Paulo\",\"Policia\"],\"inLanguage\":\"pt-BR\",\"potentialAction\":[{\"@type\":\"CommentAction\",\"name\":\"Comment\",\"target\":[\"https:\\\/\\\/regiaonews.net.br\\\/2022\\\/2024\\\/01\\\/04\\\/policia-civil-prende-dois-homens-acusados-de-participacao-de-roubo-em-sao-joao-da-boa-vista\\\/#respond\"]}]},{\"@type\":\"WebPage\",\"@id\":\"https:\\\/\\\/regiaonews.net.br\\\/2022\\\/2024\\\/01\\\/04\\\/policia-civil-prende-dois-homens-acusados-de-participacao-de-roubo-em-sao-joao-da-boa-vista\\\/\",\"url\":\"https:\\\/\\\/regiaonews.net.br\\\/2022\\\/2024\\\/01\\\/04\\\/policia-civil-prende-dois-homens-acusados-de-participacao-de-roubo-em-sao-joao-da-boa-vista\\\/\",\"name\":\"Pol\u00edcia Civil prende dois homens acusados de participa\u00e7\u00e3o de roubo em S\u00e3o Jo\u00e3o da Boa Vista - Regi\u00e3o News\",\"isPartOf\":{\"@id\":\"https:\\\/\\\/regiaonews.net.br\\\/2022\\\/#website\"},\"primaryImageOfPage\":{\"@id\":\"https:\\\/\\\/regiaonews.net.br\\\/2022\\\/2024\\\/01\\\/04\\\/policia-civil-prende-dois-homens-acusados-de-participacao-de-roubo-em-sao-joao-da-boa-vista\\\/#primaryimage\"},\"image\":{\"@id\":\"https:\\\/\\\/regiaonews.net.br\\\/2022\\\/2024\\\/01\\\/04\\\/policia-civil-prende-dois-homens-acusados-de-participacao-de-roubo-em-sao-joao-da-boa-vista\\\/#primaryimage\"},\"thumbnailUrl\":\"https:\\\/\\\/regiaonews.net.br\\\/2022\\\/wp-content\\\/uploads\\\/2024\\\/01\\\/IMG-20240104-WA0008.jpg\",\"datePublished\":\"2024-01-04T15:01:40+00:00\",\"breadcrumb\":{\"@id\":\"https:\\\/\\\/regiaonews.net.br\\\/2022\\\/2024\\\/01\\\/04\\\/policia-civil-prende-dois-homens-acusados-de-participacao-de-roubo-em-sao-joao-da-boa-vista\\\/#breadcrumb\"},\"inLanguage\":\"pt-BR\",\"potentialAction\":[{\"@type\":\"ReadAction\",\"target\":[\"https:\\\/\\\/regiaonews.net.br\\\/2022\\\/2024\\\/01\\\/04\\\/policia-civil-prende-dois-homens-acusados-de-participacao-de-roubo-em-sao-joao-da-boa-vista\\\/\"]}]},{\"@type\":\"ImageObject\",\"inLanguage\":\"pt-BR\",\"@id\":\"https:\\\/\\\/regiaonews.net.br\\\/2022\\\/2024\\\/01\\\/04\\\/policia-civil-prende-dois-homens-acusados-de-participacao-de-roubo-em-sao-joao-da-boa-vista\\\/#primaryimage\",\"url\":\"https:\\\/\\\/regiaonews.net.br\\\/2022\\\/wp-content\\\/uploads\\\/2024\\\/01\\\/IMG-20240104-WA0008.jpg\",\"contentUrl\":\"https:\\\/\\\/regiaonews.net.br\\\/2022\\\/wp-content\\\/uploads\\\/2024\\\/01\\\/IMG-20240104-WA0008.jpg\",\"width\":768,\"height\":1024},{\"@type\":\"BreadcrumbList\",\"@id\":\"https:\\\/\\\/regiaonews.net.br\\\/2022\\\/2024\\\/01\\\/04\\\/policia-civil-prende-dois-homens-acusados-de-participacao-de-roubo-em-sao-joao-da-boa-vista\\\/#breadcrumb\",\"itemListElement\":[{\"@type\":\"ListItem\",\"position\":1,\"name\":\"In\u00edcio\",\"item\":\"https:\\\/\\\/regiaonews.net.br\\\/2022\\\/\"},{\"@type\":\"ListItem\",\"position\":2,\"name\":\"Pol\u00edcia Civil prende dois homens acusados de participa\u00e7\u00e3o de roubo em S\u00e3o Jo\u00e3o da Boa Vista\"}]},{\"@type\":\"WebSite\",\"@id\":\"https:\\\/\\\/regiaonews.net.br\\\/2022\\\/#website\",\"url\":\"https:\\\/\\\/regiaonews.net.br\\\/2022\\\/\",\"name\":\"Regi\u00e3o News\",\"description\":\"Site de Not\u00edcias de Barretos e regi\u00e3o\",\"publisher\":{\"@id\":\"https:\\\/\\\/regiaonews.net.br\\\/2022\\\/#organization\"},\"potentialAction\":[{\"@type\":\"SearchAction\",\"target\":{\"@type\":\"EntryPoint\",\"urlTemplate\":\"https:\\\/\\\/regiaonews.net.br\\\/2022\\\/?s={search_term_string}\"},\"query-input\":{\"@type\":\"PropertyValueSpecification\",\"valueRequired\":true,\"valueName\":\"search_term_string\"}}],\"inLanguage\":\"pt-BR\"},{\"@type\":\"Organization\",\"@id\":\"https:\\\/\\\/regiaonews.net.br\\\/2022\\\/#organization\",\"name\":\"Regi\u00e3o News\",\"url\":\"https:\\\/\\\/regiaonews.net.br\\\/2022\\\/\",\"logo\":{\"@type\":\"ImageObject\",\"inLanguage\":\"pt-BR\",\"@id\":\"https:\\\/\\\/regiaonews.net.br\\\/2022\\\/#\\\/schema\\\/logo\\\/image\\\/\",\"url\":\"https:\\\/\\\/regiaonews.net.br\\\/2022\\\/wp-content\\\/uploads\\\/2026\\\/03\\\/regiao-13-anos-scaled.jpg\",\"contentUrl\":\"https:\\\/\\\/regiaonews.net.br\\\/2022\\\/wp-content\\\/uploads\\\/2026\\\/03\\\/regiao-13-anos-scaled.jpg\",\"width\":2560,\"height\":635,\"caption\":\"Regi\u00e3o News\"},\"image\":{\"@id\":\"https:\\\/\\\/regiaonews.net.br\\\/2022\\\/#\\\/schema\\\/logo\\\/image\\\/\"}},{\"@type\":\"Person\",\"@id\":\"https:\\\/\\\/regiaonews.net.br\\\/2022\\\/#\\\/schema\\\/person\\\/2d205a608a5aa97ac279d7a5e6d89ad8\",\"name\":\"Roberto\",\"image\":{\"@type\":\"ImageObject\",\"inLanguage\":\"pt-BR\",\"@id\":\"https:\\\/\\\/secure.gravatar.com\\\/avatar\\\/42749d8b712ff9d59ca93dc150494e5b55a44134482993f5baeb97e61b7ecc89?s=96&d=mm&r=g\",\"url\":\"https:\\\/\\\/secure.gravatar.com\\\/avatar\\\/42749d8b712ff9d59ca93dc150494e5b55a44134482993f5baeb97e61b7ecc89?s=96&d=mm&r=g\",\"contentUrl\":\"https:\\\/\\\/secure.gravatar.com\\\/avatar\\\/42749d8b712ff9d59ca93dc150494e5b55a44134482993f5baeb97e61b7ecc89?s=96&d=mm&r=g\",\"caption\":\"Roberto\"},\"url\":\"https:\\\/\\\/regiaonews.net.br\\\/2022\\\/author\\\/roberto\\\/\"}]}<\/script>\n<!-- \/ Yoast SEO plugin. -->","yoast_head_json":{"title":"Pol\u00edcia Civil prende dois homens acusados de participa\u00e7\u00e3o de roubo em S\u00e3o Jo\u00e3o da Boa Vista - Regi\u00e3o News","robots":{"index":"index","follow":"follow","max-snippet":"max-snippet:-1","max-image-preview":"max-image-preview:large","max-video-preview":"max-video-preview:-1"},"canonical":"https:\/\/regiaonews.net.br\/2022\/2024\/01\/04\/policia-civil-prende-dois-homens-acusados-de-participacao-de-roubo-em-sao-joao-da-boa-vista\/","og_locale":"pt_BR","og_type":"article","og_title":"Pol\u00edcia Civil prende dois homens acusados de participa\u00e7\u00e3o de roubo em S\u00e3o Jo\u00e3o da Boa Vista - Regi\u00e3o News","og_description":"Na manh\u00e3 de hoje, policiais civis da DIG (Delegacia de","og_url":"https:\/\/regiaonews.net.br\/2022\/2024\/01\/04\/policia-civil-prende-dois-homens-acusados-de-participacao-de-roubo-em-sao-joao-da-boa-vista\/","og_site_name":"Regi\u00e3o News","article_published_time":"2024-01-04T15:01:40+00:00","og_image":[{"width":768,"height":1024,"url":"https:\/\/regiaonews.net.br\/2022\/wp-content\/uploads\/2024\/01\/IMG-20240104-WA0008.jpg","type":"image\/jpeg"}],"author":"Roberto","twitter_card":"summary_large_image","twitter_misc":{"Escrito por":"Roberto","Est. tempo de leitura":"2 minutos"},"schema":{"@context":"https:\/\/schema.org","@graph":[{"@type":"Article","@id":"https:\/\/regiaonews.net.br\/2022\/2024\/01\/04\/policia-civil-prende-dois-homens-acusados-de-participacao-de-roubo-em-sao-joao-da-boa-vista\/#article","isPartOf":{"@id":"https:\/\/regiaonews.net.br\/2022\/2024\/01\/04\/policia-civil-prende-dois-homens-acusados-de-participacao-de-roubo-em-sao-joao-da-boa-vista\/"},"author":{"name":"Roberto","@id":"https:\/\/regiaonews.net.br\/2022\/#\/schema\/person\/2d205a608a5aa97ac279d7a5e6d89ad8"},"headline":"Pol\u00edcia Civil prende dois homens acusados de participa\u00e7\u00e3o de roubo em S\u00e3o Jo\u00e3o da Boa Vista","datePublished":"2024-01-04T15:01:40+00:00","mainEntityOfPage":{"@id":"https:\/\/regiaonews.net.br\/2022\/2024\/01\/04\/policia-civil-prende-dois-homens-acusados-de-participacao-de-roubo-em-sao-joao-da-boa-vista\/"},"wordCount":301,"commentCount":0,"publisher":{"@id":"https:\/\/regiaonews.net.br\/2022\/#organization"},"image":{"@id":"https:\/\/regiaonews.net.br\/2022\/2024\/01\/04\/policia-civil-prende-dois-homens-acusados-de-participacao-de-roubo-em-sao-joao-da-boa-vista\/#primaryimage"},"thumbnailUrl":"https:\/\/regiaonews.net.br\/2022\/wp-content\/uploads\/2024\/01\/IMG-20240104-WA0008.jpg","articleSection":["Estado de S\u00e3o Paulo","Policia"],"inLanguage":"pt-BR","potentialAction":[{"@type":"CommentAction","name":"Comment","target":["https:\/\/regiaonews.net.br\/2022\/2024\/01\/04\/policia-civil-prende-dois-homens-acusados-de-participacao-de-roubo-em-sao-joao-da-boa-vista\/#respond"]}]},{"@type":"WebPage","@id":"https:\/\/regiaonews.net.br\/2022\/2024\/01\/04\/policia-civil-prende-dois-homens-acusados-de-participacao-de-roubo-em-sao-joao-da-boa-vista\/","url":"https:\/\/regiaonews.net.br\/2022\/2024\/01\/04\/policia-civil-prende-dois-homens-acusados-de-participacao-de-roubo-em-sao-joao-da-boa-vista\/","name":"Pol\u00edcia Civil prende dois homens acusados de participa\u00e7\u00e3o de roubo em S\u00e3o Jo\u00e3o da Boa Vista - Regi\u00e3o News","isPartOf":{"@id":"https:\/\/regiaonews.net.br\/2022\/#website"},"primaryImageOfPage":{"@id":"https:\/\/regiaonews.net.br\/2022\/2024\/01\/04\/policia-civil-prende-dois-homens-acusados-de-participacao-de-roubo-em-sao-joao-da-boa-vista\/#primaryimage"},"image":{"@id":"https:\/\/regiaonews.net.br\/2022\/2024\/01\/04\/policia-civil-prende-dois-homens-acusados-de-participacao-de-roubo-em-sao-joao-da-boa-vista\/#primaryimage"},"thumbnailUrl":"https:\/\/regiaonews.net.br\/2022\/wp-content\/uploads\/2024\/01\/IMG-20240104-WA0008.jpg","datePublished":"2024-01-04T15:01:40+00:00","breadcrumb":{"@id":"https:\/\/regiaonews.net.br\/2022\/2024\/01\/04\/policia-civil-prende-dois-homens-acusados-de-participacao-de-roubo-em-sao-joao-da-boa-vista\/#breadcrumb"},"inLanguage":"pt-BR","potentialAction":[{"@type":"ReadAction","target":["https:\/\/regiaonews.net.br\/2022\/2024\/01\/04\/policia-civil-prende-dois-homens-acusados-de-participacao-de-roubo-em-sao-joao-da-boa-vista\/"]}]},{"@type":"ImageObject","inLanguage":"pt-BR","@id":"https:\/\/regiaonews.net.br\/2022\/2024\/01\/04\/policia-civil-prende-dois-homens-acusados-de-participacao-de-roubo-em-sao-joao-da-boa-vista\/#primaryimage","url":"https:\/\/regiaonews.net.br\/2022\/wp-content\/uploads\/2024\/01\/IMG-20240104-WA0008.jpg","contentUrl":"https:\/\/regiaonews.net.br\/2022\/wp-content\/uploads\/2024\/01\/IMG-20240104-WA0008.jpg","width":768,"height":1024},{"@type":"BreadcrumbList","@id":"https:\/\/regiaonews.net.br\/2022\/2024\/01\/04\/policia-civil-prende-dois-homens-acusados-de-participacao-de-roubo-em-sao-joao-da-boa-vista\/#breadcrumb","itemListElement":[{"@type":"ListItem","position":1,"name":"In\u00edcio","item":"https:\/\/regiaonews.net.br\/2022\/"},{"@type":"ListItem","position":2,"name":"Pol\u00edcia Civil prende dois homens acusados de participa\u00e7\u00e3o de roubo em S\u00e3o Jo\u00e3o da Boa Vista"}]},{"@type":"WebSite","@id":"https:\/\/regiaonews.net.br\/2022\/#website","url":"https:\/\/regiaonews.net.br\/2022\/","name":"Regi\u00e3o News","description":"Site de Not\u00edcias de Barretos e regi\u00e3o","publisher":{"@id":"https:\/\/regiaonews.net.br\/2022\/#organization"},"potentialAction":[{"@type":"SearchAction","target":{"@type":"EntryPoint","urlTemplate":"https:\/\/regiaonews.net.br\/2022\/?s={search_term_string}"},"query-input":{"@type":"PropertyValueSpecification","valueRequired":true,"valueName":"search_term_string"}}],"inLanguage":"pt-BR"},{"@type":"Organization","@id":"https:\/\/regiaonews.net.br\/2022\/#organization","name":"Regi\u00e3o News","url":"https:\/\/regiaonews.net.br\/2022\/","logo":{"@type":"ImageObject","inLanguage":"pt-BR","@id":"https:\/\/regiaonews.net.br\/2022\/#\/schema\/logo\/image\/","url":"https:\/\/regiaonews.net.br\/2022\/wp-content\/uploads\/2026\/03\/regiao-13-anos-scaled.jpg","contentUrl":"https:\/\/regiaonews.net.br\/2022\/wp-content\/uploads\/2026\/03\/regiao-13-anos-scaled.jpg","width":2560,"height":635,"caption":"Regi\u00e3o News"},"image":{"@id":"https:\/\/regiaonews.net.br\/2022\/#\/schema\/logo\/image\/"}},{"@type":"Person","@id":"https:\/\/regiaonews.net.br\/2022\/#\/schema\/person\/2d205a608a5aa97ac279d7a5e6d89ad8","name":"Roberto","image":{"@type":"ImageObject","inLanguage":"pt-BR","@id":"https:\/\/secure.gravatar.com\/avatar\/42749d8b712ff9d59ca93dc150494e5b55a44134482993f5baeb97e61b7ecc89?s=96&d=mm&r=g","url":"https:\/\/secure.gravatar.com\/avatar\/42749d8b712ff9d59ca93dc150494e5b55a44134482993f5baeb97e61b7ecc89?s=96&d=mm&r=g","contentUrl":"https:\/\/secure.gravatar.com\/avatar\/42749d8b712ff9d59ca93dc150494e5b55a44134482993f5baeb97e61b7ecc89?s=96&d=mm&r=g","caption":"Roberto"},"url":"https:\/\/regiaonews.net.br\/2022\/author\/roberto\/"}]}},"publishpress_future_action":{"enabled":false,"date":"2026-05-04 04:20:22","action":"change-status","newStatus":"draft","terms":[],"taxonomy":"category","extraData":[]},"publishpress_future_workflow_manual_trigger":{"enabledWorkflows":[]},"_links":{"self":[{"href":"https:\/\/regiaonews.net.br\/2022\/wp-json\/wp\/v2\/posts\/99835","targetHints":{"allow":["GET"]}}],"collection":[{"href":"https:\/\/regiaonews.net.br\/2022\/wp-json\/wp\/v2\/posts"}],"about":[{"href":"https:\/\/regiaonews.net.br\/2022\/wp-json\/wp\/v2\/types\/post"}],"author":[{"embeddable":true,"href":"https:\/\/regiaonews.net.br\/2022\/wp-json\/wp\/v2\/users\/2"}],"replies":[{"embeddable":true,"href":"https:\/\/regiaonews.net.br\/2022\/wp-json\/wp\/v2\/comments?post=99835"}],"version-history":[{"count":1,"href":"https:\/\/regiaonews.net.br\/2022\/wp-json\/wp\/v2\/posts\/99835\/revisions"}],"predecessor-version":[{"id":99840,"href":"https:\/\/regiaonews.net.br\/2022\/wp-json\/wp\/v2\/posts\/99835\/revisions\/99840"}],"wp:featuredmedia":[{"embeddable":true,"href":"https:\/\/regiaonews.net.br\/2022\/wp-json\/wp\/v2\/media\/99836"}],"wp:attachment":[{"href":"https:\/\/regiaonews.net.br\/2022\/wp-json\/wp\/v2\/media?parent=99835"}],"wp:term":[{"taxonomy":"category","embeddable":true,"href":"https:\/\/regiaonews.net.br\/2022\/wp-json\/wp\/v2\/categories?post=99835"},{"taxonomy":"post_tag","embeddable":true,"href":"https:\/\/regiaonews.net.br\/2022\/wp-json\/wp\/v2\/tags?post=99835"}],"curies":[{"name":"wp","href":"https:\/\/api.w.org\/{rel}","templated":true}]}}