{"id":99811,"date":"2024-01-03T20:19:08","date_gmt":"2024-01-03T23:19:08","guid":{"rendered":"https:\/\/regiaonews.net.br\/2022\/?p=99811"},"modified":"2024-01-03T20:19:08","modified_gmt":"2024-01-03T23:19:08","slug":"idoso-com-mais-de-20-passagens-pela-policia-e-preso-com-carro-roubado-no-brooklin","status":"publish","type":"post","link":"https:\/\/regiaonews.net.br\/2022\/2024\/01\/03\/idoso-com-mais-de-20-passagens-pela-policia-e-preso-com-carro-roubado-no-brooklin\/","title":{"rendered":"Idoso com mais de 20 passagens pela pol\u00edcia \u00e9 preso com carro roubado no Brooklin"},"content":{"rendered":"<div class=\"col-lg-12 mt-4 justify\">\n<h3 class=\"justify\"><\/h3>\n<\/div>\n<div class=\"col-lg-12 mt-2 justify\">\n<h5 class=\"justify\">Entre que constam na ficha criminal do homem, est\u00e3o dois homic\u00eddios, al\u00e9m de roubo, furto, sequestro e les\u00e3o corporal<\/h5>\n<\/div>\n<div class=\"col-lg-12 mt-3 justify\">\n<div>\n<div>Um idoso, de 61 anos, com mais de 20 passagens pela pol\u00edcia foi preso em flagrante conduzindo um carro roubado no in\u00edcio da tarde desta quarta-feira (03), na regi\u00e3o do Itaim Bibi, zona oeste da capital. Entre os crimes que constam na ficha criminal dele, est\u00e3o, pelo menos, dois homic\u00eddios.<\/div>\n<div><\/div>\n<div>Policiais militares foram acionados para atender a uma ocorr\u00eancia de briga, mas ao chegarem no endere\u00e7o indicado, suspeitaram da atitude do homem, que estava estacionado em um Fox. Durante a abordagem, foi verificado que o carro estava com as placas de um Fusca. Al\u00e9m disso, os policiais tamb\u00e9m apuram que o ve\u00edculo tinha sido furtado no \u00faltimo dia 29.<\/div>\n<div><\/div>\n<div>Ao ser questionado, o homem disse que comprou o carro pela manh\u00e3 e que o venderia depois, por um pre\u00e7o superior ao que pagou. Ele foi preso em flagrante por recepta\u00e7\u00e3o e levado ao 27\u00ba Distrito Policial, onde os policiais tiveram acesso a sua extensa ficha criminal, o que resultou em, pelo menos, 77 movimenta\u00e7\u00f5es por pres\u00eddios.<\/div>\n<div><\/div>\n<div>O primeiro crime cometido por ele foi recepta\u00e7\u00e3o, em 1993. De l\u00e1 at\u00e9 2021, o homem teve passagens por diversos outros crimes, como roubos, furtos, sequestro, les\u00e3o corporal, associa\u00e7\u00e3o e, ainda, dois homic\u00eddios. O primeiro foi cometido em 1996, e o segundo, em 2008<\/div>\n<\/div>\n<\/div>\n","protected":false},"excerpt":{"rendered":"<p>Entre que constam na ficha criminal do homem, est\u00e3o dois<\/p>\n","protected":false},"author":2,"featured_media":99812,"comment_status":"open","ping_status":"open","sticky":false,"template":"","format":"standard","meta":{"footnotes":""},"categories":[23,29],"tags":[],"class_list":["post-99811","post","type-post","status-publish","format-standard","has-post-thumbnail","hentry","category-policia","category-sao-paulo"],"yoast_head":"<!-- This site is optimized with the Yoast SEO plugin v27.4 - https:\/\/yoast.com\/product\/yoast-seo-wordpress\/ -->\n<title>Idoso com mais de 20 passagens pela pol\u00edcia \u00e9 preso com carro roubado no Brooklin - Regi\u00e3o News<\/title>\n<meta name=\"robots\" content=\"index, follow, max-snippet:-1, max-image-preview:large, max-video-preview:-1\" \/>\n<link rel=\"canonical\" href=\"https:\/\/regiaonews.net.br\/2022\/2024\/01\/03\/idoso-com-mais-de-20-passagens-pela-policia-e-preso-com-carro-roubado-no-brooklin\/\" \/>\n<meta property=\"og:locale\" content=\"pt_BR\" \/>\n<meta property=\"og:type\" content=\"article\" \/>\n<meta property=\"og:title\" content=\"Idoso com mais de 20 passagens pela pol\u00edcia \u00e9 preso com carro roubado no Brooklin - Regi\u00e3o News\" \/>\n<meta property=\"og:description\" content=\"Entre que constam na ficha criminal do homem, est\u00e3o dois\" \/>\n<meta property=\"og:url\" content=\"https:\/\/regiaonews.net.br\/2022\/2024\/01\/03\/idoso-com-mais-de-20-passagens-pela-policia-e-preso-com-carro-roubado-no-brooklin\/\" \/>\n<meta property=\"og:site_name\" content=\"Regi\u00e3o News\" \/>\n<meta property=\"article:published_time\" content=\"2024-01-03T23:19:08+00:00\" \/>\n<meta property=\"og:image\" content=\"https:\/\/regiaonews.net.br\/2022\/wp-content\/uploads\/2024\/01\/00052654.jpeg\" \/>\n\t<meta property=\"og:image:width\" content=\"1512\" \/>\n\t<meta property=\"og:image:height\" content=\"1600\" \/>\n\t<meta property=\"og:image:type\" content=\"image\/jpeg\" \/>\n<meta name=\"author\" content=\"Roberto\" \/>\n<meta name=\"twitter:card\" content=\"summary_large_image\" \/>\n<meta name=\"twitter:label1\" content=\"Escrito por\" \/>\n\t<meta name=\"twitter:data1\" content=\"Roberto\" \/>\n\t<meta name=\"twitter:label2\" content=\"Est. tempo de leitura\" \/>\n\t<meta name=\"twitter:data2\" content=\"2 minutos\" \/>\n<script type=\"application\/ld+json\" class=\"yoast-schema-graph\">{\"@context\":\"https:\\\/\\\/schema.org\",\"@graph\":[{\"@type\":\"Article\",\"@id\":\"https:\\\/\\\/regiaonews.net.br\\\/2022\\\/2024\\\/01\\\/03\\\/idoso-com-mais-de-20-passagens-pela-policia-e-preso-com-carro-roubado-no-brooklin\\\/#article\",\"isPartOf\":{\"@id\":\"https:\\\/\\\/regiaonews.net.br\\\/2022\\\/2024\\\/01\\\/03\\\/idoso-com-mais-de-20-passagens-pela-policia-e-preso-com-carro-roubado-no-brooklin\\\/\"},\"author\":{\"name\":\"Roberto\",\"@id\":\"https:\\\/\\\/regiaonews.net.br\\\/2022\\\/#\\\/schema\\\/person\\\/2d205a608a5aa97ac279d7a5e6d89ad8\"},\"headline\":\"Idoso com mais de 20 passagens pela pol\u00edcia \u00e9 preso com carro roubado no Brooklin\",\"datePublished\":\"2024-01-03T23:19:08+00:00\",\"mainEntityOfPage\":{\"@id\":\"https:\\\/\\\/regiaonews.net.br\\\/2022\\\/2024\\\/01\\\/03\\\/idoso-com-mais-de-20-passagens-pela-policia-e-preso-com-carro-roubado-no-brooklin\\\/\"},\"wordCount\":255,\"commentCount\":0,\"publisher\":{\"@id\":\"https:\\\/\\\/regiaonews.net.br\\\/2022\\\/#organization\"},\"image\":{\"@id\":\"https:\\\/\\\/regiaonews.net.br\\\/2022\\\/2024\\\/01\\\/03\\\/idoso-com-mais-de-20-passagens-pela-policia-e-preso-com-carro-roubado-no-brooklin\\\/#primaryimage\"},\"thumbnailUrl\":\"https:\\\/\\\/regiaonews.net.br\\\/2022\\\/wp-content\\\/uploads\\\/2024\\\/01\\\/00052654.jpeg\",\"articleSection\":[\"Policia\",\"S\u00e3o Paulo\"],\"inLanguage\":\"pt-BR\",\"potentialAction\":[{\"@type\":\"CommentAction\",\"name\":\"Comment\",\"target\":[\"https:\\\/\\\/regiaonews.net.br\\\/2022\\\/2024\\\/01\\\/03\\\/idoso-com-mais-de-20-passagens-pela-policia-e-preso-com-carro-roubado-no-brooklin\\\/#respond\"]}]},{\"@type\":\"WebPage\",\"@id\":\"https:\\\/\\\/regiaonews.net.br\\\/2022\\\/2024\\\/01\\\/03\\\/idoso-com-mais-de-20-passagens-pela-policia-e-preso-com-carro-roubado-no-brooklin\\\/\",\"url\":\"https:\\\/\\\/regiaonews.net.br\\\/2022\\\/2024\\\/01\\\/03\\\/idoso-com-mais-de-20-passagens-pela-policia-e-preso-com-carro-roubado-no-brooklin\\\/\",\"name\":\"Idoso com mais de 20 passagens pela pol\u00edcia \u00e9 preso com carro roubado no Brooklin - Regi\u00e3o News\",\"isPartOf\":{\"@id\":\"https:\\\/\\\/regiaonews.net.br\\\/2022\\\/#website\"},\"primaryImageOfPage\":{\"@id\":\"https:\\\/\\\/regiaonews.net.br\\\/2022\\\/2024\\\/01\\\/03\\\/idoso-com-mais-de-20-passagens-pela-policia-e-preso-com-carro-roubado-no-brooklin\\\/#primaryimage\"},\"image\":{\"@id\":\"https:\\\/\\\/regiaonews.net.br\\\/2022\\\/2024\\\/01\\\/03\\\/idoso-com-mais-de-20-passagens-pela-policia-e-preso-com-carro-roubado-no-brooklin\\\/#primaryimage\"},\"thumbnailUrl\":\"https:\\\/\\\/regiaonews.net.br\\\/2022\\\/wp-content\\\/uploads\\\/2024\\\/01\\\/00052654.jpeg\",\"datePublished\":\"2024-01-03T23:19:08+00:00\",\"breadcrumb\":{\"@id\":\"https:\\\/\\\/regiaonews.net.br\\\/2022\\\/2024\\\/01\\\/03\\\/idoso-com-mais-de-20-passagens-pela-policia-e-preso-com-carro-roubado-no-brooklin\\\/#breadcrumb\"},\"inLanguage\":\"pt-BR\",\"potentialAction\":[{\"@type\":\"ReadAction\",\"target\":[\"https:\\\/\\\/regiaonews.net.br\\\/2022\\\/2024\\\/01\\\/03\\\/idoso-com-mais-de-20-passagens-pela-policia-e-preso-com-carro-roubado-no-brooklin\\\/\"]}]},{\"@type\":\"ImageObject\",\"inLanguage\":\"pt-BR\",\"@id\":\"https:\\\/\\\/regiaonews.net.br\\\/2022\\\/2024\\\/01\\\/03\\\/idoso-com-mais-de-20-passagens-pela-policia-e-preso-com-carro-roubado-no-brooklin\\\/#primaryimage\",\"url\":\"https:\\\/\\\/regiaonews.net.br\\\/2022\\\/wp-content\\\/uploads\\\/2024\\\/01\\\/00052654.jpeg\",\"contentUrl\":\"https:\\\/\\\/regiaonews.net.br\\\/2022\\\/wp-content\\\/uploads\\\/2024\\\/01\\\/00052654.jpeg\",\"width\":1512,\"height\":1600},{\"@type\":\"BreadcrumbList\",\"@id\":\"https:\\\/\\\/regiaonews.net.br\\\/2022\\\/2024\\\/01\\\/03\\\/idoso-com-mais-de-20-passagens-pela-policia-e-preso-com-carro-roubado-no-brooklin\\\/#breadcrumb\",\"itemListElement\":[{\"@type\":\"ListItem\",\"position\":1,\"name\":\"In\u00edcio\",\"item\":\"https:\\\/\\\/regiaonews.net.br\\\/2022\\\/\"},{\"@type\":\"ListItem\",\"position\":2,\"name\":\"Idoso com mais de 20 passagens pela pol\u00edcia \u00e9 preso com carro roubado no Brooklin\"}]},{\"@type\":\"WebSite\",\"@id\":\"https:\\\/\\\/regiaonews.net.br\\\/2022\\\/#website\",\"url\":\"https:\\\/\\\/regiaonews.net.br\\\/2022\\\/\",\"name\":\"Regi\u00e3o News\",\"description\":\"Site de Not\u00edcias de Barretos e regi\u00e3o\",\"publisher\":{\"@id\":\"https:\\\/\\\/regiaonews.net.br\\\/2022\\\/#organization\"},\"potentialAction\":[{\"@type\":\"SearchAction\",\"target\":{\"@type\":\"EntryPoint\",\"urlTemplate\":\"https:\\\/\\\/regiaonews.net.br\\\/2022\\\/?s={search_term_string}\"},\"query-input\":{\"@type\":\"PropertyValueSpecification\",\"valueRequired\":true,\"valueName\":\"search_term_string\"}}],\"inLanguage\":\"pt-BR\"},{\"@type\":\"Organization\",\"@id\":\"https:\\\/\\\/regiaonews.net.br\\\/2022\\\/#organization\",\"name\":\"Regi\u00e3o News\",\"url\":\"https:\\\/\\\/regiaonews.net.br\\\/2022\\\/\",\"logo\":{\"@type\":\"ImageObject\",\"inLanguage\":\"pt-BR\",\"@id\":\"https:\\\/\\\/regiaonews.net.br\\\/2022\\\/#\\\/schema\\\/logo\\\/image\\\/\",\"url\":\"https:\\\/\\\/regiaonews.net.br\\\/2022\\\/wp-content\\\/uploads\\\/2026\\\/03\\\/regiao-13-anos-scaled.jpg\",\"contentUrl\":\"https:\\\/\\\/regiaonews.net.br\\\/2022\\\/wp-content\\\/uploads\\\/2026\\\/03\\\/regiao-13-anos-scaled.jpg\",\"width\":2560,\"height\":635,\"caption\":\"Regi\u00e3o News\"},\"image\":{\"@id\":\"https:\\\/\\\/regiaonews.net.br\\\/2022\\\/#\\\/schema\\\/logo\\\/image\\\/\"}},{\"@type\":\"Person\",\"@id\":\"https:\\\/\\\/regiaonews.net.br\\\/2022\\\/#\\\/schema\\\/person\\\/2d205a608a5aa97ac279d7a5e6d89ad8\",\"name\":\"Roberto\",\"image\":{\"@type\":\"ImageObject\",\"inLanguage\":\"pt-BR\",\"@id\":\"https:\\\/\\\/secure.gravatar.com\\\/avatar\\\/42749d8b712ff9d59ca93dc150494e5b55a44134482993f5baeb97e61b7ecc89?s=96&d=mm&r=g\",\"url\":\"https:\\\/\\\/secure.gravatar.com\\\/avatar\\\/42749d8b712ff9d59ca93dc150494e5b55a44134482993f5baeb97e61b7ecc89?s=96&d=mm&r=g\",\"contentUrl\":\"https:\\\/\\\/secure.gravatar.com\\\/avatar\\\/42749d8b712ff9d59ca93dc150494e5b55a44134482993f5baeb97e61b7ecc89?s=96&d=mm&r=g\",\"caption\":\"Roberto\"},\"url\":\"https:\\\/\\\/regiaonews.net.br\\\/2022\\\/author\\\/roberto\\\/\"}]}<\/script>\n<!-- \/ Yoast SEO plugin. -->","yoast_head_json":{"title":"Idoso com mais de 20 passagens pela pol\u00edcia \u00e9 preso com carro roubado no Brooklin - Regi\u00e3o News","robots":{"index":"index","follow":"follow","max-snippet":"max-snippet:-1","max-image-preview":"max-image-preview:large","max-video-preview":"max-video-preview:-1"},"canonical":"https:\/\/regiaonews.net.br\/2022\/2024\/01\/03\/idoso-com-mais-de-20-passagens-pela-policia-e-preso-com-carro-roubado-no-brooklin\/","og_locale":"pt_BR","og_type":"article","og_title":"Idoso com mais de 20 passagens pela pol\u00edcia \u00e9 preso com carro roubado no Brooklin - Regi\u00e3o News","og_description":"Entre que constam na ficha criminal do homem, est\u00e3o dois","og_url":"https:\/\/regiaonews.net.br\/2022\/2024\/01\/03\/idoso-com-mais-de-20-passagens-pela-policia-e-preso-com-carro-roubado-no-brooklin\/","og_site_name":"Regi\u00e3o News","article_published_time":"2024-01-03T23:19:08+00:00","og_image":[{"width":1512,"height":1600,"url":"https:\/\/regiaonews.net.br\/2022\/wp-content\/uploads\/2024\/01\/00052654.jpeg","type":"image\/jpeg"}],"author":"Roberto","twitter_card":"summary_large_image","twitter_misc":{"Escrito por":"Roberto","Est. tempo de leitura":"2 minutos"},"schema":{"@context":"https:\/\/schema.org","@graph":[{"@type":"Article","@id":"https:\/\/regiaonews.net.br\/2022\/2024\/01\/03\/idoso-com-mais-de-20-passagens-pela-policia-e-preso-com-carro-roubado-no-brooklin\/#article","isPartOf":{"@id":"https:\/\/regiaonews.net.br\/2022\/2024\/01\/03\/idoso-com-mais-de-20-passagens-pela-policia-e-preso-com-carro-roubado-no-brooklin\/"},"author":{"name":"Roberto","@id":"https:\/\/regiaonews.net.br\/2022\/#\/schema\/person\/2d205a608a5aa97ac279d7a5e6d89ad8"},"headline":"Idoso com mais de 20 passagens pela pol\u00edcia \u00e9 preso com carro roubado no Brooklin","datePublished":"2024-01-03T23:19:08+00:00","mainEntityOfPage":{"@id":"https:\/\/regiaonews.net.br\/2022\/2024\/01\/03\/idoso-com-mais-de-20-passagens-pela-policia-e-preso-com-carro-roubado-no-brooklin\/"},"wordCount":255,"commentCount":0,"publisher":{"@id":"https:\/\/regiaonews.net.br\/2022\/#organization"},"image":{"@id":"https:\/\/regiaonews.net.br\/2022\/2024\/01\/03\/idoso-com-mais-de-20-passagens-pela-policia-e-preso-com-carro-roubado-no-brooklin\/#primaryimage"},"thumbnailUrl":"https:\/\/regiaonews.net.br\/2022\/wp-content\/uploads\/2024\/01\/00052654.jpeg","articleSection":["Policia","S\u00e3o Paulo"],"inLanguage":"pt-BR","potentialAction":[{"@type":"CommentAction","name":"Comment","target":["https:\/\/regiaonews.net.br\/2022\/2024\/01\/03\/idoso-com-mais-de-20-passagens-pela-policia-e-preso-com-carro-roubado-no-brooklin\/#respond"]}]},{"@type":"WebPage","@id":"https:\/\/regiaonews.net.br\/2022\/2024\/01\/03\/idoso-com-mais-de-20-passagens-pela-policia-e-preso-com-carro-roubado-no-brooklin\/","url":"https:\/\/regiaonews.net.br\/2022\/2024\/01\/03\/idoso-com-mais-de-20-passagens-pela-policia-e-preso-com-carro-roubado-no-brooklin\/","name":"Idoso com mais de 20 passagens pela pol\u00edcia \u00e9 preso com carro roubado no Brooklin - Regi\u00e3o News","isPartOf":{"@id":"https:\/\/regiaonews.net.br\/2022\/#website"},"primaryImageOfPage":{"@id":"https:\/\/regiaonews.net.br\/2022\/2024\/01\/03\/idoso-com-mais-de-20-passagens-pela-policia-e-preso-com-carro-roubado-no-brooklin\/#primaryimage"},"image":{"@id":"https:\/\/regiaonews.net.br\/2022\/2024\/01\/03\/idoso-com-mais-de-20-passagens-pela-policia-e-preso-com-carro-roubado-no-brooklin\/#primaryimage"},"thumbnailUrl":"https:\/\/regiaonews.net.br\/2022\/wp-content\/uploads\/2024\/01\/00052654.jpeg","datePublished":"2024-01-03T23:19:08+00:00","breadcrumb":{"@id":"https:\/\/regiaonews.net.br\/2022\/2024\/01\/03\/idoso-com-mais-de-20-passagens-pela-policia-e-preso-com-carro-roubado-no-brooklin\/#breadcrumb"},"inLanguage":"pt-BR","potentialAction":[{"@type":"ReadAction","target":["https:\/\/regiaonews.net.br\/2022\/2024\/01\/03\/idoso-com-mais-de-20-passagens-pela-policia-e-preso-com-carro-roubado-no-brooklin\/"]}]},{"@type":"ImageObject","inLanguage":"pt-BR","@id":"https:\/\/regiaonews.net.br\/2022\/2024\/01\/03\/idoso-com-mais-de-20-passagens-pela-policia-e-preso-com-carro-roubado-no-brooklin\/#primaryimage","url":"https:\/\/regiaonews.net.br\/2022\/wp-content\/uploads\/2024\/01\/00052654.jpeg","contentUrl":"https:\/\/regiaonews.net.br\/2022\/wp-content\/uploads\/2024\/01\/00052654.jpeg","width":1512,"height":1600},{"@type":"BreadcrumbList","@id":"https:\/\/regiaonews.net.br\/2022\/2024\/01\/03\/idoso-com-mais-de-20-passagens-pela-policia-e-preso-com-carro-roubado-no-brooklin\/#breadcrumb","itemListElement":[{"@type":"ListItem","position":1,"name":"In\u00edcio","item":"https:\/\/regiaonews.net.br\/2022\/"},{"@type":"ListItem","position":2,"name":"Idoso com mais de 20 passagens pela pol\u00edcia \u00e9 preso com carro roubado no Brooklin"}]},{"@type":"WebSite","@id":"https:\/\/regiaonews.net.br\/2022\/#website","url":"https:\/\/regiaonews.net.br\/2022\/","name":"Regi\u00e3o News","description":"Site de Not\u00edcias de Barretos e regi\u00e3o","publisher":{"@id":"https:\/\/regiaonews.net.br\/2022\/#organization"},"potentialAction":[{"@type":"SearchAction","target":{"@type":"EntryPoint","urlTemplate":"https:\/\/regiaonews.net.br\/2022\/?s={search_term_string}"},"query-input":{"@type":"PropertyValueSpecification","valueRequired":true,"valueName":"search_term_string"}}],"inLanguage":"pt-BR"},{"@type":"Organization","@id":"https:\/\/regiaonews.net.br\/2022\/#organization","name":"Regi\u00e3o News","url":"https:\/\/regiaonews.net.br\/2022\/","logo":{"@type":"ImageObject","inLanguage":"pt-BR","@id":"https:\/\/regiaonews.net.br\/2022\/#\/schema\/logo\/image\/","url":"https:\/\/regiaonews.net.br\/2022\/wp-content\/uploads\/2026\/03\/regiao-13-anos-scaled.jpg","contentUrl":"https:\/\/regiaonews.net.br\/2022\/wp-content\/uploads\/2026\/03\/regiao-13-anos-scaled.jpg","width":2560,"height":635,"caption":"Regi\u00e3o News"},"image":{"@id":"https:\/\/regiaonews.net.br\/2022\/#\/schema\/logo\/image\/"}},{"@type":"Person","@id":"https:\/\/regiaonews.net.br\/2022\/#\/schema\/person\/2d205a608a5aa97ac279d7a5e6d89ad8","name":"Roberto","image":{"@type":"ImageObject","inLanguage":"pt-BR","@id":"https:\/\/secure.gravatar.com\/avatar\/42749d8b712ff9d59ca93dc150494e5b55a44134482993f5baeb97e61b7ecc89?s=96&d=mm&r=g","url":"https:\/\/secure.gravatar.com\/avatar\/42749d8b712ff9d59ca93dc150494e5b55a44134482993f5baeb97e61b7ecc89?s=96&d=mm&r=g","contentUrl":"https:\/\/secure.gravatar.com\/avatar\/42749d8b712ff9d59ca93dc150494e5b55a44134482993f5baeb97e61b7ecc89?s=96&d=mm&r=g","caption":"Roberto"},"url":"https:\/\/regiaonews.net.br\/2022\/author\/roberto\/"}]}},"publishpress_future_action":{"enabled":false,"date":"2026-05-04 03:00:13","action":"change-status","newStatus":"draft","terms":[],"taxonomy":"category","extraData":[]},"publishpress_future_workflow_manual_trigger":{"enabledWorkflows":[]},"_links":{"self":[{"href":"https:\/\/regiaonews.net.br\/2022\/wp-json\/wp\/v2\/posts\/99811","targetHints":{"allow":["GET"]}}],"collection":[{"href":"https:\/\/regiaonews.net.br\/2022\/wp-json\/wp\/v2\/posts"}],"about":[{"href":"https:\/\/regiaonews.net.br\/2022\/wp-json\/wp\/v2\/types\/post"}],"author":[{"embeddable":true,"href":"https:\/\/regiaonews.net.br\/2022\/wp-json\/wp\/v2\/users\/2"}],"replies":[{"embeddable":true,"href":"https:\/\/regiaonews.net.br\/2022\/wp-json\/wp\/v2\/comments?post=99811"}],"version-history":[{"count":1,"href":"https:\/\/regiaonews.net.br\/2022\/wp-json\/wp\/v2\/posts\/99811\/revisions"}],"predecessor-version":[{"id":99816,"href":"https:\/\/regiaonews.net.br\/2022\/wp-json\/wp\/v2\/posts\/99811\/revisions\/99816"}],"wp:featuredmedia":[{"embeddable":true,"href":"https:\/\/regiaonews.net.br\/2022\/wp-json\/wp\/v2\/media\/99812"}],"wp:attachment":[{"href":"https:\/\/regiaonews.net.br\/2022\/wp-json\/wp\/v2\/media?parent=99811"}],"wp:term":[{"taxonomy":"category","embeddable":true,"href":"https:\/\/regiaonews.net.br\/2022\/wp-json\/wp\/v2\/categories?post=99811"},{"taxonomy":"post_tag","embeddable":true,"href":"https:\/\/regiaonews.net.br\/2022\/wp-json\/wp\/v2\/tags?post=99811"}],"curies":[{"name":"wp","href":"https:\/\/api.w.org\/{rel}","templated":true}]}}