{"id":99788,"date":"2024-01-03T12:01:38","date_gmt":"2024-01-03T15:01:38","guid":{"rendered":"https:\/\/regiaonews.net.br\/2022\/?p=99788"},"modified":"2024-01-03T12:01:38","modified_gmt":"2024-01-03T15:01:38","slug":"jackelyne-rossini-faz-balanco-da-gestao-na-acib","status":"publish","type":"post","link":"https:\/\/regiaonews.net.br\/2022\/2024\/01\/03\/jackelyne-rossini-faz-balanco-da-gestao-na-acib\/","title":{"rendered":"Jackelyne Rossini faz balan\u00e7o da gest\u00e3o na ACIB"},"content":{"rendered":"<h3 style=\"text-align: center;\">Empres\u00e1ria atuou na presid\u00eancia da Associa\u00e7\u00e3o Comercial e Industrial de Barretos entre os anos 2020 e 2023.<\/h3>\n<p>Trabalho com foco em oportunidades para segmentos de atua\u00e7\u00e3o da entidade. Assim Jackelyne Rossini define os 4 anos de trabalho \u00e0 frente da presid\u00eancia da Associa\u00e7\u00e3o Comercial e Industrial de Barretos.<br \/>\nPrezando pelo protagonismo feminino e no crescimento da atua\u00e7\u00e3o comercial e industrial das mulheres cada vez mais fortes e representativos, Jackelyne avalia sua gest\u00e3o na ACIB como de preocupa\u00e7\u00e3o em fortalecimento da Associa\u00e7\u00e3o, do empresariado feminino e ressalta a atua\u00e7\u00e3o e crescimento das mulheres no mercado atual \u201cA parte feminina somou muito \u00e9 realmente muito importante. Atualmente a maior parte dos empres\u00e1rios atua no setor feminino e \u00e9 um segmento que precisa ter a devida import\u00e2ncia\u201d, contou.<br \/>\nJackelyne ainda destaca a\u00e7\u00f5es e direcionamentos de sua gest\u00e3o e seu crescimento como presidente da Associa\u00e7\u00e3o \u201cDurante o trabalho, procurei, junto a toda a Associa\u00e7\u00e3o Comercial e industrial, dar sequ\u00eancia nas a\u00e7\u00f5es de captar empresas e novos associados, implementa\u00e7\u00e3o de novidades como a possibilidade de vota\u00e7\u00e3o on-line na pesquisa Empres\u00e1rio e empres\u00e1ria do Ano e Destaques do Com\u00e9rcio. Cresci como pessoa e profissional. S\u00f3 tenho a agradecer\u201d, disse.<\/p>\n<p>Jackelyne Serralvo Rossini<br \/>\nNatural de Pirassununga, casada com Rodrigo Rossini, m\u00e3e de J\u00falia Serralvo Rossini e Alice Serralvo Rossini.<br \/>\nEmpres\u00e1ria franqueada da Odontocompany, inaugurou sua primeira unidade em 2016 em Barretos. Hoje, conta com 5 unidades: Barretos, Bebedouro, Sever\u00ednia, Terra Roxa e Ribeir\u00e3o Preto.<br \/>\nJackelyne Rossini \u00e9 a primeira presidente eleita da Associa\u00e7\u00e3o Comercial e Industrial de Barretos.<br \/>\nEm 2020 assumiu a presid\u00eancia da ACIB, substituindo Roberto Arutim no per\u00edodo 2020\/ 2021.<br \/>\nEm seu primeiro mandato, realizou, a partir de 2020, junto \u00e0 diretoria um o trabalho de fortalecimento da economia em meio a uma pandemia, passando por um per\u00edodo de restri\u00e7\u00f5es e distanciamento social, com grande impacto no com\u00e9rcio.<br \/>\nEm 2021, em um ano de grandes desafios, sua gest\u00e3o trabalhou para o aumento de n\u00fameros positivos de vendas e sucessos nas campanhas realizadas pela ACIB, com a retomada da economia.<br \/>\nEm janeiro de 2022, assumiu seu segundo mandato para o bi\u00eanio 2022\/2023.<br \/>\nA gest\u00e3o nos anos seguintes teve foco no fortalecimento e crescimento da ind\u00fastria e com\u00e9rcio na Est\u00e2ncia Tur\u00edstica de Barretos com o apoio e dinamismo de uma diretoria feminina atuante.<br \/>\nEntre os destaques do seu trabalho est\u00e3o:<br \/>\nImplementa\u00e7\u00e3o do projeto \u201cUni\u00e3o ACIB\u201d com visitas a empresas e di\u00e1logo com empres\u00e1rios e colaboradores, com o objetivo de estreitar a comunica\u00e7\u00e3o e construir solu\u00e7\u00f5es e oportunidades.<br \/>\nImplementa\u00e7\u00e3o do formato on-line na Pesquisa Empres\u00e1rio e Empres\u00e1ria do Ano e Destaques do Com\u00e9rcio.<br \/>\nJantar Empres\u00e1rio e Empres\u00e1ria do Ano e Destaques do Com\u00e9rcio.<br \/>\nFomento e desenvolvimento de a\u00e7\u00f5es com representantes dos setores de seguran\u00e7a p\u00fablica, visando melhorias para a \u00e1rea central.<br \/>\nProjeto contou com reuni\u00e3o com a presen\u00e7a de diretores da associa\u00e7\u00e3o e a comandante da 1\u00aa Companhia da Pol\u00edcia Militar, capit\u00e3 Esther S. Silva Santos.<br \/>\nAtua\u00e7\u00e3o nas parcerias com Sebrae para o desenvolvimento de a\u00e7\u00f5es e cursos para associados e membros de empresas associadas.<br \/>\nFortalecimento de campanhas e a\u00e7\u00f5es de marketing alusivas envolvendo a\u00e7\u00f5es on-line e off-line da ACIB.<br \/>\nFortalecimento e amplia\u00e7\u00e3o da atua\u00e7\u00e3o da Associa\u00e7\u00e3o em redes sociais.<br \/>\nA\u00e7\u00f5es de P\u00e1scoa e parcerias com North Shopping Barretos.<br \/>\nParticipa\u00e7\u00e3o da ACIB na programa\u00e7\u00e3o de Natal do munic\u00edpio com a cria\u00e7\u00e3o do \u201cConcurso de Decora\u00e7\u00e3o Natalina\u201d em vitrines e resid\u00eancias no ano de 2022.<br \/>\nPrograma\u00e7\u00e3o especial do Dia das Crian\u00e7as com brinquedos no cal\u00e7ad\u00e3o e rua 20.<br \/>\nAtua\u00e7\u00e3o junto a outras campanhas de Natal da Prefeitura da Est\u00e2ncia Tur\u00edstica de Barretos em parcerias com a ACIB.<br \/>\nEngajamento em campanhas de arrecada\u00e7\u00e3o de cobertores em prol do Fundo Social de Solidariedade do munic\u00edpio.<br \/>\nHomenagem \u201cMulher ACIB\u201d em alus\u00e3o ao m\u00eas das mulheres com elei\u00e7\u00e3o entre a diretoria, homenagens e palestras.<br \/>\nForam homenageadas: Elaine Marques Chiqueto &#8211; 2022 e Arlete Peroni \u00c2ngelo \u2013 2023.<br \/>\nA\u00e7\u00f5es de conscientiza\u00e7\u00e3o e preven\u00e7\u00e3o ao C\u00e2ncer de Mama durante o Outubro Rosa.<br \/>\nCria\u00e7\u00e3o do \u201cOutubro Rosa \u2013 A Beleza e a Sa\u00fade da Mulher\u201d em 2023.<br \/>\nEm 2023 o evento teve a participa\u00e7\u00e3o da delegada Denise Vichiato Poliselli e de mulheres de toda a comunidade.<br \/>\nAtua\u00e7\u00e3o junto ao poder p\u00fablico sobre demandas para o com\u00e9rcio, entre elas a amplia\u00e7\u00e3o da Rua 20.<\/p>\n<p>Link do v\u00eddeo com homenagens no youtube: https:\/\/youtu.be\/gYc4TYNdpJg<\/p>\n","protected":false},"excerpt":{"rendered":"<p>Empres\u00e1ria atuou na presid\u00eancia da Associa\u00e7\u00e3o Comercial e Industrial de<\/p>\n","protected":false},"author":2,"featured_media":99789,"comment_status":"open","ping_status":"open","sticky":false,"template":"","format":"standard","meta":{"footnotes":""},"categories":[14,3],"tags":[],"class_list":["post-99788","post","type-post","status-publish","format-standard","has-post-thumbnail","hentry","category-barretos","category-geral"],"yoast_head":"<!-- This site is optimized with the Yoast SEO plugin v27.4 - https:\/\/yoast.com\/product\/yoast-seo-wordpress\/ -->\n<title>Jackelyne Rossini faz balan\u00e7o da gest\u00e3o na ACIB - Regi\u00e3o News<\/title>\n<meta name=\"robots\" content=\"index, follow, max-snippet:-1, max-image-preview:large, max-video-preview:-1\" \/>\n<link rel=\"canonical\" href=\"https:\/\/regiaonews.net.br\/2022\/2024\/01\/03\/jackelyne-rossini-faz-balanco-da-gestao-na-acib\/\" \/>\n<meta property=\"og:locale\" content=\"pt_BR\" \/>\n<meta property=\"og:type\" content=\"article\" \/>\n<meta property=\"og:title\" content=\"Jackelyne Rossini faz balan\u00e7o da gest\u00e3o na ACIB - Regi\u00e3o News\" \/>\n<meta property=\"og:description\" content=\"Empres\u00e1ria atuou na presid\u00eancia da Associa\u00e7\u00e3o Comercial e Industrial de\" \/>\n<meta property=\"og:url\" content=\"https:\/\/regiaonews.net.br\/2022\/2024\/01\/03\/jackelyne-rossini-faz-balanco-da-gestao-na-acib\/\" \/>\n<meta property=\"og:site_name\" content=\"Regi\u00e3o News\" \/>\n<meta property=\"article:published_time\" content=\"2024-01-03T15:01:38+00:00\" \/>\n<meta property=\"og:image\" content=\"https:\/\/regiaonews.net.br\/2022\/wp-content\/uploads\/2024\/01\/Imagem-do-WhatsApp-de-2024-01-03-as-09.28.39_f7a3350d-1.jpg\" \/>\n\t<meta property=\"og:image:width\" content=\"1068\" \/>\n\t<meta property=\"og:image:height\" content=\"1600\" \/>\n\t<meta property=\"og:image:type\" content=\"image\/jpeg\" \/>\n<meta name=\"author\" content=\"Roberto\" \/>\n<meta name=\"twitter:card\" content=\"summary_large_image\" \/>\n<meta name=\"twitter:label1\" content=\"Escrito por\" \/>\n\t<meta name=\"twitter:data1\" content=\"Roberto\" \/>\n\t<meta name=\"twitter:label2\" content=\"Est. tempo de leitura\" \/>\n\t<meta name=\"twitter:data2\" content=\"5 minutos\" \/>\n<script type=\"application\/ld+json\" class=\"yoast-schema-graph\">{\"@context\":\"https:\\\/\\\/schema.org\",\"@graph\":[{\"@type\":\"Article\",\"@id\":\"https:\\\/\\\/regiaonews.net.br\\\/2022\\\/2024\\\/01\\\/03\\\/jackelyne-rossini-faz-balanco-da-gestao-na-acib\\\/#article\",\"isPartOf\":{\"@id\":\"https:\\\/\\\/regiaonews.net.br\\\/2022\\\/2024\\\/01\\\/03\\\/jackelyne-rossini-faz-balanco-da-gestao-na-acib\\\/\"},\"author\":{\"name\":\"Roberto\",\"@id\":\"https:\\\/\\\/regiaonews.net.br\\\/2022\\\/#\\\/schema\\\/person\\\/2d205a608a5aa97ac279d7a5e6d89ad8\"},\"headline\":\"Jackelyne Rossini faz balan\u00e7o da gest\u00e3o na ACIB\",\"datePublished\":\"2024-01-03T15:01:38+00:00\",\"mainEntityOfPage\":{\"@id\":\"https:\\\/\\\/regiaonews.net.br\\\/2022\\\/2024\\\/01\\\/03\\\/jackelyne-rossini-faz-balanco-da-gestao-na-acib\\\/\"},\"wordCount\":795,\"commentCount\":0,\"publisher\":{\"@id\":\"https:\\\/\\\/regiaonews.net.br\\\/2022\\\/#organization\"},\"image\":{\"@id\":\"https:\\\/\\\/regiaonews.net.br\\\/2022\\\/2024\\\/01\\\/03\\\/jackelyne-rossini-faz-balanco-da-gestao-na-acib\\\/#primaryimage\"},\"thumbnailUrl\":\"https:\\\/\\\/regiaonews.net.br\\\/2022\\\/wp-content\\\/uploads\\\/2024\\\/01\\\/Imagem-do-WhatsApp-de-2024-01-03-as-09.28.39_f7a3350d-1.jpg\",\"articleSection\":[\"Barretos\",\"Geral\"],\"inLanguage\":\"pt-BR\",\"potentialAction\":[{\"@type\":\"CommentAction\",\"name\":\"Comment\",\"target\":[\"https:\\\/\\\/regiaonews.net.br\\\/2022\\\/2024\\\/01\\\/03\\\/jackelyne-rossini-faz-balanco-da-gestao-na-acib\\\/#respond\"]}]},{\"@type\":\"WebPage\",\"@id\":\"https:\\\/\\\/regiaonews.net.br\\\/2022\\\/2024\\\/01\\\/03\\\/jackelyne-rossini-faz-balanco-da-gestao-na-acib\\\/\",\"url\":\"https:\\\/\\\/regiaonews.net.br\\\/2022\\\/2024\\\/01\\\/03\\\/jackelyne-rossini-faz-balanco-da-gestao-na-acib\\\/\",\"name\":\"Jackelyne Rossini faz balan\u00e7o da gest\u00e3o na ACIB - Regi\u00e3o News\",\"isPartOf\":{\"@id\":\"https:\\\/\\\/regiaonews.net.br\\\/2022\\\/#website\"},\"primaryImageOfPage\":{\"@id\":\"https:\\\/\\\/regiaonews.net.br\\\/2022\\\/2024\\\/01\\\/03\\\/jackelyne-rossini-faz-balanco-da-gestao-na-acib\\\/#primaryimage\"},\"image\":{\"@id\":\"https:\\\/\\\/regiaonews.net.br\\\/2022\\\/2024\\\/01\\\/03\\\/jackelyne-rossini-faz-balanco-da-gestao-na-acib\\\/#primaryimage\"},\"thumbnailUrl\":\"https:\\\/\\\/regiaonews.net.br\\\/2022\\\/wp-content\\\/uploads\\\/2024\\\/01\\\/Imagem-do-WhatsApp-de-2024-01-03-as-09.28.39_f7a3350d-1.jpg\",\"datePublished\":\"2024-01-03T15:01:38+00:00\",\"breadcrumb\":{\"@id\":\"https:\\\/\\\/regiaonews.net.br\\\/2022\\\/2024\\\/01\\\/03\\\/jackelyne-rossini-faz-balanco-da-gestao-na-acib\\\/#breadcrumb\"},\"inLanguage\":\"pt-BR\",\"potentialAction\":[{\"@type\":\"ReadAction\",\"target\":[\"https:\\\/\\\/regiaonews.net.br\\\/2022\\\/2024\\\/01\\\/03\\\/jackelyne-rossini-faz-balanco-da-gestao-na-acib\\\/\"]}]},{\"@type\":\"ImageObject\",\"inLanguage\":\"pt-BR\",\"@id\":\"https:\\\/\\\/regiaonews.net.br\\\/2022\\\/2024\\\/01\\\/03\\\/jackelyne-rossini-faz-balanco-da-gestao-na-acib\\\/#primaryimage\",\"url\":\"https:\\\/\\\/regiaonews.net.br\\\/2022\\\/wp-content\\\/uploads\\\/2024\\\/01\\\/Imagem-do-WhatsApp-de-2024-01-03-as-09.28.39_f7a3350d-1.jpg\",\"contentUrl\":\"https:\\\/\\\/regiaonews.net.br\\\/2022\\\/wp-content\\\/uploads\\\/2024\\\/01\\\/Imagem-do-WhatsApp-de-2024-01-03-as-09.28.39_f7a3350d-1.jpg\",\"width\":1068,\"height\":1600},{\"@type\":\"BreadcrumbList\",\"@id\":\"https:\\\/\\\/regiaonews.net.br\\\/2022\\\/2024\\\/01\\\/03\\\/jackelyne-rossini-faz-balanco-da-gestao-na-acib\\\/#breadcrumb\",\"itemListElement\":[{\"@type\":\"ListItem\",\"position\":1,\"name\":\"In\u00edcio\",\"item\":\"https:\\\/\\\/regiaonews.net.br\\\/2022\\\/\"},{\"@type\":\"ListItem\",\"position\":2,\"name\":\"Jackelyne Rossini faz balan\u00e7o da gest\u00e3o na ACIB\"}]},{\"@type\":\"WebSite\",\"@id\":\"https:\\\/\\\/regiaonews.net.br\\\/2022\\\/#website\",\"url\":\"https:\\\/\\\/regiaonews.net.br\\\/2022\\\/\",\"name\":\"Regi\u00e3o News\",\"description\":\"Site de Not\u00edcias de Barretos e regi\u00e3o\",\"publisher\":{\"@id\":\"https:\\\/\\\/regiaonews.net.br\\\/2022\\\/#organization\"},\"potentialAction\":[{\"@type\":\"SearchAction\",\"target\":{\"@type\":\"EntryPoint\",\"urlTemplate\":\"https:\\\/\\\/regiaonews.net.br\\\/2022\\\/?s={search_term_string}\"},\"query-input\":{\"@type\":\"PropertyValueSpecification\",\"valueRequired\":true,\"valueName\":\"search_term_string\"}}],\"inLanguage\":\"pt-BR\"},{\"@type\":\"Organization\",\"@id\":\"https:\\\/\\\/regiaonews.net.br\\\/2022\\\/#organization\",\"name\":\"Regi\u00e3o News\",\"url\":\"https:\\\/\\\/regiaonews.net.br\\\/2022\\\/\",\"logo\":{\"@type\":\"ImageObject\",\"inLanguage\":\"pt-BR\",\"@id\":\"https:\\\/\\\/regiaonews.net.br\\\/2022\\\/#\\\/schema\\\/logo\\\/image\\\/\",\"url\":\"https:\\\/\\\/regiaonews.net.br\\\/2022\\\/wp-content\\\/uploads\\\/2026\\\/03\\\/regiao-13-anos-scaled.jpg\",\"contentUrl\":\"https:\\\/\\\/regiaonews.net.br\\\/2022\\\/wp-content\\\/uploads\\\/2026\\\/03\\\/regiao-13-anos-scaled.jpg\",\"width\":2560,\"height\":635,\"caption\":\"Regi\u00e3o News\"},\"image\":{\"@id\":\"https:\\\/\\\/regiaonews.net.br\\\/2022\\\/#\\\/schema\\\/logo\\\/image\\\/\"}},{\"@type\":\"Person\",\"@id\":\"https:\\\/\\\/regiaonews.net.br\\\/2022\\\/#\\\/schema\\\/person\\\/2d205a608a5aa97ac279d7a5e6d89ad8\",\"name\":\"Roberto\",\"image\":{\"@type\":\"ImageObject\",\"inLanguage\":\"pt-BR\",\"@id\":\"https:\\\/\\\/secure.gravatar.com\\\/avatar\\\/42749d8b712ff9d59ca93dc150494e5b55a44134482993f5baeb97e61b7ecc89?s=96&d=mm&r=g\",\"url\":\"https:\\\/\\\/secure.gravatar.com\\\/avatar\\\/42749d8b712ff9d59ca93dc150494e5b55a44134482993f5baeb97e61b7ecc89?s=96&d=mm&r=g\",\"contentUrl\":\"https:\\\/\\\/secure.gravatar.com\\\/avatar\\\/42749d8b712ff9d59ca93dc150494e5b55a44134482993f5baeb97e61b7ecc89?s=96&d=mm&r=g\",\"caption\":\"Roberto\"},\"url\":\"https:\\\/\\\/regiaonews.net.br\\\/2022\\\/author\\\/roberto\\\/\"}]}<\/script>\n<!-- \/ Yoast SEO plugin. -->","yoast_head_json":{"title":"Jackelyne Rossini faz balan\u00e7o da gest\u00e3o na ACIB - Regi\u00e3o News","robots":{"index":"index","follow":"follow","max-snippet":"max-snippet:-1","max-image-preview":"max-image-preview:large","max-video-preview":"max-video-preview:-1"},"canonical":"https:\/\/regiaonews.net.br\/2022\/2024\/01\/03\/jackelyne-rossini-faz-balanco-da-gestao-na-acib\/","og_locale":"pt_BR","og_type":"article","og_title":"Jackelyne Rossini faz balan\u00e7o da gest\u00e3o na ACIB - Regi\u00e3o News","og_description":"Empres\u00e1ria atuou na presid\u00eancia da Associa\u00e7\u00e3o Comercial e Industrial de","og_url":"https:\/\/regiaonews.net.br\/2022\/2024\/01\/03\/jackelyne-rossini-faz-balanco-da-gestao-na-acib\/","og_site_name":"Regi\u00e3o News","article_published_time":"2024-01-03T15:01:38+00:00","og_image":[{"width":1068,"height":1600,"url":"https:\/\/regiaonews.net.br\/2022\/wp-content\/uploads\/2024\/01\/Imagem-do-WhatsApp-de-2024-01-03-as-09.28.39_f7a3350d-1.jpg","type":"image\/jpeg"}],"author":"Roberto","twitter_card":"summary_large_image","twitter_misc":{"Escrito por":"Roberto","Est. tempo de leitura":"5 minutos"},"schema":{"@context":"https:\/\/schema.org","@graph":[{"@type":"Article","@id":"https:\/\/regiaonews.net.br\/2022\/2024\/01\/03\/jackelyne-rossini-faz-balanco-da-gestao-na-acib\/#article","isPartOf":{"@id":"https:\/\/regiaonews.net.br\/2022\/2024\/01\/03\/jackelyne-rossini-faz-balanco-da-gestao-na-acib\/"},"author":{"name":"Roberto","@id":"https:\/\/regiaonews.net.br\/2022\/#\/schema\/person\/2d205a608a5aa97ac279d7a5e6d89ad8"},"headline":"Jackelyne Rossini faz balan\u00e7o da gest\u00e3o na ACIB","datePublished":"2024-01-03T15:01:38+00:00","mainEntityOfPage":{"@id":"https:\/\/regiaonews.net.br\/2022\/2024\/01\/03\/jackelyne-rossini-faz-balanco-da-gestao-na-acib\/"},"wordCount":795,"commentCount":0,"publisher":{"@id":"https:\/\/regiaonews.net.br\/2022\/#organization"},"image":{"@id":"https:\/\/regiaonews.net.br\/2022\/2024\/01\/03\/jackelyne-rossini-faz-balanco-da-gestao-na-acib\/#primaryimage"},"thumbnailUrl":"https:\/\/regiaonews.net.br\/2022\/wp-content\/uploads\/2024\/01\/Imagem-do-WhatsApp-de-2024-01-03-as-09.28.39_f7a3350d-1.jpg","articleSection":["Barretos","Geral"],"inLanguage":"pt-BR","potentialAction":[{"@type":"CommentAction","name":"Comment","target":["https:\/\/regiaonews.net.br\/2022\/2024\/01\/03\/jackelyne-rossini-faz-balanco-da-gestao-na-acib\/#respond"]}]},{"@type":"WebPage","@id":"https:\/\/regiaonews.net.br\/2022\/2024\/01\/03\/jackelyne-rossini-faz-balanco-da-gestao-na-acib\/","url":"https:\/\/regiaonews.net.br\/2022\/2024\/01\/03\/jackelyne-rossini-faz-balanco-da-gestao-na-acib\/","name":"Jackelyne Rossini faz balan\u00e7o da gest\u00e3o na ACIB - Regi\u00e3o News","isPartOf":{"@id":"https:\/\/regiaonews.net.br\/2022\/#website"},"primaryImageOfPage":{"@id":"https:\/\/regiaonews.net.br\/2022\/2024\/01\/03\/jackelyne-rossini-faz-balanco-da-gestao-na-acib\/#primaryimage"},"image":{"@id":"https:\/\/regiaonews.net.br\/2022\/2024\/01\/03\/jackelyne-rossini-faz-balanco-da-gestao-na-acib\/#primaryimage"},"thumbnailUrl":"https:\/\/regiaonews.net.br\/2022\/wp-content\/uploads\/2024\/01\/Imagem-do-WhatsApp-de-2024-01-03-as-09.28.39_f7a3350d-1.jpg","datePublished":"2024-01-03T15:01:38+00:00","breadcrumb":{"@id":"https:\/\/regiaonews.net.br\/2022\/2024\/01\/03\/jackelyne-rossini-faz-balanco-da-gestao-na-acib\/#breadcrumb"},"inLanguage":"pt-BR","potentialAction":[{"@type":"ReadAction","target":["https:\/\/regiaonews.net.br\/2022\/2024\/01\/03\/jackelyne-rossini-faz-balanco-da-gestao-na-acib\/"]}]},{"@type":"ImageObject","inLanguage":"pt-BR","@id":"https:\/\/regiaonews.net.br\/2022\/2024\/01\/03\/jackelyne-rossini-faz-balanco-da-gestao-na-acib\/#primaryimage","url":"https:\/\/regiaonews.net.br\/2022\/wp-content\/uploads\/2024\/01\/Imagem-do-WhatsApp-de-2024-01-03-as-09.28.39_f7a3350d-1.jpg","contentUrl":"https:\/\/regiaonews.net.br\/2022\/wp-content\/uploads\/2024\/01\/Imagem-do-WhatsApp-de-2024-01-03-as-09.28.39_f7a3350d-1.jpg","width":1068,"height":1600},{"@type":"BreadcrumbList","@id":"https:\/\/regiaonews.net.br\/2022\/2024\/01\/03\/jackelyne-rossini-faz-balanco-da-gestao-na-acib\/#breadcrumb","itemListElement":[{"@type":"ListItem","position":1,"name":"In\u00edcio","item":"https:\/\/regiaonews.net.br\/2022\/"},{"@type":"ListItem","position":2,"name":"Jackelyne Rossini faz balan\u00e7o da gest\u00e3o na ACIB"}]},{"@type":"WebSite","@id":"https:\/\/regiaonews.net.br\/2022\/#website","url":"https:\/\/regiaonews.net.br\/2022\/","name":"Regi\u00e3o News","description":"Site de Not\u00edcias de Barretos e regi\u00e3o","publisher":{"@id":"https:\/\/regiaonews.net.br\/2022\/#organization"},"potentialAction":[{"@type":"SearchAction","target":{"@type":"EntryPoint","urlTemplate":"https:\/\/regiaonews.net.br\/2022\/?s={search_term_string}"},"query-input":{"@type":"PropertyValueSpecification","valueRequired":true,"valueName":"search_term_string"}}],"inLanguage":"pt-BR"},{"@type":"Organization","@id":"https:\/\/regiaonews.net.br\/2022\/#organization","name":"Regi\u00e3o News","url":"https:\/\/regiaonews.net.br\/2022\/","logo":{"@type":"ImageObject","inLanguage":"pt-BR","@id":"https:\/\/regiaonews.net.br\/2022\/#\/schema\/logo\/image\/","url":"https:\/\/regiaonews.net.br\/2022\/wp-content\/uploads\/2026\/03\/regiao-13-anos-scaled.jpg","contentUrl":"https:\/\/regiaonews.net.br\/2022\/wp-content\/uploads\/2026\/03\/regiao-13-anos-scaled.jpg","width":2560,"height":635,"caption":"Regi\u00e3o News"},"image":{"@id":"https:\/\/regiaonews.net.br\/2022\/#\/schema\/logo\/image\/"}},{"@type":"Person","@id":"https:\/\/regiaonews.net.br\/2022\/#\/schema\/person\/2d205a608a5aa97ac279d7a5e6d89ad8","name":"Roberto","image":{"@type":"ImageObject","inLanguage":"pt-BR","@id":"https:\/\/secure.gravatar.com\/avatar\/42749d8b712ff9d59ca93dc150494e5b55a44134482993f5baeb97e61b7ecc89?s=96&d=mm&r=g","url":"https:\/\/secure.gravatar.com\/avatar\/42749d8b712ff9d59ca93dc150494e5b55a44134482993f5baeb97e61b7ecc89?s=96&d=mm&r=g","contentUrl":"https:\/\/secure.gravatar.com\/avatar\/42749d8b712ff9d59ca93dc150494e5b55a44134482993f5baeb97e61b7ecc89?s=96&d=mm&r=g","caption":"Roberto"},"url":"https:\/\/regiaonews.net.br\/2022\/author\/roberto\/"}]}},"publishpress_future_action":{"enabled":false,"date":"2026-05-04 09:04:45","action":"change-status","newStatus":"draft","terms":[],"taxonomy":"category","extraData":[]},"publishpress_future_workflow_manual_trigger":{"enabledWorkflows":[]},"_links":{"self":[{"href":"https:\/\/regiaonews.net.br\/2022\/wp-json\/wp\/v2\/posts\/99788","targetHints":{"allow":["GET"]}}],"collection":[{"href":"https:\/\/regiaonews.net.br\/2022\/wp-json\/wp\/v2\/posts"}],"about":[{"href":"https:\/\/regiaonews.net.br\/2022\/wp-json\/wp\/v2\/types\/post"}],"author":[{"embeddable":true,"href":"https:\/\/regiaonews.net.br\/2022\/wp-json\/wp\/v2\/users\/2"}],"replies":[{"embeddable":true,"href":"https:\/\/regiaonews.net.br\/2022\/wp-json\/wp\/v2\/comments?post=99788"}],"version-history":[{"count":1,"href":"https:\/\/regiaonews.net.br\/2022\/wp-json\/wp\/v2\/posts\/99788\/revisions"}],"predecessor-version":[{"id":99790,"href":"https:\/\/regiaonews.net.br\/2022\/wp-json\/wp\/v2\/posts\/99788\/revisions\/99790"}],"wp:featuredmedia":[{"embeddable":true,"href":"https:\/\/regiaonews.net.br\/2022\/wp-json\/wp\/v2\/media\/99789"}],"wp:attachment":[{"href":"https:\/\/regiaonews.net.br\/2022\/wp-json\/wp\/v2\/media?parent=99788"}],"wp:term":[{"taxonomy":"category","embeddable":true,"href":"https:\/\/regiaonews.net.br\/2022\/wp-json\/wp\/v2\/categories?post=99788"},{"taxonomy":"post_tag","embeddable":true,"href":"https:\/\/regiaonews.net.br\/2022\/wp-json\/wp\/v2\/tags?post=99788"}],"curies":[{"name":"wp","href":"https:\/\/api.w.org\/{rel}","templated":true}]}}