{"id":99781,"date":"2024-01-02T21:57:33","date_gmt":"2024-01-03T00:57:33","guid":{"rendered":"https:\/\/regiaonews.net.br\/2022\/?p=99781"},"modified":"2024-01-02T21:57:33","modified_gmt":"2024-01-03T00:57:33","slug":"augusto-melo-e-empossado-no-parque-sao-jorge-como-presidente-do-corinthians","status":"publish","type":"post","link":"https:\/\/regiaonews.net.br\/2022\/2024\/01\/02\/augusto-melo-e-empossado-no-parque-sao-jorge-como-presidente-do-corinthians\/","title":{"rendered":"Augusto Melo \u00e9 empossado no Parque S\u00e3o Jorge como presidente do Corinthians"},"content":{"rendered":"<p><a href=\"https:\/\/regiaonews.net.br\/2022\/wp-content\/uploads\/2024\/01\/tres-jogadores-estao-chegando-ao-parque-sao-sh.jpg\"><img loading=\"lazy\" decoding=\"async\" class=\"alignnone size-medium wp-image-99782\" src=\"https:\/\/regiaonews.net.br\/2022\/wp-content\/uploads\/2024\/01\/tres-jogadores-estao-chegando-ao-parque-sao-sh-300x225.jpg\" alt=\"\" width=\"300\" height=\"225\" srcset=\"https:\/\/regiaonews.net.br\/2022\/wp-content\/uploads\/2024\/01\/tres-jogadores-estao-chegando-ao-parque-sao-sh-300x225.jpg 300w, https:\/\/regiaonews.net.br\/2022\/wp-content\/uploads\/2024\/01\/tres-jogadores-estao-chegando-ao-parque-sao-sh-250x187.jpg 250w, https:\/\/regiaonews.net.br\/2022\/wp-content\/uploads\/2024\/01\/tres-jogadores-estao-chegando-ao-parque-sao-sh-200x150.jpg 200w, https:\/\/regiaonews.net.br\/2022\/wp-content\/uploads\/2024\/01\/tres-jogadores-estao-chegando-ao-parque-sao-sh.jpg 614w\" sizes=\"auto, (max-width: 300px) 100vw, 300px\" \/><\/a><\/p>\n<p>Foto: Gustavo Lima \/ Meu Tim\u00e3o<\/p>\n<p>Na tarde desta ter\u00e7a-feira, Augusto Melo assumiu oficialmente a presid\u00eancia do em cerim\u00f4nia no Vencedor das elei\u00e7\u00f5es realizadas no dia 25 de novembro, ele foi empossado no cargo na companhia dos vice-presidentes, Osmar St\u00e1bile e Armando Mendon\u00e7a, e Ademir Carvalho, do Conselho Deliberativo.<\/p>\n<p>&#8220;\u00c9 uma honra, uma satisfa\u00e7\u00e3o enorme poder representar mais de 35 milh\u00f5es de torcedores apaixonados. Obrigado a todos, autoridades, amigos fam\u00edlia. Fiel Torcida, na qual eu me incluo, estar aqui hoje, como novo presidente do Corinthians, n\u00e3o \u00e9 apenas um privil\u00e9gio, \u00e9 uma, grande responsabilidade. Acima de tudo, \u00e9 a realiza\u00e7\u00e3o de um sonho&#8221;, proferiu Augusto na cerim\u00f4nia.<\/p>\n<p>Augusto d\u00e1 a primeira entrevista coletiva como presidente nesta ter\u00e7a-feira, logo ap\u00f3s ser diplomado no cargo. O mandat\u00e1rio deve confirmar os membros da nova diretoria corinthiana &#8211; 11 lacunas estavam abertas. O presidente j\u00e1 havia anunciado alguns nomes, casos de Rozallah Santoro (financeiro), S\u00e9rgio Moura (marketing), Rub\u00e3o (diretor de futebol) e do ex-zagueiro (transi\u00e7\u00e3o entre base e profissional). Al\u00e9m disso, \u00e9 aguardada uma poss\u00edvel chegada do executivo de futebol.<\/p>\n<p>&#8220;\u00c9 imposs\u00edvel entender o que sentimos por esse clube. Somos um bando de loucos, loucos por esse clube, loucos por ti, Corinthians. Gostaria de agradecer a cada um de voc\u00eas, que contribuiu para que esse sonho se tornasse realidade&#8221;, complementou o novo presidente do Corinthians.<\/p>\n<p>Aos 59 anos, Augusto Melo ocupar\u00e1 o cargo m\u00e1ximo do Tim\u00e3o pela primeira vez &#8211; o 32\u00ba na hist\u00f3ria do Tim\u00e3o -, apesar de j\u00e1 ter trabalhado como assessor das entre 2015 e 2016. Ele comandar\u00e1 o Corinthians de 2024 at\u00e9 2026, ap\u00f3s derrotar nas elei\u00e7\u00f5es e tirar a sequ\u00eancia de 16 anos no poder do grupo Renova\u00e7\u00e3o &amp; Transpar\u00eancia. S\u00f3cio do Corinthians h\u00e1 40 anos e empres\u00e1rio do ramo t\u00eaxtil<\/p>\n<p>Mesmo sem estar no cargo, a diretoria liderada pelo empres\u00e1rio j\u00e1 encaminhou a contrata\u00e7\u00e3o de ao menos cinco refor\u00e7os: o zagueiro F\u00e9lix Torres; os laterais Hugo e Diego Pal\u00e1cios; o volante Raniele; e o meia Rodrigo Garro. A expectativa \u00e9 que sejam divulgadas novas informa\u00e7\u00f5es sobre o acordo com cada<\/p>\n","protected":false},"excerpt":{"rendered":"<p>Foto: Gustavo Lima \/ Meu Tim\u00e3o Na tarde desta ter\u00e7a-feira,<\/p>\n","protected":false},"author":2,"featured_media":99782,"comment_status":"open","ping_status":"open","sticky":false,"template":"","format":"standard","meta":{"footnotes":""},"categories":[1],"tags":[],"class_list":["post-99781","post","type-post","status-publish","format-standard","has-post-thumbnail","hentry","category-indefinido"],"yoast_head":"<!-- This site is optimized with the Yoast SEO plugin v27.4 - https:\/\/yoast.com\/product\/yoast-seo-wordpress\/ -->\n<title>Augusto Melo \u00e9 empossado no Parque S\u00e3o Jorge como presidente do Corinthians - Regi\u00e3o News<\/title>\n<meta name=\"robots\" content=\"index, follow, max-snippet:-1, max-image-preview:large, max-video-preview:-1\" \/>\n<link rel=\"canonical\" href=\"https:\/\/regiaonews.net.br\/2022\/2024\/01\/02\/augusto-melo-e-empossado-no-parque-sao-jorge-como-presidente-do-corinthians\/\" \/>\n<meta property=\"og:locale\" content=\"pt_BR\" \/>\n<meta property=\"og:type\" content=\"article\" \/>\n<meta property=\"og:title\" content=\"Augusto Melo \u00e9 empossado no Parque S\u00e3o Jorge como presidente do Corinthians - Regi\u00e3o News\" \/>\n<meta property=\"og:description\" content=\"Foto: Gustavo Lima \/ Meu Tim\u00e3o Na tarde desta ter\u00e7a-feira,\" \/>\n<meta property=\"og:url\" content=\"https:\/\/regiaonews.net.br\/2022\/2024\/01\/02\/augusto-melo-e-empossado-no-parque-sao-jorge-como-presidente-do-corinthians\/\" \/>\n<meta property=\"og:site_name\" content=\"Regi\u00e3o News\" \/>\n<meta property=\"article:published_time\" content=\"2024-01-03T00:57:33+00:00\" \/>\n<meta property=\"og:image\" content=\"https:\/\/regiaonews.net.br\/2022\/wp-content\/uploads\/2024\/01\/tres-jogadores-estao-chegando-ao-parque-sao-sh.jpg\" \/>\n\t<meta property=\"og:image:width\" content=\"614\" \/>\n\t<meta property=\"og:image:height\" content=\"460\" \/>\n\t<meta property=\"og:image:type\" content=\"image\/jpeg\" \/>\n<meta name=\"author\" content=\"Roberto\" \/>\n<meta name=\"twitter:card\" content=\"summary_large_image\" \/>\n<meta name=\"twitter:label1\" content=\"Escrito por\" \/>\n\t<meta name=\"twitter:data1\" content=\"Roberto\" \/>\n\t<meta name=\"twitter:label2\" content=\"Est. tempo de leitura\" \/>\n\t<meta name=\"twitter:data2\" content=\"3 minutos\" \/>\n<script type=\"application\/ld+json\" class=\"yoast-schema-graph\">{\"@context\":\"https:\\\/\\\/schema.org\",\"@graph\":[{\"@type\":\"Article\",\"@id\":\"https:\\\/\\\/regiaonews.net.br\\\/2022\\\/2024\\\/01\\\/02\\\/augusto-melo-e-empossado-no-parque-sao-jorge-como-presidente-do-corinthians\\\/#article\",\"isPartOf\":{\"@id\":\"https:\\\/\\\/regiaonews.net.br\\\/2022\\\/2024\\\/01\\\/02\\\/augusto-melo-e-empossado-no-parque-sao-jorge-como-presidente-do-corinthians\\\/\"},\"author\":{\"name\":\"Roberto\",\"@id\":\"https:\\\/\\\/regiaonews.net.br\\\/2022\\\/#\\\/schema\\\/person\\\/2d205a608a5aa97ac279d7a5e6d89ad8\"},\"headline\":\"Augusto Melo \u00e9 empossado no Parque S\u00e3o Jorge como presidente do Corinthians\",\"datePublished\":\"2024-01-03T00:57:33+00:00\",\"mainEntityOfPage\":{\"@id\":\"https:\\\/\\\/regiaonews.net.br\\\/2022\\\/2024\\\/01\\\/02\\\/augusto-melo-e-empossado-no-parque-sao-jorge-como-presidente-do-corinthians\\\/\"},\"wordCount\":377,\"commentCount\":0,\"publisher\":{\"@id\":\"https:\\\/\\\/regiaonews.net.br\\\/2022\\\/#organization\"},\"image\":{\"@id\":\"https:\\\/\\\/regiaonews.net.br\\\/2022\\\/2024\\\/01\\\/02\\\/augusto-melo-e-empossado-no-parque-sao-jorge-como-presidente-do-corinthians\\\/#primaryimage\"},\"thumbnailUrl\":\"https:\\\/\\\/regiaonews.net.br\\\/2022\\\/wp-content\\\/uploads\\\/2024\\\/01\\\/tres-jogadores-estao-chegando-ao-parque-sao-sh.jpg\",\"articleSection\":[\"Indefinido\"],\"inLanguage\":\"pt-BR\",\"potentialAction\":[{\"@type\":\"CommentAction\",\"name\":\"Comment\",\"target\":[\"https:\\\/\\\/regiaonews.net.br\\\/2022\\\/2024\\\/01\\\/02\\\/augusto-melo-e-empossado-no-parque-sao-jorge-como-presidente-do-corinthians\\\/#respond\"]}]},{\"@type\":\"WebPage\",\"@id\":\"https:\\\/\\\/regiaonews.net.br\\\/2022\\\/2024\\\/01\\\/02\\\/augusto-melo-e-empossado-no-parque-sao-jorge-como-presidente-do-corinthians\\\/\",\"url\":\"https:\\\/\\\/regiaonews.net.br\\\/2022\\\/2024\\\/01\\\/02\\\/augusto-melo-e-empossado-no-parque-sao-jorge-como-presidente-do-corinthians\\\/\",\"name\":\"Augusto Melo \u00e9 empossado no Parque S\u00e3o Jorge como presidente do Corinthians - Regi\u00e3o News\",\"isPartOf\":{\"@id\":\"https:\\\/\\\/regiaonews.net.br\\\/2022\\\/#website\"},\"primaryImageOfPage\":{\"@id\":\"https:\\\/\\\/regiaonews.net.br\\\/2022\\\/2024\\\/01\\\/02\\\/augusto-melo-e-empossado-no-parque-sao-jorge-como-presidente-do-corinthians\\\/#primaryimage\"},\"image\":{\"@id\":\"https:\\\/\\\/regiaonews.net.br\\\/2022\\\/2024\\\/01\\\/02\\\/augusto-melo-e-empossado-no-parque-sao-jorge-como-presidente-do-corinthians\\\/#primaryimage\"},\"thumbnailUrl\":\"https:\\\/\\\/regiaonews.net.br\\\/2022\\\/wp-content\\\/uploads\\\/2024\\\/01\\\/tres-jogadores-estao-chegando-ao-parque-sao-sh.jpg\",\"datePublished\":\"2024-01-03T00:57:33+00:00\",\"breadcrumb\":{\"@id\":\"https:\\\/\\\/regiaonews.net.br\\\/2022\\\/2024\\\/01\\\/02\\\/augusto-melo-e-empossado-no-parque-sao-jorge-como-presidente-do-corinthians\\\/#breadcrumb\"},\"inLanguage\":\"pt-BR\",\"potentialAction\":[{\"@type\":\"ReadAction\",\"target\":[\"https:\\\/\\\/regiaonews.net.br\\\/2022\\\/2024\\\/01\\\/02\\\/augusto-melo-e-empossado-no-parque-sao-jorge-como-presidente-do-corinthians\\\/\"]}]},{\"@type\":\"ImageObject\",\"inLanguage\":\"pt-BR\",\"@id\":\"https:\\\/\\\/regiaonews.net.br\\\/2022\\\/2024\\\/01\\\/02\\\/augusto-melo-e-empossado-no-parque-sao-jorge-como-presidente-do-corinthians\\\/#primaryimage\",\"url\":\"https:\\\/\\\/regiaonews.net.br\\\/2022\\\/wp-content\\\/uploads\\\/2024\\\/01\\\/tres-jogadores-estao-chegando-ao-parque-sao-sh.jpg\",\"contentUrl\":\"https:\\\/\\\/regiaonews.net.br\\\/2022\\\/wp-content\\\/uploads\\\/2024\\\/01\\\/tres-jogadores-estao-chegando-ao-parque-sao-sh.jpg\",\"width\":614,\"height\":460},{\"@type\":\"BreadcrumbList\",\"@id\":\"https:\\\/\\\/regiaonews.net.br\\\/2022\\\/2024\\\/01\\\/02\\\/augusto-melo-e-empossado-no-parque-sao-jorge-como-presidente-do-corinthians\\\/#breadcrumb\",\"itemListElement\":[{\"@type\":\"ListItem\",\"position\":1,\"name\":\"In\u00edcio\",\"item\":\"https:\\\/\\\/regiaonews.net.br\\\/2022\\\/\"},{\"@type\":\"ListItem\",\"position\":2,\"name\":\"Augusto Melo \u00e9 empossado no Parque S\u00e3o Jorge como presidente do Corinthians\"}]},{\"@type\":\"WebSite\",\"@id\":\"https:\\\/\\\/regiaonews.net.br\\\/2022\\\/#website\",\"url\":\"https:\\\/\\\/regiaonews.net.br\\\/2022\\\/\",\"name\":\"Regi\u00e3o News\",\"description\":\"Site de Not\u00edcias de Barretos e regi\u00e3o\",\"publisher\":{\"@id\":\"https:\\\/\\\/regiaonews.net.br\\\/2022\\\/#organization\"},\"potentialAction\":[{\"@type\":\"SearchAction\",\"target\":{\"@type\":\"EntryPoint\",\"urlTemplate\":\"https:\\\/\\\/regiaonews.net.br\\\/2022\\\/?s={search_term_string}\"},\"query-input\":{\"@type\":\"PropertyValueSpecification\",\"valueRequired\":true,\"valueName\":\"search_term_string\"}}],\"inLanguage\":\"pt-BR\"},{\"@type\":\"Organization\",\"@id\":\"https:\\\/\\\/regiaonews.net.br\\\/2022\\\/#organization\",\"name\":\"Regi\u00e3o News\",\"url\":\"https:\\\/\\\/regiaonews.net.br\\\/2022\\\/\",\"logo\":{\"@type\":\"ImageObject\",\"inLanguage\":\"pt-BR\",\"@id\":\"https:\\\/\\\/regiaonews.net.br\\\/2022\\\/#\\\/schema\\\/logo\\\/image\\\/\",\"url\":\"https:\\\/\\\/regiaonews.net.br\\\/2022\\\/wp-content\\\/uploads\\\/2026\\\/03\\\/regiao-13-anos-scaled.jpg\",\"contentUrl\":\"https:\\\/\\\/regiaonews.net.br\\\/2022\\\/wp-content\\\/uploads\\\/2026\\\/03\\\/regiao-13-anos-scaled.jpg\",\"width\":2560,\"height\":635,\"caption\":\"Regi\u00e3o News\"},\"image\":{\"@id\":\"https:\\\/\\\/regiaonews.net.br\\\/2022\\\/#\\\/schema\\\/logo\\\/image\\\/\"}},{\"@type\":\"Person\",\"@id\":\"https:\\\/\\\/regiaonews.net.br\\\/2022\\\/#\\\/schema\\\/person\\\/2d205a608a5aa97ac279d7a5e6d89ad8\",\"name\":\"Roberto\",\"image\":{\"@type\":\"ImageObject\",\"inLanguage\":\"pt-BR\",\"@id\":\"https:\\\/\\\/secure.gravatar.com\\\/avatar\\\/42749d8b712ff9d59ca93dc150494e5b55a44134482993f5baeb97e61b7ecc89?s=96&d=mm&r=g\",\"url\":\"https:\\\/\\\/secure.gravatar.com\\\/avatar\\\/42749d8b712ff9d59ca93dc150494e5b55a44134482993f5baeb97e61b7ecc89?s=96&d=mm&r=g\",\"contentUrl\":\"https:\\\/\\\/secure.gravatar.com\\\/avatar\\\/42749d8b712ff9d59ca93dc150494e5b55a44134482993f5baeb97e61b7ecc89?s=96&d=mm&r=g\",\"caption\":\"Roberto\"},\"url\":\"https:\\\/\\\/regiaonews.net.br\\\/2022\\\/author\\\/roberto\\\/\"}]}<\/script>\n<!-- \/ Yoast SEO plugin. -->","yoast_head_json":{"title":"Augusto Melo \u00e9 empossado no Parque S\u00e3o Jorge como presidente do Corinthians - Regi\u00e3o News","robots":{"index":"index","follow":"follow","max-snippet":"max-snippet:-1","max-image-preview":"max-image-preview:large","max-video-preview":"max-video-preview:-1"},"canonical":"https:\/\/regiaonews.net.br\/2022\/2024\/01\/02\/augusto-melo-e-empossado-no-parque-sao-jorge-como-presidente-do-corinthians\/","og_locale":"pt_BR","og_type":"article","og_title":"Augusto Melo \u00e9 empossado no Parque S\u00e3o Jorge como presidente do Corinthians - Regi\u00e3o News","og_description":"Foto: Gustavo Lima \/ Meu Tim\u00e3o Na tarde desta ter\u00e7a-feira,","og_url":"https:\/\/regiaonews.net.br\/2022\/2024\/01\/02\/augusto-melo-e-empossado-no-parque-sao-jorge-como-presidente-do-corinthians\/","og_site_name":"Regi\u00e3o News","article_published_time":"2024-01-03T00:57:33+00:00","og_image":[{"width":614,"height":460,"url":"https:\/\/regiaonews.net.br\/2022\/wp-content\/uploads\/2024\/01\/tres-jogadores-estao-chegando-ao-parque-sao-sh.jpg","type":"image\/jpeg"}],"author":"Roberto","twitter_card":"summary_large_image","twitter_misc":{"Escrito por":"Roberto","Est. tempo de leitura":"3 minutos"},"schema":{"@context":"https:\/\/schema.org","@graph":[{"@type":"Article","@id":"https:\/\/regiaonews.net.br\/2022\/2024\/01\/02\/augusto-melo-e-empossado-no-parque-sao-jorge-como-presidente-do-corinthians\/#article","isPartOf":{"@id":"https:\/\/regiaonews.net.br\/2022\/2024\/01\/02\/augusto-melo-e-empossado-no-parque-sao-jorge-como-presidente-do-corinthians\/"},"author":{"name":"Roberto","@id":"https:\/\/regiaonews.net.br\/2022\/#\/schema\/person\/2d205a608a5aa97ac279d7a5e6d89ad8"},"headline":"Augusto Melo \u00e9 empossado no Parque S\u00e3o Jorge como presidente do Corinthians","datePublished":"2024-01-03T00:57:33+00:00","mainEntityOfPage":{"@id":"https:\/\/regiaonews.net.br\/2022\/2024\/01\/02\/augusto-melo-e-empossado-no-parque-sao-jorge-como-presidente-do-corinthians\/"},"wordCount":377,"commentCount":0,"publisher":{"@id":"https:\/\/regiaonews.net.br\/2022\/#organization"},"image":{"@id":"https:\/\/regiaonews.net.br\/2022\/2024\/01\/02\/augusto-melo-e-empossado-no-parque-sao-jorge-como-presidente-do-corinthians\/#primaryimage"},"thumbnailUrl":"https:\/\/regiaonews.net.br\/2022\/wp-content\/uploads\/2024\/01\/tres-jogadores-estao-chegando-ao-parque-sao-sh.jpg","articleSection":["Indefinido"],"inLanguage":"pt-BR","potentialAction":[{"@type":"CommentAction","name":"Comment","target":["https:\/\/regiaonews.net.br\/2022\/2024\/01\/02\/augusto-melo-e-empossado-no-parque-sao-jorge-como-presidente-do-corinthians\/#respond"]}]},{"@type":"WebPage","@id":"https:\/\/regiaonews.net.br\/2022\/2024\/01\/02\/augusto-melo-e-empossado-no-parque-sao-jorge-como-presidente-do-corinthians\/","url":"https:\/\/regiaonews.net.br\/2022\/2024\/01\/02\/augusto-melo-e-empossado-no-parque-sao-jorge-como-presidente-do-corinthians\/","name":"Augusto Melo \u00e9 empossado no Parque S\u00e3o Jorge como presidente do Corinthians - Regi\u00e3o News","isPartOf":{"@id":"https:\/\/regiaonews.net.br\/2022\/#website"},"primaryImageOfPage":{"@id":"https:\/\/regiaonews.net.br\/2022\/2024\/01\/02\/augusto-melo-e-empossado-no-parque-sao-jorge-como-presidente-do-corinthians\/#primaryimage"},"image":{"@id":"https:\/\/regiaonews.net.br\/2022\/2024\/01\/02\/augusto-melo-e-empossado-no-parque-sao-jorge-como-presidente-do-corinthians\/#primaryimage"},"thumbnailUrl":"https:\/\/regiaonews.net.br\/2022\/wp-content\/uploads\/2024\/01\/tres-jogadores-estao-chegando-ao-parque-sao-sh.jpg","datePublished":"2024-01-03T00:57:33+00:00","breadcrumb":{"@id":"https:\/\/regiaonews.net.br\/2022\/2024\/01\/02\/augusto-melo-e-empossado-no-parque-sao-jorge-como-presidente-do-corinthians\/#breadcrumb"},"inLanguage":"pt-BR","potentialAction":[{"@type":"ReadAction","target":["https:\/\/regiaonews.net.br\/2022\/2024\/01\/02\/augusto-melo-e-empossado-no-parque-sao-jorge-como-presidente-do-corinthians\/"]}]},{"@type":"ImageObject","inLanguage":"pt-BR","@id":"https:\/\/regiaonews.net.br\/2022\/2024\/01\/02\/augusto-melo-e-empossado-no-parque-sao-jorge-como-presidente-do-corinthians\/#primaryimage","url":"https:\/\/regiaonews.net.br\/2022\/wp-content\/uploads\/2024\/01\/tres-jogadores-estao-chegando-ao-parque-sao-sh.jpg","contentUrl":"https:\/\/regiaonews.net.br\/2022\/wp-content\/uploads\/2024\/01\/tres-jogadores-estao-chegando-ao-parque-sao-sh.jpg","width":614,"height":460},{"@type":"BreadcrumbList","@id":"https:\/\/regiaonews.net.br\/2022\/2024\/01\/02\/augusto-melo-e-empossado-no-parque-sao-jorge-como-presidente-do-corinthians\/#breadcrumb","itemListElement":[{"@type":"ListItem","position":1,"name":"In\u00edcio","item":"https:\/\/regiaonews.net.br\/2022\/"},{"@type":"ListItem","position":2,"name":"Augusto Melo \u00e9 empossado no Parque S\u00e3o Jorge como presidente do Corinthians"}]},{"@type":"WebSite","@id":"https:\/\/regiaonews.net.br\/2022\/#website","url":"https:\/\/regiaonews.net.br\/2022\/","name":"Regi\u00e3o News","description":"Site de Not\u00edcias de Barretos e regi\u00e3o","publisher":{"@id":"https:\/\/regiaonews.net.br\/2022\/#organization"},"potentialAction":[{"@type":"SearchAction","target":{"@type":"EntryPoint","urlTemplate":"https:\/\/regiaonews.net.br\/2022\/?s={search_term_string}"},"query-input":{"@type":"PropertyValueSpecification","valueRequired":true,"valueName":"search_term_string"}}],"inLanguage":"pt-BR"},{"@type":"Organization","@id":"https:\/\/regiaonews.net.br\/2022\/#organization","name":"Regi\u00e3o News","url":"https:\/\/regiaonews.net.br\/2022\/","logo":{"@type":"ImageObject","inLanguage":"pt-BR","@id":"https:\/\/regiaonews.net.br\/2022\/#\/schema\/logo\/image\/","url":"https:\/\/regiaonews.net.br\/2022\/wp-content\/uploads\/2026\/03\/regiao-13-anos-scaled.jpg","contentUrl":"https:\/\/regiaonews.net.br\/2022\/wp-content\/uploads\/2026\/03\/regiao-13-anos-scaled.jpg","width":2560,"height":635,"caption":"Regi\u00e3o News"},"image":{"@id":"https:\/\/regiaonews.net.br\/2022\/#\/schema\/logo\/image\/"}},{"@type":"Person","@id":"https:\/\/regiaonews.net.br\/2022\/#\/schema\/person\/2d205a608a5aa97ac279d7a5e6d89ad8","name":"Roberto","image":{"@type":"ImageObject","inLanguage":"pt-BR","@id":"https:\/\/secure.gravatar.com\/avatar\/42749d8b712ff9d59ca93dc150494e5b55a44134482993f5baeb97e61b7ecc89?s=96&d=mm&r=g","url":"https:\/\/secure.gravatar.com\/avatar\/42749d8b712ff9d59ca93dc150494e5b55a44134482993f5baeb97e61b7ecc89?s=96&d=mm&r=g","contentUrl":"https:\/\/secure.gravatar.com\/avatar\/42749d8b712ff9d59ca93dc150494e5b55a44134482993f5baeb97e61b7ecc89?s=96&d=mm&r=g","caption":"Roberto"},"url":"https:\/\/regiaonews.net.br\/2022\/author\/roberto\/"}]}},"publishpress_future_action":{"enabled":false,"date":"2026-05-04 04:34:22","action":"change-status","newStatus":"draft","terms":[],"taxonomy":"category","extraData":[]},"publishpress_future_workflow_manual_trigger":{"enabledWorkflows":[]},"_links":{"self":[{"href":"https:\/\/regiaonews.net.br\/2022\/wp-json\/wp\/v2\/posts\/99781","targetHints":{"allow":["GET"]}}],"collection":[{"href":"https:\/\/regiaonews.net.br\/2022\/wp-json\/wp\/v2\/posts"}],"about":[{"href":"https:\/\/regiaonews.net.br\/2022\/wp-json\/wp\/v2\/types\/post"}],"author":[{"embeddable":true,"href":"https:\/\/regiaonews.net.br\/2022\/wp-json\/wp\/v2\/users\/2"}],"replies":[{"embeddable":true,"href":"https:\/\/regiaonews.net.br\/2022\/wp-json\/wp\/v2\/comments?post=99781"}],"version-history":[{"count":1,"href":"https:\/\/regiaonews.net.br\/2022\/wp-json\/wp\/v2\/posts\/99781\/revisions"}],"predecessor-version":[{"id":99783,"href":"https:\/\/regiaonews.net.br\/2022\/wp-json\/wp\/v2\/posts\/99781\/revisions\/99783"}],"wp:featuredmedia":[{"embeddable":true,"href":"https:\/\/regiaonews.net.br\/2022\/wp-json\/wp\/v2\/media\/99782"}],"wp:attachment":[{"href":"https:\/\/regiaonews.net.br\/2022\/wp-json\/wp\/v2\/media?parent=99781"}],"wp:term":[{"taxonomy":"category","embeddable":true,"href":"https:\/\/regiaonews.net.br\/2022\/wp-json\/wp\/v2\/categories?post=99781"},{"taxonomy":"post_tag","embeddable":true,"href":"https:\/\/regiaonews.net.br\/2022\/wp-json\/wp\/v2\/tags?post=99781"}],"curies":[{"name":"wp","href":"https:\/\/api.w.org\/{rel}","templated":true}]}}