{"id":99770,"date":"2024-01-02T21:25:42","date_gmt":"2024-01-03T00:25:42","guid":{"rendered":"https:\/\/regiaonews.net.br\/2022\/?p=99770"},"modified":"2024-01-02T21:25:42","modified_gmt":"2024-01-03T00:25:42","slug":"dupla-de-cacadores-e-localizada-no-distrito-de-laranjeiras","status":"publish","type":"post","link":"https:\/\/regiaonews.net.br\/2022\/2024\/01\/02\/dupla-de-cacadores-e-localizada-no-distrito-de-laranjeiras\/","title":{"rendered":"Dupla de ca\u00e7adores \u00e9 localizada no Distrito de Laranjeiras"},"content":{"rendered":"<p>Durante patrulhamento ambiental, com vistas a pesca e ca\u00e7a irregular, a equipe da Pol\u00edcia Ambiental observou rastros de pneu de moto e pegadas de animais, que caracterizava. uma poss\u00edvel ca\u00e7a em andamento, na estrada de terra que liga o munic\u00edpio de Col\u00f4mbia ao Distrito de Laranjeiras.<br \/>\nOs policiais ambientais avistaram\u00a0 nos fundos da &#8220;Sabesp&#8221; que interliga com os fundos de uma resid\u00eancia, avistamos tr\u00eas indiv\u00edduos portando v\u00e1rios armamentos, sendo que de imediato o cabo Diogo deteve\u00a0 2 dos acusados, por\u00e9m um terceiro indiv\u00edduo empreendeu fuga.<br \/>\nCom os indiv\u00edduos A.S.C. e A.S.C. foram\u00a0 localizadas 2 armamentos sendo 1 espingarda gauge 12 modelo pump military 3.0 de uso permitido e 01 calibre 22lr semi-auto modelo 7022 de uso restrito (de acordo com decreto 11.615\/23).<br \/>\nA.S.C apresentou os devidos documentos da espingarda Calibre 12, por\u00e9m seu irm\u00e3o A.S.C. n\u00e3o possui nenhum registro de armas ou autoriza\u00e7\u00e3o para ca\u00e7a e estava portanto a carabina 22lr semi-auto de uso restrito.<br \/>\nPosteriormente,\u00a0 chegou o propriet\u00e1rio da carabina 22 lr, que possui a documenta\u00e7\u00e3o do armamento, um homem identificado como D.D.R.M. que n\u00e3o estava junto de seu armamento durante o in\u00edcio da abordagem.<br \/>\nDiante dos fatos,\u00a0 os policiais conduziram\u00a0 os indiv\u00edduos, armamentos e muni\u00e7\u00f5es juntamente com a viatura I-33404 a Seccional de Barretos, onde ficaram a disposi\u00e7\u00e3o do Delegado de Plant\u00e3o.<br \/>\nDiante dos fatos os respons\u00e1veis foram notificados conforme o AIA&#8217;s \u201cAuto de Infra\u00e7\u00e3o Ambiental\u201d com a penalidade de multa no valor de R$ 500,00 cada, por incorrerem no disposto do artigo 25 da Resolu\u00e7\u00e3o SIMA 05\/2021.<br \/>\nPenalmente, em tese, os autores incorreram em crime capitulado no artigo 29 da Lei Federal n\u00ba 9605\/98 e artigo 16 da Lei 10.826\/03 Instatuto do Desarmamento.<\/p>\n<p><a href=\"https:\/\/regiaonews.net.br\/2022\/wp-content\/uploads\/2024\/01\/IMG-20240102-WA0095.jpg\"><img loading=\"lazy\" decoding=\"async\" class=\"alignnone size-medium wp-image-99771\" src=\"https:\/\/regiaonews.net.br\/2022\/wp-content\/uploads\/2024\/01\/IMG-20240102-WA0095-300x225.jpg\" alt=\"\" width=\"300\" height=\"225\" srcset=\"https:\/\/regiaonews.net.br\/2022\/wp-content\/uploads\/2024\/01\/IMG-20240102-WA0095-300x225.jpg 300w, https:\/\/regiaonews.net.br\/2022\/wp-content\/uploads\/2024\/01\/IMG-20240102-WA0095-1024x768.jpg 1024w, https:\/\/regiaonews.net.br\/2022\/wp-content\/uploads\/2024\/01\/IMG-20240102-WA0095-768x576.jpg 768w, https:\/\/regiaonews.net.br\/2022\/wp-content\/uploads\/2024\/01\/IMG-20240102-WA0095-1536x1152.jpg 1536w, https:\/\/regiaonews.net.br\/2022\/wp-content\/uploads\/2024\/01\/IMG-20240102-WA0095-250x188.jpg 250w, https:\/\/regiaonews.net.br\/2022\/wp-content\/uploads\/2024\/01\/IMG-20240102-WA0095-200x150.jpg 200w, https:\/\/regiaonews.net.br\/2022\/wp-content\/uploads\/2024\/01\/IMG-20240102-WA0095.jpg 1600w\" sizes=\"auto, (max-width: 300px) 100vw, 300px\" \/><\/a><\/p>\n","protected":false},"excerpt":{"rendered":"<p>Durante patrulhamento ambiental, com vistas a pesca e ca\u00e7a irregular,<\/p>\n","protected":false},"author":2,"featured_media":99772,"comment_status":"open","ping_status":"open","sticky":false,"template":"","format":"standard","meta":{"footnotes":""},"categories":[6,23],"tags":[],"class_list":["post-99770","post","type-post","status-publish","format-standard","has-post-thumbnail","hentry","category-colombia","category-policia"],"yoast_head":"<!-- This site is optimized with the Yoast SEO plugin v27.4 - https:\/\/yoast.com\/product\/yoast-seo-wordpress\/ -->\n<title>Dupla de ca\u00e7adores \u00e9 localizada no Distrito de Laranjeiras - Regi\u00e3o News<\/title>\n<meta name=\"robots\" content=\"index, follow, max-snippet:-1, max-image-preview:large, max-video-preview:-1\" \/>\n<link rel=\"canonical\" href=\"https:\/\/regiaonews.net.br\/2022\/2024\/01\/02\/dupla-de-cacadores-e-localizada-no-distrito-de-laranjeiras\/\" \/>\n<meta property=\"og:locale\" content=\"pt_BR\" \/>\n<meta property=\"og:type\" content=\"article\" \/>\n<meta property=\"og:title\" content=\"Dupla de ca\u00e7adores \u00e9 localizada no Distrito de Laranjeiras - Regi\u00e3o News\" \/>\n<meta property=\"og:description\" content=\"Durante patrulhamento ambiental, com vistas a pesca e ca\u00e7a irregular,\" \/>\n<meta property=\"og:url\" content=\"https:\/\/regiaonews.net.br\/2022\/2024\/01\/02\/dupla-de-cacadores-e-localizada-no-distrito-de-laranjeiras\/\" \/>\n<meta property=\"og:site_name\" content=\"Regi\u00e3o News\" \/>\n<meta property=\"article:published_time\" content=\"2024-01-03T00:25:42+00:00\" \/>\n<meta property=\"og:image\" content=\"https:\/\/regiaonews.net.br\/2022\/wp-content\/uploads\/2024\/01\/IMG-20240102-WA0097.jpg\" \/>\n\t<meta property=\"og:image:width\" content=\"1274\" \/>\n\t<meta property=\"og:image:height\" content=\"1325\" \/>\n\t<meta property=\"og:image:type\" content=\"image\/jpeg\" \/>\n<meta name=\"author\" content=\"Roberto\" \/>\n<meta name=\"twitter:card\" content=\"summary_large_image\" \/>\n<meta name=\"twitter:label1\" content=\"Escrito por\" \/>\n\t<meta name=\"twitter:data1\" content=\"Roberto\" \/>\n\t<meta name=\"twitter:label2\" content=\"Est. tempo de leitura\" \/>\n\t<meta name=\"twitter:data2\" content=\"2 minutos\" \/>\n<script type=\"application\/ld+json\" class=\"yoast-schema-graph\">{\"@context\":\"https:\\\/\\\/schema.org\",\"@graph\":[{\"@type\":\"Article\",\"@id\":\"https:\\\/\\\/regiaonews.net.br\\\/2022\\\/2024\\\/01\\\/02\\\/dupla-de-cacadores-e-localizada-no-distrito-de-laranjeiras\\\/#article\",\"isPartOf\":{\"@id\":\"https:\\\/\\\/regiaonews.net.br\\\/2022\\\/2024\\\/01\\\/02\\\/dupla-de-cacadores-e-localizada-no-distrito-de-laranjeiras\\\/\"},\"author\":{\"name\":\"Roberto\",\"@id\":\"https:\\\/\\\/regiaonews.net.br\\\/2022\\\/#\\\/schema\\\/person\\\/2d205a608a5aa97ac279d7a5e6d89ad8\"},\"headline\":\"Dupla de ca\u00e7adores \u00e9 localizada no Distrito de Laranjeiras\",\"datePublished\":\"2024-01-03T00:25:42+00:00\",\"mainEntityOfPage\":{\"@id\":\"https:\\\/\\\/regiaonews.net.br\\\/2022\\\/2024\\\/01\\\/02\\\/dupla-de-cacadores-e-localizada-no-distrito-de-laranjeiras\\\/\"},\"wordCount\":309,\"commentCount\":0,\"publisher\":{\"@id\":\"https:\\\/\\\/regiaonews.net.br\\\/2022\\\/#organization\"},\"image\":{\"@id\":\"https:\\\/\\\/regiaonews.net.br\\\/2022\\\/2024\\\/01\\\/02\\\/dupla-de-cacadores-e-localizada-no-distrito-de-laranjeiras\\\/#primaryimage\"},\"thumbnailUrl\":\"https:\\\/\\\/regiaonews.net.br\\\/2022\\\/wp-content\\\/uploads\\\/2024\\\/01\\\/IMG-20240102-WA0097.jpg\",\"articleSection\":[\"Col\u00f4mbia\",\"Policia\"],\"inLanguage\":\"pt-BR\",\"potentialAction\":[{\"@type\":\"CommentAction\",\"name\":\"Comment\",\"target\":[\"https:\\\/\\\/regiaonews.net.br\\\/2022\\\/2024\\\/01\\\/02\\\/dupla-de-cacadores-e-localizada-no-distrito-de-laranjeiras\\\/#respond\"]}]},{\"@type\":\"WebPage\",\"@id\":\"https:\\\/\\\/regiaonews.net.br\\\/2022\\\/2024\\\/01\\\/02\\\/dupla-de-cacadores-e-localizada-no-distrito-de-laranjeiras\\\/\",\"url\":\"https:\\\/\\\/regiaonews.net.br\\\/2022\\\/2024\\\/01\\\/02\\\/dupla-de-cacadores-e-localizada-no-distrito-de-laranjeiras\\\/\",\"name\":\"Dupla de ca\u00e7adores \u00e9 localizada no Distrito de Laranjeiras - Regi\u00e3o News\",\"isPartOf\":{\"@id\":\"https:\\\/\\\/regiaonews.net.br\\\/2022\\\/#website\"},\"primaryImageOfPage\":{\"@id\":\"https:\\\/\\\/regiaonews.net.br\\\/2022\\\/2024\\\/01\\\/02\\\/dupla-de-cacadores-e-localizada-no-distrito-de-laranjeiras\\\/#primaryimage\"},\"image\":{\"@id\":\"https:\\\/\\\/regiaonews.net.br\\\/2022\\\/2024\\\/01\\\/02\\\/dupla-de-cacadores-e-localizada-no-distrito-de-laranjeiras\\\/#primaryimage\"},\"thumbnailUrl\":\"https:\\\/\\\/regiaonews.net.br\\\/2022\\\/wp-content\\\/uploads\\\/2024\\\/01\\\/IMG-20240102-WA0097.jpg\",\"datePublished\":\"2024-01-03T00:25:42+00:00\",\"breadcrumb\":{\"@id\":\"https:\\\/\\\/regiaonews.net.br\\\/2022\\\/2024\\\/01\\\/02\\\/dupla-de-cacadores-e-localizada-no-distrito-de-laranjeiras\\\/#breadcrumb\"},\"inLanguage\":\"pt-BR\",\"potentialAction\":[{\"@type\":\"ReadAction\",\"target\":[\"https:\\\/\\\/regiaonews.net.br\\\/2022\\\/2024\\\/01\\\/02\\\/dupla-de-cacadores-e-localizada-no-distrito-de-laranjeiras\\\/\"]}]},{\"@type\":\"ImageObject\",\"inLanguage\":\"pt-BR\",\"@id\":\"https:\\\/\\\/regiaonews.net.br\\\/2022\\\/2024\\\/01\\\/02\\\/dupla-de-cacadores-e-localizada-no-distrito-de-laranjeiras\\\/#primaryimage\",\"url\":\"https:\\\/\\\/regiaonews.net.br\\\/2022\\\/wp-content\\\/uploads\\\/2024\\\/01\\\/IMG-20240102-WA0097.jpg\",\"contentUrl\":\"https:\\\/\\\/regiaonews.net.br\\\/2022\\\/wp-content\\\/uploads\\\/2024\\\/01\\\/IMG-20240102-WA0097.jpg\",\"width\":1274,\"height\":1325},{\"@type\":\"BreadcrumbList\",\"@id\":\"https:\\\/\\\/regiaonews.net.br\\\/2022\\\/2024\\\/01\\\/02\\\/dupla-de-cacadores-e-localizada-no-distrito-de-laranjeiras\\\/#breadcrumb\",\"itemListElement\":[{\"@type\":\"ListItem\",\"position\":1,\"name\":\"In\u00edcio\",\"item\":\"https:\\\/\\\/regiaonews.net.br\\\/2022\\\/\"},{\"@type\":\"ListItem\",\"position\":2,\"name\":\"Dupla de ca\u00e7adores \u00e9 localizada no Distrito de Laranjeiras\"}]},{\"@type\":\"WebSite\",\"@id\":\"https:\\\/\\\/regiaonews.net.br\\\/2022\\\/#website\",\"url\":\"https:\\\/\\\/regiaonews.net.br\\\/2022\\\/\",\"name\":\"Regi\u00e3o News\",\"description\":\"Site de Not\u00edcias de Barretos e regi\u00e3o\",\"publisher\":{\"@id\":\"https:\\\/\\\/regiaonews.net.br\\\/2022\\\/#organization\"},\"potentialAction\":[{\"@type\":\"SearchAction\",\"target\":{\"@type\":\"EntryPoint\",\"urlTemplate\":\"https:\\\/\\\/regiaonews.net.br\\\/2022\\\/?s={search_term_string}\"},\"query-input\":{\"@type\":\"PropertyValueSpecification\",\"valueRequired\":true,\"valueName\":\"search_term_string\"}}],\"inLanguage\":\"pt-BR\"},{\"@type\":\"Organization\",\"@id\":\"https:\\\/\\\/regiaonews.net.br\\\/2022\\\/#organization\",\"name\":\"Regi\u00e3o News\",\"url\":\"https:\\\/\\\/regiaonews.net.br\\\/2022\\\/\",\"logo\":{\"@type\":\"ImageObject\",\"inLanguage\":\"pt-BR\",\"@id\":\"https:\\\/\\\/regiaonews.net.br\\\/2022\\\/#\\\/schema\\\/logo\\\/image\\\/\",\"url\":\"https:\\\/\\\/regiaonews.net.br\\\/2022\\\/wp-content\\\/uploads\\\/2026\\\/03\\\/regiao-13-anos-scaled.jpg\",\"contentUrl\":\"https:\\\/\\\/regiaonews.net.br\\\/2022\\\/wp-content\\\/uploads\\\/2026\\\/03\\\/regiao-13-anos-scaled.jpg\",\"width\":2560,\"height\":635,\"caption\":\"Regi\u00e3o News\"},\"image\":{\"@id\":\"https:\\\/\\\/regiaonews.net.br\\\/2022\\\/#\\\/schema\\\/logo\\\/image\\\/\"}},{\"@type\":\"Person\",\"@id\":\"https:\\\/\\\/regiaonews.net.br\\\/2022\\\/#\\\/schema\\\/person\\\/2d205a608a5aa97ac279d7a5e6d89ad8\",\"name\":\"Roberto\",\"image\":{\"@type\":\"ImageObject\",\"inLanguage\":\"pt-BR\",\"@id\":\"https:\\\/\\\/secure.gravatar.com\\\/avatar\\\/42749d8b712ff9d59ca93dc150494e5b55a44134482993f5baeb97e61b7ecc89?s=96&d=mm&r=g\",\"url\":\"https:\\\/\\\/secure.gravatar.com\\\/avatar\\\/42749d8b712ff9d59ca93dc150494e5b55a44134482993f5baeb97e61b7ecc89?s=96&d=mm&r=g\",\"contentUrl\":\"https:\\\/\\\/secure.gravatar.com\\\/avatar\\\/42749d8b712ff9d59ca93dc150494e5b55a44134482993f5baeb97e61b7ecc89?s=96&d=mm&r=g\",\"caption\":\"Roberto\"},\"url\":\"https:\\\/\\\/regiaonews.net.br\\\/2022\\\/author\\\/roberto\\\/\"}]}<\/script>\n<!-- \/ Yoast SEO plugin. -->","yoast_head_json":{"title":"Dupla de ca\u00e7adores \u00e9 localizada no Distrito de Laranjeiras - Regi\u00e3o News","robots":{"index":"index","follow":"follow","max-snippet":"max-snippet:-1","max-image-preview":"max-image-preview:large","max-video-preview":"max-video-preview:-1"},"canonical":"https:\/\/regiaonews.net.br\/2022\/2024\/01\/02\/dupla-de-cacadores-e-localizada-no-distrito-de-laranjeiras\/","og_locale":"pt_BR","og_type":"article","og_title":"Dupla de ca\u00e7adores \u00e9 localizada no Distrito de Laranjeiras - Regi\u00e3o News","og_description":"Durante patrulhamento ambiental, com vistas a pesca e ca\u00e7a irregular,","og_url":"https:\/\/regiaonews.net.br\/2022\/2024\/01\/02\/dupla-de-cacadores-e-localizada-no-distrito-de-laranjeiras\/","og_site_name":"Regi\u00e3o News","article_published_time":"2024-01-03T00:25:42+00:00","og_image":[{"width":1274,"height":1325,"url":"https:\/\/regiaonews.net.br\/2022\/wp-content\/uploads\/2024\/01\/IMG-20240102-WA0097.jpg","type":"image\/jpeg"}],"author":"Roberto","twitter_card":"summary_large_image","twitter_misc":{"Escrito por":"Roberto","Est. tempo de leitura":"2 minutos"},"schema":{"@context":"https:\/\/schema.org","@graph":[{"@type":"Article","@id":"https:\/\/regiaonews.net.br\/2022\/2024\/01\/02\/dupla-de-cacadores-e-localizada-no-distrito-de-laranjeiras\/#article","isPartOf":{"@id":"https:\/\/regiaonews.net.br\/2022\/2024\/01\/02\/dupla-de-cacadores-e-localizada-no-distrito-de-laranjeiras\/"},"author":{"name":"Roberto","@id":"https:\/\/regiaonews.net.br\/2022\/#\/schema\/person\/2d205a608a5aa97ac279d7a5e6d89ad8"},"headline":"Dupla de ca\u00e7adores \u00e9 localizada no Distrito de Laranjeiras","datePublished":"2024-01-03T00:25:42+00:00","mainEntityOfPage":{"@id":"https:\/\/regiaonews.net.br\/2022\/2024\/01\/02\/dupla-de-cacadores-e-localizada-no-distrito-de-laranjeiras\/"},"wordCount":309,"commentCount":0,"publisher":{"@id":"https:\/\/regiaonews.net.br\/2022\/#organization"},"image":{"@id":"https:\/\/regiaonews.net.br\/2022\/2024\/01\/02\/dupla-de-cacadores-e-localizada-no-distrito-de-laranjeiras\/#primaryimage"},"thumbnailUrl":"https:\/\/regiaonews.net.br\/2022\/wp-content\/uploads\/2024\/01\/IMG-20240102-WA0097.jpg","articleSection":["Col\u00f4mbia","Policia"],"inLanguage":"pt-BR","potentialAction":[{"@type":"CommentAction","name":"Comment","target":["https:\/\/regiaonews.net.br\/2022\/2024\/01\/02\/dupla-de-cacadores-e-localizada-no-distrito-de-laranjeiras\/#respond"]}]},{"@type":"WebPage","@id":"https:\/\/regiaonews.net.br\/2022\/2024\/01\/02\/dupla-de-cacadores-e-localizada-no-distrito-de-laranjeiras\/","url":"https:\/\/regiaonews.net.br\/2022\/2024\/01\/02\/dupla-de-cacadores-e-localizada-no-distrito-de-laranjeiras\/","name":"Dupla de ca\u00e7adores \u00e9 localizada no Distrito de Laranjeiras - Regi\u00e3o News","isPartOf":{"@id":"https:\/\/regiaonews.net.br\/2022\/#website"},"primaryImageOfPage":{"@id":"https:\/\/regiaonews.net.br\/2022\/2024\/01\/02\/dupla-de-cacadores-e-localizada-no-distrito-de-laranjeiras\/#primaryimage"},"image":{"@id":"https:\/\/regiaonews.net.br\/2022\/2024\/01\/02\/dupla-de-cacadores-e-localizada-no-distrito-de-laranjeiras\/#primaryimage"},"thumbnailUrl":"https:\/\/regiaonews.net.br\/2022\/wp-content\/uploads\/2024\/01\/IMG-20240102-WA0097.jpg","datePublished":"2024-01-03T00:25:42+00:00","breadcrumb":{"@id":"https:\/\/regiaonews.net.br\/2022\/2024\/01\/02\/dupla-de-cacadores-e-localizada-no-distrito-de-laranjeiras\/#breadcrumb"},"inLanguage":"pt-BR","potentialAction":[{"@type":"ReadAction","target":["https:\/\/regiaonews.net.br\/2022\/2024\/01\/02\/dupla-de-cacadores-e-localizada-no-distrito-de-laranjeiras\/"]}]},{"@type":"ImageObject","inLanguage":"pt-BR","@id":"https:\/\/regiaonews.net.br\/2022\/2024\/01\/02\/dupla-de-cacadores-e-localizada-no-distrito-de-laranjeiras\/#primaryimage","url":"https:\/\/regiaonews.net.br\/2022\/wp-content\/uploads\/2024\/01\/IMG-20240102-WA0097.jpg","contentUrl":"https:\/\/regiaonews.net.br\/2022\/wp-content\/uploads\/2024\/01\/IMG-20240102-WA0097.jpg","width":1274,"height":1325},{"@type":"BreadcrumbList","@id":"https:\/\/regiaonews.net.br\/2022\/2024\/01\/02\/dupla-de-cacadores-e-localizada-no-distrito-de-laranjeiras\/#breadcrumb","itemListElement":[{"@type":"ListItem","position":1,"name":"In\u00edcio","item":"https:\/\/regiaonews.net.br\/2022\/"},{"@type":"ListItem","position":2,"name":"Dupla de ca\u00e7adores \u00e9 localizada no Distrito de Laranjeiras"}]},{"@type":"WebSite","@id":"https:\/\/regiaonews.net.br\/2022\/#website","url":"https:\/\/regiaonews.net.br\/2022\/","name":"Regi\u00e3o News","description":"Site de Not\u00edcias de Barretos e regi\u00e3o","publisher":{"@id":"https:\/\/regiaonews.net.br\/2022\/#organization"},"potentialAction":[{"@type":"SearchAction","target":{"@type":"EntryPoint","urlTemplate":"https:\/\/regiaonews.net.br\/2022\/?s={search_term_string}"},"query-input":{"@type":"PropertyValueSpecification","valueRequired":true,"valueName":"search_term_string"}}],"inLanguage":"pt-BR"},{"@type":"Organization","@id":"https:\/\/regiaonews.net.br\/2022\/#organization","name":"Regi\u00e3o News","url":"https:\/\/regiaonews.net.br\/2022\/","logo":{"@type":"ImageObject","inLanguage":"pt-BR","@id":"https:\/\/regiaonews.net.br\/2022\/#\/schema\/logo\/image\/","url":"https:\/\/regiaonews.net.br\/2022\/wp-content\/uploads\/2026\/03\/regiao-13-anos-scaled.jpg","contentUrl":"https:\/\/regiaonews.net.br\/2022\/wp-content\/uploads\/2026\/03\/regiao-13-anos-scaled.jpg","width":2560,"height":635,"caption":"Regi\u00e3o News"},"image":{"@id":"https:\/\/regiaonews.net.br\/2022\/#\/schema\/logo\/image\/"}},{"@type":"Person","@id":"https:\/\/regiaonews.net.br\/2022\/#\/schema\/person\/2d205a608a5aa97ac279d7a5e6d89ad8","name":"Roberto","image":{"@type":"ImageObject","inLanguage":"pt-BR","@id":"https:\/\/secure.gravatar.com\/avatar\/42749d8b712ff9d59ca93dc150494e5b55a44134482993f5baeb97e61b7ecc89?s=96&d=mm&r=g","url":"https:\/\/secure.gravatar.com\/avatar\/42749d8b712ff9d59ca93dc150494e5b55a44134482993f5baeb97e61b7ecc89?s=96&d=mm&r=g","contentUrl":"https:\/\/secure.gravatar.com\/avatar\/42749d8b712ff9d59ca93dc150494e5b55a44134482993f5baeb97e61b7ecc89?s=96&d=mm&r=g","caption":"Roberto"},"url":"https:\/\/regiaonews.net.br\/2022\/author\/roberto\/"}]}},"publishpress_future_action":{"enabled":false,"date":"2026-05-04 04:20:01","action":"change-status","newStatus":"draft","terms":[],"taxonomy":"category","extraData":[]},"publishpress_future_workflow_manual_trigger":{"enabledWorkflows":[]},"_links":{"self":[{"href":"https:\/\/regiaonews.net.br\/2022\/wp-json\/wp\/v2\/posts\/99770","targetHints":{"allow":["GET"]}}],"collection":[{"href":"https:\/\/regiaonews.net.br\/2022\/wp-json\/wp\/v2\/posts"}],"about":[{"href":"https:\/\/regiaonews.net.br\/2022\/wp-json\/wp\/v2\/types\/post"}],"author":[{"embeddable":true,"href":"https:\/\/regiaonews.net.br\/2022\/wp-json\/wp\/v2\/users\/2"}],"replies":[{"embeddable":true,"href":"https:\/\/regiaonews.net.br\/2022\/wp-json\/wp\/v2\/comments?post=99770"}],"version-history":[{"count":1,"href":"https:\/\/regiaonews.net.br\/2022\/wp-json\/wp\/v2\/posts\/99770\/revisions"}],"predecessor-version":[{"id":99773,"href":"https:\/\/regiaonews.net.br\/2022\/wp-json\/wp\/v2\/posts\/99770\/revisions\/99773"}],"wp:featuredmedia":[{"embeddable":true,"href":"https:\/\/regiaonews.net.br\/2022\/wp-json\/wp\/v2\/media\/99772"}],"wp:attachment":[{"href":"https:\/\/regiaonews.net.br\/2022\/wp-json\/wp\/v2\/media?parent=99770"}],"wp:term":[{"taxonomy":"category","embeddable":true,"href":"https:\/\/regiaonews.net.br\/2022\/wp-json\/wp\/v2\/categories?post=99770"},{"taxonomy":"post_tag","embeddable":true,"href":"https:\/\/regiaonews.net.br\/2022\/wp-json\/wp\/v2\/tags?post=99770"}],"curies":[{"name":"wp","href":"https:\/\/api.w.org\/{rel}","templated":true}]}}