{"id":99767,"date":"2024-01-02T17:47:26","date_gmt":"2024-01-02T20:47:26","guid":{"rendered":"https:\/\/regiaonews.net.br\/2022\/?p=99767"},"modified":"2024-01-02T21:28:23","modified_gmt":"2024-01-03T00:28:23","slug":"raca-negra-leva-mais-de-15-mil-pessoas-para-o-reveillon-das-aguas-2024-com-toneladas-de-alimentos-arrecadados","status":"publish","type":"post","link":"https:\/\/regiaonews.net.br\/2022\/2024\/01\/02\/raca-negra-leva-mais-de-15-mil-pessoas-para-o-reveillon-das-aguas-2024-com-toneladas-de-alimentos-arrecadados\/","title":{"rendered":"Ra\u00e7a Negra leva mais de 15 mil pessoas para o R\u00e9veillon de Ol\u00edmpia"},"content":{"rendered":"<p>&nbsp;<\/p>\n<p><span style=\"font-family: Calibri, sans-serif;\">A<\/span><span style=\"font-family: arial, sans-serif;\">\u00a0Est\u00e2ncia Tur\u00edstica de Ol\u00edmpia recebeu mais um ano com muita festa, alegria e solidariedade. O R\u00e9veillon das \u00c1guas 2024 lotou o estacionamento do Thermas dos Laranjais, reunindo mais de 15 mil pessoas, entre olimpienses e turistas.<\/span><\/p>\n<p><span style=\"font-family: arial, sans-serif;\">Com port\u00f5es abertos por volta das 22 horas, as fam\u00edlias foram recebidas com muita m\u00fasica e anima\u00e7\u00e3o da dupla Fl\u00e1vio &amp; Rodrigo. Pr\u00f3ximo \u00e0 meia-noite, o apresentador Jackson Pinheiro convidou ao palco o prefeito Fernando Cunha, acompanhado da fam\u00edlia, a secret\u00e1ria de Turismo e Cultura, Raquel Crepaldi Righetti, o presidente da C\u00e2mara, Sargento Barrera, e os vereadores presentes, H\u00e9lio Lisse, Lor\u00e3o, Jo\u00e3o Paulo Morelli e Amaral (suplente).<\/span><\/p>\n<p><span style=\"font-family: arial, sans-serif;\">Com grande expectativa para a virada, o prefeito saudou o p\u00fablico, desejando a todos um Feliz Ano Novo. \u201cEstamos aqui com essa equipe que faz Ol\u00edmpia ser o que \u00e9 e vai continuar sendo aprimorada para atender melhor voc\u00eas, a cada dia. Que voc\u00eas sejam felizes aqui. Quero desejar a voc\u00eas muita sa\u00fade, muitas alegrias e que Deus proteja voc\u00eas no pr\u00f3ximo ano\u201d, destacou.<\/span><\/p>\n<p><span style=\"font-family: arial, sans-serif;\">Na sequ\u00eancia, com o embalo de todos os presentes, a contagem regressiva trouxe o an\u00fancio da chegada de 2024 para todas as fam\u00edlias e tamb\u00e9m o in\u00edcio da t\u00e3o esperada atra\u00e7\u00e3o principal da festa, o grupo Ra\u00e7a Negra.<\/span><\/p>\n<p><span style=\"font-family: arial, sans-serif;\">Sob o comando do cantor Luiz Carlos, o show relembrou os grandes sucessos da banda, que embala gera\u00e7\u00f5es desde os anos 80 at\u00e9 hoje. \u201c\u00c9 Tarde Demais\u201d, \u201cCheia de Manias\u201d, \u201cSozinho\u201d, \u201cSolid\u00e3o\u201d, \u201cCigana\u201d, dentre outras, fizeram a alegria do p\u00fablico, que cantou junto as can\u00e7\u00f5es. Encerrando a festa, o DJ Domeni trouxe os hits mais famosos e da atualidade para a galera que gosta de dan\u00e7ar, marcando o R\u00e9veillon pela madrugada.<\/span><\/p>\n<p><span style=\"font-family: arial, sans-serif;\">Al\u00e9m da alegria, outra marca registrada da festa \u00e9 a solidariedade. A entrada beneficente para a pista praticamente esgotou os ingressos dispon\u00edveis com a troca antecipada, que movimentou a portaria do parque durante todo o dia. Toneladas de alimentos, entre arroz, feij\u00e3o, \u00f3leo, leite e caf\u00e9, foram arrecadadas.<\/span><\/p>\n<p><span style=\"font-family: arial, sans-serif;\">A quantidade total est\u00e1 sendo contabilizada e os produtos ser\u00e3o separados nesta semana pela equipe das secretarias de Assist\u00eancia Social e de Turismo e Cultura para serem distribu\u00eddas \u00e0s entidades, beneficiando milhares de fam\u00edlias. O estacionamento da festa tamb\u00e9m foi beneficente com parte da renda revertida \u00e0 Santa Casa de Miseric\u00f3rdia, que \u00e9 o \u00fanico hospital que atende toda a microrregi\u00e3o.<\/span><\/p>\n<p><span style=\"font-family: arial, sans-serif;\">A estrutura da festa contou tamb\u00e9m com o Camarote Open Bar e os espa\u00e7os corporativos, que reuniram milhares de pessoas, em um espa\u00e7o privativo e diferenciado da festa. Pra\u00e7a de alimenta\u00e7\u00e3o, seguran\u00e7a e banheiros tamb\u00e9m estiveram dispon\u00edveis ao p\u00fablico.<\/span><\/p>\n<p><span style=\"font-family: arial, sans-serif;\">O R\u00e9veillon das \u00c1guas 2024 foi organizado pela Prefeitura, por meio da secretaria de Turismo e Cultura, em parceria com empresas privadas e o apoio do Thermas dos Laranjais e do Grupo Enjoy Parques &amp; Resorts.<\/span><\/p>\n","protected":false},"excerpt":{"rendered":"<p>&nbsp; A\u00a0Est\u00e2ncia Tur\u00edstica de Ol\u00edmpia recebeu mais um ano com<\/p>\n","protected":false},"author":2,"featured_media":99768,"comment_status":"open","ping_status":"open","sticky":false,"template":"","format":"standard","meta":{"footnotes":""},"categories":[25,178],"tags":[],"class_list":["post-99767","post","type-post","status-publish","format-standard","has-post-thumbnail","hentry","category-cidades","category-olimpia-2"],"yoast_head":"<!-- This site is optimized with the Yoast SEO plugin v27.4 - https:\/\/yoast.com\/product\/yoast-seo-wordpress\/ -->\n<title>Ra\u00e7a Negra leva mais de 15 mil pessoas para o R\u00e9veillon de Ol\u00edmpia - Regi\u00e3o News<\/title>\n<meta name=\"robots\" content=\"index, follow, max-snippet:-1, max-image-preview:large, max-video-preview:-1\" \/>\n<link rel=\"canonical\" href=\"https:\/\/regiaonews.net.br\/2022\/2024\/01\/02\/raca-negra-leva-mais-de-15-mil-pessoas-para-o-reveillon-das-aguas-2024-com-toneladas-de-alimentos-arrecadados\/\" \/>\n<meta property=\"og:locale\" content=\"pt_BR\" \/>\n<meta property=\"og:type\" content=\"article\" \/>\n<meta property=\"og:title\" content=\"Ra\u00e7a Negra leva mais de 15 mil pessoas para o R\u00e9veillon de Ol\u00edmpia - Regi\u00e3o News\" \/>\n<meta property=\"og:description\" content=\"&nbsp; A\u00a0Est\u00e2ncia Tur\u00edstica de Ol\u00edmpia recebeu mais um ano com\" \/>\n<meta property=\"og:url\" content=\"https:\/\/regiaonews.net.br\/2022\/2024\/01\/02\/raca-negra-leva-mais-de-15-mil-pessoas-para-o-reveillon-das-aguas-2024-com-toneladas-de-alimentos-arrecadados\/\" \/>\n<meta property=\"og:site_name\" content=\"Regi\u00e3o News\" \/>\n<meta property=\"article:published_time\" content=\"2024-01-02T20:47:26+00:00\" \/>\n<meta property=\"article:modified_time\" content=\"2024-01-03T00:28:23+00:00\" \/>\n<meta property=\"og:image\" content=\"https:\/\/regiaonews.net.br\/2022\/wp-content\/uploads\/2024\/01\/Reveillon-das-Aguas-2024-Olimpia-3-scaled.jpeg\" \/>\n\t<meta property=\"og:image:width\" content=\"2560\" \/>\n\t<meta property=\"og:image:height\" content=\"1707\" \/>\n\t<meta property=\"og:image:type\" content=\"image\/jpeg\" \/>\n<meta name=\"author\" content=\"Roberto\" \/>\n<meta name=\"twitter:card\" content=\"summary_large_image\" \/>\n<meta name=\"twitter:label1\" content=\"Escrito por\" \/>\n\t<meta name=\"twitter:data1\" content=\"Roberto\" \/>\n\t<meta name=\"twitter:label2\" content=\"Est. tempo de leitura\" \/>\n\t<meta name=\"twitter:data2\" content=\"3 minutos\" \/>\n<script type=\"application\/ld+json\" class=\"yoast-schema-graph\">{\"@context\":\"https:\\\/\\\/schema.org\",\"@graph\":[{\"@type\":\"Article\",\"@id\":\"https:\\\/\\\/regiaonews.net.br\\\/2022\\\/2024\\\/01\\\/02\\\/raca-negra-leva-mais-de-15-mil-pessoas-para-o-reveillon-das-aguas-2024-com-toneladas-de-alimentos-arrecadados\\\/#article\",\"isPartOf\":{\"@id\":\"https:\\\/\\\/regiaonews.net.br\\\/2022\\\/2024\\\/01\\\/02\\\/raca-negra-leva-mais-de-15-mil-pessoas-para-o-reveillon-das-aguas-2024-com-toneladas-de-alimentos-arrecadados\\\/\"},\"author\":{\"name\":\"Roberto\",\"@id\":\"https:\\\/\\\/regiaonews.net.br\\\/2022\\\/#\\\/schema\\\/person\\\/2d205a608a5aa97ac279d7a5e6d89ad8\"},\"headline\":\"Ra\u00e7a Negra leva mais de 15 mil pessoas para o R\u00e9veillon de Ol\u00edmpia\",\"datePublished\":\"2024-01-02T20:47:26+00:00\",\"dateModified\":\"2024-01-03T00:28:23+00:00\",\"mainEntityOfPage\":{\"@id\":\"https:\\\/\\\/regiaonews.net.br\\\/2022\\\/2024\\\/01\\\/02\\\/raca-negra-leva-mais-de-15-mil-pessoas-para-o-reveillon-das-aguas-2024-com-toneladas-de-alimentos-arrecadados\\\/\"},\"wordCount\":523,\"commentCount\":0,\"publisher\":{\"@id\":\"https:\\\/\\\/regiaonews.net.br\\\/2022\\\/#organization\"},\"image\":{\"@id\":\"https:\\\/\\\/regiaonews.net.br\\\/2022\\\/2024\\\/01\\\/02\\\/raca-negra-leva-mais-de-15-mil-pessoas-para-o-reveillon-das-aguas-2024-com-toneladas-de-alimentos-arrecadados\\\/#primaryimage\"},\"thumbnailUrl\":\"https:\\\/\\\/regiaonews.net.br\\\/2022\\\/wp-content\\\/uploads\\\/2024\\\/01\\\/Reveillon-das-Aguas-2024-Olimpia-3-scaled.jpeg\",\"articleSection\":[\"Cidades\",\"Ol\u00edmpia\"],\"inLanguage\":\"pt-BR\",\"potentialAction\":[{\"@type\":\"CommentAction\",\"name\":\"Comment\",\"target\":[\"https:\\\/\\\/regiaonews.net.br\\\/2022\\\/2024\\\/01\\\/02\\\/raca-negra-leva-mais-de-15-mil-pessoas-para-o-reveillon-das-aguas-2024-com-toneladas-de-alimentos-arrecadados\\\/#respond\"]}]},{\"@type\":\"WebPage\",\"@id\":\"https:\\\/\\\/regiaonews.net.br\\\/2022\\\/2024\\\/01\\\/02\\\/raca-negra-leva-mais-de-15-mil-pessoas-para-o-reveillon-das-aguas-2024-com-toneladas-de-alimentos-arrecadados\\\/\",\"url\":\"https:\\\/\\\/regiaonews.net.br\\\/2022\\\/2024\\\/01\\\/02\\\/raca-negra-leva-mais-de-15-mil-pessoas-para-o-reveillon-das-aguas-2024-com-toneladas-de-alimentos-arrecadados\\\/\",\"name\":\"Ra\u00e7a Negra leva mais de 15 mil pessoas para o R\u00e9veillon de Ol\u00edmpia - Regi\u00e3o News\",\"isPartOf\":{\"@id\":\"https:\\\/\\\/regiaonews.net.br\\\/2022\\\/#website\"},\"primaryImageOfPage\":{\"@id\":\"https:\\\/\\\/regiaonews.net.br\\\/2022\\\/2024\\\/01\\\/02\\\/raca-negra-leva-mais-de-15-mil-pessoas-para-o-reveillon-das-aguas-2024-com-toneladas-de-alimentos-arrecadados\\\/#primaryimage\"},\"image\":{\"@id\":\"https:\\\/\\\/regiaonews.net.br\\\/2022\\\/2024\\\/01\\\/02\\\/raca-negra-leva-mais-de-15-mil-pessoas-para-o-reveillon-das-aguas-2024-com-toneladas-de-alimentos-arrecadados\\\/#primaryimage\"},\"thumbnailUrl\":\"https:\\\/\\\/regiaonews.net.br\\\/2022\\\/wp-content\\\/uploads\\\/2024\\\/01\\\/Reveillon-das-Aguas-2024-Olimpia-3-scaled.jpeg\",\"datePublished\":\"2024-01-02T20:47:26+00:00\",\"dateModified\":\"2024-01-03T00:28:23+00:00\",\"breadcrumb\":{\"@id\":\"https:\\\/\\\/regiaonews.net.br\\\/2022\\\/2024\\\/01\\\/02\\\/raca-negra-leva-mais-de-15-mil-pessoas-para-o-reveillon-das-aguas-2024-com-toneladas-de-alimentos-arrecadados\\\/#breadcrumb\"},\"inLanguage\":\"pt-BR\",\"potentialAction\":[{\"@type\":\"ReadAction\",\"target\":[\"https:\\\/\\\/regiaonews.net.br\\\/2022\\\/2024\\\/01\\\/02\\\/raca-negra-leva-mais-de-15-mil-pessoas-para-o-reveillon-das-aguas-2024-com-toneladas-de-alimentos-arrecadados\\\/\"]}]},{\"@type\":\"ImageObject\",\"inLanguage\":\"pt-BR\",\"@id\":\"https:\\\/\\\/regiaonews.net.br\\\/2022\\\/2024\\\/01\\\/02\\\/raca-negra-leva-mais-de-15-mil-pessoas-para-o-reveillon-das-aguas-2024-com-toneladas-de-alimentos-arrecadados\\\/#primaryimage\",\"url\":\"https:\\\/\\\/regiaonews.net.br\\\/2022\\\/wp-content\\\/uploads\\\/2024\\\/01\\\/Reveillon-das-Aguas-2024-Olimpia-3-scaled.jpeg\",\"contentUrl\":\"https:\\\/\\\/regiaonews.net.br\\\/2022\\\/wp-content\\\/uploads\\\/2024\\\/01\\\/Reveillon-das-Aguas-2024-Olimpia-3-scaled.jpeg\",\"width\":2560,\"height\":1707},{\"@type\":\"BreadcrumbList\",\"@id\":\"https:\\\/\\\/regiaonews.net.br\\\/2022\\\/2024\\\/01\\\/02\\\/raca-negra-leva-mais-de-15-mil-pessoas-para-o-reveillon-das-aguas-2024-com-toneladas-de-alimentos-arrecadados\\\/#breadcrumb\",\"itemListElement\":[{\"@type\":\"ListItem\",\"position\":1,\"name\":\"In\u00edcio\",\"item\":\"https:\\\/\\\/regiaonews.net.br\\\/2022\\\/\"},{\"@type\":\"ListItem\",\"position\":2,\"name\":\"Ra\u00e7a Negra leva mais de 15 mil pessoas para o R\u00e9veillon de Ol\u00edmpia\"}]},{\"@type\":\"WebSite\",\"@id\":\"https:\\\/\\\/regiaonews.net.br\\\/2022\\\/#website\",\"url\":\"https:\\\/\\\/regiaonews.net.br\\\/2022\\\/\",\"name\":\"Regi\u00e3o News\",\"description\":\"Site de Not\u00edcias de Barretos e regi\u00e3o\",\"publisher\":{\"@id\":\"https:\\\/\\\/regiaonews.net.br\\\/2022\\\/#organization\"},\"potentialAction\":[{\"@type\":\"SearchAction\",\"target\":{\"@type\":\"EntryPoint\",\"urlTemplate\":\"https:\\\/\\\/regiaonews.net.br\\\/2022\\\/?s={search_term_string}\"},\"query-input\":{\"@type\":\"PropertyValueSpecification\",\"valueRequired\":true,\"valueName\":\"search_term_string\"}}],\"inLanguage\":\"pt-BR\"},{\"@type\":\"Organization\",\"@id\":\"https:\\\/\\\/regiaonews.net.br\\\/2022\\\/#organization\",\"name\":\"Regi\u00e3o News\",\"url\":\"https:\\\/\\\/regiaonews.net.br\\\/2022\\\/\",\"logo\":{\"@type\":\"ImageObject\",\"inLanguage\":\"pt-BR\",\"@id\":\"https:\\\/\\\/regiaonews.net.br\\\/2022\\\/#\\\/schema\\\/logo\\\/image\\\/\",\"url\":\"https:\\\/\\\/regiaonews.net.br\\\/2022\\\/wp-content\\\/uploads\\\/2026\\\/03\\\/regiao-13-anos-scaled.jpg\",\"contentUrl\":\"https:\\\/\\\/regiaonews.net.br\\\/2022\\\/wp-content\\\/uploads\\\/2026\\\/03\\\/regiao-13-anos-scaled.jpg\",\"width\":2560,\"height\":635,\"caption\":\"Regi\u00e3o News\"},\"image\":{\"@id\":\"https:\\\/\\\/regiaonews.net.br\\\/2022\\\/#\\\/schema\\\/logo\\\/image\\\/\"}},{\"@type\":\"Person\",\"@id\":\"https:\\\/\\\/regiaonews.net.br\\\/2022\\\/#\\\/schema\\\/person\\\/2d205a608a5aa97ac279d7a5e6d89ad8\",\"name\":\"Roberto\",\"image\":{\"@type\":\"ImageObject\",\"inLanguage\":\"pt-BR\",\"@id\":\"https:\\\/\\\/secure.gravatar.com\\\/avatar\\\/42749d8b712ff9d59ca93dc150494e5b55a44134482993f5baeb97e61b7ecc89?s=96&d=mm&r=g\",\"url\":\"https:\\\/\\\/secure.gravatar.com\\\/avatar\\\/42749d8b712ff9d59ca93dc150494e5b55a44134482993f5baeb97e61b7ecc89?s=96&d=mm&r=g\",\"contentUrl\":\"https:\\\/\\\/secure.gravatar.com\\\/avatar\\\/42749d8b712ff9d59ca93dc150494e5b55a44134482993f5baeb97e61b7ecc89?s=96&d=mm&r=g\",\"caption\":\"Roberto\"},\"url\":\"https:\\\/\\\/regiaonews.net.br\\\/2022\\\/author\\\/roberto\\\/\"}]}<\/script>\n<!-- \/ Yoast SEO plugin. -->","yoast_head_json":{"title":"Ra\u00e7a Negra leva mais de 15 mil pessoas para o R\u00e9veillon de Ol\u00edmpia - Regi\u00e3o News","robots":{"index":"index","follow":"follow","max-snippet":"max-snippet:-1","max-image-preview":"max-image-preview:large","max-video-preview":"max-video-preview:-1"},"canonical":"https:\/\/regiaonews.net.br\/2022\/2024\/01\/02\/raca-negra-leva-mais-de-15-mil-pessoas-para-o-reveillon-das-aguas-2024-com-toneladas-de-alimentos-arrecadados\/","og_locale":"pt_BR","og_type":"article","og_title":"Ra\u00e7a Negra leva mais de 15 mil pessoas para o R\u00e9veillon de Ol\u00edmpia - Regi\u00e3o News","og_description":"&nbsp; A\u00a0Est\u00e2ncia Tur\u00edstica de Ol\u00edmpia recebeu mais um ano com","og_url":"https:\/\/regiaonews.net.br\/2022\/2024\/01\/02\/raca-negra-leva-mais-de-15-mil-pessoas-para-o-reveillon-das-aguas-2024-com-toneladas-de-alimentos-arrecadados\/","og_site_name":"Regi\u00e3o News","article_published_time":"2024-01-02T20:47:26+00:00","article_modified_time":"2024-01-03T00:28:23+00:00","og_image":[{"width":2560,"height":1707,"url":"https:\/\/regiaonews.net.br\/2022\/wp-content\/uploads\/2024\/01\/Reveillon-das-Aguas-2024-Olimpia-3-scaled.jpeg","type":"image\/jpeg"}],"author":"Roberto","twitter_card":"summary_large_image","twitter_misc":{"Escrito por":"Roberto","Est. tempo de leitura":"3 minutos"},"schema":{"@context":"https:\/\/schema.org","@graph":[{"@type":"Article","@id":"https:\/\/regiaonews.net.br\/2022\/2024\/01\/02\/raca-negra-leva-mais-de-15-mil-pessoas-para-o-reveillon-das-aguas-2024-com-toneladas-de-alimentos-arrecadados\/#article","isPartOf":{"@id":"https:\/\/regiaonews.net.br\/2022\/2024\/01\/02\/raca-negra-leva-mais-de-15-mil-pessoas-para-o-reveillon-das-aguas-2024-com-toneladas-de-alimentos-arrecadados\/"},"author":{"name":"Roberto","@id":"https:\/\/regiaonews.net.br\/2022\/#\/schema\/person\/2d205a608a5aa97ac279d7a5e6d89ad8"},"headline":"Ra\u00e7a Negra leva mais de 15 mil pessoas para o R\u00e9veillon de Ol\u00edmpia","datePublished":"2024-01-02T20:47:26+00:00","dateModified":"2024-01-03T00:28:23+00:00","mainEntityOfPage":{"@id":"https:\/\/regiaonews.net.br\/2022\/2024\/01\/02\/raca-negra-leva-mais-de-15-mil-pessoas-para-o-reveillon-das-aguas-2024-com-toneladas-de-alimentos-arrecadados\/"},"wordCount":523,"commentCount":0,"publisher":{"@id":"https:\/\/regiaonews.net.br\/2022\/#organization"},"image":{"@id":"https:\/\/regiaonews.net.br\/2022\/2024\/01\/02\/raca-negra-leva-mais-de-15-mil-pessoas-para-o-reveillon-das-aguas-2024-com-toneladas-de-alimentos-arrecadados\/#primaryimage"},"thumbnailUrl":"https:\/\/regiaonews.net.br\/2022\/wp-content\/uploads\/2024\/01\/Reveillon-das-Aguas-2024-Olimpia-3-scaled.jpeg","articleSection":["Cidades","Ol\u00edmpia"],"inLanguage":"pt-BR","potentialAction":[{"@type":"CommentAction","name":"Comment","target":["https:\/\/regiaonews.net.br\/2022\/2024\/01\/02\/raca-negra-leva-mais-de-15-mil-pessoas-para-o-reveillon-das-aguas-2024-com-toneladas-de-alimentos-arrecadados\/#respond"]}]},{"@type":"WebPage","@id":"https:\/\/regiaonews.net.br\/2022\/2024\/01\/02\/raca-negra-leva-mais-de-15-mil-pessoas-para-o-reveillon-das-aguas-2024-com-toneladas-de-alimentos-arrecadados\/","url":"https:\/\/regiaonews.net.br\/2022\/2024\/01\/02\/raca-negra-leva-mais-de-15-mil-pessoas-para-o-reveillon-das-aguas-2024-com-toneladas-de-alimentos-arrecadados\/","name":"Ra\u00e7a Negra leva mais de 15 mil pessoas para o R\u00e9veillon de Ol\u00edmpia - Regi\u00e3o News","isPartOf":{"@id":"https:\/\/regiaonews.net.br\/2022\/#website"},"primaryImageOfPage":{"@id":"https:\/\/regiaonews.net.br\/2022\/2024\/01\/02\/raca-negra-leva-mais-de-15-mil-pessoas-para-o-reveillon-das-aguas-2024-com-toneladas-de-alimentos-arrecadados\/#primaryimage"},"image":{"@id":"https:\/\/regiaonews.net.br\/2022\/2024\/01\/02\/raca-negra-leva-mais-de-15-mil-pessoas-para-o-reveillon-das-aguas-2024-com-toneladas-de-alimentos-arrecadados\/#primaryimage"},"thumbnailUrl":"https:\/\/regiaonews.net.br\/2022\/wp-content\/uploads\/2024\/01\/Reveillon-das-Aguas-2024-Olimpia-3-scaled.jpeg","datePublished":"2024-01-02T20:47:26+00:00","dateModified":"2024-01-03T00:28:23+00:00","breadcrumb":{"@id":"https:\/\/regiaonews.net.br\/2022\/2024\/01\/02\/raca-negra-leva-mais-de-15-mil-pessoas-para-o-reveillon-das-aguas-2024-com-toneladas-de-alimentos-arrecadados\/#breadcrumb"},"inLanguage":"pt-BR","potentialAction":[{"@type":"ReadAction","target":["https:\/\/regiaonews.net.br\/2022\/2024\/01\/02\/raca-negra-leva-mais-de-15-mil-pessoas-para-o-reveillon-das-aguas-2024-com-toneladas-de-alimentos-arrecadados\/"]}]},{"@type":"ImageObject","inLanguage":"pt-BR","@id":"https:\/\/regiaonews.net.br\/2022\/2024\/01\/02\/raca-negra-leva-mais-de-15-mil-pessoas-para-o-reveillon-das-aguas-2024-com-toneladas-de-alimentos-arrecadados\/#primaryimage","url":"https:\/\/regiaonews.net.br\/2022\/wp-content\/uploads\/2024\/01\/Reveillon-das-Aguas-2024-Olimpia-3-scaled.jpeg","contentUrl":"https:\/\/regiaonews.net.br\/2022\/wp-content\/uploads\/2024\/01\/Reveillon-das-Aguas-2024-Olimpia-3-scaled.jpeg","width":2560,"height":1707},{"@type":"BreadcrumbList","@id":"https:\/\/regiaonews.net.br\/2022\/2024\/01\/02\/raca-negra-leva-mais-de-15-mil-pessoas-para-o-reveillon-das-aguas-2024-com-toneladas-de-alimentos-arrecadados\/#breadcrumb","itemListElement":[{"@type":"ListItem","position":1,"name":"In\u00edcio","item":"https:\/\/regiaonews.net.br\/2022\/"},{"@type":"ListItem","position":2,"name":"Ra\u00e7a Negra leva mais de 15 mil pessoas para o R\u00e9veillon de Ol\u00edmpia"}]},{"@type":"WebSite","@id":"https:\/\/regiaonews.net.br\/2022\/#website","url":"https:\/\/regiaonews.net.br\/2022\/","name":"Regi\u00e3o News","description":"Site de Not\u00edcias de Barretos e regi\u00e3o","publisher":{"@id":"https:\/\/regiaonews.net.br\/2022\/#organization"},"potentialAction":[{"@type":"SearchAction","target":{"@type":"EntryPoint","urlTemplate":"https:\/\/regiaonews.net.br\/2022\/?s={search_term_string}"},"query-input":{"@type":"PropertyValueSpecification","valueRequired":true,"valueName":"search_term_string"}}],"inLanguage":"pt-BR"},{"@type":"Organization","@id":"https:\/\/regiaonews.net.br\/2022\/#organization","name":"Regi\u00e3o News","url":"https:\/\/regiaonews.net.br\/2022\/","logo":{"@type":"ImageObject","inLanguage":"pt-BR","@id":"https:\/\/regiaonews.net.br\/2022\/#\/schema\/logo\/image\/","url":"https:\/\/regiaonews.net.br\/2022\/wp-content\/uploads\/2026\/03\/regiao-13-anos-scaled.jpg","contentUrl":"https:\/\/regiaonews.net.br\/2022\/wp-content\/uploads\/2026\/03\/regiao-13-anos-scaled.jpg","width":2560,"height":635,"caption":"Regi\u00e3o News"},"image":{"@id":"https:\/\/regiaonews.net.br\/2022\/#\/schema\/logo\/image\/"}},{"@type":"Person","@id":"https:\/\/regiaonews.net.br\/2022\/#\/schema\/person\/2d205a608a5aa97ac279d7a5e6d89ad8","name":"Roberto","image":{"@type":"ImageObject","inLanguage":"pt-BR","@id":"https:\/\/secure.gravatar.com\/avatar\/42749d8b712ff9d59ca93dc150494e5b55a44134482993f5baeb97e61b7ecc89?s=96&d=mm&r=g","url":"https:\/\/secure.gravatar.com\/avatar\/42749d8b712ff9d59ca93dc150494e5b55a44134482993f5baeb97e61b7ecc89?s=96&d=mm&r=g","contentUrl":"https:\/\/secure.gravatar.com\/avatar\/42749d8b712ff9d59ca93dc150494e5b55a44134482993f5baeb97e61b7ecc89?s=96&d=mm&r=g","caption":"Roberto"},"url":"https:\/\/regiaonews.net.br\/2022\/author\/roberto\/"}]}},"publishpress_future_action":{"enabled":false,"date":"2026-05-04 04:33:15","action":"change-status","newStatus":"draft","terms":[],"taxonomy":"category","extraData":[]},"publishpress_future_workflow_manual_trigger":{"enabledWorkflows":[]},"_links":{"self":[{"href":"https:\/\/regiaonews.net.br\/2022\/wp-json\/wp\/v2\/posts\/99767","targetHints":{"allow":["GET"]}}],"collection":[{"href":"https:\/\/regiaonews.net.br\/2022\/wp-json\/wp\/v2\/posts"}],"about":[{"href":"https:\/\/regiaonews.net.br\/2022\/wp-json\/wp\/v2\/types\/post"}],"author":[{"embeddable":true,"href":"https:\/\/regiaonews.net.br\/2022\/wp-json\/wp\/v2\/users\/2"}],"replies":[{"embeddable":true,"href":"https:\/\/regiaonews.net.br\/2022\/wp-json\/wp\/v2\/comments?post=99767"}],"version-history":[{"count":3,"href":"https:\/\/regiaonews.net.br\/2022\/wp-json\/wp\/v2\/posts\/99767\/revisions"}],"predecessor-version":[{"id":99775,"href":"https:\/\/regiaonews.net.br\/2022\/wp-json\/wp\/v2\/posts\/99767\/revisions\/99775"}],"wp:featuredmedia":[{"embeddable":true,"href":"https:\/\/regiaonews.net.br\/2022\/wp-json\/wp\/v2\/media\/99768"}],"wp:attachment":[{"href":"https:\/\/regiaonews.net.br\/2022\/wp-json\/wp\/v2\/media?parent=99767"}],"wp:term":[{"taxonomy":"category","embeddable":true,"href":"https:\/\/regiaonews.net.br\/2022\/wp-json\/wp\/v2\/categories?post=99767"},{"taxonomy":"post_tag","embeddable":true,"href":"https:\/\/regiaonews.net.br\/2022\/wp-json\/wp\/v2\/tags?post=99767"}],"curies":[{"name":"wp","href":"https:\/\/api.w.org\/{rel}","templated":true}]}}