{"id":99712,"date":"2023-12-31T09:23:07","date_gmt":"2023-12-31T12:23:07","guid":{"rendered":"https:\/\/regiaonews.net.br\/2022\/?p=99712"},"modified":"2023-12-31T09:26:14","modified_gmt":"2023-12-31T12:26:14","slug":"quenia-domina-corrida-sao-silvestre-no-feminino-e-masculino","status":"publish","type":"post","link":"https:\/\/regiaonews.net.br\/2022\/2023\/12\/31\/quenia-domina-corrida-sao-silvestre-no-feminino-e-masculino\/","title":{"rendered":"Quenia domina corrida S\u00e3o Silvestre no feminino e masculino"},"content":{"rendered":"<p>&nbsp;<\/p>\n<div class=\"glb-grid\">\n<p>Fonte &#8211; G1<\/p>\n<div class=\"row content-head non-featured \">\n<div class=\"title\" data-block-type=\"title\" data-block-id=\"0\">\n<h1 class=\"content-head__title\"><\/h1>\n<\/div>\n<\/div>\n<div class=\"content__signa-share\">\n<div class=\"content__share-bar content__share-bar--cloned\" data-position=\"upper\"><\/div>\n<\/div>\n<div class=\"mc-article-body cropped\">\n<article>\n<div id=\"chunk-7178p\">\n<div class=\"mc-column content-text active-extra-styles active-capital-letter\" data-block-type=\"unstyled\" data-block-weight=\"86\" data-block-id=\"1\">\n<p class=\" content-text__container theme-color-primary-first-letter\" data-track-category=\"Link no Texto\" data-track-links=\"\">S\u00f3 deu Qu\u00eania na 98\u00aa edi\u00e7\u00e3o da Corrida Internacional de S\u00e3o Silvestre, na manh\u00e3 deste domingo, com transmiss\u00e3o ao vivo da TV Globo e do ge. A queniana Catherine Reline, de apenas 21 anos, foi a bicampe\u00e3 da prova com 49min54s. Entre os homens, Timothy Kiplagat Ronoh venceu com 44min52s. Tanto no masculino quanto no feminino, o melhor brasileiro ficou em sexto: Johnatas Oliveira, entre os homens, e a angolana naturalizada brasileira Felismina Cavela, que correu a S\u00e3o Silvestre pela primeira vez, entre as mulheres.<\/p>\n<\/div>\n<\/div>\n<div class=\"wall protected-content\">\n<div id=\"chunk-ei337\">\n<div class=\"mc-column\" data-block-type=\"ads\" data-block-id=\"2\">\n<div id=\"content-ads-banner_materia1\" class=\"content-ads content-ads--regular content-ads--smart-size\">\n<div id=\"banner_materia1\" class=\"tag-manager-publicidade-container mc-has-ad-lazyload tag-manager-publicidade-banner_materia1 tag-manager-publicidade-container--carregado tag-manager-publicidade-container--visivel\" data-id=\"banner_materia1\" data-google-query-id=\"CMn2w-fTuYMDFbuglQId2JUISg\">\n<div id=\"google_ads_iframe_\/95377733\/tvg_GE\/Atletismo_2__container__\"><\/div>\n<\/div>\n<\/div>\n<\/div>\n<\/div>\n<div id=\"chunk-99c10\">\n<div class=\"row medium-uncollapsed content-media content-photo\" data-block-type=\"backstage-photo\" data-block-id=\"3\">\n<div class=\"mc-column content-media__container\">\n<div class=\"content-media-container glb-skeleton-box\">\n<figure class=\"content-media-figure\"><img decoding=\"async\" class=\"i-amphtml-fill-content i-amphtml-replaced-content\" src=\"https:\/\/s2-ge.glbimg.com\/Sdw9C8RYzwOJzAPjZLQRwtbfsjM=\/0x0:3471x2343\/984x0\/smart\/filters:strip_icc()\/i.s3.glbimg.com\/v1\/AUTH_bc8228b6673f488aa253bbcb03c80ec5\/internal_photos\/bs\/2023\/1\/K\/FbqaA4Q3ASdQQAlCMqew\/rib8444.jpg\" sizes=\"(max-width: 375px) 327px, 100vw\" srcset=\"https:\/\/s2-ge.glbimg.com\/LNax940B8VwquxfGtghNjROMSeM=\/0x0:3471x2343\/1000x0\/smart\/filters:strip_icc()\/i.s3.glbimg.com\/v1\/AUTH_bc8228b6673f488aa253bbcb03c80ec5\/internal_photos\/bs\/2023\/1\/K\/FbqaA4Q3ASdQQAlCMqew\/rib8444.jpg 1000w, https:\/\/s2-ge.glbimg.com\/Sdw9C8RYzwOJzAPjZLQRwtbfsjM=\/0x0:3471x2343\/984x0\/smart\/filters:strip_icc()\/i.s3.glbimg.com\/v1\/AUTH_bc8228b6673f488aa253bbcb03c80ec5\/internal_photos\/bs\/2023\/1\/K\/FbqaA4Q3ASdQQAlCMqew\/rib8444.jpg 984w, https:\/\/s2-ge.glbimg.com\/4Av1BjnCMoEVoCRa17XFNTyrOA8=\/0x0:3471x2343\/640x0\/smart\/filters:strip_icc()\/i.s3.glbimg.com\/v1\/AUTH_bc8228b6673f488aa253bbcb03c80ec5\/internal_photos\/bs\/2023\/1\/K\/FbqaA4Q3ASdQQAlCMqew\/rib8444.jpg 640w, https:\/\/s2-ge.glbimg.com\/8xTRL9Ak2jJQTh4YIFbFY0e71F8=\/0x0:3471x2343\/600x0\/smart\/filters:strip_icc()\/i.s3.glbimg.com\/v1\/AUTH_bc8228b6673f488aa253bbcb03c80ec5\/internal_photos\/bs\/2023\/1\/K\/FbqaA4Q3ASdQQAlCMqew\/rib8444.jpg 600w\" alt=\"Timothy Kiplagat vence a S\u00e3o Silvestre 2023 \u2014 Foto: Marcos Ribolli\" \/><\/figure>\n<\/div>\n<p class=\"codex-caption \">Timothy Kiplagat vence a S\u00e3o Silvestre 2023 \u2014 Foto: Marcos Ribolli<\/p>\n<\/div>\n<\/div>\n<\/div>\n<div id=\"chunk-8l81d\">\n<div class=\"mc-column content-text active-extra-styles \" data-block-type=\"unstyled\" data-block-weight=\"22\" data-block-id=\"4\">\n<p class=\" content-text__container \" data-track-category=\"Link no Texto\" data-track-links=\"\">&#8211; \u00c9 um orgulho representar o Brasil. \u00c9 um pa\u00eds que me acolheu muito bem &#8211; disse Felismina ap\u00f3s a prova.<\/p>\n<\/div>\n<\/div>\n<div id=\"chunk-8lkbb\">\n<div class=\"mc-column content-text active-extra-styles \" data-block-type=\"unstyled\" data-block-weight=\"26\" data-block-id=\"5\">\n<p class=\" content-text__container \" data-track-category=\"Link no Texto\" data-track-links=\"\">Gari, Jonathas de Oliveira abandonou o sonho do futebol para trabalhar, e se encontrou na corrida. Ele comemorou a chegada como brasileiro mais r\u00e1pido na prova.<\/p>\n<\/div>\n<\/div>\n<div id=\"chunk-33udp\">\n<div class=\"mc-column content-text active-extra-styles \" data-block-type=\"unstyled\" data-block-weight=\"21\" data-block-id=\"6\">\n<p class=\" content-text__container \" data-track-category=\"Link no Texto\" data-track-links=\"\">&#8211; N\u00e3o deu para realizar o sonho de ser jogador, mas a gente d\u00e1 para o gasto como atleta &#8211; brincou.<\/p>\n<\/div>\n<\/div>\n<div id=\"chunk-ecc9h\">\n<div class=\"row medium-uncollapsed content-media content-photo\" data-block-type=\"backstage-photo\" data-block-id=\"7\">\n<div class=\"mc-column content-media__container\">\n<div class=\"content-media-container glb-skeleton-box\">\n<figure class=\"content-media-figure\"><img decoding=\"async\" class=\"i-amphtml-fill-content i-amphtml-replaced-content\" src=\"https:\/\/s2-ge.glbimg.com\/pvW9EfkPfSGIENofO951GRfPeVc=\/0x0:5568x3712\/984x0\/smart\/filters:strip_icc()\/i.s3.glbimg.com\/v1\/AUTH_bc8228b6673f488aa253bbcb03c80ec5\/internal_photos\/bs\/2023\/7\/L\/ZKBHxhSeGbIqALOUKw3A\/rib8426.jpg\" sizes=\"(max-width: 375px) 327px, 100vw\" srcset=\"https:\/\/s2-ge.glbimg.com\/IEAFLZuGgi3Z8UPNcGSgQZ8uhvk=\/0x0:5568x3712\/1000x0\/smart\/filters:strip_icc()\/i.s3.glbimg.com\/v1\/AUTH_bc8228b6673f488aa253bbcb03c80ec5\/internal_photos\/bs\/2023\/7\/L\/ZKBHxhSeGbIqALOUKw3A\/rib8426.jpg 1000w, https:\/\/s2-ge.glbimg.com\/pvW9EfkPfSGIENofO951GRfPeVc=\/0x0:5568x3712\/984x0\/smart\/filters:strip_icc()\/i.s3.glbimg.com\/v1\/AUTH_bc8228b6673f488aa253bbcb03c80ec5\/internal_photos\/bs\/2023\/7\/L\/ZKBHxhSeGbIqALOUKw3A\/rib8426.jpg 984w, https:\/\/s2-ge.glbimg.com\/zBSlZsRUMnnQdMq7YyBGCHamBjw=\/0x0:5568x3712\/640x0\/smart\/filters:strip_icc()\/i.s3.glbimg.com\/v1\/AUTH_bc8228b6673f488aa253bbcb03c80ec5\/internal_photos\/bs\/2023\/7\/L\/ZKBHxhSeGbIqALOUKw3A\/rib8426.jpg 640w, https:\/\/s2-ge.glbimg.com\/YPDjVJ1MIWfPZdKyv3U9p8PZKpE=\/0x0:5568x3712\/600x0\/smart\/filters:strip_icc()\/i.s3.glbimg.com\/v1\/AUTH_bc8228b6673f488aa253bbcb03c80ec5\/internal_photos\/bs\/2023\/7\/L\/ZKBHxhSeGbIqALOUKw3A\/rib8426.jpg 600w\" alt=\"Felismina Cavela, sexta colocada na S\u00e3o Silvestre \u2014 Foto: Marcos Ribolli\" \/><\/figure>\n<\/div>\n<p class=\"codex-caption \">Felismina Cavela, sexta colocada na S\u00e3o Silvestre \u2014 Foto: Marcos Ribolli<\/p>\n<\/div>\n<\/div>\n<\/div>\n<div id=\"chunk-7q3hb\">\n<div class=\"mc-column\" data-block-type=\"ads\" data-block-id=\"8\">\n<div id=\"content-ads-banner_materia2\" class=\"content-ads content-ads--regular content-ads--smart-size\">\n<div id=\"banner_materia2\" class=\"tag-manager-publicidade-container mc-has-ad-lazyload tag-manager-publicidade-banner_materia2 tag-manager-publicidade-container--carregado tag-manager-publicidade-container--visivel\" data-id=\"banner_materia2\" data-google-query-id=\"CITT9uvTuYMDFcKHlQIdg34BTQ\">\n<div id=\"google_ads_iframe_\/95377733\/tvg_GE\/Atletismo_3__container__\"><\/div>\n<\/div>\n<\/div>\n<\/div>\n<\/div>\n<div id=\"chunk-fihas\">\n<div class=\"mc-column content-text active-extra-styles\" data-block-type=\"raw\" data-block-weight=\"1\" data-block-id=\"9\">\n<div class=\"content-intertitle\"><\/div>\n<\/div>\n<\/div>\n<\/div>\n<\/article>\n<\/div>\n<p>&nbsp;<\/p>\n<\/div>\n<div id=\"glb-tp-bottom\" class=\"glb-tp-bottom\" data-display=\"{'translateAbove': ['.bottom-bar-navigation']}\">\n<div id=\"banner_touch_point_bottom\" class=\"banner_touch_point_bottom__background tag-manager-publicidade-container tag-manager-publicidade-banner_touch_point_bottom tag-manager-publicidade-container--carregado tag-manager-publicidade-container--visivel\" data-google-query-id=\"CLG07ebTuYMDFXSilQIdIsMAjA\">\n<div id=\"google_ads_iframe_\/95377733\/touchPoint\/bottom\/ge_0__container__\"><\/div>\n<\/div>\n<\/div>\n","protected":false},"excerpt":{"rendered":"<p>&nbsp; Fonte &#8211; G1 S\u00f3 deu Qu\u00eania na 98\u00aa edi\u00e7\u00e3o<\/p>\n","protected":false},"author":2,"featured_media":99715,"comment_status":"open","ping_status":"open","sticky":false,"template":"","format":"standard","meta":{"footnotes":""},"categories":[21,29],"tags":[],"class_list":["post-99712","post","type-post","status-publish","format-standard","has-post-thumbnail","hentry","category-esporte","category-sao-paulo"],"yoast_head":"<!-- This site is optimized with the Yoast SEO plugin v27.4 - https:\/\/yoast.com\/product\/yoast-seo-wordpress\/ -->\n<title>Quenia domina corrida S\u00e3o Silvestre no feminino e masculino - Regi\u00e3o News<\/title>\n<meta name=\"robots\" content=\"index, follow, max-snippet:-1, max-image-preview:large, max-video-preview:-1\" \/>\n<link rel=\"canonical\" href=\"https:\/\/regiaonews.net.br\/2022\/2023\/12\/31\/quenia-domina-corrida-sao-silvestre-no-feminino-e-masculino\/\" \/>\n<meta property=\"og:locale\" content=\"pt_BR\" \/>\n<meta property=\"og:type\" content=\"article\" \/>\n<meta property=\"og:title\" content=\"Quenia domina corrida S\u00e3o Silvestre no feminino e masculino - Regi\u00e3o News\" \/>\n<meta property=\"og:description\" content=\"&nbsp; Fonte &#8211; G1 S\u00f3 deu Qu\u00eania na 98\u00aa edi\u00e7\u00e3o\" \/>\n<meta property=\"og:url\" content=\"https:\/\/regiaonews.net.br\/2022\/2023\/12\/31\/quenia-domina-corrida-sao-silvestre-no-feminino-e-masculino\/\" \/>\n<meta property=\"og:site_name\" content=\"Regi\u00e3o News\" \/>\n<meta property=\"article:published_time\" content=\"2023-12-31T12:23:07+00:00\" \/>\n<meta property=\"article:modified_time\" content=\"2023-12-31T12:26:14+00:00\" \/>\n<meta property=\"og:image\" content=\"https:\/\/regiaonews.net.br\/2022\/wp-content\/uploads\/2023\/12\/Screenshot_20231231-092414_Chrome.jpg\" \/>\n\t<meta property=\"og:image:width\" content=\"1065\" \/>\n\t<meta property=\"og:image:height\" content=\"611\" \/>\n\t<meta property=\"og:image:type\" content=\"image\/jpeg\" \/>\n<meta name=\"author\" content=\"Roberto\" \/>\n<meta name=\"twitter:card\" content=\"summary_large_image\" \/>\n<meta name=\"twitter:label1\" content=\"Escrito por\" \/>\n\t<meta name=\"twitter:data1\" content=\"Roberto\" \/>\n\t<meta name=\"twitter:label2\" content=\"Est. tempo de leitura\" \/>\n\t<meta name=\"twitter:data2\" content=\"2 minutos\" \/>\n<script type=\"application\/ld+json\" class=\"yoast-schema-graph\">{\"@context\":\"https:\\\/\\\/schema.org\",\"@graph\":[{\"@type\":\"Article\",\"@id\":\"https:\\\/\\\/regiaonews.net.br\\\/2022\\\/2023\\\/12\\\/31\\\/quenia-domina-corrida-sao-silvestre-no-feminino-e-masculino\\\/#article\",\"isPartOf\":{\"@id\":\"https:\\\/\\\/regiaonews.net.br\\\/2022\\\/2023\\\/12\\\/31\\\/quenia-domina-corrida-sao-silvestre-no-feminino-e-masculino\\\/\"},\"author\":{\"name\":\"Roberto\",\"@id\":\"https:\\\/\\\/regiaonews.net.br\\\/2022\\\/#\\\/schema\\\/person\\\/2d205a608a5aa97ac279d7a5e6d89ad8\"},\"headline\":\"Quenia domina corrida S\u00e3o Silvestre no feminino e masculino\",\"datePublished\":\"2023-12-31T12:23:07+00:00\",\"dateModified\":\"2023-12-31T12:26:14+00:00\",\"mainEntityOfPage\":{\"@id\":\"https:\\\/\\\/regiaonews.net.br\\\/2022\\\/2023\\\/12\\\/31\\\/quenia-domina-corrida-sao-silvestre-no-feminino-e-masculino\\\/\"},\"wordCount\":196,\"commentCount\":0,\"publisher\":{\"@id\":\"https:\\\/\\\/regiaonews.net.br\\\/2022\\\/#organization\"},\"image\":{\"@id\":\"https:\\\/\\\/regiaonews.net.br\\\/2022\\\/2023\\\/12\\\/31\\\/quenia-domina-corrida-sao-silvestre-no-feminino-e-masculino\\\/#primaryimage\"},\"thumbnailUrl\":\"https:\\\/\\\/regiaonews.net.br\\\/2022\\\/wp-content\\\/uploads\\\/2023\\\/12\\\/Screenshot_20231231-092414_Chrome.jpg\",\"articleSection\":[\"Esporte\",\"S\u00e3o Paulo\"],\"inLanguage\":\"pt-BR\",\"potentialAction\":[{\"@type\":\"CommentAction\",\"name\":\"Comment\",\"target\":[\"https:\\\/\\\/regiaonews.net.br\\\/2022\\\/2023\\\/12\\\/31\\\/quenia-domina-corrida-sao-silvestre-no-feminino-e-masculino\\\/#respond\"]}]},{\"@type\":\"WebPage\",\"@id\":\"https:\\\/\\\/regiaonews.net.br\\\/2022\\\/2023\\\/12\\\/31\\\/quenia-domina-corrida-sao-silvestre-no-feminino-e-masculino\\\/\",\"url\":\"https:\\\/\\\/regiaonews.net.br\\\/2022\\\/2023\\\/12\\\/31\\\/quenia-domina-corrida-sao-silvestre-no-feminino-e-masculino\\\/\",\"name\":\"Quenia domina corrida S\u00e3o Silvestre no feminino e masculino - Regi\u00e3o News\",\"isPartOf\":{\"@id\":\"https:\\\/\\\/regiaonews.net.br\\\/2022\\\/#website\"},\"primaryImageOfPage\":{\"@id\":\"https:\\\/\\\/regiaonews.net.br\\\/2022\\\/2023\\\/12\\\/31\\\/quenia-domina-corrida-sao-silvestre-no-feminino-e-masculino\\\/#primaryimage\"},\"image\":{\"@id\":\"https:\\\/\\\/regiaonews.net.br\\\/2022\\\/2023\\\/12\\\/31\\\/quenia-domina-corrida-sao-silvestre-no-feminino-e-masculino\\\/#primaryimage\"},\"thumbnailUrl\":\"https:\\\/\\\/regiaonews.net.br\\\/2022\\\/wp-content\\\/uploads\\\/2023\\\/12\\\/Screenshot_20231231-092414_Chrome.jpg\",\"datePublished\":\"2023-12-31T12:23:07+00:00\",\"dateModified\":\"2023-12-31T12:26:14+00:00\",\"breadcrumb\":{\"@id\":\"https:\\\/\\\/regiaonews.net.br\\\/2022\\\/2023\\\/12\\\/31\\\/quenia-domina-corrida-sao-silvestre-no-feminino-e-masculino\\\/#breadcrumb\"},\"inLanguage\":\"pt-BR\",\"potentialAction\":[{\"@type\":\"ReadAction\",\"target\":[\"https:\\\/\\\/regiaonews.net.br\\\/2022\\\/2023\\\/12\\\/31\\\/quenia-domina-corrida-sao-silvestre-no-feminino-e-masculino\\\/\"]}]},{\"@type\":\"ImageObject\",\"inLanguage\":\"pt-BR\",\"@id\":\"https:\\\/\\\/regiaonews.net.br\\\/2022\\\/2023\\\/12\\\/31\\\/quenia-domina-corrida-sao-silvestre-no-feminino-e-masculino\\\/#primaryimage\",\"url\":\"https:\\\/\\\/regiaonews.net.br\\\/2022\\\/wp-content\\\/uploads\\\/2023\\\/12\\\/Screenshot_20231231-092414_Chrome.jpg\",\"contentUrl\":\"https:\\\/\\\/regiaonews.net.br\\\/2022\\\/wp-content\\\/uploads\\\/2023\\\/12\\\/Screenshot_20231231-092414_Chrome.jpg\",\"width\":1065,\"height\":611},{\"@type\":\"BreadcrumbList\",\"@id\":\"https:\\\/\\\/regiaonews.net.br\\\/2022\\\/2023\\\/12\\\/31\\\/quenia-domina-corrida-sao-silvestre-no-feminino-e-masculino\\\/#breadcrumb\",\"itemListElement\":[{\"@type\":\"ListItem\",\"position\":1,\"name\":\"In\u00edcio\",\"item\":\"https:\\\/\\\/regiaonews.net.br\\\/2022\\\/\"},{\"@type\":\"ListItem\",\"position\":2,\"name\":\"Quenia domina corrida S\u00e3o Silvestre no feminino e masculino\"}]},{\"@type\":\"WebSite\",\"@id\":\"https:\\\/\\\/regiaonews.net.br\\\/2022\\\/#website\",\"url\":\"https:\\\/\\\/regiaonews.net.br\\\/2022\\\/\",\"name\":\"Regi\u00e3o News\",\"description\":\"Site de Not\u00edcias de Barretos e regi\u00e3o\",\"publisher\":{\"@id\":\"https:\\\/\\\/regiaonews.net.br\\\/2022\\\/#organization\"},\"potentialAction\":[{\"@type\":\"SearchAction\",\"target\":{\"@type\":\"EntryPoint\",\"urlTemplate\":\"https:\\\/\\\/regiaonews.net.br\\\/2022\\\/?s={search_term_string}\"},\"query-input\":{\"@type\":\"PropertyValueSpecification\",\"valueRequired\":true,\"valueName\":\"search_term_string\"}}],\"inLanguage\":\"pt-BR\"},{\"@type\":\"Organization\",\"@id\":\"https:\\\/\\\/regiaonews.net.br\\\/2022\\\/#organization\",\"name\":\"Regi\u00e3o News\",\"url\":\"https:\\\/\\\/regiaonews.net.br\\\/2022\\\/\",\"logo\":{\"@type\":\"ImageObject\",\"inLanguage\":\"pt-BR\",\"@id\":\"https:\\\/\\\/regiaonews.net.br\\\/2022\\\/#\\\/schema\\\/logo\\\/image\\\/\",\"url\":\"https:\\\/\\\/regiaonews.net.br\\\/2022\\\/wp-content\\\/uploads\\\/2026\\\/03\\\/regiao-13-anos-scaled.jpg\",\"contentUrl\":\"https:\\\/\\\/regiaonews.net.br\\\/2022\\\/wp-content\\\/uploads\\\/2026\\\/03\\\/regiao-13-anos-scaled.jpg\",\"width\":2560,\"height\":635,\"caption\":\"Regi\u00e3o News\"},\"image\":{\"@id\":\"https:\\\/\\\/regiaonews.net.br\\\/2022\\\/#\\\/schema\\\/logo\\\/image\\\/\"}},{\"@type\":\"Person\",\"@id\":\"https:\\\/\\\/regiaonews.net.br\\\/2022\\\/#\\\/schema\\\/person\\\/2d205a608a5aa97ac279d7a5e6d89ad8\",\"name\":\"Roberto\",\"image\":{\"@type\":\"ImageObject\",\"inLanguage\":\"pt-BR\",\"@id\":\"https:\\\/\\\/secure.gravatar.com\\\/avatar\\\/42749d8b712ff9d59ca93dc150494e5b55a44134482993f5baeb97e61b7ecc89?s=96&d=mm&r=g\",\"url\":\"https:\\\/\\\/secure.gravatar.com\\\/avatar\\\/42749d8b712ff9d59ca93dc150494e5b55a44134482993f5baeb97e61b7ecc89?s=96&d=mm&r=g\",\"contentUrl\":\"https:\\\/\\\/secure.gravatar.com\\\/avatar\\\/42749d8b712ff9d59ca93dc150494e5b55a44134482993f5baeb97e61b7ecc89?s=96&d=mm&r=g\",\"caption\":\"Roberto\"},\"url\":\"https:\\\/\\\/regiaonews.net.br\\\/2022\\\/author\\\/roberto\\\/\"}]}<\/script>\n<!-- \/ Yoast SEO plugin. -->","yoast_head_json":{"title":"Quenia domina corrida S\u00e3o Silvestre no feminino e masculino - Regi\u00e3o News","robots":{"index":"index","follow":"follow","max-snippet":"max-snippet:-1","max-image-preview":"max-image-preview:large","max-video-preview":"max-video-preview:-1"},"canonical":"https:\/\/regiaonews.net.br\/2022\/2023\/12\/31\/quenia-domina-corrida-sao-silvestre-no-feminino-e-masculino\/","og_locale":"pt_BR","og_type":"article","og_title":"Quenia domina corrida S\u00e3o Silvestre no feminino e masculino - Regi\u00e3o News","og_description":"&nbsp; Fonte &#8211; G1 S\u00f3 deu Qu\u00eania na 98\u00aa edi\u00e7\u00e3o","og_url":"https:\/\/regiaonews.net.br\/2022\/2023\/12\/31\/quenia-domina-corrida-sao-silvestre-no-feminino-e-masculino\/","og_site_name":"Regi\u00e3o News","article_published_time":"2023-12-31T12:23:07+00:00","article_modified_time":"2023-12-31T12:26:14+00:00","og_image":[{"width":1065,"height":611,"url":"https:\/\/regiaonews.net.br\/2022\/wp-content\/uploads\/2023\/12\/Screenshot_20231231-092414_Chrome.jpg","type":"image\/jpeg"}],"author":"Roberto","twitter_card":"summary_large_image","twitter_misc":{"Escrito por":"Roberto","Est. tempo de leitura":"2 minutos"},"schema":{"@context":"https:\/\/schema.org","@graph":[{"@type":"Article","@id":"https:\/\/regiaonews.net.br\/2022\/2023\/12\/31\/quenia-domina-corrida-sao-silvestre-no-feminino-e-masculino\/#article","isPartOf":{"@id":"https:\/\/regiaonews.net.br\/2022\/2023\/12\/31\/quenia-domina-corrida-sao-silvestre-no-feminino-e-masculino\/"},"author":{"name":"Roberto","@id":"https:\/\/regiaonews.net.br\/2022\/#\/schema\/person\/2d205a608a5aa97ac279d7a5e6d89ad8"},"headline":"Quenia domina corrida S\u00e3o Silvestre no feminino e masculino","datePublished":"2023-12-31T12:23:07+00:00","dateModified":"2023-12-31T12:26:14+00:00","mainEntityOfPage":{"@id":"https:\/\/regiaonews.net.br\/2022\/2023\/12\/31\/quenia-domina-corrida-sao-silvestre-no-feminino-e-masculino\/"},"wordCount":196,"commentCount":0,"publisher":{"@id":"https:\/\/regiaonews.net.br\/2022\/#organization"},"image":{"@id":"https:\/\/regiaonews.net.br\/2022\/2023\/12\/31\/quenia-domina-corrida-sao-silvestre-no-feminino-e-masculino\/#primaryimage"},"thumbnailUrl":"https:\/\/regiaonews.net.br\/2022\/wp-content\/uploads\/2023\/12\/Screenshot_20231231-092414_Chrome.jpg","articleSection":["Esporte","S\u00e3o Paulo"],"inLanguage":"pt-BR","potentialAction":[{"@type":"CommentAction","name":"Comment","target":["https:\/\/regiaonews.net.br\/2022\/2023\/12\/31\/quenia-domina-corrida-sao-silvestre-no-feminino-e-masculino\/#respond"]}]},{"@type":"WebPage","@id":"https:\/\/regiaonews.net.br\/2022\/2023\/12\/31\/quenia-domina-corrida-sao-silvestre-no-feminino-e-masculino\/","url":"https:\/\/regiaonews.net.br\/2022\/2023\/12\/31\/quenia-domina-corrida-sao-silvestre-no-feminino-e-masculino\/","name":"Quenia domina corrida S\u00e3o Silvestre no feminino e masculino - Regi\u00e3o News","isPartOf":{"@id":"https:\/\/regiaonews.net.br\/2022\/#website"},"primaryImageOfPage":{"@id":"https:\/\/regiaonews.net.br\/2022\/2023\/12\/31\/quenia-domina-corrida-sao-silvestre-no-feminino-e-masculino\/#primaryimage"},"image":{"@id":"https:\/\/regiaonews.net.br\/2022\/2023\/12\/31\/quenia-domina-corrida-sao-silvestre-no-feminino-e-masculino\/#primaryimage"},"thumbnailUrl":"https:\/\/regiaonews.net.br\/2022\/wp-content\/uploads\/2023\/12\/Screenshot_20231231-092414_Chrome.jpg","datePublished":"2023-12-31T12:23:07+00:00","dateModified":"2023-12-31T12:26:14+00:00","breadcrumb":{"@id":"https:\/\/regiaonews.net.br\/2022\/2023\/12\/31\/quenia-domina-corrida-sao-silvestre-no-feminino-e-masculino\/#breadcrumb"},"inLanguage":"pt-BR","potentialAction":[{"@type":"ReadAction","target":["https:\/\/regiaonews.net.br\/2022\/2023\/12\/31\/quenia-domina-corrida-sao-silvestre-no-feminino-e-masculino\/"]}]},{"@type":"ImageObject","inLanguage":"pt-BR","@id":"https:\/\/regiaonews.net.br\/2022\/2023\/12\/31\/quenia-domina-corrida-sao-silvestre-no-feminino-e-masculino\/#primaryimage","url":"https:\/\/regiaonews.net.br\/2022\/wp-content\/uploads\/2023\/12\/Screenshot_20231231-092414_Chrome.jpg","contentUrl":"https:\/\/regiaonews.net.br\/2022\/wp-content\/uploads\/2023\/12\/Screenshot_20231231-092414_Chrome.jpg","width":1065,"height":611},{"@type":"BreadcrumbList","@id":"https:\/\/regiaonews.net.br\/2022\/2023\/12\/31\/quenia-domina-corrida-sao-silvestre-no-feminino-e-masculino\/#breadcrumb","itemListElement":[{"@type":"ListItem","position":1,"name":"In\u00edcio","item":"https:\/\/regiaonews.net.br\/2022\/"},{"@type":"ListItem","position":2,"name":"Quenia domina corrida S\u00e3o Silvestre no feminino e masculino"}]},{"@type":"WebSite","@id":"https:\/\/regiaonews.net.br\/2022\/#website","url":"https:\/\/regiaonews.net.br\/2022\/","name":"Regi\u00e3o News","description":"Site de Not\u00edcias de Barretos e regi\u00e3o","publisher":{"@id":"https:\/\/regiaonews.net.br\/2022\/#organization"},"potentialAction":[{"@type":"SearchAction","target":{"@type":"EntryPoint","urlTemplate":"https:\/\/regiaonews.net.br\/2022\/?s={search_term_string}"},"query-input":{"@type":"PropertyValueSpecification","valueRequired":true,"valueName":"search_term_string"}}],"inLanguage":"pt-BR"},{"@type":"Organization","@id":"https:\/\/regiaonews.net.br\/2022\/#organization","name":"Regi\u00e3o News","url":"https:\/\/regiaonews.net.br\/2022\/","logo":{"@type":"ImageObject","inLanguage":"pt-BR","@id":"https:\/\/regiaonews.net.br\/2022\/#\/schema\/logo\/image\/","url":"https:\/\/regiaonews.net.br\/2022\/wp-content\/uploads\/2026\/03\/regiao-13-anos-scaled.jpg","contentUrl":"https:\/\/regiaonews.net.br\/2022\/wp-content\/uploads\/2026\/03\/regiao-13-anos-scaled.jpg","width":2560,"height":635,"caption":"Regi\u00e3o News"},"image":{"@id":"https:\/\/regiaonews.net.br\/2022\/#\/schema\/logo\/image\/"}},{"@type":"Person","@id":"https:\/\/regiaonews.net.br\/2022\/#\/schema\/person\/2d205a608a5aa97ac279d7a5e6d89ad8","name":"Roberto","image":{"@type":"ImageObject","inLanguage":"pt-BR","@id":"https:\/\/secure.gravatar.com\/avatar\/42749d8b712ff9d59ca93dc150494e5b55a44134482993f5baeb97e61b7ecc89?s=96&d=mm&r=g","url":"https:\/\/secure.gravatar.com\/avatar\/42749d8b712ff9d59ca93dc150494e5b55a44134482993f5baeb97e61b7ecc89?s=96&d=mm&r=g","contentUrl":"https:\/\/secure.gravatar.com\/avatar\/42749d8b712ff9d59ca93dc150494e5b55a44134482993f5baeb97e61b7ecc89?s=96&d=mm&r=g","caption":"Roberto"},"url":"https:\/\/regiaonews.net.br\/2022\/author\/roberto\/"}]}},"publishpress_future_action":{"enabled":false,"date":"2026-05-04 06:04:43","action":"change-status","newStatus":"draft","terms":[],"taxonomy":"category","extraData":[]},"publishpress_future_workflow_manual_trigger":{"enabledWorkflows":[]},"_links":{"self":[{"href":"https:\/\/regiaonews.net.br\/2022\/wp-json\/wp\/v2\/posts\/99712","targetHints":{"allow":["GET"]}}],"collection":[{"href":"https:\/\/regiaonews.net.br\/2022\/wp-json\/wp\/v2\/posts"}],"about":[{"href":"https:\/\/regiaonews.net.br\/2022\/wp-json\/wp\/v2\/types\/post"}],"author":[{"embeddable":true,"href":"https:\/\/regiaonews.net.br\/2022\/wp-json\/wp\/v2\/users\/2"}],"replies":[{"embeddable":true,"href":"https:\/\/regiaonews.net.br\/2022\/wp-json\/wp\/v2\/comments?post=99712"}],"version-history":[{"count":2,"href":"https:\/\/regiaonews.net.br\/2022\/wp-json\/wp\/v2\/posts\/99712\/revisions"}],"predecessor-version":[{"id":99714,"href":"https:\/\/regiaonews.net.br\/2022\/wp-json\/wp\/v2\/posts\/99712\/revisions\/99714"}],"wp:featuredmedia":[{"embeddable":true,"href":"https:\/\/regiaonews.net.br\/2022\/wp-json\/wp\/v2\/media\/99715"}],"wp:attachment":[{"href":"https:\/\/regiaonews.net.br\/2022\/wp-json\/wp\/v2\/media?parent=99712"}],"wp:term":[{"taxonomy":"category","embeddable":true,"href":"https:\/\/regiaonews.net.br\/2022\/wp-json\/wp\/v2\/categories?post=99712"},{"taxonomy":"post_tag","embeddable":true,"href":"https:\/\/regiaonews.net.br\/2022\/wp-json\/wp\/v2\/tags?post=99712"}],"curies":[{"name":"wp","href":"https:\/\/api.w.org\/{rel}","templated":true}]}}