{"id":99703,"date":"2023-12-30T20:22:09","date_gmt":"2023-12-30T23:22:09","guid":{"rendered":"https:\/\/regiaonews.net.br\/2022\/?p=99703"},"modified":"2023-12-30T20:22:09","modified_gmt":"2023-12-30T23:22:09","slug":"pm-recaptura-quase-400-detentos-durante-saidinha-de-fim-de-ano","status":"publish","type":"post","link":"https:\/\/regiaonews.net.br\/2022\/2023\/12\/30\/pm-recaptura-quase-400-detentos-durante-saidinha-de-fim-de-ano\/","title":{"rendered":"PM recaptura quase 400 detentos durante saidinha de fim de ano"},"content":{"rendered":"<div class=\"col-lg-12 mt-4 justify\">\n<h3 class=\"justify\" style=\"text-align: left;\"><\/h3>\n<\/div>\n<div class=\"col-lg-12 mt-3 justify\">\n<div>\n<div>Quase 400 detentos foram flagrados descumprindo as regras durante a saidinha tempor\u00e1ria de fim de ano. Para terem direito ao benef\u00edcio, os presos devem seguir algumas medidas enquanto est\u00e3o nas ruas. No entanto, at\u00e9 este s\u00e1bado (30), 398 detentos foram flagrados em viola\u00e7\u00e3o das medidas e reconduzidos novamente aos pres\u00eddios do Estado.<\/div>\n<div><\/div>\n<div>A recondu\u00e7\u00e3o do detento que descumpre medida durante a saidinha \u00e9 uma parceria realizada entre o Governo do Estado de S\u00e3o Paulo, por meio da Secretaria da Seguran\u00e7a P\u00fablica (SSP) e da Secretaria de Administra\u00e7\u00e3o Penitenci\u00e1ria (SAP), e o Poder Judici\u00e1rio e faz parte do pacote de pol\u00edticas p\u00fablicas que a pasta vem desenvolvendo para coibir a reincid\u00eancia criminal e endurecer combate \u00e0 impunidade.<\/div>\n<div><\/div>\n<div>A iniciativa permite que os policiais de S\u00e3o Paulo fa\u00e7am a recondu\u00e7\u00e3o \u00e0 cadeia quando detectarem o descumprimento das condi\u00e7\u00f5es que devem ser seguidas durante a saidinha. A verifica\u00e7\u00e3o \u00e9 feita na pr\u00f3pria abordagem, por meio de uma consulta nos dispositivos m\u00f3veis e tablets das viaturas, que passaram recentemente a terem acesso \u00e0s informa\u00e7\u00f5es sobre cada uma das regras que os criminosos beneficiados tem que cumprir.<\/div>\n<div><\/div>\n<div>Ou seja, na pr\u00e1tica, sem a iniciativa, os policiais s\u00f3 poderiam prender o criminoso em sa\u00edda tempor\u00e1ria se ele fosse flagrado cometendo algum crime, n\u00e3o se apenas desrespeitasse as diretrizes da sa\u00edda.<\/div>\n<div><\/div>\n<div>\u201cA medida tem car\u00e1ter preventivo e revoluciona a efetividade do cumprimento das condi\u00e7\u00f5es da sa\u00edda tempor\u00e1ria. O policial agora n\u00e3o precisa mais esperar o detento cometer um crime para ser preso, ele tem autonomia para encerrar a saidinha mais cedo para o criminoso que n\u00e3o respeita o que foi acordado entre ele e a Justi\u00e7a para que ficasse o final de ano na rua\u201d, relatou o secret\u00e1rio da Seguran\u00e7a P\u00fablica, Guilherme Derrite.<\/div>\n<\/div>\n<\/div>\n","protected":false},"excerpt":{"rendered":"<p>Quase 400 detentos foram flagrados descumprindo as regras durante a<\/p>\n","protected":false},"author":2,"featured_media":99704,"comment_status":"open","ping_status":"open","sticky":false,"template":"","format":"standard","meta":{"footnotes":""},"categories":[7,23],"tags":[],"class_list":["post-99703","post","type-post","status-publish","format-standard","has-post-thumbnail","hentry","category-estado-de-sao-paulo","category-policia"],"yoast_head":"<!-- This site is optimized with the Yoast SEO plugin v27.4 - https:\/\/yoast.com\/product\/yoast-seo-wordpress\/ -->\n<title>PM recaptura quase 400 detentos durante saidinha de fim de ano - Regi\u00e3o News<\/title>\n<meta name=\"robots\" content=\"index, follow, max-snippet:-1, max-image-preview:large, max-video-preview:-1\" \/>\n<link rel=\"canonical\" href=\"https:\/\/regiaonews.net.br\/2022\/2023\/12\/30\/pm-recaptura-quase-400-detentos-durante-saidinha-de-fim-de-ano\/\" \/>\n<meta property=\"og:locale\" content=\"pt_BR\" \/>\n<meta property=\"og:type\" content=\"article\" \/>\n<meta property=\"og:title\" content=\"PM recaptura quase 400 detentos durante saidinha de fim de ano - Regi\u00e3o News\" \/>\n<meta property=\"og:description\" content=\"Quase 400 detentos foram flagrados descumprindo as regras durante a\" \/>\n<meta property=\"og:url\" content=\"https:\/\/regiaonews.net.br\/2022\/2023\/12\/30\/pm-recaptura-quase-400-detentos-durante-saidinha-de-fim-de-ano\/\" \/>\n<meta property=\"og:site_name\" content=\"Regi\u00e3o News\" \/>\n<meta property=\"article:published_time\" content=\"2023-12-30T23:22:09+00:00\" \/>\n<meta property=\"og:image\" content=\"https:\/\/regiaonews.net.br\/2022\/wp-content\/uploads\/2023\/12\/00052643.jpeg.jpg\" \/>\n\t<meta property=\"og:image:width\" content=\"800\" \/>\n\t<meta property=\"og:image:height\" content=\"591\" \/>\n\t<meta property=\"og:image:type\" content=\"image\/jpeg\" \/>\n<meta name=\"author\" content=\"Roberto\" \/>\n<meta name=\"twitter:card\" content=\"summary_large_image\" \/>\n<meta name=\"twitter:label1\" content=\"Escrito por\" \/>\n\t<meta name=\"twitter:data1\" content=\"Roberto\" \/>\n\t<meta name=\"twitter:label2\" content=\"Est. tempo de leitura\" \/>\n\t<meta name=\"twitter:data2\" content=\"2 minutos\" \/>\n<script type=\"application\/ld+json\" class=\"yoast-schema-graph\">{\"@context\":\"https:\\\/\\\/schema.org\",\"@graph\":[{\"@type\":\"Article\",\"@id\":\"https:\\\/\\\/regiaonews.net.br\\\/2022\\\/2023\\\/12\\\/30\\\/pm-recaptura-quase-400-detentos-durante-saidinha-de-fim-de-ano\\\/#article\",\"isPartOf\":{\"@id\":\"https:\\\/\\\/regiaonews.net.br\\\/2022\\\/2023\\\/12\\\/30\\\/pm-recaptura-quase-400-detentos-durante-saidinha-de-fim-de-ano\\\/\"},\"author\":{\"name\":\"Roberto\",\"@id\":\"https:\\\/\\\/regiaonews.net.br\\\/2022\\\/#\\\/schema\\\/person\\\/2d205a608a5aa97ac279d7a5e6d89ad8\"},\"headline\":\"PM recaptura quase 400 detentos durante saidinha de fim de ano\",\"datePublished\":\"2023-12-30T23:22:09+00:00\",\"mainEntityOfPage\":{\"@id\":\"https:\\\/\\\/regiaonews.net.br\\\/2022\\\/2023\\\/12\\\/30\\\/pm-recaptura-quase-400-detentos-durante-saidinha-de-fim-de-ano\\\/\"},\"wordCount\":328,\"commentCount\":0,\"publisher\":{\"@id\":\"https:\\\/\\\/regiaonews.net.br\\\/2022\\\/#organization\"},\"image\":{\"@id\":\"https:\\\/\\\/regiaonews.net.br\\\/2022\\\/2023\\\/12\\\/30\\\/pm-recaptura-quase-400-detentos-durante-saidinha-de-fim-de-ano\\\/#primaryimage\"},\"thumbnailUrl\":\"https:\\\/\\\/regiaonews.net.br\\\/2022\\\/wp-content\\\/uploads\\\/2023\\\/12\\\/00052643.jpeg.jpg\",\"articleSection\":[\"Estado de S\u00e3o Paulo\",\"Policia\"],\"inLanguage\":\"pt-BR\",\"potentialAction\":[{\"@type\":\"CommentAction\",\"name\":\"Comment\",\"target\":[\"https:\\\/\\\/regiaonews.net.br\\\/2022\\\/2023\\\/12\\\/30\\\/pm-recaptura-quase-400-detentos-durante-saidinha-de-fim-de-ano\\\/#respond\"]}]},{\"@type\":\"WebPage\",\"@id\":\"https:\\\/\\\/regiaonews.net.br\\\/2022\\\/2023\\\/12\\\/30\\\/pm-recaptura-quase-400-detentos-durante-saidinha-de-fim-de-ano\\\/\",\"url\":\"https:\\\/\\\/regiaonews.net.br\\\/2022\\\/2023\\\/12\\\/30\\\/pm-recaptura-quase-400-detentos-durante-saidinha-de-fim-de-ano\\\/\",\"name\":\"PM recaptura quase 400 detentos durante saidinha de fim de ano - Regi\u00e3o News\",\"isPartOf\":{\"@id\":\"https:\\\/\\\/regiaonews.net.br\\\/2022\\\/#website\"},\"primaryImageOfPage\":{\"@id\":\"https:\\\/\\\/regiaonews.net.br\\\/2022\\\/2023\\\/12\\\/30\\\/pm-recaptura-quase-400-detentos-durante-saidinha-de-fim-de-ano\\\/#primaryimage\"},\"image\":{\"@id\":\"https:\\\/\\\/regiaonews.net.br\\\/2022\\\/2023\\\/12\\\/30\\\/pm-recaptura-quase-400-detentos-durante-saidinha-de-fim-de-ano\\\/#primaryimage\"},\"thumbnailUrl\":\"https:\\\/\\\/regiaonews.net.br\\\/2022\\\/wp-content\\\/uploads\\\/2023\\\/12\\\/00052643.jpeg.jpg\",\"datePublished\":\"2023-12-30T23:22:09+00:00\",\"breadcrumb\":{\"@id\":\"https:\\\/\\\/regiaonews.net.br\\\/2022\\\/2023\\\/12\\\/30\\\/pm-recaptura-quase-400-detentos-durante-saidinha-de-fim-de-ano\\\/#breadcrumb\"},\"inLanguage\":\"pt-BR\",\"potentialAction\":[{\"@type\":\"ReadAction\",\"target\":[\"https:\\\/\\\/regiaonews.net.br\\\/2022\\\/2023\\\/12\\\/30\\\/pm-recaptura-quase-400-detentos-durante-saidinha-de-fim-de-ano\\\/\"]}]},{\"@type\":\"ImageObject\",\"inLanguage\":\"pt-BR\",\"@id\":\"https:\\\/\\\/regiaonews.net.br\\\/2022\\\/2023\\\/12\\\/30\\\/pm-recaptura-quase-400-detentos-durante-saidinha-de-fim-de-ano\\\/#primaryimage\",\"url\":\"https:\\\/\\\/regiaonews.net.br\\\/2022\\\/wp-content\\\/uploads\\\/2023\\\/12\\\/00052643.jpeg.jpg\",\"contentUrl\":\"https:\\\/\\\/regiaonews.net.br\\\/2022\\\/wp-content\\\/uploads\\\/2023\\\/12\\\/00052643.jpeg.jpg\",\"width\":800,\"height\":591},{\"@type\":\"BreadcrumbList\",\"@id\":\"https:\\\/\\\/regiaonews.net.br\\\/2022\\\/2023\\\/12\\\/30\\\/pm-recaptura-quase-400-detentos-durante-saidinha-de-fim-de-ano\\\/#breadcrumb\",\"itemListElement\":[{\"@type\":\"ListItem\",\"position\":1,\"name\":\"In\u00edcio\",\"item\":\"https:\\\/\\\/regiaonews.net.br\\\/2022\\\/\"},{\"@type\":\"ListItem\",\"position\":2,\"name\":\"PM recaptura quase 400 detentos durante saidinha de fim de ano\"}]},{\"@type\":\"WebSite\",\"@id\":\"https:\\\/\\\/regiaonews.net.br\\\/2022\\\/#website\",\"url\":\"https:\\\/\\\/regiaonews.net.br\\\/2022\\\/\",\"name\":\"Regi\u00e3o News\",\"description\":\"Site de Not\u00edcias de Barretos e regi\u00e3o\",\"publisher\":{\"@id\":\"https:\\\/\\\/regiaonews.net.br\\\/2022\\\/#organization\"},\"potentialAction\":[{\"@type\":\"SearchAction\",\"target\":{\"@type\":\"EntryPoint\",\"urlTemplate\":\"https:\\\/\\\/regiaonews.net.br\\\/2022\\\/?s={search_term_string}\"},\"query-input\":{\"@type\":\"PropertyValueSpecification\",\"valueRequired\":true,\"valueName\":\"search_term_string\"}}],\"inLanguage\":\"pt-BR\"},{\"@type\":\"Organization\",\"@id\":\"https:\\\/\\\/regiaonews.net.br\\\/2022\\\/#organization\",\"name\":\"Regi\u00e3o News\",\"url\":\"https:\\\/\\\/regiaonews.net.br\\\/2022\\\/\",\"logo\":{\"@type\":\"ImageObject\",\"inLanguage\":\"pt-BR\",\"@id\":\"https:\\\/\\\/regiaonews.net.br\\\/2022\\\/#\\\/schema\\\/logo\\\/image\\\/\",\"url\":\"https:\\\/\\\/regiaonews.net.br\\\/2022\\\/wp-content\\\/uploads\\\/2026\\\/03\\\/regiao-13-anos-scaled.jpg\",\"contentUrl\":\"https:\\\/\\\/regiaonews.net.br\\\/2022\\\/wp-content\\\/uploads\\\/2026\\\/03\\\/regiao-13-anos-scaled.jpg\",\"width\":2560,\"height\":635,\"caption\":\"Regi\u00e3o News\"},\"image\":{\"@id\":\"https:\\\/\\\/regiaonews.net.br\\\/2022\\\/#\\\/schema\\\/logo\\\/image\\\/\"}},{\"@type\":\"Person\",\"@id\":\"https:\\\/\\\/regiaonews.net.br\\\/2022\\\/#\\\/schema\\\/person\\\/2d205a608a5aa97ac279d7a5e6d89ad8\",\"name\":\"Roberto\",\"image\":{\"@type\":\"ImageObject\",\"inLanguage\":\"pt-BR\",\"@id\":\"https:\\\/\\\/secure.gravatar.com\\\/avatar\\\/42749d8b712ff9d59ca93dc150494e5b55a44134482993f5baeb97e61b7ecc89?s=96&d=mm&r=g\",\"url\":\"https:\\\/\\\/secure.gravatar.com\\\/avatar\\\/42749d8b712ff9d59ca93dc150494e5b55a44134482993f5baeb97e61b7ecc89?s=96&d=mm&r=g\",\"contentUrl\":\"https:\\\/\\\/secure.gravatar.com\\\/avatar\\\/42749d8b712ff9d59ca93dc150494e5b55a44134482993f5baeb97e61b7ecc89?s=96&d=mm&r=g\",\"caption\":\"Roberto\"},\"url\":\"https:\\\/\\\/regiaonews.net.br\\\/2022\\\/author\\\/roberto\\\/\"}]}<\/script>\n<!-- \/ Yoast SEO plugin. -->","yoast_head_json":{"title":"PM recaptura quase 400 detentos durante saidinha de fim de ano - Regi\u00e3o News","robots":{"index":"index","follow":"follow","max-snippet":"max-snippet:-1","max-image-preview":"max-image-preview:large","max-video-preview":"max-video-preview:-1"},"canonical":"https:\/\/regiaonews.net.br\/2022\/2023\/12\/30\/pm-recaptura-quase-400-detentos-durante-saidinha-de-fim-de-ano\/","og_locale":"pt_BR","og_type":"article","og_title":"PM recaptura quase 400 detentos durante saidinha de fim de ano - Regi\u00e3o News","og_description":"Quase 400 detentos foram flagrados descumprindo as regras durante a","og_url":"https:\/\/regiaonews.net.br\/2022\/2023\/12\/30\/pm-recaptura-quase-400-detentos-durante-saidinha-de-fim-de-ano\/","og_site_name":"Regi\u00e3o News","article_published_time":"2023-12-30T23:22:09+00:00","og_image":[{"width":800,"height":591,"url":"https:\/\/regiaonews.net.br\/2022\/wp-content\/uploads\/2023\/12\/00052643.jpeg.jpg","type":"image\/jpeg"}],"author":"Roberto","twitter_card":"summary_large_image","twitter_misc":{"Escrito por":"Roberto","Est. tempo de leitura":"2 minutos"},"schema":{"@context":"https:\/\/schema.org","@graph":[{"@type":"Article","@id":"https:\/\/regiaonews.net.br\/2022\/2023\/12\/30\/pm-recaptura-quase-400-detentos-durante-saidinha-de-fim-de-ano\/#article","isPartOf":{"@id":"https:\/\/regiaonews.net.br\/2022\/2023\/12\/30\/pm-recaptura-quase-400-detentos-durante-saidinha-de-fim-de-ano\/"},"author":{"name":"Roberto","@id":"https:\/\/regiaonews.net.br\/2022\/#\/schema\/person\/2d205a608a5aa97ac279d7a5e6d89ad8"},"headline":"PM recaptura quase 400 detentos durante saidinha de fim de ano","datePublished":"2023-12-30T23:22:09+00:00","mainEntityOfPage":{"@id":"https:\/\/regiaonews.net.br\/2022\/2023\/12\/30\/pm-recaptura-quase-400-detentos-durante-saidinha-de-fim-de-ano\/"},"wordCount":328,"commentCount":0,"publisher":{"@id":"https:\/\/regiaonews.net.br\/2022\/#organization"},"image":{"@id":"https:\/\/regiaonews.net.br\/2022\/2023\/12\/30\/pm-recaptura-quase-400-detentos-durante-saidinha-de-fim-de-ano\/#primaryimage"},"thumbnailUrl":"https:\/\/regiaonews.net.br\/2022\/wp-content\/uploads\/2023\/12\/00052643.jpeg.jpg","articleSection":["Estado de S\u00e3o Paulo","Policia"],"inLanguage":"pt-BR","potentialAction":[{"@type":"CommentAction","name":"Comment","target":["https:\/\/regiaonews.net.br\/2022\/2023\/12\/30\/pm-recaptura-quase-400-detentos-durante-saidinha-de-fim-de-ano\/#respond"]}]},{"@type":"WebPage","@id":"https:\/\/regiaonews.net.br\/2022\/2023\/12\/30\/pm-recaptura-quase-400-detentos-durante-saidinha-de-fim-de-ano\/","url":"https:\/\/regiaonews.net.br\/2022\/2023\/12\/30\/pm-recaptura-quase-400-detentos-durante-saidinha-de-fim-de-ano\/","name":"PM recaptura quase 400 detentos durante saidinha de fim de ano - Regi\u00e3o News","isPartOf":{"@id":"https:\/\/regiaonews.net.br\/2022\/#website"},"primaryImageOfPage":{"@id":"https:\/\/regiaonews.net.br\/2022\/2023\/12\/30\/pm-recaptura-quase-400-detentos-durante-saidinha-de-fim-de-ano\/#primaryimage"},"image":{"@id":"https:\/\/regiaonews.net.br\/2022\/2023\/12\/30\/pm-recaptura-quase-400-detentos-durante-saidinha-de-fim-de-ano\/#primaryimage"},"thumbnailUrl":"https:\/\/regiaonews.net.br\/2022\/wp-content\/uploads\/2023\/12\/00052643.jpeg.jpg","datePublished":"2023-12-30T23:22:09+00:00","breadcrumb":{"@id":"https:\/\/regiaonews.net.br\/2022\/2023\/12\/30\/pm-recaptura-quase-400-detentos-durante-saidinha-de-fim-de-ano\/#breadcrumb"},"inLanguage":"pt-BR","potentialAction":[{"@type":"ReadAction","target":["https:\/\/regiaonews.net.br\/2022\/2023\/12\/30\/pm-recaptura-quase-400-detentos-durante-saidinha-de-fim-de-ano\/"]}]},{"@type":"ImageObject","inLanguage":"pt-BR","@id":"https:\/\/regiaonews.net.br\/2022\/2023\/12\/30\/pm-recaptura-quase-400-detentos-durante-saidinha-de-fim-de-ano\/#primaryimage","url":"https:\/\/regiaonews.net.br\/2022\/wp-content\/uploads\/2023\/12\/00052643.jpeg.jpg","contentUrl":"https:\/\/regiaonews.net.br\/2022\/wp-content\/uploads\/2023\/12\/00052643.jpeg.jpg","width":800,"height":591},{"@type":"BreadcrumbList","@id":"https:\/\/regiaonews.net.br\/2022\/2023\/12\/30\/pm-recaptura-quase-400-detentos-durante-saidinha-de-fim-de-ano\/#breadcrumb","itemListElement":[{"@type":"ListItem","position":1,"name":"In\u00edcio","item":"https:\/\/regiaonews.net.br\/2022\/"},{"@type":"ListItem","position":2,"name":"PM recaptura quase 400 detentos durante saidinha de fim de ano"}]},{"@type":"WebSite","@id":"https:\/\/regiaonews.net.br\/2022\/#website","url":"https:\/\/regiaonews.net.br\/2022\/","name":"Regi\u00e3o News","description":"Site de Not\u00edcias de Barretos e regi\u00e3o","publisher":{"@id":"https:\/\/regiaonews.net.br\/2022\/#organization"},"potentialAction":[{"@type":"SearchAction","target":{"@type":"EntryPoint","urlTemplate":"https:\/\/regiaonews.net.br\/2022\/?s={search_term_string}"},"query-input":{"@type":"PropertyValueSpecification","valueRequired":true,"valueName":"search_term_string"}}],"inLanguage":"pt-BR"},{"@type":"Organization","@id":"https:\/\/regiaonews.net.br\/2022\/#organization","name":"Regi\u00e3o News","url":"https:\/\/regiaonews.net.br\/2022\/","logo":{"@type":"ImageObject","inLanguage":"pt-BR","@id":"https:\/\/regiaonews.net.br\/2022\/#\/schema\/logo\/image\/","url":"https:\/\/regiaonews.net.br\/2022\/wp-content\/uploads\/2026\/03\/regiao-13-anos-scaled.jpg","contentUrl":"https:\/\/regiaonews.net.br\/2022\/wp-content\/uploads\/2026\/03\/regiao-13-anos-scaled.jpg","width":2560,"height":635,"caption":"Regi\u00e3o News"},"image":{"@id":"https:\/\/regiaonews.net.br\/2022\/#\/schema\/logo\/image\/"}},{"@type":"Person","@id":"https:\/\/regiaonews.net.br\/2022\/#\/schema\/person\/2d205a608a5aa97ac279d7a5e6d89ad8","name":"Roberto","image":{"@type":"ImageObject","inLanguage":"pt-BR","@id":"https:\/\/secure.gravatar.com\/avatar\/42749d8b712ff9d59ca93dc150494e5b55a44134482993f5baeb97e61b7ecc89?s=96&d=mm&r=g","url":"https:\/\/secure.gravatar.com\/avatar\/42749d8b712ff9d59ca93dc150494e5b55a44134482993f5baeb97e61b7ecc89?s=96&d=mm&r=g","contentUrl":"https:\/\/secure.gravatar.com\/avatar\/42749d8b712ff9d59ca93dc150494e5b55a44134482993f5baeb97e61b7ecc89?s=96&d=mm&r=g","caption":"Roberto"},"url":"https:\/\/regiaonews.net.br\/2022\/author\/roberto\/"}]}},"publishpress_future_action":{"enabled":false,"date":"2026-05-04 02:58:23","action":"change-status","newStatus":"draft","terms":[],"taxonomy":"category","extraData":[]},"publishpress_future_workflow_manual_trigger":{"enabledWorkflows":[]},"_links":{"self":[{"href":"https:\/\/regiaonews.net.br\/2022\/wp-json\/wp\/v2\/posts\/99703","targetHints":{"allow":["GET"]}}],"collection":[{"href":"https:\/\/regiaonews.net.br\/2022\/wp-json\/wp\/v2\/posts"}],"about":[{"href":"https:\/\/regiaonews.net.br\/2022\/wp-json\/wp\/v2\/types\/post"}],"author":[{"embeddable":true,"href":"https:\/\/regiaonews.net.br\/2022\/wp-json\/wp\/v2\/users\/2"}],"replies":[{"embeddable":true,"href":"https:\/\/regiaonews.net.br\/2022\/wp-json\/wp\/v2\/comments?post=99703"}],"version-history":[{"count":1,"href":"https:\/\/regiaonews.net.br\/2022\/wp-json\/wp\/v2\/posts\/99703\/revisions"}],"predecessor-version":[{"id":99705,"href":"https:\/\/regiaonews.net.br\/2022\/wp-json\/wp\/v2\/posts\/99703\/revisions\/99705"}],"wp:featuredmedia":[{"embeddable":true,"href":"https:\/\/regiaonews.net.br\/2022\/wp-json\/wp\/v2\/media\/99704"}],"wp:attachment":[{"href":"https:\/\/regiaonews.net.br\/2022\/wp-json\/wp\/v2\/media?parent=99703"}],"wp:term":[{"taxonomy":"category","embeddable":true,"href":"https:\/\/regiaonews.net.br\/2022\/wp-json\/wp\/v2\/categories?post=99703"},{"taxonomy":"post_tag","embeddable":true,"href":"https:\/\/regiaonews.net.br\/2022\/wp-json\/wp\/v2\/tags?post=99703"}],"curies":[{"name":"wp","href":"https:\/\/api.w.org\/{rel}","templated":true}]}}