{"id":99675,"date":"2023-12-29T17:31:44","date_gmt":"2023-12-29T20:31:44","guid":{"rendered":"https:\/\/regiaonews.net.br\/2022\/?p=99675"},"modified":"2023-12-29T17:31:44","modified_gmt":"2023-12-29T20:31:44","slug":"camara-devolve-r-34-milhoes-dos-duodecimos-aos-cofres-da-prefeitura-em-2023","status":"publish","type":"post","link":"https:\/\/regiaonews.net.br\/2022\/2023\/12\/29\/camara-devolve-r-34-milhoes-dos-duodecimos-aos-cofres-da-prefeitura-em-2023\/","title":{"rendered":"C\u00e2mara devolve R$ 3,4 milh\u00f5es dos duod\u00e9cimos aos cofres da Prefeitura em 2023"},"content":{"rendered":"<h3 class=\"benchnine\">Valor \u00e9 a soma de seis devolu\u00e7\u00f5es no decorrer do ano; Vereadores tamb\u00e9m aprovaram Or\u00e7amento menor que o permitido para 2024<\/h3>\n<p dir=\"ltr\">A C\u00e2mara de Barretos encerrou o ano de 2023 com\u00a0<strong>R$ 3,4 milh\u00f5es\u00a0dos duod\u00e9cimos devolvidos \u00e0 Prefeitura\u00a0<\/strong>e\u00a0<strong>diminui\u00e7\u00e3o em R$ 7,7 milh\u00f5es do Or\u00e7amento da C\u00e2mara permitido pela\u00a0Constitui\u00e7\u00e3o para 2024.\u00a0<\/strong><\/p>\n<p dir=\"ltr\">\n<p dir=\"ltr\">Na tarde de quarta-feira (27\/dez), o Presidente da C\u00e2mara, vereador Lu\u00eds Paulo Vieira &#8211; Lupa (PRTB),\u00a0determinou\u00a0<strong>a devolu\u00e7\u00e3o dos valores economizados pelo Legislativo nos \u00faltimos meses, totalizando 06 (seis) devolu\u00e7\u00f5es no decorrer do\u00a0ano.<\/strong><\/p>\n<p dir=\"ltr\">\n<p dir=\"ltr\">Em 2023, as devolu\u00e7\u00f5es dos duod\u00e9cimos da C\u00e2mara aos cofres do Munic\u00edpio foram feitas nos meses de\u00a0<strong>abril (R$ 550 mil), maio (R$ 350 mil), agosto (R$ 700 mil), setembro (R$ 900 mil), outubro (RS 500 mil) e dezembro (R$ 256,7 mil\u00a0), totalizando<\/strong>\u00a0<u><strong>R$ 3,4<\/strong><\/u><u><strong>\u00a0milh\u00f5es.<\/strong>\u00a0<\/u><\/p>\n<p dir=\"ltr\">\n<p dir=\"ltr\">De acordo com informa\u00e7\u00f5es do setor de Contabilidade da C\u00e2mara, foram exatos<strong>\u00a0R$ 3.406.563,29<\/strong><strong>\u00a0(tr\u00eas milh\u00f5es, quatrocentos e seis mil, quinhentos e sessenta e tr\u00eas reais e vinte e nove centavos)<\/strong><strong>\u00a0<\/strong>economizados e devolvidos.\u00a0O valor\u00a0representa<strong>\u00a0\u00a020,34 %<\/strong>\u00a0do Or\u00e7amento previsto para o\u00a0 ano.<\/p>\n<p dir=\"ltr\">\n<p dir=\"ltr\"><strong>O dinheiro devolvido poder\u00e1 ser utilizado pela Prefeitura para melhorias em v\u00e1rias \u00e1reas da cidade.<\/strong><\/p>\n<p dir=\"ltr\">\n<p dir=\"ltr\">Veja o hist\u00f3rico abaixo:<\/p>\n<p dir=\"ltr\">\n<p dir=\"ltr\"><img decoding=\"async\" src=\"https:\/\/camarabarretos.sp.gov.br\/images\/noticias\/5490\/alta_1703875537658f13d1d770f.jpg\" alt=\"\" \/><\/p>\n<p dir=\"ltr\">\n<p dir=\"ltr\">\n<p dir=\"ltr\">\n<p dir=\"ltr\">\n<hr \/>\n<p dir=\"ltr\">\n<p dir=\"ltr\"><strong>SOBRE OS DUOD\u00c9CIMOS<\/strong><\/p>\n<p dir=\"ltr\">\n<p dir=\"ltr\">Em cumprimento \u00e0 Constitui\u00e7\u00e3o Federal, os valores que a C\u00e2mara recebe da Prefeitura por meio dos\u00a0<strong>\u201cduod\u00e9cimos\u201d<\/strong><strong>\u00a0(repasses mensais at\u00e9 o dia 20)\u00a0<\/strong>e que n\u00e3o forem utilizados no decorrer do Exerc\u00edcio,\u00a0<strong>precisam ser devolvidos aos cofres do Munic\u00edpio<\/strong>\u00a0at\u00e9 o \u00faltimo dia \u00fatil do ano.<\/p>\n<p dir=\"ltr\">\n<p dir=\"ltr\">Por\u00e9m, o\u00a0Tribunal de Contas do Estado de S\u00e3o Paulo tem\u00a0<strong>recomendado \u00e0s C\u00e2maras Municipais que essas devolu\u00e7\u00f5es sejam feitas periodicamente\u00a0<\/strong>\u00e0 Prefeitura,\u00a0e n\u00e3o apenas no final do ano.<\/p>\n<p dir=\"ltr\">\n<p dir=\"ltr\">\n<hr \/>\n<p dir=\"ltr\">\n<p dir=\"ltr\"><strong>REDU\u00c7\u00c3O IMEDIATA \u00a0DE R$ 7,7\u00a0\u00a0MILH\u00d5ES NO OR\u00c7AMENTO\u00a0 PARA 2024<\/strong><\/p>\n<p dir=\"ltr\">\n<h3 dir=\"ltr\">Para 2024, a\u00a0<a title=\"\" href=\"https:\/\/camarabarretos.sp.gov.br\/mesa-diretora\" data-original-title=\"\">Mesa Diretora<\/a>(2023-2024) &#8211; com a aprova\u00e7\u00e3o\u00a0dos vereadores &#8211;\u00a0\u00a0decidiu reduzir\u00a0o valor\u00a0do Or\u00e7amento da C\u00e2mara permitido pela Constitui\u00e7\u00e3o\u00a0em\u00a0<strong>R$ 7,7 milh\u00f5es\u00a0(de R$ 25,2 milh\u00f5es para R$ 17,5 milh\u00f5es).<\/strong><\/h3>\n<p dir=\"ltr\">\n<p dir=\"ltr\">De acordo com o\u00a0<a class=\"OYPEnA text-decoration-underline text-strikethrough-none\" title=\"\" href=\"https:\/\/www.jusbrasil.com.br\/topicos\/27997295\/artigo-29a-da-constituicao-federal-de-1988\" target=\"_blank\" rel=\"noopener\" data-original-title=\"\">Inciso II do Art. 29-A da Constitui\u00e7\u00e3o Federal<\/a>,\u00a0<strong>nas cidades com popula\u00e7\u00e3o entre 100 mil e 300 mil habitantes<\/strong>, o valor do Or\u00e7amento da C\u00e2mara\u00a0<strong>n\u00e3o pode ser maior que 6% da Receita Tribut\u00e1ria do Munic\u00edpio (valores arrecadados com impostos, tributos e outros) referente ao ano anterior.<\/strong><\/p>\n<p dir=\"ltr\">\n<p dir=\"ltr\"><strong>Para 2024, o Or\u00e7amento da C\u00e2mara de Barretos poderia ser de at\u00e9 R$ 25,2 milh\u00f5es (6%). Por\u00e9m, a Mesa Diretora &#8211; com o apoio de todos os vereadores &#8211; fixou o valor em R$ 17,5 milh\u00f5es, ou seja, apenas 4,16 % do permitido. Em n\u00fameros, ocorre uma economia imediata de R$ 7,7 milh\u00f5es para a cidade.<\/strong><\/p>\n<p dir=\"ltr\">\n","protected":false},"excerpt":{"rendered":"<p>Valor \u00e9 a soma de seis devolu\u00e7\u00f5es no decorrer do<\/p>\n","protected":false},"author":2,"featured_media":99676,"comment_status":"open","ping_status":"open","sticky":false,"template":"","format":"standard","meta":{"footnotes":""},"categories":[14,25],"tags":[],"class_list":["post-99675","post","type-post","status-publish","format-standard","has-post-thumbnail","hentry","category-barretos","category-cidades"],"yoast_head":"<!-- This site is optimized with the Yoast SEO plugin v27.4 - https:\/\/yoast.com\/product\/yoast-seo-wordpress\/ -->\n<title>C\u00e2mara devolve R$ 3,4 milh\u00f5es dos duod\u00e9cimos aos cofres da Prefeitura em 2023 - Regi\u00e3o News<\/title>\n<meta name=\"robots\" content=\"index, follow, max-snippet:-1, max-image-preview:large, max-video-preview:-1\" \/>\n<link rel=\"canonical\" href=\"https:\/\/regiaonews.net.br\/2022\/2023\/12\/29\/camara-devolve-r-34-milhoes-dos-duodecimos-aos-cofres-da-prefeitura-em-2023\/\" \/>\n<meta property=\"og:locale\" content=\"pt_BR\" \/>\n<meta property=\"og:type\" content=\"article\" \/>\n<meta property=\"og:title\" content=\"C\u00e2mara devolve R$ 3,4 milh\u00f5es dos duod\u00e9cimos aos cofres da Prefeitura em 2023 - Regi\u00e3o News\" \/>\n<meta property=\"og:description\" content=\"Valor \u00e9 a soma de seis devolu\u00e7\u00f5es no decorrer do\" \/>\n<meta property=\"og:url\" content=\"https:\/\/regiaonews.net.br\/2022\/2023\/12\/29\/camara-devolve-r-34-milhoes-dos-duodecimos-aos-cofres-da-prefeitura-em-2023\/\" \/>\n<meta property=\"og:site_name\" content=\"Regi\u00e3o News\" \/>\n<meta property=\"article:published_time\" content=\"2023-12-29T20:31:44+00:00\" \/>\n<meta property=\"og:image\" content=\"https:\/\/regiaonews.net.br\/2022\/wp-content\/uploads\/2023\/12\/alta_1703875538658f13d285ee4.jpg\" \/>\n\t<meta property=\"og:image:width\" content=\"1920\" \/>\n\t<meta property=\"og:image:height\" content=\"1080\" \/>\n\t<meta property=\"og:image:type\" content=\"image\/jpeg\" \/>\n<meta name=\"author\" content=\"Roberto\" \/>\n<meta name=\"twitter:card\" content=\"summary_large_image\" \/>\n<meta name=\"twitter:label1\" content=\"Escrito por\" \/>\n\t<meta name=\"twitter:data1\" content=\"Roberto\" \/>\n\t<meta name=\"twitter:label2\" content=\"Est. tempo de leitura\" \/>\n\t<meta name=\"twitter:data2\" content=\"3 minutos\" \/>\n<script type=\"application\/ld+json\" class=\"yoast-schema-graph\">{\"@context\":\"https:\\\/\\\/schema.org\",\"@graph\":[{\"@type\":\"Article\",\"@id\":\"https:\\\/\\\/regiaonews.net.br\\\/2022\\\/2023\\\/12\\\/29\\\/camara-devolve-r-34-milhoes-dos-duodecimos-aos-cofres-da-prefeitura-em-2023\\\/#article\",\"isPartOf\":{\"@id\":\"https:\\\/\\\/regiaonews.net.br\\\/2022\\\/2023\\\/12\\\/29\\\/camara-devolve-r-34-milhoes-dos-duodecimos-aos-cofres-da-prefeitura-em-2023\\\/\"},\"author\":{\"name\":\"Roberto\",\"@id\":\"https:\\\/\\\/regiaonews.net.br\\\/2022\\\/#\\\/schema\\\/person\\\/2d205a608a5aa97ac279d7a5e6d89ad8\"},\"headline\":\"C\u00e2mara devolve R$ 3,4 milh\u00f5es dos duod\u00e9cimos aos cofres da Prefeitura em 2023\",\"datePublished\":\"2023-12-29T20:31:44+00:00\",\"mainEntityOfPage\":{\"@id\":\"https:\\\/\\\/regiaonews.net.br\\\/2022\\\/2023\\\/12\\\/29\\\/camara-devolve-r-34-milhoes-dos-duodecimos-aos-cofres-da-prefeitura-em-2023\\\/\"},\"wordCount\":471,\"commentCount\":0,\"publisher\":{\"@id\":\"https:\\\/\\\/regiaonews.net.br\\\/2022\\\/#organization\"},\"image\":{\"@id\":\"https:\\\/\\\/regiaonews.net.br\\\/2022\\\/2023\\\/12\\\/29\\\/camara-devolve-r-34-milhoes-dos-duodecimos-aos-cofres-da-prefeitura-em-2023\\\/#primaryimage\"},\"thumbnailUrl\":\"https:\\\/\\\/regiaonews.net.br\\\/2022\\\/wp-content\\\/uploads\\\/2023\\\/12\\\/alta_1703875538658f13d285ee4.jpg\",\"articleSection\":[\"Barretos\",\"Cidades\"],\"inLanguage\":\"pt-BR\",\"potentialAction\":[{\"@type\":\"CommentAction\",\"name\":\"Comment\",\"target\":[\"https:\\\/\\\/regiaonews.net.br\\\/2022\\\/2023\\\/12\\\/29\\\/camara-devolve-r-34-milhoes-dos-duodecimos-aos-cofres-da-prefeitura-em-2023\\\/#respond\"]}]},{\"@type\":\"WebPage\",\"@id\":\"https:\\\/\\\/regiaonews.net.br\\\/2022\\\/2023\\\/12\\\/29\\\/camara-devolve-r-34-milhoes-dos-duodecimos-aos-cofres-da-prefeitura-em-2023\\\/\",\"url\":\"https:\\\/\\\/regiaonews.net.br\\\/2022\\\/2023\\\/12\\\/29\\\/camara-devolve-r-34-milhoes-dos-duodecimos-aos-cofres-da-prefeitura-em-2023\\\/\",\"name\":\"C\u00e2mara devolve R$ 3,4 milh\u00f5es dos duod\u00e9cimos aos cofres da Prefeitura em 2023 - Regi\u00e3o News\",\"isPartOf\":{\"@id\":\"https:\\\/\\\/regiaonews.net.br\\\/2022\\\/#website\"},\"primaryImageOfPage\":{\"@id\":\"https:\\\/\\\/regiaonews.net.br\\\/2022\\\/2023\\\/12\\\/29\\\/camara-devolve-r-34-milhoes-dos-duodecimos-aos-cofres-da-prefeitura-em-2023\\\/#primaryimage\"},\"image\":{\"@id\":\"https:\\\/\\\/regiaonews.net.br\\\/2022\\\/2023\\\/12\\\/29\\\/camara-devolve-r-34-milhoes-dos-duodecimos-aos-cofres-da-prefeitura-em-2023\\\/#primaryimage\"},\"thumbnailUrl\":\"https:\\\/\\\/regiaonews.net.br\\\/2022\\\/wp-content\\\/uploads\\\/2023\\\/12\\\/alta_1703875538658f13d285ee4.jpg\",\"datePublished\":\"2023-12-29T20:31:44+00:00\",\"breadcrumb\":{\"@id\":\"https:\\\/\\\/regiaonews.net.br\\\/2022\\\/2023\\\/12\\\/29\\\/camara-devolve-r-34-milhoes-dos-duodecimos-aos-cofres-da-prefeitura-em-2023\\\/#breadcrumb\"},\"inLanguage\":\"pt-BR\",\"potentialAction\":[{\"@type\":\"ReadAction\",\"target\":[\"https:\\\/\\\/regiaonews.net.br\\\/2022\\\/2023\\\/12\\\/29\\\/camara-devolve-r-34-milhoes-dos-duodecimos-aos-cofres-da-prefeitura-em-2023\\\/\"]}]},{\"@type\":\"ImageObject\",\"inLanguage\":\"pt-BR\",\"@id\":\"https:\\\/\\\/regiaonews.net.br\\\/2022\\\/2023\\\/12\\\/29\\\/camara-devolve-r-34-milhoes-dos-duodecimos-aos-cofres-da-prefeitura-em-2023\\\/#primaryimage\",\"url\":\"https:\\\/\\\/regiaonews.net.br\\\/2022\\\/wp-content\\\/uploads\\\/2023\\\/12\\\/alta_1703875538658f13d285ee4.jpg\",\"contentUrl\":\"https:\\\/\\\/regiaonews.net.br\\\/2022\\\/wp-content\\\/uploads\\\/2023\\\/12\\\/alta_1703875538658f13d285ee4.jpg\",\"width\":1920,\"height\":1080},{\"@type\":\"BreadcrumbList\",\"@id\":\"https:\\\/\\\/regiaonews.net.br\\\/2022\\\/2023\\\/12\\\/29\\\/camara-devolve-r-34-milhoes-dos-duodecimos-aos-cofres-da-prefeitura-em-2023\\\/#breadcrumb\",\"itemListElement\":[{\"@type\":\"ListItem\",\"position\":1,\"name\":\"In\u00edcio\",\"item\":\"https:\\\/\\\/regiaonews.net.br\\\/2022\\\/\"},{\"@type\":\"ListItem\",\"position\":2,\"name\":\"C\u00e2mara devolve R$ 3,4 milh\u00f5es dos duod\u00e9cimos aos cofres da Prefeitura em 2023\"}]},{\"@type\":\"WebSite\",\"@id\":\"https:\\\/\\\/regiaonews.net.br\\\/2022\\\/#website\",\"url\":\"https:\\\/\\\/regiaonews.net.br\\\/2022\\\/\",\"name\":\"Regi\u00e3o News\",\"description\":\"Site de Not\u00edcias de Barretos e regi\u00e3o\",\"publisher\":{\"@id\":\"https:\\\/\\\/regiaonews.net.br\\\/2022\\\/#organization\"},\"potentialAction\":[{\"@type\":\"SearchAction\",\"target\":{\"@type\":\"EntryPoint\",\"urlTemplate\":\"https:\\\/\\\/regiaonews.net.br\\\/2022\\\/?s={search_term_string}\"},\"query-input\":{\"@type\":\"PropertyValueSpecification\",\"valueRequired\":true,\"valueName\":\"search_term_string\"}}],\"inLanguage\":\"pt-BR\"},{\"@type\":\"Organization\",\"@id\":\"https:\\\/\\\/regiaonews.net.br\\\/2022\\\/#organization\",\"name\":\"Regi\u00e3o News\",\"url\":\"https:\\\/\\\/regiaonews.net.br\\\/2022\\\/\",\"logo\":{\"@type\":\"ImageObject\",\"inLanguage\":\"pt-BR\",\"@id\":\"https:\\\/\\\/regiaonews.net.br\\\/2022\\\/#\\\/schema\\\/logo\\\/image\\\/\",\"url\":\"https:\\\/\\\/regiaonews.net.br\\\/2022\\\/wp-content\\\/uploads\\\/2026\\\/03\\\/regiao-13-anos-scaled.jpg\",\"contentUrl\":\"https:\\\/\\\/regiaonews.net.br\\\/2022\\\/wp-content\\\/uploads\\\/2026\\\/03\\\/regiao-13-anos-scaled.jpg\",\"width\":2560,\"height\":635,\"caption\":\"Regi\u00e3o News\"},\"image\":{\"@id\":\"https:\\\/\\\/regiaonews.net.br\\\/2022\\\/#\\\/schema\\\/logo\\\/image\\\/\"}},{\"@type\":\"Person\",\"@id\":\"https:\\\/\\\/regiaonews.net.br\\\/2022\\\/#\\\/schema\\\/person\\\/2d205a608a5aa97ac279d7a5e6d89ad8\",\"name\":\"Roberto\",\"image\":{\"@type\":\"ImageObject\",\"inLanguage\":\"pt-BR\",\"@id\":\"https:\\\/\\\/secure.gravatar.com\\\/avatar\\\/42749d8b712ff9d59ca93dc150494e5b55a44134482993f5baeb97e61b7ecc89?s=96&d=mm&r=g\",\"url\":\"https:\\\/\\\/secure.gravatar.com\\\/avatar\\\/42749d8b712ff9d59ca93dc150494e5b55a44134482993f5baeb97e61b7ecc89?s=96&d=mm&r=g\",\"contentUrl\":\"https:\\\/\\\/secure.gravatar.com\\\/avatar\\\/42749d8b712ff9d59ca93dc150494e5b55a44134482993f5baeb97e61b7ecc89?s=96&d=mm&r=g\",\"caption\":\"Roberto\"},\"url\":\"https:\\\/\\\/regiaonews.net.br\\\/2022\\\/author\\\/roberto\\\/\"}]}<\/script>\n<!-- \/ Yoast SEO plugin. -->","yoast_head_json":{"title":"C\u00e2mara devolve R$ 3,4 milh\u00f5es dos duod\u00e9cimos aos cofres da Prefeitura em 2023 - Regi\u00e3o News","robots":{"index":"index","follow":"follow","max-snippet":"max-snippet:-1","max-image-preview":"max-image-preview:large","max-video-preview":"max-video-preview:-1"},"canonical":"https:\/\/regiaonews.net.br\/2022\/2023\/12\/29\/camara-devolve-r-34-milhoes-dos-duodecimos-aos-cofres-da-prefeitura-em-2023\/","og_locale":"pt_BR","og_type":"article","og_title":"C\u00e2mara devolve R$ 3,4 milh\u00f5es dos duod\u00e9cimos aos cofres da Prefeitura em 2023 - Regi\u00e3o News","og_description":"Valor \u00e9 a soma de seis devolu\u00e7\u00f5es no decorrer do","og_url":"https:\/\/regiaonews.net.br\/2022\/2023\/12\/29\/camara-devolve-r-34-milhoes-dos-duodecimos-aos-cofres-da-prefeitura-em-2023\/","og_site_name":"Regi\u00e3o News","article_published_time":"2023-12-29T20:31:44+00:00","og_image":[{"width":1920,"height":1080,"url":"https:\/\/regiaonews.net.br\/2022\/wp-content\/uploads\/2023\/12\/alta_1703875538658f13d285ee4.jpg","type":"image\/jpeg"}],"author":"Roberto","twitter_card":"summary_large_image","twitter_misc":{"Escrito por":"Roberto","Est. tempo de leitura":"3 minutos"},"schema":{"@context":"https:\/\/schema.org","@graph":[{"@type":"Article","@id":"https:\/\/regiaonews.net.br\/2022\/2023\/12\/29\/camara-devolve-r-34-milhoes-dos-duodecimos-aos-cofres-da-prefeitura-em-2023\/#article","isPartOf":{"@id":"https:\/\/regiaonews.net.br\/2022\/2023\/12\/29\/camara-devolve-r-34-milhoes-dos-duodecimos-aos-cofres-da-prefeitura-em-2023\/"},"author":{"name":"Roberto","@id":"https:\/\/regiaonews.net.br\/2022\/#\/schema\/person\/2d205a608a5aa97ac279d7a5e6d89ad8"},"headline":"C\u00e2mara devolve R$ 3,4 milh\u00f5es dos duod\u00e9cimos aos cofres da Prefeitura em 2023","datePublished":"2023-12-29T20:31:44+00:00","mainEntityOfPage":{"@id":"https:\/\/regiaonews.net.br\/2022\/2023\/12\/29\/camara-devolve-r-34-milhoes-dos-duodecimos-aos-cofres-da-prefeitura-em-2023\/"},"wordCount":471,"commentCount":0,"publisher":{"@id":"https:\/\/regiaonews.net.br\/2022\/#organization"},"image":{"@id":"https:\/\/regiaonews.net.br\/2022\/2023\/12\/29\/camara-devolve-r-34-milhoes-dos-duodecimos-aos-cofres-da-prefeitura-em-2023\/#primaryimage"},"thumbnailUrl":"https:\/\/regiaonews.net.br\/2022\/wp-content\/uploads\/2023\/12\/alta_1703875538658f13d285ee4.jpg","articleSection":["Barretos","Cidades"],"inLanguage":"pt-BR","potentialAction":[{"@type":"CommentAction","name":"Comment","target":["https:\/\/regiaonews.net.br\/2022\/2023\/12\/29\/camara-devolve-r-34-milhoes-dos-duodecimos-aos-cofres-da-prefeitura-em-2023\/#respond"]}]},{"@type":"WebPage","@id":"https:\/\/regiaonews.net.br\/2022\/2023\/12\/29\/camara-devolve-r-34-milhoes-dos-duodecimos-aos-cofres-da-prefeitura-em-2023\/","url":"https:\/\/regiaonews.net.br\/2022\/2023\/12\/29\/camara-devolve-r-34-milhoes-dos-duodecimos-aos-cofres-da-prefeitura-em-2023\/","name":"C\u00e2mara devolve R$ 3,4 milh\u00f5es dos duod\u00e9cimos aos cofres da Prefeitura em 2023 - Regi\u00e3o News","isPartOf":{"@id":"https:\/\/regiaonews.net.br\/2022\/#website"},"primaryImageOfPage":{"@id":"https:\/\/regiaonews.net.br\/2022\/2023\/12\/29\/camara-devolve-r-34-milhoes-dos-duodecimos-aos-cofres-da-prefeitura-em-2023\/#primaryimage"},"image":{"@id":"https:\/\/regiaonews.net.br\/2022\/2023\/12\/29\/camara-devolve-r-34-milhoes-dos-duodecimos-aos-cofres-da-prefeitura-em-2023\/#primaryimage"},"thumbnailUrl":"https:\/\/regiaonews.net.br\/2022\/wp-content\/uploads\/2023\/12\/alta_1703875538658f13d285ee4.jpg","datePublished":"2023-12-29T20:31:44+00:00","breadcrumb":{"@id":"https:\/\/regiaonews.net.br\/2022\/2023\/12\/29\/camara-devolve-r-34-milhoes-dos-duodecimos-aos-cofres-da-prefeitura-em-2023\/#breadcrumb"},"inLanguage":"pt-BR","potentialAction":[{"@type":"ReadAction","target":["https:\/\/regiaonews.net.br\/2022\/2023\/12\/29\/camara-devolve-r-34-milhoes-dos-duodecimos-aos-cofres-da-prefeitura-em-2023\/"]}]},{"@type":"ImageObject","inLanguage":"pt-BR","@id":"https:\/\/regiaonews.net.br\/2022\/2023\/12\/29\/camara-devolve-r-34-milhoes-dos-duodecimos-aos-cofres-da-prefeitura-em-2023\/#primaryimage","url":"https:\/\/regiaonews.net.br\/2022\/wp-content\/uploads\/2023\/12\/alta_1703875538658f13d285ee4.jpg","contentUrl":"https:\/\/regiaonews.net.br\/2022\/wp-content\/uploads\/2023\/12\/alta_1703875538658f13d285ee4.jpg","width":1920,"height":1080},{"@type":"BreadcrumbList","@id":"https:\/\/regiaonews.net.br\/2022\/2023\/12\/29\/camara-devolve-r-34-milhoes-dos-duodecimos-aos-cofres-da-prefeitura-em-2023\/#breadcrumb","itemListElement":[{"@type":"ListItem","position":1,"name":"In\u00edcio","item":"https:\/\/regiaonews.net.br\/2022\/"},{"@type":"ListItem","position":2,"name":"C\u00e2mara devolve R$ 3,4 milh\u00f5es dos duod\u00e9cimos aos cofres da Prefeitura em 2023"}]},{"@type":"WebSite","@id":"https:\/\/regiaonews.net.br\/2022\/#website","url":"https:\/\/regiaonews.net.br\/2022\/","name":"Regi\u00e3o News","description":"Site de Not\u00edcias de Barretos e regi\u00e3o","publisher":{"@id":"https:\/\/regiaonews.net.br\/2022\/#organization"},"potentialAction":[{"@type":"SearchAction","target":{"@type":"EntryPoint","urlTemplate":"https:\/\/regiaonews.net.br\/2022\/?s={search_term_string}"},"query-input":{"@type":"PropertyValueSpecification","valueRequired":true,"valueName":"search_term_string"}}],"inLanguage":"pt-BR"},{"@type":"Organization","@id":"https:\/\/regiaonews.net.br\/2022\/#organization","name":"Regi\u00e3o News","url":"https:\/\/regiaonews.net.br\/2022\/","logo":{"@type":"ImageObject","inLanguage":"pt-BR","@id":"https:\/\/regiaonews.net.br\/2022\/#\/schema\/logo\/image\/","url":"https:\/\/regiaonews.net.br\/2022\/wp-content\/uploads\/2026\/03\/regiao-13-anos-scaled.jpg","contentUrl":"https:\/\/regiaonews.net.br\/2022\/wp-content\/uploads\/2026\/03\/regiao-13-anos-scaled.jpg","width":2560,"height":635,"caption":"Regi\u00e3o News"},"image":{"@id":"https:\/\/regiaonews.net.br\/2022\/#\/schema\/logo\/image\/"}},{"@type":"Person","@id":"https:\/\/regiaonews.net.br\/2022\/#\/schema\/person\/2d205a608a5aa97ac279d7a5e6d89ad8","name":"Roberto","image":{"@type":"ImageObject","inLanguage":"pt-BR","@id":"https:\/\/secure.gravatar.com\/avatar\/42749d8b712ff9d59ca93dc150494e5b55a44134482993f5baeb97e61b7ecc89?s=96&d=mm&r=g","url":"https:\/\/secure.gravatar.com\/avatar\/42749d8b712ff9d59ca93dc150494e5b55a44134482993f5baeb97e61b7ecc89?s=96&d=mm&r=g","contentUrl":"https:\/\/secure.gravatar.com\/avatar\/42749d8b712ff9d59ca93dc150494e5b55a44134482993f5baeb97e61b7ecc89?s=96&d=mm&r=g","caption":"Roberto"},"url":"https:\/\/regiaonews.net.br\/2022\/author\/roberto\/"}]}},"publishpress_future_action":{"enabled":false,"date":"2026-05-04 09:13:01","action":"change-status","newStatus":"draft","terms":[],"taxonomy":"category","extraData":[]},"publishpress_future_workflow_manual_trigger":{"enabledWorkflows":[]},"_links":{"self":[{"href":"https:\/\/regiaonews.net.br\/2022\/wp-json\/wp\/v2\/posts\/99675","targetHints":{"allow":["GET"]}}],"collection":[{"href":"https:\/\/regiaonews.net.br\/2022\/wp-json\/wp\/v2\/posts"}],"about":[{"href":"https:\/\/regiaonews.net.br\/2022\/wp-json\/wp\/v2\/types\/post"}],"author":[{"embeddable":true,"href":"https:\/\/regiaonews.net.br\/2022\/wp-json\/wp\/v2\/users\/2"}],"replies":[{"embeddable":true,"href":"https:\/\/regiaonews.net.br\/2022\/wp-json\/wp\/v2\/comments?post=99675"}],"version-history":[{"count":1,"href":"https:\/\/regiaonews.net.br\/2022\/wp-json\/wp\/v2\/posts\/99675\/revisions"}],"predecessor-version":[{"id":99677,"href":"https:\/\/regiaonews.net.br\/2022\/wp-json\/wp\/v2\/posts\/99675\/revisions\/99677"}],"wp:featuredmedia":[{"embeddable":true,"href":"https:\/\/regiaonews.net.br\/2022\/wp-json\/wp\/v2\/media\/99676"}],"wp:attachment":[{"href":"https:\/\/regiaonews.net.br\/2022\/wp-json\/wp\/v2\/media?parent=99675"}],"wp:term":[{"taxonomy":"category","embeddable":true,"href":"https:\/\/regiaonews.net.br\/2022\/wp-json\/wp\/v2\/categories?post=99675"},{"taxonomy":"post_tag","embeddable":true,"href":"https:\/\/regiaonews.net.br\/2022\/wp-json\/wp\/v2\/tags?post=99675"}],"curies":[{"name":"wp","href":"https:\/\/api.w.org\/{rel}","templated":true}]}}