{"id":99672,"date":"2023-12-29T17:28:18","date_gmt":"2023-12-29T20:28:18","guid":{"rendered":"https:\/\/regiaonews.net.br\/2022\/?p=99672"},"modified":"2023-12-29T17:28:18","modified_gmt":"2023-12-29T20:28:18","slug":"barretos-conclui-acoes-do-mes-de-enfrentamento-ao-virus-hiv-a-aids-e-outras-ists","status":"publish","type":"post","link":"https:\/\/regiaonews.net.br\/2022\/2023\/12\/29\/barretos-conclui-acoes-do-mes-de-enfrentamento-ao-virus-hiv-a-aids-e-outras-ists\/","title":{"rendered":"Barretos conclui a\u00e7\u00f5es do m\u00eas de enfrentamento ao v\u00edrus HIV, a Aids e outras ISTs"},"content":{"rendered":"<p>&nbsp;<\/p>\n<p>A Secretaria Municipal de Sa\u00fade divulgou nesta sexta-feira, dia 29, o balan\u00e7o da \u201cCampanha Fique Sabendo\u201d, realizada entre as a\u00e7\u00f5es do \u201cDezembro Vermelho \u2013 m\u00eas de luta contra o v\u00edrus HIV, a AIDS e outras Infec\u00e7\u00f5es Sexualmente Transmiss\u00edveis (ISTs). Ao longo da campanha, foram realizados 1.664 testes em 416 pessoas. A campanha foi realizada em todas as Unidades B\u00e1sicas de Sa\u00fade (UBSs) do munic\u00edpio entre os dias 1\u00ba e 7 e em a\u00e7\u00e3o externa em frente a Acib, aproveitando o movimento do com\u00e9rcio aberto em hor\u00e1rio noturno, entre os dias 7 e 15 de dezembro. Do total de testes, 1.004 foram realizados na a\u00e7\u00e3o externa.<br \/>\nA coordenadora do Programa Municipal IST\/HIV\/AIDS, Cec\u00edlia de Assis Marques dos Reis, destaca que a campanha cumpriu o objetivo de levar \u00e0s pessoas informa\u00e7\u00e3o atualizada sobre seu estado sorol\u00f3gico. Nas testagens, entre as mulheres, foram detectados um caso positivo para HIV, um para Hepatite C e 16 positivos para S\u00edfilis. Entre os homens, houve sete testes positivos para S\u00edfilis. \u201cO objetivo da campanha \u00e9 justamente que as pessoas saibam se est\u00e3o com alguma IST ou n\u00e3o, contribuindo para cortar a cadeia de transmiss\u00e3o. Nos casos de s\u00edfilis e Hepatite C detectados em teste r\u00e1pido, o paciente recebe encaminhamento para realizar teste confirmat\u00f3rio na UBS\u201d, explica Cec\u00edlia. \u201cA S\u00edfilis pode ser tratada e curada. Ao tomar conhecimento de seu estado sorol\u00f3gico, o paciente com Hepatite C ou com HIV tamb\u00e9m passa a fazer o devido acompanhamento, que lhe permitir\u00e1 conviver com essa infec\u00e7\u00e3o\u201d, destaca.<\/p>\n<p>Cec\u00edlia lembra que os testes r\u00e1pidos s\u00e3o gratuitos, sigilosos e realizados por profissionais graduados. \u201cNo fim de novembro, profissionais de todas as UBSs de Barretos participaram de um treinamento realizado pelo Grupo de Vigil\u00e2ncia do Estado em parceria com as Prefeituras de Barretos e de outras cidades da regi\u00e3o. As a\u00e7\u00f5es de intensifica\u00e7\u00e3o deste m\u00eas est\u00e3o terminando, mas a popula\u00e7\u00e3o pode procurar qualquer UBS ou o SAE &#8211; Casa Rosa ao longo do ano todo para realizar testagem\u201d, destaca.<\/p>\n<p>A Casa Rosa est\u00e1 localizada na Av. Jeronimo Alves Pereira, n. 490 \u2013 Bairro Universit\u00e1rio, e realiza tamb\u00e9m acompanhamento de pacientes com ISTs, al\u00e9m de disponibilizar profilaxia pr\u00e9-exposi\u00e7\u00e3o (PREP) e profilaxia p\u00f3s-exposi\u00e7\u00e3o (PEP), a qual deve ser iniciada em at\u00e9 72h ap\u00f3s uma exposi\u00e7\u00e3o de risco, sendo que o in\u00edcio pode ser realizado na UPA ou Santa Casa se ocorrer em finais de semana ou feriado.<\/p>\n<p>Trabalho reconhecido<br \/>\nEm outubro deste ano, a Aten\u00e7\u00e3o B\u00e1sica da Sa\u00fade de Barretos recebeu premia\u00e7\u00e3o estadual pelos resultados satisfat\u00f3rios na mobiliza\u00e7\u00e3o contra a S\u00edfilis Cong\u00eanita, evitando que a infec\u00e7\u00e3o seja transmitida da m\u00e3e para o beb\u00ea. A 5\u00aa edi\u00e7\u00e3o do Pr\u00eamio Luiza Matida foi realizada durante a &#8220;8\u00aa Semana Paulista de Mobiliza\u00e7\u00e3o Contra a S\u00edfilis e S\u00edfilis Cong\u00eanita: Reduzir a desigualdade contribui para eliminar a s\u00edfilis cong\u00eanita\u201d. Na ocasi\u00e3o, tamb\u00e9m houve apresenta\u00e7\u00e3o de trabalhos realizados na cidade.<\/p>\n<p>O pr\u00eamio concedido aos munic\u00edpios que v\u00eam impedindo a transmiss\u00e3o vertical da s\u00edfilis presta tamb\u00e9m homenagem a Luiza Matida, m\u00e9dica pediatra que dedicou grande parte de sua vida a elabora\u00e7\u00e3o e implanta\u00e7\u00e3o de pol\u00edticas p\u00fablicas e estrat\u00e9gias para a Elimina\u00e7\u00e3o da Transmiss\u00e3o Vertical do HIV e S\u00edfilis no Estado de S\u00e3o Paulo.<\/p>\n","protected":false},"excerpt":{"rendered":"<p>&nbsp; A Secretaria Municipal de Sa\u00fade divulgou nesta sexta-feira, dia<\/p>\n","protected":false},"author":2,"featured_media":99673,"comment_status":"open","ping_status":"open","sticky":false,"template":"","format":"standard","meta":{"footnotes":""},"categories":[14,25],"tags":[],"class_list":["post-99672","post","type-post","status-publish","format-standard","has-post-thumbnail","hentry","category-barretos","category-cidades"],"yoast_head":"<!-- This site is optimized with the Yoast SEO plugin v27.4 - https:\/\/yoast.com\/product\/yoast-seo-wordpress\/ -->\n<title>Barretos conclui a\u00e7\u00f5es do m\u00eas de enfrentamento ao v\u00edrus HIV, a Aids e outras ISTs - Regi\u00e3o News<\/title>\n<meta name=\"robots\" content=\"index, follow, max-snippet:-1, max-image-preview:large, max-video-preview:-1\" \/>\n<link rel=\"canonical\" href=\"https:\/\/regiaonews.net.br\/2022\/2023\/12\/29\/barretos-conclui-acoes-do-mes-de-enfrentamento-ao-virus-hiv-a-aids-e-outras-ists\/\" \/>\n<meta property=\"og:locale\" content=\"pt_BR\" \/>\n<meta property=\"og:type\" content=\"article\" \/>\n<meta property=\"og:title\" content=\"Barretos conclui a\u00e7\u00f5es do m\u00eas de enfrentamento ao v\u00edrus HIV, a Aids e outras ISTs - Regi\u00e3o News\" \/>\n<meta property=\"og:description\" content=\"&nbsp; A Secretaria Municipal de Sa\u00fade divulgou nesta sexta-feira, dia\" \/>\n<meta property=\"og:url\" content=\"https:\/\/regiaonews.net.br\/2022\/2023\/12\/29\/barretos-conclui-acoes-do-mes-de-enfrentamento-ao-virus-hiv-a-aids-e-outras-ists\/\" \/>\n<meta property=\"og:site_name\" content=\"Regi\u00e3o News\" \/>\n<meta property=\"article:published_time\" content=\"2023-12-29T20:28:18+00:00\" \/>\n<meta property=\"og:image\" content=\"https:\/\/regiaonews.net.br\/2022\/wp-content\/uploads\/2023\/12\/WhatsApp-Image-2023-12-29-at-17.05.03-1.jpeg\" \/>\n\t<meta property=\"og:image:width\" content=\"1600\" \/>\n\t<meta property=\"og:image:height\" content=\"1067\" \/>\n\t<meta property=\"og:image:type\" content=\"image\/jpeg\" \/>\n<meta name=\"author\" content=\"Roberto\" \/>\n<meta name=\"twitter:card\" content=\"summary_large_image\" \/>\n<meta name=\"twitter:label1\" content=\"Escrito por\" \/>\n\t<meta name=\"twitter:data1\" content=\"Roberto\" \/>\n\t<meta name=\"twitter:label2\" content=\"Est. tempo de leitura\" \/>\n\t<meta name=\"twitter:data2\" content=\"4 minutos\" \/>\n<script type=\"application\/ld+json\" class=\"yoast-schema-graph\">{\"@context\":\"https:\\\/\\\/schema.org\",\"@graph\":[{\"@type\":\"Article\",\"@id\":\"https:\\\/\\\/regiaonews.net.br\\\/2022\\\/2023\\\/12\\\/29\\\/barretos-conclui-acoes-do-mes-de-enfrentamento-ao-virus-hiv-a-aids-e-outras-ists\\\/#article\",\"isPartOf\":{\"@id\":\"https:\\\/\\\/regiaonews.net.br\\\/2022\\\/2023\\\/12\\\/29\\\/barretos-conclui-acoes-do-mes-de-enfrentamento-ao-virus-hiv-a-aids-e-outras-ists\\\/\"},\"author\":{\"name\":\"Roberto\",\"@id\":\"https:\\\/\\\/regiaonews.net.br\\\/2022\\\/#\\\/schema\\\/person\\\/2d205a608a5aa97ac279d7a5e6d89ad8\"},\"headline\":\"Barretos conclui a\u00e7\u00f5es do m\u00eas de enfrentamento ao v\u00edrus HIV, a Aids e outras ISTs\",\"datePublished\":\"2023-12-29T20:28:18+00:00\",\"mainEntityOfPage\":{\"@id\":\"https:\\\/\\\/regiaonews.net.br\\\/2022\\\/2023\\\/12\\\/29\\\/barretos-conclui-acoes-do-mes-de-enfrentamento-ao-virus-hiv-a-aids-e-outras-ists\\\/\"},\"wordCount\":615,\"commentCount\":0,\"publisher\":{\"@id\":\"https:\\\/\\\/regiaonews.net.br\\\/2022\\\/#organization\"},\"image\":{\"@id\":\"https:\\\/\\\/regiaonews.net.br\\\/2022\\\/2023\\\/12\\\/29\\\/barretos-conclui-acoes-do-mes-de-enfrentamento-ao-virus-hiv-a-aids-e-outras-ists\\\/#primaryimage\"},\"thumbnailUrl\":\"https:\\\/\\\/regiaonews.net.br\\\/2022\\\/wp-content\\\/uploads\\\/2023\\\/12\\\/WhatsApp-Image-2023-12-29-at-17.05.03-1.jpeg\",\"articleSection\":[\"Barretos\",\"Cidades\"],\"inLanguage\":\"pt-BR\",\"potentialAction\":[{\"@type\":\"CommentAction\",\"name\":\"Comment\",\"target\":[\"https:\\\/\\\/regiaonews.net.br\\\/2022\\\/2023\\\/12\\\/29\\\/barretos-conclui-acoes-do-mes-de-enfrentamento-ao-virus-hiv-a-aids-e-outras-ists\\\/#respond\"]}]},{\"@type\":\"WebPage\",\"@id\":\"https:\\\/\\\/regiaonews.net.br\\\/2022\\\/2023\\\/12\\\/29\\\/barretos-conclui-acoes-do-mes-de-enfrentamento-ao-virus-hiv-a-aids-e-outras-ists\\\/\",\"url\":\"https:\\\/\\\/regiaonews.net.br\\\/2022\\\/2023\\\/12\\\/29\\\/barretos-conclui-acoes-do-mes-de-enfrentamento-ao-virus-hiv-a-aids-e-outras-ists\\\/\",\"name\":\"Barretos conclui a\u00e7\u00f5es do m\u00eas de enfrentamento ao v\u00edrus HIV, a Aids e outras ISTs - Regi\u00e3o News\",\"isPartOf\":{\"@id\":\"https:\\\/\\\/regiaonews.net.br\\\/2022\\\/#website\"},\"primaryImageOfPage\":{\"@id\":\"https:\\\/\\\/regiaonews.net.br\\\/2022\\\/2023\\\/12\\\/29\\\/barretos-conclui-acoes-do-mes-de-enfrentamento-ao-virus-hiv-a-aids-e-outras-ists\\\/#primaryimage\"},\"image\":{\"@id\":\"https:\\\/\\\/regiaonews.net.br\\\/2022\\\/2023\\\/12\\\/29\\\/barretos-conclui-acoes-do-mes-de-enfrentamento-ao-virus-hiv-a-aids-e-outras-ists\\\/#primaryimage\"},\"thumbnailUrl\":\"https:\\\/\\\/regiaonews.net.br\\\/2022\\\/wp-content\\\/uploads\\\/2023\\\/12\\\/WhatsApp-Image-2023-12-29-at-17.05.03-1.jpeg\",\"datePublished\":\"2023-12-29T20:28:18+00:00\",\"breadcrumb\":{\"@id\":\"https:\\\/\\\/regiaonews.net.br\\\/2022\\\/2023\\\/12\\\/29\\\/barretos-conclui-acoes-do-mes-de-enfrentamento-ao-virus-hiv-a-aids-e-outras-ists\\\/#breadcrumb\"},\"inLanguage\":\"pt-BR\",\"potentialAction\":[{\"@type\":\"ReadAction\",\"target\":[\"https:\\\/\\\/regiaonews.net.br\\\/2022\\\/2023\\\/12\\\/29\\\/barretos-conclui-acoes-do-mes-de-enfrentamento-ao-virus-hiv-a-aids-e-outras-ists\\\/\"]}]},{\"@type\":\"ImageObject\",\"inLanguage\":\"pt-BR\",\"@id\":\"https:\\\/\\\/regiaonews.net.br\\\/2022\\\/2023\\\/12\\\/29\\\/barretos-conclui-acoes-do-mes-de-enfrentamento-ao-virus-hiv-a-aids-e-outras-ists\\\/#primaryimage\",\"url\":\"https:\\\/\\\/regiaonews.net.br\\\/2022\\\/wp-content\\\/uploads\\\/2023\\\/12\\\/WhatsApp-Image-2023-12-29-at-17.05.03-1.jpeg\",\"contentUrl\":\"https:\\\/\\\/regiaonews.net.br\\\/2022\\\/wp-content\\\/uploads\\\/2023\\\/12\\\/WhatsApp-Image-2023-12-29-at-17.05.03-1.jpeg\",\"width\":1600,\"height\":1067},{\"@type\":\"BreadcrumbList\",\"@id\":\"https:\\\/\\\/regiaonews.net.br\\\/2022\\\/2023\\\/12\\\/29\\\/barretos-conclui-acoes-do-mes-de-enfrentamento-ao-virus-hiv-a-aids-e-outras-ists\\\/#breadcrumb\",\"itemListElement\":[{\"@type\":\"ListItem\",\"position\":1,\"name\":\"In\u00edcio\",\"item\":\"https:\\\/\\\/regiaonews.net.br\\\/2022\\\/\"},{\"@type\":\"ListItem\",\"position\":2,\"name\":\"Barretos conclui a\u00e7\u00f5es do m\u00eas de enfrentamento ao v\u00edrus HIV, a Aids e outras ISTs\"}]},{\"@type\":\"WebSite\",\"@id\":\"https:\\\/\\\/regiaonews.net.br\\\/2022\\\/#website\",\"url\":\"https:\\\/\\\/regiaonews.net.br\\\/2022\\\/\",\"name\":\"Regi\u00e3o News\",\"description\":\"Site de Not\u00edcias de Barretos e regi\u00e3o\",\"publisher\":{\"@id\":\"https:\\\/\\\/regiaonews.net.br\\\/2022\\\/#organization\"},\"potentialAction\":[{\"@type\":\"SearchAction\",\"target\":{\"@type\":\"EntryPoint\",\"urlTemplate\":\"https:\\\/\\\/regiaonews.net.br\\\/2022\\\/?s={search_term_string}\"},\"query-input\":{\"@type\":\"PropertyValueSpecification\",\"valueRequired\":true,\"valueName\":\"search_term_string\"}}],\"inLanguage\":\"pt-BR\"},{\"@type\":\"Organization\",\"@id\":\"https:\\\/\\\/regiaonews.net.br\\\/2022\\\/#organization\",\"name\":\"Regi\u00e3o News\",\"url\":\"https:\\\/\\\/regiaonews.net.br\\\/2022\\\/\",\"logo\":{\"@type\":\"ImageObject\",\"inLanguage\":\"pt-BR\",\"@id\":\"https:\\\/\\\/regiaonews.net.br\\\/2022\\\/#\\\/schema\\\/logo\\\/image\\\/\",\"url\":\"https:\\\/\\\/regiaonews.net.br\\\/2022\\\/wp-content\\\/uploads\\\/2026\\\/03\\\/regiao-13-anos-scaled.jpg\",\"contentUrl\":\"https:\\\/\\\/regiaonews.net.br\\\/2022\\\/wp-content\\\/uploads\\\/2026\\\/03\\\/regiao-13-anos-scaled.jpg\",\"width\":2560,\"height\":635,\"caption\":\"Regi\u00e3o News\"},\"image\":{\"@id\":\"https:\\\/\\\/regiaonews.net.br\\\/2022\\\/#\\\/schema\\\/logo\\\/image\\\/\"}},{\"@type\":\"Person\",\"@id\":\"https:\\\/\\\/regiaonews.net.br\\\/2022\\\/#\\\/schema\\\/person\\\/2d205a608a5aa97ac279d7a5e6d89ad8\",\"name\":\"Roberto\",\"image\":{\"@type\":\"ImageObject\",\"inLanguage\":\"pt-BR\",\"@id\":\"https:\\\/\\\/secure.gravatar.com\\\/avatar\\\/42749d8b712ff9d59ca93dc150494e5b55a44134482993f5baeb97e61b7ecc89?s=96&d=mm&r=g\",\"url\":\"https:\\\/\\\/secure.gravatar.com\\\/avatar\\\/42749d8b712ff9d59ca93dc150494e5b55a44134482993f5baeb97e61b7ecc89?s=96&d=mm&r=g\",\"contentUrl\":\"https:\\\/\\\/secure.gravatar.com\\\/avatar\\\/42749d8b712ff9d59ca93dc150494e5b55a44134482993f5baeb97e61b7ecc89?s=96&d=mm&r=g\",\"caption\":\"Roberto\"},\"url\":\"https:\\\/\\\/regiaonews.net.br\\\/2022\\\/author\\\/roberto\\\/\"}]}<\/script>\n<!-- \/ Yoast SEO plugin. -->","yoast_head_json":{"title":"Barretos conclui a\u00e7\u00f5es do m\u00eas de enfrentamento ao v\u00edrus HIV, a Aids e outras ISTs - Regi\u00e3o News","robots":{"index":"index","follow":"follow","max-snippet":"max-snippet:-1","max-image-preview":"max-image-preview:large","max-video-preview":"max-video-preview:-1"},"canonical":"https:\/\/regiaonews.net.br\/2022\/2023\/12\/29\/barretos-conclui-acoes-do-mes-de-enfrentamento-ao-virus-hiv-a-aids-e-outras-ists\/","og_locale":"pt_BR","og_type":"article","og_title":"Barretos conclui a\u00e7\u00f5es do m\u00eas de enfrentamento ao v\u00edrus HIV, a Aids e outras ISTs - Regi\u00e3o News","og_description":"&nbsp; A Secretaria Municipal de Sa\u00fade divulgou nesta sexta-feira, dia","og_url":"https:\/\/regiaonews.net.br\/2022\/2023\/12\/29\/barretos-conclui-acoes-do-mes-de-enfrentamento-ao-virus-hiv-a-aids-e-outras-ists\/","og_site_name":"Regi\u00e3o News","article_published_time":"2023-12-29T20:28:18+00:00","og_image":[{"width":1600,"height":1067,"url":"https:\/\/regiaonews.net.br\/2022\/wp-content\/uploads\/2023\/12\/WhatsApp-Image-2023-12-29-at-17.05.03-1.jpeg","type":"image\/jpeg"}],"author":"Roberto","twitter_card":"summary_large_image","twitter_misc":{"Escrito por":"Roberto","Est. tempo de leitura":"4 minutos"},"schema":{"@context":"https:\/\/schema.org","@graph":[{"@type":"Article","@id":"https:\/\/regiaonews.net.br\/2022\/2023\/12\/29\/barretos-conclui-acoes-do-mes-de-enfrentamento-ao-virus-hiv-a-aids-e-outras-ists\/#article","isPartOf":{"@id":"https:\/\/regiaonews.net.br\/2022\/2023\/12\/29\/barretos-conclui-acoes-do-mes-de-enfrentamento-ao-virus-hiv-a-aids-e-outras-ists\/"},"author":{"name":"Roberto","@id":"https:\/\/regiaonews.net.br\/2022\/#\/schema\/person\/2d205a608a5aa97ac279d7a5e6d89ad8"},"headline":"Barretos conclui a\u00e7\u00f5es do m\u00eas de enfrentamento ao v\u00edrus HIV, a Aids e outras ISTs","datePublished":"2023-12-29T20:28:18+00:00","mainEntityOfPage":{"@id":"https:\/\/regiaonews.net.br\/2022\/2023\/12\/29\/barretos-conclui-acoes-do-mes-de-enfrentamento-ao-virus-hiv-a-aids-e-outras-ists\/"},"wordCount":615,"commentCount":0,"publisher":{"@id":"https:\/\/regiaonews.net.br\/2022\/#organization"},"image":{"@id":"https:\/\/regiaonews.net.br\/2022\/2023\/12\/29\/barretos-conclui-acoes-do-mes-de-enfrentamento-ao-virus-hiv-a-aids-e-outras-ists\/#primaryimage"},"thumbnailUrl":"https:\/\/regiaonews.net.br\/2022\/wp-content\/uploads\/2023\/12\/WhatsApp-Image-2023-12-29-at-17.05.03-1.jpeg","articleSection":["Barretos","Cidades"],"inLanguage":"pt-BR","potentialAction":[{"@type":"CommentAction","name":"Comment","target":["https:\/\/regiaonews.net.br\/2022\/2023\/12\/29\/barretos-conclui-acoes-do-mes-de-enfrentamento-ao-virus-hiv-a-aids-e-outras-ists\/#respond"]}]},{"@type":"WebPage","@id":"https:\/\/regiaonews.net.br\/2022\/2023\/12\/29\/barretos-conclui-acoes-do-mes-de-enfrentamento-ao-virus-hiv-a-aids-e-outras-ists\/","url":"https:\/\/regiaonews.net.br\/2022\/2023\/12\/29\/barretos-conclui-acoes-do-mes-de-enfrentamento-ao-virus-hiv-a-aids-e-outras-ists\/","name":"Barretos conclui a\u00e7\u00f5es do m\u00eas de enfrentamento ao v\u00edrus HIV, a Aids e outras ISTs - Regi\u00e3o News","isPartOf":{"@id":"https:\/\/regiaonews.net.br\/2022\/#website"},"primaryImageOfPage":{"@id":"https:\/\/regiaonews.net.br\/2022\/2023\/12\/29\/barretos-conclui-acoes-do-mes-de-enfrentamento-ao-virus-hiv-a-aids-e-outras-ists\/#primaryimage"},"image":{"@id":"https:\/\/regiaonews.net.br\/2022\/2023\/12\/29\/barretos-conclui-acoes-do-mes-de-enfrentamento-ao-virus-hiv-a-aids-e-outras-ists\/#primaryimage"},"thumbnailUrl":"https:\/\/regiaonews.net.br\/2022\/wp-content\/uploads\/2023\/12\/WhatsApp-Image-2023-12-29-at-17.05.03-1.jpeg","datePublished":"2023-12-29T20:28:18+00:00","breadcrumb":{"@id":"https:\/\/regiaonews.net.br\/2022\/2023\/12\/29\/barretos-conclui-acoes-do-mes-de-enfrentamento-ao-virus-hiv-a-aids-e-outras-ists\/#breadcrumb"},"inLanguage":"pt-BR","potentialAction":[{"@type":"ReadAction","target":["https:\/\/regiaonews.net.br\/2022\/2023\/12\/29\/barretos-conclui-acoes-do-mes-de-enfrentamento-ao-virus-hiv-a-aids-e-outras-ists\/"]}]},{"@type":"ImageObject","inLanguage":"pt-BR","@id":"https:\/\/regiaonews.net.br\/2022\/2023\/12\/29\/barretos-conclui-acoes-do-mes-de-enfrentamento-ao-virus-hiv-a-aids-e-outras-ists\/#primaryimage","url":"https:\/\/regiaonews.net.br\/2022\/wp-content\/uploads\/2023\/12\/WhatsApp-Image-2023-12-29-at-17.05.03-1.jpeg","contentUrl":"https:\/\/regiaonews.net.br\/2022\/wp-content\/uploads\/2023\/12\/WhatsApp-Image-2023-12-29-at-17.05.03-1.jpeg","width":1600,"height":1067},{"@type":"BreadcrumbList","@id":"https:\/\/regiaonews.net.br\/2022\/2023\/12\/29\/barretos-conclui-acoes-do-mes-de-enfrentamento-ao-virus-hiv-a-aids-e-outras-ists\/#breadcrumb","itemListElement":[{"@type":"ListItem","position":1,"name":"In\u00edcio","item":"https:\/\/regiaonews.net.br\/2022\/"},{"@type":"ListItem","position":2,"name":"Barretos conclui a\u00e7\u00f5es do m\u00eas de enfrentamento ao v\u00edrus HIV, a Aids e outras ISTs"}]},{"@type":"WebSite","@id":"https:\/\/regiaonews.net.br\/2022\/#website","url":"https:\/\/regiaonews.net.br\/2022\/","name":"Regi\u00e3o News","description":"Site de Not\u00edcias de Barretos e regi\u00e3o","publisher":{"@id":"https:\/\/regiaonews.net.br\/2022\/#organization"},"potentialAction":[{"@type":"SearchAction","target":{"@type":"EntryPoint","urlTemplate":"https:\/\/regiaonews.net.br\/2022\/?s={search_term_string}"},"query-input":{"@type":"PropertyValueSpecification","valueRequired":true,"valueName":"search_term_string"}}],"inLanguage":"pt-BR"},{"@type":"Organization","@id":"https:\/\/regiaonews.net.br\/2022\/#organization","name":"Regi\u00e3o News","url":"https:\/\/regiaonews.net.br\/2022\/","logo":{"@type":"ImageObject","inLanguage":"pt-BR","@id":"https:\/\/regiaonews.net.br\/2022\/#\/schema\/logo\/image\/","url":"https:\/\/regiaonews.net.br\/2022\/wp-content\/uploads\/2026\/03\/regiao-13-anos-scaled.jpg","contentUrl":"https:\/\/regiaonews.net.br\/2022\/wp-content\/uploads\/2026\/03\/regiao-13-anos-scaled.jpg","width":2560,"height":635,"caption":"Regi\u00e3o News"},"image":{"@id":"https:\/\/regiaonews.net.br\/2022\/#\/schema\/logo\/image\/"}},{"@type":"Person","@id":"https:\/\/regiaonews.net.br\/2022\/#\/schema\/person\/2d205a608a5aa97ac279d7a5e6d89ad8","name":"Roberto","image":{"@type":"ImageObject","inLanguage":"pt-BR","@id":"https:\/\/secure.gravatar.com\/avatar\/42749d8b712ff9d59ca93dc150494e5b55a44134482993f5baeb97e61b7ecc89?s=96&d=mm&r=g","url":"https:\/\/secure.gravatar.com\/avatar\/42749d8b712ff9d59ca93dc150494e5b55a44134482993f5baeb97e61b7ecc89?s=96&d=mm&r=g","contentUrl":"https:\/\/secure.gravatar.com\/avatar\/42749d8b712ff9d59ca93dc150494e5b55a44134482993f5baeb97e61b7ecc89?s=96&d=mm&r=g","caption":"Roberto"},"url":"https:\/\/regiaonews.net.br\/2022\/author\/roberto\/"}]}},"publishpress_future_action":{"enabled":false,"date":"2026-05-04 07:46:09","action":"change-status","newStatus":"draft","terms":[],"taxonomy":"category","extraData":[]},"publishpress_future_workflow_manual_trigger":{"enabledWorkflows":[]},"_links":{"self":[{"href":"https:\/\/regiaonews.net.br\/2022\/wp-json\/wp\/v2\/posts\/99672","targetHints":{"allow":["GET"]}}],"collection":[{"href":"https:\/\/regiaonews.net.br\/2022\/wp-json\/wp\/v2\/posts"}],"about":[{"href":"https:\/\/regiaonews.net.br\/2022\/wp-json\/wp\/v2\/types\/post"}],"author":[{"embeddable":true,"href":"https:\/\/regiaonews.net.br\/2022\/wp-json\/wp\/v2\/users\/2"}],"replies":[{"embeddable":true,"href":"https:\/\/regiaonews.net.br\/2022\/wp-json\/wp\/v2\/comments?post=99672"}],"version-history":[{"count":1,"href":"https:\/\/regiaonews.net.br\/2022\/wp-json\/wp\/v2\/posts\/99672\/revisions"}],"predecessor-version":[{"id":99674,"href":"https:\/\/regiaonews.net.br\/2022\/wp-json\/wp\/v2\/posts\/99672\/revisions\/99674"}],"wp:featuredmedia":[{"embeddable":true,"href":"https:\/\/regiaonews.net.br\/2022\/wp-json\/wp\/v2\/media\/99673"}],"wp:attachment":[{"href":"https:\/\/regiaonews.net.br\/2022\/wp-json\/wp\/v2\/media?parent=99672"}],"wp:term":[{"taxonomy":"category","embeddable":true,"href":"https:\/\/regiaonews.net.br\/2022\/wp-json\/wp\/v2\/categories?post=99672"},{"taxonomy":"post_tag","embeddable":true,"href":"https:\/\/regiaonews.net.br\/2022\/wp-json\/wp\/v2\/tags?post=99672"}],"curies":[{"name":"wp","href":"https:\/\/api.w.org\/{rel}","templated":true}]}}