{"id":99669,"date":"2023-12-29T14:15:02","date_gmt":"2023-12-29T17:15:02","guid":{"rendered":"https:\/\/regiaonews.net.br\/2022\/?p=99669"},"modified":"2023-12-29T14:15:02","modified_gmt":"2023-12-29T17:15:02","slug":"campanha-natal-premiado-da-acib-continua-ate-domingo","status":"publish","type":"post","link":"https:\/\/regiaonews.net.br\/2022\/2023\/12\/29\/campanha-natal-premiado-da-acib-continua-ate-domingo\/","title":{"rendered":"Campanha Natal Premiado da ACIB continua at\u00e9 domingo"},"content":{"rendered":"<h3 style=\"text-align: center;\">Com\u00e9rcio de Barretos estar\u00e1 aberto neste domingo, dia 31 de dezembro, das 9h \u00e0s 18h.<\/h3>\n<p>O com\u00e9rcio de Barretos tem abertura neste domingo dia 31 de dezembro, dando continuidade \u00e0 campanha \u201cNatal Premiado\u201d.<br \/>\nNesta sexta-feira, dia 29, s\u00e1bado, 30, e domingo, dia 31 de dezembro, o com\u00e9rcio de Barretos abre das 9h \u00e0s 18h.<br \/>\nA Campanha Natal Premiado<br \/>\n&#8220;Natal Premiado&#8221; ACIB e Sincomercio vai sortear 1 moto CG Titan start 150cc, 15 vales- compra no valor de R$1000,00 cada e 1 viagem para um casal para Caldas Novas \u2013 GO.<br \/>\nO sorteio est\u00e1 marcado para o dia 3 de janeiro\/2024. Entrega da premia\u00e7\u00e3o dia 8 de janeiro\/2024 audit\u00f3rio da ACIB.<\/p>\n<p>Patrocinam a Campanha Natal Premiado 2023: Barretos Country Park \u2013 Resort, Poty, Os Independentes e Sicred e Ecopower.<\/p>\n<p>Apoiadores:AA Turismo, Barat\u00e3o das Utilidades, Centre Chaves, Sorvetes Chiquinho, Cia do Esporte, Restaurante costela de Ouro, Da Ro\u00e7a Car, Danilo Borges, Dulig\u00e1s, ELav, Perfumaria Emy, Frios e Cia, Goldmig, Joaninha Presentes, Luiz\u00e3o Ca\u00e7ambas, Milkshake Mix, Mistock, Odontocompany, \u00d3tica Vis\u00e3o, Puricampo, Papelaria do Estudante, Pimpinela, Rei dos Assados, T\u00e2nia Lemos Bijouterua, Toma Uma Cervejaria.<br \/>\nRealiza\u00e7\u00e3o: ACIB e Sincomercio.<\/p>\n<p><strong>Participam da Promo\u00e7\u00e3o:<\/strong><br \/>\nAlfa Empreendimentos, Arlete Boutique, Arlete Magazine, Bar Do Valter, Bavep, Beef Shop Minerva, Biabelamore, Casa Das Bicicletas, Casa Do E.P.I, Constru Ribeiro, Diva Mov\u00e9is, Drogadada, Drogaria Ultra Popular, Eletro Frajam, Farm\u00e1cia S\u00e3o Francisco, Imobiliaria Teto E Ch\u00e3o, Katia Gouveia, L\u00edder Comercial Av: 21, L\u00edder Comercial Rua: 44, Luiz\u00e3o, Ca\u00e7ambas, Micronet, Mini Mercado Am, Mp Sports, \u00d3tica Realce, \u00d3tica Santa Lucia, Paul\u00e3o Auto Center, Perfumaria Emy, Puricampo, Relojoaria Orient, Silvia Presentes, Supermercado Manolo , Supermercado Passador Supermercados JM, Flora Barretos, Tecidos J\u00f3ia , Toma Uma Cervejaria, Tutita Presentes , Vicouros Cal\u00e7ados, Odontocompany,\u00a0Duligas<\/p>\n","protected":false},"excerpt":{"rendered":"<p>Com\u00e9rcio de Barretos estar\u00e1 aberto neste domingo, dia 31 de<\/p>\n","protected":false},"author":2,"featured_media":99670,"comment_status":"open","ping_status":"open","sticky":false,"template":"","format":"standard","meta":{"footnotes":""},"categories":[14,3],"tags":[],"class_list":["post-99669","post","type-post","status-publish","format-standard","has-post-thumbnail","hentry","category-barretos","category-geral"],"yoast_head":"<!-- This site is optimized with the Yoast SEO plugin v27.4 - https:\/\/yoast.com\/product\/yoast-seo-wordpress\/ -->\n<title>Campanha Natal Premiado da ACIB continua at\u00e9 domingo - Regi\u00e3o News<\/title>\n<meta name=\"robots\" content=\"index, follow, max-snippet:-1, max-image-preview:large, max-video-preview:-1\" \/>\n<link rel=\"canonical\" href=\"https:\/\/regiaonews.net.br\/2022\/2023\/12\/29\/campanha-natal-premiado-da-acib-continua-ate-domingo\/\" \/>\n<meta property=\"og:locale\" content=\"pt_BR\" \/>\n<meta property=\"og:type\" content=\"article\" \/>\n<meta property=\"og:title\" content=\"Campanha Natal Premiado da ACIB continua at\u00e9 domingo - Regi\u00e3o News\" \/>\n<meta property=\"og:description\" content=\"Com\u00e9rcio de Barretos estar\u00e1 aberto neste domingo, dia 31 de\" \/>\n<meta property=\"og:url\" content=\"https:\/\/regiaonews.net.br\/2022\/2023\/12\/29\/campanha-natal-premiado-da-acib-continua-ate-domingo\/\" \/>\n<meta property=\"og:site_name\" content=\"Regi\u00e3o News\" \/>\n<meta property=\"article:published_time\" content=\"2023-12-29T17:15:02+00:00\" \/>\n<meta property=\"og:image\" content=\"https:\/\/regiaonews.net.br\/2022\/wp-content\/uploads\/2023\/12\/Imagem-do-WhatsApp-de-2023-12-29-as-13.56.30_18342172.jpg\" \/>\n\t<meta property=\"og:image:width\" content=\"1024\" \/>\n\t<meta property=\"og:image:height\" content=\"576\" \/>\n\t<meta property=\"og:image:type\" content=\"image\/jpeg\" \/>\n<meta name=\"author\" content=\"Roberto\" \/>\n<meta name=\"twitter:card\" content=\"summary_large_image\" \/>\n<meta name=\"twitter:label1\" content=\"Escrito por\" \/>\n\t<meta name=\"twitter:data1\" content=\"Roberto\" \/>\n\t<meta name=\"twitter:label2\" content=\"Est. tempo de leitura\" \/>\n\t<meta name=\"twitter:data2\" content=\"2 minutos\" \/>\n<script type=\"application\/ld+json\" class=\"yoast-schema-graph\">{\"@context\":\"https:\\\/\\\/schema.org\",\"@graph\":[{\"@type\":\"Article\",\"@id\":\"https:\\\/\\\/regiaonews.net.br\\\/2022\\\/2023\\\/12\\\/29\\\/campanha-natal-premiado-da-acib-continua-ate-domingo\\\/#article\",\"isPartOf\":{\"@id\":\"https:\\\/\\\/regiaonews.net.br\\\/2022\\\/2023\\\/12\\\/29\\\/campanha-natal-premiado-da-acib-continua-ate-domingo\\\/\"},\"author\":{\"name\":\"Roberto\",\"@id\":\"https:\\\/\\\/regiaonews.net.br\\\/2022\\\/#\\\/schema\\\/person\\\/2d205a608a5aa97ac279d7a5e6d89ad8\"},\"headline\":\"Campanha Natal Premiado da ACIB continua at\u00e9 domingo\",\"datePublished\":\"2023-12-29T17:15:02+00:00\",\"mainEntityOfPage\":{\"@id\":\"https:\\\/\\\/regiaonews.net.br\\\/2022\\\/2023\\\/12\\\/29\\\/campanha-natal-premiado-da-acib-continua-ate-domingo\\\/\"},\"wordCount\":298,\"commentCount\":0,\"publisher\":{\"@id\":\"https:\\\/\\\/regiaonews.net.br\\\/2022\\\/#organization\"},\"image\":{\"@id\":\"https:\\\/\\\/regiaonews.net.br\\\/2022\\\/2023\\\/12\\\/29\\\/campanha-natal-premiado-da-acib-continua-ate-domingo\\\/#primaryimage\"},\"thumbnailUrl\":\"https:\\\/\\\/regiaonews.net.br\\\/2022\\\/wp-content\\\/uploads\\\/2023\\\/12\\\/Imagem-do-WhatsApp-de-2023-12-29-as-13.56.30_18342172.jpg\",\"articleSection\":[\"Barretos\",\"Geral\"],\"inLanguage\":\"pt-BR\",\"potentialAction\":[{\"@type\":\"CommentAction\",\"name\":\"Comment\",\"target\":[\"https:\\\/\\\/regiaonews.net.br\\\/2022\\\/2023\\\/12\\\/29\\\/campanha-natal-premiado-da-acib-continua-ate-domingo\\\/#respond\"]}]},{\"@type\":\"WebPage\",\"@id\":\"https:\\\/\\\/regiaonews.net.br\\\/2022\\\/2023\\\/12\\\/29\\\/campanha-natal-premiado-da-acib-continua-ate-domingo\\\/\",\"url\":\"https:\\\/\\\/regiaonews.net.br\\\/2022\\\/2023\\\/12\\\/29\\\/campanha-natal-premiado-da-acib-continua-ate-domingo\\\/\",\"name\":\"Campanha Natal Premiado da ACIB continua at\u00e9 domingo - Regi\u00e3o News\",\"isPartOf\":{\"@id\":\"https:\\\/\\\/regiaonews.net.br\\\/2022\\\/#website\"},\"primaryImageOfPage\":{\"@id\":\"https:\\\/\\\/regiaonews.net.br\\\/2022\\\/2023\\\/12\\\/29\\\/campanha-natal-premiado-da-acib-continua-ate-domingo\\\/#primaryimage\"},\"image\":{\"@id\":\"https:\\\/\\\/regiaonews.net.br\\\/2022\\\/2023\\\/12\\\/29\\\/campanha-natal-premiado-da-acib-continua-ate-domingo\\\/#primaryimage\"},\"thumbnailUrl\":\"https:\\\/\\\/regiaonews.net.br\\\/2022\\\/wp-content\\\/uploads\\\/2023\\\/12\\\/Imagem-do-WhatsApp-de-2023-12-29-as-13.56.30_18342172.jpg\",\"datePublished\":\"2023-12-29T17:15:02+00:00\",\"breadcrumb\":{\"@id\":\"https:\\\/\\\/regiaonews.net.br\\\/2022\\\/2023\\\/12\\\/29\\\/campanha-natal-premiado-da-acib-continua-ate-domingo\\\/#breadcrumb\"},\"inLanguage\":\"pt-BR\",\"potentialAction\":[{\"@type\":\"ReadAction\",\"target\":[\"https:\\\/\\\/regiaonews.net.br\\\/2022\\\/2023\\\/12\\\/29\\\/campanha-natal-premiado-da-acib-continua-ate-domingo\\\/\"]}]},{\"@type\":\"ImageObject\",\"inLanguage\":\"pt-BR\",\"@id\":\"https:\\\/\\\/regiaonews.net.br\\\/2022\\\/2023\\\/12\\\/29\\\/campanha-natal-premiado-da-acib-continua-ate-domingo\\\/#primaryimage\",\"url\":\"https:\\\/\\\/regiaonews.net.br\\\/2022\\\/wp-content\\\/uploads\\\/2023\\\/12\\\/Imagem-do-WhatsApp-de-2023-12-29-as-13.56.30_18342172.jpg\",\"contentUrl\":\"https:\\\/\\\/regiaonews.net.br\\\/2022\\\/wp-content\\\/uploads\\\/2023\\\/12\\\/Imagem-do-WhatsApp-de-2023-12-29-as-13.56.30_18342172.jpg\",\"width\":1024,\"height\":576},{\"@type\":\"BreadcrumbList\",\"@id\":\"https:\\\/\\\/regiaonews.net.br\\\/2022\\\/2023\\\/12\\\/29\\\/campanha-natal-premiado-da-acib-continua-ate-domingo\\\/#breadcrumb\",\"itemListElement\":[{\"@type\":\"ListItem\",\"position\":1,\"name\":\"In\u00edcio\",\"item\":\"https:\\\/\\\/regiaonews.net.br\\\/2022\\\/\"},{\"@type\":\"ListItem\",\"position\":2,\"name\":\"Campanha Natal Premiado da ACIB continua at\u00e9 domingo\"}]},{\"@type\":\"WebSite\",\"@id\":\"https:\\\/\\\/regiaonews.net.br\\\/2022\\\/#website\",\"url\":\"https:\\\/\\\/regiaonews.net.br\\\/2022\\\/\",\"name\":\"Regi\u00e3o News\",\"description\":\"Site de Not\u00edcias de Barretos e regi\u00e3o\",\"publisher\":{\"@id\":\"https:\\\/\\\/regiaonews.net.br\\\/2022\\\/#organization\"},\"potentialAction\":[{\"@type\":\"SearchAction\",\"target\":{\"@type\":\"EntryPoint\",\"urlTemplate\":\"https:\\\/\\\/regiaonews.net.br\\\/2022\\\/?s={search_term_string}\"},\"query-input\":{\"@type\":\"PropertyValueSpecification\",\"valueRequired\":true,\"valueName\":\"search_term_string\"}}],\"inLanguage\":\"pt-BR\"},{\"@type\":\"Organization\",\"@id\":\"https:\\\/\\\/regiaonews.net.br\\\/2022\\\/#organization\",\"name\":\"Regi\u00e3o News\",\"url\":\"https:\\\/\\\/regiaonews.net.br\\\/2022\\\/\",\"logo\":{\"@type\":\"ImageObject\",\"inLanguage\":\"pt-BR\",\"@id\":\"https:\\\/\\\/regiaonews.net.br\\\/2022\\\/#\\\/schema\\\/logo\\\/image\\\/\",\"url\":\"https:\\\/\\\/regiaonews.net.br\\\/2022\\\/wp-content\\\/uploads\\\/2026\\\/03\\\/regiao-13-anos-scaled.jpg\",\"contentUrl\":\"https:\\\/\\\/regiaonews.net.br\\\/2022\\\/wp-content\\\/uploads\\\/2026\\\/03\\\/regiao-13-anos-scaled.jpg\",\"width\":2560,\"height\":635,\"caption\":\"Regi\u00e3o News\"},\"image\":{\"@id\":\"https:\\\/\\\/regiaonews.net.br\\\/2022\\\/#\\\/schema\\\/logo\\\/image\\\/\"}},{\"@type\":\"Person\",\"@id\":\"https:\\\/\\\/regiaonews.net.br\\\/2022\\\/#\\\/schema\\\/person\\\/2d205a608a5aa97ac279d7a5e6d89ad8\",\"name\":\"Roberto\",\"image\":{\"@type\":\"ImageObject\",\"inLanguage\":\"pt-BR\",\"@id\":\"https:\\\/\\\/secure.gravatar.com\\\/avatar\\\/42749d8b712ff9d59ca93dc150494e5b55a44134482993f5baeb97e61b7ecc89?s=96&d=mm&r=g\",\"url\":\"https:\\\/\\\/secure.gravatar.com\\\/avatar\\\/42749d8b712ff9d59ca93dc150494e5b55a44134482993f5baeb97e61b7ecc89?s=96&d=mm&r=g\",\"contentUrl\":\"https:\\\/\\\/secure.gravatar.com\\\/avatar\\\/42749d8b712ff9d59ca93dc150494e5b55a44134482993f5baeb97e61b7ecc89?s=96&d=mm&r=g\",\"caption\":\"Roberto\"},\"url\":\"https:\\\/\\\/regiaonews.net.br\\\/2022\\\/author\\\/roberto\\\/\"}]}<\/script>\n<!-- \/ Yoast SEO plugin. -->","yoast_head_json":{"title":"Campanha Natal Premiado da ACIB continua at\u00e9 domingo - Regi\u00e3o News","robots":{"index":"index","follow":"follow","max-snippet":"max-snippet:-1","max-image-preview":"max-image-preview:large","max-video-preview":"max-video-preview:-1"},"canonical":"https:\/\/regiaonews.net.br\/2022\/2023\/12\/29\/campanha-natal-premiado-da-acib-continua-ate-domingo\/","og_locale":"pt_BR","og_type":"article","og_title":"Campanha Natal Premiado da ACIB continua at\u00e9 domingo - Regi\u00e3o News","og_description":"Com\u00e9rcio de Barretos estar\u00e1 aberto neste domingo, dia 31 de","og_url":"https:\/\/regiaonews.net.br\/2022\/2023\/12\/29\/campanha-natal-premiado-da-acib-continua-ate-domingo\/","og_site_name":"Regi\u00e3o News","article_published_time":"2023-12-29T17:15:02+00:00","og_image":[{"width":1024,"height":576,"url":"https:\/\/regiaonews.net.br\/2022\/wp-content\/uploads\/2023\/12\/Imagem-do-WhatsApp-de-2023-12-29-as-13.56.30_18342172.jpg","type":"image\/jpeg"}],"author":"Roberto","twitter_card":"summary_large_image","twitter_misc":{"Escrito por":"Roberto","Est. tempo de leitura":"2 minutos"},"schema":{"@context":"https:\/\/schema.org","@graph":[{"@type":"Article","@id":"https:\/\/regiaonews.net.br\/2022\/2023\/12\/29\/campanha-natal-premiado-da-acib-continua-ate-domingo\/#article","isPartOf":{"@id":"https:\/\/regiaonews.net.br\/2022\/2023\/12\/29\/campanha-natal-premiado-da-acib-continua-ate-domingo\/"},"author":{"name":"Roberto","@id":"https:\/\/regiaonews.net.br\/2022\/#\/schema\/person\/2d205a608a5aa97ac279d7a5e6d89ad8"},"headline":"Campanha Natal Premiado da ACIB continua at\u00e9 domingo","datePublished":"2023-12-29T17:15:02+00:00","mainEntityOfPage":{"@id":"https:\/\/regiaonews.net.br\/2022\/2023\/12\/29\/campanha-natal-premiado-da-acib-continua-ate-domingo\/"},"wordCount":298,"commentCount":0,"publisher":{"@id":"https:\/\/regiaonews.net.br\/2022\/#organization"},"image":{"@id":"https:\/\/regiaonews.net.br\/2022\/2023\/12\/29\/campanha-natal-premiado-da-acib-continua-ate-domingo\/#primaryimage"},"thumbnailUrl":"https:\/\/regiaonews.net.br\/2022\/wp-content\/uploads\/2023\/12\/Imagem-do-WhatsApp-de-2023-12-29-as-13.56.30_18342172.jpg","articleSection":["Barretos","Geral"],"inLanguage":"pt-BR","potentialAction":[{"@type":"CommentAction","name":"Comment","target":["https:\/\/regiaonews.net.br\/2022\/2023\/12\/29\/campanha-natal-premiado-da-acib-continua-ate-domingo\/#respond"]}]},{"@type":"WebPage","@id":"https:\/\/regiaonews.net.br\/2022\/2023\/12\/29\/campanha-natal-premiado-da-acib-continua-ate-domingo\/","url":"https:\/\/regiaonews.net.br\/2022\/2023\/12\/29\/campanha-natal-premiado-da-acib-continua-ate-domingo\/","name":"Campanha Natal Premiado da ACIB continua at\u00e9 domingo - Regi\u00e3o News","isPartOf":{"@id":"https:\/\/regiaonews.net.br\/2022\/#website"},"primaryImageOfPage":{"@id":"https:\/\/regiaonews.net.br\/2022\/2023\/12\/29\/campanha-natal-premiado-da-acib-continua-ate-domingo\/#primaryimage"},"image":{"@id":"https:\/\/regiaonews.net.br\/2022\/2023\/12\/29\/campanha-natal-premiado-da-acib-continua-ate-domingo\/#primaryimage"},"thumbnailUrl":"https:\/\/regiaonews.net.br\/2022\/wp-content\/uploads\/2023\/12\/Imagem-do-WhatsApp-de-2023-12-29-as-13.56.30_18342172.jpg","datePublished":"2023-12-29T17:15:02+00:00","breadcrumb":{"@id":"https:\/\/regiaonews.net.br\/2022\/2023\/12\/29\/campanha-natal-premiado-da-acib-continua-ate-domingo\/#breadcrumb"},"inLanguage":"pt-BR","potentialAction":[{"@type":"ReadAction","target":["https:\/\/regiaonews.net.br\/2022\/2023\/12\/29\/campanha-natal-premiado-da-acib-continua-ate-domingo\/"]}]},{"@type":"ImageObject","inLanguage":"pt-BR","@id":"https:\/\/regiaonews.net.br\/2022\/2023\/12\/29\/campanha-natal-premiado-da-acib-continua-ate-domingo\/#primaryimage","url":"https:\/\/regiaonews.net.br\/2022\/wp-content\/uploads\/2023\/12\/Imagem-do-WhatsApp-de-2023-12-29-as-13.56.30_18342172.jpg","contentUrl":"https:\/\/regiaonews.net.br\/2022\/wp-content\/uploads\/2023\/12\/Imagem-do-WhatsApp-de-2023-12-29-as-13.56.30_18342172.jpg","width":1024,"height":576},{"@type":"BreadcrumbList","@id":"https:\/\/regiaonews.net.br\/2022\/2023\/12\/29\/campanha-natal-premiado-da-acib-continua-ate-domingo\/#breadcrumb","itemListElement":[{"@type":"ListItem","position":1,"name":"In\u00edcio","item":"https:\/\/regiaonews.net.br\/2022\/"},{"@type":"ListItem","position":2,"name":"Campanha Natal Premiado da ACIB continua at\u00e9 domingo"}]},{"@type":"WebSite","@id":"https:\/\/regiaonews.net.br\/2022\/#website","url":"https:\/\/regiaonews.net.br\/2022\/","name":"Regi\u00e3o News","description":"Site de Not\u00edcias de Barretos e regi\u00e3o","publisher":{"@id":"https:\/\/regiaonews.net.br\/2022\/#organization"},"potentialAction":[{"@type":"SearchAction","target":{"@type":"EntryPoint","urlTemplate":"https:\/\/regiaonews.net.br\/2022\/?s={search_term_string}"},"query-input":{"@type":"PropertyValueSpecification","valueRequired":true,"valueName":"search_term_string"}}],"inLanguage":"pt-BR"},{"@type":"Organization","@id":"https:\/\/regiaonews.net.br\/2022\/#organization","name":"Regi\u00e3o News","url":"https:\/\/regiaonews.net.br\/2022\/","logo":{"@type":"ImageObject","inLanguage":"pt-BR","@id":"https:\/\/regiaonews.net.br\/2022\/#\/schema\/logo\/image\/","url":"https:\/\/regiaonews.net.br\/2022\/wp-content\/uploads\/2026\/03\/regiao-13-anos-scaled.jpg","contentUrl":"https:\/\/regiaonews.net.br\/2022\/wp-content\/uploads\/2026\/03\/regiao-13-anos-scaled.jpg","width":2560,"height":635,"caption":"Regi\u00e3o News"},"image":{"@id":"https:\/\/regiaonews.net.br\/2022\/#\/schema\/logo\/image\/"}},{"@type":"Person","@id":"https:\/\/regiaonews.net.br\/2022\/#\/schema\/person\/2d205a608a5aa97ac279d7a5e6d89ad8","name":"Roberto","image":{"@type":"ImageObject","inLanguage":"pt-BR","@id":"https:\/\/secure.gravatar.com\/avatar\/42749d8b712ff9d59ca93dc150494e5b55a44134482993f5baeb97e61b7ecc89?s=96&d=mm&r=g","url":"https:\/\/secure.gravatar.com\/avatar\/42749d8b712ff9d59ca93dc150494e5b55a44134482993f5baeb97e61b7ecc89?s=96&d=mm&r=g","contentUrl":"https:\/\/secure.gravatar.com\/avatar\/42749d8b712ff9d59ca93dc150494e5b55a44134482993f5baeb97e61b7ecc89?s=96&d=mm&r=g","caption":"Roberto"},"url":"https:\/\/regiaonews.net.br\/2022\/author\/roberto\/"}]}},"publishpress_future_action":{"enabled":false,"date":"2026-05-04 06:05:13","action":"change-status","newStatus":"draft","terms":[],"taxonomy":"category","extraData":[]},"publishpress_future_workflow_manual_trigger":{"enabledWorkflows":[]},"_links":{"self":[{"href":"https:\/\/regiaonews.net.br\/2022\/wp-json\/wp\/v2\/posts\/99669","targetHints":{"allow":["GET"]}}],"collection":[{"href":"https:\/\/regiaonews.net.br\/2022\/wp-json\/wp\/v2\/posts"}],"about":[{"href":"https:\/\/regiaonews.net.br\/2022\/wp-json\/wp\/v2\/types\/post"}],"author":[{"embeddable":true,"href":"https:\/\/regiaonews.net.br\/2022\/wp-json\/wp\/v2\/users\/2"}],"replies":[{"embeddable":true,"href":"https:\/\/regiaonews.net.br\/2022\/wp-json\/wp\/v2\/comments?post=99669"}],"version-history":[{"count":1,"href":"https:\/\/regiaonews.net.br\/2022\/wp-json\/wp\/v2\/posts\/99669\/revisions"}],"predecessor-version":[{"id":99671,"href":"https:\/\/regiaonews.net.br\/2022\/wp-json\/wp\/v2\/posts\/99669\/revisions\/99671"}],"wp:featuredmedia":[{"embeddable":true,"href":"https:\/\/regiaonews.net.br\/2022\/wp-json\/wp\/v2\/media\/99670"}],"wp:attachment":[{"href":"https:\/\/regiaonews.net.br\/2022\/wp-json\/wp\/v2\/media?parent=99669"}],"wp:term":[{"taxonomy":"category","embeddable":true,"href":"https:\/\/regiaonews.net.br\/2022\/wp-json\/wp\/v2\/categories?post=99669"},{"taxonomy":"post_tag","embeddable":true,"href":"https:\/\/regiaonews.net.br\/2022\/wp-json\/wp\/v2\/tags?post=99669"}],"curies":[{"name":"wp","href":"https:\/\/api.w.org\/{rel}","templated":true}]}}