{"id":99642,"date":"2023-12-28T19:41:26","date_gmt":"2023-12-28T22:41:26","guid":{"rendered":"https:\/\/regiaonews.net.br\/2022\/?p=99642"},"modified":"2023-12-28T19:41:26","modified_gmt":"2023-12-28T22:41:26","slug":"servidores-municipais-sao-beneficiados-com-nova-elevacao-de-padrao-salarial","status":"publish","type":"post","link":"https:\/\/regiaonews.net.br\/2022\/2023\/12\/28\/servidores-municipais-sao-beneficiados-com-nova-elevacao-de-padrao-salarial\/","title":{"rendered":"Servidores Municipais s\u00e3o beneficiados com nova eleva\u00e7\u00e3o de padr\u00e3o salarial"},"content":{"rendered":"<p>&nbsp;<\/p>\n<p>Aposentados que recebem at\u00e9 o teto do INSS passam a ser isentos de contribui\u00e7\u00e3o<\/p>\n<p>A C\u00e2mara Municipal da Est\u00e2ncia Tur\u00edstica de Barretos aprovou em sess\u00e3o extraordin\u00e1ria nesta quinta-feira, 28 de dezembro, uma s\u00e9rie de Projetos de Lei propostos pela Prefeita Paula Lemos.<\/p>\n<p>Dentre eles, est\u00e3o mat\u00e9rias importantes para o funcionalismo p\u00fablico, como as que preveem altera\u00e7\u00f5es na Lei da Previd\u00eancia Municipal, com aposentadoria programada, contribui\u00e7\u00e3o de 14% para quem recebe valor acima do teto do Regime Geral; desta forma, os aposentados e pensionistas que recebem at\u00e9 o teto passam a ser isentos da contribui\u00e7\u00e3o.<\/p>\n<p>A Lei de Planos de Cargos e Carreiras da Prefeitura tamb\u00e9m foi atualizada com aumentos de padr\u00f5es salariais em mais de 100 categorias, beneficiando 2.574 servidores.<\/p>\n<p>Ainda ficaram definidos aumento salarial de 2,73% para servidores da Prefeitura a partir de agosto de 2024 e a contagem do adicional por tempo de servi\u00e7o durante o per\u00edodo da pandemia de Covid-19, caso haja decis\u00e3o do Supremo Tribunal Federal consonante na Reclama\u00e7\u00e3o n.\u00ba 61.246.<\/p>\n<p>\u201cCom muita luta, for\u00e7a e f\u00e9 aprovamos hoje v\u00e1rios projetos em prol dos servidores p\u00fablicos municipais. Foram v\u00e1rios dias estudando, reorganizando as finan\u00e7as para poder conceder esses benef\u00edcios j\u00e1 em 2024. Estou imensamente feliz, pois com as mudan\u00e7as que fizemos com o aumento da contribui\u00e7\u00e3o Patronal (Munic\u00edpio) garantimos hoje a todos os servidores que ingressaram at\u00e9 2003 a aposentadoria integral. Tamb\u00e9m conseguimos que os aposentados que recebem at\u00e9 o teto do INSS, R$7.507,49, n\u00e3o paguem a contribui\u00e7\u00e3o. Garantimos tamb\u00e9m a todos os servidores aumento de 2,73%, que incidir\u00e1 a partir de agosto, al\u00e9m do reajuste que acontecer\u00e1 no in\u00edcio do ano. E em um feito in\u00e9dito, mas fruto de planejamento e reconhecimento dos servidores que bem servem a popula\u00e7\u00e3o de Barretos, aumentamos o padr\u00e3o de mais de 100 categorias de servidores, de merendeiras a assistentes sociais; buscamos reconhecer cada um, concedendo, com a eleva\u00e7\u00e3o de padr\u00e3o, aumento real no sal\u00e1rio dos servidores. Muitas dessas categorias de servidores h\u00e1 mais de 20 anos esperavam isso. Hoje posso dizer que nosso trabalho incessante pra reestruturar a Prefeitura financeiramente come\u00e7ar\u00e1 a dar frutos a partir de fevereiro.\u201d, afirmou Paula Lemos.<\/p>\n<p>Pol\u00edtica de valoriza\u00e7\u00e3o do servidor<\/p>\n<p>Em 2022, a prefeita Paula Lemos j\u00e1 havia aumentado o padr\u00e3o salarial de 543 servidores que ocupavam as faixas salariais 3 e 4, para a refer\u00eancia salarial 5. Na ocasi\u00e3o, as fun\u00e7\u00f5es de auxiliar operacional de servi\u00e7os gerais, orientador de zona azul, vigilante, m\u00fasico de banda, coveiro, servente de pedreiro, jardineiro e hortel\u00e3o foram as beneficiadas com o novo padr\u00e3o de sal\u00e1rio.<\/p>\n","protected":false},"excerpt":{"rendered":"<p>&nbsp; Aposentados que recebem at\u00e9 o teto do INSS passam<\/p>\n","protected":false},"author":2,"featured_media":99643,"comment_status":"open","ping_status":"open","sticky":false,"template":"","format":"standard","meta":{"footnotes":""},"categories":[14,25],"tags":[],"class_list":["post-99642","post","type-post","status-publish","format-standard","has-post-thumbnail","hentry","category-barretos","category-cidades"],"yoast_head":"<!-- This site is optimized with the Yoast SEO plugin v27.4 - https:\/\/yoast.com\/product\/yoast-seo-wordpress\/ -->\n<title>Servidores Municipais s\u00e3o beneficiados com nova eleva\u00e7\u00e3o de padr\u00e3o salarial - Regi\u00e3o News<\/title>\n<meta name=\"robots\" content=\"index, follow, max-snippet:-1, max-image-preview:large, max-video-preview:-1\" \/>\n<link rel=\"canonical\" href=\"https:\/\/regiaonews.net.br\/2022\/2023\/12\/28\/servidores-municipais-sao-beneficiados-com-nova-elevacao-de-padrao-salarial\/\" \/>\n<meta property=\"og:locale\" content=\"pt_BR\" \/>\n<meta property=\"og:type\" content=\"article\" \/>\n<meta property=\"og:title\" content=\"Servidores Municipais s\u00e3o beneficiados com nova eleva\u00e7\u00e3o de padr\u00e3o salarial - Regi\u00e3o News\" \/>\n<meta property=\"og:description\" content=\"&nbsp; Aposentados que recebem at\u00e9 o teto do INSS passam\" \/>\n<meta property=\"og:url\" content=\"https:\/\/regiaonews.net.br\/2022\/2023\/12\/28\/servidores-municipais-sao-beneficiados-com-nova-elevacao-de-padrao-salarial\/\" \/>\n<meta property=\"og:site_name\" content=\"Regi\u00e3o News\" \/>\n<meta property=\"article:published_time\" content=\"2023-12-28T22:41:26+00:00\" \/>\n<meta property=\"og:image\" content=\"https:\/\/regiaonews.net.br\/2022\/wp-content\/uploads\/2023\/12\/WhatsApp-Image-2023-12-28-at-18.55.28.jpeg\" \/>\n\t<meta property=\"og:image:width\" content=\"1024\" \/>\n\t<meta property=\"og:image:height\" content=\"679\" \/>\n\t<meta property=\"og:image:type\" content=\"image\/jpeg\" \/>\n<meta name=\"author\" content=\"Roberto\" \/>\n<meta name=\"twitter:card\" content=\"summary_large_image\" \/>\n<meta name=\"twitter:label1\" content=\"Escrito por\" \/>\n\t<meta name=\"twitter:data1\" content=\"Roberto\" \/>\n\t<meta name=\"twitter:label2\" content=\"Est. tempo de leitura\" \/>\n\t<meta name=\"twitter:data2\" content=\"3 minutos\" \/>\n<script type=\"application\/ld+json\" class=\"yoast-schema-graph\">{\"@context\":\"https:\\\/\\\/schema.org\",\"@graph\":[{\"@type\":\"Article\",\"@id\":\"https:\\\/\\\/regiaonews.net.br\\\/2022\\\/2023\\\/12\\\/28\\\/servidores-municipais-sao-beneficiados-com-nova-elevacao-de-padrao-salarial\\\/#article\",\"isPartOf\":{\"@id\":\"https:\\\/\\\/regiaonews.net.br\\\/2022\\\/2023\\\/12\\\/28\\\/servidores-municipais-sao-beneficiados-com-nova-elevacao-de-padrao-salarial\\\/\"},\"author\":{\"name\":\"Roberto\",\"@id\":\"https:\\\/\\\/regiaonews.net.br\\\/2022\\\/#\\\/schema\\\/person\\\/2d205a608a5aa97ac279d7a5e6d89ad8\"},\"headline\":\"Servidores Municipais s\u00e3o beneficiados com nova eleva\u00e7\u00e3o de padr\u00e3o salarial\",\"datePublished\":\"2023-12-28T22:41:26+00:00\",\"mainEntityOfPage\":{\"@id\":\"https:\\\/\\\/regiaonews.net.br\\\/2022\\\/2023\\\/12\\\/28\\\/servidores-municipais-sao-beneficiados-com-nova-elevacao-de-padrao-salarial\\\/\"},\"wordCount\":469,\"commentCount\":0,\"publisher\":{\"@id\":\"https:\\\/\\\/regiaonews.net.br\\\/2022\\\/#organization\"},\"image\":{\"@id\":\"https:\\\/\\\/regiaonews.net.br\\\/2022\\\/2023\\\/12\\\/28\\\/servidores-municipais-sao-beneficiados-com-nova-elevacao-de-padrao-salarial\\\/#primaryimage\"},\"thumbnailUrl\":\"https:\\\/\\\/regiaonews.net.br\\\/2022\\\/wp-content\\\/uploads\\\/2023\\\/12\\\/WhatsApp-Image-2023-12-28-at-18.55.28.jpeg\",\"articleSection\":[\"Barretos\",\"Cidades\"],\"inLanguage\":\"pt-BR\",\"potentialAction\":[{\"@type\":\"CommentAction\",\"name\":\"Comment\",\"target\":[\"https:\\\/\\\/regiaonews.net.br\\\/2022\\\/2023\\\/12\\\/28\\\/servidores-municipais-sao-beneficiados-com-nova-elevacao-de-padrao-salarial\\\/#respond\"]}]},{\"@type\":\"WebPage\",\"@id\":\"https:\\\/\\\/regiaonews.net.br\\\/2022\\\/2023\\\/12\\\/28\\\/servidores-municipais-sao-beneficiados-com-nova-elevacao-de-padrao-salarial\\\/\",\"url\":\"https:\\\/\\\/regiaonews.net.br\\\/2022\\\/2023\\\/12\\\/28\\\/servidores-municipais-sao-beneficiados-com-nova-elevacao-de-padrao-salarial\\\/\",\"name\":\"Servidores Municipais s\u00e3o beneficiados com nova eleva\u00e7\u00e3o de padr\u00e3o salarial - Regi\u00e3o News\",\"isPartOf\":{\"@id\":\"https:\\\/\\\/regiaonews.net.br\\\/2022\\\/#website\"},\"primaryImageOfPage\":{\"@id\":\"https:\\\/\\\/regiaonews.net.br\\\/2022\\\/2023\\\/12\\\/28\\\/servidores-municipais-sao-beneficiados-com-nova-elevacao-de-padrao-salarial\\\/#primaryimage\"},\"image\":{\"@id\":\"https:\\\/\\\/regiaonews.net.br\\\/2022\\\/2023\\\/12\\\/28\\\/servidores-municipais-sao-beneficiados-com-nova-elevacao-de-padrao-salarial\\\/#primaryimage\"},\"thumbnailUrl\":\"https:\\\/\\\/regiaonews.net.br\\\/2022\\\/wp-content\\\/uploads\\\/2023\\\/12\\\/WhatsApp-Image-2023-12-28-at-18.55.28.jpeg\",\"datePublished\":\"2023-12-28T22:41:26+00:00\",\"breadcrumb\":{\"@id\":\"https:\\\/\\\/regiaonews.net.br\\\/2022\\\/2023\\\/12\\\/28\\\/servidores-municipais-sao-beneficiados-com-nova-elevacao-de-padrao-salarial\\\/#breadcrumb\"},\"inLanguage\":\"pt-BR\",\"potentialAction\":[{\"@type\":\"ReadAction\",\"target\":[\"https:\\\/\\\/regiaonews.net.br\\\/2022\\\/2023\\\/12\\\/28\\\/servidores-municipais-sao-beneficiados-com-nova-elevacao-de-padrao-salarial\\\/\"]}]},{\"@type\":\"ImageObject\",\"inLanguage\":\"pt-BR\",\"@id\":\"https:\\\/\\\/regiaonews.net.br\\\/2022\\\/2023\\\/12\\\/28\\\/servidores-municipais-sao-beneficiados-com-nova-elevacao-de-padrao-salarial\\\/#primaryimage\",\"url\":\"https:\\\/\\\/regiaonews.net.br\\\/2022\\\/wp-content\\\/uploads\\\/2023\\\/12\\\/WhatsApp-Image-2023-12-28-at-18.55.28.jpeg\",\"contentUrl\":\"https:\\\/\\\/regiaonews.net.br\\\/2022\\\/wp-content\\\/uploads\\\/2023\\\/12\\\/WhatsApp-Image-2023-12-28-at-18.55.28.jpeg\",\"width\":1024,\"height\":679},{\"@type\":\"BreadcrumbList\",\"@id\":\"https:\\\/\\\/regiaonews.net.br\\\/2022\\\/2023\\\/12\\\/28\\\/servidores-municipais-sao-beneficiados-com-nova-elevacao-de-padrao-salarial\\\/#breadcrumb\",\"itemListElement\":[{\"@type\":\"ListItem\",\"position\":1,\"name\":\"In\u00edcio\",\"item\":\"https:\\\/\\\/regiaonews.net.br\\\/2022\\\/\"},{\"@type\":\"ListItem\",\"position\":2,\"name\":\"Servidores Municipais s\u00e3o beneficiados com nova eleva\u00e7\u00e3o de padr\u00e3o salarial\"}]},{\"@type\":\"WebSite\",\"@id\":\"https:\\\/\\\/regiaonews.net.br\\\/2022\\\/#website\",\"url\":\"https:\\\/\\\/regiaonews.net.br\\\/2022\\\/\",\"name\":\"Regi\u00e3o News\",\"description\":\"Site de Not\u00edcias de Barretos e regi\u00e3o\",\"publisher\":{\"@id\":\"https:\\\/\\\/regiaonews.net.br\\\/2022\\\/#organization\"},\"potentialAction\":[{\"@type\":\"SearchAction\",\"target\":{\"@type\":\"EntryPoint\",\"urlTemplate\":\"https:\\\/\\\/regiaonews.net.br\\\/2022\\\/?s={search_term_string}\"},\"query-input\":{\"@type\":\"PropertyValueSpecification\",\"valueRequired\":true,\"valueName\":\"search_term_string\"}}],\"inLanguage\":\"pt-BR\"},{\"@type\":\"Organization\",\"@id\":\"https:\\\/\\\/regiaonews.net.br\\\/2022\\\/#organization\",\"name\":\"Regi\u00e3o News\",\"url\":\"https:\\\/\\\/regiaonews.net.br\\\/2022\\\/\",\"logo\":{\"@type\":\"ImageObject\",\"inLanguage\":\"pt-BR\",\"@id\":\"https:\\\/\\\/regiaonews.net.br\\\/2022\\\/#\\\/schema\\\/logo\\\/image\\\/\",\"url\":\"https:\\\/\\\/regiaonews.net.br\\\/2022\\\/wp-content\\\/uploads\\\/2026\\\/03\\\/regiao-13-anos-scaled.jpg\",\"contentUrl\":\"https:\\\/\\\/regiaonews.net.br\\\/2022\\\/wp-content\\\/uploads\\\/2026\\\/03\\\/regiao-13-anos-scaled.jpg\",\"width\":2560,\"height\":635,\"caption\":\"Regi\u00e3o News\"},\"image\":{\"@id\":\"https:\\\/\\\/regiaonews.net.br\\\/2022\\\/#\\\/schema\\\/logo\\\/image\\\/\"}},{\"@type\":\"Person\",\"@id\":\"https:\\\/\\\/regiaonews.net.br\\\/2022\\\/#\\\/schema\\\/person\\\/2d205a608a5aa97ac279d7a5e6d89ad8\",\"name\":\"Roberto\",\"image\":{\"@type\":\"ImageObject\",\"inLanguage\":\"pt-BR\",\"@id\":\"https:\\\/\\\/secure.gravatar.com\\\/avatar\\\/42749d8b712ff9d59ca93dc150494e5b55a44134482993f5baeb97e61b7ecc89?s=96&d=mm&r=g\",\"url\":\"https:\\\/\\\/secure.gravatar.com\\\/avatar\\\/42749d8b712ff9d59ca93dc150494e5b55a44134482993f5baeb97e61b7ecc89?s=96&d=mm&r=g\",\"contentUrl\":\"https:\\\/\\\/secure.gravatar.com\\\/avatar\\\/42749d8b712ff9d59ca93dc150494e5b55a44134482993f5baeb97e61b7ecc89?s=96&d=mm&r=g\",\"caption\":\"Roberto\"},\"url\":\"https:\\\/\\\/regiaonews.net.br\\\/2022\\\/author\\\/roberto\\\/\"}]}<\/script>\n<!-- \/ Yoast SEO plugin. -->","yoast_head_json":{"title":"Servidores Municipais s\u00e3o beneficiados com nova eleva\u00e7\u00e3o de padr\u00e3o salarial - Regi\u00e3o News","robots":{"index":"index","follow":"follow","max-snippet":"max-snippet:-1","max-image-preview":"max-image-preview:large","max-video-preview":"max-video-preview:-1"},"canonical":"https:\/\/regiaonews.net.br\/2022\/2023\/12\/28\/servidores-municipais-sao-beneficiados-com-nova-elevacao-de-padrao-salarial\/","og_locale":"pt_BR","og_type":"article","og_title":"Servidores Municipais s\u00e3o beneficiados com nova eleva\u00e7\u00e3o de padr\u00e3o salarial - Regi\u00e3o News","og_description":"&nbsp; Aposentados que recebem at\u00e9 o teto do INSS passam","og_url":"https:\/\/regiaonews.net.br\/2022\/2023\/12\/28\/servidores-municipais-sao-beneficiados-com-nova-elevacao-de-padrao-salarial\/","og_site_name":"Regi\u00e3o News","article_published_time":"2023-12-28T22:41:26+00:00","og_image":[{"width":1024,"height":679,"url":"https:\/\/regiaonews.net.br\/2022\/wp-content\/uploads\/2023\/12\/WhatsApp-Image-2023-12-28-at-18.55.28.jpeg","type":"image\/jpeg"}],"author":"Roberto","twitter_card":"summary_large_image","twitter_misc":{"Escrito por":"Roberto","Est. tempo de leitura":"3 minutos"},"schema":{"@context":"https:\/\/schema.org","@graph":[{"@type":"Article","@id":"https:\/\/regiaonews.net.br\/2022\/2023\/12\/28\/servidores-municipais-sao-beneficiados-com-nova-elevacao-de-padrao-salarial\/#article","isPartOf":{"@id":"https:\/\/regiaonews.net.br\/2022\/2023\/12\/28\/servidores-municipais-sao-beneficiados-com-nova-elevacao-de-padrao-salarial\/"},"author":{"name":"Roberto","@id":"https:\/\/regiaonews.net.br\/2022\/#\/schema\/person\/2d205a608a5aa97ac279d7a5e6d89ad8"},"headline":"Servidores Municipais s\u00e3o beneficiados com nova eleva\u00e7\u00e3o de padr\u00e3o salarial","datePublished":"2023-12-28T22:41:26+00:00","mainEntityOfPage":{"@id":"https:\/\/regiaonews.net.br\/2022\/2023\/12\/28\/servidores-municipais-sao-beneficiados-com-nova-elevacao-de-padrao-salarial\/"},"wordCount":469,"commentCount":0,"publisher":{"@id":"https:\/\/regiaonews.net.br\/2022\/#organization"},"image":{"@id":"https:\/\/regiaonews.net.br\/2022\/2023\/12\/28\/servidores-municipais-sao-beneficiados-com-nova-elevacao-de-padrao-salarial\/#primaryimage"},"thumbnailUrl":"https:\/\/regiaonews.net.br\/2022\/wp-content\/uploads\/2023\/12\/WhatsApp-Image-2023-12-28-at-18.55.28.jpeg","articleSection":["Barretos","Cidades"],"inLanguage":"pt-BR","potentialAction":[{"@type":"CommentAction","name":"Comment","target":["https:\/\/regiaonews.net.br\/2022\/2023\/12\/28\/servidores-municipais-sao-beneficiados-com-nova-elevacao-de-padrao-salarial\/#respond"]}]},{"@type":"WebPage","@id":"https:\/\/regiaonews.net.br\/2022\/2023\/12\/28\/servidores-municipais-sao-beneficiados-com-nova-elevacao-de-padrao-salarial\/","url":"https:\/\/regiaonews.net.br\/2022\/2023\/12\/28\/servidores-municipais-sao-beneficiados-com-nova-elevacao-de-padrao-salarial\/","name":"Servidores Municipais s\u00e3o beneficiados com nova eleva\u00e7\u00e3o de padr\u00e3o salarial - Regi\u00e3o News","isPartOf":{"@id":"https:\/\/regiaonews.net.br\/2022\/#website"},"primaryImageOfPage":{"@id":"https:\/\/regiaonews.net.br\/2022\/2023\/12\/28\/servidores-municipais-sao-beneficiados-com-nova-elevacao-de-padrao-salarial\/#primaryimage"},"image":{"@id":"https:\/\/regiaonews.net.br\/2022\/2023\/12\/28\/servidores-municipais-sao-beneficiados-com-nova-elevacao-de-padrao-salarial\/#primaryimage"},"thumbnailUrl":"https:\/\/regiaonews.net.br\/2022\/wp-content\/uploads\/2023\/12\/WhatsApp-Image-2023-12-28-at-18.55.28.jpeg","datePublished":"2023-12-28T22:41:26+00:00","breadcrumb":{"@id":"https:\/\/regiaonews.net.br\/2022\/2023\/12\/28\/servidores-municipais-sao-beneficiados-com-nova-elevacao-de-padrao-salarial\/#breadcrumb"},"inLanguage":"pt-BR","potentialAction":[{"@type":"ReadAction","target":["https:\/\/regiaonews.net.br\/2022\/2023\/12\/28\/servidores-municipais-sao-beneficiados-com-nova-elevacao-de-padrao-salarial\/"]}]},{"@type":"ImageObject","inLanguage":"pt-BR","@id":"https:\/\/regiaonews.net.br\/2022\/2023\/12\/28\/servidores-municipais-sao-beneficiados-com-nova-elevacao-de-padrao-salarial\/#primaryimage","url":"https:\/\/regiaonews.net.br\/2022\/wp-content\/uploads\/2023\/12\/WhatsApp-Image-2023-12-28-at-18.55.28.jpeg","contentUrl":"https:\/\/regiaonews.net.br\/2022\/wp-content\/uploads\/2023\/12\/WhatsApp-Image-2023-12-28-at-18.55.28.jpeg","width":1024,"height":679},{"@type":"BreadcrumbList","@id":"https:\/\/regiaonews.net.br\/2022\/2023\/12\/28\/servidores-municipais-sao-beneficiados-com-nova-elevacao-de-padrao-salarial\/#breadcrumb","itemListElement":[{"@type":"ListItem","position":1,"name":"In\u00edcio","item":"https:\/\/regiaonews.net.br\/2022\/"},{"@type":"ListItem","position":2,"name":"Servidores Municipais s\u00e3o beneficiados com nova eleva\u00e7\u00e3o de padr\u00e3o salarial"}]},{"@type":"WebSite","@id":"https:\/\/regiaonews.net.br\/2022\/#website","url":"https:\/\/regiaonews.net.br\/2022\/","name":"Regi\u00e3o News","description":"Site de Not\u00edcias de Barretos e regi\u00e3o","publisher":{"@id":"https:\/\/regiaonews.net.br\/2022\/#organization"},"potentialAction":[{"@type":"SearchAction","target":{"@type":"EntryPoint","urlTemplate":"https:\/\/regiaonews.net.br\/2022\/?s={search_term_string}"},"query-input":{"@type":"PropertyValueSpecification","valueRequired":true,"valueName":"search_term_string"}}],"inLanguage":"pt-BR"},{"@type":"Organization","@id":"https:\/\/regiaonews.net.br\/2022\/#organization","name":"Regi\u00e3o News","url":"https:\/\/regiaonews.net.br\/2022\/","logo":{"@type":"ImageObject","inLanguage":"pt-BR","@id":"https:\/\/regiaonews.net.br\/2022\/#\/schema\/logo\/image\/","url":"https:\/\/regiaonews.net.br\/2022\/wp-content\/uploads\/2026\/03\/regiao-13-anos-scaled.jpg","contentUrl":"https:\/\/regiaonews.net.br\/2022\/wp-content\/uploads\/2026\/03\/regiao-13-anos-scaled.jpg","width":2560,"height":635,"caption":"Regi\u00e3o News"},"image":{"@id":"https:\/\/regiaonews.net.br\/2022\/#\/schema\/logo\/image\/"}},{"@type":"Person","@id":"https:\/\/regiaonews.net.br\/2022\/#\/schema\/person\/2d205a608a5aa97ac279d7a5e6d89ad8","name":"Roberto","image":{"@type":"ImageObject","inLanguage":"pt-BR","@id":"https:\/\/secure.gravatar.com\/avatar\/42749d8b712ff9d59ca93dc150494e5b55a44134482993f5baeb97e61b7ecc89?s=96&d=mm&r=g","url":"https:\/\/secure.gravatar.com\/avatar\/42749d8b712ff9d59ca93dc150494e5b55a44134482993f5baeb97e61b7ecc89?s=96&d=mm&r=g","contentUrl":"https:\/\/secure.gravatar.com\/avatar\/42749d8b712ff9d59ca93dc150494e5b55a44134482993f5baeb97e61b7ecc89?s=96&d=mm&r=g","caption":"Roberto"},"url":"https:\/\/regiaonews.net.br\/2022\/author\/roberto\/"}]}},"publishpress_future_action":{"enabled":false,"date":"2026-05-04 04:34:22","action":"change-status","newStatus":"draft","terms":[],"taxonomy":"category","extraData":[]},"publishpress_future_workflow_manual_trigger":{"enabledWorkflows":[]},"_links":{"self":[{"href":"https:\/\/regiaonews.net.br\/2022\/wp-json\/wp\/v2\/posts\/99642","targetHints":{"allow":["GET"]}}],"collection":[{"href":"https:\/\/regiaonews.net.br\/2022\/wp-json\/wp\/v2\/posts"}],"about":[{"href":"https:\/\/regiaonews.net.br\/2022\/wp-json\/wp\/v2\/types\/post"}],"author":[{"embeddable":true,"href":"https:\/\/regiaonews.net.br\/2022\/wp-json\/wp\/v2\/users\/2"}],"replies":[{"embeddable":true,"href":"https:\/\/regiaonews.net.br\/2022\/wp-json\/wp\/v2\/comments?post=99642"}],"version-history":[{"count":1,"href":"https:\/\/regiaonews.net.br\/2022\/wp-json\/wp\/v2\/posts\/99642\/revisions"}],"predecessor-version":[{"id":99644,"href":"https:\/\/regiaonews.net.br\/2022\/wp-json\/wp\/v2\/posts\/99642\/revisions\/99644"}],"wp:featuredmedia":[{"embeddable":true,"href":"https:\/\/regiaonews.net.br\/2022\/wp-json\/wp\/v2\/media\/99643"}],"wp:attachment":[{"href":"https:\/\/regiaonews.net.br\/2022\/wp-json\/wp\/v2\/media?parent=99642"}],"wp:term":[{"taxonomy":"category","embeddable":true,"href":"https:\/\/regiaonews.net.br\/2022\/wp-json\/wp\/v2\/categories?post=99642"},{"taxonomy":"post_tag","embeddable":true,"href":"https:\/\/regiaonews.net.br\/2022\/wp-json\/wp\/v2\/tags?post=99642"}],"curies":[{"name":"wp","href":"https:\/\/api.w.org\/{rel}","templated":true}]}}