{"id":99639,"date":"2023-12-28T19:39:31","date_gmt":"2023-12-28T22:39:31","guid":{"rendered":"https:\/\/regiaonews.net.br\/2022\/?p=99639"},"modified":"2023-12-28T19:39:31","modified_gmt":"2023-12-28T22:39:31","slug":"prefeitura-de-barretos-entrega-350-cestas-proteicas-para-pessoas-idosas-assistidas-pela-secretaria-municipal-de-assistencia-social","status":"publish","type":"post","link":"https:\/\/regiaonews.net.br\/2022\/2023\/12\/28\/prefeitura-de-barretos-entrega-350-cestas-proteicas-para-pessoas-idosas-assistidas-pela-secretaria-municipal-de-assistencia-social\/","title":{"rendered":"Prefeitura de Barretos entrega 350 cestas proteicas para pessoas idosas assistidas pela Secretaria Municipal de Assist\u00eancia Social"},"content":{"rendered":"<p>Prefeita Paula Lemos esteve no \u201cCCI Fepasa\u201d para conversar com a popula\u00e7\u00e3o e acompanhar a distribui\u00e7\u00e3o dos alimentos<\/p>\n<p>A Prefeita da Est\u00e2ncia Tur\u00edstica de Barretos, Paula Lemos, participou na manh\u00e3 desta quinta-feira, 28 de dezembro, da entrega de 350 cestas compostas, principalmente, por alimentos proteicos para as pessoas idosas dos Centros de Conviv\u00eancia do Idoso (CCIs), Centro Dia do Idoso (CDI) e Centros de Refer\u00eancia em Assist\u00eancia Social (CRAS) II e III.<br \/>\nA Chefe do Executivo conversou com os assistidos, desejou um bom final de ano para todos e apresentou os itens da cesta, composta por: ameixa seca, arroz, atum, carne seca, feij\u00e3o, frango inteiro, fub\u00e1, geleia, gr\u00e3o de bico, iogurte, leite em p\u00f3 desnatado, mix de castanhas, duas d\u00fazias de ovos, macarr\u00e3o integral e manteiga. \u201cGra\u00e7as a Deus, esse lugar aqui anda bem aben\u00e7oado, n\u00e9? \u00c9 isso que anima a gente a cada dia acordar e continuar nesta luta em prol das pessoas. Eu falo que a coisa que eu mais gosto \u00e9 encontrar pessoas idosas e crian\u00e7as, por que voc\u00eas sempre nos acrescentam, em energia, em felicidade e positividade. Que o menino Jesus abrace cada fam\u00edlia de voc\u00eas, trazendo muita paz, sa\u00fade e felicidade, e que em 2024 n\u00f3s estejamos a\u00ed firmes e fortes, com muita for\u00e7a, foco e f\u00e9. Eu estou muito feliz hoje, com esse momento, que voc\u00eas tenham um ano novo maravilhoso\u201d, disse.<br \/>\nA Secret\u00e1ria Municipal de Assist\u00eancia Social e Desenvolvimento Humano, Vit\u00f3ria Saretta, tamb\u00e9m falou aos presentes sobre o privil\u00e9gio de entregar as cestas com produtos ricos em prote\u00edna, ingrediente indispens\u00e1vel na dieta da pessoa idosa. \u201cPara mim est\u00e1 sendo uma manh\u00e3 radiante. Fico muito feliz por poder fazer parte da administra\u00e7\u00e3o Paula Lemos, que pensa realmente na popula\u00e7\u00e3o, que \u00e9 voltada para o bem, para o que \u00e9 bom. E, pensando nisso, a Paula solicitou que n\u00f3s compr\u00e1ssemos cestas proteicas para voc\u00eas, cestas diferenciadas, que voc\u00eas merecem, pois j\u00e1 fizeram muito pela nossa cidade, muito por n\u00f3s, ent\u00e3o agora \u00e9 o momento de desfrutar\u201d, comentou.<br \/>\nAs cestas foram entregues no Centro de Conviv\u00eancia do Idoso Idalina Jesus Anast\u00e1cio \u201cCCI Fepasa\u201d, que fica na Avenida 3, entre as ruas 12 e 14, reunindo assistidos de v\u00e1rias regi\u00f5es da cidade. Uma delas foi a pensionista Floripes Sim\u00f5es, que participa das atividades do CRAS II. \u201cEstou achando maravilhoso. N\u00f3s temos uma gest\u00e3o que est\u00e1 preocupada com n\u00f3s idosos\u201d, disse. Para o ano que inicia, Floripes disse estar esperan\u00e7osa de dias ainda melhores. \u201cEu espero muita sa\u00fade, paz e uni\u00e3o do povo e muito amor, que est\u00e1 faltando na humanidade, com tanta guerra por a\u00ed. Ent\u00e3o a gente s\u00f3 pede a Deus que d\u00ea paz\u201d, completou.<br \/>\nIramar Galv\u00e3o, que tamb\u00e9m \u00e9 atendida no CRAS II, estava muito contente com a cesta. Sobre a a\u00e7\u00e3o, ela disparou: \u201cMaravilhosa. Ali\u00e1s, eu nunca vi em Barretos, para as pessoas idosas. Eu estou super feliz. Vou fazer arroz carreteiro, vou fazer bolo para os meus netos&#8230;\u201d, disse.<\/p>\n","protected":false},"excerpt":{"rendered":"<p>Prefeita Paula Lemos esteve no \u201cCCI Fepasa\u201d para conversar com<\/p>\n","protected":false},"author":2,"featured_media":99640,"comment_status":"open","ping_status":"open","sticky":false,"template":"","format":"standard","meta":{"footnotes":""},"categories":[14,25],"tags":[],"class_list":["post-99639","post","type-post","status-publish","format-standard","has-post-thumbnail","hentry","category-barretos","category-cidades"],"yoast_head":"<!-- This site is optimized with the Yoast SEO plugin v27.4 - https:\/\/yoast.com\/product\/yoast-seo-wordpress\/ -->\n<title>Prefeitura de Barretos entrega 350 cestas proteicas para pessoas idosas assistidas pela Secretaria Municipal de Assist\u00eancia Social - Regi\u00e3o News<\/title>\n<meta name=\"robots\" content=\"index, follow, max-snippet:-1, max-image-preview:large, max-video-preview:-1\" \/>\n<link rel=\"canonical\" href=\"https:\/\/regiaonews.net.br\/2022\/2023\/12\/28\/prefeitura-de-barretos-entrega-350-cestas-proteicas-para-pessoas-idosas-assistidas-pela-secretaria-municipal-de-assistencia-social\/\" \/>\n<meta property=\"og:locale\" content=\"pt_BR\" \/>\n<meta property=\"og:type\" content=\"article\" \/>\n<meta property=\"og:title\" content=\"Prefeitura de Barretos entrega 350 cestas proteicas para pessoas idosas assistidas pela Secretaria Municipal de Assist\u00eancia Social - Regi\u00e3o News\" \/>\n<meta property=\"og:description\" content=\"Prefeita Paula Lemos esteve no \u201cCCI Fepasa\u201d para conversar com\" \/>\n<meta property=\"og:url\" content=\"https:\/\/regiaonews.net.br\/2022\/2023\/12\/28\/prefeitura-de-barretos-entrega-350-cestas-proteicas-para-pessoas-idosas-assistidas-pela-secretaria-municipal-de-assistencia-social\/\" \/>\n<meta property=\"og:site_name\" content=\"Regi\u00e3o News\" \/>\n<meta property=\"article:published_time\" content=\"2023-12-28T22:39:31+00:00\" \/>\n<meta property=\"og:image\" content=\"https:\/\/regiaonews.net.br\/2022\/wp-content\/uploads\/2023\/12\/WhatsApp-Image-2023-12-28-at-16.17.41-1.jpeg\" \/>\n\t<meta property=\"og:image:width\" content=\"1600\" \/>\n\t<meta property=\"og:image:height\" content=\"1092\" \/>\n\t<meta property=\"og:image:type\" content=\"image\/jpeg\" \/>\n<meta name=\"author\" content=\"Roberto\" \/>\n<meta name=\"twitter:card\" content=\"summary_large_image\" \/>\n<meta name=\"twitter:label1\" content=\"Escrito por\" \/>\n\t<meta name=\"twitter:data1\" content=\"Roberto\" \/>\n\t<meta name=\"twitter:label2\" content=\"Est. tempo de leitura\" \/>\n\t<meta name=\"twitter:data2\" content=\"3 minutos\" \/>\n<script type=\"application\/ld+json\" class=\"yoast-schema-graph\">{\"@context\":\"https:\\\/\\\/schema.org\",\"@graph\":[{\"@type\":\"Article\",\"@id\":\"https:\\\/\\\/regiaonews.net.br\\\/2022\\\/2023\\\/12\\\/28\\\/prefeitura-de-barretos-entrega-350-cestas-proteicas-para-pessoas-idosas-assistidas-pela-secretaria-municipal-de-assistencia-social\\\/#article\",\"isPartOf\":{\"@id\":\"https:\\\/\\\/regiaonews.net.br\\\/2022\\\/2023\\\/12\\\/28\\\/prefeitura-de-barretos-entrega-350-cestas-proteicas-para-pessoas-idosas-assistidas-pela-secretaria-municipal-de-assistencia-social\\\/\"},\"author\":{\"name\":\"Roberto\",\"@id\":\"https:\\\/\\\/regiaonews.net.br\\\/2022\\\/#\\\/schema\\\/person\\\/2d205a608a5aa97ac279d7a5e6d89ad8\"},\"headline\":\"Prefeitura de Barretos entrega 350 cestas proteicas para pessoas idosas assistidas pela Secretaria Municipal de Assist\u00eancia Social\",\"datePublished\":\"2023-12-28T22:39:31+00:00\",\"mainEntityOfPage\":{\"@id\":\"https:\\\/\\\/regiaonews.net.br\\\/2022\\\/2023\\\/12\\\/28\\\/prefeitura-de-barretos-entrega-350-cestas-proteicas-para-pessoas-idosas-assistidas-pela-secretaria-municipal-de-assistencia-social\\\/\"},\"wordCount\":543,\"commentCount\":0,\"publisher\":{\"@id\":\"https:\\\/\\\/regiaonews.net.br\\\/2022\\\/#organization\"},\"image\":{\"@id\":\"https:\\\/\\\/regiaonews.net.br\\\/2022\\\/2023\\\/12\\\/28\\\/prefeitura-de-barretos-entrega-350-cestas-proteicas-para-pessoas-idosas-assistidas-pela-secretaria-municipal-de-assistencia-social\\\/#primaryimage\"},\"thumbnailUrl\":\"https:\\\/\\\/regiaonews.net.br\\\/2022\\\/wp-content\\\/uploads\\\/2023\\\/12\\\/WhatsApp-Image-2023-12-28-at-16.17.41-1.jpeg\",\"articleSection\":[\"Barretos\",\"Cidades\"],\"inLanguage\":\"pt-BR\",\"potentialAction\":[{\"@type\":\"CommentAction\",\"name\":\"Comment\",\"target\":[\"https:\\\/\\\/regiaonews.net.br\\\/2022\\\/2023\\\/12\\\/28\\\/prefeitura-de-barretos-entrega-350-cestas-proteicas-para-pessoas-idosas-assistidas-pela-secretaria-municipal-de-assistencia-social\\\/#respond\"]}]},{\"@type\":\"WebPage\",\"@id\":\"https:\\\/\\\/regiaonews.net.br\\\/2022\\\/2023\\\/12\\\/28\\\/prefeitura-de-barretos-entrega-350-cestas-proteicas-para-pessoas-idosas-assistidas-pela-secretaria-municipal-de-assistencia-social\\\/\",\"url\":\"https:\\\/\\\/regiaonews.net.br\\\/2022\\\/2023\\\/12\\\/28\\\/prefeitura-de-barretos-entrega-350-cestas-proteicas-para-pessoas-idosas-assistidas-pela-secretaria-municipal-de-assistencia-social\\\/\",\"name\":\"Prefeitura de Barretos entrega 350 cestas proteicas para pessoas idosas assistidas pela Secretaria Municipal de Assist\u00eancia Social - Regi\u00e3o News\",\"isPartOf\":{\"@id\":\"https:\\\/\\\/regiaonews.net.br\\\/2022\\\/#website\"},\"primaryImageOfPage\":{\"@id\":\"https:\\\/\\\/regiaonews.net.br\\\/2022\\\/2023\\\/12\\\/28\\\/prefeitura-de-barretos-entrega-350-cestas-proteicas-para-pessoas-idosas-assistidas-pela-secretaria-municipal-de-assistencia-social\\\/#primaryimage\"},\"image\":{\"@id\":\"https:\\\/\\\/regiaonews.net.br\\\/2022\\\/2023\\\/12\\\/28\\\/prefeitura-de-barretos-entrega-350-cestas-proteicas-para-pessoas-idosas-assistidas-pela-secretaria-municipal-de-assistencia-social\\\/#primaryimage\"},\"thumbnailUrl\":\"https:\\\/\\\/regiaonews.net.br\\\/2022\\\/wp-content\\\/uploads\\\/2023\\\/12\\\/WhatsApp-Image-2023-12-28-at-16.17.41-1.jpeg\",\"datePublished\":\"2023-12-28T22:39:31+00:00\",\"breadcrumb\":{\"@id\":\"https:\\\/\\\/regiaonews.net.br\\\/2022\\\/2023\\\/12\\\/28\\\/prefeitura-de-barretos-entrega-350-cestas-proteicas-para-pessoas-idosas-assistidas-pela-secretaria-municipal-de-assistencia-social\\\/#breadcrumb\"},\"inLanguage\":\"pt-BR\",\"potentialAction\":[{\"@type\":\"ReadAction\",\"target\":[\"https:\\\/\\\/regiaonews.net.br\\\/2022\\\/2023\\\/12\\\/28\\\/prefeitura-de-barretos-entrega-350-cestas-proteicas-para-pessoas-idosas-assistidas-pela-secretaria-municipal-de-assistencia-social\\\/\"]}]},{\"@type\":\"ImageObject\",\"inLanguage\":\"pt-BR\",\"@id\":\"https:\\\/\\\/regiaonews.net.br\\\/2022\\\/2023\\\/12\\\/28\\\/prefeitura-de-barretos-entrega-350-cestas-proteicas-para-pessoas-idosas-assistidas-pela-secretaria-municipal-de-assistencia-social\\\/#primaryimage\",\"url\":\"https:\\\/\\\/regiaonews.net.br\\\/2022\\\/wp-content\\\/uploads\\\/2023\\\/12\\\/WhatsApp-Image-2023-12-28-at-16.17.41-1.jpeg\",\"contentUrl\":\"https:\\\/\\\/regiaonews.net.br\\\/2022\\\/wp-content\\\/uploads\\\/2023\\\/12\\\/WhatsApp-Image-2023-12-28-at-16.17.41-1.jpeg\",\"width\":1600,\"height\":1092},{\"@type\":\"BreadcrumbList\",\"@id\":\"https:\\\/\\\/regiaonews.net.br\\\/2022\\\/2023\\\/12\\\/28\\\/prefeitura-de-barretos-entrega-350-cestas-proteicas-para-pessoas-idosas-assistidas-pela-secretaria-municipal-de-assistencia-social\\\/#breadcrumb\",\"itemListElement\":[{\"@type\":\"ListItem\",\"position\":1,\"name\":\"In\u00edcio\",\"item\":\"https:\\\/\\\/regiaonews.net.br\\\/2022\\\/\"},{\"@type\":\"ListItem\",\"position\":2,\"name\":\"Prefeitura de Barretos entrega 350 cestas proteicas para pessoas idosas assistidas pela Secretaria Municipal de Assist\u00eancia Social\"}]},{\"@type\":\"WebSite\",\"@id\":\"https:\\\/\\\/regiaonews.net.br\\\/2022\\\/#website\",\"url\":\"https:\\\/\\\/regiaonews.net.br\\\/2022\\\/\",\"name\":\"Regi\u00e3o News\",\"description\":\"Site de Not\u00edcias de Barretos e regi\u00e3o\",\"publisher\":{\"@id\":\"https:\\\/\\\/regiaonews.net.br\\\/2022\\\/#organization\"},\"potentialAction\":[{\"@type\":\"SearchAction\",\"target\":{\"@type\":\"EntryPoint\",\"urlTemplate\":\"https:\\\/\\\/regiaonews.net.br\\\/2022\\\/?s={search_term_string}\"},\"query-input\":{\"@type\":\"PropertyValueSpecification\",\"valueRequired\":true,\"valueName\":\"search_term_string\"}}],\"inLanguage\":\"pt-BR\"},{\"@type\":\"Organization\",\"@id\":\"https:\\\/\\\/regiaonews.net.br\\\/2022\\\/#organization\",\"name\":\"Regi\u00e3o News\",\"url\":\"https:\\\/\\\/regiaonews.net.br\\\/2022\\\/\",\"logo\":{\"@type\":\"ImageObject\",\"inLanguage\":\"pt-BR\",\"@id\":\"https:\\\/\\\/regiaonews.net.br\\\/2022\\\/#\\\/schema\\\/logo\\\/image\\\/\",\"url\":\"https:\\\/\\\/regiaonews.net.br\\\/2022\\\/wp-content\\\/uploads\\\/2026\\\/03\\\/regiao-13-anos-scaled.jpg\",\"contentUrl\":\"https:\\\/\\\/regiaonews.net.br\\\/2022\\\/wp-content\\\/uploads\\\/2026\\\/03\\\/regiao-13-anos-scaled.jpg\",\"width\":2560,\"height\":635,\"caption\":\"Regi\u00e3o News\"},\"image\":{\"@id\":\"https:\\\/\\\/regiaonews.net.br\\\/2022\\\/#\\\/schema\\\/logo\\\/image\\\/\"}},{\"@type\":\"Person\",\"@id\":\"https:\\\/\\\/regiaonews.net.br\\\/2022\\\/#\\\/schema\\\/person\\\/2d205a608a5aa97ac279d7a5e6d89ad8\",\"name\":\"Roberto\",\"image\":{\"@type\":\"ImageObject\",\"inLanguage\":\"pt-BR\",\"@id\":\"https:\\\/\\\/secure.gravatar.com\\\/avatar\\\/42749d8b712ff9d59ca93dc150494e5b55a44134482993f5baeb97e61b7ecc89?s=96&d=mm&r=g\",\"url\":\"https:\\\/\\\/secure.gravatar.com\\\/avatar\\\/42749d8b712ff9d59ca93dc150494e5b55a44134482993f5baeb97e61b7ecc89?s=96&d=mm&r=g\",\"contentUrl\":\"https:\\\/\\\/secure.gravatar.com\\\/avatar\\\/42749d8b712ff9d59ca93dc150494e5b55a44134482993f5baeb97e61b7ecc89?s=96&d=mm&r=g\",\"caption\":\"Roberto\"},\"url\":\"https:\\\/\\\/regiaonews.net.br\\\/2022\\\/author\\\/roberto\\\/\"}]}<\/script>\n<!-- \/ Yoast SEO plugin. -->","yoast_head_json":{"title":"Prefeitura de Barretos entrega 350 cestas proteicas para pessoas idosas assistidas pela Secretaria Municipal de Assist\u00eancia Social - Regi\u00e3o News","robots":{"index":"index","follow":"follow","max-snippet":"max-snippet:-1","max-image-preview":"max-image-preview:large","max-video-preview":"max-video-preview:-1"},"canonical":"https:\/\/regiaonews.net.br\/2022\/2023\/12\/28\/prefeitura-de-barretos-entrega-350-cestas-proteicas-para-pessoas-idosas-assistidas-pela-secretaria-municipal-de-assistencia-social\/","og_locale":"pt_BR","og_type":"article","og_title":"Prefeitura de Barretos entrega 350 cestas proteicas para pessoas idosas assistidas pela Secretaria Municipal de Assist\u00eancia Social - Regi\u00e3o News","og_description":"Prefeita Paula Lemos esteve no \u201cCCI Fepasa\u201d para conversar com","og_url":"https:\/\/regiaonews.net.br\/2022\/2023\/12\/28\/prefeitura-de-barretos-entrega-350-cestas-proteicas-para-pessoas-idosas-assistidas-pela-secretaria-municipal-de-assistencia-social\/","og_site_name":"Regi\u00e3o News","article_published_time":"2023-12-28T22:39:31+00:00","og_image":[{"width":1600,"height":1092,"url":"https:\/\/regiaonews.net.br\/2022\/wp-content\/uploads\/2023\/12\/WhatsApp-Image-2023-12-28-at-16.17.41-1.jpeg","type":"image\/jpeg"}],"author":"Roberto","twitter_card":"summary_large_image","twitter_misc":{"Escrito por":"Roberto","Est. tempo de leitura":"3 minutos"},"schema":{"@context":"https:\/\/schema.org","@graph":[{"@type":"Article","@id":"https:\/\/regiaonews.net.br\/2022\/2023\/12\/28\/prefeitura-de-barretos-entrega-350-cestas-proteicas-para-pessoas-idosas-assistidas-pela-secretaria-municipal-de-assistencia-social\/#article","isPartOf":{"@id":"https:\/\/regiaonews.net.br\/2022\/2023\/12\/28\/prefeitura-de-barretos-entrega-350-cestas-proteicas-para-pessoas-idosas-assistidas-pela-secretaria-municipal-de-assistencia-social\/"},"author":{"name":"Roberto","@id":"https:\/\/regiaonews.net.br\/2022\/#\/schema\/person\/2d205a608a5aa97ac279d7a5e6d89ad8"},"headline":"Prefeitura de Barretos entrega 350 cestas proteicas para pessoas idosas assistidas pela Secretaria Municipal de Assist\u00eancia Social","datePublished":"2023-12-28T22:39:31+00:00","mainEntityOfPage":{"@id":"https:\/\/regiaonews.net.br\/2022\/2023\/12\/28\/prefeitura-de-barretos-entrega-350-cestas-proteicas-para-pessoas-idosas-assistidas-pela-secretaria-municipal-de-assistencia-social\/"},"wordCount":543,"commentCount":0,"publisher":{"@id":"https:\/\/regiaonews.net.br\/2022\/#organization"},"image":{"@id":"https:\/\/regiaonews.net.br\/2022\/2023\/12\/28\/prefeitura-de-barretos-entrega-350-cestas-proteicas-para-pessoas-idosas-assistidas-pela-secretaria-municipal-de-assistencia-social\/#primaryimage"},"thumbnailUrl":"https:\/\/regiaonews.net.br\/2022\/wp-content\/uploads\/2023\/12\/WhatsApp-Image-2023-12-28-at-16.17.41-1.jpeg","articleSection":["Barretos","Cidades"],"inLanguage":"pt-BR","potentialAction":[{"@type":"CommentAction","name":"Comment","target":["https:\/\/regiaonews.net.br\/2022\/2023\/12\/28\/prefeitura-de-barretos-entrega-350-cestas-proteicas-para-pessoas-idosas-assistidas-pela-secretaria-municipal-de-assistencia-social\/#respond"]}]},{"@type":"WebPage","@id":"https:\/\/regiaonews.net.br\/2022\/2023\/12\/28\/prefeitura-de-barretos-entrega-350-cestas-proteicas-para-pessoas-idosas-assistidas-pela-secretaria-municipal-de-assistencia-social\/","url":"https:\/\/regiaonews.net.br\/2022\/2023\/12\/28\/prefeitura-de-barretos-entrega-350-cestas-proteicas-para-pessoas-idosas-assistidas-pela-secretaria-municipal-de-assistencia-social\/","name":"Prefeitura de Barretos entrega 350 cestas proteicas para pessoas idosas assistidas pela Secretaria Municipal de Assist\u00eancia Social - Regi\u00e3o News","isPartOf":{"@id":"https:\/\/regiaonews.net.br\/2022\/#website"},"primaryImageOfPage":{"@id":"https:\/\/regiaonews.net.br\/2022\/2023\/12\/28\/prefeitura-de-barretos-entrega-350-cestas-proteicas-para-pessoas-idosas-assistidas-pela-secretaria-municipal-de-assistencia-social\/#primaryimage"},"image":{"@id":"https:\/\/regiaonews.net.br\/2022\/2023\/12\/28\/prefeitura-de-barretos-entrega-350-cestas-proteicas-para-pessoas-idosas-assistidas-pela-secretaria-municipal-de-assistencia-social\/#primaryimage"},"thumbnailUrl":"https:\/\/regiaonews.net.br\/2022\/wp-content\/uploads\/2023\/12\/WhatsApp-Image-2023-12-28-at-16.17.41-1.jpeg","datePublished":"2023-12-28T22:39:31+00:00","breadcrumb":{"@id":"https:\/\/regiaonews.net.br\/2022\/2023\/12\/28\/prefeitura-de-barretos-entrega-350-cestas-proteicas-para-pessoas-idosas-assistidas-pela-secretaria-municipal-de-assistencia-social\/#breadcrumb"},"inLanguage":"pt-BR","potentialAction":[{"@type":"ReadAction","target":["https:\/\/regiaonews.net.br\/2022\/2023\/12\/28\/prefeitura-de-barretos-entrega-350-cestas-proteicas-para-pessoas-idosas-assistidas-pela-secretaria-municipal-de-assistencia-social\/"]}]},{"@type":"ImageObject","inLanguage":"pt-BR","@id":"https:\/\/regiaonews.net.br\/2022\/2023\/12\/28\/prefeitura-de-barretos-entrega-350-cestas-proteicas-para-pessoas-idosas-assistidas-pela-secretaria-municipal-de-assistencia-social\/#primaryimage","url":"https:\/\/regiaonews.net.br\/2022\/wp-content\/uploads\/2023\/12\/WhatsApp-Image-2023-12-28-at-16.17.41-1.jpeg","contentUrl":"https:\/\/regiaonews.net.br\/2022\/wp-content\/uploads\/2023\/12\/WhatsApp-Image-2023-12-28-at-16.17.41-1.jpeg","width":1600,"height":1092},{"@type":"BreadcrumbList","@id":"https:\/\/regiaonews.net.br\/2022\/2023\/12\/28\/prefeitura-de-barretos-entrega-350-cestas-proteicas-para-pessoas-idosas-assistidas-pela-secretaria-municipal-de-assistencia-social\/#breadcrumb","itemListElement":[{"@type":"ListItem","position":1,"name":"In\u00edcio","item":"https:\/\/regiaonews.net.br\/2022\/"},{"@type":"ListItem","position":2,"name":"Prefeitura de Barretos entrega 350 cestas proteicas para pessoas idosas assistidas pela Secretaria Municipal de Assist\u00eancia Social"}]},{"@type":"WebSite","@id":"https:\/\/regiaonews.net.br\/2022\/#website","url":"https:\/\/regiaonews.net.br\/2022\/","name":"Regi\u00e3o News","description":"Site de Not\u00edcias de Barretos e regi\u00e3o","publisher":{"@id":"https:\/\/regiaonews.net.br\/2022\/#organization"},"potentialAction":[{"@type":"SearchAction","target":{"@type":"EntryPoint","urlTemplate":"https:\/\/regiaonews.net.br\/2022\/?s={search_term_string}"},"query-input":{"@type":"PropertyValueSpecification","valueRequired":true,"valueName":"search_term_string"}}],"inLanguage":"pt-BR"},{"@type":"Organization","@id":"https:\/\/regiaonews.net.br\/2022\/#organization","name":"Regi\u00e3o News","url":"https:\/\/regiaonews.net.br\/2022\/","logo":{"@type":"ImageObject","inLanguage":"pt-BR","@id":"https:\/\/regiaonews.net.br\/2022\/#\/schema\/logo\/image\/","url":"https:\/\/regiaonews.net.br\/2022\/wp-content\/uploads\/2026\/03\/regiao-13-anos-scaled.jpg","contentUrl":"https:\/\/regiaonews.net.br\/2022\/wp-content\/uploads\/2026\/03\/regiao-13-anos-scaled.jpg","width":2560,"height":635,"caption":"Regi\u00e3o News"},"image":{"@id":"https:\/\/regiaonews.net.br\/2022\/#\/schema\/logo\/image\/"}},{"@type":"Person","@id":"https:\/\/regiaonews.net.br\/2022\/#\/schema\/person\/2d205a608a5aa97ac279d7a5e6d89ad8","name":"Roberto","image":{"@type":"ImageObject","inLanguage":"pt-BR","@id":"https:\/\/secure.gravatar.com\/avatar\/42749d8b712ff9d59ca93dc150494e5b55a44134482993f5baeb97e61b7ecc89?s=96&d=mm&r=g","url":"https:\/\/secure.gravatar.com\/avatar\/42749d8b712ff9d59ca93dc150494e5b55a44134482993f5baeb97e61b7ecc89?s=96&d=mm&r=g","contentUrl":"https:\/\/secure.gravatar.com\/avatar\/42749d8b712ff9d59ca93dc150494e5b55a44134482993f5baeb97e61b7ecc89?s=96&d=mm&r=g","caption":"Roberto"},"url":"https:\/\/regiaonews.net.br\/2022\/author\/roberto\/"}]}},"publishpress_future_action":{"enabled":false,"date":"2026-05-04 06:04:43","action":"change-status","newStatus":"draft","terms":[],"taxonomy":"category","extraData":[]},"publishpress_future_workflow_manual_trigger":{"enabledWorkflows":[]},"_links":{"self":[{"href":"https:\/\/regiaonews.net.br\/2022\/wp-json\/wp\/v2\/posts\/99639","targetHints":{"allow":["GET"]}}],"collection":[{"href":"https:\/\/regiaonews.net.br\/2022\/wp-json\/wp\/v2\/posts"}],"about":[{"href":"https:\/\/regiaonews.net.br\/2022\/wp-json\/wp\/v2\/types\/post"}],"author":[{"embeddable":true,"href":"https:\/\/regiaonews.net.br\/2022\/wp-json\/wp\/v2\/users\/2"}],"replies":[{"embeddable":true,"href":"https:\/\/regiaonews.net.br\/2022\/wp-json\/wp\/v2\/comments?post=99639"}],"version-history":[{"count":1,"href":"https:\/\/regiaonews.net.br\/2022\/wp-json\/wp\/v2\/posts\/99639\/revisions"}],"predecessor-version":[{"id":99641,"href":"https:\/\/regiaonews.net.br\/2022\/wp-json\/wp\/v2\/posts\/99639\/revisions\/99641"}],"wp:featuredmedia":[{"embeddable":true,"href":"https:\/\/regiaonews.net.br\/2022\/wp-json\/wp\/v2\/media\/99640"}],"wp:attachment":[{"href":"https:\/\/regiaonews.net.br\/2022\/wp-json\/wp\/v2\/media?parent=99639"}],"wp:term":[{"taxonomy":"category","embeddable":true,"href":"https:\/\/regiaonews.net.br\/2022\/wp-json\/wp\/v2\/categories?post=99639"},{"taxonomy":"post_tag","embeddable":true,"href":"https:\/\/regiaonews.net.br\/2022\/wp-json\/wp\/v2\/tags?post=99639"}],"curies":[{"name":"wp","href":"https:\/\/api.w.org\/{rel}","templated":true}]}}