{"id":99633,"date":"2023-12-28T19:32:17","date_gmt":"2023-12-28T22:32:17","guid":{"rendered":"https:\/\/regiaonews.net.br\/2022\/?p=99633"},"modified":"2023-12-28T19:32:17","modified_gmt":"2023-12-28T22:32:17","slug":"acib-e-cdl-tem-eleicao-para-nova-diretoria","status":"publish","type":"post","link":"https:\/\/regiaonews.net.br\/2022\/2023\/12\/28\/acib-e-cdl-tem-eleicao-para-nova-diretoria\/","title":{"rendered":"ACIB e CDL t\u00eam elei\u00e7\u00e3o para nova diretoria"},"content":{"rendered":"<p>Entidades do com\u00e9rcio t\u00eam chapa \u00fanica para cada associa\u00e7\u00e3o<\/p>\n<p>A Associa\u00e7\u00e3o Comercial e Industrial de Barretos \u2013 ACIB e a C\u00e2mara dos Dirigentes Lojistas t\u00eam elei\u00e7\u00e3o para nova diretoria com chapa \u00fanica para cada uma das entidades. A elei\u00e7\u00e3o por aclama\u00e7\u00e3o e posse est\u00e3o marcados para a pr\u00f3xima quinta-feira, 4 de janeiro\/2023 das 9h \u00e0s 12h na sede da ACIB, Rua 20, Edif\u00edcio \u201cDomingos S\u00e1vio Baston\u201d.<br \/>\nPara a ACIB, apenas uma chapa est\u00e1 inscrita para a nova diretoria, com o empres\u00e1rio Caio Lemos Miziara como candidato \u00e0 presid\u00eancia e Gustavo Miziara Rodrigues Carmona como vice-presidente.<br \/>\nA CDL tamb\u00e9m tem chapa \u00fanica com empres\u00e1rio Andr\u00e9 Luis Peroni \u00c2ngelo como candidato \u00e0 presid\u00eancia e vice-presidente Edson Takashi Abe.<\/p>\n<p>CHAPA ACIB<br \/>\nDIRETORIA EXECUTIVA:<br \/>\nPresidente: Caio Lemos Miziara<br \/>\n1\u00ba Vice-Presidente: Gustavo Miziara Rodrigues Carmona<br \/>\n2\u00ba Vice-Presidente: Renato Reis<br \/>\n1\u00ba Tesoureiro: Jos\u00e9 Luiz da Silva<br \/>\n2\u00ba Tesoureiro: Roberto Arutim<br \/>\n3\u00ba Tesoureiro: Jos\u00e9 Carlos Abr\u00e3o Miziara<br \/>\n1\u00ba Secret\u00e1rio: Edson Takashi Abe<br \/>\n2\u00ba Secret\u00e1rio: Anderson de Oliveira<br \/>\n3\u00ba Secret\u00e1ria: Alex Fernando Khatib de Souza<br \/>\nCONSELHO DELIBERATIVO:<br \/>\nAndr\u00e9 Luis Peroni \u00c2ngelo, Jackelyne A. Serralvo Rossini, Marco Aur\u00e9lio Domingues, Jos\u00e9 Marcelo Abr\u00e3o Miziara, Guilherme Marques Chiqueto, Let\u00edcia da Silva Abra\u00e3o, Clara Galleti de Oliveira Bar\u00e3o, Danilo Gouveia Sebasti\u00e3o, Nilton C\u00e9sar Borges, Manoel Luiz Neto.<br \/>\nCONSELHO CONSULTIVO:<br \/>\nGiovani Barroti, Carlos Orestes Pereira, Laerte H Chiqueto, Reginaldo Jos\u00e9 Volpe, Jo\u00e3o Carlos Ribeiro Oedem, Paulo de Almeida J\u00fanior, Antonio Jo\u00e3o Guimar\u00e3es de Paula J\u00fanior, Luiz Rog\u00e9rio Leonardi, Chade Rezek Neto, Deuro Ign\u00e1cio Ferreira.<br \/>\nDIRETORIA EXECUTIV A FEMININA:<br \/>\nPaula Yumi Cruvinel Seconeli, Izabela Pivoto Abe, Marly Yukari Arimori Izumi, Mirian Fabricio Mauro, Vera Lucia Dimi Pivotto Abe, Miury Patr\u00edcia V. de Souza.<br \/>\nDIRETORIA DA IND\u00daSTRIA:<br \/>\nSergio Murad Carneiro Filho, Jo\u00e3o Bosco de Oliveira, Jos\u00e9 Eduardo Anibal, Nilberto Andrade,Jos\u00e9 Muzeti J\u00fanior.<br \/>\nDIRETORIA DO CENTRO:<br \/>\nReginaldo Humberto Queiroz Leonardo Pepineli Alves Elias Dib Elias<br \/>\nDIRETORIA DOS BAIRROS:<br \/>\nRenato Cardoso Serradela Teles, Ronaldo Antonio Marques, Benedito Habib Jajah ,Edson Berger Zactiti.<br \/>\nDIRETORIA SERVI\u00c7OS:<br \/>\nOrlando Carlos de Carvalho Luiz Carlos Almado Fernando H. T. de Oliveira DIRETORIA JOVEM: Caian Bazzo Zactiti Eduardo Miziara Jajah Manoel Alexandre Costa J\u00fanior Jackelyne A. Serralvo Rossini Presidente<\/p>\n<p>CHAPA CDL<br \/>\nDIRETORIA EXECUTIVA<br \/>\nPRESIDENTE:<br \/>\nAndr\u00e9 Luis Peroni \u00c2ngelo<br \/>\n1\u00ba Vice-Presidente:Edson Takashi Abe<br \/>\n1\u00ba Tesoureiro: Jos\u00e9 Luiz da Silva<br \/>\n2\u00ba Tesoureiro: Jos\u00e9 Carlos Abr\u00e3o Miziara<br \/>\n1\u00ba Secret\u00e1rio: Roberto Arutim<br \/>\n2\u00ba Secret\u00e1rio: Luiz Carlos Silva<br \/>\nDIRETORES<br \/>\nLaerte Henrique Chiqueto Valmir Lucas Ribeiro<br \/>\nCONSELHO FISCAL<br \/>\n1) Luiz Carlos Silva Junior 2) Caio Lemos Miziara<br \/>\nCONSELHO FISCAL SUPLENTE<br \/>\n1) Rodrigo Sanches de Oliveira 2) Jo\u00e3o Carlos Ribeiro<\/p>\n","protected":false},"excerpt":{"rendered":"<p>Entidades do com\u00e9rcio t\u00eam chapa \u00fanica para cada associa\u00e7\u00e3o A<\/p>\n","protected":false},"author":2,"featured_media":99634,"comment_status":"open","ping_status":"open","sticky":false,"template":"","format":"standard","meta":{"footnotes":""},"categories":[14,25],"tags":[],"class_list":["post-99633","post","type-post","status-publish","format-standard","has-post-thumbnail","hentry","category-barretos","category-cidades"],"yoast_head":"<!-- This site is optimized with the Yoast SEO plugin v27.4 - https:\/\/yoast.com\/product\/yoast-seo-wordpress\/ -->\n<title>ACIB e CDL t\u00eam elei\u00e7\u00e3o para nova diretoria - Regi\u00e3o News<\/title>\n<meta name=\"robots\" content=\"index, follow, max-snippet:-1, max-image-preview:large, max-video-preview:-1\" \/>\n<link rel=\"canonical\" href=\"https:\/\/regiaonews.net.br\/2022\/2023\/12\/28\/acib-e-cdl-tem-eleicao-para-nova-diretoria\/\" \/>\n<meta property=\"og:locale\" content=\"pt_BR\" \/>\n<meta property=\"og:type\" content=\"article\" \/>\n<meta property=\"og:title\" content=\"ACIB e CDL t\u00eam elei\u00e7\u00e3o para nova diretoria - Regi\u00e3o News\" \/>\n<meta property=\"og:description\" content=\"Entidades do com\u00e9rcio t\u00eam chapa \u00fanica para cada associa\u00e7\u00e3o A\" \/>\n<meta property=\"og:url\" content=\"https:\/\/regiaonews.net.br\/2022\/2023\/12\/28\/acib-e-cdl-tem-eleicao-para-nova-diretoria\/\" \/>\n<meta property=\"og:site_name\" content=\"Regi\u00e3o News\" \/>\n<meta property=\"article:published_time\" content=\"2023-12-28T22:32:17+00:00\" \/>\n<meta property=\"og:image\" content=\"https:\/\/regiaonews.net.br\/2022\/wp-content\/uploads\/2023\/12\/WhatsApp-Image-2023-12-28-at-16.17.17.jpeg\" \/>\n\t<meta property=\"og:image:width\" content=\"734\" \/>\n\t<meta property=\"og:image:height\" content=\"719\" \/>\n\t<meta property=\"og:image:type\" content=\"image\/jpeg\" \/>\n<meta name=\"author\" content=\"Roberto\" \/>\n<meta name=\"twitter:card\" content=\"summary_large_image\" \/>\n<meta name=\"twitter:label1\" content=\"Escrito por\" \/>\n\t<meta name=\"twitter:data1\" content=\"Roberto\" \/>\n\t<meta name=\"twitter:label2\" content=\"Est. tempo de leitura\" \/>\n\t<meta name=\"twitter:data2\" content=\"3 minutos\" \/>\n<script type=\"application\/ld+json\" class=\"yoast-schema-graph\">{\"@context\":\"https:\\\/\\\/schema.org\",\"@graph\":[{\"@type\":\"Article\",\"@id\":\"https:\\\/\\\/regiaonews.net.br\\\/2022\\\/2023\\\/12\\\/28\\\/acib-e-cdl-tem-eleicao-para-nova-diretoria\\\/#article\",\"isPartOf\":{\"@id\":\"https:\\\/\\\/regiaonews.net.br\\\/2022\\\/2023\\\/12\\\/28\\\/acib-e-cdl-tem-eleicao-para-nova-diretoria\\\/\"},\"author\":{\"name\":\"Roberto\",\"@id\":\"https:\\\/\\\/regiaonews.net.br\\\/2022\\\/#\\\/schema\\\/person\\\/2d205a608a5aa97ac279d7a5e6d89ad8\"},\"headline\":\"ACIB e CDL t\u00eam elei\u00e7\u00e3o para nova diretoria\",\"datePublished\":\"2023-12-28T22:32:17+00:00\",\"mainEntityOfPage\":{\"@id\":\"https:\\\/\\\/regiaonews.net.br\\\/2022\\\/2023\\\/12\\\/28\\\/acib-e-cdl-tem-eleicao-para-nova-diretoria\\\/\"},\"wordCount\":446,\"commentCount\":0,\"publisher\":{\"@id\":\"https:\\\/\\\/regiaonews.net.br\\\/2022\\\/#organization\"},\"image\":{\"@id\":\"https:\\\/\\\/regiaonews.net.br\\\/2022\\\/2023\\\/12\\\/28\\\/acib-e-cdl-tem-eleicao-para-nova-diretoria\\\/#primaryimage\"},\"thumbnailUrl\":\"https:\\\/\\\/regiaonews.net.br\\\/2022\\\/wp-content\\\/uploads\\\/2023\\\/12\\\/WhatsApp-Image-2023-12-28-at-16.17.17.jpeg\",\"articleSection\":[\"Barretos\",\"Cidades\"],\"inLanguage\":\"pt-BR\",\"potentialAction\":[{\"@type\":\"CommentAction\",\"name\":\"Comment\",\"target\":[\"https:\\\/\\\/regiaonews.net.br\\\/2022\\\/2023\\\/12\\\/28\\\/acib-e-cdl-tem-eleicao-para-nova-diretoria\\\/#respond\"]}]},{\"@type\":\"WebPage\",\"@id\":\"https:\\\/\\\/regiaonews.net.br\\\/2022\\\/2023\\\/12\\\/28\\\/acib-e-cdl-tem-eleicao-para-nova-diretoria\\\/\",\"url\":\"https:\\\/\\\/regiaonews.net.br\\\/2022\\\/2023\\\/12\\\/28\\\/acib-e-cdl-tem-eleicao-para-nova-diretoria\\\/\",\"name\":\"ACIB e CDL t\u00eam elei\u00e7\u00e3o para nova diretoria - Regi\u00e3o News\",\"isPartOf\":{\"@id\":\"https:\\\/\\\/regiaonews.net.br\\\/2022\\\/#website\"},\"primaryImageOfPage\":{\"@id\":\"https:\\\/\\\/regiaonews.net.br\\\/2022\\\/2023\\\/12\\\/28\\\/acib-e-cdl-tem-eleicao-para-nova-diretoria\\\/#primaryimage\"},\"image\":{\"@id\":\"https:\\\/\\\/regiaonews.net.br\\\/2022\\\/2023\\\/12\\\/28\\\/acib-e-cdl-tem-eleicao-para-nova-diretoria\\\/#primaryimage\"},\"thumbnailUrl\":\"https:\\\/\\\/regiaonews.net.br\\\/2022\\\/wp-content\\\/uploads\\\/2023\\\/12\\\/WhatsApp-Image-2023-12-28-at-16.17.17.jpeg\",\"datePublished\":\"2023-12-28T22:32:17+00:00\",\"breadcrumb\":{\"@id\":\"https:\\\/\\\/regiaonews.net.br\\\/2022\\\/2023\\\/12\\\/28\\\/acib-e-cdl-tem-eleicao-para-nova-diretoria\\\/#breadcrumb\"},\"inLanguage\":\"pt-BR\",\"potentialAction\":[{\"@type\":\"ReadAction\",\"target\":[\"https:\\\/\\\/regiaonews.net.br\\\/2022\\\/2023\\\/12\\\/28\\\/acib-e-cdl-tem-eleicao-para-nova-diretoria\\\/\"]}]},{\"@type\":\"ImageObject\",\"inLanguage\":\"pt-BR\",\"@id\":\"https:\\\/\\\/regiaonews.net.br\\\/2022\\\/2023\\\/12\\\/28\\\/acib-e-cdl-tem-eleicao-para-nova-diretoria\\\/#primaryimage\",\"url\":\"https:\\\/\\\/regiaonews.net.br\\\/2022\\\/wp-content\\\/uploads\\\/2023\\\/12\\\/WhatsApp-Image-2023-12-28-at-16.17.17.jpeg\",\"contentUrl\":\"https:\\\/\\\/regiaonews.net.br\\\/2022\\\/wp-content\\\/uploads\\\/2023\\\/12\\\/WhatsApp-Image-2023-12-28-at-16.17.17.jpeg\",\"width\":734,\"height\":719},{\"@type\":\"BreadcrumbList\",\"@id\":\"https:\\\/\\\/regiaonews.net.br\\\/2022\\\/2023\\\/12\\\/28\\\/acib-e-cdl-tem-eleicao-para-nova-diretoria\\\/#breadcrumb\",\"itemListElement\":[{\"@type\":\"ListItem\",\"position\":1,\"name\":\"In\u00edcio\",\"item\":\"https:\\\/\\\/regiaonews.net.br\\\/2022\\\/\"},{\"@type\":\"ListItem\",\"position\":2,\"name\":\"ACIB e CDL t\u00eam elei\u00e7\u00e3o para nova diretoria\"}]},{\"@type\":\"WebSite\",\"@id\":\"https:\\\/\\\/regiaonews.net.br\\\/2022\\\/#website\",\"url\":\"https:\\\/\\\/regiaonews.net.br\\\/2022\\\/\",\"name\":\"Regi\u00e3o News\",\"description\":\"Site de Not\u00edcias de Barretos e regi\u00e3o\",\"publisher\":{\"@id\":\"https:\\\/\\\/regiaonews.net.br\\\/2022\\\/#organization\"},\"potentialAction\":[{\"@type\":\"SearchAction\",\"target\":{\"@type\":\"EntryPoint\",\"urlTemplate\":\"https:\\\/\\\/regiaonews.net.br\\\/2022\\\/?s={search_term_string}\"},\"query-input\":{\"@type\":\"PropertyValueSpecification\",\"valueRequired\":true,\"valueName\":\"search_term_string\"}}],\"inLanguage\":\"pt-BR\"},{\"@type\":\"Organization\",\"@id\":\"https:\\\/\\\/regiaonews.net.br\\\/2022\\\/#organization\",\"name\":\"Regi\u00e3o News\",\"url\":\"https:\\\/\\\/regiaonews.net.br\\\/2022\\\/\",\"logo\":{\"@type\":\"ImageObject\",\"inLanguage\":\"pt-BR\",\"@id\":\"https:\\\/\\\/regiaonews.net.br\\\/2022\\\/#\\\/schema\\\/logo\\\/image\\\/\",\"url\":\"https:\\\/\\\/regiaonews.net.br\\\/2022\\\/wp-content\\\/uploads\\\/2026\\\/03\\\/regiao-13-anos-scaled.jpg\",\"contentUrl\":\"https:\\\/\\\/regiaonews.net.br\\\/2022\\\/wp-content\\\/uploads\\\/2026\\\/03\\\/regiao-13-anos-scaled.jpg\",\"width\":2560,\"height\":635,\"caption\":\"Regi\u00e3o News\"},\"image\":{\"@id\":\"https:\\\/\\\/regiaonews.net.br\\\/2022\\\/#\\\/schema\\\/logo\\\/image\\\/\"}},{\"@type\":\"Person\",\"@id\":\"https:\\\/\\\/regiaonews.net.br\\\/2022\\\/#\\\/schema\\\/person\\\/2d205a608a5aa97ac279d7a5e6d89ad8\",\"name\":\"Roberto\",\"image\":{\"@type\":\"ImageObject\",\"inLanguage\":\"pt-BR\",\"@id\":\"https:\\\/\\\/secure.gravatar.com\\\/avatar\\\/42749d8b712ff9d59ca93dc150494e5b55a44134482993f5baeb97e61b7ecc89?s=96&d=mm&r=g\",\"url\":\"https:\\\/\\\/secure.gravatar.com\\\/avatar\\\/42749d8b712ff9d59ca93dc150494e5b55a44134482993f5baeb97e61b7ecc89?s=96&d=mm&r=g\",\"contentUrl\":\"https:\\\/\\\/secure.gravatar.com\\\/avatar\\\/42749d8b712ff9d59ca93dc150494e5b55a44134482993f5baeb97e61b7ecc89?s=96&d=mm&r=g\",\"caption\":\"Roberto\"},\"url\":\"https:\\\/\\\/regiaonews.net.br\\\/2022\\\/author\\\/roberto\\\/\"}]}<\/script>\n<!-- \/ Yoast SEO plugin. -->","yoast_head_json":{"title":"ACIB e CDL t\u00eam elei\u00e7\u00e3o para nova diretoria - Regi\u00e3o News","robots":{"index":"index","follow":"follow","max-snippet":"max-snippet:-1","max-image-preview":"max-image-preview:large","max-video-preview":"max-video-preview:-1"},"canonical":"https:\/\/regiaonews.net.br\/2022\/2023\/12\/28\/acib-e-cdl-tem-eleicao-para-nova-diretoria\/","og_locale":"pt_BR","og_type":"article","og_title":"ACIB e CDL t\u00eam elei\u00e7\u00e3o para nova diretoria - Regi\u00e3o News","og_description":"Entidades do com\u00e9rcio t\u00eam chapa \u00fanica para cada associa\u00e7\u00e3o A","og_url":"https:\/\/regiaonews.net.br\/2022\/2023\/12\/28\/acib-e-cdl-tem-eleicao-para-nova-diretoria\/","og_site_name":"Regi\u00e3o News","article_published_time":"2023-12-28T22:32:17+00:00","og_image":[{"width":734,"height":719,"url":"https:\/\/regiaonews.net.br\/2022\/wp-content\/uploads\/2023\/12\/WhatsApp-Image-2023-12-28-at-16.17.17.jpeg","type":"image\/jpeg"}],"author":"Roberto","twitter_card":"summary_large_image","twitter_misc":{"Escrito por":"Roberto","Est. tempo de leitura":"3 minutos"},"schema":{"@context":"https:\/\/schema.org","@graph":[{"@type":"Article","@id":"https:\/\/regiaonews.net.br\/2022\/2023\/12\/28\/acib-e-cdl-tem-eleicao-para-nova-diretoria\/#article","isPartOf":{"@id":"https:\/\/regiaonews.net.br\/2022\/2023\/12\/28\/acib-e-cdl-tem-eleicao-para-nova-diretoria\/"},"author":{"name":"Roberto","@id":"https:\/\/regiaonews.net.br\/2022\/#\/schema\/person\/2d205a608a5aa97ac279d7a5e6d89ad8"},"headline":"ACIB e CDL t\u00eam elei\u00e7\u00e3o para nova diretoria","datePublished":"2023-12-28T22:32:17+00:00","mainEntityOfPage":{"@id":"https:\/\/regiaonews.net.br\/2022\/2023\/12\/28\/acib-e-cdl-tem-eleicao-para-nova-diretoria\/"},"wordCount":446,"commentCount":0,"publisher":{"@id":"https:\/\/regiaonews.net.br\/2022\/#organization"},"image":{"@id":"https:\/\/regiaonews.net.br\/2022\/2023\/12\/28\/acib-e-cdl-tem-eleicao-para-nova-diretoria\/#primaryimage"},"thumbnailUrl":"https:\/\/regiaonews.net.br\/2022\/wp-content\/uploads\/2023\/12\/WhatsApp-Image-2023-12-28-at-16.17.17.jpeg","articleSection":["Barretos","Cidades"],"inLanguage":"pt-BR","potentialAction":[{"@type":"CommentAction","name":"Comment","target":["https:\/\/regiaonews.net.br\/2022\/2023\/12\/28\/acib-e-cdl-tem-eleicao-para-nova-diretoria\/#respond"]}]},{"@type":"WebPage","@id":"https:\/\/regiaonews.net.br\/2022\/2023\/12\/28\/acib-e-cdl-tem-eleicao-para-nova-diretoria\/","url":"https:\/\/regiaonews.net.br\/2022\/2023\/12\/28\/acib-e-cdl-tem-eleicao-para-nova-diretoria\/","name":"ACIB e CDL t\u00eam elei\u00e7\u00e3o para nova diretoria - Regi\u00e3o News","isPartOf":{"@id":"https:\/\/regiaonews.net.br\/2022\/#website"},"primaryImageOfPage":{"@id":"https:\/\/regiaonews.net.br\/2022\/2023\/12\/28\/acib-e-cdl-tem-eleicao-para-nova-diretoria\/#primaryimage"},"image":{"@id":"https:\/\/regiaonews.net.br\/2022\/2023\/12\/28\/acib-e-cdl-tem-eleicao-para-nova-diretoria\/#primaryimage"},"thumbnailUrl":"https:\/\/regiaonews.net.br\/2022\/wp-content\/uploads\/2023\/12\/WhatsApp-Image-2023-12-28-at-16.17.17.jpeg","datePublished":"2023-12-28T22:32:17+00:00","breadcrumb":{"@id":"https:\/\/regiaonews.net.br\/2022\/2023\/12\/28\/acib-e-cdl-tem-eleicao-para-nova-diretoria\/#breadcrumb"},"inLanguage":"pt-BR","potentialAction":[{"@type":"ReadAction","target":["https:\/\/regiaonews.net.br\/2022\/2023\/12\/28\/acib-e-cdl-tem-eleicao-para-nova-diretoria\/"]}]},{"@type":"ImageObject","inLanguage":"pt-BR","@id":"https:\/\/regiaonews.net.br\/2022\/2023\/12\/28\/acib-e-cdl-tem-eleicao-para-nova-diretoria\/#primaryimage","url":"https:\/\/regiaonews.net.br\/2022\/wp-content\/uploads\/2023\/12\/WhatsApp-Image-2023-12-28-at-16.17.17.jpeg","contentUrl":"https:\/\/regiaonews.net.br\/2022\/wp-content\/uploads\/2023\/12\/WhatsApp-Image-2023-12-28-at-16.17.17.jpeg","width":734,"height":719},{"@type":"BreadcrumbList","@id":"https:\/\/regiaonews.net.br\/2022\/2023\/12\/28\/acib-e-cdl-tem-eleicao-para-nova-diretoria\/#breadcrumb","itemListElement":[{"@type":"ListItem","position":1,"name":"In\u00edcio","item":"https:\/\/regiaonews.net.br\/2022\/"},{"@type":"ListItem","position":2,"name":"ACIB e CDL t\u00eam elei\u00e7\u00e3o para nova diretoria"}]},{"@type":"WebSite","@id":"https:\/\/regiaonews.net.br\/2022\/#website","url":"https:\/\/regiaonews.net.br\/2022\/","name":"Regi\u00e3o News","description":"Site de Not\u00edcias de Barretos e regi\u00e3o","publisher":{"@id":"https:\/\/regiaonews.net.br\/2022\/#organization"},"potentialAction":[{"@type":"SearchAction","target":{"@type":"EntryPoint","urlTemplate":"https:\/\/regiaonews.net.br\/2022\/?s={search_term_string}"},"query-input":{"@type":"PropertyValueSpecification","valueRequired":true,"valueName":"search_term_string"}}],"inLanguage":"pt-BR"},{"@type":"Organization","@id":"https:\/\/regiaonews.net.br\/2022\/#organization","name":"Regi\u00e3o News","url":"https:\/\/regiaonews.net.br\/2022\/","logo":{"@type":"ImageObject","inLanguage":"pt-BR","@id":"https:\/\/regiaonews.net.br\/2022\/#\/schema\/logo\/image\/","url":"https:\/\/regiaonews.net.br\/2022\/wp-content\/uploads\/2026\/03\/regiao-13-anos-scaled.jpg","contentUrl":"https:\/\/regiaonews.net.br\/2022\/wp-content\/uploads\/2026\/03\/regiao-13-anos-scaled.jpg","width":2560,"height":635,"caption":"Regi\u00e3o News"},"image":{"@id":"https:\/\/regiaonews.net.br\/2022\/#\/schema\/logo\/image\/"}},{"@type":"Person","@id":"https:\/\/regiaonews.net.br\/2022\/#\/schema\/person\/2d205a608a5aa97ac279d7a5e6d89ad8","name":"Roberto","image":{"@type":"ImageObject","inLanguage":"pt-BR","@id":"https:\/\/secure.gravatar.com\/avatar\/42749d8b712ff9d59ca93dc150494e5b55a44134482993f5baeb97e61b7ecc89?s=96&d=mm&r=g","url":"https:\/\/secure.gravatar.com\/avatar\/42749d8b712ff9d59ca93dc150494e5b55a44134482993f5baeb97e61b7ecc89?s=96&d=mm&r=g","contentUrl":"https:\/\/secure.gravatar.com\/avatar\/42749d8b712ff9d59ca93dc150494e5b55a44134482993f5baeb97e61b7ecc89?s=96&d=mm&r=g","caption":"Roberto"},"url":"https:\/\/regiaonews.net.br\/2022\/author\/roberto\/"}]}},"publishpress_future_action":{"enabled":false,"date":"2026-05-04 09:12:51","action":"change-status","newStatus":"draft","terms":[],"taxonomy":"category","extraData":[]},"publishpress_future_workflow_manual_trigger":{"enabledWorkflows":[]},"_links":{"self":[{"href":"https:\/\/regiaonews.net.br\/2022\/wp-json\/wp\/v2\/posts\/99633","targetHints":{"allow":["GET"]}}],"collection":[{"href":"https:\/\/regiaonews.net.br\/2022\/wp-json\/wp\/v2\/posts"}],"about":[{"href":"https:\/\/regiaonews.net.br\/2022\/wp-json\/wp\/v2\/types\/post"}],"author":[{"embeddable":true,"href":"https:\/\/regiaonews.net.br\/2022\/wp-json\/wp\/v2\/users\/2"}],"replies":[{"embeddable":true,"href":"https:\/\/regiaonews.net.br\/2022\/wp-json\/wp\/v2\/comments?post=99633"}],"version-history":[{"count":1,"href":"https:\/\/regiaonews.net.br\/2022\/wp-json\/wp\/v2\/posts\/99633\/revisions"}],"predecessor-version":[{"id":99635,"href":"https:\/\/regiaonews.net.br\/2022\/wp-json\/wp\/v2\/posts\/99633\/revisions\/99635"}],"wp:featuredmedia":[{"embeddable":true,"href":"https:\/\/regiaonews.net.br\/2022\/wp-json\/wp\/v2\/media\/99634"}],"wp:attachment":[{"href":"https:\/\/regiaonews.net.br\/2022\/wp-json\/wp\/v2\/media?parent=99633"}],"wp:term":[{"taxonomy":"category","embeddable":true,"href":"https:\/\/regiaonews.net.br\/2022\/wp-json\/wp\/v2\/categories?post=99633"},{"taxonomy":"post_tag","embeddable":true,"href":"https:\/\/regiaonews.net.br\/2022\/wp-json\/wp\/v2\/tags?post=99633"}],"curies":[{"name":"wp","href":"https:\/\/api.w.org\/{rel}","templated":true}]}}