{"id":99624,"date":"2023-12-28T17:42:35","date_gmt":"2023-12-28T20:42:35","guid":{"rendered":"https:\/\/regiaonews.net.br\/2022\/?p=99624"},"modified":"2023-12-28T17:42:35","modified_gmt":"2023-12-28T20:42:35","slug":"caged-pais-gerou-mais-de-130-mil-novas-vagas-de-trabalho-em-novembro","status":"publish","type":"post","link":"https:\/\/regiaonews.net.br\/2022\/2023\/12\/28\/caged-pais-gerou-mais-de-130-mil-novas-vagas-de-trabalho-em-novembro\/","title":{"rendered":"Caged: pa\u00eds gerou mais de 130 mil novas vagas de trabalho em novembro"},"content":{"rendered":"<div class=\"row\">\n<h3 class=\"col-10 offset-1 animated fadeInDown dealy-900 display-8 display-md-8 alt-font font-italic my-1 text-center\" style=\"text-align: center;\">Maioria dos empregos formais foi nos setores de servi\u00e7o e com\u00e9rcio.<\/h3>\n<p>O Brasil teve, no m\u00eas passado, um saldo positivo de 130.097 postos de trabalho com carteira assinada, segundo divulgou, nesta quinta (28), o Minist\u00e9rio do Trabalho e Emprego. Em novembro, foram 1.866.752 admiss\u00f5es e 1.736.655 demiss\u00f5es, segundo dados do\u00a0<a href=\"http:\/\/pdet.mte.gov.br\/novo-caged\">Novo Caged<\/a>, o Cadastro Geral de Empregados e Desempregados.\u00a0<img decoding=\"async\" src=\"https:\/\/agenciabrasil.ebc.com.br\/ebc.png?id=1574616&amp;o=node\" \/><img decoding=\"async\" src=\"https:\/\/agenciabrasil.ebc.com.br\/ebc.gif?id=1574616&amp;o=node\" \/><\/p>\n<p>No acumulado de janeiro a novembro, foram gerados no pa\u00eds 1.914.467 postos de trabalho. Os estados com maior saldo no acumulado de 2023 foram S\u00e3o Paulo (mais 551.172 empregos, com crescimento de 4,2%), Minas Gerais (saldo de 187.866) e Rio de Janeiro (mais 165.701).<\/p>\n<p>At\u00e9 agora, no ano, o maior crescimento do emprego formal ocorreu no setor de servi\u00e7os, com saldo de 1.067.218 postos formais de trabalho (o que representou 59,8% do resultado).<\/p>\n<p>O governo apontou que entre janeiro e novembro h\u00e1 destaque para as atividades de informa\u00e7\u00e3o, comunica\u00e7\u00e3o e servi\u00e7os financeiros, imobili\u00e1rios, profissionais e administrativos. Outros resultados positivos de 2023 podem ser contabilizados para os trabalhos em administra\u00e7\u00e3o p\u00fablica, defesa, seguridade social, educa\u00e7\u00e3o, sa\u00fade humana e servi\u00e7os sociais.<\/p>\n<p>\u201cTemos uma considera\u00e7\u00e3o muito positiva desse resultado comparado ao que era a expectativa no final do ano passado e in\u00edcio do ano. Todos os analistas econ\u00f4micos avaliaram que passar\u00edamos por uma grande dificuldade\u201d, avaliou o secret\u00e1rio executivo do Minist\u00e9rio do Trabalho e Emprego, Francisco Macena, em entrevista coletiva.<\/p>\n<p>Ele ponderou que, entre as dificuldades que se impuseram no mercado de trabalho est\u00e1 a elevada taxa de juros praticada no pa\u00eds. No entanto, considerou que as medidas econ\u00f4micas complementares apresentadas pelo Minist\u00e9rio da Fazenda e os investimentos p\u00fablicos oferecem estimativa positiva para o aumento de vagas de trabalho.<\/p>\n<p>\u201cA nossa expectativa \u00e9 que, no ano que vem, tenhamos um c\u00edrculo virtuoso n\u00e3o s\u00f3 de empregos formais, mas tamb\u00e9m de renda\u201d. Ele comentou que o aumento do sal\u00e1rio m\u00ednimo tamb\u00e9m deve impactar a economia e a gera\u00e7\u00e3o de mais oportunidades.<\/p>\n<h2>Com\u00e9rcio e servi\u00e7os<\/h2>\n<p>A maioria dos empregos formais foi contabilizada no setor de servi\u00e7os (92.620) e no com\u00e9rcio (88.706). Com isso, o estoque total recuperado para o Caged foi de 44.358.892 postos de trabalho formais.<\/p>\n<p>No setor de servi\u00e7os, destaque do m\u00eas, houve mais oportunidades de trabalho nas \u00e1reas de informa\u00e7\u00e3o, comunica\u00e7\u00e3o e atividades financeiras, imobili\u00e1rias, profissionais e administrativas.<\/p>\n<p>A segunda maior gera\u00e7\u00e3o, no com\u00e9rcio, mais vagas abriram no setor varejista de artigos do vestu\u00e1rio e acess\u00f3rios, mercadorias em geral, com predomin\u00e2ncia de produtos aliment\u00edcios e supermercados, al\u00e9m dos artigos de varejista de cal\u00e7ados .<\/p>\n<p>Segundo an\u00e1lise do governo, o impacto sazonal trouxe queda do emprego formal nos em setores como a ind\u00fastria, com menos 12.911 postos de trabalho. A constru\u00e7\u00e3o civil tamb\u00e9m teve queda, com menos 17.300 postos formais de trabalho.\u00a0Francisco Macena avaliou que a ind\u00fastria passa por dificuldades, mas o governo, segundo acredita, tem trabalhado com planos de moderniza\u00e7\u00e3o, investimentos e subs\u00eddios para recuperar o setor.<\/p>\n<p>\u201cA expectativa para o ano que vem \u00e9 muito positiva porque o Copom [Comit\u00ea de Pol\u00edtica Monet\u00e1ria]\u00a0tem sinalizado redu\u00e7\u00e3o da taxa de juros, o que permite mais investimentos. Em especial, no setor da constru\u00e7\u00e3o civil, com a renova\u00e7\u00e3o tecnol\u00f3gica, o investimento com o PAC [Programa de Acelera\u00e7\u00e3o do Crescimento]\u00a0vai impulsionar muito a gera\u00e7\u00e3o de emprego no pa\u00eds\u201d, disse o secret\u00e1rio. Para ele,\u00a0a fiscaliza\u00e7\u00e3o para combater a informalidade tamb\u00e9m pode gerar novos resultados positivos.<\/p>\n<p>Entre os estados, as unidades da federa\u00e7\u00e3o com maior saldo em novembro foram S\u00e3o Paulo, Rio de Janeiro e Rio Grande do Sul.<\/p>\n<h2>Saldo positivo<\/h2>\n<p>No m\u00eas de novembro, houve um saldo positivo de empregos tanto para mulheres (mais 95.356 postos de trabalho) como para homens (crescimento de 34.732).<\/p>\n<p>Tamb\u00e9m foi registrado aumento de vagas para pessoas com defici\u00eancia, com saldo positivo de 1.344 para esse grupo. \u201cN\u00f3s realizamos reuni\u00f5es setoriais para sensibilizar para o cumprimento n\u00e3o s\u00f3 das cotas, mas da efici\u00eancia e efic\u00e1cia de contratar pessoas com defici\u00eancia. Estamos trabalhando em regulamenta\u00e7\u00f5es e acreditamos que isso vai impulsionar a contrata\u00e7\u00e3o n\u00e3o s\u00f3 de jovens, mas tamb\u00e9m de pessoas com defici\u00eancia\u201d, disse o secret\u00e1rio executivo do MTE na coletiva.<\/p>\n<p>Al\u00e9m disso, houve saldo positivo para pessoas pardas (mais 78.122), brancas (49.412), pretas (mais 23.472), amarelas (mais 15.762) e ind\u00edgenas (mais 1.336).<\/p>\n<p>Fonte &#8211; Ag\u00eancia Brasil.<\/p>\n<\/div>\n","protected":false},"excerpt":{"rendered":"<p>Maioria dos empregos formais foi nos setores de servi\u00e7o e<\/p>\n","protected":false},"author":2,"featured_media":94390,"comment_status":"open","ping_status":"open","sticky":false,"template":"","format":"standard","meta":{"footnotes":""},"categories":[24,3],"tags":[],"class_list":["post-99624","post","type-post","status-publish","format-standard","has-post-thumbnail","hentry","category-brasil","category-geral"],"yoast_head":"<!-- This site is optimized with the Yoast SEO plugin v27.4 - https:\/\/yoast.com\/product\/yoast-seo-wordpress\/ -->\n<title>Caged: pa\u00eds gerou mais de 130 mil novas vagas de trabalho em novembro - Regi\u00e3o News<\/title>\n<meta name=\"robots\" content=\"index, follow, max-snippet:-1, max-image-preview:large, max-video-preview:-1\" \/>\n<link rel=\"canonical\" href=\"https:\/\/regiaonews.net.br\/2022\/2023\/12\/28\/caged-pais-gerou-mais-de-130-mil-novas-vagas-de-trabalho-em-novembro\/\" \/>\n<meta property=\"og:locale\" content=\"pt_BR\" \/>\n<meta property=\"og:type\" content=\"article\" \/>\n<meta property=\"og:title\" content=\"Caged: pa\u00eds gerou mais de 130 mil novas vagas de trabalho em novembro - Regi\u00e3o News\" \/>\n<meta property=\"og:description\" content=\"Maioria dos empregos formais foi nos setores de servi\u00e7o e\" \/>\n<meta property=\"og:url\" content=\"https:\/\/regiaonews.net.br\/2022\/2023\/12\/28\/caged-pais-gerou-mais-de-130-mil-novas-vagas-de-trabalho-em-novembro\/\" \/>\n<meta property=\"og:site_name\" content=\"Regi\u00e3o News\" \/>\n<meta property=\"article:published_time\" content=\"2023-12-28T20:42:35+00:00\" \/>\n<meta property=\"og:image\" content=\"https:\/\/regiaonews.net.br\/2022\/wp-content\/uploads\/2023\/08\/carteira-de-trabalho-digital_mcamgo_abr_240620211818.jpg\" \/>\n\t<meta property=\"og:image:width\" content=\"1170\" \/>\n\t<meta property=\"og:image:height\" content=\"700\" \/>\n\t<meta property=\"og:image:type\" content=\"image\/jpeg\" \/>\n<meta name=\"author\" content=\"Roberto\" \/>\n<meta name=\"twitter:card\" content=\"summary_large_image\" \/>\n<meta name=\"twitter:label1\" content=\"Escrito por\" \/>\n\t<meta name=\"twitter:data1\" content=\"Roberto\" \/>\n\t<meta name=\"twitter:label2\" content=\"Est. tempo de leitura\" \/>\n\t<meta name=\"twitter:data2\" content=\"5 minutos\" \/>\n<script type=\"application\/ld+json\" class=\"yoast-schema-graph\">{\"@context\":\"https:\\\/\\\/schema.org\",\"@graph\":[{\"@type\":\"Article\",\"@id\":\"https:\\\/\\\/regiaonews.net.br\\\/2022\\\/2023\\\/12\\\/28\\\/caged-pais-gerou-mais-de-130-mil-novas-vagas-de-trabalho-em-novembro\\\/#article\",\"isPartOf\":{\"@id\":\"https:\\\/\\\/regiaonews.net.br\\\/2022\\\/2023\\\/12\\\/28\\\/caged-pais-gerou-mais-de-130-mil-novas-vagas-de-trabalho-em-novembro\\\/\"},\"author\":{\"name\":\"Roberto\",\"@id\":\"https:\\\/\\\/regiaonews.net.br\\\/2022\\\/#\\\/schema\\\/person\\\/2d205a608a5aa97ac279d7a5e6d89ad8\"},\"headline\":\"Caged: pa\u00eds gerou mais de 130 mil novas vagas de trabalho em novembro\",\"datePublished\":\"2023-12-28T20:42:35+00:00\",\"mainEntityOfPage\":{\"@id\":\"https:\\\/\\\/regiaonews.net.br\\\/2022\\\/2023\\\/12\\\/28\\\/caged-pais-gerou-mais-de-130-mil-novas-vagas-de-trabalho-em-novembro\\\/\"},\"wordCount\":772,\"commentCount\":0,\"publisher\":{\"@id\":\"https:\\\/\\\/regiaonews.net.br\\\/2022\\\/#organization\"},\"image\":{\"@id\":\"https:\\\/\\\/regiaonews.net.br\\\/2022\\\/2023\\\/12\\\/28\\\/caged-pais-gerou-mais-de-130-mil-novas-vagas-de-trabalho-em-novembro\\\/#primaryimage\"},\"thumbnailUrl\":\"https:\\\/\\\/regiaonews.net.br\\\/2022\\\/wp-content\\\/uploads\\\/2023\\\/08\\\/carteira-de-trabalho-digital_mcamgo_abr_240620211818.jpg\",\"articleSection\":[\"Brasil\",\"Geral\"],\"inLanguage\":\"pt-BR\",\"potentialAction\":[{\"@type\":\"CommentAction\",\"name\":\"Comment\",\"target\":[\"https:\\\/\\\/regiaonews.net.br\\\/2022\\\/2023\\\/12\\\/28\\\/caged-pais-gerou-mais-de-130-mil-novas-vagas-de-trabalho-em-novembro\\\/#respond\"]}]},{\"@type\":\"WebPage\",\"@id\":\"https:\\\/\\\/regiaonews.net.br\\\/2022\\\/2023\\\/12\\\/28\\\/caged-pais-gerou-mais-de-130-mil-novas-vagas-de-trabalho-em-novembro\\\/\",\"url\":\"https:\\\/\\\/regiaonews.net.br\\\/2022\\\/2023\\\/12\\\/28\\\/caged-pais-gerou-mais-de-130-mil-novas-vagas-de-trabalho-em-novembro\\\/\",\"name\":\"Caged: pa\u00eds gerou mais de 130 mil novas vagas de trabalho em novembro - Regi\u00e3o News\",\"isPartOf\":{\"@id\":\"https:\\\/\\\/regiaonews.net.br\\\/2022\\\/#website\"},\"primaryImageOfPage\":{\"@id\":\"https:\\\/\\\/regiaonews.net.br\\\/2022\\\/2023\\\/12\\\/28\\\/caged-pais-gerou-mais-de-130-mil-novas-vagas-de-trabalho-em-novembro\\\/#primaryimage\"},\"image\":{\"@id\":\"https:\\\/\\\/regiaonews.net.br\\\/2022\\\/2023\\\/12\\\/28\\\/caged-pais-gerou-mais-de-130-mil-novas-vagas-de-trabalho-em-novembro\\\/#primaryimage\"},\"thumbnailUrl\":\"https:\\\/\\\/regiaonews.net.br\\\/2022\\\/wp-content\\\/uploads\\\/2023\\\/08\\\/carteira-de-trabalho-digital_mcamgo_abr_240620211818.jpg\",\"datePublished\":\"2023-12-28T20:42:35+00:00\",\"breadcrumb\":{\"@id\":\"https:\\\/\\\/regiaonews.net.br\\\/2022\\\/2023\\\/12\\\/28\\\/caged-pais-gerou-mais-de-130-mil-novas-vagas-de-trabalho-em-novembro\\\/#breadcrumb\"},\"inLanguage\":\"pt-BR\",\"potentialAction\":[{\"@type\":\"ReadAction\",\"target\":[\"https:\\\/\\\/regiaonews.net.br\\\/2022\\\/2023\\\/12\\\/28\\\/caged-pais-gerou-mais-de-130-mil-novas-vagas-de-trabalho-em-novembro\\\/\"]}]},{\"@type\":\"ImageObject\",\"inLanguage\":\"pt-BR\",\"@id\":\"https:\\\/\\\/regiaonews.net.br\\\/2022\\\/2023\\\/12\\\/28\\\/caged-pais-gerou-mais-de-130-mil-novas-vagas-de-trabalho-em-novembro\\\/#primaryimage\",\"url\":\"https:\\\/\\\/regiaonews.net.br\\\/2022\\\/wp-content\\\/uploads\\\/2023\\\/08\\\/carteira-de-trabalho-digital_mcamgo_abr_240620211818.jpg\",\"contentUrl\":\"https:\\\/\\\/regiaonews.net.br\\\/2022\\\/wp-content\\\/uploads\\\/2023\\\/08\\\/carteira-de-trabalho-digital_mcamgo_abr_240620211818.jpg\",\"width\":1170,\"height\":700,\"caption\":\"Carteira de trabalho digital.\"},{\"@type\":\"BreadcrumbList\",\"@id\":\"https:\\\/\\\/regiaonews.net.br\\\/2022\\\/2023\\\/12\\\/28\\\/caged-pais-gerou-mais-de-130-mil-novas-vagas-de-trabalho-em-novembro\\\/#breadcrumb\",\"itemListElement\":[{\"@type\":\"ListItem\",\"position\":1,\"name\":\"In\u00edcio\",\"item\":\"https:\\\/\\\/regiaonews.net.br\\\/2022\\\/\"},{\"@type\":\"ListItem\",\"position\":2,\"name\":\"Caged: pa\u00eds gerou mais de 130 mil novas vagas de trabalho em novembro\"}]},{\"@type\":\"WebSite\",\"@id\":\"https:\\\/\\\/regiaonews.net.br\\\/2022\\\/#website\",\"url\":\"https:\\\/\\\/regiaonews.net.br\\\/2022\\\/\",\"name\":\"Regi\u00e3o News\",\"description\":\"Site de Not\u00edcias de Barretos e regi\u00e3o\",\"publisher\":{\"@id\":\"https:\\\/\\\/regiaonews.net.br\\\/2022\\\/#organization\"},\"potentialAction\":[{\"@type\":\"SearchAction\",\"target\":{\"@type\":\"EntryPoint\",\"urlTemplate\":\"https:\\\/\\\/regiaonews.net.br\\\/2022\\\/?s={search_term_string}\"},\"query-input\":{\"@type\":\"PropertyValueSpecification\",\"valueRequired\":true,\"valueName\":\"search_term_string\"}}],\"inLanguage\":\"pt-BR\"},{\"@type\":\"Organization\",\"@id\":\"https:\\\/\\\/regiaonews.net.br\\\/2022\\\/#organization\",\"name\":\"Regi\u00e3o News\",\"url\":\"https:\\\/\\\/regiaonews.net.br\\\/2022\\\/\",\"logo\":{\"@type\":\"ImageObject\",\"inLanguage\":\"pt-BR\",\"@id\":\"https:\\\/\\\/regiaonews.net.br\\\/2022\\\/#\\\/schema\\\/logo\\\/image\\\/\",\"url\":\"https:\\\/\\\/regiaonews.net.br\\\/2022\\\/wp-content\\\/uploads\\\/2026\\\/03\\\/regiao-13-anos-scaled.jpg\",\"contentUrl\":\"https:\\\/\\\/regiaonews.net.br\\\/2022\\\/wp-content\\\/uploads\\\/2026\\\/03\\\/regiao-13-anos-scaled.jpg\",\"width\":2560,\"height\":635,\"caption\":\"Regi\u00e3o News\"},\"image\":{\"@id\":\"https:\\\/\\\/regiaonews.net.br\\\/2022\\\/#\\\/schema\\\/logo\\\/image\\\/\"}},{\"@type\":\"Person\",\"@id\":\"https:\\\/\\\/regiaonews.net.br\\\/2022\\\/#\\\/schema\\\/person\\\/2d205a608a5aa97ac279d7a5e6d89ad8\",\"name\":\"Roberto\",\"image\":{\"@type\":\"ImageObject\",\"inLanguage\":\"pt-BR\",\"@id\":\"https:\\\/\\\/secure.gravatar.com\\\/avatar\\\/42749d8b712ff9d59ca93dc150494e5b55a44134482993f5baeb97e61b7ecc89?s=96&d=mm&r=g\",\"url\":\"https:\\\/\\\/secure.gravatar.com\\\/avatar\\\/42749d8b712ff9d59ca93dc150494e5b55a44134482993f5baeb97e61b7ecc89?s=96&d=mm&r=g\",\"contentUrl\":\"https:\\\/\\\/secure.gravatar.com\\\/avatar\\\/42749d8b712ff9d59ca93dc150494e5b55a44134482993f5baeb97e61b7ecc89?s=96&d=mm&r=g\",\"caption\":\"Roberto\"},\"url\":\"https:\\\/\\\/regiaonews.net.br\\\/2022\\\/author\\\/roberto\\\/\"}]}<\/script>\n<!-- \/ Yoast SEO plugin. -->","yoast_head_json":{"title":"Caged: pa\u00eds gerou mais de 130 mil novas vagas de trabalho em novembro - Regi\u00e3o News","robots":{"index":"index","follow":"follow","max-snippet":"max-snippet:-1","max-image-preview":"max-image-preview:large","max-video-preview":"max-video-preview:-1"},"canonical":"https:\/\/regiaonews.net.br\/2022\/2023\/12\/28\/caged-pais-gerou-mais-de-130-mil-novas-vagas-de-trabalho-em-novembro\/","og_locale":"pt_BR","og_type":"article","og_title":"Caged: pa\u00eds gerou mais de 130 mil novas vagas de trabalho em novembro - Regi\u00e3o News","og_description":"Maioria dos empregos formais foi nos setores de servi\u00e7o e","og_url":"https:\/\/regiaonews.net.br\/2022\/2023\/12\/28\/caged-pais-gerou-mais-de-130-mil-novas-vagas-de-trabalho-em-novembro\/","og_site_name":"Regi\u00e3o News","article_published_time":"2023-12-28T20:42:35+00:00","og_image":[{"width":1170,"height":700,"url":"https:\/\/regiaonews.net.br\/2022\/wp-content\/uploads\/2023\/08\/carteira-de-trabalho-digital_mcamgo_abr_240620211818.jpg","type":"image\/jpeg"}],"author":"Roberto","twitter_card":"summary_large_image","twitter_misc":{"Escrito por":"Roberto","Est. tempo de leitura":"5 minutos"},"schema":{"@context":"https:\/\/schema.org","@graph":[{"@type":"Article","@id":"https:\/\/regiaonews.net.br\/2022\/2023\/12\/28\/caged-pais-gerou-mais-de-130-mil-novas-vagas-de-trabalho-em-novembro\/#article","isPartOf":{"@id":"https:\/\/regiaonews.net.br\/2022\/2023\/12\/28\/caged-pais-gerou-mais-de-130-mil-novas-vagas-de-trabalho-em-novembro\/"},"author":{"name":"Roberto","@id":"https:\/\/regiaonews.net.br\/2022\/#\/schema\/person\/2d205a608a5aa97ac279d7a5e6d89ad8"},"headline":"Caged: pa\u00eds gerou mais de 130 mil novas vagas de trabalho em novembro","datePublished":"2023-12-28T20:42:35+00:00","mainEntityOfPage":{"@id":"https:\/\/regiaonews.net.br\/2022\/2023\/12\/28\/caged-pais-gerou-mais-de-130-mil-novas-vagas-de-trabalho-em-novembro\/"},"wordCount":772,"commentCount":0,"publisher":{"@id":"https:\/\/regiaonews.net.br\/2022\/#organization"},"image":{"@id":"https:\/\/regiaonews.net.br\/2022\/2023\/12\/28\/caged-pais-gerou-mais-de-130-mil-novas-vagas-de-trabalho-em-novembro\/#primaryimage"},"thumbnailUrl":"https:\/\/regiaonews.net.br\/2022\/wp-content\/uploads\/2023\/08\/carteira-de-trabalho-digital_mcamgo_abr_240620211818.jpg","articleSection":["Brasil","Geral"],"inLanguage":"pt-BR","potentialAction":[{"@type":"CommentAction","name":"Comment","target":["https:\/\/regiaonews.net.br\/2022\/2023\/12\/28\/caged-pais-gerou-mais-de-130-mil-novas-vagas-de-trabalho-em-novembro\/#respond"]}]},{"@type":"WebPage","@id":"https:\/\/regiaonews.net.br\/2022\/2023\/12\/28\/caged-pais-gerou-mais-de-130-mil-novas-vagas-de-trabalho-em-novembro\/","url":"https:\/\/regiaonews.net.br\/2022\/2023\/12\/28\/caged-pais-gerou-mais-de-130-mil-novas-vagas-de-trabalho-em-novembro\/","name":"Caged: pa\u00eds gerou mais de 130 mil novas vagas de trabalho em novembro - Regi\u00e3o News","isPartOf":{"@id":"https:\/\/regiaonews.net.br\/2022\/#website"},"primaryImageOfPage":{"@id":"https:\/\/regiaonews.net.br\/2022\/2023\/12\/28\/caged-pais-gerou-mais-de-130-mil-novas-vagas-de-trabalho-em-novembro\/#primaryimage"},"image":{"@id":"https:\/\/regiaonews.net.br\/2022\/2023\/12\/28\/caged-pais-gerou-mais-de-130-mil-novas-vagas-de-trabalho-em-novembro\/#primaryimage"},"thumbnailUrl":"https:\/\/regiaonews.net.br\/2022\/wp-content\/uploads\/2023\/08\/carteira-de-trabalho-digital_mcamgo_abr_240620211818.jpg","datePublished":"2023-12-28T20:42:35+00:00","breadcrumb":{"@id":"https:\/\/regiaonews.net.br\/2022\/2023\/12\/28\/caged-pais-gerou-mais-de-130-mil-novas-vagas-de-trabalho-em-novembro\/#breadcrumb"},"inLanguage":"pt-BR","potentialAction":[{"@type":"ReadAction","target":["https:\/\/regiaonews.net.br\/2022\/2023\/12\/28\/caged-pais-gerou-mais-de-130-mil-novas-vagas-de-trabalho-em-novembro\/"]}]},{"@type":"ImageObject","inLanguage":"pt-BR","@id":"https:\/\/regiaonews.net.br\/2022\/2023\/12\/28\/caged-pais-gerou-mais-de-130-mil-novas-vagas-de-trabalho-em-novembro\/#primaryimage","url":"https:\/\/regiaonews.net.br\/2022\/wp-content\/uploads\/2023\/08\/carteira-de-trabalho-digital_mcamgo_abr_240620211818.jpg","contentUrl":"https:\/\/regiaonews.net.br\/2022\/wp-content\/uploads\/2023\/08\/carteira-de-trabalho-digital_mcamgo_abr_240620211818.jpg","width":1170,"height":700,"caption":"Carteira de trabalho digital."},{"@type":"BreadcrumbList","@id":"https:\/\/regiaonews.net.br\/2022\/2023\/12\/28\/caged-pais-gerou-mais-de-130-mil-novas-vagas-de-trabalho-em-novembro\/#breadcrumb","itemListElement":[{"@type":"ListItem","position":1,"name":"In\u00edcio","item":"https:\/\/regiaonews.net.br\/2022\/"},{"@type":"ListItem","position":2,"name":"Caged: pa\u00eds gerou mais de 130 mil novas vagas de trabalho em novembro"}]},{"@type":"WebSite","@id":"https:\/\/regiaonews.net.br\/2022\/#website","url":"https:\/\/regiaonews.net.br\/2022\/","name":"Regi\u00e3o News","description":"Site de Not\u00edcias de Barretos e regi\u00e3o","publisher":{"@id":"https:\/\/regiaonews.net.br\/2022\/#organization"},"potentialAction":[{"@type":"SearchAction","target":{"@type":"EntryPoint","urlTemplate":"https:\/\/regiaonews.net.br\/2022\/?s={search_term_string}"},"query-input":{"@type":"PropertyValueSpecification","valueRequired":true,"valueName":"search_term_string"}}],"inLanguage":"pt-BR"},{"@type":"Organization","@id":"https:\/\/regiaonews.net.br\/2022\/#organization","name":"Regi\u00e3o News","url":"https:\/\/regiaonews.net.br\/2022\/","logo":{"@type":"ImageObject","inLanguage":"pt-BR","@id":"https:\/\/regiaonews.net.br\/2022\/#\/schema\/logo\/image\/","url":"https:\/\/regiaonews.net.br\/2022\/wp-content\/uploads\/2026\/03\/regiao-13-anos-scaled.jpg","contentUrl":"https:\/\/regiaonews.net.br\/2022\/wp-content\/uploads\/2026\/03\/regiao-13-anos-scaled.jpg","width":2560,"height":635,"caption":"Regi\u00e3o News"},"image":{"@id":"https:\/\/regiaonews.net.br\/2022\/#\/schema\/logo\/image\/"}},{"@type":"Person","@id":"https:\/\/regiaonews.net.br\/2022\/#\/schema\/person\/2d205a608a5aa97ac279d7a5e6d89ad8","name":"Roberto","image":{"@type":"ImageObject","inLanguage":"pt-BR","@id":"https:\/\/secure.gravatar.com\/avatar\/42749d8b712ff9d59ca93dc150494e5b55a44134482993f5baeb97e61b7ecc89?s=96&d=mm&r=g","url":"https:\/\/secure.gravatar.com\/avatar\/42749d8b712ff9d59ca93dc150494e5b55a44134482993f5baeb97e61b7ecc89?s=96&d=mm&r=g","contentUrl":"https:\/\/secure.gravatar.com\/avatar\/42749d8b712ff9d59ca93dc150494e5b55a44134482993f5baeb97e61b7ecc89?s=96&d=mm&r=g","caption":"Roberto"},"url":"https:\/\/regiaonews.net.br\/2022\/author\/roberto\/"}]}},"publishpress_future_action":{"enabled":false,"date":"2026-05-04 10:37:31","action":"change-status","newStatus":"draft","terms":[],"taxonomy":"category","extraData":[]},"publishpress_future_workflow_manual_trigger":{"enabledWorkflows":[]},"_links":{"self":[{"href":"https:\/\/regiaonews.net.br\/2022\/wp-json\/wp\/v2\/posts\/99624","targetHints":{"allow":["GET"]}}],"collection":[{"href":"https:\/\/regiaonews.net.br\/2022\/wp-json\/wp\/v2\/posts"}],"about":[{"href":"https:\/\/regiaonews.net.br\/2022\/wp-json\/wp\/v2\/types\/post"}],"author":[{"embeddable":true,"href":"https:\/\/regiaonews.net.br\/2022\/wp-json\/wp\/v2\/users\/2"}],"replies":[{"embeddable":true,"href":"https:\/\/regiaonews.net.br\/2022\/wp-json\/wp\/v2\/comments?post=99624"}],"version-history":[{"count":1,"href":"https:\/\/regiaonews.net.br\/2022\/wp-json\/wp\/v2\/posts\/99624\/revisions"}],"predecessor-version":[{"id":99625,"href":"https:\/\/regiaonews.net.br\/2022\/wp-json\/wp\/v2\/posts\/99624\/revisions\/99625"}],"wp:featuredmedia":[{"embeddable":true,"href":"https:\/\/regiaonews.net.br\/2022\/wp-json\/wp\/v2\/media\/94390"}],"wp:attachment":[{"href":"https:\/\/regiaonews.net.br\/2022\/wp-json\/wp\/v2\/media?parent=99624"}],"wp:term":[{"taxonomy":"category","embeddable":true,"href":"https:\/\/regiaonews.net.br\/2022\/wp-json\/wp\/v2\/categories?post=99624"},{"taxonomy":"post_tag","embeddable":true,"href":"https:\/\/regiaonews.net.br\/2022\/wp-json\/wp\/v2\/tags?post=99624"}],"curies":[{"name":"wp","href":"https:\/\/api.w.org\/{rel}","templated":true}]}}