{"id":99622,"date":"2023-12-28T14:02:31","date_gmt":"2023-12-28T17:02:31","guid":{"rendered":"https:\/\/regiaonews.net.br\/2022\/?p=99622"},"modified":"2023-12-28T14:02:31","modified_gmt":"2023-12-28T17:02:31","slug":"reveillon-cpfl-emite-alerta-para-os-riscos-de-soltar-fogos-proximos-a-rede","status":"publish","type":"post","link":"https:\/\/regiaonews.net.br\/2022\/2023\/12\/28\/reveillon-cpfl-emite-alerta-para-os-riscos-de-soltar-fogos-proximos-a-rede\/","title":{"rendered":"Reveillon: CPFL emite alerta para os riscos de soltar fogos pr\u00f3ximos \u00e0 rede"},"content":{"rendered":"<p>A virada do ano, \u00e9 sempre uma \u00e9poca para reunir a fam\u00edlia e os amigos para celebrar o in\u00edcio de um novo ciclo, mas para que a festa de Ano Novo aconte\u00e7a de forma segura e sem sustos, as comemora\u00e7\u00f5es precisam incluir aten\u00e7\u00e3o redobrada com fogos de artif\u00edcio. Sua vers\u00e3o com estampido, inclusive, \u00e9 atualmente proibida no Estado de S\u00e3o Paulo e em v\u00e1rias cidades brasileiras.<br \/>\nPreocupada com a seguran\u00e7a da popula\u00e7\u00e3o, a CPFL Paulista, por meio de seu programa permanente Guardi\u00e3o da Vida, faz alguns alertas sobre os riscos de fazer queima de artefatos pirot\u00e9cnicos, ainda que silenciosos, pr\u00f3ximo a postes e cabos de energia. \u201cAs tradicionais chuvas de prata e de cores s\u00e3o aguardadas por muita gente nessa \u00e9poca, mas \u00e9 preciso cautela e responsabilidade no manuseio e na soltura, principalmente perto da rede el\u00e9trica, para evitar acidentes, que podem ser graves\u201d, alerta Marcos Victor Lopes, gerente de Sa\u00fade e Seguran\u00e7a Trabalho da CPFL Energia.<br \/>\nO alerta de seguran\u00e7a da CPFL Paulista tamb\u00e9m vale para outras \u00e9pocas do ano. Segundo o Departamento de Inform\u00e1tica do Sistema \u00danico de Sa\u00fade (DataSUS), em 2022 foram registradas 346 interna\u00e7\u00f5es hospitalares por ferimentos resultantes da queima de fogos de artif\u00edcio no Brasil. Neste ano, de janeiro a outubro, foram\u00a0mais\u00a0283\u00a0casos.<\/p>\n","protected":false},"excerpt":{"rendered":"<p>A virada do ano, \u00e9 sempre uma \u00e9poca para reunir<\/p>\n","protected":false},"author":2,"featured_media":26443,"comment_status":"open","ping_status":"open","sticky":false,"template":"","format":"standard","meta":{"footnotes":""},"categories":[14,3],"tags":[],"class_list":["post-99622","post","type-post","status-publish","format-standard","has-post-thumbnail","hentry","category-barretos","category-geral"],"yoast_head":"<!-- This site is optimized with the Yoast SEO plugin v27.4 - https:\/\/yoast.com\/product\/yoast-seo-wordpress\/ -->\n<title>Reveillon: CPFL emite alerta para os riscos de soltar fogos pr\u00f3ximos \u00e0 rede - Regi\u00e3o News<\/title>\n<meta name=\"robots\" content=\"index, follow, max-snippet:-1, max-image-preview:large, max-video-preview:-1\" \/>\n<link rel=\"canonical\" href=\"https:\/\/regiaonews.net.br\/2022\/2023\/12\/28\/reveillon-cpfl-emite-alerta-para-os-riscos-de-soltar-fogos-proximos-a-rede\/\" \/>\n<meta property=\"og:locale\" content=\"pt_BR\" \/>\n<meta property=\"og:type\" content=\"article\" \/>\n<meta property=\"og:title\" content=\"Reveillon: CPFL emite alerta para os riscos de soltar fogos pr\u00f3ximos \u00e0 rede - Regi\u00e3o News\" \/>\n<meta property=\"og:description\" content=\"A virada do ano, \u00e9 sempre uma \u00e9poca para reunir\" \/>\n<meta property=\"og:url\" content=\"https:\/\/regiaonews.net.br\/2022\/2023\/12\/28\/reveillon-cpfl-emite-alerta-para-os-riscos-de-soltar-fogos-proximos-a-rede\/\" \/>\n<meta property=\"og:site_name\" content=\"Regi\u00e3o News\" \/>\n<meta property=\"article:published_time\" content=\"2023-12-28T17:02:31+00:00\" \/>\n<meta property=\"og:image\" content=\"https:\/\/regiaonews.net.br\/2022\/wp-content\/uploads\/2020\/01\/rodovias-no-ano-novo.jpg\" \/>\n\t<meta property=\"og:image:width\" content=\"672\" \/>\n\t<meta property=\"og:image:height\" content=\"448\" \/>\n\t<meta property=\"og:image:type\" content=\"image\/jpeg\" \/>\n<meta name=\"author\" content=\"Roberto\" \/>\n<meta name=\"twitter:card\" content=\"summary_large_image\" \/>\n<meta name=\"twitter:label1\" content=\"Escrito por\" \/>\n\t<meta name=\"twitter:data1\" content=\"Roberto\" \/>\n\t<meta name=\"twitter:label2\" content=\"Est. tempo de leitura\" \/>\n\t<meta name=\"twitter:data2\" content=\"2 minutos\" \/>\n<script type=\"application\/ld+json\" class=\"yoast-schema-graph\">{\"@context\":\"https:\\\/\\\/schema.org\",\"@graph\":[{\"@type\":\"Article\",\"@id\":\"https:\\\/\\\/regiaonews.net.br\\\/2022\\\/2023\\\/12\\\/28\\\/reveillon-cpfl-emite-alerta-para-os-riscos-de-soltar-fogos-proximos-a-rede\\\/#article\",\"isPartOf\":{\"@id\":\"https:\\\/\\\/regiaonews.net.br\\\/2022\\\/2023\\\/12\\\/28\\\/reveillon-cpfl-emite-alerta-para-os-riscos-de-soltar-fogos-proximos-a-rede\\\/\"},\"author\":{\"name\":\"Roberto\",\"@id\":\"https:\\\/\\\/regiaonews.net.br\\\/2022\\\/#\\\/schema\\\/person\\\/2d205a608a5aa97ac279d7a5e6d89ad8\"},\"headline\":\"Reveillon: CPFL emite alerta para os riscos de soltar fogos pr\u00f3ximos \u00e0 rede\",\"datePublished\":\"2023-12-28T17:02:31+00:00\",\"mainEntityOfPage\":{\"@id\":\"https:\\\/\\\/regiaonews.net.br\\\/2022\\\/2023\\\/12\\\/28\\\/reveillon-cpfl-emite-alerta-para-os-riscos-de-soltar-fogos-proximos-a-rede\\\/\"},\"wordCount\":241,\"commentCount\":0,\"publisher\":{\"@id\":\"https:\\\/\\\/regiaonews.net.br\\\/2022\\\/#organization\"},\"image\":{\"@id\":\"https:\\\/\\\/regiaonews.net.br\\\/2022\\\/2023\\\/12\\\/28\\\/reveillon-cpfl-emite-alerta-para-os-riscos-de-soltar-fogos-proximos-a-rede\\\/#primaryimage\"},\"thumbnailUrl\":\"https:\\\/\\\/regiaonews.net.br\\\/2022\\\/wp-content\\\/uploads\\\/2020\\\/01\\\/rodovias-no-ano-novo.jpg\",\"articleSection\":[\"Barretos\",\"Geral\"],\"inLanguage\":\"pt-BR\",\"potentialAction\":[{\"@type\":\"CommentAction\",\"name\":\"Comment\",\"target\":[\"https:\\\/\\\/regiaonews.net.br\\\/2022\\\/2023\\\/12\\\/28\\\/reveillon-cpfl-emite-alerta-para-os-riscos-de-soltar-fogos-proximos-a-rede\\\/#respond\"]}]},{\"@type\":\"WebPage\",\"@id\":\"https:\\\/\\\/regiaonews.net.br\\\/2022\\\/2023\\\/12\\\/28\\\/reveillon-cpfl-emite-alerta-para-os-riscos-de-soltar-fogos-proximos-a-rede\\\/\",\"url\":\"https:\\\/\\\/regiaonews.net.br\\\/2022\\\/2023\\\/12\\\/28\\\/reveillon-cpfl-emite-alerta-para-os-riscos-de-soltar-fogos-proximos-a-rede\\\/\",\"name\":\"Reveillon: CPFL emite alerta para os riscos de soltar fogos pr\u00f3ximos \u00e0 rede - Regi\u00e3o News\",\"isPartOf\":{\"@id\":\"https:\\\/\\\/regiaonews.net.br\\\/2022\\\/#website\"},\"primaryImageOfPage\":{\"@id\":\"https:\\\/\\\/regiaonews.net.br\\\/2022\\\/2023\\\/12\\\/28\\\/reveillon-cpfl-emite-alerta-para-os-riscos-de-soltar-fogos-proximos-a-rede\\\/#primaryimage\"},\"image\":{\"@id\":\"https:\\\/\\\/regiaonews.net.br\\\/2022\\\/2023\\\/12\\\/28\\\/reveillon-cpfl-emite-alerta-para-os-riscos-de-soltar-fogos-proximos-a-rede\\\/#primaryimage\"},\"thumbnailUrl\":\"https:\\\/\\\/regiaonews.net.br\\\/2022\\\/wp-content\\\/uploads\\\/2020\\\/01\\\/rodovias-no-ano-novo.jpg\",\"datePublished\":\"2023-12-28T17:02:31+00:00\",\"breadcrumb\":{\"@id\":\"https:\\\/\\\/regiaonews.net.br\\\/2022\\\/2023\\\/12\\\/28\\\/reveillon-cpfl-emite-alerta-para-os-riscos-de-soltar-fogos-proximos-a-rede\\\/#breadcrumb\"},\"inLanguage\":\"pt-BR\",\"potentialAction\":[{\"@type\":\"ReadAction\",\"target\":[\"https:\\\/\\\/regiaonews.net.br\\\/2022\\\/2023\\\/12\\\/28\\\/reveillon-cpfl-emite-alerta-para-os-riscos-de-soltar-fogos-proximos-a-rede\\\/\"]}]},{\"@type\":\"ImageObject\",\"inLanguage\":\"pt-BR\",\"@id\":\"https:\\\/\\\/regiaonews.net.br\\\/2022\\\/2023\\\/12\\\/28\\\/reveillon-cpfl-emite-alerta-para-os-riscos-de-soltar-fogos-proximos-a-rede\\\/#primaryimage\",\"url\":\"https:\\\/\\\/regiaonews.net.br\\\/2022\\\/wp-content\\\/uploads\\\/2020\\\/01\\\/rodovias-no-ano-novo.jpg\",\"contentUrl\":\"https:\\\/\\\/regiaonews.net.br\\\/2022\\\/wp-content\\\/uploads\\\/2020\\\/01\\\/rodovias-no-ano-novo.jpg\",\"width\":672,\"height\":448},{\"@type\":\"BreadcrumbList\",\"@id\":\"https:\\\/\\\/regiaonews.net.br\\\/2022\\\/2023\\\/12\\\/28\\\/reveillon-cpfl-emite-alerta-para-os-riscos-de-soltar-fogos-proximos-a-rede\\\/#breadcrumb\",\"itemListElement\":[{\"@type\":\"ListItem\",\"position\":1,\"name\":\"In\u00edcio\",\"item\":\"https:\\\/\\\/regiaonews.net.br\\\/2022\\\/\"},{\"@type\":\"ListItem\",\"position\":2,\"name\":\"Reveillon: CPFL emite alerta para os riscos de soltar fogos pr\u00f3ximos \u00e0 rede\"}]},{\"@type\":\"WebSite\",\"@id\":\"https:\\\/\\\/regiaonews.net.br\\\/2022\\\/#website\",\"url\":\"https:\\\/\\\/regiaonews.net.br\\\/2022\\\/\",\"name\":\"Regi\u00e3o News\",\"description\":\"Site de Not\u00edcias de Barretos e regi\u00e3o\",\"publisher\":{\"@id\":\"https:\\\/\\\/regiaonews.net.br\\\/2022\\\/#organization\"},\"potentialAction\":[{\"@type\":\"SearchAction\",\"target\":{\"@type\":\"EntryPoint\",\"urlTemplate\":\"https:\\\/\\\/regiaonews.net.br\\\/2022\\\/?s={search_term_string}\"},\"query-input\":{\"@type\":\"PropertyValueSpecification\",\"valueRequired\":true,\"valueName\":\"search_term_string\"}}],\"inLanguage\":\"pt-BR\"},{\"@type\":\"Organization\",\"@id\":\"https:\\\/\\\/regiaonews.net.br\\\/2022\\\/#organization\",\"name\":\"Regi\u00e3o News\",\"url\":\"https:\\\/\\\/regiaonews.net.br\\\/2022\\\/\",\"logo\":{\"@type\":\"ImageObject\",\"inLanguage\":\"pt-BR\",\"@id\":\"https:\\\/\\\/regiaonews.net.br\\\/2022\\\/#\\\/schema\\\/logo\\\/image\\\/\",\"url\":\"https:\\\/\\\/regiaonews.net.br\\\/2022\\\/wp-content\\\/uploads\\\/2026\\\/03\\\/regiao-13-anos-scaled.jpg\",\"contentUrl\":\"https:\\\/\\\/regiaonews.net.br\\\/2022\\\/wp-content\\\/uploads\\\/2026\\\/03\\\/regiao-13-anos-scaled.jpg\",\"width\":2560,\"height\":635,\"caption\":\"Regi\u00e3o News\"},\"image\":{\"@id\":\"https:\\\/\\\/regiaonews.net.br\\\/2022\\\/#\\\/schema\\\/logo\\\/image\\\/\"}},{\"@type\":\"Person\",\"@id\":\"https:\\\/\\\/regiaonews.net.br\\\/2022\\\/#\\\/schema\\\/person\\\/2d205a608a5aa97ac279d7a5e6d89ad8\",\"name\":\"Roberto\",\"image\":{\"@type\":\"ImageObject\",\"inLanguage\":\"pt-BR\",\"@id\":\"https:\\\/\\\/secure.gravatar.com\\\/avatar\\\/42749d8b712ff9d59ca93dc150494e5b55a44134482993f5baeb97e61b7ecc89?s=96&d=mm&r=g\",\"url\":\"https:\\\/\\\/secure.gravatar.com\\\/avatar\\\/42749d8b712ff9d59ca93dc150494e5b55a44134482993f5baeb97e61b7ecc89?s=96&d=mm&r=g\",\"contentUrl\":\"https:\\\/\\\/secure.gravatar.com\\\/avatar\\\/42749d8b712ff9d59ca93dc150494e5b55a44134482993f5baeb97e61b7ecc89?s=96&d=mm&r=g\",\"caption\":\"Roberto\"},\"url\":\"https:\\\/\\\/regiaonews.net.br\\\/2022\\\/author\\\/roberto\\\/\"}]}<\/script>\n<!-- \/ Yoast SEO plugin. -->","yoast_head_json":{"title":"Reveillon: CPFL emite alerta para os riscos de soltar fogos pr\u00f3ximos \u00e0 rede - Regi\u00e3o News","robots":{"index":"index","follow":"follow","max-snippet":"max-snippet:-1","max-image-preview":"max-image-preview:large","max-video-preview":"max-video-preview:-1"},"canonical":"https:\/\/regiaonews.net.br\/2022\/2023\/12\/28\/reveillon-cpfl-emite-alerta-para-os-riscos-de-soltar-fogos-proximos-a-rede\/","og_locale":"pt_BR","og_type":"article","og_title":"Reveillon: CPFL emite alerta para os riscos de soltar fogos pr\u00f3ximos \u00e0 rede - Regi\u00e3o News","og_description":"A virada do ano, \u00e9 sempre uma \u00e9poca para reunir","og_url":"https:\/\/regiaonews.net.br\/2022\/2023\/12\/28\/reveillon-cpfl-emite-alerta-para-os-riscos-de-soltar-fogos-proximos-a-rede\/","og_site_name":"Regi\u00e3o News","article_published_time":"2023-12-28T17:02:31+00:00","og_image":[{"width":672,"height":448,"url":"https:\/\/regiaonews.net.br\/2022\/wp-content\/uploads\/2020\/01\/rodovias-no-ano-novo.jpg","type":"image\/jpeg"}],"author":"Roberto","twitter_card":"summary_large_image","twitter_misc":{"Escrito por":"Roberto","Est. tempo de leitura":"2 minutos"},"schema":{"@context":"https:\/\/schema.org","@graph":[{"@type":"Article","@id":"https:\/\/regiaonews.net.br\/2022\/2023\/12\/28\/reveillon-cpfl-emite-alerta-para-os-riscos-de-soltar-fogos-proximos-a-rede\/#article","isPartOf":{"@id":"https:\/\/regiaonews.net.br\/2022\/2023\/12\/28\/reveillon-cpfl-emite-alerta-para-os-riscos-de-soltar-fogos-proximos-a-rede\/"},"author":{"name":"Roberto","@id":"https:\/\/regiaonews.net.br\/2022\/#\/schema\/person\/2d205a608a5aa97ac279d7a5e6d89ad8"},"headline":"Reveillon: CPFL emite alerta para os riscos de soltar fogos pr\u00f3ximos \u00e0 rede","datePublished":"2023-12-28T17:02:31+00:00","mainEntityOfPage":{"@id":"https:\/\/regiaonews.net.br\/2022\/2023\/12\/28\/reveillon-cpfl-emite-alerta-para-os-riscos-de-soltar-fogos-proximos-a-rede\/"},"wordCount":241,"commentCount":0,"publisher":{"@id":"https:\/\/regiaonews.net.br\/2022\/#organization"},"image":{"@id":"https:\/\/regiaonews.net.br\/2022\/2023\/12\/28\/reveillon-cpfl-emite-alerta-para-os-riscos-de-soltar-fogos-proximos-a-rede\/#primaryimage"},"thumbnailUrl":"https:\/\/regiaonews.net.br\/2022\/wp-content\/uploads\/2020\/01\/rodovias-no-ano-novo.jpg","articleSection":["Barretos","Geral"],"inLanguage":"pt-BR","potentialAction":[{"@type":"CommentAction","name":"Comment","target":["https:\/\/regiaonews.net.br\/2022\/2023\/12\/28\/reveillon-cpfl-emite-alerta-para-os-riscos-de-soltar-fogos-proximos-a-rede\/#respond"]}]},{"@type":"WebPage","@id":"https:\/\/regiaonews.net.br\/2022\/2023\/12\/28\/reveillon-cpfl-emite-alerta-para-os-riscos-de-soltar-fogos-proximos-a-rede\/","url":"https:\/\/regiaonews.net.br\/2022\/2023\/12\/28\/reveillon-cpfl-emite-alerta-para-os-riscos-de-soltar-fogos-proximos-a-rede\/","name":"Reveillon: CPFL emite alerta para os riscos de soltar fogos pr\u00f3ximos \u00e0 rede - Regi\u00e3o News","isPartOf":{"@id":"https:\/\/regiaonews.net.br\/2022\/#website"},"primaryImageOfPage":{"@id":"https:\/\/regiaonews.net.br\/2022\/2023\/12\/28\/reveillon-cpfl-emite-alerta-para-os-riscos-de-soltar-fogos-proximos-a-rede\/#primaryimage"},"image":{"@id":"https:\/\/regiaonews.net.br\/2022\/2023\/12\/28\/reveillon-cpfl-emite-alerta-para-os-riscos-de-soltar-fogos-proximos-a-rede\/#primaryimage"},"thumbnailUrl":"https:\/\/regiaonews.net.br\/2022\/wp-content\/uploads\/2020\/01\/rodovias-no-ano-novo.jpg","datePublished":"2023-12-28T17:02:31+00:00","breadcrumb":{"@id":"https:\/\/regiaonews.net.br\/2022\/2023\/12\/28\/reveillon-cpfl-emite-alerta-para-os-riscos-de-soltar-fogos-proximos-a-rede\/#breadcrumb"},"inLanguage":"pt-BR","potentialAction":[{"@type":"ReadAction","target":["https:\/\/regiaonews.net.br\/2022\/2023\/12\/28\/reveillon-cpfl-emite-alerta-para-os-riscos-de-soltar-fogos-proximos-a-rede\/"]}]},{"@type":"ImageObject","inLanguage":"pt-BR","@id":"https:\/\/regiaonews.net.br\/2022\/2023\/12\/28\/reveillon-cpfl-emite-alerta-para-os-riscos-de-soltar-fogos-proximos-a-rede\/#primaryimage","url":"https:\/\/regiaonews.net.br\/2022\/wp-content\/uploads\/2020\/01\/rodovias-no-ano-novo.jpg","contentUrl":"https:\/\/regiaonews.net.br\/2022\/wp-content\/uploads\/2020\/01\/rodovias-no-ano-novo.jpg","width":672,"height":448},{"@type":"BreadcrumbList","@id":"https:\/\/regiaonews.net.br\/2022\/2023\/12\/28\/reveillon-cpfl-emite-alerta-para-os-riscos-de-soltar-fogos-proximos-a-rede\/#breadcrumb","itemListElement":[{"@type":"ListItem","position":1,"name":"In\u00edcio","item":"https:\/\/regiaonews.net.br\/2022\/"},{"@type":"ListItem","position":2,"name":"Reveillon: CPFL emite alerta para os riscos de soltar fogos pr\u00f3ximos \u00e0 rede"}]},{"@type":"WebSite","@id":"https:\/\/regiaonews.net.br\/2022\/#website","url":"https:\/\/regiaonews.net.br\/2022\/","name":"Regi\u00e3o News","description":"Site de Not\u00edcias de Barretos e regi\u00e3o","publisher":{"@id":"https:\/\/regiaonews.net.br\/2022\/#organization"},"potentialAction":[{"@type":"SearchAction","target":{"@type":"EntryPoint","urlTemplate":"https:\/\/regiaonews.net.br\/2022\/?s={search_term_string}"},"query-input":{"@type":"PropertyValueSpecification","valueRequired":true,"valueName":"search_term_string"}}],"inLanguage":"pt-BR"},{"@type":"Organization","@id":"https:\/\/regiaonews.net.br\/2022\/#organization","name":"Regi\u00e3o News","url":"https:\/\/regiaonews.net.br\/2022\/","logo":{"@type":"ImageObject","inLanguage":"pt-BR","@id":"https:\/\/regiaonews.net.br\/2022\/#\/schema\/logo\/image\/","url":"https:\/\/regiaonews.net.br\/2022\/wp-content\/uploads\/2026\/03\/regiao-13-anos-scaled.jpg","contentUrl":"https:\/\/regiaonews.net.br\/2022\/wp-content\/uploads\/2026\/03\/regiao-13-anos-scaled.jpg","width":2560,"height":635,"caption":"Regi\u00e3o News"},"image":{"@id":"https:\/\/regiaonews.net.br\/2022\/#\/schema\/logo\/image\/"}},{"@type":"Person","@id":"https:\/\/regiaonews.net.br\/2022\/#\/schema\/person\/2d205a608a5aa97ac279d7a5e6d89ad8","name":"Roberto","image":{"@type":"ImageObject","inLanguage":"pt-BR","@id":"https:\/\/secure.gravatar.com\/avatar\/42749d8b712ff9d59ca93dc150494e5b55a44134482993f5baeb97e61b7ecc89?s=96&d=mm&r=g","url":"https:\/\/secure.gravatar.com\/avatar\/42749d8b712ff9d59ca93dc150494e5b55a44134482993f5baeb97e61b7ecc89?s=96&d=mm&r=g","contentUrl":"https:\/\/secure.gravatar.com\/avatar\/42749d8b712ff9d59ca93dc150494e5b55a44134482993f5baeb97e61b7ecc89?s=96&d=mm&r=g","caption":"Roberto"},"url":"https:\/\/regiaonews.net.br\/2022\/author\/roberto\/"}]}},"publishpress_future_action":{"enabled":false,"date":"2026-05-04 12:04:16","action":"change-status","newStatus":"draft","terms":[],"taxonomy":"category","extraData":[]},"publishpress_future_workflow_manual_trigger":{"enabledWorkflows":[]},"_links":{"self":[{"href":"https:\/\/regiaonews.net.br\/2022\/wp-json\/wp\/v2\/posts\/99622","targetHints":{"allow":["GET"]}}],"collection":[{"href":"https:\/\/regiaonews.net.br\/2022\/wp-json\/wp\/v2\/posts"}],"about":[{"href":"https:\/\/regiaonews.net.br\/2022\/wp-json\/wp\/v2\/types\/post"}],"author":[{"embeddable":true,"href":"https:\/\/regiaonews.net.br\/2022\/wp-json\/wp\/v2\/users\/2"}],"replies":[{"embeddable":true,"href":"https:\/\/regiaonews.net.br\/2022\/wp-json\/wp\/v2\/comments?post=99622"}],"version-history":[{"count":1,"href":"https:\/\/regiaonews.net.br\/2022\/wp-json\/wp\/v2\/posts\/99622\/revisions"}],"predecessor-version":[{"id":99623,"href":"https:\/\/regiaonews.net.br\/2022\/wp-json\/wp\/v2\/posts\/99622\/revisions\/99623"}],"wp:featuredmedia":[{"embeddable":true,"href":"https:\/\/regiaonews.net.br\/2022\/wp-json\/wp\/v2\/media\/26443"}],"wp:attachment":[{"href":"https:\/\/regiaonews.net.br\/2022\/wp-json\/wp\/v2\/media?parent=99622"}],"wp:term":[{"taxonomy":"category","embeddable":true,"href":"https:\/\/regiaonews.net.br\/2022\/wp-json\/wp\/v2\/categories?post=99622"},{"taxonomy":"post_tag","embeddable":true,"href":"https:\/\/regiaonews.net.br\/2022\/wp-json\/wp\/v2\/tags?post=99622"}],"curies":[{"name":"wp","href":"https:\/\/api.w.org\/{rel}","templated":true}]}}