{"id":99605,"date":"2023-12-28T07:53:30","date_gmt":"2023-12-28T10:53:30","guid":{"rendered":"https:\/\/regiaonews.net.br\/2022\/?p=99605"},"modified":"2023-12-28T07:53:30","modified_gmt":"2023-12-28T10:53:30","slug":"governo-de-sp-da-mais-um-passo-na-regulamentacao-da-lei-de-cannabis-medicinal-no-sus","status":"publish","type":"post","link":"https:\/\/regiaonews.net.br\/2022\/2023\/12\/28\/governo-de-sp-da-mais-um-passo-na-regulamentacao-da-lei-de-cannabis-medicinal-no-sus\/","title":{"rendered":"Governo de SP d\u00e1 mais um passo na regulamenta\u00e7\u00e3o da lei de cannabis medicinal no SUS"},"content":{"rendered":"<h3 style=\"text-align: center;\">Decreto acontece quase um ano depois da san\u00e7\u00e3o da lei, mas ainda desperta ceticismo entre especialistas.<\/h3>\n<p>O decreto de regulamenta\u00e7\u00e3o da Lei 17.618, que disp\u00f5e sobre a pol\u00edtica estadual de fornecimento gratuito de rem\u00e9dios \u00e0 base de cannabis pelo Sistema \u00danico de Sa\u00fade (SUS) em S\u00e3o Paulo, foi publicado nesta ter\u00e7a-feira (26) no Di\u00e1rio Oficial. A regulamenta\u00e7\u00e3o, realizada pelo governador do estado, Tarc\u00edsio de Freitas, e que ocorre quase um ano depois da san\u00e7\u00e3o da lei, define que a execu\u00e7\u00e3o dessa pol\u00edtica \u00e9 atribui\u00e7\u00e3o da Secretaria de Estado da Sa\u00fade.<\/p>\n<p>Para Joaquim Castro, fundador da Gravital, pioneira entre as cl\u00ednicas nacionais focadas em tratamentos \u00e0 base de cannabis, o decreto ainda n\u00e3o \u00e9 claro sobre portadores de quais condi\u00e7\u00f5es cl\u00ednicas poder\u00e3o efetivamente se beneficiar dos produtos \u00e0 base de cannabis. \u201cSempre \u00e9 positivo dar um passinho adiante na inexistente regula\u00e7\u00e3o do fornecimento da cannabis medicinal no SUS. Mas, na pr\u00e1tica, apenas &#8216;joga com a barriga&#8217;, pois infelizmente o decreto diz que \u00e9 papel da Comiss\u00e3o de Trabalho, j\u00e1 criada em fevereiro, criar Protocolos Cl\u00ednicos e Normas T\u00e9cnicas estaduais que servir\u00e3o como base para que a Secretaria de Sa\u00fade avalie os pedidos dos pacientes sobre se a condi\u00e7\u00e3o cl\u00ednica que acomete cada cidad\u00e3o \u00e9 pass\u00edvel de receber o produto de forma gratuita pelo SUS. Ora, ocorre que at\u00e9 agora n\u00e3o existe, ou n\u00e3o foram publicados esses protocolos. E, uma vez proposto o protocolo, caber\u00e1 ao Secret\u00e1rio de Sa\u00fade decidir se ser\u00e1 implementado ou n\u00e3o. Ou seja, n\u00e3o h\u00e1 nada ainda que permita dizer que a partir do in\u00edcio do ano pacientes j\u00e1 poder\u00e3o recorrer ao SUS. A ind\u00fastria da cannabis se empolga facilmente, mas n\u00e3o percebe que na pr\u00e1tica n\u00e3o h\u00e1 grandes evolu\u00e7\u00f5es\u201d, diz ele.<\/p>\n<p>De acordo com a publica\u00e7\u00e3o no Di\u00e1rio Oficial, o fornecimento dos rem\u00e9dios e produtos \u00e0 base de cannabis ocorrer\u00e1 por meio de solicita\u00e7\u00e3o do paciente ou de seu representante legal, sujeita \u00e0 avalia\u00e7\u00e3o da pasta a ser feita com base nos Protocolos Cl\u00ednicos e Normas T\u00e9cnicas a serem editadas. Se deferida a solicita\u00e7\u00e3o, o fornecimento poder\u00e1 ser feito pelo per\u00edodo m\u00e1ximo de seis meses, sendo pass\u00edvel de renova\u00e7\u00e3o mediante reapresenta\u00e7\u00e3o e atualiza\u00e7\u00e3o da documenta\u00e7\u00e3o.\u00a0Durante o tratamento, a secretaria poder\u00e1 exigir exames e relat\u00f3rios m\u00e9dicos complementares, assim como avalia\u00e7\u00e3o do paciente, por meio presencial ou virtual, com m\u00e9dico indicado pela pasta.<\/p>\n<p>&nbsp;<\/p>\n<p><b>Aumento das prescri\u00e7\u00f5es<\/b><br \/>\nNeste ano, o gasto do estado de S\u00e3o Paulo com a compra de rem\u00e9dios \u00e0 base de cannabis ap\u00f3s determina\u00e7\u00f5es judiciais atingiu um recorde: de janeiro a outubro, R\uff04 25,6 milh\u00f5es foram destinados ao atendimento de 843 a\u00e7\u00f5es movidas por pacientes. Isso corresponde a quase um ter\u00e7o de tudo o que o estado j\u00e1 gastou com cannabis medicinal desde 2015, quando a Anvisa (Ag\u00eancia Nacional de Vigil\u00e2ncia Sanit\u00e1ria) autorizou a importa\u00e7\u00e3o de produtos com canabidiol para o Brasil &#8211; a despesa total se aproxima dos R\uff04 85 milh\u00f5es. Entretanto, quando o governador de S\u00e3o Paulo sancionou a lei, em janeiro, afirmou que n\u00e3o havia expectativa de que o estado economize com a nova lei.\u00a0&#8220;A partir do momento que se coloca a pol\u00edtica p\u00fablica dispon\u00edvel, o estado de S\u00e3o Paulo pode ter um aumento na quantidade de prescri\u00e7\u00f5es&#8221;, disse o governador na ocasi\u00e3o.<\/p>\n<p>\u201cO Governador Tarc\u00edsio est\u00e1 correto. Uma vez que o estado regulamenta o acesso, a tend\u00eancia \u00e9 de que o n\u00famero de prescri\u00e7\u00f5es aumente. Mas, \u00e9 virtualmente imposs\u00edvel desde j\u00e1 saber qual ser\u00e1 a efetiva oferta, visto que isso est\u00e1 ligado a quais condi\u00e7\u00f5es cl\u00ednicas ser\u00e3o atendidas. Um leque muito amplo pode fazer com que as dota\u00e7\u00f5es or\u00e7ament\u00e1rias da Secretaria de Sa\u00fade n\u00e3o comportem a demanda. Esse \u00e9 um tema que governos do mundo todo se debru\u00e7am para encontrar um equil\u00edbrio. E o estado optou por limitar nesse momento a oferta aos produtos mais caros, que s\u00e3o aqueles com autoriza\u00e7\u00e3o sanit\u00e1ria da ANVISA. Isso \u00e9 uma escolha do Governo. Se ele quiser pensar do ponto de vista or\u00e7ament\u00e1rio em como aumentar o n\u00famero de pessoas potencialmente com acesso aos produtos de cannabis, ele precisa estar aberto para receber produtos importados de amplo uso nos consult\u00f3rios m\u00e9dicos sem qualquer ind\u00edcio de materializa\u00e7\u00e3o de algum risco sanit\u00e1rio no Brasil&#8221;, complementa Joaquim.<\/p>\n","protected":false},"excerpt":{"rendered":"<p>Decreto acontece quase um ano depois da san\u00e7\u00e3o da lei,<\/p>\n","protected":false},"author":2,"featured_media":99606,"comment_status":"open","ping_status":"open","sticky":false,"template":"","format":"standard","meta":{"footnotes":""},"categories":[24,3],"tags":[],"class_list":["post-99605","post","type-post","status-publish","format-standard","has-post-thumbnail","hentry","category-brasil","category-geral"],"yoast_head":"<!-- This site is optimized with the Yoast SEO plugin v27.4 - https:\/\/yoast.com\/product\/yoast-seo-wordpress\/ -->\n<title>Governo de SP d\u00e1 mais um passo na regulamenta\u00e7\u00e3o da lei de cannabis medicinal no SUS - Regi\u00e3o News<\/title>\n<meta name=\"robots\" content=\"index, follow, max-snippet:-1, max-image-preview:large, max-video-preview:-1\" \/>\n<link rel=\"canonical\" href=\"https:\/\/regiaonews.net.br\/2022\/2023\/12\/28\/governo-de-sp-da-mais-um-passo-na-regulamentacao-da-lei-de-cannabis-medicinal-no-sus\/\" \/>\n<meta property=\"og:locale\" content=\"pt_BR\" \/>\n<meta property=\"og:type\" content=\"article\" \/>\n<meta property=\"og:title\" content=\"Governo de SP d\u00e1 mais um passo na regulamenta\u00e7\u00e3o da lei de cannabis medicinal no SUS - Regi\u00e3o News\" \/>\n<meta property=\"og:description\" content=\"Decreto acontece quase um ano depois da san\u00e7\u00e3o da lei,\" \/>\n<meta property=\"og:url\" content=\"https:\/\/regiaonews.net.br\/2022\/2023\/12\/28\/governo-de-sp-da-mais-um-passo-na-regulamentacao-da-lei-de-cannabis-medicinal-no-sus\/\" \/>\n<meta property=\"og:site_name\" content=\"Regi\u00e3o News\" \/>\n<meta property=\"article:published_time\" content=\"2023-12-28T10:53:30+00:00\" \/>\n<meta property=\"og:image\" content=\"https:\/\/regiaonews.net.br\/2022\/wp-content\/uploads\/2023\/12\/unnamed-2.jpg\" \/>\n\t<meta property=\"og:image:width\" content=\"800\" \/>\n\t<meta property=\"og:image:height\" content=\"450\" \/>\n\t<meta property=\"og:image:type\" content=\"image\/jpeg\" \/>\n<meta name=\"author\" content=\"Roberto\" \/>\n<meta name=\"twitter:card\" content=\"summary_large_image\" \/>\n<meta name=\"twitter:label1\" content=\"Escrito por\" \/>\n\t<meta name=\"twitter:data1\" content=\"Roberto\" \/>\n\t<meta name=\"twitter:label2\" content=\"Est. tempo de leitura\" \/>\n\t<meta name=\"twitter:data2\" content=\"4 minutos\" \/>\n<script type=\"application\/ld+json\" class=\"yoast-schema-graph\">{\"@context\":\"https:\\\/\\\/schema.org\",\"@graph\":[{\"@type\":\"Article\",\"@id\":\"https:\\\/\\\/regiaonews.net.br\\\/2022\\\/2023\\\/12\\\/28\\\/governo-de-sp-da-mais-um-passo-na-regulamentacao-da-lei-de-cannabis-medicinal-no-sus\\\/#article\",\"isPartOf\":{\"@id\":\"https:\\\/\\\/regiaonews.net.br\\\/2022\\\/2023\\\/12\\\/28\\\/governo-de-sp-da-mais-um-passo-na-regulamentacao-da-lei-de-cannabis-medicinal-no-sus\\\/\"},\"author\":{\"name\":\"Roberto\",\"@id\":\"https:\\\/\\\/regiaonews.net.br\\\/2022\\\/#\\\/schema\\\/person\\\/2d205a608a5aa97ac279d7a5e6d89ad8\"},\"headline\":\"Governo de SP d\u00e1 mais um passo na regulamenta\u00e7\u00e3o da lei de cannabis medicinal no SUS\",\"datePublished\":\"2023-12-28T10:53:30+00:00\",\"mainEntityOfPage\":{\"@id\":\"https:\\\/\\\/regiaonews.net.br\\\/2022\\\/2023\\\/12\\\/28\\\/governo-de-sp-da-mais-um-passo-na-regulamentacao-da-lei-de-cannabis-medicinal-no-sus\\\/\"},\"wordCount\":797,\"commentCount\":0,\"publisher\":{\"@id\":\"https:\\\/\\\/regiaonews.net.br\\\/2022\\\/#organization\"},\"image\":{\"@id\":\"https:\\\/\\\/regiaonews.net.br\\\/2022\\\/2023\\\/12\\\/28\\\/governo-de-sp-da-mais-um-passo-na-regulamentacao-da-lei-de-cannabis-medicinal-no-sus\\\/#primaryimage\"},\"thumbnailUrl\":\"https:\\\/\\\/regiaonews.net.br\\\/2022\\\/wp-content\\\/uploads\\\/2023\\\/12\\\/unnamed-2.jpg\",\"articleSection\":[\"Brasil\",\"Geral\"],\"inLanguage\":\"pt-BR\",\"potentialAction\":[{\"@type\":\"CommentAction\",\"name\":\"Comment\",\"target\":[\"https:\\\/\\\/regiaonews.net.br\\\/2022\\\/2023\\\/12\\\/28\\\/governo-de-sp-da-mais-um-passo-na-regulamentacao-da-lei-de-cannabis-medicinal-no-sus\\\/#respond\"]}]},{\"@type\":\"WebPage\",\"@id\":\"https:\\\/\\\/regiaonews.net.br\\\/2022\\\/2023\\\/12\\\/28\\\/governo-de-sp-da-mais-um-passo-na-regulamentacao-da-lei-de-cannabis-medicinal-no-sus\\\/\",\"url\":\"https:\\\/\\\/regiaonews.net.br\\\/2022\\\/2023\\\/12\\\/28\\\/governo-de-sp-da-mais-um-passo-na-regulamentacao-da-lei-de-cannabis-medicinal-no-sus\\\/\",\"name\":\"Governo de SP d\u00e1 mais um passo na regulamenta\u00e7\u00e3o da lei de cannabis medicinal no SUS - Regi\u00e3o News\",\"isPartOf\":{\"@id\":\"https:\\\/\\\/regiaonews.net.br\\\/2022\\\/#website\"},\"primaryImageOfPage\":{\"@id\":\"https:\\\/\\\/regiaonews.net.br\\\/2022\\\/2023\\\/12\\\/28\\\/governo-de-sp-da-mais-um-passo-na-regulamentacao-da-lei-de-cannabis-medicinal-no-sus\\\/#primaryimage\"},\"image\":{\"@id\":\"https:\\\/\\\/regiaonews.net.br\\\/2022\\\/2023\\\/12\\\/28\\\/governo-de-sp-da-mais-um-passo-na-regulamentacao-da-lei-de-cannabis-medicinal-no-sus\\\/#primaryimage\"},\"thumbnailUrl\":\"https:\\\/\\\/regiaonews.net.br\\\/2022\\\/wp-content\\\/uploads\\\/2023\\\/12\\\/unnamed-2.jpg\",\"datePublished\":\"2023-12-28T10:53:30+00:00\",\"breadcrumb\":{\"@id\":\"https:\\\/\\\/regiaonews.net.br\\\/2022\\\/2023\\\/12\\\/28\\\/governo-de-sp-da-mais-um-passo-na-regulamentacao-da-lei-de-cannabis-medicinal-no-sus\\\/#breadcrumb\"},\"inLanguage\":\"pt-BR\",\"potentialAction\":[{\"@type\":\"ReadAction\",\"target\":[\"https:\\\/\\\/regiaonews.net.br\\\/2022\\\/2023\\\/12\\\/28\\\/governo-de-sp-da-mais-um-passo-na-regulamentacao-da-lei-de-cannabis-medicinal-no-sus\\\/\"]}]},{\"@type\":\"ImageObject\",\"inLanguage\":\"pt-BR\",\"@id\":\"https:\\\/\\\/regiaonews.net.br\\\/2022\\\/2023\\\/12\\\/28\\\/governo-de-sp-da-mais-um-passo-na-regulamentacao-da-lei-de-cannabis-medicinal-no-sus\\\/#primaryimage\",\"url\":\"https:\\\/\\\/regiaonews.net.br\\\/2022\\\/wp-content\\\/uploads\\\/2023\\\/12\\\/unnamed-2.jpg\",\"contentUrl\":\"https:\\\/\\\/regiaonews.net.br\\\/2022\\\/wp-content\\\/uploads\\\/2023\\\/12\\\/unnamed-2.jpg\",\"width\":800,\"height\":450},{\"@type\":\"BreadcrumbList\",\"@id\":\"https:\\\/\\\/regiaonews.net.br\\\/2022\\\/2023\\\/12\\\/28\\\/governo-de-sp-da-mais-um-passo-na-regulamentacao-da-lei-de-cannabis-medicinal-no-sus\\\/#breadcrumb\",\"itemListElement\":[{\"@type\":\"ListItem\",\"position\":1,\"name\":\"In\u00edcio\",\"item\":\"https:\\\/\\\/regiaonews.net.br\\\/2022\\\/\"},{\"@type\":\"ListItem\",\"position\":2,\"name\":\"Governo de SP d\u00e1 mais um passo na regulamenta\u00e7\u00e3o da lei de cannabis medicinal no SUS\"}]},{\"@type\":\"WebSite\",\"@id\":\"https:\\\/\\\/regiaonews.net.br\\\/2022\\\/#website\",\"url\":\"https:\\\/\\\/regiaonews.net.br\\\/2022\\\/\",\"name\":\"Regi\u00e3o News\",\"description\":\"Site de Not\u00edcias de Barretos e regi\u00e3o\",\"publisher\":{\"@id\":\"https:\\\/\\\/regiaonews.net.br\\\/2022\\\/#organization\"},\"potentialAction\":[{\"@type\":\"SearchAction\",\"target\":{\"@type\":\"EntryPoint\",\"urlTemplate\":\"https:\\\/\\\/regiaonews.net.br\\\/2022\\\/?s={search_term_string}\"},\"query-input\":{\"@type\":\"PropertyValueSpecification\",\"valueRequired\":true,\"valueName\":\"search_term_string\"}}],\"inLanguage\":\"pt-BR\"},{\"@type\":\"Organization\",\"@id\":\"https:\\\/\\\/regiaonews.net.br\\\/2022\\\/#organization\",\"name\":\"Regi\u00e3o News\",\"url\":\"https:\\\/\\\/regiaonews.net.br\\\/2022\\\/\",\"logo\":{\"@type\":\"ImageObject\",\"inLanguage\":\"pt-BR\",\"@id\":\"https:\\\/\\\/regiaonews.net.br\\\/2022\\\/#\\\/schema\\\/logo\\\/image\\\/\",\"url\":\"https:\\\/\\\/regiaonews.net.br\\\/2022\\\/wp-content\\\/uploads\\\/2026\\\/03\\\/regiao-13-anos-scaled.jpg\",\"contentUrl\":\"https:\\\/\\\/regiaonews.net.br\\\/2022\\\/wp-content\\\/uploads\\\/2026\\\/03\\\/regiao-13-anos-scaled.jpg\",\"width\":2560,\"height\":635,\"caption\":\"Regi\u00e3o News\"},\"image\":{\"@id\":\"https:\\\/\\\/regiaonews.net.br\\\/2022\\\/#\\\/schema\\\/logo\\\/image\\\/\"}},{\"@type\":\"Person\",\"@id\":\"https:\\\/\\\/regiaonews.net.br\\\/2022\\\/#\\\/schema\\\/person\\\/2d205a608a5aa97ac279d7a5e6d89ad8\",\"name\":\"Roberto\",\"image\":{\"@type\":\"ImageObject\",\"inLanguage\":\"pt-BR\",\"@id\":\"https:\\\/\\\/secure.gravatar.com\\\/avatar\\\/42749d8b712ff9d59ca93dc150494e5b55a44134482993f5baeb97e61b7ecc89?s=96&d=mm&r=g\",\"url\":\"https:\\\/\\\/secure.gravatar.com\\\/avatar\\\/42749d8b712ff9d59ca93dc150494e5b55a44134482993f5baeb97e61b7ecc89?s=96&d=mm&r=g\",\"contentUrl\":\"https:\\\/\\\/secure.gravatar.com\\\/avatar\\\/42749d8b712ff9d59ca93dc150494e5b55a44134482993f5baeb97e61b7ecc89?s=96&d=mm&r=g\",\"caption\":\"Roberto\"},\"url\":\"https:\\\/\\\/regiaonews.net.br\\\/2022\\\/author\\\/roberto\\\/\"}]}<\/script>\n<!-- \/ Yoast SEO plugin. -->","yoast_head_json":{"title":"Governo de SP d\u00e1 mais um passo na regulamenta\u00e7\u00e3o da lei de cannabis medicinal no SUS - Regi\u00e3o News","robots":{"index":"index","follow":"follow","max-snippet":"max-snippet:-1","max-image-preview":"max-image-preview:large","max-video-preview":"max-video-preview:-1"},"canonical":"https:\/\/regiaonews.net.br\/2022\/2023\/12\/28\/governo-de-sp-da-mais-um-passo-na-regulamentacao-da-lei-de-cannabis-medicinal-no-sus\/","og_locale":"pt_BR","og_type":"article","og_title":"Governo de SP d\u00e1 mais um passo na regulamenta\u00e7\u00e3o da lei de cannabis medicinal no SUS - Regi\u00e3o News","og_description":"Decreto acontece quase um ano depois da san\u00e7\u00e3o da lei,","og_url":"https:\/\/regiaonews.net.br\/2022\/2023\/12\/28\/governo-de-sp-da-mais-um-passo-na-regulamentacao-da-lei-de-cannabis-medicinal-no-sus\/","og_site_name":"Regi\u00e3o News","article_published_time":"2023-12-28T10:53:30+00:00","og_image":[{"width":800,"height":450,"url":"https:\/\/regiaonews.net.br\/2022\/wp-content\/uploads\/2023\/12\/unnamed-2.jpg","type":"image\/jpeg"}],"author":"Roberto","twitter_card":"summary_large_image","twitter_misc":{"Escrito por":"Roberto","Est. tempo de leitura":"4 minutos"},"schema":{"@context":"https:\/\/schema.org","@graph":[{"@type":"Article","@id":"https:\/\/regiaonews.net.br\/2022\/2023\/12\/28\/governo-de-sp-da-mais-um-passo-na-regulamentacao-da-lei-de-cannabis-medicinal-no-sus\/#article","isPartOf":{"@id":"https:\/\/regiaonews.net.br\/2022\/2023\/12\/28\/governo-de-sp-da-mais-um-passo-na-regulamentacao-da-lei-de-cannabis-medicinal-no-sus\/"},"author":{"name":"Roberto","@id":"https:\/\/regiaonews.net.br\/2022\/#\/schema\/person\/2d205a608a5aa97ac279d7a5e6d89ad8"},"headline":"Governo de SP d\u00e1 mais um passo na regulamenta\u00e7\u00e3o da lei de cannabis medicinal no SUS","datePublished":"2023-12-28T10:53:30+00:00","mainEntityOfPage":{"@id":"https:\/\/regiaonews.net.br\/2022\/2023\/12\/28\/governo-de-sp-da-mais-um-passo-na-regulamentacao-da-lei-de-cannabis-medicinal-no-sus\/"},"wordCount":797,"commentCount":0,"publisher":{"@id":"https:\/\/regiaonews.net.br\/2022\/#organization"},"image":{"@id":"https:\/\/regiaonews.net.br\/2022\/2023\/12\/28\/governo-de-sp-da-mais-um-passo-na-regulamentacao-da-lei-de-cannabis-medicinal-no-sus\/#primaryimage"},"thumbnailUrl":"https:\/\/regiaonews.net.br\/2022\/wp-content\/uploads\/2023\/12\/unnamed-2.jpg","articleSection":["Brasil","Geral"],"inLanguage":"pt-BR","potentialAction":[{"@type":"CommentAction","name":"Comment","target":["https:\/\/regiaonews.net.br\/2022\/2023\/12\/28\/governo-de-sp-da-mais-um-passo-na-regulamentacao-da-lei-de-cannabis-medicinal-no-sus\/#respond"]}]},{"@type":"WebPage","@id":"https:\/\/regiaonews.net.br\/2022\/2023\/12\/28\/governo-de-sp-da-mais-um-passo-na-regulamentacao-da-lei-de-cannabis-medicinal-no-sus\/","url":"https:\/\/regiaonews.net.br\/2022\/2023\/12\/28\/governo-de-sp-da-mais-um-passo-na-regulamentacao-da-lei-de-cannabis-medicinal-no-sus\/","name":"Governo de SP d\u00e1 mais um passo na regulamenta\u00e7\u00e3o da lei de cannabis medicinal no SUS - Regi\u00e3o News","isPartOf":{"@id":"https:\/\/regiaonews.net.br\/2022\/#website"},"primaryImageOfPage":{"@id":"https:\/\/regiaonews.net.br\/2022\/2023\/12\/28\/governo-de-sp-da-mais-um-passo-na-regulamentacao-da-lei-de-cannabis-medicinal-no-sus\/#primaryimage"},"image":{"@id":"https:\/\/regiaonews.net.br\/2022\/2023\/12\/28\/governo-de-sp-da-mais-um-passo-na-regulamentacao-da-lei-de-cannabis-medicinal-no-sus\/#primaryimage"},"thumbnailUrl":"https:\/\/regiaonews.net.br\/2022\/wp-content\/uploads\/2023\/12\/unnamed-2.jpg","datePublished":"2023-12-28T10:53:30+00:00","breadcrumb":{"@id":"https:\/\/regiaonews.net.br\/2022\/2023\/12\/28\/governo-de-sp-da-mais-um-passo-na-regulamentacao-da-lei-de-cannabis-medicinal-no-sus\/#breadcrumb"},"inLanguage":"pt-BR","potentialAction":[{"@type":"ReadAction","target":["https:\/\/regiaonews.net.br\/2022\/2023\/12\/28\/governo-de-sp-da-mais-um-passo-na-regulamentacao-da-lei-de-cannabis-medicinal-no-sus\/"]}]},{"@type":"ImageObject","inLanguage":"pt-BR","@id":"https:\/\/regiaonews.net.br\/2022\/2023\/12\/28\/governo-de-sp-da-mais-um-passo-na-regulamentacao-da-lei-de-cannabis-medicinal-no-sus\/#primaryimage","url":"https:\/\/regiaonews.net.br\/2022\/wp-content\/uploads\/2023\/12\/unnamed-2.jpg","contentUrl":"https:\/\/regiaonews.net.br\/2022\/wp-content\/uploads\/2023\/12\/unnamed-2.jpg","width":800,"height":450},{"@type":"BreadcrumbList","@id":"https:\/\/regiaonews.net.br\/2022\/2023\/12\/28\/governo-de-sp-da-mais-um-passo-na-regulamentacao-da-lei-de-cannabis-medicinal-no-sus\/#breadcrumb","itemListElement":[{"@type":"ListItem","position":1,"name":"In\u00edcio","item":"https:\/\/regiaonews.net.br\/2022\/"},{"@type":"ListItem","position":2,"name":"Governo de SP d\u00e1 mais um passo na regulamenta\u00e7\u00e3o da lei de cannabis medicinal no SUS"}]},{"@type":"WebSite","@id":"https:\/\/regiaonews.net.br\/2022\/#website","url":"https:\/\/regiaonews.net.br\/2022\/","name":"Regi\u00e3o News","description":"Site de Not\u00edcias de Barretos e regi\u00e3o","publisher":{"@id":"https:\/\/regiaonews.net.br\/2022\/#organization"},"potentialAction":[{"@type":"SearchAction","target":{"@type":"EntryPoint","urlTemplate":"https:\/\/regiaonews.net.br\/2022\/?s={search_term_string}"},"query-input":{"@type":"PropertyValueSpecification","valueRequired":true,"valueName":"search_term_string"}}],"inLanguage":"pt-BR"},{"@type":"Organization","@id":"https:\/\/regiaonews.net.br\/2022\/#organization","name":"Regi\u00e3o News","url":"https:\/\/regiaonews.net.br\/2022\/","logo":{"@type":"ImageObject","inLanguage":"pt-BR","@id":"https:\/\/regiaonews.net.br\/2022\/#\/schema\/logo\/image\/","url":"https:\/\/regiaonews.net.br\/2022\/wp-content\/uploads\/2026\/03\/regiao-13-anos-scaled.jpg","contentUrl":"https:\/\/regiaonews.net.br\/2022\/wp-content\/uploads\/2026\/03\/regiao-13-anos-scaled.jpg","width":2560,"height":635,"caption":"Regi\u00e3o News"},"image":{"@id":"https:\/\/regiaonews.net.br\/2022\/#\/schema\/logo\/image\/"}},{"@type":"Person","@id":"https:\/\/regiaonews.net.br\/2022\/#\/schema\/person\/2d205a608a5aa97ac279d7a5e6d89ad8","name":"Roberto","image":{"@type":"ImageObject","inLanguage":"pt-BR","@id":"https:\/\/secure.gravatar.com\/avatar\/42749d8b712ff9d59ca93dc150494e5b55a44134482993f5baeb97e61b7ecc89?s=96&d=mm&r=g","url":"https:\/\/secure.gravatar.com\/avatar\/42749d8b712ff9d59ca93dc150494e5b55a44134482993f5baeb97e61b7ecc89?s=96&d=mm&r=g","contentUrl":"https:\/\/secure.gravatar.com\/avatar\/42749d8b712ff9d59ca93dc150494e5b55a44134482993f5baeb97e61b7ecc89?s=96&d=mm&r=g","caption":"Roberto"},"url":"https:\/\/regiaonews.net.br\/2022\/author\/roberto\/"}]}},"publishpress_future_action":{"enabled":false,"date":"2026-05-04 19:35:27","action":"change-status","newStatus":"draft","terms":[],"taxonomy":"category","extraData":[]},"publishpress_future_workflow_manual_trigger":{"enabledWorkflows":[]},"_links":{"self":[{"href":"https:\/\/regiaonews.net.br\/2022\/wp-json\/wp\/v2\/posts\/99605","targetHints":{"allow":["GET"]}}],"collection":[{"href":"https:\/\/regiaonews.net.br\/2022\/wp-json\/wp\/v2\/posts"}],"about":[{"href":"https:\/\/regiaonews.net.br\/2022\/wp-json\/wp\/v2\/types\/post"}],"author":[{"embeddable":true,"href":"https:\/\/regiaonews.net.br\/2022\/wp-json\/wp\/v2\/users\/2"}],"replies":[{"embeddable":true,"href":"https:\/\/regiaonews.net.br\/2022\/wp-json\/wp\/v2\/comments?post=99605"}],"version-history":[{"count":1,"href":"https:\/\/regiaonews.net.br\/2022\/wp-json\/wp\/v2\/posts\/99605\/revisions"}],"predecessor-version":[{"id":99607,"href":"https:\/\/regiaonews.net.br\/2022\/wp-json\/wp\/v2\/posts\/99605\/revisions\/99607"}],"wp:featuredmedia":[{"embeddable":true,"href":"https:\/\/regiaonews.net.br\/2022\/wp-json\/wp\/v2\/media\/99606"}],"wp:attachment":[{"href":"https:\/\/regiaonews.net.br\/2022\/wp-json\/wp\/v2\/media?parent=99605"}],"wp:term":[{"taxonomy":"category","embeddable":true,"href":"https:\/\/regiaonews.net.br\/2022\/wp-json\/wp\/v2\/categories?post=99605"},{"taxonomy":"post_tag","embeddable":true,"href":"https:\/\/regiaonews.net.br\/2022\/wp-json\/wp\/v2\/tags?post=99605"}],"curies":[{"name":"wp","href":"https:\/\/api.w.org\/{rel}","templated":true}]}}