{"id":99599,"date":"2023-12-28T04:50:58","date_gmt":"2023-12-28T07:50:58","guid":{"rendered":"https:\/\/regiaonews.net.br\/2022\/?p=99599"},"modified":"2023-12-28T04:50:58","modified_gmt":"2023-12-28T07:50:58","slug":"sessao-extraordinaria-da-camara-agendada-para-hoje-tem-28-projetos-na-pauta","status":"publish","type":"post","link":"https:\/\/regiaonews.net.br\/2022\/2023\/12\/28\/sessao-extraordinaria-da-camara-agendada-para-hoje-tem-28-projetos-na-pauta\/","title":{"rendered":"Sess\u00e3o extraordin\u00e1ria da C\u00e2mara agendada para hoje tem 28 projetos na pauta"},"content":{"rendered":"<h3 class=\"benchnine\"><\/h3>\n<div class=\"fb-share-button fb_iframe_widget fb_iframe_widget_fluid\" data-href=\"https:\/\/camarabarretos.sp.gov.br\/noticia\/camara-realiza-sessao-extraordinaria-na-proxima-quinta-feira-28-de-dezembro-as-10h!5488\" data-type=\"button\"><\/div>\n<p>&nbsp;<\/p>\n<p>Em cumprimento ao <strong><a title=\"\" href=\"https:\/\/camarabarretos.sp.gov.br\/arquivos\/lei_organica_do_municipio.pdf\" target=\"_blank\" rel=\"noopener\" data-original-title=\"\">Art. 35 da Lei Org\u00e2nica do Munic\u00edpio de Barretos<\/a>,<\/strong>\u00a0desde\u00a0<strong>16 de dezembro\u00a0<\/strong>at\u00e9<strong>\u00a031 de janeiro<\/strong>, os vereadores est\u00e3o em\u00a0<a title=\"\" href=\"https:\/\/camarabarretos.sp.gov.br\/noticia\/camara-define-comissao-representativa-para-atuar-durante-o-recesso-parlamentar!5486\" target=\"_blank\" rel=\"noopener\" data-original-title=\"\">Recesso Parlamentar.<\/a>\u00a0Nesse per\u00edodo, caso ocorra a\u00a0<strong>necessidade de aprovar projetos urgentes para o Munic\u00edpio<\/strong>, os parlamentares s\u00e3o\u00a0<strong>convocados a participar de Sess\u00f5es Extraordin\u00e1rias.<\/strong><\/p>\n<p>&nbsp;<\/p>\n<p>Nesta\u00a0<strong>ter\u00e7a-feira (26<\/strong>, a\u00a0Prefeita Paula Lemos, por meio da\u00a0<a title=\"\" href=\"http:\/\/consulta.camarabarretos.sp.gov.br\/arquivo?Id=390651\" target=\"_blank\" rel=\"noopener\" data-original-title=\"\"><strong>Mensagem n\u00ba 343 \/2023<\/strong><\/a>, solicitou \u00e0 Presid\u00eancia da C\u00e2mara a convoca\u00e7\u00e3o de Sess\u00e3o Extraordin\u00e1ria\u00a0para que os vereadores possam discutir projetos considerados urgentes para a cidade.<\/p>\n<p>&nbsp;<\/p>\n<p>Com isso, o Presidente da C\u00e2mara,\u00a0Luis Paulo Vieira &#8211; Lupa (PRTB), por meio do\u00a0<strong>Edital n\u00ba 1027<\/strong>,\u00a0convocou\u00a0<strong>Sess\u00e3o Extraordin\u00e1ria\u00a0<\/strong>para\u00a0\u00a0<strong>quinta-feira, 28, \u00e0s 10h<\/strong>.<\/p>\n<p>&nbsp;<\/p>\n<p>Ao todo,\u00a0<strong>28 )mat\u00e9rias ser\u00e3o discutidas <\/strong>e votadas pelos vereadores:\u00a0<strong>13 Projetos de Lei e 15 Projetos de Lei Complementar.\u00a0\u00a0<\/strong><\/p>\n<p>Entre os assuntos a serem discutidos est\u00e3o:<\/p>\n<p>&nbsp;<\/p>\n<ul>\n<li>Atera\u00e7\u00e3o para\u00a0<strong>&#8220;car\u00e1ter indenizat\u00f3rio&#8221; as Bolsas de Estudo dos programas Pr\u00f3 Cemei, Pr\u00f3 Alfabetiza\u00e7\u00e3o e Pr\u00f3 Ideb;<\/strong><\/li>\n<\/ul>\n<p>&nbsp;<\/p>\n<ul>\n<li>\u00a0<strong>Corre\u00e7\u00f5es de descri\u00e7\u00e3o num\u00e9rica e de diverg\u00eancias t\u00e9cnicas em duas Emendas Parlamentares\u00a0na Lei do Or\u00e7amento 2024;<\/strong><\/li>\n<\/ul>\n<p>&nbsp;<\/p>\n<ul>\n<li>Abertura de Cr\u00e9dito Adicional Especial no valor de\u00a0<strong>R$ 100 mil para custeio\u00a0dos servi\u00e7os do programa de atendimento integral e descentralizado no SUS;<\/strong><\/li>\n<\/ul>\n<p>&nbsp;<\/p>\n<ul>\n<li>Abertura de Cr\u00e9dito Adicional Suplementar:\u00a0<strong>R$ 330 mil para a aten\u00e7\u00e3o prim\u00e1ria \u00e0 Sa\u00fade &#8211;\u00a0\u00a0pagamento de parcela extra aos ACS &#8211; Agentes Comunit\u00e1rios de Sa\u00fade;<\/strong><\/li>\n<\/ul>\n<p>&nbsp;<\/p>\n<ul>\n<li>Abertura de Cr\u00e9dito Adicional Especial:\u00a0<strong>R$ 5 milh\u00f5es do FAR &#8211; Fundo de Arrendamento Residencial do programa Minha Casa Minha Vida;<\/strong><\/li>\n<\/ul>\n<p>&nbsp;<\/p>\n<ul>\n<li><strong>Abertura de Cr\u00e9dito Adicional Especial: R$ 63,2 mil para a Santa Casa de Miseric\u00f3rdia;<\/strong><\/li>\n<\/ul>\n<p>&nbsp;<\/p>\n<ul>\n<li>Conv\u00eanio com o Governo Federal para\u00a0<strong>futuros projetos de Aquisi\u00e7\u00e3o, Constru\u00e7\u00e3o ou Melhoria Habitacional do programa Minha Casa Minha Vida;<\/strong><\/li>\n<\/ul>\n<p>&nbsp;<\/p>\n<ul>\n<li>Abertura de Cr\u00e9dito Adicional Suplementar:\u00a0<strong>R$ 198 mil para a Vigil\u00e2ncia em Sa\u00fade &#8211;\u00a0\u00a0pagamento de parcela extra aos ACE &#8211; Agentes de Combate \u00e0s Endemias;<\/strong><\/li>\n<\/ul>\n<p>&nbsp;<\/p>\n<ul>\n<li><strong>Incentivo Financeiro Federal aos Dentistas e Auxiliares de Consult\u00f3rio Dent\u00e1rio<\/strong>\u00a0que atuam no CEO &#8211; Centro de Especialidades Odontol\u00f3gicas;<\/li>\n<\/ul>\n<p>&nbsp;<\/p>\n<ul>\n<li><strong>Pr\u00f3-labore no valor de R$ 700 aos Policiais Civis<\/strong>\u00a0que atuam em Barretos;<\/li>\n<\/ul>\n<p>&nbsp;<\/p>\n<ul>\n<li>Altera\u00e7\u00f5es na Lei do Quadro de Apoio \u00e0s A\u00e7\u00f5es de Sa\u00fade:\u00a0<strong>concess\u00e3o de adicional por tempo de servi\u00e7o e outros benef\u00edcios a partir de 2027<\/strong><\/li>\n<\/ul>\n<p>&nbsp;<\/p>\n<ul>\n<li><strong>Desafeta\u00e7\u00e3o (deixa de ser de dom\u00ednio p\u00fablico)\u00a0<\/strong>de im\u00f3vel\u00a0no bairro Jardim Anast\u00e1cio\u00a0<strong>e permuta com outro im\u00f3vel\u00a0<\/strong>do bairro Vida Nova.<\/li>\n<\/ul>\n<p>&nbsp;<\/p>\n<ul>\n<li>Altera\u00e7\u00f5es no\u00a0<strong>Plano Diretor do Munic\u00edpio da Est\u00e2ncia Tur\u00edstica de Barretos<\/strong><\/li>\n<\/ul>\n<p>&nbsp;<\/p>\n<ul>\n<li><strong>Benef\u00edcios aos contratados pelo REJAES &#8211; Regime Jur\u00eddico e Administrativo Especial:<\/strong>\u00a0licen\u00e7a maternidade, licen\u00e7a sa\u00fade, faltas justificadas e indeniza\u00e7\u00e3o de transporte para docentes da zona rural;<\/li>\n<\/ul>\n<p>&nbsp;<\/p>\n<ul>\n<li><strong>Altera\u00e7\u00f5es na Lei da Previd\u00eancia Municipal :<\/strong>\u00a0aposentadoria programada, contribui\u00e7\u00e3o de 14% para quem recebe valor acima do teto do Regime Geral e aumento gradativo da contribui\u00e7\u00e3o patronal (de 20% para 28%)<\/li>\n<\/ul>\n<p>&nbsp;<\/p>\n<ul>\n<li><strong>Altera\u00e7\u00f5es no Plano de Carreiras do Instituto de Previd\u00eancia Municipal :\u00a0<\/strong>altera\u00e7\u00e3o de padr\u00f5es de alguns cargos, altera\u00e7\u00e3o de interst\u00edcio entre as promo\u00e7\u00f5es verticais, adequa\u00e7\u00e3o da gratifica\u00e7\u00e3o do Controlador Interno, entre outras;<\/li>\n<\/ul>\n<p>&nbsp;<\/p>\n<ul>\n<li>Revoga\u00e7\u00e3o da Lei que institui pr\u00eamio e incentivo \u00e0 produtividade no andamento das execu\u00e7\u00f5es fiscais;<\/li>\n<\/ul>\n<p>&nbsp;<\/p>\n<ul>\n<li><strong>Mudan\u00e7as na estrutura organizacional da Prefeitura:\u00a0<\/strong>cria\u00e7\u00e3o da Secretaria de Tr\u00e2nsito e Mobilidade Urbana, al\u00e9m de setores e departamentos;<\/li>\n<\/ul>\n<p>&nbsp;<\/p>\n<ul>\n<li>Moderniza\u00e7\u00e3o e desburocratiza\u00e7\u00e3o de Lei sobre registro e legaliza\u00e7\u00e3o de empres\u00e1rios e pessoas jur\u00eddicas para ades\u00e3o ao programa &#8220;Facilita SP&#8221;, do Governo Estadual;<\/li>\n<\/ul>\n<p>&nbsp;<\/p>\n<ul>\n<li>\u00a0<strong>PPI &#8211; Programa de Parcelamento Incentivado 2024<\/strong>\u00a0para grandes devedores (d\u00edvidas acima de R$ 100 mil at\u00e9 31 de dezembro de 2023);<\/li>\n<\/ul>\n<p>&nbsp;<\/p>\n<ul>\n<li><strong>PPI &#8211; Programa de Parcelamento Incentivado 2024 para os demais contribuintes\u00a0<\/strong>( d\u00edvidas at\u00e9 31 de dezembro de 2023);<\/li>\n<\/ul>\n<p>&nbsp;<\/p>\n<ul>\n<li><strong>Altera\u00e7\u00f5es na Lei do SAMU:\u00a0<\/strong>aumento do padr\u00e3o salarial e benef\u00edcios;<\/li>\n<\/ul>\n<p>&nbsp;<\/p>\n<ul>\n<li><strong>Aumento salarial para servidores da Prefeitura<\/strong>\u00a0(2,73% a partir de agosto\/2024);<\/li>\n<\/ul>\n<p>&nbsp;<\/p>\n<ul>\n<li><strong>Contagem do adicional por tempo de servi\u00e7o durante o per\u00edodo da Pandemia COVID 19\u00a0<\/strong>(caso haja autoriza\u00e7\u00e3o legislativa federal, ap\u00f3s decis\u00e3o do Supremo Tribunal Federal)<\/li>\n<\/ul>\n<p>&nbsp;<\/p>\n<ul>\n<li><strong>Altera\u00e7\u00f5es no Plano de Cargos e Carreiras da Prefeitura:\u00a0<\/strong>aumento de padr\u00e3o salarial,\u00a0gratifica\u00e7\u00f5es,\u00a0mudan\u00e7as para m\u00e9dicos, extin\u00e7\u00e3o de cargos, mudan\u00e7as na denomina\u00e7\u00e3o de fun\u00e7\u00f5es\u00a0e outras<\/li>\n<\/ul>\n<p>&nbsp;<\/p>\n<ul>\n<li><strong>Altera\u00e7\u00f5es na Lei do Quadro de Apoio dos Profissionais da Educa\u00e7\u00e3o:<\/strong>\u00a0aumento de padr\u00e3o salarial e benef\u00edcios;<\/li>\n<\/ul>\n<p>&nbsp;<\/p>\n<ul>\n<li><strong>Aumento salarial para servidores da C\u00e2mara<\/strong>\u00a0(2,73% a partir de agosto\/2024);<\/li>\n<\/ul>\n<p>&nbsp;<\/p>\n<ul>\n<li><strong>Adiantamento para pagamento de despesas<\/strong>\u00a0mi\u00fadas e urgentes a servidores da Prefeitura, SAAEB e Instituto de Previd\u00eancia;<\/li>\n<\/ul>\n","protected":false},"excerpt":{"rendered":"<p>&nbsp; Em cumprimento ao Art. 35 da Lei Org\u00e2nica do<\/p>\n","protected":false},"author":2,"featured_media":73794,"comment_status":"open","ping_status":"open","sticky":false,"template":"","format":"standard","meta":{"footnotes":""},"categories":[14,25],"tags":[],"class_list":["post-99599","post","type-post","status-publish","format-standard","has-post-thumbnail","hentry","category-barretos","category-cidades"],"yoast_head":"<!-- This site is optimized with the Yoast SEO plugin v27.4 - https:\/\/yoast.com\/product\/yoast-seo-wordpress\/ -->\n<title>Sess\u00e3o extraordin\u00e1ria da C\u00e2mara agendada para hoje tem 28 projetos na pauta - Regi\u00e3o News<\/title>\n<meta name=\"robots\" content=\"index, follow, max-snippet:-1, max-image-preview:large, max-video-preview:-1\" \/>\n<link rel=\"canonical\" href=\"https:\/\/regiaonews.net.br\/2022\/2023\/12\/28\/sessao-extraordinaria-da-camara-agendada-para-hoje-tem-28-projetos-na-pauta\/\" \/>\n<meta property=\"og:locale\" content=\"pt_BR\" \/>\n<meta property=\"og:type\" content=\"article\" \/>\n<meta property=\"og:title\" content=\"Sess\u00e3o extraordin\u00e1ria da C\u00e2mara agendada para hoje tem 28 projetos na pauta - Regi\u00e3o News\" \/>\n<meta property=\"og:description\" content=\"&nbsp; Em cumprimento ao Art. 35 da Lei Org\u00e2nica do\" \/>\n<meta property=\"og:url\" content=\"https:\/\/regiaonews.net.br\/2022\/2023\/12\/28\/sessao-extraordinaria-da-camara-agendada-para-hoje-tem-28-projetos-na-pauta\/\" \/>\n<meta property=\"og:site_name\" content=\"Regi\u00e3o News\" \/>\n<meta property=\"article:published_time\" content=\"2023-12-28T07:50:58+00:00\" \/>\n<meta property=\"og:image\" content=\"https:\/\/regiaonews.net.br\/2022\/wp-content\/uploads\/2022\/06\/WhatsApp-Image-2022-06-22-at-14.39.24.jpeg\" \/>\n\t<meta property=\"og:image:width\" content=\"1280\" \/>\n\t<meta property=\"og:image:height\" content=\"847\" \/>\n\t<meta property=\"og:image:type\" content=\"image\/jpeg\" \/>\n<meta name=\"author\" content=\"Roberto\" \/>\n<meta name=\"twitter:card\" content=\"summary_large_image\" \/>\n<meta name=\"twitter:label1\" content=\"Escrito por\" \/>\n\t<meta name=\"twitter:data1\" content=\"Roberto\" \/>\n\t<meta name=\"twitter:label2\" content=\"Est. tempo de leitura\" \/>\n\t<meta name=\"twitter:data2\" content=\"4 minutos\" \/>\n<script type=\"application\/ld+json\" class=\"yoast-schema-graph\">{\"@context\":\"https:\\\/\\\/schema.org\",\"@graph\":[{\"@type\":\"Article\",\"@id\":\"https:\\\/\\\/regiaonews.net.br\\\/2022\\\/2023\\\/12\\\/28\\\/sessao-extraordinaria-da-camara-agendada-para-hoje-tem-28-projetos-na-pauta\\\/#article\",\"isPartOf\":{\"@id\":\"https:\\\/\\\/regiaonews.net.br\\\/2022\\\/2023\\\/12\\\/28\\\/sessao-extraordinaria-da-camara-agendada-para-hoje-tem-28-projetos-na-pauta\\\/\"},\"author\":{\"name\":\"Roberto\",\"@id\":\"https:\\\/\\\/regiaonews.net.br\\\/2022\\\/#\\\/schema\\\/person\\\/2d205a608a5aa97ac279d7a5e6d89ad8\"},\"headline\":\"Sess\u00e3o extraordin\u00e1ria da C\u00e2mara agendada para hoje tem 28 projetos na pauta\",\"datePublished\":\"2023-12-28T07:50:58+00:00\",\"mainEntityOfPage\":{\"@id\":\"https:\\\/\\\/regiaonews.net.br\\\/2022\\\/2023\\\/12\\\/28\\\/sessao-extraordinaria-da-camara-agendada-para-hoje-tem-28-projetos-na-pauta\\\/\"},\"wordCount\":833,\"commentCount\":0,\"publisher\":{\"@id\":\"https:\\\/\\\/regiaonews.net.br\\\/2022\\\/#organization\"},\"image\":{\"@id\":\"https:\\\/\\\/regiaonews.net.br\\\/2022\\\/2023\\\/12\\\/28\\\/sessao-extraordinaria-da-camara-agendada-para-hoje-tem-28-projetos-na-pauta\\\/#primaryimage\"},\"thumbnailUrl\":\"https:\\\/\\\/regiaonews.net.br\\\/2022\\\/wp-content\\\/uploads\\\/2022\\\/06\\\/WhatsApp-Image-2022-06-22-at-14.39.24.jpeg\",\"articleSection\":[\"Barretos\",\"Cidades\"],\"inLanguage\":\"pt-BR\",\"potentialAction\":[{\"@type\":\"CommentAction\",\"name\":\"Comment\",\"target\":[\"https:\\\/\\\/regiaonews.net.br\\\/2022\\\/2023\\\/12\\\/28\\\/sessao-extraordinaria-da-camara-agendada-para-hoje-tem-28-projetos-na-pauta\\\/#respond\"]}]},{\"@type\":\"WebPage\",\"@id\":\"https:\\\/\\\/regiaonews.net.br\\\/2022\\\/2023\\\/12\\\/28\\\/sessao-extraordinaria-da-camara-agendada-para-hoje-tem-28-projetos-na-pauta\\\/\",\"url\":\"https:\\\/\\\/regiaonews.net.br\\\/2022\\\/2023\\\/12\\\/28\\\/sessao-extraordinaria-da-camara-agendada-para-hoje-tem-28-projetos-na-pauta\\\/\",\"name\":\"Sess\u00e3o extraordin\u00e1ria da C\u00e2mara agendada para hoje tem 28 projetos na pauta - Regi\u00e3o News\",\"isPartOf\":{\"@id\":\"https:\\\/\\\/regiaonews.net.br\\\/2022\\\/#website\"},\"primaryImageOfPage\":{\"@id\":\"https:\\\/\\\/regiaonews.net.br\\\/2022\\\/2023\\\/12\\\/28\\\/sessao-extraordinaria-da-camara-agendada-para-hoje-tem-28-projetos-na-pauta\\\/#primaryimage\"},\"image\":{\"@id\":\"https:\\\/\\\/regiaonews.net.br\\\/2022\\\/2023\\\/12\\\/28\\\/sessao-extraordinaria-da-camara-agendada-para-hoje-tem-28-projetos-na-pauta\\\/#primaryimage\"},\"thumbnailUrl\":\"https:\\\/\\\/regiaonews.net.br\\\/2022\\\/wp-content\\\/uploads\\\/2022\\\/06\\\/WhatsApp-Image-2022-06-22-at-14.39.24.jpeg\",\"datePublished\":\"2023-12-28T07:50:58+00:00\",\"breadcrumb\":{\"@id\":\"https:\\\/\\\/regiaonews.net.br\\\/2022\\\/2023\\\/12\\\/28\\\/sessao-extraordinaria-da-camara-agendada-para-hoje-tem-28-projetos-na-pauta\\\/#breadcrumb\"},\"inLanguage\":\"pt-BR\",\"potentialAction\":[{\"@type\":\"ReadAction\",\"target\":[\"https:\\\/\\\/regiaonews.net.br\\\/2022\\\/2023\\\/12\\\/28\\\/sessao-extraordinaria-da-camara-agendada-para-hoje-tem-28-projetos-na-pauta\\\/\"]}]},{\"@type\":\"ImageObject\",\"inLanguage\":\"pt-BR\",\"@id\":\"https:\\\/\\\/regiaonews.net.br\\\/2022\\\/2023\\\/12\\\/28\\\/sessao-extraordinaria-da-camara-agendada-para-hoje-tem-28-projetos-na-pauta\\\/#primaryimage\",\"url\":\"https:\\\/\\\/regiaonews.net.br\\\/2022\\\/wp-content\\\/uploads\\\/2022\\\/06\\\/WhatsApp-Image-2022-06-22-at-14.39.24.jpeg\",\"contentUrl\":\"https:\\\/\\\/regiaonews.net.br\\\/2022\\\/wp-content\\\/uploads\\\/2022\\\/06\\\/WhatsApp-Image-2022-06-22-at-14.39.24.jpeg\",\"width\":1280,\"height\":847},{\"@type\":\"BreadcrumbList\",\"@id\":\"https:\\\/\\\/regiaonews.net.br\\\/2022\\\/2023\\\/12\\\/28\\\/sessao-extraordinaria-da-camara-agendada-para-hoje-tem-28-projetos-na-pauta\\\/#breadcrumb\",\"itemListElement\":[{\"@type\":\"ListItem\",\"position\":1,\"name\":\"In\u00edcio\",\"item\":\"https:\\\/\\\/regiaonews.net.br\\\/2022\\\/\"},{\"@type\":\"ListItem\",\"position\":2,\"name\":\"Sess\u00e3o extraordin\u00e1ria da C\u00e2mara agendada para hoje tem 28 projetos na pauta\"}]},{\"@type\":\"WebSite\",\"@id\":\"https:\\\/\\\/regiaonews.net.br\\\/2022\\\/#website\",\"url\":\"https:\\\/\\\/regiaonews.net.br\\\/2022\\\/\",\"name\":\"Regi\u00e3o News\",\"description\":\"Site de Not\u00edcias de Barretos e regi\u00e3o\",\"publisher\":{\"@id\":\"https:\\\/\\\/regiaonews.net.br\\\/2022\\\/#organization\"},\"potentialAction\":[{\"@type\":\"SearchAction\",\"target\":{\"@type\":\"EntryPoint\",\"urlTemplate\":\"https:\\\/\\\/regiaonews.net.br\\\/2022\\\/?s={search_term_string}\"},\"query-input\":{\"@type\":\"PropertyValueSpecification\",\"valueRequired\":true,\"valueName\":\"search_term_string\"}}],\"inLanguage\":\"pt-BR\"},{\"@type\":\"Organization\",\"@id\":\"https:\\\/\\\/regiaonews.net.br\\\/2022\\\/#organization\",\"name\":\"Regi\u00e3o News\",\"url\":\"https:\\\/\\\/regiaonews.net.br\\\/2022\\\/\",\"logo\":{\"@type\":\"ImageObject\",\"inLanguage\":\"pt-BR\",\"@id\":\"https:\\\/\\\/regiaonews.net.br\\\/2022\\\/#\\\/schema\\\/logo\\\/image\\\/\",\"url\":\"https:\\\/\\\/regiaonews.net.br\\\/2022\\\/wp-content\\\/uploads\\\/2026\\\/03\\\/regiao-13-anos-scaled.jpg\",\"contentUrl\":\"https:\\\/\\\/regiaonews.net.br\\\/2022\\\/wp-content\\\/uploads\\\/2026\\\/03\\\/regiao-13-anos-scaled.jpg\",\"width\":2560,\"height\":635,\"caption\":\"Regi\u00e3o News\"},\"image\":{\"@id\":\"https:\\\/\\\/regiaonews.net.br\\\/2022\\\/#\\\/schema\\\/logo\\\/image\\\/\"}},{\"@type\":\"Person\",\"@id\":\"https:\\\/\\\/regiaonews.net.br\\\/2022\\\/#\\\/schema\\\/person\\\/2d205a608a5aa97ac279d7a5e6d89ad8\",\"name\":\"Roberto\",\"image\":{\"@type\":\"ImageObject\",\"inLanguage\":\"pt-BR\",\"@id\":\"https:\\\/\\\/secure.gravatar.com\\\/avatar\\\/42749d8b712ff9d59ca93dc150494e5b55a44134482993f5baeb97e61b7ecc89?s=96&d=mm&r=g\",\"url\":\"https:\\\/\\\/secure.gravatar.com\\\/avatar\\\/42749d8b712ff9d59ca93dc150494e5b55a44134482993f5baeb97e61b7ecc89?s=96&d=mm&r=g\",\"contentUrl\":\"https:\\\/\\\/secure.gravatar.com\\\/avatar\\\/42749d8b712ff9d59ca93dc150494e5b55a44134482993f5baeb97e61b7ecc89?s=96&d=mm&r=g\",\"caption\":\"Roberto\"},\"url\":\"https:\\\/\\\/regiaonews.net.br\\\/2022\\\/author\\\/roberto\\\/\"}]}<\/script>\n<!-- \/ Yoast SEO plugin. -->","yoast_head_json":{"title":"Sess\u00e3o extraordin\u00e1ria da C\u00e2mara agendada para hoje tem 28 projetos na pauta - Regi\u00e3o News","robots":{"index":"index","follow":"follow","max-snippet":"max-snippet:-1","max-image-preview":"max-image-preview:large","max-video-preview":"max-video-preview:-1"},"canonical":"https:\/\/regiaonews.net.br\/2022\/2023\/12\/28\/sessao-extraordinaria-da-camara-agendada-para-hoje-tem-28-projetos-na-pauta\/","og_locale":"pt_BR","og_type":"article","og_title":"Sess\u00e3o extraordin\u00e1ria da C\u00e2mara agendada para hoje tem 28 projetos na pauta - Regi\u00e3o News","og_description":"&nbsp; Em cumprimento ao Art. 35 da Lei Org\u00e2nica do","og_url":"https:\/\/regiaonews.net.br\/2022\/2023\/12\/28\/sessao-extraordinaria-da-camara-agendada-para-hoje-tem-28-projetos-na-pauta\/","og_site_name":"Regi\u00e3o News","article_published_time":"2023-12-28T07:50:58+00:00","og_image":[{"width":1280,"height":847,"url":"https:\/\/regiaonews.net.br\/2022\/wp-content\/uploads\/2022\/06\/WhatsApp-Image-2022-06-22-at-14.39.24.jpeg","type":"image\/jpeg"}],"author":"Roberto","twitter_card":"summary_large_image","twitter_misc":{"Escrito por":"Roberto","Est. tempo de leitura":"4 minutos"},"schema":{"@context":"https:\/\/schema.org","@graph":[{"@type":"Article","@id":"https:\/\/regiaonews.net.br\/2022\/2023\/12\/28\/sessao-extraordinaria-da-camara-agendada-para-hoje-tem-28-projetos-na-pauta\/#article","isPartOf":{"@id":"https:\/\/regiaonews.net.br\/2022\/2023\/12\/28\/sessao-extraordinaria-da-camara-agendada-para-hoje-tem-28-projetos-na-pauta\/"},"author":{"name":"Roberto","@id":"https:\/\/regiaonews.net.br\/2022\/#\/schema\/person\/2d205a608a5aa97ac279d7a5e6d89ad8"},"headline":"Sess\u00e3o extraordin\u00e1ria da C\u00e2mara agendada para hoje tem 28 projetos na pauta","datePublished":"2023-12-28T07:50:58+00:00","mainEntityOfPage":{"@id":"https:\/\/regiaonews.net.br\/2022\/2023\/12\/28\/sessao-extraordinaria-da-camara-agendada-para-hoje-tem-28-projetos-na-pauta\/"},"wordCount":833,"commentCount":0,"publisher":{"@id":"https:\/\/regiaonews.net.br\/2022\/#organization"},"image":{"@id":"https:\/\/regiaonews.net.br\/2022\/2023\/12\/28\/sessao-extraordinaria-da-camara-agendada-para-hoje-tem-28-projetos-na-pauta\/#primaryimage"},"thumbnailUrl":"https:\/\/regiaonews.net.br\/2022\/wp-content\/uploads\/2022\/06\/WhatsApp-Image-2022-06-22-at-14.39.24.jpeg","articleSection":["Barretos","Cidades"],"inLanguage":"pt-BR","potentialAction":[{"@type":"CommentAction","name":"Comment","target":["https:\/\/regiaonews.net.br\/2022\/2023\/12\/28\/sessao-extraordinaria-da-camara-agendada-para-hoje-tem-28-projetos-na-pauta\/#respond"]}]},{"@type":"WebPage","@id":"https:\/\/regiaonews.net.br\/2022\/2023\/12\/28\/sessao-extraordinaria-da-camara-agendada-para-hoje-tem-28-projetos-na-pauta\/","url":"https:\/\/regiaonews.net.br\/2022\/2023\/12\/28\/sessao-extraordinaria-da-camara-agendada-para-hoje-tem-28-projetos-na-pauta\/","name":"Sess\u00e3o extraordin\u00e1ria da C\u00e2mara agendada para hoje tem 28 projetos na pauta - Regi\u00e3o News","isPartOf":{"@id":"https:\/\/regiaonews.net.br\/2022\/#website"},"primaryImageOfPage":{"@id":"https:\/\/regiaonews.net.br\/2022\/2023\/12\/28\/sessao-extraordinaria-da-camara-agendada-para-hoje-tem-28-projetos-na-pauta\/#primaryimage"},"image":{"@id":"https:\/\/regiaonews.net.br\/2022\/2023\/12\/28\/sessao-extraordinaria-da-camara-agendada-para-hoje-tem-28-projetos-na-pauta\/#primaryimage"},"thumbnailUrl":"https:\/\/regiaonews.net.br\/2022\/wp-content\/uploads\/2022\/06\/WhatsApp-Image-2022-06-22-at-14.39.24.jpeg","datePublished":"2023-12-28T07:50:58+00:00","breadcrumb":{"@id":"https:\/\/regiaonews.net.br\/2022\/2023\/12\/28\/sessao-extraordinaria-da-camara-agendada-para-hoje-tem-28-projetos-na-pauta\/#breadcrumb"},"inLanguage":"pt-BR","potentialAction":[{"@type":"ReadAction","target":["https:\/\/regiaonews.net.br\/2022\/2023\/12\/28\/sessao-extraordinaria-da-camara-agendada-para-hoje-tem-28-projetos-na-pauta\/"]}]},{"@type":"ImageObject","inLanguage":"pt-BR","@id":"https:\/\/regiaonews.net.br\/2022\/2023\/12\/28\/sessao-extraordinaria-da-camara-agendada-para-hoje-tem-28-projetos-na-pauta\/#primaryimage","url":"https:\/\/regiaonews.net.br\/2022\/wp-content\/uploads\/2022\/06\/WhatsApp-Image-2022-06-22-at-14.39.24.jpeg","contentUrl":"https:\/\/regiaonews.net.br\/2022\/wp-content\/uploads\/2022\/06\/WhatsApp-Image-2022-06-22-at-14.39.24.jpeg","width":1280,"height":847},{"@type":"BreadcrumbList","@id":"https:\/\/regiaonews.net.br\/2022\/2023\/12\/28\/sessao-extraordinaria-da-camara-agendada-para-hoje-tem-28-projetos-na-pauta\/#breadcrumb","itemListElement":[{"@type":"ListItem","position":1,"name":"In\u00edcio","item":"https:\/\/regiaonews.net.br\/2022\/"},{"@type":"ListItem","position":2,"name":"Sess\u00e3o extraordin\u00e1ria da C\u00e2mara agendada para hoje tem 28 projetos na pauta"}]},{"@type":"WebSite","@id":"https:\/\/regiaonews.net.br\/2022\/#website","url":"https:\/\/regiaonews.net.br\/2022\/","name":"Regi\u00e3o News","description":"Site de Not\u00edcias de Barretos e regi\u00e3o","publisher":{"@id":"https:\/\/regiaonews.net.br\/2022\/#organization"},"potentialAction":[{"@type":"SearchAction","target":{"@type":"EntryPoint","urlTemplate":"https:\/\/regiaonews.net.br\/2022\/?s={search_term_string}"},"query-input":{"@type":"PropertyValueSpecification","valueRequired":true,"valueName":"search_term_string"}}],"inLanguage":"pt-BR"},{"@type":"Organization","@id":"https:\/\/regiaonews.net.br\/2022\/#organization","name":"Regi\u00e3o News","url":"https:\/\/regiaonews.net.br\/2022\/","logo":{"@type":"ImageObject","inLanguage":"pt-BR","@id":"https:\/\/regiaonews.net.br\/2022\/#\/schema\/logo\/image\/","url":"https:\/\/regiaonews.net.br\/2022\/wp-content\/uploads\/2026\/03\/regiao-13-anos-scaled.jpg","contentUrl":"https:\/\/regiaonews.net.br\/2022\/wp-content\/uploads\/2026\/03\/regiao-13-anos-scaled.jpg","width":2560,"height":635,"caption":"Regi\u00e3o News"},"image":{"@id":"https:\/\/regiaonews.net.br\/2022\/#\/schema\/logo\/image\/"}},{"@type":"Person","@id":"https:\/\/regiaonews.net.br\/2022\/#\/schema\/person\/2d205a608a5aa97ac279d7a5e6d89ad8","name":"Roberto","image":{"@type":"ImageObject","inLanguage":"pt-BR","@id":"https:\/\/secure.gravatar.com\/avatar\/42749d8b712ff9d59ca93dc150494e5b55a44134482993f5baeb97e61b7ecc89?s=96&d=mm&r=g","url":"https:\/\/secure.gravatar.com\/avatar\/42749d8b712ff9d59ca93dc150494e5b55a44134482993f5baeb97e61b7ecc89?s=96&d=mm&r=g","contentUrl":"https:\/\/secure.gravatar.com\/avatar\/42749d8b712ff9d59ca93dc150494e5b55a44134482993f5baeb97e61b7ecc89?s=96&d=mm&r=g","caption":"Roberto"},"url":"https:\/\/regiaonews.net.br\/2022\/author\/roberto\/"}]}},"publishpress_future_action":{"enabled":false,"date":"2026-05-04 21:07:25","action":"change-status","newStatus":"draft","terms":[],"taxonomy":"category","extraData":[]},"publishpress_future_workflow_manual_trigger":{"enabledWorkflows":[]},"_links":{"self":[{"href":"https:\/\/regiaonews.net.br\/2022\/wp-json\/wp\/v2\/posts\/99599","targetHints":{"allow":["GET"]}}],"collection":[{"href":"https:\/\/regiaonews.net.br\/2022\/wp-json\/wp\/v2\/posts"}],"about":[{"href":"https:\/\/regiaonews.net.br\/2022\/wp-json\/wp\/v2\/types\/post"}],"author":[{"embeddable":true,"href":"https:\/\/regiaonews.net.br\/2022\/wp-json\/wp\/v2\/users\/2"}],"replies":[{"embeddable":true,"href":"https:\/\/regiaonews.net.br\/2022\/wp-json\/wp\/v2\/comments?post=99599"}],"version-history":[{"count":1,"href":"https:\/\/regiaonews.net.br\/2022\/wp-json\/wp\/v2\/posts\/99599\/revisions"}],"predecessor-version":[{"id":99600,"href":"https:\/\/regiaonews.net.br\/2022\/wp-json\/wp\/v2\/posts\/99599\/revisions\/99600"}],"wp:featuredmedia":[{"embeddable":true,"href":"https:\/\/regiaonews.net.br\/2022\/wp-json\/wp\/v2\/media\/73794"}],"wp:attachment":[{"href":"https:\/\/regiaonews.net.br\/2022\/wp-json\/wp\/v2\/media?parent=99599"}],"wp:term":[{"taxonomy":"category","embeddable":true,"href":"https:\/\/regiaonews.net.br\/2022\/wp-json\/wp\/v2\/categories?post=99599"},{"taxonomy":"post_tag","embeddable":true,"href":"https:\/\/regiaonews.net.br\/2022\/wp-json\/wp\/v2\/tags?post=99599"}],"curies":[{"name":"wp","href":"https:\/\/api.w.org\/{rel}","templated":true}]}}