{"id":99595,"date":"2023-12-28T04:41:19","date_gmt":"2023-12-28T07:41:19","guid":{"rendered":"https:\/\/regiaonews.net.br\/2022\/?p=99595"},"modified":"2023-12-28T04:41:51","modified_gmt":"2023-12-28T07:41:51","slug":"curso-de-mindfulness-e-encerrado-para-frequentadores-do-cci-fepasa","status":"publish","type":"post","link":"https:\/\/regiaonews.net.br\/2022\/2023\/12\/28\/curso-de-mindfulness-e-encerrado-para-frequentadores-do-cci-fepasa\/","title":{"rendered":"Curso de mindfulness \u00e9 encerrado para frequentadores do CCI Fepasa"},"content":{"rendered":"<p>&nbsp;<\/p>\n<p>A Prefeitura da Est\u00e2ncia Tur\u00edstica de Barretos celebrou o encerramento bem-sucedido do primeiro curso de mindfulness destinado aos idosos frequentadores do Centro de Conviv\u00eancia do Idoso Idalina Jesus Anast\u00e1cio \u201cCCI Fepasa\u201d. A parceria entre as Secretarias de Sa\u00fade e Assist\u00eancia Social permitiu a realiza\u00e7\u00e3o deste programa inovador que impactou positivamente a qualidade de vida dos participantes. O curso foi ministrado por Caroline Krauser, enfermeira psiquiatra e mestre em psiquiatria, atualmente instrutora de Terapia Cognitiva Baseada em Mindfulness nas unidades de sa\u00fade da fam\u00edlia do Hospital de Amor, incluindo a UBS Cecapinha.<br \/>\nCaroline optou por inovar, levando o grupo de mindfulness diretamente aos frequentadores do CCI Fepasa, em vez de realizar sess\u00f5es na unidade de sa\u00fade. O objetivo era proporcionar aos idosos uma experi\u00eancia transformadora, focada no momento presente e na promo\u00e7\u00e3o do bem-estar emocional.<br \/>\n*Mindfulness: Uma Jornada para o Momento Presente*<br \/>\nO curso aplicado por Caroline tem suas ra\u00edzes em Oxford, na Inglaterra, e foi inicialmente desenvolvido para a preven\u00e7\u00e3o de reca\u00eddas em casos de depress\u00e3o. Ao longo do tempo, sua efic\u00e1cia foi comprovada n\u00e3o apenas na preven\u00e7\u00e3o da depress\u00e3o, mas tamb\u00e9m na redu\u00e7\u00e3o da ansiedade e do estresse.<br \/>\nNos encontros de mindfulness, os participantes s\u00e3o guiados a ancorar sua aten\u00e7\u00e3o no presente, afastando-a de preocupa\u00e7\u00f5es passadas ou futuras. Essa pr\u00e1tica visa permitir que os indiv\u00edduos se percebam no momento presente, capacitando-os a fazer escolhas mais conscientes sobre o autocuidado.<br \/>\n*Transforma\u00e7\u00f5es ao Longo de Tr\u00eas Meses*<br \/>\nA experi\u00eancia no \u201cCCI Fepasa\u201d revelou transforma\u00e7\u00f5es profundas entre os participantes, em sua maioria idosos. Muitos deles relataram a capacidade adquirida de retornar ao presente quando pensamentos sobre o passado ou preocupa\u00e7\u00f5es futuras surgiam. Essa habilidade trouxe calma e tranquilidade \u00e0s suas vidas.<br \/>\nAs participantes, ao longo desses tr\u00eas meses, redescobriram a alegria nas pequenas coisas da vida. Voltaram a dan\u00e7ar, valorizaram os encontros familiares e refor\u00e7aram as amizades cultivadas no CCI. Um aspecto crucial foi a autocompaix\u00e3o, destacado como o maior diferencial nas vidas das participantes.<br \/>\nDe acordo com a coordenadora do CCI, Kelly Nishimura, \u201ca parceria entre as Secretarias de Sa\u00fade e Assist\u00eancia Social foi verdadeiramente enriquecedora. A colabora\u00e7\u00e3o permitiu que oferec\u00eassemos aos nossos idosos uma oportunidade \u00fanica de transforma\u00e7\u00e3o atrav\u00e9s do mindfulness. Estamos gratos por essa iniciativa inovadora, que vai al\u00e9m dos limites tradicionais, promovendo o cuidado integral e o bem-estar emocional de nossos frequentadores do CCI Fepasa. \u00c9 uma demonstra\u00e7\u00e3o clara de como a troca e o trabalho conjunto podem criar experi\u00eancias significativas e positivas para nossa comunidade. Que esta parceria inspire novas iniciativas em prol do enriquecimento da vida de todos os cidad\u00e3os de Barretos&#8221;, salientou.<br \/>\nAo encerrar o curso, Caroline expressou sua esperan\u00e7a de alcan\u00e7ar ainda mais pessoas no pr\u00f3ximo ano, levando o mindfulness a um p\u00fablico mais amplo. O objetivo \u00e9 promover a presen\u00e7a plena nas pr\u00f3prias vidas e cultivar uma compaix\u00e3o genu\u00edna consigo mesmo e com os outros. O sucesso do curso no \u201cCCI Fepasa\u201d \u00e9 um testemunho da efic\u00e1cia dessa abordagem e do impacto positivo que ela pode ter na qualidade de vida dos participantes.<\/p>\n<p>&nbsp;<\/p>\n<hr \/>\n<p>&nbsp;<\/p>\n","protected":false},"excerpt":{"rendered":"<p>&nbsp; A Prefeitura da Est\u00e2ncia Tur\u00edstica de Barretos celebrou o<\/p>\n","protected":false},"author":2,"featured_media":99596,"comment_status":"open","ping_status":"open","sticky":false,"template":"","format":"standard","meta":{"footnotes":""},"categories":[14,25],"tags":[],"class_list":["post-99595","post","type-post","status-publish","format-standard","has-post-thumbnail","hentry","category-barretos","category-cidades"],"yoast_head":"<!-- This site is optimized with the Yoast SEO plugin v27.4 - https:\/\/yoast.com\/product\/yoast-seo-wordpress\/ -->\n<title>Curso de mindfulness \u00e9 encerrado para frequentadores do CCI Fepasa - Regi\u00e3o News<\/title>\n<meta name=\"robots\" content=\"index, follow, max-snippet:-1, max-image-preview:large, max-video-preview:-1\" \/>\n<link rel=\"canonical\" href=\"https:\/\/regiaonews.net.br\/2022\/2023\/12\/28\/curso-de-mindfulness-e-encerrado-para-frequentadores-do-cci-fepasa\/\" \/>\n<meta property=\"og:locale\" content=\"pt_BR\" \/>\n<meta property=\"og:type\" content=\"article\" \/>\n<meta property=\"og:title\" content=\"Curso de mindfulness \u00e9 encerrado para frequentadores do CCI Fepasa - Regi\u00e3o News\" \/>\n<meta property=\"og:description\" content=\"&nbsp; A Prefeitura da Est\u00e2ncia Tur\u00edstica de Barretos celebrou o\" \/>\n<meta property=\"og:url\" content=\"https:\/\/regiaonews.net.br\/2022\/2023\/12\/28\/curso-de-mindfulness-e-encerrado-para-frequentadores-do-cci-fepasa\/\" \/>\n<meta property=\"og:site_name\" content=\"Regi\u00e3o News\" \/>\n<meta property=\"article:published_time\" content=\"2023-12-28T07:41:19+00:00\" \/>\n<meta property=\"article:modified_time\" content=\"2023-12-28T07:41:51+00:00\" \/>\n<meta property=\"og:image\" content=\"https:\/\/regiaonews.net.br\/2022\/wp-content\/uploads\/2023\/12\/IMG-20231227-WA0263.jpg\" \/>\n\t<meta property=\"og:image:width\" content=\"1600\" \/>\n\t<meta property=\"og:image:height\" content=\"1068\" \/>\n\t<meta property=\"og:image:type\" content=\"image\/jpeg\" \/>\n<meta name=\"author\" content=\"Roberto\" \/>\n<meta name=\"twitter:card\" content=\"summary_large_image\" \/>\n<meta name=\"twitter:label1\" content=\"Escrito por\" \/>\n\t<meta name=\"twitter:data1\" content=\"Roberto\" \/>\n\t<meta name=\"twitter:label2\" content=\"Est. tempo de leitura\" \/>\n\t<meta name=\"twitter:data2\" content=\"3 minutos\" \/>\n<script type=\"application\/ld+json\" class=\"yoast-schema-graph\">{\"@context\":\"https:\\\/\\\/schema.org\",\"@graph\":[{\"@type\":\"Article\",\"@id\":\"https:\\\/\\\/regiaonews.net.br\\\/2022\\\/2023\\\/12\\\/28\\\/curso-de-mindfulness-e-encerrado-para-frequentadores-do-cci-fepasa\\\/#article\",\"isPartOf\":{\"@id\":\"https:\\\/\\\/regiaonews.net.br\\\/2022\\\/2023\\\/12\\\/28\\\/curso-de-mindfulness-e-encerrado-para-frequentadores-do-cci-fepasa\\\/\"},\"author\":{\"name\":\"Roberto\",\"@id\":\"https:\\\/\\\/regiaonews.net.br\\\/2022\\\/#\\\/schema\\\/person\\\/2d205a608a5aa97ac279d7a5e6d89ad8\"},\"headline\":\"Curso de mindfulness \u00e9 encerrado para frequentadores do CCI Fepasa\",\"datePublished\":\"2023-12-28T07:41:19+00:00\",\"dateModified\":\"2023-12-28T07:41:51+00:00\",\"mainEntityOfPage\":{\"@id\":\"https:\\\/\\\/regiaonews.net.br\\\/2022\\\/2023\\\/12\\\/28\\\/curso-de-mindfulness-e-encerrado-para-frequentadores-do-cci-fepasa\\\/\"},\"wordCount\":565,\"commentCount\":0,\"publisher\":{\"@id\":\"https:\\\/\\\/regiaonews.net.br\\\/2022\\\/#organization\"},\"image\":{\"@id\":\"https:\\\/\\\/regiaonews.net.br\\\/2022\\\/2023\\\/12\\\/28\\\/curso-de-mindfulness-e-encerrado-para-frequentadores-do-cci-fepasa\\\/#primaryimage\"},\"thumbnailUrl\":\"https:\\\/\\\/regiaonews.net.br\\\/2022\\\/wp-content\\\/uploads\\\/2023\\\/12\\\/IMG-20231227-WA0263.jpg\",\"articleSection\":[\"Barretos\",\"Cidades\"],\"inLanguage\":\"pt-BR\",\"potentialAction\":[{\"@type\":\"CommentAction\",\"name\":\"Comment\",\"target\":[\"https:\\\/\\\/regiaonews.net.br\\\/2022\\\/2023\\\/12\\\/28\\\/curso-de-mindfulness-e-encerrado-para-frequentadores-do-cci-fepasa\\\/#respond\"]}]},{\"@type\":\"WebPage\",\"@id\":\"https:\\\/\\\/regiaonews.net.br\\\/2022\\\/2023\\\/12\\\/28\\\/curso-de-mindfulness-e-encerrado-para-frequentadores-do-cci-fepasa\\\/\",\"url\":\"https:\\\/\\\/regiaonews.net.br\\\/2022\\\/2023\\\/12\\\/28\\\/curso-de-mindfulness-e-encerrado-para-frequentadores-do-cci-fepasa\\\/\",\"name\":\"Curso de mindfulness \u00e9 encerrado para frequentadores do CCI Fepasa - Regi\u00e3o News\",\"isPartOf\":{\"@id\":\"https:\\\/\\\/regiaonews.net.br\\\/2022\\\/#website\"},\"primaryImageOfPage\":{\"@id\":\"https:\\\/\\\/regiaonews.net.br\\\/2022\\\/2023\\\/12\\\/28\\\/curso-de-mindfulness-e-encerrado-para-frequentadores-do-cci-fepasa\\\/#primaryimage\"},\"image\":{\"@id\":\"https:\\\/\\\/regiaonews.net.br\\\/2022\\\/2023\\\/12\\\/28\\\/curso-de-mindfulness-e-encerrado-para-frequentadores-do-cci-fepasa\\\/#primaryimage\"},\"thumbnailUrl\":\"https:\\\/\\\/regiaonews.net.br\\\/2022\\\/wp-content\\\/uploads\\\/2023\\\/12\\\/IMG-20231227-WA0263.jpg\",\"datePublished\":\"2023-12-28T07:41:19+00:00\",\"dateModified\":\"2023-12-28T07:41:51+00:00\",\"breadcrumb\":{\"@id\":\"https:\\\/\\\/regiaonews.net.br\\\/2022\\\/2023\\\/12\\\/28\\\/curso-de-mindfulness-e-encerrado-para-frequentadores-do-cci-fepasa\\\/#breadcrumb\"},\"inLanguage\":\"pt-BR\",\"potentialAction\":[{\"@type\":\"ReadAction\",\"target\":[\"https:\\\/\\\/regiaonews.net.br\\\/2022\\\/2023\\\/12\\\/28\\\/curso-de-mindfulness-e-encerrado-para-frequentadores-do-cci-fepasa\\\/\"]}]},{\"@type\":\"ImageObject\",\"inLanguage\":\"pt-BR\",\"@id\":\"https:\\\/\\\/regiaonews.net.br\\\/2022\\\/2023\\\/12\\\/28\\\/curso-de-mindfulness-e-encerrado-para-frequentadores-do-cci-fepasa\\\/#primaryimage\",\"url\":\"https:\\\/\\\/regiaonews.net.br\\\/2022\\\/wp-content\\\/uploads\\\/2023\\\/12\\\/IMG-20231227-WA0263.jpg\",\"contentUrl\":\"https:\\\/\\\/regiaonews.net.br\\\/2022\\\/wp-content\\\/uploads\\\/2023\\\/12\\\/IMG-20231227-WA0263.jpg\",\"width\":1600,\"height\":1068},{\"@type\":\"BreadcrumbList\",\"@id\":\"https:\\\/\\\/regiaonews.net.br\\\/2022\\\/2023\\\/12\\\/28\\\/curso-de-mindfulness-e-encerrado-para-frequentadores-do-cci-fepasa\\\/#breadcrumb\",\"itemListElement\":[{\"@type\":\"ListItem\",\"position\":1,\"name\":\"In\u00edcio\",\"item\":\"https:\\\/\\\/regiaonews.net.br\\\/2022\\\/\"},{\"@type\":\"ListItem\",\"position\":2,\"name\":\"Curso de mindfulness \u00e9 encerrado para frequentadores do CCI Fepasa\"}]},{\"@type\":\"WebSite\",\"@id\":\"https:\\\/\\\/regiaonews.net.br\\\/2022\\\/#website\",\"url\":\"https:\\\/\\\/regiaonews.net.br\\\/2022\\\/\",\"name\":\"Regi\u00e3o News\",\"description\":\"Site de Not\u00edcias de Barretos e regi\u00e3o\",\"publisher\":{\"@id\":\"https:\\\/\\\/regiaonews.net.br\\\/2022\\\/#organization\"},\"potentialAction\":[{\"@type\":\"SearchAction\",\"target\":{\"@type\":\"EntryPoint\",\"urlTemplate\":\"https:\\\/\\\/regiaonews.net.br\\\/2022\\\/?s={search_term_string}\"},\"query-input\":{\"@type\":\"PropertyValueSpecification\",\"valueRequired\":true,\"valueName\":\"search_term_string\"}}],\"inLanguage\":\"pt-BR\"},{\"@type\":\"Organization\",\"@id\":\"https:\\\/\\\/regiaonews.net.br\\\/2022\\\/#organization\",\"name\":\"Regi\u00e3o News\",\"url\":\"https:\\\/\\\/regiaonews.net.br\\\/2022\\\/\",\"logo\":{\"@type\":\"ImageObject\",\"inLanguage\":\"pt-BR\",\"@id\":\"https:\\\/\\\/regiaonews.net.br\\\/2022\\\/#\\\/schema\\\/logo\\\/image\\\/\",\"url\":\"https:\\\/\\\/regiaonews.net.br\\\/2022\\\/wp-content\\\/uploads\\\/2026\\\/03\\\/regiao-13-anos-scaled.jpg\",\"contentUrl\":\"https:\\\/\\\/regiaonews.net.br\\\/2022\\\/wp-content\\\/uploads\\\/2026\\\/03\\\/regiao-13-anos-scaled.jpg\",\"width\":2560,\"height\":635,\"caption\":\"Regi\u00e3o News\"},\"image\":{\"@id\":\"https:\\\/\\\/regiaonews.net.br\\\/2022\\\/#\\\/schema\\\/logo\\\/image\\\/\"}},{\"@type\":\"Person\",\"@id\":\"https:\\\/\\\/regiaonews.net.br\\\/2022\\\/#\\\/schema\\\/person\\\/2d205a608a5aa97ac279d7a5e6d89ad8\",\"name\":\"Roberto\",\"image\":{\"@type\":\"ImageObject\",\"inLanguage\":\"pt-BR\",\"@id\":\"https:\\\/\\\/secure.gravatar.com\\\/avatar\\\/42749d8b712ff9d59ca93dc150494e5b55a44134482993f5baeb97e61b7ecc89?s=96&d=mm&r=g\",\"url\":\"https:\\\/\\\/secure.gravatar.com\\\/avatar\\\/42749d8b712ff9d59ca93dc150494e5b55a44134482993f5baeb97e61b7ecc89?s=96&d=mm&r=g\",\"contentUrl\":\"https:\\\/\\\/secure.gravatar.com\\\/avatar\\\/42749d8b712ff9d59ca93dc150494e5b55a44134482993f5baeb97e61b7ecc89?s=96&d=mm&r=g\",\"caption\":\"Roberto\"},\"url\":\"https:\\\/\\\/regiaonews.net.br\\\/2022\\\/author\\\/roberto\\\/\"}]}<\/script>\n<!-- \/ Yoast SEO plugin. -->","yoast_head_json":{"title":"Curso de mindfulness \u00e9 encerrado para frequentadores do CCI Fepasa - Regi\u00e3o News","robots":{"index":"index","follow":"follow","max-snippet":"max-snippet:-1","max-image-preview":"max-image-preview:large","max-video-preview":"max-video-preview:-1"},"canonical":"https:\/\/regiaonews.net.br\/2022\/2023\/12\/28\/curso-de-mindfulness-e-encerrado-para-frequentadores-do-cci-fepasa\/","og_locale":"pt_BR","og_type":"article","og_title":"Curso de mindfulness \u00e9 encerrado para frequentadores do CCI Fepasa - Regi\u00e3o News","og_description":"&nbsp; A Prefeitura da Est\u00e2ncia Tur\u00edstica de Barretos celebrou o","og_url":"https:\/\/regiaonews.net.br\/2022\/2023\/12\/28\/curso-de-mindfulness-e-encerrado-para-frequentadores-do-cci-fepasa\/","og_site_name":"Regi\u00e3o News","article_published_time":"2023-12-28T07:41:19+00:00","article_modified_time":"2023-12-28T07:41:51+00:00","og_image":[{"width":1600,"height":1068,"url":"https:\/\/regiaonews.net.br\/2022\/wp-content\/uploads\/2023\/12\/IMG-20231227-WA0263.jpg","type":"image\/jpeg"}],"author":"Roberto","twitter_card":"summary_large_image","twitter_misc":{"Escrito por":"Roberto","Est. tempo de leitura":"3 minutos"},"schema":{"@context":"https:\/\/schema.org","@graph":[{"@type":"Article","@id":"https:\/\/regiaonews.net.br\/2022\/2023\/12\/28\/curso-de-mindfulness-e-encerrado-para-frequentadores-do-cci-fepasa\/#article","isPartOf":{"@id":"https:\/\/regiaonews.net.br\/2022\/2023\/12\/28\/curso-de-mindfulness-e-encerrado-para-frequentadores-do-cci-fepasa\/"},"author":{"name":"Roberto","@id":"https:\/\/regiaonews.net.br\/2022\/#\/schema\/person\/2d205a608a5aa97ac279d7a5e6d89ad8"},"headline":"Curso de mindfulness \u00e9 encerrado para frequentadores do CCI Fepasa","datePublished":"2023-12-28T07:41:19+00:00","dateModified":"2023-12-28T07:41:51+00:00","mainEntityOfPage":{"@id":"https:\/\/regiaonews.net.br\/2022\/2023\/12\/28\/curso-de-mindfulness-e-encerrado-para-frequentadores-do-cci-fepasa\/"},"wordCount":565,"commentCount":0,"publisher":{"@id":"https:\/\/regiaonews.net.br\/2022\/#organization"},"image":{"@id":"https:\/\/regiaonews.net.br\/2022\/2023\/12\/28\/curso-de-mindfulness-e-encerrado-para-frequentadores-do-cci-fepasa\/#primaryimage"},"thumbnailUrl":"https:\/\/regiaonews.net.br\/2022\/wp-content\/uploads\/2023\/12\/IMG-20231227-WA0263.jpg","articleSection":["Barretos","Cidades"],"inLanguage":"pt-BR","potentialAction":[{"@type":"CommentAction","name":"Comment","target":["https:\/\/regiaonews.net.br\/2022\/2023\/12\/28\/curso-de-mindfulness-e-encerrado-para-frequentadores-do-cci-fepasa\/#respond"]}]},{"@type":"WebPage","@id":"https:\/\/regiaonews.net.br\/2022\/2023\/12\/28\/curso-de-mindfulness-e-encerrado-para-frequentadores-do-cci-fepasa\/","url":"https:\/\/regiaonews.net.br\/2022\/2023\/12\/28\/curso-de-mindfulness-e-encerrado-para-frequentadores-do-cci-fepasa\/","name":"Curso de mindfulness \u00e9 encerrado para frequentadores do CCI Fepasa - Regi\u00e3o News","isPartOf":{"@id":"https:\/\/regiaonews.net.br\/2022\/#website"},"primaryImageOfPage":{"@id":"https:\/\/regiaonews.net.br\/2022\/2023\/12\/28\/curso-de-mindfulness-e-encerrado-para-frequentadores-do-cci-fepasa\/#primaryimage"},"image":{"@id":"https:\/\/regiaonews.net.br\/2022\/2023\/12\/28\/curso-de-mindfulness-e-encerrado-para-frequentadores-do-cci-fepasa\/#primaryimage"},"thumbnailUrl":"https:\/\/regiaonews.net.br\/2022\/wp-content\/uploads\/2023\/12\/IMG-20231227-WA0263.jpg","datePublished":"2023-12-28T07:41:19+00:00","dateModified":"2023-12-28T07:41:51+00:00","breadcrumb":{"@id":"https:\/\/regiaonews.net.br\/2022\/2023\/12\/28\/curso-de-mindfulness-e-encerrado-para-frequentadores-do-cci-fepasa\/#breadcrumb"},"inLanguage":"pt-BR","potentialAction":[{"@type":"ReadAction","target":["https:\/\/regiaonews.net.br\/2022\/2023\/12\/28\/curso-de-mindfulness-e-encerrado-para-frequentadores-do-cci-fepasa\/"]}]},{"@type":"ImageObject","inLanguage":"pt-BR","@id":"https:\/\/regiaonews.net.br\/2022\/2023\/12\/28\/curso-de-mindfulness-e-encerrado-para-frequentadores-do-cci-fepasa\/#primaryimage","url":"https:\/\/regiaonews.net.br\/2022\/wp-content\/uploads\/2023\/12\/IMG-20231227-WA0263.jpg","contentUrl":"https:\/\/regiaonews.net.br\/2022\/wp-content\/uploads\/2023\/12\/IMG-20231227-WA0263.jpg","width":1600,"height":1068},{"@type":"BreadcrumbList","@id":"https:\/\/regiaonews.net.br\/2022\/2023\/12\/28\/curso-de-mindfulness-e-encerrado-para-frequentadores-do-cci-fepasa\/#breadcrumb","itemListElement":[{"@type":"ListItem","position":1,"name":"In\u00edcio","item":"https:\/\/regiaonews.net.br\/2022\/"},{"@type":"ListItem","position":2,"name":"Curso de mindfulness \u00e9 encerrado para frequentadores do CCI Fepasa"}]},{"@type":"WebSite","@id":"https:\/\/regiaonews.net.br\/2022\/#website","url":"https:\/\/regiaonews.net.br\/2022\/","name":"Regi\u00e3o News","description":"Site de Not\u00edcias de Barretos e regi\u00e3o","publisher":{"@id":"https:\/\/regiaonews.net.br\/2022\/#organization"},"potentialAction":[{"@type":"SearchAction","target":{"@type":"EntryPoint","urlTemplate":"https:\/\/regiaonews.net.br\/2022\/?s={search_term_string}"},"query-input":{"@type":"PropertyValueSpecification","valueRequired":true,"valueName":"search_term_string"}}],"inLanguage":"pt-BR"},{"@type":"Organization","@id":"https:\/\/regiaonews.net.br\/2022\/#organization","name":"Regi\u00e3o News","url":"https:\/\/regiaonews.net.br\/2022\/","logo":{"@type":"ImageObject","inLanguage":"pt-BR","@id":"https:\/\/regiaonews.net.br\/2022\/#\/schema\/logo\/image\/","url":"https:\/\/regiaonews.net.br\/2022\/wp-content\/uploads\/2026\/03\/regiao-13-anos-scaled.jpg","contentUrl":"https:\/\/regiaonews.net.br\/2022\/wp-content\/uploads\/2026\/03\/regiao-13-anos-scaled.jpg","width":2560,"height":635,"caption":"Regi\u00e3o News"},"image":{"@id":"https:\/\/regiaonews.net.br\/2022\/#\/schema\/logo\/image\/"}},{"@type":"Person","@id":"https:\/\/regiaonews.net.br\/2022\/#\/schema\/person\/2d205a608a5aa97ac279d7a5e6d89ad8","name":"Roberto","image":{"@type":"ImageObject","inLanguage":"pt-BR","@id":"https:\/\/secure.gravatar.com\/avatar\/42749d8b712ff9d59ca93dc150494e5b55a44134482993f5baeb97e61b7ecc89?s=96&d=mm&r=g","url":"https:\/\/secure.gravatar.com\/avatar\/42749d8b712ff9d59ca93dc150494e5b55a44134482993f5baeb97e61b7ecc89?s=96&d=mm&r=g","contentUrl":"https:\/\/secure.gravatar.com\/avatar\/42749d8b712ff9d59ca93dc150494e5b55a44134482993f5baeb97e61b7ecc89?s=96&d=mm&r=g","caption":"Roberto"},"url":"https:\/\/regiaonews.net.br\/2022\/author\/roberto\/"}]}},"publishpress_future_action":{"enabled":false,"date":"2026-05-04 22:46:34","action":"change-status","newStatus":"draft","terms":[],"taxonomy":"category","extraData":[]},"publishpress_future_workflow_manual_trigger":{"enabledWorkflows":[]},"_links":{"self":[{"href":"https:\/\/regiaonews.net.br\/2022\/wp-json\/wp\/v2\/posts\/99595","targetHints":{"allow":["GET"]}}],"collection":[{"href":"https:\/\/regiaonews.net.br\/2022\/wp-json\/wp\/v2\/posts"}],"about":[{"href":"https:\/\/regiaonews.net.br\/2022\/wp-json\/wp\/v2\/types\/post"}],"author":[{"embeddable":true,"href":"https:\/\/regiaonews.net.br\/2022\/wp-json\/wp\/v2\/users\/2"}],"replies":[{"embeddable":true,"href":"https:\/\/regiaonews.net.br\/2022\/wp-json\/wp\/v2\/comments?post=99595"}],"version-history":[{"count":2,"href":"https:\/\/regiaonews.net.br\/2022\/wp-json\/wp\/v2\/posts\/99595\/revisions"}],"predecessor-version":[{"id":99598,"href":"https:\/\/regiaonews.net.br\/2022\/wp-json\/wp\/v2\/posts\/99595\/revisions\/99598"}],"wp:featuredmedia":[{"embeddable":true,"href":"https:\/\/regiaonews.net.br\/2022\/wp-json\/wp\/v2\/media\/99596"}],"wp:attachment":[{"href":"https:\/\/regiaonews.net.br\/2022\/wp-json\/wp\/v2\/media?parent=99595"}],"wp:term":[{"taxonomy":"category","embeddable":true,"href":"https:\/\/regiaonews.net.br\/2022\/wp-json\/wp\/v2\/categories?post=99595"},{"taxonomy":"post_tag","embeddable":true,"href":"https:\/\/regiaonews.net.br\/2022\/wp-json\/wp\/v2\/tags?post=99595"}],"curies":[{"name":"wp","href":"https:\/\/api.w.org\/{rel}","templated":true}]}}