{"id":99591,"date":"2023-12-28T04:31:41","date_gmt":"2023-12-28T07:31:41","guid":{"rendered":"https:\/\/regiaonews.net.br\/2022\/?p=99591"},"modified":"2023-12-28T04:31:55","modified_gmt":"2023-12-28T07:31:55","slug":"lula-assina-decreto-que-reajusta-salario-minimo-para-r-1-412","status":"publish","type":"post","link":"https:\/\/regiaonews.net.br\/2022\/2023\/12\/28\/lula-assina-decreto-que-reajusta-salario-minimo-para-r-1-412\/","title":{"rendered":"Lula assina decreto que reajusta sal\u00e1rio m\u00ednimo para R$ 1.412"},"content":{"rendered":"<p>&nbsp;<\/p>\n<p>O presidente Luiz In\u00e1cio Lula da Silva assinou o decreto que reajustar\u00e1, a partir de 1\u00ba de janeiro de 2024, o valor do sal\u00e1rio-m\u00ednimo, que passar\u00e1 a ser de R$ 1.412. De acordo com o Pal\u00e1cio do Planalto, Lula deixou o decreto assinado antes de viajar para a base naval da Restinga da Marambaia, onde passar\u00e1 o R\u00e9veillon.<\/p>\n<p>A expectativa \u00e9 de que o decreto seja publicado ainda nesta quarta-feira (27) em edi\u00e7\u00e3o extra do Di\u00e1rio Oficial da Uni\u00e3o.<\/p>\n<p>O novo valor representa um aumento de R$ 92 ante ao valor atual (R$ 1.320). A valoriza\u00e7\u00e3o acima da infla\u00e7\u00e3o constava em medida provis\u00f3ria enviada pelo presidente Lula em maio ao Congresso, que a aprovou em agosto. O novo valor, ent\u00e3o, foi inclu\u00eddo na lei or\u00e7ament\u00e1ria para 2024, aprovada pelo parlamento no dia 22 de dezembro.<\/p>\n<p>Em nota, o Planalto lembrou que o novo valor corresponde a um aumento de 6,97% para o sal\u00e1rio m\u00ednimo, percentual que representa ganho real (acima da infla\u00e7\u00e3o) de 3%, al\u00e9m dos 3,85% de infla\u00e7\u00e3o registrados no per\u00edodo. Lembra tamb\u00e9m que o reajuste s\u00f3 foi poss\u00edvel devido \u00e0s diretrizes do Grupo de Trabalho de Valoriza\u00e7\u00e3o do Sal\u00e1rio M\u00ednimo, criado em fevereiro pelo presidente Lula.<\/p>\n<p>A defini\u00e7\u00e3o do novo valor deriva de uma f\u00f3rmula que havia sido adotada durante os governos anteriores do PT, com base no \u00cdndice Nacional de Pre\u00e7os ao Consumidor (INPC) e a varia\u00e7\u00e3o do Produto Interno Brito (PIB, que \u00e9 a soma de todas as riquezas produzidas no pa\u00eds).<\/p>\n<p>Como entrar\u00e1 em vigor a partir do primeiro dia de janeiro, o novo valor come\u00e7ar\u00e1 a ser depositado no in\u00edcio de fevereiro.<\/p>\n","protected":false},"excerpt":{"rendered":"<p>&nbsp; O presidente Luiz In\u00e1cio Lula da Silva assinou o<\/p>\n","protected":false},"author":2,"featured_media":6874,"comment_status":"open","ping_status":"open","sticky":false,"template":"","format":"standard","meta":{"footnotes":""},"categories":[24,25],"tags":[],"class_list":["post-99591","post","type-post","status-publish","format-standard","has-post-thumbnail","hentry","category-brasil","category-cidades"],"yoast_head":"<!-- This site is optimized with the Yoast SEO plugin v27.4 - https:\/\/yoast.com\/product\/yoast-seo-wordpress\/ -->\n<title>Lula assina decreto que reajusta sal\u00e1rio m\u00ednimo para R$ 1.412 - Regi\u00e3o News<\/title>\n<meta name=\"robots\" content=\"index, follow, max-snippet:-1, max-image-preview:large, max-video-preview:-1\" \/>\n<link rel=\"canonical\" href=\"https:\/\/regiaonews.net.br\/2022\/2023\/12\/28\/lula-assina-decreto-que-reajusta-salario-minimo-para-r-1-412\/\" \/>\n<meta property=\"og:locale\" content=\"pt_BR\" \/>\n<meta property=\"og:type\" content=\"article\" \/>\n<meta property=\"og:title\" content=\"Lula assina decreto que reajusta sal\u00e1rio m\u00ednimo para R$ 1.412 - Regi\u00e3o News\" \/>\n<meta property=\"og:description\" content=\"&nbsp; O presidente Luiz In\u00e1cio Lula da Silva assinou o\" \/>\n<meta property=\"og:url\" content=\"https:\/\/regiaonews.net.br\/2022\/2023\/12\/28\/lula-assina-decreto-que-reajusta-salario-minimo-para-r-1-412\/\" \/>\n<meta property=\"og:site_name\" content=\"Regi\u00e3o News\" \/>\n<meta property=\"article:published_time\" content=\"2023-12-28T07:31:41+00:00\" \/>\n<meta property=\"article:modified_time\" content=\"2023-12-28T07:31:55+00:00\" \/>\n<meta property=\"og:image\" content=\"https:\/\/regiaonews.net.br\/2022\/wp-content\/uploads\/2017\/08\/sal\u00e1rio-minimo.jpg\" \/>\n\t<meta property=\"og:image:width\" content=\"550\" \/>\n\t<meta property=\"og:image:height\" content=\"366\" \/>\n\t<meta property=\"og:image:type\" content=\"image\/jpeg\" \/>\n<meta name=\"author\" content=\"Roberto\" \/>\n<meta name=\"twitter:card\" content=\"summary_large_image\" \/>\n<meta name=\"twitter:label1\" content=\"Escrito por\" \/>\n\t<meta name=\"twitter:data1\" content=\"Roberto\" \/>\n\t<meta name=\"twitter:label2\" content=\"Est. tempo de leitura\" \/>\n\t<meta name=\"twitter:data2\" content=\"2 minutos\" \/>\n<script type=\"application\/ld+json\" class=\"yoast-schema-graph\">{\"@context\":\"https:\\\/\\\/schema.org\",\"@graph\":[{\"@type\":\"Article\",\"@id\":\"https:\\\/\\\/regiaonews.net.br\\\/2022\\\/2023\\\/12\\\/28\\\/lula-assina-decreto-que-reajusta-salario-minimo-para-r-1-412\\\/#article\",\"isPartOf\":{\"@id\":\"https:\\\/\\\/regiaonews.net.br\\\/2022\\\/2023\\\/12\\\/28\\\/lula-assina-decreto-que-reajusta-salario-minimo-para-r-1-412\\\/\"},\"author\":{\"name\":\"Roberto\",\"@id\":\"https:\\\/\\\/regiaonews.net.br\\\/2022\\\/#\\\/schema\\\/person\\\/2d205a608a5aa97ac279d7a5e6d89ad8\"},\"headline\":\"Lula assina decreto que reajusta sal\u00e1rio m\u00ednimo para R$ 1.412\",\"datePublished\":\"2023-12-28T07:31:41+00:00\",\"dateModified\":\"2023-12-28T07:31:55+00:00\",\"mainEntityOfPage\":{\"@id\":\"https:\\\/\\\/regiaonews.net.br\\\/2022\\\/2023\\\/12\\\/28\\\/lula-assina-decreto-que-reajusta-salario-minimo-para-r-1-412\\\/\"},\"wordCount\":300,\"commentCount\":0,\"publisher\":{\"@id\":\"https:\\\/\\\/regiaonews.net.br\\\/2022\\\/#organization\"},\"image\":{\"@id\":\"https:\\\/\\\/regiaonews.net.br\\\/2022\\\/2023\\\/12\\\/28\\\/lula-assina-decreto-que-reajusta-salario-minimo-para-r-1-412\\\/#primaryimage\"},\"thumbnailUrl\":\"https:\\\/\\\/regiaonews.net.br\\\/2022\\\/wp-content\\\/uploads\\\/2017\\\/08\\\/sal\u00e1rio-minimo.jpg\",\"articleSection\":[\"Brasil\",\"Cidades\"],\"inLanguage\":\"pt-BR\",\"potentialAction\":[{\"@type\":\"CommentAction\",\"name\":\"Comment\",\"target\":[\"https:\\\/\\\/regiaonews.net.br\\\/2022\\\/2023\\\/12\\\/28\\\/lula-assina-decreto-que-reajusta-salario-minimo-para-r-1-412\\\/#respond\"]}]},{\"@type\":\"WebPage\",\"@id\":\"https:\\\/\\\/regiaonews.net.br\\\/2022\\\/2023\\\/12\\\/28\\\/lula-assina-decreto-que-reajusta-salario-minimo-para-r-1-412\\\/\",\"url\":\"https:\\\/\\\/regiaonews.net.br\\\/2022\\\/2023\\\/12\\\/28\\\/lula-assina-decreto-que-reajusta-salario-minimo-para-r-1-412\\\/\",\"name\":\"Lula assina decreto que reajusta sal\u00e1rio m\u00ednimo para R$ 1.412 - Regi\u00e3o News\",\"isPartOf\":{\"@id\":\"https:\\\/\\\/regiaonews.net.br\\\/2022\\\/#website\"},\"primaryImageOfPage\":{\"@id\":\"https:\\\/\\\/regiaonews.net.br\\\/2022\\\/2023\\\/12\\\/28\\\/lula-assina-decreto-que-reajusta-salario-minimo-para-r-1-412\\\/#primaryimage\"},\"image\":{\"@id\":\"https:\\\/\\\/regiaonews.net.br\\\/2022\\\/2023\\\/12\\\/28\\\/lula-assina-decreto-que-reajusta-salario-minimo-para-r-1-412\\\/#primaryimage\"},\"thumbnailUrl\":\"https:\\\/\\\/regiaonews.net.br\\\/2022\\\/wp-content\\\/uploads\\\/2017\\\/08\\\/sal\u00e1rio-minimo.jpg\",\"datePublished\":\"2023-12-28T07:31:41+00:00\",\"dateModified\":\"2023-12-28T07:31:55+00:00\",\"breadcrumb\":{\"@id\":\"https:\\\/\\\/regiaonews.net.br\\\/2022\\\/2023\\\/12\\\/28\\\/lula-assina-decreto-que-reajusta-salario-minimo-para-r-1-412\\\/#breadcrumb\"},\"inLanguage\":\"pt-BR\",\"potentialAction\":[{\"@type\":\"ReadAction\",\"target\":[\"https:\\\/\\\/regiaonews.net.br\\\/2022\\\/2023\\\/12\\\/28\\\/lula-assina-decreto-que-reajusta-salario-minimo-para-r-1-412\\\/\"]}]},{\"@type\":\"ImageObject\",\"inLanguage\":\"pt-BR\",\"@id\":\"https:\\\/\\\/regiaonews.net.br\\\/2022\\\/2023\\\/12\\\/28\\\/lula-assina-decreto-que-reajusta-salario-minimo-para-r-1-412\\\/#primaryimage\",\"url\":\"https:\\\/\\\/regiaonews.net.br\\\/2022\\\/wp-content\\\/uploads\\\/2017\\\/08\\\/sal\u00e1rio-minimo.jpg\",\"contentUrl\":\"https:\\\/\\\/regiaonews.net.br\\\/2022\\\/wp-content\\\/uploads\\\/2017\\\/08\\\/sal\u00e1rio-minimo.jpg\",\"width\":550,\"height\":366},{\"@type\":\"BreadcrumbList\",\"@id\":\"https:\\\/\\\/regiaonews.net.br\\\/2022\\\/2023\\\/12\\\/28\\\/lula-assina-decreto-que-reajusta-salario-minimo-para-r-1-412\\\/#breadcrumb\",\"itemListElement\":[{\"@type\":\"ListItem\",\"position\":1,\"name\":\"In\u00edcio\",\"item\":\"https:\\\/\\\/regiaonews.net.br\\\/2022\\\/\"},{\"@type\":\"ListItem\",\"position\":2,\"name\":\"Lula assina decreto que reajusta sal\u00e1rio m\u00ednimo para R$ 1.412\"}]},{\"@type\":\"WebSite\",\"@id\":\"https:\\\/\\\/regiaonews.net.br\\\/2022\\\/#website\",\"url\":\"https:\\\/\\\/regiaonews.net.br\\\/2022\\\/\",\"name\":\"Regi\u00e3o News\",\"description\":\"Site de Not\u00edcias de Barretos e regi\u00e3o\",\"publisher\":{\"@id\":\"https:\\\/\\\/regiaonews.net.br\\\/2022\\\/#organization\"},\"potentialAction\":[{\"@type\":\"SearchAction\",\"target\":{\"@type\":\"EntryPoint\",\"urlTemplate\":\"https:\\\/\\\/regiaonews.net.br\\\/2022\\\/?s={search_term_string}\"},\"query-input\":{\"@type\":\"PropertyValueSpecification\",\"valueRequired\":true,\"valueName\":\"search_term_string\"}}],\"inLanguage\":\"pt-BR\"},{\"@type\":\"Organization\",\"@id\":\"https:\\\/\\\/regiaonews.net.br\\\/2022\\\/#organization\",\"name\":\"Regi\u00e3o News\",\"url\":\"https:\\\/\\\/regiaonews.net.br\\\/2022\\\/\",\"logo\":{\"@type\":\"ImageObject\",\"inLanguage\":\"pt-BR\",\"@id\":\"https:\\\/\\\/regiaonews.net.br\\\/2022\\\/#\\\/schema\\\/logo\\\/image\\\/\",\"url\":\"https:\\\/\\\/regiaonews.net.br\\\/2022\\\/wp-content\\\/uploads\\\/2026\\\/03\\\/regiao-13-anos-scaled.jpg\",\"contentUrl\":\"https:\\\/\\\/regiaonews.net.br\\\/2022\\\/wp-content\\\/uploads\\\/2026\\\/03\\\/regiao-13-anos-scaled.jpg\",\"width\":2560,\"height\":635,\"caption\":\"Regi\u00e3o News\"},\"image\":{\"@id\":\"https:\\\/\\\/regiaonews.net.br\\\/2022\\\/#\\\/schema\\\/logo\\\/image\\\/\"}},{\"@type\":\"Person\",\"@id\":\"https:\\\/\\\/regiaonews.net.br\\\/2022\\\/#\\\/schema\\\/person\\\/2d205a608a5aa97ac279d7a5e6d89ad8\",\"name\":\"Roberto\",\"image\":{\"@type\":\"ImageObject\",\"inLanguage\":\"pt-BR\",\"@id\":\"https:\\\/\\\/secure.gravatar.com\\\/avatar\\\/42749d8b712ff9d59ca93dc150494e5b55a44134482993f5baeb97e61b7ecc89?s=96&d=mm&r=g\",\"url\":\"https:\\\/\\\/secure.gravatar.com\\\/avatar\\\/42749d8b712ff9d59ca93dc150494e5b55a44134482993f5baeb97e61b7ecc89?s=96&d=mm&r=g\",\"contentUrl\":\"https:\\\/\\\/secure.gravatar.com\\\/avatar\\\/42749d8b712ff9d59ca93dc150494e5b55a44134482993f5baeb97e61b7ecc89?s=96&d=mm&r=g\",\"caption\":\"Roberto\"},\"url\":\"https:\\\/\\\/regiaonews.net.br\\\/2022\\\/author\\\/roberto\\\/\"}]}<\/script>\n<!-- \/ Yoast SEO plugin. -->","yoast_head_json":{"title":"Lula assina decreto que reajusta sal\u00e1rio m\u00ednimo para R$ 1.412 - Regi\u00e3o News","robots":{"index":"index","follow":"follow","max-snippet":"max-snippet:-1","max-image-preview":"max-image-preview:large","max-video-preview":"max-video-preview:-1"},"canonical":"https:\/\/regiaonews.net.br\/2022\/2023\/12\/28\/lula-assina-decreto-que-reajusta-salario-minimo-para-r-1-412\/","og_locale":"pt_BR","og_type":"article","og_title":"Lula assina decreto que reajusta sal\u00e1rio m\u00ednimo para R$ 1.412 - Regi\u00e3o News","og_description":"&nbsp; O presidente Luiz In\u00e1cio Lula da Silva assinou o","og_url":"https:\/\/regiaonews.net.br\/2022\/2023\/12\/28\/lula-assina-decreto-que-reajusta-salario-minimo-para-r-1-412\/","og_site_name":"Regi\u00e3o News","article_published_time":"2023-12-28T07:31:41+00:00","article_modified_time":"2023-12-28T07:31:55+00:00","og_image":[{"width":550,"height":366,"url":"https:\/\/regiaonews.net.br\/2022\/wp-content\/uploads\/2017\/08\/sal\u00e1rio-minimo.jpg","type":"image\/jpeg"}],"author":"Roberto","twitter_card":"summary_large_image","twitter_misc":{"Escrito por":"Roberto","Est. tempo de leitura":"2 minutos"},"schema":{"@context":"https:\/\/schema.org","@graph":[{"@type":"Article","@id":"https:\/\/regiaonews.net.br\/2022\/2023\/12\/28\/lula-assina-decreto-que-reajusta-salario-minimo-para-r-1-412\/#article","isPartOf":{"@id":"https:\/\/regiaonews.net.br\/2022\/2023\/12\/28\/lula-assina-decreto-que-reajusta-salario-minimo-para-r-1-412\/"},"author":{"name":"Roberto","@id":"https:\/\/regiaonews.net.br\/2022\/#\/schema\/person\/2d205a608a5aa97ac279d7a5e6d89ad8"},"headline":"Lula assina decreto que reajusta sal\u00e1rio m\u00ednimo para R$ 1.412","datePublished":"2023-12-28T07:31:41+00:00","dateModified":"2023-12-28T07:31:55+00:00","mainEntityOfPage":{"@id":"https:\/\/regiaonews.net.br\/2022\/2023\/12\/28\/lula-assina-decreto-que-reajusta-salario-minimo-para-r-1-412\/"},"wordCount":300,"commentCount":0,"publisher":{"@id":"https:\/\/regiaonews.net.br\/2022\/#organization"},"image":{"@id":"https:\/\/regiaonews.net.br\/2022\/2023\/12\/28\/lula-assina-decreto-que-reajusta-salario-minimo-para-r-1-412\/#primaryimage"},"thumbnailUrl":"https:\/\/regiaonews.net.br\/2022\/wp-content\/uploads\/2017\/08\/sal\u00e1rio-minimo.jpg","articleSection":["Brasil","Cidades"],"inLanguage":"pt-BR","potentialAction":[{"@type":"CommentAction","name":"Comment","target":["https:\/\/regiaonews.net.br\/2022\/2023\/12\/28\/lula-assina-decreto-que-reajusta-salario-minimo-para-r-1-412\/#respond"]}]},{"@type":"WebPage","@id":"https:\/\/regiaonews.net.br\/2022\/2023\/12\/28\/lula-assina-decreto-que-reajusta-salario-minimo-para-r-1-412\/","url":"https:\/\/regiaonews.net.br\/2022\/2023\/12\/28\/lula-assina-decreto-que-reajusta-salario-minimo-para-r-1-412\/","name":"Lula assina decreto que reajusta sal\u00e1rio m\u00ednimo para R$ 1.412 - Regi\u00e3o News","isPartOf":{"@id":"https:\/\/regiaonews.net.br\/2022\/#website"},"primaryImageOfPage":{"@id":"https:\/\/regiaonews.net.br\/2022\/2023\/12\/28\/lula-assina-decreto-que-reajusta-salario-minimo-para-r-1-412\/#primaryimage"},"image":{"@id":"https:\/\/regiaonews.net.br\/2022\/2023\/12\/28\/lula-assina-decreto-que-reajusta-salario-minimo-para-r-1-412\/#primaryimage"},"thumbnailUrl":"https:\/\/regiaonews.net.br\/2022\/wp-content\/uploads\/2017\/08\/sal\u00e1rio-minimo.jpg","datePublished":"2023-12-28T07:31:41+00:00","dateModified":"2023-12-28T07:31:55+00:00","breadcrumb":{"@id":"https:\/\/regiaonews.net.br\/2022\/2023\/12\/28\/lula-assina-decreto-que-reajusta-salario-minimo-para-r-1-412\/#breadcrumb"},"inLanguage":"pt-BR","potentialAction":[{"@type":"ReadAction","target":["https:\/\/regiaonews.net.br\/2022\/2023\/12\/28\/lula-assina-decreto-que-reajusta-salario-minimo-para-r-1-412\/"]}]},{"@type":"ImageObject","inLanguage":"pt-BR","@id":"https:\/\/regiaonews.net.br\/2022\/2023\/12\/28\/lula-assina-decreto-que-reajusta-salario-minimo-para-r-1-412\/#primaryimage","url":"https:\/\/regiaonews.net.br\/2022\/wp-content\/uploads\/2017\/08\/sal\u00e1rio-minimo.jpg","contentUrl":"https:\/\/regiaonews.net.br\/2022\/wp-content\/uploads\/2017\/08\/sal\u00e1rio-minimo.jpg","width":550,"height":366},{"@type":"BreadcrumbList","@id":"https:\/\/regiaonews.net.br\/2022\/2023\/12\/28\/lula-assina-decreto-que-reajusta-salario-minimo-para-r-1-412\/#breadcrumb","itemListElement":[{"@type":"ListItem","position":1,"name":"In\u00edcio","item":"https:\/\/regiaonews.net.br\/2022\/"},{"@type":"ListItem","position":2,"name":"Lula assina decreto que reajusta sal\u00e1rio m\u00ednimo para R$ 1.412"}]},{"@type":"WebSite","@id":"https:\/\/regiaonews.net.br\/2022\/#website","url":"https:\/\/regiaonews.net.br\/2022\/","name":"Regi\u00e3o News","description":"Site de Not\u00edcias de Barretos e regi\u00e3o","publisher":{"@id":"https:\/\/regiaonews.net.br\/2022\/#organization"},"potentialAction":[{"@type":"SearchAction","target":{"@type":"EntryPoint","urlTemplate":"https:\/\/regiaonews.net.br\/2022\/?s={search_term_string}"},"query-input":{"@type":"PropertyValueSpecification","valueRequired":true,"valueName":"search_term_string"}}],"inLanguage":"pt-BR"},{"@type":"Organization","@id":"https:\/\/regiaonews.net.br\/2022\/#organization","name":"Regi\u00e3o News","url":"https:\/\/regiaonews.net.br\/2022\/","logo":{"@type":"ImageObject","inLanguage":"pt-BR","@id":"https:\/\/regiaonews.net.br\/2022\/#\/schema\/logo\/image\/","url":"https:\/\/regiaonews.net.br\/2022\/wp-content\/uploads\/2026\/03\/regiao-13-anos-scaled.jpg","contentUrl":"https:\/\/regiaonews.net.br\/2022\/wp-content\/uploads\/2026\/03\/regiao-13-anos-scaled.jpg","width":2560,"height":635,"caption":"Regi\u00e3o News"},"image":{"@id":"https:\/\/regiaonews.net.br\/2022\/#\/schema\/logo\/image\/"}},{"@type":"Person","@id":"https:\/\/regiaonews.net.br\/2022\/#\/schema\/person\/2d205a608a5aa97ac279d7a5e6d89ad8","name":"Roberto","image":{"@type":"ImageObject","inLanguage":"pt-BR","@id":"https:\/\/secure.gravatar.com\/avatar\/42749d8b712ff9d59ca93dc150494e5b55a44134482993f5baeb97e61b7ecc89?s=96&d=mm&r=g","url":"https:\/\/secure.gravatar.com\/avatar\/42749d8b712ff9d59ca93dc150494e5b55a44134482993f5baeb97e61b7ecc89?s=96&d=mm&r=g","contentUrl":"https:\/\/secure.gravatar.com\/avatar\/42749d8b712ff9d59ca93dc150494e5b55a44134482993f5baeb97e61b7ecc89?s=96&d=mm&r=g","caption":"Roberto"},"url":"https:\/\/regiaonews.net.br\/2022\/author\/roberto\/"}]}},"publishpress_future_action":{"enabled":false,"date":"2026-05-04 04:34:28","action":"change-status","newStatus":"draft","terms":[],"taxonomy":"category","extraData":[]},"publishpress_future_workflow_manual_trigger":{"enabledWorkflows":[]},"_links":{"self":[{"href":"https:\/\/regiaonews.net.br\/2022\/wp-json\/wp\/v2\/posts\/99591","targetHints":{"allow":["GET"]}}],"collection":[{"href":"https:\/\/regiaonews.net.br\/2022\/wp-json\/wp\/v2\/posts"}],"about":[{"href":"https:\/\/regiaonews.net.br\/2022\/wp-json\/wp\/v2\/types\/post"}],"author":[{"embeddable":true,"href":"https:\/\/regiaonews.net.br\/2022\/wp-json\/wp\/v2\/users\/2"}],"replies":[{"embeddable":true,"href":"https:\/\/regiaonews.net.br\/2022\/wp-json\/wp\/v2\/comments?post=99591"}],"version-history":[{"count":1,"href":"https:\/\/regiaonews.net.br\/2022\/wp-json\/wp\/v2\/posts\/99591\/revisions"}],"predecessor-version":[{"id":99592,"href":"https:\/\/regiaonews.net.br\/2022\/wp-json\/wp\/v2\/posts\/99591\/revisions\/99592"}],"wp:featuredmedia":[{"embeddable":true,"href":"https:\/\/regiaonews.net.br\/2022\/wp-json\/wp\/v2\/media\/6874"}],"wp:attachment":[{"href":"https:\/\/regiaonews.net.br\/2022\/wp-json\/wp\/v2\/media?parent=99591"}],"wp:term":[{"taxonomy":"category","embeddable":true,"href":"https:\/\/regiaonews.net.br\/2022\/wp-json\/wp\/v2\/categories?post=99591"},{"taxonomy":"post_tag","embeddable":true,"href":"https:\/\/regiaonews.net.br\/2022\/wp-json\/wp\/v2\/tags?post=99591"}],"curies":[{"name":"wp","href":"https:\/\/api.w.org\/{rel}","templated":true}]}}