{"id":99583,"date":"2023-12-27T18:06:00","date_gmt":"2023-12-27T21:06:00","guid":{"rendered":"https:\/\/regiaonews.net.br\/2022\/?p=99583"},"modified":"2023-12-27T22:56:34","modified_gmt":"2023-12-28T01:56:34","slug":"covid-19-pessoas-a-partir-de-60-anos-e-imunocomprometidos-acima-de-12-anos-de-idade-podem-se-vacinar-ate-as-12h-desta-sexta-feira-dia-29","status":"publish","type":"post","link":"https:\/\/regiaonews.net.br\/2022\/2023\/12\/27\/covid-19-pessoas-a-partir-de-60-anos-e-imunocomprometidos-acima-de-12-anos-de-idade-podem-se-vacinar-ate-as-12h-desta-sexta-feira-dia-29\/","title":{"rendered":"Covid-19: Pessoas a partir de 60 anos e imunocomprometidos acima de 12 anos  podem se vacinar at\u00e9  sexta, dia 29"},"content":{"rendered":"<p>Refor\u00e7o da Bivalente para esse p\u00fablico est\u00e1 dispon\u00edvel em todas as UBSs e no Post\u00e3o, respeitando o prazo m\u00ednino de seis meses da \u00faltima dose<\/p>\n<p>A Prefeitura da Est\u00e2ncia Tur\u00edstica de Barretos, por meio da Secretaria Municipal de Sa\u00fade, informa que a dose de refor\u00e7o da vacina Bivalente, contra a Covid-19, para pessoas com 60 anos ou mais e imunocomprometidos acima de 12 anos de idade est\u00e1 dispon\u00edvel em todas as Unidades B\u00e1sicas de Sa\u00fade (UBSs) at\u00e9 \u00e0s 12h de sexta-feira, dia 29 de dezembro. Para receber o refor\u00e7o, \u00e9 preciso que a primeira dose da vacina Bivalente tenha sido aplicada h\u00e1 pelo menos seis meses.<\/p>\n<p>Em Barretos, a vacina Bivalente \u00e9 oferecida em todas as UBSs nesta quinta-feira, dia 28, das 8 \u00e0s 16h, e na sexta-feira, dia 29, quando todas as salas de vacina fecham \u00e0s 12h. No Post\u00e3o (ARE-I), o hor\u00e1rio da vacina\u00e7\u00e3o \u00e9 das 8 \u00e0s 12h na quinta e na sexta-feira. Para toda a popula\u00e7\u00e3o a partir de 18 anos, tamb\u00e9m segue dispon\u00edvel a primeira dose da Bivalente.<\/p>\n<p>A chefe da Vigil\u00e2ncia Epidemiol\u00f3gica, Manuela Theodoro Ribeiro, destaca que a aplica\u00e7\u00e3o do refor\u00e7o da Bivalente \u00e9 realizada a partir de recomenda\u00e7\u00e3o do Minist\u00e9rio da Sa\u00fade, conforme Nota T\u00e9cnica ressaltando a situa\u00e7\u00e3o epidemiol\u00f3gica da Covid-19 no Brasil. \u201cO Minist\u00e9rio segue acompanhando as variantes de interesse da Covid-19 e orientou ao longo do m\u00eas de dezembro essa aplica\u00e7\u00e3o de refor\u00e7o da Bivalente. \u00c9 importante que as pessoas a partir de 60 anos e os imunocomprometidos acima de 12 anos compare\u00e7am at\u00e9 o fim desta semana a uma unidade e atualizem a prote\u00e7\u00e3o\u201d, afirmou.<\/p>\n<p>Para se vacinar, deve-se apresentar documento de identifica\u00e7\u00e3o com foto e, se poss\u00edvel, o cart\u00e3o de vacina\u00e7\u00e3o. Nas UBSs, pessoas de todas as idades podem conferir se est\u00e3o em dia suas vacinas contra a Covid-19 e as contra outras doen\u00e7as.<\/p>\n","protected":false},"excerpt":{"rendered":"<p>Refor\u00e7o da Bivalente para esse p\u00fablico est\u00e1 dispon\u00edvel em todas<\/p>\n","protected":false},"author":2,"featured_media":99584,"comment_status":"open","ping_status":"open","sticky":false,"template":"","format":"standard","meta":{"footnotes":""},"categories":[14,25],"tags":[],"class_list":["post-99583","post","type-post","status-publish","format-standard","has-post-thumbnail","hentry","category-barretos","category-cidades"],"yoast_head":"<!-- This site is optimized with the Yoast SEO plugin v27.4 - https:\/\/yoast.com\/product\/yoast-seo-wordpress\/ -->\n<title>Covid-19: Pessoas a partir de 60 anos e imunocomprometidos acima de 12 anos podem se vacinar at\u00e9 sexta, dia 29 - Regi\u00e3o News<\/title>\n<meta name=\"robots\" content=\"index, follow, max-snippet:-1, max-image-preview:large, max-video-preview:-1\" \/>\n<link rel=\"canonical\" href=\"https:\/\/regiaonews.net.br\/2022\/2023\/12\/27\/covid-19-pessoas-a-partir-de-60-anos-e-imunocomprometidos-acima-de-12-anos-de-idade-podem-se-vacinar-ate-as-12h-desta-sexta-feira-dia-29\/\" \/>\n<meta property=\"og:locale\" content=\"pt_BR\" \/>\n<meta property=\"og:type\" content=\"article\" \/>\n<meta property=\"og:title\" content=\"Covid-19: Pessoas a partir de 60 anos e imunocomprometidos acima de 12 anos podem se vacinar at\u00e9 sexta, dia 29 - Regi\u00e3o News\" \/>\n<meta property=\"og:description\" content=\"Refor\u00e7o da Bivalente para esse p\u00fablico est\u00e1 dispon\u00edvel em todas\" \/>\n<meta property=\"og:url\" content=\"https:\/\/regiaonews.net.br\/2022\/2023\/12\/27\/covid-19-pessoas-a-partir-de-60-anos-e-imunocomprometidos-acima-de-12-anos-de-idade-podem-se-vacinar-ate-as-12h-desta-sexta-feira-dia-29\/\" \/>\n<meta property=\"og:site_name\" content=\"Regi\u00e3o News\" \/>\n<meta property=\"article:published_time\" content=\"2023-12-27T21:06:00+00:00\" \/>\n<meta property=\"article:modified_time\" content=\"2023-12-28T01:56:34+00:00\" \/>\n<meta property=\"og:image\" content=\"https:\/\/regiaonews.net.br\/2022\/wp-content\/uploads\/2023\/12\/WhatsApp-Image-2023-12-27-at-16.48.40-1.jpeg\" \/>\n\t<meta property=\"og:image:width\" content=\"1600\" \/>\n\t<meta property=\"og:image:height\" content=\"1066\" \/>\n\t<meta property=\"og:image:type\" content=\"image\/jpeg\" \/>\n<meta name=\"author\" content=\"Roberto\" \/>\n<meta name=\"twitter:card\" content=\"summary_large_image\" \/>\n<meta name=\"twitter:label1\" content=\"Escrito por\" \/>\n\t<meta name=\"twitter:data1\" content=\"Roberto\" \/>\n\t<meta name=\"twitter:label2\" content=\"Est. tempo de leitura\" \/>\n\t<meta name=\"twitter:data2\" content=\"2 minutos\" \/>\n<script type=\"application\/ld+json\" class=\"yoast-schema-graph\">{\"@context\":\"https:\\\/\\\/schema.org\",\"@graph\":[{\"@type\":\"Article\",\"@id\":\"https:\\\/\\\/regiaonews.net.br\\\/2022\\\/2023\\\/12\\\/27\\\/covid-19-pessoas-a-partir-de-60-anos-e-imunocomprometidos-acima-de-12-anos-de-idade-podem-se-vacinar-ate-as-12h-desta-sexta-feira-dia-29\\\/#article\",\"isPartOf\":{\"@id\":\"https:\\\/\\\/regiaonews.net.br\\\/2022\\\/2023\\\/12\\\/27\\\/covid-19-pessoas-a-partir-de-60-anos-e-imunocomprometidos-acima-de-12-anos-de-idade-podem-se-vacinar-ate-as-12h-desta-sexta-feira-dia-29\\\/\"},\"author\":{\"name\":\"Roberto\",\"@id\":\"https:\\\/\\\/regiaonews.net.br\\\/2022\\\/#\\\/schema\\\/person\\\/2d205a608a5aa97ac279d7a5e6d89ad8\"},\"headline\":\"Covid-19: Pessoas a partir de 60 anos e imunocomprometidos acima de 12 anos podem se vacinar at\u00e9 sexta, dia 29\",\"datePublished\":\"2023-12-27T21:06:00+00:00\",\"dateModified\":\"2023-12-28T01:56:34+00:00\",\"mainEntityOfPage\":{\"@id\":\"https:\\\/\\\/regiaonews.net.br\\\/2022\\\/2023\\\/12\\\/27\\\/covid-19-pessoas-a-partir-de-60-anos-e-imunocomprometidos-acima-de-12-anos-de-idade-podem-se-vacinar-ate-as-12h-desta-sexta-feira-dia-29\\\/\"},\"wordCount\":348,\"commentCount\":0,\"publisher\":{\"@id\":\"https:\\\/\\\/regiaonews.net.br\\\/2022\\\/#organization\"},\"image\":{\"@id\":\"https:\\\/\\\/regiaonews.net.br\\\/2022\\\/2023\\\/12\\\/27\\\/covid-19-pessoas-a-partir-de-60-anos-e-imunocomprometidos-acima-de-12-anos-de-idade-podem-se-vacinar-ate-as-12h-desta-sexta-feira-dia-29\\\/#primaryimage\"},\"thumbnailUrl\":\"https:\\\/\\\/regiaonews.net.br\\\/2022\\\/wp-content\\\/uploads\\\/2023\\\/12\\\/WhatsApp-Image-2023-12-27-at-16.48.40-1.jpeg\",\"articleSection\":[\"Barretos\",\"Cidades\"],\"inLanguage\":\"pt-BR\",\"potentialAction\":[{\"@type\":\"CommentAction\",\"name\":\"Comment\",\"target\":[\"https:\\\/\\\/regiaonews.net.br\\\/2022\\\/2023\\\/12\\\/27\\\/covid-19-pessoas-a-partir-de-60-anos-e-imunocomprometidos-acima-de-12-anos-de-idade-podem-se-vacinar-ate-as-12h-desta-sexta-feira-dia-29\\\/#respond\"]}]},{\"@type\":\"WebPage\",\"@id\":\"https:\\\/\\\/regiaonews.net.br\\\/2022\\\/2023\\\/12\\\/27\\\/covid-19-pessoas-a-partir-de-60-anos-e-imunocomprometidos-acima-de-12-anos-de-idade-podem-se-vacinar-ate-as-12h-desta-sexta-feira-dia-29\\\/\",\"url\":\"https:\\\/\\\/regiaonews.net.br\\\/2022\\\/2023\\\/12\\\/27\\\/covid-19-pessoas-a-partir-de-60-anos-e-imunocomprometidos-acima-de-12-anos-de-idade-podem-se-vacinar-ate-as-12h-desta-sexta-feira-dia-29\\\/\",\"name\":\"Covid-19: Pessoas a partir de 60 anos e imunocomprometidos acima de 12 anos podem se vacinar at\u00e9 sexta, dia 29 - Regi\u00e3o News\",\"isPartOf\":{\"@id\":\"https:\\\/\\\/regiaonews.net.br\\\/2022\\\/#website\"},\"primaryImageOfPage\":{\"@id\":\"https:\\\/\\\/regiaonews.net.br\\\/2022\\\/2023\\\/12\\\/27\\\/covid-19-pessoas-a-partir-de-60-anos-e-imunocomprometidos-acima-de-12-anos-de-idade-podem-se-vacinar-ate-as-12h-desta-sexta-feira-dia-29\\\/#primaryimage\"},\"image\":{\"@id\":\"https:\\\/\\\/regiaonews.net.br\\\/2022\\\/2023\\\/12\\\/27\\\/covid-19-pessoas-a-partir-de-60-anos-e-imunocomprometidos-acima-de-12-anos-de-idade-podem-se-vacinar-ate-as-12h-desta-sexta-feira-dia-29\\\/#primaryimage\"},\"thumbnailUrl\":\"https:\\\/\\\/regiaonews.net.br\\\/2022\\\/wp-content\\\/uploads\\\/2023\\\/12\\\/WhatsApp-Image-2023-12-27-at-16.48.40-1.jpeg\",\"datePublished\":\"2023-12-27T21:06:00+00:00\",\"dateModified\":\"2023-12-28T01:56:34+00:00\",\"breadcrumb\":{\"@id\":\"https:\\\/\\\/regiaonews.net.br\\\/2022\\\/2023\\\/12\\\/27\\\/covid-19-pessoas-a-partir-de-60-anos-e-imunocomprometidos-acima-de-12-anos-de-idade-podem-se-vacinar-ate-as-12h-desta-sexta-feira-dia-29\\\/#breadcrumb\"},\"inLanguage\":\"pt-BR\",\"potentialAction\":[{\"@type\":\"ReadAction\",\"target\":[\"https:\\\/\\\/regiaonews.net.br\\\/2022\\\/2023\\\/12\\\/27\\\/covid-19-pessoas-a-partir-de-60-anos-e-imunocomprometidos-acima-de-12-anos-de-idade-podem-se-vacinar-ate-as-12h-desta-sexta-feira-dia-29\\\/\"]}]},{\"@type\":\"ImageObject\",\"inLanguage\":\"pt-BR\",\"@id\":\"https:\\\/\\\/regiaonews.net.br\\\/2022\\\/2023\\\/12\\\/27\\\/covid-19-pessoas-a-partir-de-60-anos-e-imunocomprometidos-acima-de-12-anos-de-idade-podem-se-vacinar-ate-as-12h-desta-sexta-feira-dia-29\\\/#primaryimage\",\"url\":\"https:\\\/\\\/regiaonews.net.br\\\/2022\\\/wp-content\\\/uploads\\\/2023\\\/12\\\/WhatsApp-Image-2023-12-27-at-16.48.40-1.jpeg\",\"contentUrl\":\"https:\\\/\\\/regiaonews.net.br\\\/2022\\\/wp-content\\\/uploads\\\/2023\\\/12\\\/WhatsApp-Image-2023-12-27-at-16.48.40-1.jpeg\",\"width\":1600,\"height\":1066},{\"@type\":\"BreadcrumbList\",\"@id\":\"https:\\\/\\\/regiaonews.net.br\\\/2022\\\/2023\\\/12\\\/27\\\/covid-19-pessoas-a-partir-de-60-anos-e-imunocomprometidos-acima-de-12-anos-de-idade-podem-se-vacinar-ate-as-12h-desta-sexta-feira-dia-29\\\/#breadcrumb\",\"itemListElement\":[{\"@type\":\"ListItem\",\"position\":1,\"name\":\"In\u00edcio\",\"item\":\"https:\\\/\\\/regiaonews.net.br\\\/2022\\\/\"},{\"@type\":\"ListItem\",\"position\":2,\"name\":\"Covid-19: Pessoas a partir de 60 anos e imunocomprometidos acima de 12 anos podem se vacinar at\u00e9 sexta, dia 29\"}]},{\"@type\":\"WebSite\",\"@id\":\"https:\\\/\\\/regiaonews.net.br\\\/2022\\\/#website\",\"url\":\"https:\\\/\\\/regiaonews.net.br\\\/2022\\\/\",\"name\":\"Regi\u00e3o News\",\"description\":\"Site de Not\u00edcias de Barretos e regi\u00e3o\",\"publisher\":{\"@id\":\"https:\\\/\\\/regiaonews.net.br\\\/2022\\\/#organization\"},\"potentialAction\":[{\"@type\":\"SearchAction\",\"target\":{\"@type\":\"EntryPoint\",\"urlTemplate\":\"https:\\\/\\\/regiaonews.net.br\\\/2022\\\/?s={search_term_string}\"},\"query-input\":{\"@type\":\"PropertyValueSpecification\",\"valueRequired\":true,\"valueName\":\"search_term_string\"}}],\"inLanguage\":\"pt-BR\"},{\"@type\":\"Organization\",\"@id\":\"https:\\\/\\\/regiaonews.net.br\\\/2022\\\/#organization\",\"name\":\"Regi\u00e3o News\",\"url\":\"https:\\\/\\\/regiaonews.net.br\\\/2022\\\/\",\"logo\":{\"@type\":\"ImageObject\",\"inLanguage\":\"pt-BR\",\"@id\":\"https:\\\/\\\/regiaonews.net.br\\\/2022\\\/#\\\/schema\\\/logo\\\/image\\\/\",\"url\":\"https:\\\/\\\/regiaonews.net.br\\\/2022\\\/wp-content\\\/uploads\\\/2026\\\/03\\\/regiao-13-anos-scaled.jpg\",\"contentUrl\":\"https:\\\/\\\/regiaonews.net.br\\\/2022\\\/wp-content\\\/uploads\\\/2026\\\/03\\\/regiao-13-anos-scaled.jpg\",\"width\":2560,\"height\":635,\"caption\":\"Regi\u00e3o News\"},\"image\":{\"@id\":\"https:\\\/\\\/regiaonews.net.br\\\/2022\\\/#\\\/schema\\\/logo\\\/image\\\/\"}},{\"@type\":\"Person\",\"@id\":\"https:\\\/\\\/regiaonews.net.br\\\/2022\\\/#\\\/schema\\\/person\\\/2d205a608a5aa97ac279d7a5e6d89ad8\",\"name\":\"Roberto\",\"image\":{\"@type\":\"ImageObject\",\"inLanguage\":\"pt-BR\",\"@id\":\"https:\\\/\\\/secure.gravatar.com\\\/avatar\\\/42749d8b712ff9d59ca93dc150494e5b55a44134482993f5baeb97e61b7ecc89?s=96&d=mm&r=g\",\"url\":\"https:\\\/\\\/secure.gravatar.com\\\/avatar\\\/42749d8b712ff9d59ca93dc150494e5b55a44134482993f5baeb97e61b7ecc89?s=96&d=mm&r=g\",\"contentUrl\":\"https:\\\/\\\/secure.gravatar.com\\\/avatar\\\/42749d8b712ff9d59ca93dc150494e5b55a44134482993f5baeb97e61b7ecc89?s=96&d=mm&r=g\",\"caption\":\"Roberto\"},\"url\":\"https:\\\/\\\/regiaonews.net.br\\\/2022\\\/author\\\/roberto\\\/\"}]}<\/script>\n<!-- \/ Yoast SEO plugin. -->","yoast_head_json":{"title":"Covid-19: Pessoas a partir de 60 anos e imunocomprometidos acima de 12 anos podem se vacinar at\u00e9 sexta, dia 29 - Regi\u00e3o News","robots":{"index":"index","follow":"follow","max-snippet":"max-snippet:-1","max-image-preview":"max-image-preview:large","max-video-preview":"max-video-preview:-1"},"canonical":"https:\/\/regiaonews.net.br\/2022\/2023\/12\/27\/covid-19-pessoas-a-partir-de-60-anos-e-imunocomprometidos-acima-de-12-anos-de-idade-podem-se-vacinar-ate-as-12h-desta-sexta-feira-dia-29\/","og_locale":"pt_BR","og_type":"article","og_title":"Covid-19: Pessoas a partir de 60 anos e imunocomprometidos acima de 12 anos podem se vacinar at\u00e9 sexta, dia 29 - Regi\u00e3o News","og_description":"Refor\u00e7o da Bivalente para esse p\u00fablico est\u00e1 dispon\u00edvel em todas","og_url":"https:\/\/regiaonews.net.br\/2022\/2023\/12\/27\/covid-19-pessoas-a-partir-de-60-anos-e-imunocomprometidos-acima-de-12-anos-de-idade-podem-se-vacinar-ate-as-12h-desta-sexta-feira-dia-29\/","og_site_name":"Regi\u00e3o News","article_published_time":"2023-12-27T21:06:00+00:00","article_modified_time":"2023-12-28T01:56:34+00:00","og_image":[{"width":1600,"height":1066,"url":"https:\/\/regiaonews.net.br\/2022\/wp-content\/uploads\/2023\/12\/WhatsApp-Image-2023-12-27-at-16.48.40-1.jpeg","type":"image\/jpeg"}],"author":"Roberto","twitter_card":"summary_large_image","twitter_misc":{"Escrito por":"Roberto","Est. tempo de leitura":"2 minutos"},"schema":{"@context":"https:\/\/schema.org","@graph":[{"@type":"Article","@id":"https:\/\/regiaonews.net.br\/2022\/2023\/12\/27\/covid-19-pessoas-a-partir-de-60-anos-e-imunocomprometidos-acima-de-12-anos-de-idade-podem-se-vacinar-ate-as-12h-desta-sexta-feira-dia-29\/#article","isPartOf":{"@id":"https:\/\/regiaonews.net.br\/2022\/2023\/12\/27\/covid-19-pessoas-a-partir-de-60-anos-e-imunocomprometidos-acima-de-12-anos-de-idade-podem-se-vacinar-ate-as-12h-desta-sexta-feira-dia-29\/"},"author":{"name":"Roberto","@id":"https:\/\/regiaonews.net.br\/2022\/#\/schema\/person\/2d205a608a5aa97ac279d7a5e6d89ad8"},"headline":"Covid-19: Pessoas a partir de 60 anos e imunocomprometidos acima de 12 anos podem se vacinar at\u00e9 sexta, dia 29","datePublished":"2023-12-27T21:06:00+00:00","dateModified":"2023-12-28T01:56:34+00:00","mainEntityOfPage":{"@id":"https:\/\/regiaonews.net.br\/2022\/2023\/12\/27\/covid-19-pessoas-a-partir-de-60-anos-e-imunocomprometidos-acima-de-12-anos-de-idade-podem-se-vacinar-ate-as-12h-desta-sexta-feira-dia-29\/"},"wordCount":348,"commentCount":0,"publisher":{"@id":"https:\/\/regiaonews.net.br\/2022\/#organization"},"image":{"@id":"https:\/\/regiaonews.net.br\/2022\/2023\/12\/27\/covid-19-pessoas-a-partir-de-60-anos-e-imunocomprometidos-acima-de-12-anos-de-idade-podem-se-vacinar-ate-as-12h-desta-sexta-feira-dia-29\/#primaryimage"},"thumbnailUrl":"https:\/\/regiaonews.net.br\/2022\/wp-content\/uploads\/2023\/12\/WhatsApp-Image-2023-12-27-at-16.48.40-1.jpeg","articleSection":["Barretos","Cidades"],"inLanguage":"pt-BR","potentialAction":[{"@type":"CommentAction","name":"Comment","target":["https:\/\/regiaonews.net.br\/2022\/2023\/12\/27\/covid-19-pessoas-a-partir-de-60-anos-e-imunocomprometidos-acima-de-12-anos-de-idade-podem-se-vacinar-ate-as-12h-desta-sexta-feira-dia-29\/#respond"]}]},{"@type":"WebPage","@id":"https:\/\/regiaonews.net.br\/2022\/2023\/12\/27\/covid-19-pessoas-a-partir-de-60-anos-e-imunocomprometidos-acima-de-12-anos-de-idade-podem-se-vacinar-ate-as-12h-desta-sexta-feira-dia-29\/","url":"https:\/\/regiaonews.net.br\/2022\/2023\/12\/27\/covid-19-pessoas-a-partir-de-60-anos-e-imunocomprometidos-acima-de-12-anos-de-idade-podem-se-vacinar-ate-as-12h-desta-sexta-feira-dia-29\/","name":"Covid-19: Pessoas a partir de 60 anos e imunocomprometidos acima de 12 anos podem se vacinar at\u00e9 sexta, dia 29 - Regi\u00e3o News","isPartOf":{"@id":"https:\/\/regiaonews.net.br\/2022\/#website"},"primaryImageOfPage":{"@id":"https:\/\/regiaonews.net.br\/2022\/2023\/12\/27\/covid-19-pessoas-a-partir-de-60-anos-e-imunocomprometidos-acima-de-12-anos-de-idade-podem-se-vacinar-ate-as-12h-desta-sexta-feira-dia-29\/#primaryimage"},"image":{"@id":"https:\/\/regiaonews.net.br\/2022\/2023\/12\/27\/covid-19-pessoas-a-partir-de-60-anos-e-imunocomprometidos-acima-de-12-anos-de-idade-podem-se-vacinar-ate-as-12h-desta-sexta-feira-dia-29\/#primaryimage"},"thumbnailUrl":"https:\/\/regiaonews.net.br\/2022\/wp-content\/uploads\/2023\/12\/WhatsApp-Image-2023-12-27-at-16.48.40-1.jpeg","datePublished":"2023-12-27T21:06:00+00:00","dateModified":"2023-12-28T01:56:34+00:00","breadcrumb":{"@id":"https:\/\/regiaonews.net.br\/2022\/2023\/12\/27\/covid-19-pessoas-a-partir-de-60-anos-e-imunocomprometidos-acima-de-12-anos-de-idade-podem-se-vacinar-ate-as-12h-desta-sexta-feira-dia-29\/#breadcrumb"},"inLanguage":"pt-BR","potentialAction":[{"@type":"ReadAction","target":["https:\/\/regiaonews.net.br\/2022\/2023\/12\/27\/covid-19-pessoas-a-partir-de-60-anos-e-imunocomprometidos-acima-de-12-anos-de-idade-podem-se-vacinar-ate-as-12h-desta-sexta-feira-dia-29\/"]}]},{"@type":"ImageObject","inLanguage":"pt-BR","@id":"https:\/\/regiaonews.net.br\/2022\/2023\/12\/27\/covid-19-pessoas-a-partir-de-60-anos-e-imunocomprometidos-acima-de-12-anos-de-idade-podem-se-vacinar-ate-as-12h-desta-sexta-feira-dia-29\/#primaryimage","url":"https:\/\/regiaonews.net.br\/2022\/wp-content\/uploads\/2023\/12\/WhatsApp-Image-2023-12-27-at-16.48.40-1.jpeg","contentUrl":"https:\/\/regiaonews.net.br\/2022\/wp-content\/uploads\/2023\/12\/WhatsApp-Image-2023-12-27-at-16.48.40-1.jpeg","width":1600,"height":1066},{"@type":"BreadcrumbList","@id":"https:\/\/regiaonews.net.br\/2022\/2023\/12\/27\/covid-19-pessoas-a-partir-de-60-anos-e-imunocomprometidos-acima-de-12-anos-de-idade-podem-se-vacinar-ate-as-12h-desta-sexta-feira-dia-29\/#breadcrumb","itemListElement":[{"@type":"ListItem","position":1,"name":"In\u00edcio","item":"https:\/\/regiaonews.net.br\/2022\/"},{"@type":"ListItem","position":2,"name":"Covid-19: Pessoas a partir de 60 anos e imunocomprometidos acima de 12 anos podem se vacinar at\u00e9 sexta, dia 29"}]},{"@type":"WebSite","@id":"https:\/\/regiaonews.net.br\/2022\/#website","url":"https:\/\/regiaonews.net.br\/2022\/","name":"Regi\u00e3o News","description":"Site de Not\u00edcias de Barretos e regi\u00e3o","publisher":{"@id":"https:\/\/regiaonews.net.br\/2022\/#organization"},"potentialAction":[{"@type":"SearchAction","target":{"@type":"EntryPoint","urlTemplate":"https:\/\/regiaonews.net.br\/2022\/?s={search_term_string}"},"query-input":{"@type":"PropertyValueSpecification","valueRequired":true,"valueName":"search_term_string"}}],"inLanguage":"pt-BR"},{"@type":"Organization","@id":"https:\/\/regiaonews.net.br\/2022\/#organization","name":"Regi\u00e3o News","url":"https:\/\/regiaonews.net.br\/2022\/","logo":{"@type":"ImageObject","inLanguage":"pt-BR","@id":"https:\/\/regiaonews.net.br\/2022\/#\/schema\/logo\/image\/","url":"https:\/\/regiaonews.net.br\/2022\/wp-content\/uploads\/2026\/03\/regiao-13-anos-scaled.jpg","contentUrl":"https:\/\/regiaonews.net.br\/2022\/wp-content\/uploads\/2026\/03\/regiao-13-anos-scaled.jpg","width":2560,"height":635,"caption":"Regi\u00e3o News"},"image":{"@id":"https:\/\/regiaonews.net.br\/2022\/#\/schema\/logo\/image\/"}},{"@type":"Person","@id":"https:\/\/regiaonews.net.br\/2022\/#\/schema\/person\/2d205a608a5aa97ac279d7a5e6d89ad8","name":"Roberto","image":{"@type":"ImageObject","inLanguage":"pt-BR","@id":"https:\/\/secure.gravatar.com\/avatar\/42749d8b712ff9d59ca93dc150494e5b55a44134482993f5baeb97e61b7ecc89?s=96&d=mm&r=g","url":"https:\/\/secure.gravatar.com\/avatar\/42749d8b712ff9d59ca93dc150494e5b55a44134482993f5baeb97e61b7ecc89?s=96&d=mm&r=g","contentUrl":"https:\/\/secure.gravatar.com\/avatar\/42749d8b712ff9d59ca93dc150494e5b55a44134482993f5baeb97e61b7ecc89?s=96&d=mm&r=g","caption":"Roberto"},"url":"https:\/\/regiaonews.net.br\/2022\/author\/roberto\/"}]}},"publishpress_future_action":{"enabled":false,"date":"2026-05-04 04:33:14","action":"change-status","newStatus":"draft","terms":[],"taxonomy":"category","extraData":[]},"publishpress_future_workflow_manual_trigger":{"enabledWorkflows":[]},"_links":{"self":[{"href":"https:\/\/regiaonews.net.br\/2022\/wp-json\/wp\/v2\/posts\/99583","targetHints":{"allow":["GET"]}}],"collection":[{"href":"https:\/\/regiaonews.net.br\/2022\/wp-json\/wp\/v2\/posts"}],"about":[{"href":"https:\/\/regiaonews.net.br\/2022\/wp-json\/wp\/v2\/types\/post"}],"author":[{"embeddable":true,"href":"https:\/\/regiaonews.net.br\/2022\/wp-json\/wp\/v2\/users\/2"}],"replies":[{"embeddable":true,"href":"https:\/\/regiaonews.net.br\/2022\/wp-json\/wp\/v2\/comments?post=99583"}],"version-history":[{"count":3,"href":"https:\/\/regiaonews.net.br\/2022\/wp-json\/wp\/v2\/posts\/99583\/revisions"}],"predecessor-version":[{"id":99589,"href":"https:\/\/regiaonews.net.br\/2022\/wp-json\/wp\/v2\/posts\/99583\/revisions\/99589"}],"wp:featuredmedia":[{"embeddable":true,"href":"https:\/\/regiaonews.net.br\/2022\/wp-json\/wp\/v2\/media\/99584"}],"wp:attachment":[{"href":"https:\/\/regiaonews.net.br\/2022\/wp-json\/wp\/v2\/media?parent=99583"}],"wp:term":[{"taxonomy":"category","embeddable":true,"href":"https:\/\/regiaonews.net.br\/2022\/wp-json\/wp\/v2\/categories?post=99583"},{"taxonomy":"post_tag","embeddable":true,"href":"https:\/\/regiaonews.net.br\/2022\/wp-json\/wp\/v2\/tags?post=99583"}],"curies":[{"name":"wp","href":"https:\/\/api.w.org\/{rel}","templated":true}]}}