{"id":99569,"date":"2023-12-27T13:59:42","date_gmt":"2023-12-27T16:59:42","guid":{"rendered":"https:\/\/regiaonews.net.br\/2022\/?p=99569"},"modified":"2023-12-27T13:59:42","modified_gmt":"2023-12-27T16:59:42","slug":"nova-loja-ancora-do-north-shopping-barretos-sera-inaugurada-dentro-do-mes-de-abril","status":"publish","type":"post","link":"https:\/\/regiaonews.net.br\/2022\/2023\/12\/27\/nova-loja-ancora-do-north-shopping-barretos-sera-inaugurada-dentro-do-mes-de-abril\/","title":{"rendered":"Nova loja \u00e2ncora do North Shopping Barretos ser\u00e1 inaugurada dentro do m\u00eas de abril"},"content":{"rendered":"<p>As obras de adequa\u00e7\u00e3o do North Shopping Barretos para receber sua nova loja \u00e2ncora, a C&amp;A est\u00e3o prontas e por uma estrat\u00e9gia de mercado da empresa, a sua inaugura\u00e7\u00e3o na capital nacional do rodeio acontecer\u00e1 no m\u00eas de abril do pr\u00f3ximo ano. Especialista em produtos do varejo de moda e servi\u00e7os financeiros, tendo como destaque a venda de roupas, acess\u00f3rios, celulares e eletr\u00f4nicos. A C&amp;A tem como estrat\u00e9gia de marca traduzir as principais tend\u00eancias de moda no mundo todo para os gostos e prefer\u00eancias das brasileiras, a pre\u00e7os acess\u00edveis.<\/p>\n<p>A nova loja da rede que ser\u00e1 inaugurada no North Shopping Barretos, ter\u00e1 mais de 1.600 metros quadrados de \u00e1rea e chega para somar \u00e0s outras tr\u00eas \u00e2ncoras de moda do Brasil: Marisa, Renner e Riachuelo. As obras a serem realizadas pela C&amp;A come\u00e7am na primeira quinzena do m\u00eas de janeiro.<\/p>\n<p>Nos pr\u00f3ximos meses o North Shopping Barretos anuncia novidades, entre elas o novo Goril\u00e3o Fam\u00edlia, a data de inaugura\u00e7\u00e3o do Migrare Coworking, uma franquia de lavanderia e uma loja de cosm\u00e9ticos.<\/p>\n<p>Imagens ilustrativas da\u00a0futura\u00a0loja<\/p>\n","protected":false},"excerpt":{"rendered":"<p>As obras de adequa\u00e7\u00e3o do North Shopping Barretos para receber<\/p>\n","protected":false},"author":2,"featured_media":99570,"comment_status":"open","ping_status":"open","sticky":false,"template":"","format":"standard","meta":{"footnotes":""},"categories":[14,3],"tags":[],"class_list":["post-99569","post","type-post","status-publish","format-standard","has-post-thumbnail","hentry","category-barretos","category-geral"],"yoast_head":"<!-- This site is optimized with the Yoast SEO plugin v27.4 - https:\/\/yoast.com\/product\/yoast-seo-wordpress\/ -->\n<title>Nova loja \u00e2ncora do North Shopping Barretos ser\u00e1 inaugurada dentro do m\u00eas de abril - Regi\u00e3o News<\/title>\n<meta name=\"robots\" content=\"index, follow, max-snippet:-1, max-image-preview:large, max-video-preview:-1\" \/>\n<link rel=\"canonical\" href=\"https:\/\/regiaonews.net.br\/2022\/2023\/12\/27\/nova-loja-ancora-do-north-shopping-barretos-sera-inaugurada-dentro-do-mes-de-abril\/\" \/>\n<meta property=\"og:locale\" content=\"pt_BR\" \/>\n<meta property=\"og:type\" content=\"article\" \/>\n<meta property=\"og:title\" content=\"Nova loja \u00e2ncora do North Shopping Barretos ser\u00e1 inaugurada dentro do m\u00eas de abril - Regi\u00e3o News\" \/>\n<meta property=\"og:description\" content=\"As obras de adequa\u00e7\u00e3o do North Shopping Barretos para receber\" \/>\n<meta property=\"og:url\" content=\"https:\/\/regiaonews.net.br\/2022\/2023\/12\/27\/nova-loja-ancora-do-north-shopping-barretos-sera-inaugurada-dentro-do-mes-de-abril\/\" \/>\n<meta property=\"og:site_name\" content=\"Regi\u00e3o News\" \/>\n<meta property=\"article:published_time\" content=\"2023-12-27T16:59:42+00:00\" \/>\n<meta property=\"og:image\" content=\"https:\/\/regiaonews.net.br\/2022\/wp-content\/uploads\/2023\/12\/Imagem-do-WhatsApp-de-2023-12-27-as-13.11.28_e0e1c41f.jpg\" \/>\n\t<meta property=\"og:image:width\" content=\"1600\" \/>\n\t<meta property=\"og:image:height\" content=\"900\" \/>\n\t<meta property=\"og:image:type\" content=\"image\/jpeg\" \/>\n<meta name=\"author\" content=\"Roberto\" \/>\n<meta name=\"twitter:card\" content=\"summary_large_image\" \/>\n<meta name=\"twitter:label1\" content=\"Escrito por\" \/>\n\t<meta name=\"twitter:data1\" content=\"Roberto\" \/>\n\t<meta name=\"twitter:label2\" content=\"Est. tempo de leitura\" \/>\n\t<meta name=\"twitter:data2\" content=\"1 minuto\" \/>\n<script type=\"application\/ld+json\" class=\"yoast-schema-graph\">{\"@context\":\"https:\\\/\\\/schema.org\",\"@graph\":[{\"@type\":\"Article\",\"@id\":\"https:\\\/\\\/regiaonews.net.br\\\/2022\\\/2023\\\/12\\\/27\\\/nova-loja-ancora-do-north-shopping-barretos-sera-inaugurada-dentro-do-mes-de-abril\\\/#article\",\"isPartOf\":{\"@id\":\"https:\\\/\\\/regiaonews.net.br\\\/2022\\\/2023\\\/12\\\/27\\\/nova-loja-ancora-do-north-shopping-barretos-sera-inaugurada-dentro-do-mes-de-abril\\\/\"},\"author\":{\"name\":\"Roberto\",\"@id\":\"https:\\\/\\\/regiaonews.net.br\\\/2022\\\/#\\\/schema\\\/person\\\/2d205a608a5aa97ac279d7a5e6d89ad8\"},\"headline\":\"Nova loja \u00e2ncora do North Shopping Barretos ser\u00e1 inaugurada dentro do m\u00eas de abril\",\"datePublished\":\"2023-12-27T16:59:42+00:00\",\"mainEntityOfPage\":{\"@id\":\"https:\\\/\\\/regiaonews.net.br\\\/2022\\\/2023\\\/12\\\/27\\\/nova-loja-ancora-do-north-shopping-barretos-sera-inaugurada-dentro-do-mes-de-abril\\\/\"},\"wordCount\":218,\"commentCount\":0,\"publisher\":{\"@id\":\"https:\\\/\\\/regiaonews.net.br\\\/2022\\\/#organization\"},\"image\":{\"@id\":\"https:\\\/\\\/regiaonews.net.br\\\/2022\\\/2023\\\/12\\\/27\\\/nova-loja-ancora-do-north-shopping-barretos-sera-inaugurada-dentro-do-mes-de-abril\\\/#primaryimage\"},\"thumbnailUrl\":\"https:\\\/\\\/regiaonews.net.br\\\/2022\\\/wp-content\\\/uploads\\\/2023\\\/12\\\/Imagem-do-WhatsApp-de-2023-12-27-as-13.11.28_e0e1c41f.jpg\",\"articleSection\":[\"Barretos\",\"Geral\"],\"inLanguage\":\"pt-BR\",\"potentialAction\":[{\"@type\":\"CommentAction\",\"name\":\"Comment\",\"target\":[\"https:\\\/\\\/regiaonews.net.br\\\/2022\\\/2023\\\/12\\\/27\\\/nova-loja-ancora-do-north-shopping-barretos-sera-inaugurada-dentro-do-mes-de-abril\\\/#respond\"]}]},{\"@type\":\"WebPage\",\"@id\":\"https:\\\/\\\/regiaonews.net.br\\\/2022\\\/2023\\\/12\\\/27\\\/nova-loja-ancora-do-north-shopping-barretos-sera-inaugurada-dentro-do-mes-de-abril\\\/\",\"url\":\"https:\\\/\\\/regiaonews.net.br\\\/2022\\\/2023\\\/12\\\/27\\\/nova-loja-ancora-do-north-shopping-barretos-sera-inaugurada-dentro-do-mes-de-abril\\\/\",\"name\":\"Nova loja \u00e2ncora do North Shopping Barretos ser\u00e1 inaugurada dentro do m\u00eas de abril - Regi\u00e3o News\",\"isPartOf\":{\"@id\":\"https:\\\/\\\/regiaonews.net.br\\\/2022\\\/#website\"},\"primaryImageOfPage\":{\"@id\":\"https:\\\/\\\/regiaonews.net.br\\\/2022\\\/2023\\\/12\\\/27\\\/nova-loja-ancora-do-north-shopping-barretos-sera-inaugurada-dentro-do-mes-de-abril\\\/#primaryimage\"},\"image\":{\"@id\":\"https:\\\/\\\/regiaonews.net.br\\\/2022\\\/2023\\\/12\\\/27\\\/nova-loja-ancora-do-north-shopping-barretos-sera-inaugurada-dentro-do-mes-de-abril\\\/#primaryimage\"},\"thumbnailUrl\":\"https:\\\/\\\/regiaonews.net.br\\\/2022\\\/wp-content\\\/uploads\\\/2023\\\/12\\\/Imagem-do-WhatsApp-de-2023-12-27-as-13.11.28_e0e1c41f.jpg\",\"datePublished\":\"2023-12-27T16:59:42+00:00\",\"breadcrumb\":{\"@id\":\"https:\\\/\\\/regiaonews.net.br\\\/2022\\\/2023\\\/12\\\/27\\\/nova-loja-ancora-do-north-shopping-barretos-sera-inaugurada-dentro-do-mes-de-abril\\\/#breadcrumb\"},\"inLanguage\":\"pt-BR\",\"potentialAction\":[{\"@type\":\"ReadAction\",\"target\":[\"https:\\\/\\\/regiaonews.net.br\\\/2022\\\/2023\\\/12\\\/27\\\/nova-loja-ancora-do-north-shopping-barretos-sera-inaugurada-dentro-do-mes-de-abril\\\/\"]}]},{\"@type\":\"ImageObject\",\"inLanguage\":\"pt-BR\",\"@id\":\"https:\\\/\\\/regiaonews.net.br\\\/2022\\\/2023\\\/12\\\/27\\\/nova-loja-ancora-do-north-shopping-barretos-sera-inaugurada-dentro-do-mes-de-abril\\\/#primaryimage\",\"url\":\"https:\\\/\\\/regiaonews.net.br\\\/2022\\\/wp-content\\\/uploads\\\/2023\\\/12\\\/Imagem-do-WhatsApp-de-2023-12-27-as-13.11.28_e0e1c41f.jpg\",\"contentUrl\":\"https:\\\/\\\/regiaonews.net.br\\\/2022\\\/wp-content\\\/uploads\\\/2023\\\/12\\\/Imagem-do-WhatsApp-de-2023-12-27-as-13.11.28_e0e1c41f.jpg\",\"width\":1600,\"height\":900},{\"@type\":\"BreadcrumbList\",\"@id\":\"https:\\\/\\\/regiaonews.net.br\\\/2022\\\/2023\\\/12\\\/27\\\/nova-loja-ancora-do-north-shopping-barretos-sera-inaugurada-dentro-do-mes-de-abril\\\/#breadcrumb\",\"itemListElement\":[{\"@type\":\"ListItem\",\"position\":1,\"name\":\"In\u00edcio\",\"item\":\"https:\\\/\\\/regiaonews.net.br\\\/2022\\\/\"},{\"@type\":\"ListItem\",\"position\":2,\"name\":\"Nova loja \u00e2ncora do North Shopping Barretos ser\u00e1 inaugurada dentro do m\u00eas de abril\"}]},{\"@type\":\"WebSite\",\"@id\":\"https:\\\/\\\/regiaonews.net.br\\\/2022\\\/#website\",\"url\":\"https:\\\/\\\/regiaonews.net.br\\\/2022\\\/\",\"name\":\"Regi\u00e3o News\",\"description\":\"Site de Not\u00edcias de Barretos e regi\u00e3o\",\"publisher\":{\"@id\":\"https:\\\/\\\/regiaonews.net.br\\\/2022\\\/#organization\"},\"potentialAction\":[{\"@type\":\"SearchAction\",\"target\":{\"@type\":\"EntryPoint\",\"urlTemplate\":\"https:\\\/\\\/regiaonews.net.br\\\/2022\\\/?s={search_term_string}\"},\"query-input\":{\"@type\":\"PropertyValueSpecification\",\"valueRequired\":true,\"valueName\":\"search_term_string\"}}],\"inLanguage\":\"pt-BR\"},{\"@type\":\"Organization\",\"@id\":\"https:\\\/\\\/regiaonews.net.br\\\/2022\\\/#organization\",\"name\":\"Regi\u00e3o News\",\"url\":\"https:\\\/\\\/regiaonews.net.br\\\/2022\\\/\",\"logo\":{\"@type\":\"ImageObject\",\"inLanguage\":\"pt-BR\",\"@id\":\"https:\\\/\\\/regiaonews.net.br\\\/2022\\\/#\\\/schema\\\/logo\\\/image\\\/\",\"url\":\"https:\\\/\\\/regiaonews.net.br\\\/2022\\\/wp-content\\\/uploads\\\/2026\\\/03\\\/regiao-13-anos-scaled.jpg\",\"contentUrl\":\"https:\\\/\\\/regiaonews.net.br\\\/2022\\\/wp-content\\\/uploads\\\/2026\\\/03\\\/regiao-13-anos-scaled.jpg\",\"width\":2560,\"height\":635,\"caption\":\"Regi\u00e3o News\"},\"image\":{\"@id\":\"https:\\\/\\\/regiaonews.net.br\\\/2022\\\/#\\\/schema\\\/logo\\\/image\\\/\"}},{\"@type\":\"Person\",\"@id\":\"https:\\\/\\\/regiaonews.net.br\\\/2022\\\/#\\\/schema\\\/person\\\/2d205a608a5aa97ac279d7a5e6d89ad8\",\"name\":\"Roberto\",\"image\":{\"@type\":\"ImageObject\",\"inLanguage\":\"pt-BR\",\"@id\":\"https:\\\/\\\/secure.gravatar.com\\\/avatar\\\/42749d8b712ff9d59ca93dc150494e5b55a44134482993f5baeb97e61b7ecc89?s=96&d=mm&r=g\",\"url\":\"https:\\\/\\\/secure.gravatar.com\\\/avatar\\\/42749d8b712ff9d59ca93dc150494e5b55a44134482993f5baeb97e61b7ecc89?s=96&d=mm&r=g\",\"contentUrl\":\"https:\\\/\\\/secure.gravatar.com\\\/avatar\\\/42749d8b712ff9d59ca93dc150494e5b55a44134482993f5baeb97e61b7ecc89?s=96&d=mm&r=g\",\"caption\":\"Roberto\"},\"url\":\"https:\\\/\\\/regiaonews.net.br\\\/2022\\\/author\\\/roberto\\\/\"}]}<\/script>\n<!-- \/ Yoast SEO plugin. -->","yoast_head_json":{"title":"Nova loja \u00e2ncora do North Shopping Barretos ser\u00e1 inaugurada dentro do m\u00eas de abril - Regi\u00e3o News","robots":{"index":"index","follow":"follow","max-snippet":"max-snippet:-1","max-image-preview":"max-image-preview:large","max-video-preview":"max-video-preview:-1"},"canonical":"https:\/\/regiaonews.net.br\/2022\/2023\/12\/27\/nova-loja-ancora-do-north-shopping-barretos-sera-inaugurada-dentro-do-mes-de-abril\/","og_locale":"pt_BR","og_type":"article","og_title":"Nova loja \u00e2ncora do North Shopping Barretos ser\u00e1 inaugurada dentro do m\u00eas de abril - Regi\u00e3o News","og_description":"As obras de adequa\u00e7\u00e3o do North Shopping Barretos para receber","og_url":"https:\/\/regiaonews.net.br\/2022\/2023\/12\/27\/nova-loja-ancora-do-north-shopping-barretos-sera-inaugurada-dentro-do-mes-de-abril\/","og_site_name":"Regi\u00e3o News","article_published_time":"2023-12-27T16:59:42+00:00","og_image":[{"width":1600,"height":900,"url":"https:\/\/regiaonews.net.br\/2022\/wp-content\/uploads\/2023\/12\/Imagem-do-WhatsApp-de-2023-12-27-as-13.11.28_e0e1c41f.jpg","type":"image\/jpeg"}],"author":"Roberto","twitter_card":"summary_large_image","twitter_misc":{"Escrito por":"Roberto","Est. tempo de leitura":"1 minuto"},"schema":{"@context":"https:\/\/schema.org","@graph":[{"@type":"Article","@id":"https:\/\/regiaonews.net.br\/2022\/2023\/12\/27\/nova-loja-ancora-do-north-shopping-barretos-sera-inaugurada-dentro-do-mes-de-abril\/#article","isPartOf":{"@id":"https:\/\/regiaonews.net.br\/2022\/2023\/12\/27\/nova-loja-ancora-do-north-shopping-barretos-sera-inaugurada-dentro-do-mes-de-abril\/"},"author":{"name":"Roberto","@id":"https:\/\/regiaonews.net.br\/2022\/#\/schema\/person\/2d205a608a5aa97ac279d7a5e6d89ad8"},"headline":"Nova loja \u00e2ncora do North Shopping Barretos ser\u00e1 inaugurada dentro do m\u00eas de abril","datePublished":"2023-12-27T16:59:42+00:00","mainEntityOfPage":{"@id":"https:\/\/regiaonews.net.br\/2022\/2023\/12\/27\/nova-loja-ancora-do-north-shopping-barretos-sera-inaugurada-dentro-do-mes-de-abril\/"},"wordCount":218,"commentCount":0,"publisher":{"@id":"https:\/\/regiaonews.net.br\/2022\/#organization"},"image":{"@id":"https:\/\/regiaonews.net.br\/2022\/2023\/12\/27\/nova-loja-ancora-do-north-shopping-barretos-sera-inaugurada-dentro-do-mes-de-abril\/#primaryimage"},"thumbnailUrl":"https:\/\/regiaonews.net.br\/2022\/wp-content\/uploads\/2023\/12\/Imagem-do-WhatsApp-de-2023-12-27-as-13.11.28_e0e1c41f.jpg","articleSection":["Barretos","Geral"],"inLanguage":"pt-BR","potentialAction":[{"@type":"CommentAction","name":"Comment","target":["https:\/\/regiaonews.net.br\/2022\/2023\/12\/27\/nova-loja-ancora-do-north-shopping-barretos-sera-inaugurada-dentro-do-mes-de-abril\/#respond"]}]},{"@type":"WebPage","@id":"https:\/\/regiaonews.net.br\/2022\/2023\/12\/27\/nova-loja-ancora-do-north-shopping-barretos-sera-inaugurada-dentro-do-mes-de-abril\/","url":"https:\/\/regiaonews.net.br\/2022\/2023\/12\/27\/nova-loja-ancora-do-north-shopping-barretos-sera-inaugurada-dentro-do-mes-de-abril\/","name":"Nova loja \u00e2ncora do North Shopping Barretos ser\u00e1 inaugurada dentro do m\u00eas de abril - Regi\u00e3o News","isPartOf":{"@id":"https:\/\/regiaonews.net.br\/2022\/#website"},"primaryImageOfPage":{"@id":"https:\/\/regiaonews.net.br\/2022\/2023\/12\/27\/nova-loja-ancora-do-north-shopping-barretos-sera-inaugurada-dentro-do-mes-de-abril\/#primaryimage"},"image":{"@id":"https:\/\/regiaonews.net.br\/2022\/2023\/12\/27\/nova-loja-ancora-do-north-shopping-barretos-sera-inaugurada-dentro-do-mes-de-abril\/#primaryimage"},"thumbnailUrl":"https:\/\/regiaonews.net.br\/2022\/wp-content\/uploads\/2023\/12\/Imagem-do-WhatsApp-de-2023-12-27-as-13.11.28_e0e1c41f.jpg","datePublished":"2023-12-27T16:59:42+00:00","breadcrumb":{"@id":"https:\/\/regiaonews.net.br\/2022\/2023\/12\/27\/nova-loja-ancora-do-north-shopping-barretos-sera-inaugurada-dentro-do-mes-de-abril\/#breadcrumb"},"inLanguage":"pt-BR","potentialAction":[{"@type":"ReadAction","target":["https:\/\/regiaonews.net.br\/2022\/2023\/12\/27\/nova-loja-ancora-do-north-shopping-barretos-sera-inaugurada-dentro-do-mes-de-abril\/"]}]},{"@type":"ImageObject","inLanguage":"pt-BR","@id":"https:\/\/regiaonews.net.br\/2022\/2023\/12\/27\/nova-loja-ancora-do-north-shopping-barretos-sera-inaugurada-dentro-do-mes-de-abril\/#primaryimage","url":"https:\/\/regiaonews.net.br\/2022\/wp-content\/uploads\/2023\/12\/Imagem-do-WhatsApp-de-2023-12-27-as-13.11.28_e0e1c41f.jpg","contentUrl":"https:\/\/regiaonews.net.br\/2022\/wp-content\/uploads\/2023\/12\/Imagem-do-WhatsApp-de-2023-12-27-as-13.11.28_e0e1c41f.jpg","width":1600,"height":900},{"@type":"BreadcrumbList","@id":"https:\/\/regiaonews.net.br\/2022\/2023\/12\/27\/nova-loja-ancora-do-north-shopping-barretos-sera-inaugurada-dentro-do-mes-de-abril\/#breadcrumb","itemListElement":[{"@type":"ListItem","position":1,"name":"In\u00edcio","item":"https:\/\/regiaonews.net.br\/2022\/"},{"@type":"ListItem","position":2,"name":"Nova loja \u00e2ncora do North Shopping Barretos ser\u00e1 inaugurada dentro do m\u00eas de abril"}]},{"@type":"WebSite","@id":"https:\/\/regiaonews.net.br\/2022\/#website","url":"https:\/\/regiaonews.net.br\/2022\/","name":"Regi\u00e3o News","description":"Site de Not\u00edcias de Barretos e regi\u00e3o","publisher":{"@id":"https:\/\/regiaonews.net.br\/2022\/#organization"},"potentialAction":[{"@type":"SearchAction","target":{"@type":"EntryPoint","urlTemplate":"https:\/\/regiaonews.net.br\/2022\/?s={search_term_string}"},"query-input":{"@type":"PropertyValueSpecification","valueRequired":true,"valueName":"search_term_string"}}],"inLanguage":"pt-BR"},{"@type":"Organization","@id":"https:\/\/regiaonews.net.br\/2022\/#organization","name":"Regi\u00e3o News","url":"https:\/\/regiaonews.net.br\/2022\/","logo":{"@type":"ImageObject","inLanguage":"pt-BR","@id":"https:\/\/regiaonews.net.br\/2022\/#\/schema\/logo\/image\/","url":"https:\/\/regiaonews.net.br\/2022\/wp-content\/uploads\/2026\/03\/regiao-13-anos-scaled.jpg","contentUrl":"https:\/\/regiaonews.net.br\/2022\/wp-content\/uploads\/2026\/03\/regiao-13-anos-scaled.jpg","width":2560,"height":635,"caption":"Regi\u00e3o News"},"image":{"@id":"https:\/\/regiaonews.net.br\/2022\/#\/schema\/logo\/image\/"}},{"@type":"Person","@id":"https:\/\/regiaonews.net.br\/2022\/#\/schema\/person\/2d205a608a5aa97ac279d7a5e6d89ad8","name":"Roberto","image":{"@type":"ImageObject","inLanguage":"pt-BR","@id":"https:\/\/secure.gravatar.com\/avatar\/42749d8b712ff9d59ca93dc150494e5b55a44134482993f5baeb97e61b7ecc89?s=96&d=mm&r=g","url":"https:\/\/secure.gravatar.com\/avatar\/42749d8b712ff9d59ca93dc150494e5b55a44134482993f5baeb97e61b7ecc89?s=96&d=mm&r=g","contentUrl":"https:\/\/secure.gravatar.com\/avatar\/42749d8b712ff9d59ca93dc150494e5b55a44134482993f5baeb97e61b7ecc89?s=96&d=mm&r=g","caption":"Roberto"},"url":"https:\/\/regiaonews.net.br\/2022\/author\/roberto\/"}]}},"publishpress_future_action":{"enabled":false,"date":"2026-05-04 06:05:13","action":"change-status","newStatus":"draft","terms":[],"taxonomy":"category","extraData":[]},"publishpress_future_workflow_manual_trigger":{"enabledWorkflows":[]},"_links":{"self":[{"href":"https:\/\/regiaonews.net.br\/2022\/wp-json\/wp\/v2\/posts\/99569","targetHints":{"allow":["GET"]}}],"collection":[{"href":"https:\/\/regiaonews.net.br\/2022\/wp-json\/wp\/v2\/posts"}],"about":[{"href":"https:\/\/regiaonews.net.br\/2022\/wp-json\/wp\/v2\/types\/post"}],"author":[{"embeddable":true,"href":"https:\/\/regiaonews.net.br\/2022\/wp-json\/wp\/v2\/users\/2"}],"replies":[{"embeddable":true,"href":"https:\/\/regiaonews.net.br\/2022\/wp-json\/wp\/v2\/comments?post=99569"}],"version-history":[{"count":1,"href":"https:\/\/regiaonews.net.br\/2022\/wp-json\/wp\/v2\/posts\/99569\/revisions"}],"predecessor-version":[{"id":99571,"href":"https:\/\/regiaonews.net.br\/2022\/wp-json\/wp\/v2\/posts\/99569\/revisions\/99571"}],"wp:featuredmedia":[{"embeddable":true,"href":"https:\/\/regiaonews.net.br\/2022\/wp-json\/wp\/v2\/media\/99570"}],"wp:attachment":[{"href":"https:\/\/regiaonews.net.br\/2022\/wp-json\/wp\/v2\/media?parent=99569"}],"wp:term":[{"taxonomy":"category","embeddable":true,"href":"https:\/\/regiaonews.net.br\/2022\/wp-json\/wp\/v2\/categories?post=99569"},{"taxonomy":"post_tag","embeddable":true,"href":"https:\/\/regiaonews.net.br\/2022\/wp-json\/wp\/v2\/tags?post=99569"}],"curies":[{"name":"wp","href":"https:\/\/api.w.org\/{rel}","templated":true}]}}