{"id":99566,"date":"2023-12-27T13:58:53","date_gmt":"2023-12-27T16:58:53","guid":{"rendered":"https:\/\/regiaonews.net.br\/2022\/?p=99566"},"modified":"2023-12-27T13:58:53","modified_gmt":"2023-12-27T16:58:53","slug":"olimpia-comemora-destinacao-de-r-104-milhoes-em-recursos-federais-para-implantacao-do-aeroporto-internacional","status":"publish","type":"post","link":"https:\/\/regiaonews.net.br\/2022\/2023\/12\/27\/olimpia-comemora-destinacao-de-r-104-milhoes-em-recursos-federais-para-implantacao-do-aeroporto-internacional\/","title":{"rendered":"Ol\u00edmpia comemora destina\u00e7\u00e3o de R$ 104 milh\u00f5es em recursos federais para implanta\u00e7\u00e3o do Aeroporto Internacional"},"content":{"rendered":"<p>A Prefeitura de Ol\u00edmpia conseguiu a libera\u00e7\u00e3o de R$ 104 milh\u00f5es em recursos do governo federal para dar prosseguimento ao projeto de implanta\u00e7\u00e3o do \u201cAeroporto Internacional do Norte Paulista\u201d. De acordo com o Executivo, o valor foi contemplado no Or\u00e7amento da Uni\u00e3o para 2024, cujo Projeto da Lei Or\u00e7ament\u00e1ria Anual (PLN 29\/2023) foi votado e aprovado pelo Congresso Nacional, na sess\u00e3o da \u00faltima sexta-feira, 22.<\/p>\n<p>Segundo o prefeito Fernando Cunha (PSD), a inclus\u00e3o do projeto que beneficia Ol\u00edmpia no or\u00e7amento da uni\u00e3o \u00e9 fruto de um trabalho conjunto de gest\u00e3o da bancada de deputados federais que representam o Estado de S\u00e3o Paulo no Congresso, sob a coordena\u00e7\u00e3o do parlamentar Antonio Carlos Rodrigues (PL), apresentando ao relator do or\u00e7amento, Luiz Carlos Motta (PL), que entendeu a relev\u00e2ncia da obra para o crescimento e desenvolvimento econ\u00f4mico de todo o interior paulista.<\/p>\n<p>Com mais esta conquista, o novo aeroporto que atender\u00e1 toda a regi\u00e3o se torna cada vez mais realidade. Em setembro, a Prefeitura formalizou a aquisi\u00e7\u00e3o da \u00e1rea com a assinatura da compra com a empresa respons\u00e1vel pelo terreno, ap\u00f3s o prefeito Fernando Cunha ter conseguido junto ao INCRA (Instituto Nacional de Coloniza\u00e7\u00e3o e Reforma Agr\u00e1ria) a certid\u00e3o de regulariza\u00e7\u00e3o da \u00e1rea.<\/p>\n<p>O local de implanta\u00e7\u00e3o do futuro aeroporto corresponde a uma \u00e1rea de mais de 200 hectares de terra, localizada \u00e0s margens da Rodovia Assis Chateaubriand, no im\u00f3vel rural denominado \u201cCruz Alta\u201d, nas fazendas \u201cOlhos D\u2019\u00c1gua\u201d e \u201cS\u00e3o Domingos\u201d, entre Ol\u00edmpia e Rio Preto, sendo uma das maiores \u00e1reas destinadas \u00e0 constru\u00e7\u00e3o de Aeroportos de todo o interior paulista. Os investimentos para a aquisi\u00e7\u00e3o do terreno foram de mais de R$ 19 milh\u00f5es, definidos ap\u00f3s avalia\u00e7\u00e3o da Comiss\u00e3o de Bens e Im\u00f3veis, como um valor justo do mercado imobili\u00e1rio, considerando ainda a situa\u00e7\u00e3o financeira s\u00f3lida da Prefeitura e a posterior valoriza\u00e7\u00e3o da \u00e1rea, que ampliar\u00e1 o patrim\u00f4nio do munic\u00edpio.<\/p>\n<p>Paralelamente, a Administra\u00e7\u00e3o Municipal tamb\u00e9m j\u00e1 firmou parceria com a Infraero \u2013 Empresa Brasileira de Infraestrutura Aeroportu\u00e1ria que, possui expertise consolidada para oferecer servi\u00e7os de ponta-a-ponta da infraestrutura aeroportu\u00e1ria e, ap\u00f3s reuni\u00f5es, amplo di\u00e1logo e at\u00e9 mesmo visita t\u00e9cnica ao local da futura implanta\u00e7\u00e3o, foi devidamente contratada pelo munic\u00edpio para Revis\u00e3o do Plano Diretor, elabora\u00e7\u00e3o de Anteprojeto para Infraestrutura e Edifica\u00e7\u00f5es, An\u00e1lise T\u00e9cnica dos Projetos de Pavimenta\u00e7\u00e3o e Assessoria Ambiental do aeroporto.<\/p>\n<p>Com outorga de concess\u00e3o de 35 anos autorizada pela Uni\u00e3o, por meio da Secretaria Nacional de Avia\u00e7\u00e3o, em 2021, a proposta do novo aeroporto, em Ol\u00edmpia, atende os estudos de viabilidade, contratados pela Prefeitura, que mostram uma proje\u00e7\u00e3o regional para um horizonte at\u00e9 2038, considerando a necessidade de amplia\u00e7\u00e3o da capacidade atual do aeroporto de S\u00e3o Jos\u00e9 do Rio Preto e um fluxo futuro estimado em mais de 6 milh\u00f5es de visitantes em Ol\u00edmpia. Com uma pista de mais de 2 mil metros de extens\u00e3o, apropriada para avi\u00f5es de grande porte, a expectativa \u00e9 de que o aeroporto tenha capacidade para cerca de 500 mil opera\u00e7\u00f5es por ano, podendo receber, futuramente, at\u00e9 voos da Am\u00e9rica Latina.<\/p>\n<p>As tramita\u00e7\u00f5es para concretiza\u00e7\u00e3o do aeroporto de Ol\u00edmpia, que \u00e9 uma das pautas de maior destaque da atual gest\u00e3o, t\u00eam contado tamb\u00e9m com o apoio de importantes lideran\u00e7as, com as quais o prefeito tem se reunido nos \u00faltimos meses, como o secret\u00e1rio estadual de Governo, Gilberto Kassab, e o ministro de Rela\u00e7\u00f5es Institucionais, Alexandre Padilha, que reconhecem a magnitude do projeto para desenvolver ainda mais um dos maiores polos tur\u00edsticos do estado, como destacado, inclusive, na justificativa da emenda apresentada ao projeto de lei do or\u00e7amento anual.<\/p>\n<p>\u201cA presente emenda visa alocar recursos para a constru\u00e7\u00e3o do Aeroporto Internacional do Norte Paulista, situado na cidade de Ol\u00edmpia, uma regi\u00e3o que se destaca como um dos principais polos tur\u00edsticos do estado de S\u00e3o Paulo. A justificativa para esta aloca\u00e7\u00e3o de recursos baseia-se em diversos fatores estrat\u00e9gicos e econ\u00f4micos, essenciais para o desenvolvimento da regi\u00e3o e do estado\u201d, dizia o texto.<\/p>\n<p>\u201cRecebemos com muito orgulho e entusiasmo a not\u00edcia da aprova\u00e7\u00e3o do or\u00e7amento federal com a destina\u00e7\u00e3o de mais de R$ 100 milh\u00f5es para Ol\u00edmpia, um montante financeiro significativo e diferenciado no cen\u00e1rio da regi\u00e3o. Uma conquista que contou com um conjunto de lideran\u00e7as envolvidas em olhar para este importante projeto e para nosso munic\u00edpio. Agrade\u00e7o a toda bancada paulista e principalmente ao deputado Motta, relator do or\u00e7amento. Um deputado que apresentamos e apoiamos aqui em Ol\u00edmpia e retribuiu a confian\u00e7a da nossa popula\u00e7\u00e3o. Nossa gratid\u00e3o a todos que contribu\u00edram com este feito que, mais do que colocar Ol\u00edmpia como um destino nacional e latino americano, disponibilizar\u00e1 a todo norte paulista um fator log\u00edstico estruturante para o desenvolvimento da regi\u00e3o\u201d, afirmou o prefeito Fernando Cunha.<\/p>\n","protected":false},"excerpt":{"rendered":"<p>A Prefeitura de Ol\u00edmpia conseguiu a libera\u00e7\u00e3o de R$ 104<\/p>\n","protected":false},"author":2,"featured_media":99567,"comment_status":"open","ping_status":"open","sticky":false,"template":"","format":"standard","meta":{"footnotes":""},"categories":[3,178],"tags":[],"class_list":["post-99566","post","type-post","status-publish","format-standard","has-post-thumbnail","hentry","category-geral","category-olimpia-2"],"yoast_head":"<!-- This site is optimized with the Yoast SEO plugin v27.4 - https:\/\/yoast.com\/product\/yoast-seo-wordpress\/ -->\n<title>Ol\u00edmpia comemora destina\u00e7\u00e3o de R$ 104 milh\u00f5es em recursos federais para implanta\u00e7\u00e3o do Aeroporto Internacional - Regi\u00e3o News<\/title>\n<meta name=\"robots\" content=\"index, follow, max-snippet:-1, max-image-preview:large, max-video-preview:-1\" \/>\n<link rel=\"canonical\" href=\"https:\/\/regiaonews.net.br\/2022\/2023\/12\/27\/olimpia-comemora-destinacao-de-r-104-milhoes-em-recursos-federais-para-implantacao-do-aeroporto-internacional\/\" \/>\n<meta property=\"og:locale\" content=\"pt_BR\" \/>\n<meta property=\"og:type\" content=\"article\" \/>\n<meta property=\"og:title\" content=\"Ol\u00edmpia comemora destina\u00e7\u00e3o de R$ 104 milh\u00f5es em recursos federais para implanta\u00e7\u00e3o do Aeroporto Internacional - Regi\u00e3o News\" \/>\n<meta property=\"og:description\" content=\"A Prefeitura de Ol\u00edmpia conseguiu a libera\u00e7\u00e3o de R$ 104\" \/>\n<meta property=\"og:url\" content=\"https:\/\/regiaonews.net.br\/2022\/2023\/12\/27\/olimpia-comemora-destinacao-de-r-104-milhoes-em-recursos-federais-para-implantacao-do-aeroporto-internacional\/\" \/>\n<meta property=\"og:site_name\" content=\"Regi\u00e3o News\" \/>\n<meta property=\"article:published_time\" content=\"2023-12-27T16:58:53+00:00\" \/>\n<meta property=\"og:image\" content=\"https:\/\/regiaonews.net.br\/2022\/wp-content\/uploads\/2023\/12\/lula3501-19-768x576-1.webp\" \/>\n\t<meta property=\"og:image:width\" content=\"768\" \/>\n\t<meta property=\"og:image:height\" content=\"576\" \/>\n\t<meta property=\"og:image:type\" content=\"image\/webp\" \/>\n<meta name=\"author\" content=\"Roberto\" \/>\n<meta name=\"twitter:card\" content=\"summary_large_image\" \/>\n<meta name=\"twitter:label1\" content=\"Escrito por\" \/>\n\t<meta name=\"twitter:data1\" content=\"Roberto\" \/>\n\t<meta name=\"twitter:label2\" content=\"Est. tempo de leitura\" \/>\n\t<meta name=\"twitter:data2\" content=\"5 minutos\" \/>\n<script type=\"application\/ld+json\" class=\"yoast-schema-graph\">{\"@context\":\"https:\\\/\\\/schema.org\",\"@graph\":[{\"@type\":\"Article\",\"@id\":\"https:\\\/\\\/regiaonews.net.br\\\/2022\\\/2023\\\/12\\\/27\\\/olimpia-comemora-destinacao-de-r-104-milhoes-em-recursos-federais-para-implantacao-do-aeroporto-internacional\\\/#article\",\"isPartOf\":{\"@id\":\"https:\\\/\\\/regiaonews.net.br\\\/2022\\\/2023\\\/12\\\/27\\\/olimpia-comemora-destinacao-de-r-104-milhoes-em-recursos-federais-para-implantacao-do-aeroporto-internacional\\\/\"},\"author\":{\"name\":\"Roberto\",\"@id\":\"https:\\\/\\\/regiaonews.net.br\\\/2022\\\/#\\\/schema\\\/person\\\/2d205a608a5aa97ac279d7a5e6d89ad8\"},\"headline\":\"Ol\u00edmpia comemora destina\u00e7\u00e3o de R$ 104 milh\u00f5es em recursos federais para implanta\u00e7\u00e3o do Aeroporto Internacional\",\"datePublished\":\"2023-12-27T16:58:53+00:00\",\"mainEntityOfPage\":{\"@id\":\"https:\\\/\\\/regiaonews.net.br\\\/2022\\\/2023\\\/12\\\/27\\\/olimpia-comemora-destinacao-de-r-104-milhoes-em-recursos-federais-para-implantacao-do-aeroporto-internacional\\\/\"},\"wordCount\":884,\"commentCount\":0,\"publisher\":{\"@id\":\"https:\\\/\\\/regiaonews.net.br\\\/2022\\\/#organization\"},\"image\":{\"@id\":\"https:\\\/\\\/regiaonews.net.br\\\/2022\\\/2023\\\/12\\\/27\\\/olimpia-comemora-destinacao-de-r-104-milhoes-em-recursos-federais-para-implantacao-do-aeroporto-internacional\\\/#primaryimage\"},\"thumbnailUrl\":\"https:\\\/\\\/regiaonews.net.br\\\/2022\\\/wp-content\\\/uploads\\\/2023\\\/12\\\/lula3501-19-768x576-1.webp\",\"articleSection\":[\"Geral\",\"Ol\u00edmpia\"],\"inLanguage\":\"pt-BR\",\"potentialAction\":[{\"@type\":\"CommentAction\",\"name\":\"Comment\",\"target\":[\"https:\\\/\\\/regiaonews.net.br\\\/2022\\\/2023\\\/12\\\/27\\\/olimpia-comemora-destinacao-de-r-104-milhoes-em-recursos-federais-para-implantacao-do-aeroporto-internacional\\\/#respond\"]}]},{\"@type\":\"WebPage\",\"@id\":\"https:\\\/\\\/regiaonews.net.br\\\/2022\\\/2023\\\/12\\\/27\\\/olimpia-comemora-destinacao-de-r-104-milhoes-em-recursos-federais-para-implantacao-do-aeroporto-internacional\\\/\",\"url\":\"https:\\\/\\\/regiaonews.net.br\\\/2022\\\/2023\\\/12\\\/27\\\/olimpia-comemora-destinacao-de-r-104-milhoes-em-recursos-federais-para-implantacao-do-aeroporto-internacional\\\/\",\"name\":\"Ol\u00edmpia comemora destina\u00e7\u00e3o de R$ 104 milh\u00f5es em recursos federais para implanta\u00e7\u00e3o do Aeroporto Internacional - Regi\u00e3o News\",\"isPartOf\":{\"@id\":\"https:\\\/\\\/regiaonews.net.br\\\/2022\\\/#website\"},\"primaryImageOfPage\":{\"@id\":\"https:\\\/\\\/regiaonews.net.br\\\/2022\\\/2023\\\/12\\\/27\\\/olimpia-comemora-destinacao-de-r-104-milhoes-em-recursos-federais-para-implantacao-do-aeroporto-internacional\\\/#primaryimage\"},\"image\":{\"@id\":\"https:\\\/\\\/regiaonews.net.br\\\/2022\\\/2023\\\/12\\\/27\\\/olimpia-comemora-destinacao-de-r-104-milhoes-em-recursos-federais-para-implantacao-do-aeroporto-internacional\\\/#primaryimage\"},\"thumbnailUrl\":\"https:\\\/\\\/regiaonews.net.br\\\/2022\\\/wp-content\\\/uploads\\\/2023\\\/12\\\/lula3501-19-768x576-1.webp\",\"datePublished\":\"2023-12-27T16:58:53+00:00\",\"breadcrumb\":{\"@id\":\"https:\\\/\\\/regiaonews.net.br\\\/2022\\\/2023\\\/12\\\/27\\\/olimpia-comemora-destinacao-de-r-104-milhoes-em-recursos-federais-para-implantacao-do-aeroporto-internacional\\\/#breadcrumb\"},\"inLanguage\":\"pt-BR\",\"potentialAction\":[{\"@type\":\"ReadAction\",\"target\":[\"https:\\\/\\\/regiaonews.net.br\\\/2022\\\/2023\\\/12\\\/27\\\/olimpia-comemora-destinacao-de-r-104-milhoes-em-recursos-federais-para-implantacao-do-aeroporto-internacional\\\/\"]}]},{\"@type\":\"ImageObject\",\"inLanguage\":\"pt-BR\",\"@id\":\"https:\\\/\\\/regiaonews.net.br\\\/2022\\\/2023\\\/12\\\/27\\\/olimpia-comemora-destinacao-de-r-104-milhoes-em-recursos-federais-para-implantacao-do-aeroporto-internacional\\\/#primaryimage\",\"url\":\"https:\\\/\\\/regiaonews.net.br\\\/2022\\\/wp-content\\\/uploads\\\/2023\\\/12\\\/lula3501-19-768x576-1.webp\",\"contentUrl\":\"https:\\\/\\\/regiaonews.net.br\\\/2022\\\/wp-content\\\/uploads\\\/2023\\\/12\\\/lula3501-19-768x576-1.webp\",\"width\":768,\"height\":576},{\"@type\":\"BreadcrumbList\",\"@id\":\"https:\\\/\\\/regiaonews.net.br\\\/2022\\\/2023\\\/12\\\/27\\\/olimpia-comemora-destinacao-de-r-104-milhoes-em-recursos-federais-para-implantacao-do-aeroporto-internacional\\\/#breadcrumb\",\"itemListElement\":[{\"@type\":\"ListItem\",\"position\":1,\"name\":\"In\u00edcio\",\"item\":\"https:\\\/\\\/regiaonews.net.br\\\/2022\\\/\"},{\"@type\":\"ListItem\",\"position\":2,\"name\":\"Ol\u00edmpia comemora destina\u00e7\u00e3o de R$ 104 milh\u00f5es em recursos federais para implanta\u00e7\u00e3o do Aeroporto Internacional\"}]},{\"@type\":\"WebSite\",\"@id\":\"https:\\\/\\\/regiaonews.net.br\\\/2022\\\/#website\",\"url\":\"https:\\\/\\\/regiaonews.net.br\\\/2022\\\/\",\"name\":\"Regi\u00e3o News\",\"description\":\"Site de Not\u00edcias de Barretos e regi\u00e3o\",\"publisher\":{\"@id\":\"https:\\\/\\\/regiaonews.net.br\\\/2022\\\/#organization\"},\"potentialAction\":[{\"@type\":\"SearchAction\",\"target\":{\"@type\":\"EntryPoint\",\"urlTemplate\":\"https:\\\/\\\/regiaonews.net.br\\\/2022\\\/?s={search_term_string}\"},\"query-input\":{\"@type\":\"PropertyValueSpecification\",\"valueRequired\":true,\"valueName\":\"search_term_string\"}}],\"inLanguage\":\"pt-BR\"},{\"@type\":\"Organization\",\"@id\":\"https:\\\/\\\/regiaonews.net.br\\\/2022\\\/#organization\",\"name\":\"Regi\u00e3o News\",\"url\":\"https:\\\/\\\/regiaonews.net.br\\\/2022\\\/\",\"logo\":{\"@type\":\"ImageObject\",\"inLanguage\":\"pt-BR\",\"@id\":\"https:\\\/\\\/regiaonews.net.br\\\/2022\\\/#\\\/schema\\\/logo\\\/image\\\/\",\"url\":\"https:\\\/\\\/regiaonews.net.br\\\/2022\\\/wp-content\\\/uploads\\\/2026\\\/03\\\/regiao-13-anos-scaled.jpg\",\"contentUrl\":\"https:\\\/\\\/regiaonews.net.br\\\/2022\\\/wp-content\\\/uploads\\\/2026\\\/03\\\/regiao-13-anos-scaled.jpg\",\"width\":2560,\"height\":635,\"caption\":\"Regi\u00e3o News\"},\"image\":{\"@id\":\"https:\\\/\\\/regiaonews.net.br\\\/2022\\\/#\\\/schema\\\/logo\\\/image\\\/\"}},{\"@type\":\"Person\",\"@id\":\"https:\\\/\\\/regiaonews.net.br\\\/2022\\\/#\\\/schema\\\/person\\\/2d205a608a5aa97ac279d7a5e6d89ad8\",\"name\":\"Roberto\",\"image\":{\"@type\":\"ImageObject\",\"inLanguage\":\"pt-BR\",\"@id\":\"https:\\\/\\\/secure.gravatar.com\\\/avatar\\\/42749d8b712ff9d59ca93dc150494e5b55a44134482993f5baeb97e61b7ecc89?s=96&d=mm&r=g\",\"url\":\"https:\\\/\\\/secure.gravatar.com\\\/avatar\\\/42749d8b712ff9d59ca93dc150494e5b55a44134482993f5baeb97e61b7ecc89?s=96&d=mm&r=g\",\"contentUrl\":\"https:\\\/\\\/secure.gravatar.com\\\/avatar\\\/42749d8b712ff9d59ca93dc150494e5b55a44134482993f5baeb97e61b7ecc89?s=96&d=mm&r=g\",\"caption\":\"Roberto\"},\"url\":\"https:\\\/\\\/regiaonews.net.br\\\/2022\\\/author\\\/roberto\\\/\"}]}<\/script>\n<!-- \/ Yoast SEO plugin. -->","yoast_head_json":{"title":"Ol\u00edmpia comemora destina\u00e7\u00e3o de R$ 104 milh\u00f5es em recursos federais para implanta\u00e7\u00e3o do Aeroporto Internacional - Regi\u00e3o News","robots":{"index":"index","follow":"follow","max-snippet":"max-snippet:-1","max-image-preview":"max-image-preview:large","max-video-preview":"max-video-preview:-1"},"canonical":"https:\/\/regiaonews.net.br\/2022\/2023\/12\/27\/olimpia-comemora-destinacao-de-r-104-milhoes-em-recursos-federais-para-implantacao-do-aeroporto-internacional\/","og_locale":"pt_BR","og_type":"article","og_title":"Ol\u00edmpia comemora destina\u00e7\u00e3o de R$ 104 milh\u00f5es em recursos federais para implanta\u00e7\u00e3o do Aeroporto Internacional - Regi\u00e3o News","og_description":"A Prefeitura de Ol\u00edmpia conseguiu a libera\u00e7\u00e3o de R$ 104","og_url":"https:\/\/regiaonews.net.br\/2022\/2023\/12\/27\/olimpia-comemora-destinacao-de-r-104-milhoes-em-recursos-federais-para-implantacao-do-aeroporto-internacional\/","og_site_name":"Regi\u00e3o News","article_published_time":"2023-12-27T16:58:53+00:00","og_image":[{"width":768,"height":576,"url":"https:\/\/regiaonews.net.br\/2022\/wp-content\/uploads\/2023\/12\/lula3501-19-768x576-1.webp","type":"image\/webp"}],"author":"Roberto","twitter_card":"summary_large_image","twitter_misc":{"Escrito por":"Roberto","Est. tempo de leitura":"5 minutos"},"schema":{"@context":"https:\/\/schema.org","@graph":[{"@type":"Article","@id":"https:\/\/regiaonews.net.br\/2022\/2023\/12\/27\/olimpia-comemora-destinacao-de-r-104-milhoes-em-recursos-federais-para-implantacao-do-aeroporto-internacional\/#article","isPartOf":{"@id":"https:\/\/regiaonews.net.br\/2022\/2023\/12\/27\/olimpia-comemora-destinacao-de-r-104-milhoes-em-recursos-federais-para-implantacao-do-aeroporto-internacional\/"},"author":{"name":"Roberto","@id":"https:\/\/regiaonews.net.br\/2022\/#\/schema\/person\/2d205a608a5aa97ac279d7a5e6d89ad8"},"headline":"Ol\u00edmpia comemora destina\u00e7\u00e3o de R$ 104 milh\u00f5es em recursos federais para implanta\u00e7\u00e3o do Aeroporto Internacional","datePublished":"2023-12-27T16:58:53+00:00","mainEntityOfPage":{"@id":"https:\/\/regiaonews.net.br\/2022\/2023\/12\/27\/olimpia-comemora-destinacao-de-r-104-milhoes-em-recursos-federais-para-implantacao-do-aeroporto-internacional\/"},"wordCount":884,"commentCount":0,"publisher":{"@id":"https:\/\/regiaonews.net.br\/2022\/#organization"},"image":{"@id":"https:\/\/regiaonews.net.br\/2022\/2023\/12\/27\/olimpia-comemora-destinacao-de-r-104-milhoes-em-recursos-federais-para-implantacao-do-aeroporto-internacional\/#primaryimage"},"thumbnailUrl":"https:\/\/regiaonews.net.br\/2022\/wp-content\/uploads\/2023\/12\/lula3501-19-768x576-1.webp","articleSection":["Geral","Ol\u00edmpia"],"inLanguage":"pt-BR","potentialAction":[{"@type":"CommentAction","name":"Comment","target":["https:\/\/regiaonews.net.br\/2022\/2023\/12\/27\/olimpia-comemora-destinacao-de-r-104-milhoes-em-recursos-federais-para-implantacao-do-aeroporto-internacional\/#respond"]}]},{"@type":"WebPage","@id":"https:\/\/regiaonews.net.br\/2022\/2023\/12\/27\/olimpia-comemora-destinacao-de-r-104-milhoes-em-recursos-federais-para-implantacao-do-aeroporto-internacional\/","url":"https:\/\/regiaonews.net.br\/2022\/2023\/12\/27\/olimpia-comemora-destinacao-de-r-104-milhoes-em-recursos-federais-para-implantacao-do-aeroporto-internacional\/","name":"Ol\u00edmpia comemora destina\u00e7\u00e3o de R$ 104 milh\u00f5es em recursos federais para implanta\u00e7\u00e3o do Aeroporto Internacional - Regi\u00e3o News","isPartOf":{"@id":"https:\/\/regiaonews.net.br\/2022\/#website"},"primaryImageOfPage":{"@id":"https:\/\/regiaonews.net.br\/2022\/2023\/12\/27\/olimpia-comemora-destinacao-de-r-104-milhoes-em-recursos-federais-para-implantacao-do-aeroporto-internacional\/#primaryimage"},"image":{"@id":"https:\/\/regiaonews.net.br\/2022\/2023\/12\/27\/olimpia-comemora-destinacao-de-r-104-milhoes-em-recursos-federais-para-implantacao-do-aeroporto-internacional\/#primaryimage"},"thumbnailUrl":"https:\/\/regiaonews.net.br\/2022\/wp-content\/uploads\/2023\/12\/lula3501-19-768x576-1.webp","datePublished":"2023-12-27T16:58:53+00:00","breadcrumb":{"@id":"https:\/\/regiaonews.net.br\/2022\/2023\/12\/27\/olimpia-comemora-destinacao-de-r-104-milhoes-em-recursos-federais-para-implantacao-do-aeroporto-internacional\/#breadcrumb"},"inLanguage":"pt-BR","potentialAction":[{"@type":"ReadAction","target":["https:\/\/regiaonews.net.br\/2022\/2023\/12\/27\/olimpia-comemora-destinacao-de-r-104-milhoes-em-recursos-federais-para-implantacao-do-aeroporto-internacional\/"]}]},{"@type":"ImageObject","inLanguage":"pt-BR","@id":"https:\/\/regiaonews.net.br\/2022\/2023\/12\/27\/olimpia-comemora-destinacao-de-r-104-milhoes-em-recursos-federais-para-implantacao-do-aeroporto-internacional\/#primaryimage","url":"https:\/\/regiaonews.net.br\/2022\/wp-content\/uploads\/2023\/12\/lula3501-19-768x576-1.webp","contentUrl":"https:\/\/regiaonews.net.br\/2022\/wp-content\/uploads\/2023\/12\/lula3501-19-768x576-1.webp","width":768,"height":576},{"@type":"BreadcrumbList","@id":"https:\/\/regiaonews.net.br\/2022\/2023\/12\/27\/olimpia-comemora-destinacao-de-r-104-milhoes-em-recursos-federais-para-implantacao-do-aeroporto-internacional\/#breadcrumb","itemListElement":[{"@type":"ListItem","position":1,"name":"In\u00edcio","item":"https:\/\/regiaonews.net.br\/2022\/"},{"@type":"ListItem","position":2,"name":"Ol\u00edmpia comemora destina\u00e7\u00e3o de R$ 104 milh\u00f5es em recursos federais para implanta\u00e7\u00e3o do Aeroporto Internacional"}]},{"@type":"WebSite","@id":"https:\/\/regiaonews.net.br\/2022\/#website","url":"https:\/\/regiaonews.net.br\/2022\/","name":"Regi\u00e3o News","description":"Site de Not\u00edcias de Barretos e regi\u00e3o","publisher":{"@id":"https:\/\/regiaonews.net.br\/2022\/#organization"},"potentialAction":[{"@type":"SearchAction","target":{"@type":"EntryPoint","urlTemplate":"https:\/\/regiaonews.net.br\/2022\/?s={search_term_string}"},"query-input":{"@type":"PropertyValueSpecification","valueRequired":true,"valueName":"search_term_string"}}],"inLanguage":"pt-BR"},{"@type":"Organization","@id":"https:\/\/regiaonews.net.br\/2022\/#organization","name":"Regi\u00e3o News","url":"https:\/\/regiaonews.net.br\/2022\/","logo":{"@type":"ImageObject","inLanguage":"pt-BR","@id":"https:\/\/regiaonews.net.br\/2022\/#\/schema\/logo\/image\/","url":"https:\/\/regiaonews.net.br\/2022\/wp-content\/uploads\/2026\/03\/regiao-13-anos-scaled.jpg","contentUrl":"https:\/\/regiaonews.net.br\/2022\/wp-content\/uploads\/2026\/03\/regiao-13-anos-scaled.jpg","width":2560,"height":635,"caption":"Regi\u00e3o News"},"image":{"@id":"https:\/\/regiaonews.net.br\/2022\/#\/schema\/logo\/image\/"}},{"@type":"Person","@id":"https:\/\/regiaonews.net.br\/2022\/#\/schema\/person\/2d205a608a5aa97ac279d7a5e6d89ad8","name":"Roberto","image":{"@type":"ImageObject","inLanguage":"pt-BR","@id":"https:\/\/secure.gravatar.com\/avatar\/42749d8b712ff9d59ca93dc150494e5b55a44134482993f5baeb97e61b7ecc89?s=96&d=mm&r=g","url":"https:\/\/secure.gravatar.com\/avatar\/42749d8b712ff9d59ca93dc150494e5b55a44134482993f5baeb97e61b7ecc89?s=96&d=mm&r=g","contentUrl":"https:\/\/secure.gravatar.com\/avatar\/42749d8b712ff9d59ca93dc150494e5b55a44134482993f5baeb97e61b7ecc89?s=96&d=mm&r=g","caption":"Roberto"},"url":"https:\/\/regiaonews.net.br\/2022\/author\/roberto\/"}]}},"publishpress_future_action":{"enabled":false,"date":"2026-05-04 04:33:57","action":"change-status","newStatus":"draft","terms":[],"taxonomy":"category","extraData":[]},"publishpress_future_workflow_manual_trigger":{"enabledWorkflows":[]},"_links":{"self":[{"href":"https:\/\/regiaonews.net.br\/2022\/wp-json\/wp\/v2\/posts\/99566","targetHints":{"allow":["GET"]}}],"collection":[{"href":"https:\/\/regiaonews.net.br\/2022\/wp-json\/wp\/v2\/posts"}],"about":[{"href":"https:\/\/regiaonews.net.br\/2022\/wp-json\/wp\/v2\/types\/post"}],"author":[{"embeddable":true,"href":"https:\/\/regiaonews.net.br\/2022\/wp-json\/wp\/v2\/users\/2"}],"replies":[{"embeddable":true,"href":"https:\/\/regiaonews.net.br\/2022\/wp-json\/wp\/v2\/comments?post=99566"}],"version-history":[{"count":1,"href":"https:\/\/regiaonews.net.br\/2022\/wp-json\/wp\/v2\/posts\/99566\/revisions"}],"predecessor-version":[{"id":99568,"href":"https:\/\/regiaonews.net.br\/2022\/wp-json\/wp\/v2\/posts\/99566\/revisions\/99568"}],"wp:featuredmedia":[{"embeddable":true,"href":"https:\/\/regiaonews.net.br\/2022\/wp-json\/wp\/v2\/media\/99567"}],"wp:attachment":[{"href":"https:\/\/regiaonews.net.br\/2022\/wp-json\/wp\/v2\/media?parent=99566"}],"wp:term":[{"taxonomy":"category","embeddable":true,"href":"https:\/\/regiaonews.net.br\/2022\/wp-json\/wp\/v2\/categories?post=99566"},{"taxonomy":"post_tag","embeddable":true,"href":"https:\/\/regiaonews.net.br\/2022\/wp-json\/wp\/v2\/tags?post=99566"}],"curies":[{"name":"wp","href":"https:\/\/api.w.org\/{rel}","templated":true}]}}