{"id":99539,"date":"2023-12-26T21:34:11","date_gmt":"2023-12-27T00:34:11","guid":{"rendered":"https:\/\/regiaonews.net.br\/2022\/?p=99539"},"modified":"2023-12-26T21:36:50","modified_gmt":"2023-12-27T00:36:50","slug":"presidente-da-oab-barretos-comenta-importancia-da-casa-da-mulher-em-barretos","status":"publish","type":"post","link":"https:\/\/regiaonews.net.br\/2022\/2023\/12\/26\/presidente-da-oab-barretos-comenta-importancia-da-casa-da-mulher-em-barretos\/","title":{"rendered":"Presidente da OAB Barretos comenta import\u00e2ncia da Casa da Mulher em Barretos"},"content":{"rendered":"<div>\n<div><\/div>\n<\/div>\n<div>\n<div><\/div>\n<\/div>\n<div><\/div>\n<table role=\"presentation\" border=\"0\" width=\"100%\" cellspacing=\"0\" cellpadding=\"0\">\n<tbody>\n<tr>\n<td align=\"left\"><\/td>\n<\/tr>\n<tr>\n<td align=\"left\"><\/td>\n<\/tr>\n<tr>\n<td align=\"left\">\n<div>\n<p><em>Diretoria da 7\u00aa Subse\u00e7\u00e3o esteve presente na inaugura\u00e7\u00e3o\u00a0da Casa da Mulher Paulista \u201cJanaina Banqueta Dias Rondini\u201d<\/em><\/p>\n<\/div>\n<\/td>\n<\/tr>\n<tr>\n<td align=\"left\">\n<div>\n<p>A Casa da Mulher Paulista \u00e9 um espa\u00e7o para acolhimento, prote\u00e7\u00e3o, capacita\u00e7\u00e3o,\u00a0e orienta\u00e7\u00e3o \u00e0s mulheres v\u00edtimas de viol\u00eancia, desde a inser\u00e7\u00e3o ao mercado de trabalho, suporte jur\u00eddico e psicol\u00f3gico para o bem-estar, confian\u00e7a e autonomia.<\/p>\n<p>Em Barretos, a inaugura\u00e7\u00e3o da Casa da Mulher Paulista \u201cJanaina Banqueta Dias Rondini\u201d aconteceu no in\u00edcio de dezembro, dia 6, e contou com a presen\u00e7a da secret\u00e1ria de Pol\u00edticas para a Mulher, Sonaira Fernandes, que lan\u00e7ou na cidade o protocolo \u201cN\u00e3o se Cale\u201d, voltato ao acolhimento em estabelecimentos comerciais.<\/p>\n<p>A presidente da 7\u00aa Subse\u00e7\u00e3o da Ordem dos Advogados do Brasil \u2013 OAB Barretos, dra. Arany L\u2019Apiccirella e a vice-presidente dra. Priscila\u00a0Sanches\u00a0Salviano de Oliveira marcaram presen\u00e7a na inaugura\u00e7\u00e3o do equipamento que \u00e9 fruto de um movimento na cidade em prol das mulheres.<\/p>\n<p>Dra. Arany destacou que \u201ca Casa da Mulher Paulista \u00e9 importante dentro do contexto de dar um amparo amplo e completo para a mulher v\u00edtima de viol\u00eancia. \u00c9 comum em nossa rotina constatar que uma mulher que \u00e9 v\u00edtima de viol\u00eancia comparece \u00e0 Delegacia da Mulher para realizar uma den\u00fancia contra seu parceiro e depois tem eu voltar a um lar violento, para a companhia de um companheiro violento. A Casa traz um amparo do Estado no que se refere \u00e0 ressocializa\u00e7\u00e3o, \u00e0s atividades, aquilo que a mulher tem que fazer para, inclusive, se recolocar no mercado de trabalho, e isso vem para somar outras medidas que s\u00e3o necess\u00e1rias, como a coloca\u00e7\u00e3o, seja num lar tempor\u00e1rio, seja no benef\u00edcio do aluguel social para que a mulher v\u00edtima de viol\u00eancia possa ter um lar, uma resid\u00eancia pr\u00f3pria, de paz\u201d, ressalta a presidente.<\/p>\n<p>A OAB Barretos \u00e9 um dos \u00f3rg\u00e3os parceiros da Secretaria Estadual de Pol\u00edticas para a Mulher de S\u00e3o Paulo, juntamente com a Prefeitura da Est\u00e2ncia Tur\u00edstica de Barretos, respons\u00e1veis pela implanta\u00e7\u00e3o e vinda da Casa da Mulher Paulista \u201cJanaina Banqueta Dias Rondini\u201d, ao munic\u00edpio. O atendimento jur\u00eddico na Casa fica sob responsabilidade da OAB, seguindo um acordo do Governo do Estado de S\u00e3o Paulo com a OAB S\u00e3o Paulo.<\/p>\n<p>\u201c\u00c9 um atendimento jur\u00eddico de modo integral e humanizado \u00e0s mulheres v\u00edtimas de viol\u00eancia, al\u00e9m de fortalecer a integra\u00e7\u00e3o do servi\u00e7o com toda a rede estadual de enfrentamento \u00e0 viol\u00eancia. Barretos \u00e9 uma das 50 cidades no estado de S\u00e3o Paulo que recebem esse conv\u00eanio\u201d, conta dra. Arany.<\/p>\n<p>&#8220;A uni\u00e3o destes \u00f3rg\u00e3os com a Prefeitura contribui para a pol\u00edtica de fortalecimento e enfrentamento \u00e0 viol\u00eancia contra a mulher, oferecendo acolhimento com suporte de advogados e psic\u00f3logos\u201d, explicou a Dra. Arany L\u2019Apiccirella.<\/p>\n<p>Fotos: A presidente da OAB Barretos dra. Arany L\u2019Apiccirella, a vice-presidente dra. Priscila Sanches Salviano de Oliveira e a prefeita Paula Lemos, de Barretos, presentes na inaugura\u00e7\u00e3o da Casa.<\/p>\n<\/div>\n<\/td>\n<\/tr>\n<\/tbody>\n<\/table>\n","protected":false},"excerpt":{"rendered":"<p>Diretoria da 7\u00aa Subse\u00e7\u00e3o esteve presente na inaugura\u00e7\u00e3o\u00a0da Casa da<\/p>\n","protected":false},"author":2,"featured_media":99540,"comment_status":"open","ping_status":"open","sticky":false,"template":"","format":"standard","meta":{"footnotes":""},"categories":[14,25],"tags":[],"class_list":["post-99539","post","type-post","status-publish","format-standard","has-post-thumbnail","hentry","category-barretos","category-cidades"],"yoast_head":"<!-- This site is optimized with the Yoast SEO plugin v27.4 - https:\/\/yoast.com\/product\/yoast-seo-wordpress\/ -->\n<title>Presidente da OAB Barretos comenta import\u00e2ncia da Casa da Mulher em Barretos - Regi\u00e3o News<\/title>\n<meta name=\"robots\" content=\"index, follow, max-snippet:-1, max-image-preview:large, max-video-preview:-1\" \/>\n<link rel=\"canonical\" href=\"https:\/\/regiaonews.net.br\/2022\/2023\/12\/26\/presidente-da-oab-barretos-comenta-importancia-da-casa-da-mulher-em-barretos\/\" \/>\n<meta property=\"og:locale\" content=\"pt_BR\" \/>\n<meta property=\"og:type\" content=\"article\" \/>\n<meta property=\"og:title\" content=\"Presidente da OAB Barretos comenta import\u00e2ncia da Casa da Mulher em Barretos - Regi\u00e3o News\" \/>\n<meta property=\"og:description\" content=\"Diretoria da 7\u00aa Subse\u00e7\u00e3o esteve presente na inaugura\u00e7\u00e3o\u00a0da Casa da\" \/>\n<meta property=\"og:url\" content=\"https:\/\/regiaonews.net.br\/2022\/2023\/12\/26\/presidente-da-oab-barretos-comenta-importancia-da-casa-da-mulher-em-barretos\/\" \/>\n<meta property=\"og:site_name\" content=\"Regi\u00e3o News\" \/>\n<meta property=\"article:published_time\" content=\"2023-12-27T00:34:11+00:00\" \/>\n<meta property=\"article:modified_time\" content=\"2023-12-27T00:36:50+00:00\" \/>\n<meta property=\"og:image\" content=\"https:\/\/regiaonews.net.br\/2022\/wp-content\/uploads\/2023\/12\/b3b6a1d3-fc69-4891-a7f6-b0be3a403462.jpeg\" \/>\n\t<meta property=\"og:image:width\" content=\"1600\" \/>\n\t<meta property=\"og:image:height\" content=\"1153\" \/>\n\t<meta property=\"og:image:type\" content=\"image\/jpeg\" \/>\n<meta name=\"author\" content=\"Roberto\" \/>\n<meta name=\"twitter:card\" content=\"summary_large_image\" \/>\n<meta name=\"twitter:label1\" content=\"Escrito por\" \/>\n\t<meta name=\"twitter:data1\" content=\"Roberto\" \/>\n\t<meta name=\"twitter:label2\" content=\"Est. tempo de leitura\" \/>\n\t<meta name=\"twitter:data2\" content=\"3 minutos\" \/>\n<script type=\"application\/ld+json\" class=\"yoast-schema-graph\">{\"@context\":\"https:\\\/\\\/schema.org\",\"@graph\":[{\"@type\":\"Article\",\"@id\":\"https:\\\/\\\/regiaonews.net.br\\\/2022\\\/2023\\\/12\\\/26\\\/presidente-da-oab-barretos-comenta-importancia-da-casa-da-mulher-em-barretos\\\/#article\",\"isPartOf\":{\"@id\":\"https:\\\/\\\/regiaonews.net.br\\\/2022\\\/2023\\\/12\\\/26\\\/presidente-da-oab-barretos-comenta-importancia-da-casa-da-mulher-em-barretos\\\/\"},\"author\":{\"name\":\"Roberto\",\"@id\":\"https:\\\/\\\/regiaonews.net.br\\\/2022\\\/#\\\/schema\\\/person\\\/2d205a608a5aa97ac279d7a5e6d89ad8\"},\"headline\":\"Presidente da OAB Barretos comenta import\u00e2ncia da Casa da Mulher em Barretos\",\"datePublished\":\"2023-12-27T00:34:11+00:00\",\"dateModified\":\"2023-12-27T00:36:50+00:00\",\"mainEntityOfPage\":{\"@id\":\"https:\\\/\\\/regiaonews.net.br\\\/2022\\\/2023\\\/12\\\/26\\\/presidente-da-oab-barretos-comenta-importancia-da-casa-da-mulher-em-barretos\\\/\"},\"wordCount\":528,\"commentCount\":0,\"publisher\":{\"@id\":\"https:\\\/\\\/regiaonews.net.br\\\/2022\\\/#organization\"},\"image\":{\"@id\":\"https:\\\/\\\/regiaonews.net.br\\\/2022\\\/2023\\\/12\\\/26\\\/presidente-da-oab-barretos-comenta-importancia-da-casa-da-mulher-em-barretos\\\/#primaryimage\"},\"thumbnailUrl\":\"https:\\\/\\\/regiaonews.net.br\\\/2022\\\/wp-content\\\/uploads\\\/2023\\\/12\\\/b3b6a1d3-fc69-4891-a7f6-b0be3a403462.jpeg\",\"articleSection\":[\"Barretos\",\"Cidades\"],\"inLanguage\":\"pt-BR\",\"potentialAction\":[{\"@type\":\"CommentAction\",\"name\":\"Comment\",\"target\":[\"https:\\\/\\\/regiaonews.net.br\\\/2022\\\/2023\\\/12\\\/26\\\/presidente-da-oab-barretos-comenta-importancia-da-casa-da-mulher-em-barretos\\\/#respond\"]}]},{\"@type\":\"WebPage\",\"@id\":\"https:\\\/\\\/regiaonews.net.br\\\/2022\\\/2023\\\/12\\\/26\\\/presidente-da-oab-barretos-comenta-importancia-da-casa-da-mulher-em-barretos\\\/\",\"url\":\"https:\\\/\\\/regiaonews.net.br\\\/2022\\\/2023\\\/12\\\/26\\\/presidente-da-oab-barretos-comenta-importancia-da-casa-da-mulher-em-barretos\\\/\",\"name\":\"Presidente da OAB Barretos comenta import\u00e2ncia da Casa da Mulher em Barretos - Regi\u00e3o News\",\"isPartOf\":{\"@id\":\"https:\\\/\\\/regiaonews.net.br\\\/2022\\\/#website\"},\"primaryImageOfPage\":{\"@id\":\"https:\\\/\\\/regiaonews.net.br\\\/2022\\\/2023\\\/12\\\/26\\\/presidente-da-oab-barretos-comenta-importancia-da-casa-da-mulher-em-barretos\\\/#primaryimage\"},\"image\":{\"@id\":\"https:\\\/\\\/regiaonews.net.br\\\/2022\\\/2023\\\/12\\\/26\\\/presidente-da-oab-barretos-comenta-importancia-da-casa-da-mulher-em-barretos\\\/#primaryimage\"},\"thumbnailUrl\":\"https:\\\/\\\/regiaonews.net.br\\\/2022\\\/wp-content\\\/uploads\\\/2023\\\/12\\\/b3b6a1d3-fc69-4891-a7f6-b0be3a403462.jpeg\",\"datePublished\":\"2023-12-27T00:34:11+00:00\",\"dateModified\":\"2023-12-27T00:36:50+00:00\",\"breadcrumb\":{\"@id\":\"https:\\\/\\\/regiaonews.net.br\\\/2022\\\/2023\\\/12\\\/26\\\/presidente-da-oab-barretos-comenta-importancia-da-casa-da-mulher-em-barretos\\\/#breadcrumb\"},\"inLanguage\":\"pt-BR\",\"potentialAction\":[{\"@type\":\"ReadAction\",\"target\":[\"https:\\\/\\\/regiaonews.net.br\\\/2022\\\/2023\\\/12\\\/26\\\/presidente-da-oab-barretos-comenta-importancia-da-casa-da-mulher-em-barretos\\\/\"]}]},{\"@type\":\"ImageObject\",\"inLanguage\":\"pt-BR\",\"@id\":\"https:\\\/\\\/regiaonews.net.br\\\/2022\\\/2023\\\/12\\\/26\\\/presidente-da-oab-barretos-comenta-importancia-da-casa-da-mulher-em-barretos\\\/#primaryimage\",\"url\":\"https:\\\/\\\/regiaonews.net.br\\\/2022\\\/wp-content\\\/uploads\\\/2023\\\/12\\\/b3b6a1d3-fc69-4891-a7f6-b0be3a403462.jpeg\",\"contentUrl\":\"https:\\\/\\\/regiaonews.net.br\\\/2022\\\/wp-content\\\/uploads\\\/2023\\\/12\\\/b3b6a1d3-fc69-4891-a7f6-b0be3a403462.jpeg\",\"width\":1600,\"height\":1153},{\"@type\":\"BreadcrumbList\",\"@id\":\"https:\\\/\\\/regiaonews.net.br\\\/2022\\\/2023\\\/12\\\/26\\\/presidente-da-oab-barretos-comenta-importancia-da-casa-da-mulher-em-barretos\\\/#breadcrumb\",\"itemListElement\":[{\"@type\":\"ListItem\",\"position\":1,\"name\":\"In\u00edcio\",\"item\":\"https:\\\/\\\/regiaonews.net.br\\\/2022\\\/\"},{\"@type\":\"ListItem\",\"position\":2,\"name\":\"Presidente da OAB Barretos comenta import\u00e2ncia da Casa da Mulher em Barretos\"}]},{\"@type\":\"WebSite\",\"@id\":\"https:\\\/\\\/regiaonews.net.br\\\/2022\\\/#website\",\"url\":\"https:\\\/\\\/regiaonews.net.br\\\/2022\\\/\",\"name\":\"Regi\u00e3o News\",\"description\":\"Site de Not\u00edcias de Barretos e regi\u00e3o\",\"publisher\":{\"@id\":\"https:\\\/\\\/regiaonews.net.br\\\/2022\\\/#organization\"},\"potentialAction\":[{\"@type\":\"SearchAction\",\"target\":{\"@type\":\"EntryPoint\",\"urlTemplate\":\"https:\\\/\\\/regiaonews.net.br\\\/2022\\\/?s={search_term_string}\"},\"query-input\":{\"@type\":\"PropertyValueSpecification\",\"valueRequired\":true,\"valueName\":\"search_term_string\"}}],\"inLanguage\":\"pt-BR\"},{\"@type\":\"Organization\",\"@id\":\"https:\\\/\\\/regiaonews.net.br\\\/2022\\\/#organization\",\"name\":\"Regi\u00e3o News\",\"url\":\"https:\\\/\\\/regiaonews.net.br\\\/2022\\\/\",\"logo\":{\"@type\":\"ImageObject\",\"inLanguage\":\"pt-BR\",\"@id\":\"https:\\\/\\\/regiaonews.net.br\\\/2022\\\/#\\\/schema\\\/logo\\\/image\\\/\",\"url\":\"https:\\\/\\\/regiaonews.net.br\\\/2022\\\/wp-content\\\/uploads\\\/2026\\\/03\\\/regiao-13-anos-scaled.jpg\",\"contentUrl\":\"https:\\\/\\\/regiaonews.net.br\\\/2022\\\/wp-content\\\/uploads\\\/2026\\\/03\\\/regiao-13-anos-scaled.jpg\",\"width\":2560,\"height\":635,\"caption\":\"Regi\u00e3o News\"},\"image\":{\"@id\":\"https:\\\/\\\/regiaonews.net.br\\\/2022\\\/#\\\/schema\\\/logo\\\/image\\\/\"}},{\"@type\":\"Person\",\"@id\":\"https:\\\/\\\/regiaonews.net.br\\\/2022\\\/#\\\/schema\\\/person\\\/2d205a608a5aa97ac279d7a5e6d89ad8\",\"name\":\"Roberto\",\"image\":{\"@type\":\"ImageObject\",\"inLanguage\":\"pt-BR\",\"@id\":\"https:\\\/\\\/secure.gravatar.com\\\/avatar\\\/42749d8b712ff9d59ca93dc150494e5b55a44134482993f5baeb97e61b7ecc89?s=96&d=mm&r=g\",\"url\":\"https:\\\/\\\/secure.gravatar.com\\\/avatar\\\/42749d8b712ff9d59ca93dc150494e5b55a44134482993f5baeb97e61b7ecc89?s=96&d=mm&r=g\",\"contentUrl\":\"https:\\\/\\\/secure.gravatar.com\\\/avatar\\\/42749d8b712ff9d59ca93dc150494e5b55a44134482993f5baeb97e61b7ecc89?s=96&d=mm&r=g\",\"caption\":\"Roberto\"},\"url\":\"https:\\\/\\\/regiaonews.net.br\\\/2022\\\/author\\\/roberto\\\/\"}]}<\/script>\n<!-- \/ Yoast SEO plugin. -->","yoast_head_json":{"title":"Presidente da OAB Barretos comenta import\u00e2ncia da Casa da Mulher em Barretos - Regi\u00e3o News","robots":{"index":"index","follow":"follow","max-snippet":"max-snippet:-1","max-image-preview":"max-image-preview:large","max-video-preview":"max-video-preview:-1"},"canonical":"https:\/\/regiaonews.net.br\/2022\/2023\/12\/26\/presidente-da-oab-barretos-comenta-importancia-da-casa-da-mulher-em-barretos\/","og_locale":"pt_BR","og_type":"article","og_title":"Presidente da OAB Barretos comenta import\u00e2ncia da Casa da Mulher em Barretos - Regi\u00e3o News","og_description":"Diretoria da 7\u00aa Subse\u00e7\u00e3o esteve presente na inaugura\u00e7\u00e3o\u00a0da Casa da","og_url":"https:\/\/regiaonews.net.br\/2022\/2023\/12\/26\/presidente-da-oab-barretos-comenta-importancia-da-casa-da-mulher-em-barretos\/","og_site_name":"Regi\u00e3o News","article_published_time":"2023-12-27T00:34:11+00:00","article_modified_time":"2023-12-27T00:36:50+00:00","og_image":[{"width":1600,"height":1153,"url":"https:\/\/regiaonews.net.br\/2022\/wp-content\/uploads\/2023\/12\/b3b6a1d3-fc69-4891-a7f6-b0be3a403462.jpeg","type":"image\/jpeg"}],"author":"Roberto","twitter_card":"summary_large_image","twitter_misc":{"Escrito por":"Roberto","Est. tempo de leitura":"3 minutos"},"schema":{"@context":"https:\/\/schema.org","@graph":[{"@type":"Article","@id":"https:\/\/regiaonews.net.br\/2022\/2023\/12\/26\/presidente-da-oab-barretos-comenta-importancia-da-casa-da-mulher-em-barretos\/#article","isPartOf":{"@id":"https:\/\/regiaonews.net.br\/2022\/2023\/12\/26\/presidente-da-oab-barretos-comenta-importancia-da-casa-da-mulher-em-barretos\/"},"author":{"name":"Roberto","@id":"https:\/\/regiaonews.net.br\/2022\/#\/schema\/person\/2d205a608a5aa97ac279d7a5e6d89ad8"},"headline":"Presidente da OAB Barretos comenta import\u00e2ncia da Casa da Mulher em Barretos","datePublished":"2023-12-27T00:34:11+00:00","dateModified":"2023-12-27T00:36:50+00:00","mainEntityOfPage":{"@id":"https:\/\/regiaonews.net.br\/2022\/2023\/12\/26\/presidente-da-oab-barretos-comenta-importancia-da-casa-da-mulher-em-barretos\/"},"wordCount":528,"commentCount":0,"publisher":{"@id":"https:\/\/regiaonews.net.br\/2022\/#organization"},"image":{"@id":"https:\/\/regiaonews.net.br\/2022\/2023\/12\/26\/presidente-da-oab-barretos-comenta-importancia-da-casa-da-mulher-em-barretos\/#primaryimage"},"thumbnailUrl":"https:\/\/regiaonews.net.br\/2022\/wp-content\/uploads\/2023\/12\/b3b6a1d3-fc69-4891-a7f6-b0be3a403462.jpeg","articleSection":["Barretos","Cidades"],"inLanguage":"pt-BR","potentialAction":[{"@type":"CommentAction","name":"Comment","target":["https:\/\/regiaonews.net.br\/2022\/2023\/12\/26\/presidente-da-oab-barretos-comenta-importancia-da-casa-da-mulher-em-barretos\/#respond"]}]},{"@type":"WebPage","@id":"https:\/\/regiaonews.net.br\/2022\/2023\/12\/26\/presidente-da-oab-barretos-comenta-importancia-da-casa-da-mulher-em-barretos\/","url":"https:\/\/regiaonews.net.br\/2022\/2023\/12\/26\/presidente-da-oab-barretos-comenta-importancia-da-casa-da-mulher-em-barretos\/","name":"Presidente da OAB Barretos comenta import\u00e2ncia da Casa da Mulher em Barretos - Regi\u00e3o News","isPartOf":{"@id":"https:\/\/regiaonews.net.br\/2022\/#website"},"primaryImageOfPage":{"@id":"https:\/\/regiaonews.net.br\/2022\/2023\/12\/26\/presidente-da-oab-barretos-comenta-importancia-da-casa-da-mulher-em-barretos\/#primaryimage"},"image":{"@id":"https:\/\/regiaonews.net.br\/2022\/2023\/12\/26\/presidente-da-oab-barretos-comenta-importancia-da-casa-da-mulher-em-barretos\/#primaryimage"},"thumbnailUrl":"https:\/\/regiaonews.net.br\/2022\/wp-content\/uploads\/2023\/12\/b3b6a1d3-fc69-4891-a7f6-b0be3a403462.jpeg","datePublished":"2023-12-27T00:34:11+00:00","dateModified":"2023-12-27T00:36:50+00:00","breadcrumb":{"@id":"https:\/\/regiaonews.net.br\/2022\/2023\/12\/26\/presidente-da-oab-barretos-comenta-importancia-da-casa-da-mulher-em-barretos\/#breadcrumb"},"inLanguage":"pt-BR","potentialAction":[{"@type":"ReadAction","target":["https:\/\/regiaonews.net.br\/2022\/2023\/12\/26\/presidente-da-oab-barretos-comenta-importancia-da-casa-da-mulher-em-barretos\/"]}]},{"@type":"ImageObject","inLanguage":"pt-BR","@id":"https:\/\/regiaonews.net.br\/2022\/2023\/12\/26\/presidente-da-oab-barretos-comenta-importancia-da-casa-da-mulher-em-barretos\/#primaryimage","url":"https:\/\/regiaonews.net.br\/2022\/wp-content\/uploads\/2023\/12\/b3b6a1d3-fc69-4891-a7f6-b0be3a403462.jpeg","contentUrl":"https:\/\/regiaonews.net.br\/2022\/wp-content\/uploads\/2023\/12\/b3b6a1d3-fc69-4891-a7f6-b0be3a403462.jpeg","width":1600,"height":1153},{"@type":"BreadcrumbList","@id":"https:\/\/regiaonews.net.br\/2022\/2023\/12\/26\/presidente-da-oab-barretos-comenta-importancia-da-casa-da-mulher-em-barretos\/#breadcrumb","itemListElement":[{"@type":"ListItem","position":1,"name":"In\u00edcio","item":"https:\/\/regiaonews.net.br\/2022\/"},{"@type":"ListItem","position":2,"name":"Presidente da OAB Barretos comenta import\u00e2ncia da Casa da Mulher em Barretos"}]},{"@type":"WebSite","@id":"https:\/\/regiaonews.net.br\/2022\/#website","url":"https:\/\/regiaonews.net.br\/2022\/","name":"Regi\u00e3o News","description":"Site de Not\u00edcias de Barretos e regi\u00e3o","publisher":{"@id":"https:\/\/regiaonews.net.br\/2022\/#organization"},"potentialAction":[{"@type":"SearchAction","target":{"@type":"EntryPoint","urlTemplate":"https:\/\/regiaonews.net.br\/2022\/?s={search_term_string}"},"query-input":{"@type":"PropertyValueSpecification","valueRequired":true,"valueName":"search_term_string"}}],"inLanguage":"pt-BR"},{"@type":"Organization","@id":"https:\/\/regiaonews.net.br\/2022\/#organization","name":"Regi\u00e3o News","url":"https:\/\/regiaonews.net.br\/2022\/","logo":{"@type":"ImageObject","inLanguage":"pt-BR","@id":"https:\/\/regiaonews.net.br\/2022\/#\/schema\/logo\/image\/","url":"https:\/\/regiaonews.net.br\/2022\/wp-content\/uploads\/2026\/03\/regiao-13-anos-scaled.jpg","contentUrl":"https:\/\/regiaonews.net.br\/2022\/wp-content\/uploads\/2026\/03\/regiao-13-anos-scaled.jpg","width":2560,"height":635,"caption":"Regi\u00e3o News"},"image":{"@id":"https:\/\/regiaonews.net.br\/2022\/#\/schema\/logo\/image\/"}},{"@type":"Person","@id":"https:\/\/regiaonews.net.br\/2022\/#\/schema\/person\/2d205a608a5aa97ac279d7a5e6d89ad8","name":"Roberto","image":{"@type":"ImageObject","inLanguage":"pt-BR","@id":"https:\/\/secure.gravatar.com\/avatar\/42749d8b712ff9d59ca93dc150494e5b55a44134482993f5baeb97e61b7ecc89?s=96&d=mm&r=g","url":"https:\/\/secure.gravatar.com\/avatar\/42749d8b712ff9d59ca93dc150494e5b55a44134482993f5baeb97e61b7ecc89?s=96&d=mm&r=g","contentUrl":"https:\/\/secure.gravatar.com\/avatar\/42749d8b712ff9d59ca93dc150494e5b55a44134482993f5baeb97e61b7ecc89?s=96&d=mm&r=g","caption":"Roberto"},"url":"https:\/\/regiaonews.net.br\/2022\/author\/roberto\/"}]}},"publishpress_future_action":{"enabled":false,"date":"2026-05-04 06:05:13","action":"change-status","newStatus":"draft","terms":[],"taxonomy":"category","extraData":[]},"publishpress_future_workflow_manual_trigger":{"enabledWorkflows":[]},"_links":{"self":[{"href":"https:\/\/regiaonews.net.br\/2022\/wp-json\/wp\/v2\/posts\/99539","targetHints":{"allow":["GET"]}}],"collection":[{"href":"https:\/\/regiaonews.net.br\/2022\/wp-json\/wp\/v2\/posts"}],"about":[{"href":"https:\/\/regiaonews.net.br\/2022\/wp-json\/wp\/v2\/types\/post"}],"author":[{"embeddable":true,"href":"https:\/\/regiaonews.net.br\/2022\/wp-json\/wp\/v2\/users\/2"}],"replies":[{"embeddable":true,"href":"https:\/\/regiaonews.net.br\/2022\/wp-json\/wp\/v2\/comments?post=99539"}],"version-history":[{"count":2,"href":"https:\/\/regiaonews.net.br\/2022\/wp-json\/wp\/v2\/posts\/99539\/revisions"}],"predecessor-version":[{"id":99543,"href":"https:\/\/regiaonews.net.br\/2022\/wp-json\/wp\/v2\/posts\/99539\/revisions\/99543"}],"wp:featuredmedia":[{"embeddable":true,"href":"https:\/\/regiaonews.net.br\/2022\/wp-json\/wp\/v2\/media\/99540"}],"wp:attachment":[{"href":"https:\/\/regiaonews.net.br\/2022\/wp-json\/wp\/v2\/media?parent=99539"}],"wp:term":[{"taxonomy":"category","embeddable":true,"href":"https:\/\/regiaonews.net.br\/2022\/wp-json\/wp\/v2\/categories?post=99539"},{"taxonomy":"post_tag","embeddable":true,"href":"https:\/\/regiaonews.net.br\/2022\/wp-json\/wp\/v2\/tags?post=99539"}],"curies":[{"name":"wp","href":"https:\/\/api.w.org\/{rel}","templated":true}]}}