{"id":99534,"date":"2023-12-26T18:57:48","date_gmt":"2023-12-26T21:57:48","guid":{"rendered":"https:\/\/regiaonews.net.br\/2022\/?p=99534"},"modified":"2023-12-26T19:03:54","modified_gmt":"2023-12-26T22:03:54","slug":"apreensao-de-drogas-cresce-12-e-chega-a-250-toneladas-de-janeiro-a-novembro-no-estado-2","status":"publish","type":"post","link":"https:\/\/regiaonews.net.br\/2022\/2023\/12\/26\/apreensao-de-drogas-cresce-12-e-chega-a-250-toneladas-de-janeiro-a-novembro-no-estado-2\/","title":{"rendered":"Apreens\u00e3o de drogas cresce 12% e chega a 250 toneladas de janeiro a novembro no Estado"},"content":{"rendered":"<div class=\"col-lg-12 mt-4 justify\">\n<h3 class=\"justify\"><span style=\"font-size: 16px;\">N\u00famero \u00e9 o terceiro maior da hist\u00f3ria para o per\u00edodo de 11 meses<\/span><\/h3>\n<\/div>\n<div class=\"col-lg-12 mt-3 justify\">\n<div>\n<div>As for\u00e7as de seguran\u00e7a do Estado de S\u00e3o Paulo apreenderam 250,4 toneladas de entorpecentes de janeiro a novembro. O n\u00famero representa uma alta de 12% em rela\u00e7\u00e3o ao mesmo per\u00edodo de 2022, quando foram apreendidas 223 toneladas.<\/div>\n<div><\/div>\n<div>Apenas no m\u00eas de novembro, 9,8 toneladas de drogas foram apreendidas no Estado.<\/div>\n<div><\/div>\n<div>A quantidade registrada nos 11 meses do ano \u00e9 a terceira maior da hist\u00f3ria, atr\u00e1s apenas das apreens\u00f5es de 2020 e 2021.<\/div>\n<div><\/div>\n<div>O n\u00famero \u00e9 resultado do empenho das pol\u00edcias, que desenvolvem a\u00e7\u00f5es constantes em todo o Estado para localizar entorpecentes e prender traficantes.<\/div>\n<div><\/div>\n<div>Somente nas 3 fases da Opera\u00e7\u00e3o Impacto SULMaSSP \u2013 realizada em conjunto com equipes do Paran\u00e1, Mato Grosso do Sul, Santa Catarina e Rio Grande do Sul \u2013 foram apreendidas 21,3 toneladas de entorpecentes.<\/div>\n<div><\/div>\n<div><b>Outras estat\u00edsticas<\/b><\/div>\n<div><\/div>\n<div>Outro destaque no acumulado do ano foi o crescimento de 6% no n\u00famero de pessoas presas e apreendidas, que passou de 162.468 para 172.223. No \u00faltimo m\u00eas, a alta foi de 13%, de 13.335 para 15.070.<\/div>\n<div><\/div>\n<div>No m\u00eas de novembro, 5.639 ve\u00edculos foram recuperados, 55,2% a mais do que no mesmo m\u00eas do ano passado, quando foram 3.633. De janeiro a novembro foram 43.274 ve\u00edculos recuperados, o que representa alta de 13,4% em rela\u00e7\u00e3o a 2022.<\/div>\n<div><\/div>\n<div>O n\u00famero de armas ilegais recolhidas tamb\u00e9m subiu de janeiro a novembro. Foram 10.487, 12,6% do que em 2022.<\/div>\n<div><\/div>\n<div><b>Ocorr\u00eancias<\/b><\/div>\n<div><b>\u00a0<\/b><\/div>\n<div>Em novembro os roubos de ve\u00edculos ca\u00edram 22,2% em rela\u00e7\u00e3o ao mesmo m\u00eas em 2022. Houve queda tamb\u00e9m de 9% no acumulado do ano.<\/div>\n<div><\/div>\n<div>Os furtos de ve\u00edculos, por sua vez, tamb\u00e9m tiveram queda significativa em ambos os comparativos. Em novembro a redu\u00e7\u00e3o foi de 10,4%. No acumulado do ano a queda ficou em 2,2%.<\/div>\n<div><\/div>\n<div>Os \u00edndices de homic\u00eddios dolosos ca\u00edram 4,1% em novembro. J\u00e1 no acumulado do ano, a queda foi ainda maior, de 10,9% na compara\u00e7\u00e3o com o ano passado.<\/div>\n<\/div>\n<\/div>\n","protected":false},"excerpt":{"rendered":"<p>N\u00famero \u00e9 o terceiro maior da hist\u00f3ria para o per\u00edodo<\/p>\n","protected":false},"author":2,"featured_media":72778,"comment_status":"open","ping_status":"open","sticky":false,"template":"","format":"standard","meta":{"footnotes":""},"categories":[7,23],"tags":[],"class_list":["post-99534","post","type-post","status-publish","format-standard","has-post-thumbnail","hentry","category-estado-de-sao-paulo","category-policia"],"yoast_head":"<!-- This site is optimized with the Yoast SEO plugin v27.4 - https:\/\/yoast.com\/product\/yoast-seo-wordpress\/ -->\n<title>Apreens\u00e3o de drogas cresce 12% e chega a 250 toneladas de janeiro a novembro no Estado - Regi\u00e3o News<\/title>\n<meta name=\"robots\" content=\"index, follow, max-snippet:-1, max-image-preview:large, max-video-preview:-1\" \/>\n<link rel=\"canonical\" href=\"https:\/\/regiaonews.net.br\/2022\/2023\/12\/26\/apreensao-de-drogas-cresce-12-e-chega-a-250-toneladas-de-janeiro-a-novembro-no-estado-2\/\" \/>\n<meta property=\"og:locale\" content=\"pt_BR\" \/>\n<meta property=\"og:type\" content=\"article\" \/>\n<meta property=\"og:title\" content=\"Apreens\u00e3o de drogas cresce 12% e chega a 250 toneladas de janeiro a novembro no Estado - Regi\u00e3o News\" \/>\n<meta property=\"og:description\" content=\"N\u00famero \u00e9 o terceiro maior da hist\u00f3ria para o per\u00edodo\" \/>\n<meta property=\"og:url\" content=\"https:\/\/regiaonews.net.br\/2022\/2023\/12\/26\/apreensao-de-drogas-cresce-12-e-chega-a-250-toneladas-de-janeiro-a-novembro-no-estado-2\/\" \/>\n<meta property=\"og:site_name\" content=\"Regi\u00e3o News\" \/>\n<meta property=\"article:published_time\" content=\"2023-12-26T21:57:48+00:00\" \/>\n<meta property=\"article:modified_time\" content=\"2023-12-26T22:03:54+00:00\" \/>\n<meta property=\"og:image\" content=\"https:\/\/regiaonews.net.br\/2022\/wp-content\/uploads\/2022\/06\/apreensao-drogas-07-06.png\" \/>\n\t<meta property=\"og:image:width\" content=\"984\" \/>\n\t<meta property=\"og:image:height\" content=\"554\" \/>\n\t<meta property=\"og:image:type\" content=\"image\/png\" \/>\n<meta name=\"author\" content=\"Roberto\" \/>\n<meta name=\"twitter:card\" content=\"summary_large_image\" \/>\n<meta name=\"twitter:label1\" content=\"Escrito por\" \/>\n\t<meta name=\"twitter:data1\" content=\"Roberto\" \/>\n\t<meta name=\"twitter:label2\" content=\"Est. tempo de leitura\" \/>\n\t<meta name=\"twitter:data2\" content=\"2 minutos\" \/>\n<script type=\"application\/ld+json\" class=\"yoast-schema-graph\">{\"@context\":\"https:\\\/\\\/schema.org\",\"@graph\":[{\"@type\":\"Article\",\"@id\":\"https:\\\/\\\/regiaonews.net.br\\\/2022\\\/2023\\\/12\\\/26\\\/apreensao-de-drogas-cresce-12-e-chega-a-250-toneladas-de-janeiro-a-novembro-no-estado-2\\\/#article\",\"isPartOf\":{\"@id\":\"https:\\\/\\\/regiaonews.net.br\\\/2022\\\/2023\\\/12\\\/26\\\/apreensao-de-drogas-cresce-12-e-chega-a-250-toneladas-de-janeiro-a-novembro-no-estado-2\\\/\"},\"author\":{\"name\":\"Roberto\",\"@id\":\"https:\\\/\\\/regiaonews.net.br\\\/2022\\\/#\\\/schema\\\/person\\\/2d205a608a5aa97ac279d7a5e6d89ad8\"},\"headline\":\"Apreens\u00e3o de drogas cresce 12% e chega a 250 toneladas de janeiro a novembro no Estado\",\"datePublished\":\"2023-12-26T21:57:48+00:00\",\"dateModified\":\"2023-12-26T22:03:54+00:00\",\"mainEntityOfPage\":{\"@id\":\"https:\\\/\\\/regiaonews.net.br\\\/2022\\\/2023\\\/12\\\/26\\\/apreensao-de-drogas-cresce-12-e-chega-a-250-toneladas-de-janeiro-a-novembro-no-estado-2\\\/\"},\"wordCount\":337,\"commentCount\":0,\"publisher\":{\"@id\":\"https:\\\/\\\/regiaonews.net.br\\\/2022\\\/#organization\"},\"image\":{\"@id\":\"https:\\\/\\\/regiaonews.net.br\\\/2022\\\/2023\\\/12\\\/26\\\/apreensao-de-drogas-cresce-12-e-chega-a-250-toneladas-de-janeiro-a-novembro-no-estado-2\\\/#primaryimage\"},\"thumbnailUrl\":\"https:\\\/\\\/regiaonews.net.br\\\/2022\\\/wp-content\\\/uploads\\\/2022\\\/06\\\/apreensao-drogas-07-06.png\",\"articleSection\":[\"Estado de S\u00e3o Paulo\",\"Policia\"],\"inLanguage\":\"pt-BR\",\"potentialAction\":[{\"@type\":\"CommentAction\",\"name\":\"Comment\",\"target\":[\"https:\\\/\\\/regiaonews.net.br\\\/2022\\\/2023\\\/12\\\/26\\\/apreensao-de-drogas-cresce-12-e-chega-a-250-toneladas-de-janeiro-a-novembro-no-estado-2\\\/#respond\"]}]},{\"@type\":\"WebPage\",\"@id\":\"https:\\\/\\\/regiaonews.net.br\\\/2022\\\/2023\\\/12\\\/26\\\/apreensao-de-drogas-cresce-12-e-chega-a-250-toneladas-de-janeiro-a-novembro-no-estado-2\\\/\",\"url\":\"https:\\\/\\\/regiaonews.net.br\\\/2022\\\/2023\\\/12\\\/26\\\/apreensao-de-drogas-cresce-12-e-chega-a-250-toneladas-de-janeiro-a-novembro-no-estado-2\\\/\",\"name\":\"Apreens\u00e3o de drogas cresce 12% e chega a 250 toneladas de janeiro a novembro no Estado - Regi\u00e3o News\",\"isPartOf\":{\"@id\":\"https:\\\/\\\/regiaonews.net.br\\\/2022\\\/#website\"},\"primaryImageOfPage\":{\"@id\":\"https:\\\/\\\/regiaonews.net.br\\\/2022\\\/2023\\\/12\\\/26\\\/apreensao-de-drogas-cresce-12-e-chega-a-250-toneladas-de-janeiro-a-novembro-no-estado-2\\\/#primaryimage\"},\"image\":{\"@id\":\"https:\\\/\\\/regiaonews.net.br\\\/2022\\\/2023\\\/12\\\/26\\\/apreensao-de-drogas-cresce-12-e-chega-a-250-toneladas-de-janeiro-a-novembro-no-estado-2\\\/#primaryimage\"},\"thumbnailUrl\":\"https:\\\/\\\/regiaonews.net.br\\\/2022\\\/wp-content\\\/uploads\\\/2022\\\/06\\\/apreensao-drogas-07-06.png\",\"datePublished\":\"2023-12-26T21:57:48+00:00\",\"dateModified\":\"2023-12-26T22:03:54+00:00\",\"breadcrumb\":{\"@id\":\"https:\\\/\\\/regiaonews.net.br\\\/2022\\\/2023\\\/12\\\/26\\\/apreensao-de-drogas-cresce-12-e-chega-a-250-toneladas-de-janeiro-a-novembro-no-estado-2\\\/#breadcrumb\"},\"inLanguage\":\"pt-BR\",\"potentialAction\":[{\"@type\":\"ReadAction\",\"target\":[\"https:\\\/\\\/regiaonews.net.br\\\/2022\\\/2023\\\/12\\\/26\\\/apreensao-de-drogas-cresce-12-e-chega-a-250-toneladas-de-janeiro-a-novembro-no-estado-2\\\/\"]}]},{\"@type\":\"ImageObject\",\"inLanguage\":\"pt-BR\",\"@id\":\"https:\\\/\\\/regiaonews.net.br\\\/2022\\\/2023\\\/12\\\/26\\\/apreensao-de-drogas-cresce-12-e-chega-a-250-toneladas-de-janeiro-a-novembro-no-estado-2\\\/#primaryimage\",\"url\":\"https:\\\/\\\/regiaonews.net.br\\\/2022\\\/wp-content\\\/uploads\\\/2022\\\/06\\\/apreensao-drogas-07-06.png\",\"contentUrl\":\"https:\\\/\\\/regiaonews.net.br\\\/2022\\\/wp-content\\\/uploads\\\/2022\\\/06\\\/apreensao-drogas-07-06.png\",\"width\":984,\"height\":554,\"caption\":\"Drogas apreendidas pela Pol\u00edcia Militar na noite de segunda (6), na Zona Sul de SP \u2014 Foto: Reprodu\u00e7\u00e3o\\\/TV Globo\"},{\"@type\":\"BreadcrumbList\",\"@id\":\"https:\\\/\\\/regiaonews.net.br\\\/2022\\\/2023\\\/12\\\/26\\\/apreensao-de-drogas-cresce-12-e-chega-a-250-toneladas-de-janeiro-a-novembro-no-estado-2\\\/#breadcrumb\",\"itemListElement\":[{\"@type\":\"ListItem\",\"position\":1,\"name\":\"In\u00edcio\",\"item\":\"https:\\\/\\\/regiaonews.net.br\\\/2022\\\/\"},{\"@type\":\"ListItem\",\"position\":2,\"name\":\"Apreens\u00e3o de drogas cresce 12% e chega a 250 toneladas de janeiro a novembro no Estado\"}]},{\"@type\":\"WebSite\",\"@id\":\"https:\\\/\\\/regiaonews.net.br\\\/2022\\\/#website\",\"url\":\"https:\\\/\\\/regiaonews.net.br\\\/2022\\\/\",\"name\":\"Regi\u00e3o News\",\"description\":\"Site de Not\u00edcias de Barretos e regi\u00e3o\",\"publisher\":{\"@id\":\"https:\\\/\\\/regiaonews.net.br\\\/2022\\\/#organization\"},\"potentialAction\":[{\"@type\":\"SearchAction\",\"target\":{\"@type\":\"EntryPoint\",\"urlTemplate\":\"https:\\\/\\\/regiaonews.net.br\\\/2022\\\/?s={search_term_string}\"},\"query-input\":{\"@type\":\"PropertyValueSpecification\",\"valueRequired\":true,\"valueName\":\"search_term_string\"}}],\"inLanguage\":\"pt-BR\"},{\"@type\":\"Organization\",\"@id\":\"https:\\\/\\\/regiaonews.net.br\\\/2022\\\/#organization\",\"name\":\"Regi\u00e3o News\",\"url\":\"https:\\\/\\\/regiaonews.net.br\\\/2022\\\/\",\"logo\":{\"@type\":\"ImageObject\",\"inLanguage\":\"pt-BR\",\"@id\":\"https:\\\/\\\/regiaonews.net.br\\\/2022\\\/#\\\/schema\\\/logo\\\/image\\\/\",\"url\":\"https:\\\/\\\/regiaonews.net.br\\\/2022\\\/wp-content\\\/uploads\\\/2026\\\/03\\\/regiao-13-anos-scaled.jpg\",\"contentUrl\":\"https:\\\/\\\/regiaonews.net.br\\\/2022\\\/wp-content\\\/uploads\\\/2026\\\/03\\\/regiao-13-anos-scaled.jpg\",\"width\":2560,\"height\":635,\"caption\":\"Regi\u00e3o News\"},\"image\":{\"@id\":\"https:\\\/\\\/regiaonews.net.br\\\/2022\\\/#\\\/schema\\\/logo\\\/image\\\/\"}},{\"@type\":\"Person\",\"@id\":\"https:\\\/\\\/regiaonews.net.br\\\/2022\\\/#\\\/schema\\\/person\\\/2d205a608a5aa97ac279d7a5e6d89ad8\",\"name\":\"Roberto\",\"image\":{\"@type\":\"ImageObject\",\"inLanguage\":\"pt-BR\",\"@id\":\"https:\\\/\\\/secure.gravatar.com\\\/avatar\\\/42749d8b712ff9d59ca93dc150494e5b55a44134482993f5baeb97e61b7ecc89?s=96&d=mm&r=g\",\"url\":\"https:\\\/\\\/secure.gravatar.com\\\/avatar\\\/42749d8b712ff9d59ca93dc150494e5b55a44134482993f5baeb97e61b7ecc89?s=96&d=mm&r=g\",\"contentUrl\":\"https:\\\/\\\/secure.gravatar.com\\\/avatar\\\/42749d8b712ff9d59ca93dc150494e5b55a44134482993f5baeb97e61b7ecc89?s=96&d=mm&r=g\",\"caption\":\"Roberto\"},\"url\":\"https:\\\/\\\/regiaonews.net.br\\\/2022\\\/author\\\/roberto\\\/\"}]}<\/script>\n<!-- \/ Yoast SEO plugin. -->","yoast_head_json":{"title":"Apreens\u00e3o de drogas cresce 12% e chega a 250 toneladas de janeiro a novembro no Estado - Regi\u00e3o News","robots":{"index":"index","follow":"follow","max-snippet":"max-snippet:-1","max-image-preview":"max-image-preview:large","max-video-preview":"max-video-preview:-1"},"canonical":"https:\/\/regiaonews.net.br\/2022\/2023\/12\/26\/apreensao-de-drogas-cresce-12-e-chega-a-250-toneladas-de-janeiro-a-novembro-no-estado-2\/","og_locale":"pt_BR","og_type":"article","og_title":"Apreens\u00e3o de drogas cresce 12% e chega a 250 toneladas de janeiro a novembro no Estado - Regi\u00e3o News","og_description":"N\u00famero \u00e9 o terceiro maior da hist\u00f3ria para o per\u00edodo","og_url":"https:\/\/regiaonews.net.br\/2022\/2023\/12\/26\/apreensao-de-drogas-cresce-12-e-chega-a-250-toneladas-de-janeiro-a-novembro-no-estado-2\/","og_site_name":"Regi\u00e3o News","article_published_time":"2023-12-26T21:57:48+00:00","article_modified_time":"2023-12-26T22:03:54+00:00","og_image":[{"width":984,"height":554,"url":"https:\/\/regiaonews.net.br\/2022\/wp-content\/uploads\/2022\/06\/apreensao-drogas-07-06.png","type":"image\/png"}],"author":"Roberto","twitter_card":"summary_large_image","twitter_misc":{"Escrito por":"Roberto","Est. tempo de leitura":"2 minutos"},"schema":{"@context":"https:\/\/schema.org","@graph":[{"@type":"Article","@id":"https:\/\/regiaonews.net.br\/2022\/2023\/12\/26\/apreensao-de-drogas-cresce-12-e-chega-a-250-toneladas-de-janeiro-a-novembro-no-estado-2\/#article","isPartOf":{"@id":"https:\/\/regiaonews.net.br\/2022\/2023\/12\/26\/apreensao-de-drogas-cresce-12-e-chega-a-250-toneladas-de-janeiro-a-novembro-no-estado-2\/"},"author":{"name":"Roberto","@id":"https:\/\/regiaonews.net.br\/2022\/#\/schema\/person\/2d205a608a5aa97ac279d7a5e6d89ad8"},"headline":"Apreens\u00e3o de drogas cresce 12% e chega a 250 toneladas de janeiro a novembro no Estado","datePublished":"2023-12-26T21:57:48+00:00","dateModified":"2023-12-26T22:03:54+00:00","mainEntityOfPage":{"@id":"https:\/\/regiaonews.net.br\/2022\/2023\/12\/26\/apreensao-de-drogas-cresce-12-e-chega-a-250-toneladas-de-janeiro-a-novembro-no-estado-2\/"},"wordCount":337,"commentCount":0,"publisher":{"@id":"https:\/\/regiaonews.net.br\/2022\/#organization"},"image":{"@id":"https:\/\/regiaonews.net.br\/2022\/2023\/12\/26\/apreensao-de-drogas-cresce-12-e-chega-a-250-toneladas-de-janeiro-a-novembro-no-estado-2\/#primaryimage"},"thumbnailUrl":"https:\/\/regiaonews.net.br\/2022\/wp-content\/uploads\/2022\/06\/apreensao-drogas-07-06.png","articleSection":["Estado de S\u00e3o Paulo","Policia"],"inLanguage":"pt-BR","potentialAction":[{"@type":"CommentAction","name":"Comment","target":["https:\/\/regiaonews.net.br\/2022\/2023\/12\/26\/apreensao-de-drogas-cresce-12-e-chega-a-250-toneladas-de-janeiro-a-novembro-no-estado-2\/#respond"]}]},{"@type":"WebPage","@id":"https:\/\/regiaonews.net.br\/2022\/2023\/12\/26\/apreensao-de-drogas-cresce-12-e-chega-a-250-toneladas-de-janeiro-a-novembro-no-estado-2\/","url":"https:\/\/regiaonews.net.br\/2022\/2023\/12\/26\/apreensao-de-drogas-cresce-12-e-chega-a-250-toneladas-de-janeiro-a-novembro-no-estado-2\/","name":"Apreens\u00e3o de drogas cresce 12% e chega a 250 toneladas de janeiro a novembro no Estado - Regi\u00e3o News","isPartOf":{"@id":"https:\/\/regiaonews.net.br\/2022\/#website"},"primaryImageOfPage":{"@id":"https:\/\/regiaonews.net.br\/2022\/2023\/12\/26\/apreensao-de-drogas-cresce-12-e-chega-a-250-toneladas-de-janeiro-a-novembro-no-estado-2\/#primaryimage"},"image":{"@id":"https:\/\/regiaonews.net.br\/2022\/2023\/12\/26\/apreensao-de-drogas-cresce-12-e-chega-a-250-toneladas-de-janeiro-a-novembro-no-estado-2\/#primaryimage"},"thumbnailUrl":"https:\/\/regiaonews.net.br\/2022\/wp-content\/uploads\/2022\/06\/apreensao-drogas-07-06.png","datePublished":"2023-12-26T21:57:48+00:00","dateModified":"2023-12-26T22:03:54+00:00","breadcrumb":{"@id":"https:\/\/regiaonews.net.br\/2022\/2023\/12\/26\/apreensao-de-drogas-cresce-12-e-chega-a-250-toneladas-de-janeiro-a-novembro-no-estado-2\/#breadcrumb"},"inLanguage":"pt-BR","potentialAction":[{"@type":"ReadAction","target":["https:\/\/regiaonews.net.br\/2022\/2023\/12\/26\/apreensao-de-drogas-cresce-12-e-chega-a-250-toneladas-de-janeiro-a-novembro-no-estado-2\/"]}]},{"@type":"ImageObject","inLanguage":"pt-BR","@id":"https:\/\/regiaonews.net.br\/2022\/2023\/12\/26\/apreensao-de-drogas-cresce-12-e-chega-a-250-toneladas-de-janeiro-a-novembro-no-estado-2\/#primaryimage","url":"https:\/\/regiaonews.net.br\/2022\/wp-content\/uploads\/2022\/06\/apreensao-drogas-07-06.png","contentUrl":"https:\/\/regiaonews.net.br\/2022\/wp-content\/uploads\/2022\/06\/apreensao-drogas-07-06.png","width":984,"height":554,"caption":"Drogas apreendidas pela Pol\u00edcia Militar na noite de segunda (6), na Zona Sul de SP \u2014 Foto: Reprodu\u00e7\u00e3o\/TV Globo"},{"@type":"BreadcrumbList","@id":"https:\/\/regiaonews.net.br\/2022\/2023\/12\/26\/apreensao-de-drogas-cresce-12-e-chega-a-250-toneladas-de-janeiro-a-novembro-no-estado-2\/#breadcrumb","itemListElement":[{"@type":"ListItem","position":1,"name":"In\u00edcio","item":"https:\/\/regiaonews.net.br\/2022\/"},{"@type":"ListItem","position":2,"name":"Apreens\u00e3o de drogas cresce 12% e chega a 250 toneladas de janeiro a novembro no Estado"}]},{"@type":"WebSite","@id":"https:\/\/regiaonews.net.br\/2022\/#website","url":"https:\/\/regiaonews.net.br\/2022\/","name":"Regi\u00e3o News","description":"Site de Not\u00edcias de Barretos e regi\u00e3o","publisher":{"@id":"https:\/\/regiaonews.net.br\/2022\/#organization"},"potentialAction":[{"@type":"SearchAction","target":{"@type":"EntryPoint","urlTemplate":"https:\/\/regiaonews.net.br\/2022\/?s={search_term_string}"},"query-input":{"@type":"PropertyValueSpecification","valueRequired":true,"valueName":"search_term_string"}}],"inLanguage":"pt-BR"},{"@type":"Organization","@id":"https:\/\/regiaonews.net.br\/2022\/#organization","name":"Regi\u00e3o News","url":"https:\/\/regiaonews.net.br\/2022\/","logo":{"@type":"ImageObject","inLanguage":"pt-BR","@id":"https:\/\/regiaonews.net.br\/2022\/#\/schema\/logo\/image\/","url":"https:\/\/regiaonews.net.br\/2022\/wp-content\/uploads\/2026\/03\/regiao-13-anos-scaled.jpg","contentUrl":"https:\/\/regiaonews.net.br\/2022\/wp-content\/uploads\/2026\/03\/regiao-13-anos-scaled.jpg","width":2560,"height":635,"caption":"Regi\u00e3o News"},"image":{"@id":"https:\/\/regiaonews.net.br\/2022\/#\/schema\/logo\/image\/"}},{"@type":"Person","@id":"https:\/\/regiaonews.net.br\/2022\/#\/schema\/person\/2d205a608a5aa97ac279d7a5e6d89ad8","name":"Roberto","image":{"@type":"ImageObject","inLanguage":"pt-BR","@id":"https:\/\/secure.gravatar.com\/avatar\/42749d8b712ff9d59ca93dc150494e5b55a44134482993f5baeb97e61b7ecc89?s=96&d=mm&r=g","url":"https:\/\/secure.gravatar.com\/avatar\/42749d8b712ff9d59ca93dc150494e5b55a44134482993f5baeb97e61b7ecc89?s=96&d=mm&r=g","contentUrl":"https:\/\/secure.gravatar.com\/avatar\/42749d8b712ff9d59ca93dc150494e5b55a44134482993f5baeb97e61b7ecc89?s=96&d=mm&r=g","caption":"Roberto"},"url":"https:\/\/regiaonews.net.br\/2022\/author\/roberto\/"}]}},"publishpress_future_action":{"enabled":false,"date":"2026-05-04 02:59:52","action":"change-status","newStatus":"draft","terms":[],"taxonomy":"category","extraData":[]},"publishpress_future_workflow_manual_trigger":{"enabledWorkflows":[]},"_links":{"self":[{"href":"https:\/\/regiaonews.net.br\/2022\/wp-json\/wp\/v2\/posts\/99534","targetHints":{"allow":["GET"]}}],"collection":[{"href":"https:\/\/regiaonews.net.br\/2022\/wp-json\/wp\/v2\/posts"}],"about":[{"href":"https:\/\/regiaonews.net.br\/2022\/wp-json\/wp\/v2\/types\/post"}],"author":[{"embeddable":true,"href":"https:\/\/regiaonews.net.br\/2022\/wp-json\/wp\/v2\/users\/2"}],"replies":[{"embeddable":true,"href":"https:\/\/regiaonews.net.br\/2022\/wp-json\/wp\/v2\/comments?post=99534"}],"version-history":[{"count":2,"href":"https:\/\/regiaonews.net.br\/2022\/wp-json\/wp\/v2\/posts\/99534\/revisions"}],"predecessor-version":[{"id":99536,"href":"https:\/\/regiaonews.net.br\/2022\/wp-json\/wp\/v2\/posts\/99534\/revisions\/99536"}],"wp:featuredmedia":[{"embeddable":true,"href":"https:\/\/regiaonews.net.br\/2022\/wp-json\/wp\/v2\/media\/72778"}],"wp:attachment":[{"href":"https:\/\/regiaonews.net.br\/2022\/wp-json\/wp\/v2\/media?parent=99534"}],"wp:term":[{"taxonomy":"category","embeddable":true,"href":"https:\/\/regiaonews.net.br\/2022\/wp-json\/wp\/v2\/categories?post=99534"},{"taxonomy":"post_tag","embeddable":true,"href":"https:\/\/regiaonews.net.br\/2022\/wp-json\/wp\/v2\/tags?post=99534"}],"curies":[{"name":"wp","href":"https:\/\/api.w.org\/{rel}","templated":true}]}}