{"id":99531,"date":"2023-12-26T18:55:47","date_gmt":"2023-12-26T21:55:47","guid":{"rendered":"https:\/\/regiaonews.net.br\/2022\/?p=99531"},"modified":"2023-12-26T18:55:47","modified_gmt":"2023-12-26T21:55:47","slug":"programa-fala-barretos-retoma-atendimento-dia-8-de-janeiro","status":"publish","type":"post","link":"https:\/\/regiaonews.net.br\/2022\/2023\/12\/26\/programa-fala-barretos-retoma-atendimento-dia-8-de-janeiro\/","title":{"rendered":"Programa \u201cFala Barretos\u201d retoma atendimento dia 8 de janeiro"},"content":{"rendered":"<p>&nbsp;<\/p>\n<p>Cerca de 30 mun\u00edcipes foram recebidos pela prefeita Paula Lemos no primeiro m\u00eas de \u2018gabinete aberto\u2019<\/p>\n<p>O programa \u201cFala Barretos\u201c, iniciativa da prefeita Paula Lemos, em abrir o seu gabinete \u00e0 popula\u00e7\u00e3o e ouvir as demandas e sugest\u00f5es dos mun\u00edcipes, retoma no pr\u00f3ximo dia 8 de janeiro. Desde que foi iniciado em 27 de novembro, cerca de 30 mun\u00edcipes j\u00e1 foram recebidos pela Chefe do Executivo e tiveram suas demandas encaminhadas \u00e0s secretarias respons\u00e1veis para provid\u00eancias.<\/p>\n<p>Com atendimento todas as segundas-feiras, das 10h \u00e0s 12h, no Pa\u00e7o Municipal, o programa \u00e9 mais um canal de relacionamento entre a Prefeitura e a comunidade e tem como objetivo buscar solu\u00e7\u00f5es para os problemas da cidade. \u201c\u00c9 uma iniciativa que veio para ficar. O primeiro m\u00eas de gabinete aberto \u00e0 popula\u00e7\u00e3o foi muito gratificante e produtivo. Receber a popula\u00e7\u00e3o, poder ouvir as demandas, orientar e conhecer hist\u00f3rias de pessoas que fazem de Barretos uma cidade t\u00e3o especial foi maravilhoso. Foram quatro dias de atendimento que correspondem por meses de trabalho\u201d, destacou a prefeita Paula Lemos.<\/p>\n<p>Popula\u00e7\u00e3o aprova a iniciativa<\/p>\n<p>A t\u00e9cnica de enfermagem e empreendedora Luciane Duarte Menezes conta que procurou a chefe do Executivo para fazer um agradecimento e por conta de uma demanda sobre sa\u00fade. \u201cEssa atitude de a pr\u00f3pria prefeita atender os mun\u00edcipes direto na prefeitura \u00e9 muito importante. N\u00e3o tem chances da informa\u00e7\u00e3o se perder pelo caminho, a gente pode trazer diretamente para ela\u201d, ressaltou.<br \/>\nO comerciante Ademir Alves da Silva tamb\u00e9m aproveitou a oportunidade proporcionada por meio do programa para falar com a prefeita Paula. \u201cNo t\u00eate-\u00e0-t\u00eate, no olho a olho \u00e9 melhor do que por papel, que teria que encaminhar por v\u00e1rias pessoas at\u00e9 chegar na m\u00e3o dela. N\u00e3o se trata de passar por cima de ningu\u00e9m, mas \u00e9 poder falar direto com ela para expormos de forma objetiva qual \u00e9 a necessidade. Vim no hor\u00e1rio de atendimento do programa e no mesmo dia j\u00e1 foi poss\u00edvel falar direto com ela. \u00c9 uma iniciativa muito importante\u201d, afirmou.<\/p>\n<p>Atendimento semanal<\/p>\n<p>O \u2018gabinete aberto\u2019 \u00e9 uma iniciativa que integra as a\u00e7\u00f5es de gest\u00e3o participativa e o Plano de Governo da atual Administra\u00e7\u00e3o Municipal. Tem como objetivo aproximar o mun\u00edcipe do Poder P\u00fablico e incentivar a pr\u00e1tica da cidadania. Os atendimentos s\u00e3o realizados no Pa\u00e7o Municipal \u00e0s segundas-feiras, das 10h \u00e0s 12h (exceto em datas de agenda governamental e feriados).<\/p>\n<p>Os encontros com a chefe do Executivo s\u00e3o individuais, com at\u00e9 20 minutos de dura\u00e7\u00e3o, e realizados por ordem de chegada, a partir das 9h30, quando inicia o cadastro do mun\u00edcipe a e triagem sobre a demanda a ser apresentada.<\/p>\n<p>Todo o processo tem o acompanhamento da Ouvidoria Municipal, a fim de gerar um protocolo, por meio do qual ser\u00e1 realizado o acompanhamento.<\/p>\n<p>Servi\u00e7o:<br \/>\nPrograma \u201cFala Barretos\u201d (encontro com a prefeita)<br \/>\nLocal: Pa\u00e7o Municipal (Av. Almirante Gago Countinho, n. 500)<br \/>\nSegundas-feiras, das 10h \u00e0s 12h (atendimento por ordem de chegada)<br \/>\nCadastro e triagem a partir das 9h30.<\/p>\n","protected":false},"excerpt":{"rendered":"<p>&nbsp; Cerca de 30 mun\u00edcipes foram recebidos pela prefeita Paula<\/p>\n","protected":false},"author":2,"featured_media":99532,"comment_status":"open","ping_status":"open","sticky":false,"template":"","format":"standard","meta":{"footnotes":""},"categories":[14,25],"tags":[],"class_list":["post-99531","post","type-post","status-publish","format-standard","has-post-thumbnail","hentry","category-barretos","category-cidades"],"yoast_head":"<!-- This site is optimized with the Yoast SEO plugin v27.4 - https:\/\/yoast.com\/product\/yoast-seo-wordpress\/ -->\n<title>Programa \u201cFala Barretos\u201d retoma atendimento dia 8 de janeiro - Regi\u00e3o News<\/title>\n<meta name=\"robots\" content=\"index, follow, max-snippet:-1, max-image-preview:large, max-video-preview:-1\" \/>\n<link rel=\"canonical\" href=\"https:\/\/regiaonews.net.br\/2022\/2023\/12\/26\/programa-fala-barretos-retoma-atendimento-dia-8-de-janeiro\/\" \/>\n<meta property=\"og:locale\" content=\"pt_BR\" \/>\n<meta property=\"og:type\" content=\"article\" \/>\n<meta property=\"og:title\" content=\"Programa \u201cFala Barretos\u201d retoma atendimento dia 8 de janeiro - Regi\u00e3o News\" \/>\n<meta property=\"og:description\" content=\"&nbsp; Cerca de 30 mun\u00edcipes foram recebidos pela prefeita Paula\" \/>\n<meta property=\"og:url\" content=\"https:\/\/regiaonews.net.br\/2022\/2023\/12\/26\/programa-fala-barretos-retoma-atendimento-dia-8-de-janeiro\/\" \/>\n<meta property=\"og:site_name\" content=\"Regi\u00e3o News\" \/>\n<meta property=\"article:published_time\" content=\"2023-12-26T21:55:47+00:00\" \/>\n<meta property=\"og:image\" content=\"https:\/\/regiaonews.net.br\/2022\/wp-content\/uploads\/2023\/12\/WhatsApp-Image-2023-12-26-at-17.29.30.jpeg\" \/>\n\t<meta property=\"og:image:width\" content=\"1600\" \/>\n\t<meta property=\"og:image:height\" content=\"1182\" \/>\n\t<meta property=\"og:image:type\" content=\"image\/jpeg\" \/>\n<meta name=\"author\" content=\"Roberto\" \/>\n<meta name=\"twitter:card\" content=\"summary_large_image\" \/>\n<meta name=\"twitter:label1\" content=\"Escrito por\" \/>\n\t<meta name=\"twitter:data1\" content=\"Roberto\" \/>\n\t<meta name=\"twitter:label2\" content=\"Est. tempo de leitura\" \/>\n\t<meta name=\"twitter:data2\" content=\"3 minutos\" \/>\n<script type=\"application\/ld+json\" class=\"yoast-schema-graph\">{\"@context\":\"https:\\\/\\\/schema.org\",\"@graph\":[{\"@type\":\"Article\",\"@id\":\"https:\\\/\\\/regiaonews.net.br\\\/2022\\\/2023\\\/12\\\/26\\\/programa-fala-barretos-retoma-atendimento-dia-8-de-janeiro\\\/#article\",\"isPartOf\":{\"@id\":\"https:\\\/\\\/regiaonews.net.br\\\/2022\\\/2023\\\/12\\\/26\\\/programa-fala-barretos-retoma-atendimento-dia-8-de-janeiro\\\/\"},\"author\":{\"name\":\"Roberto\",\"@id\":\"https:\\\/\\\/regiaonews.net.br\\\/2022\\\/#\\\/schema\\\/person\\\/2d205a608a5aa97ac279d7a5e6d89ad8\"},\"headline\":\"Programa \u201cFala Barretos\u201d retoma atendimento dia 8 de janeiro\",\"datePublished\":\"2023-12-26T21:55:47+00:00\",\"mainEntityOfPage\":{\"@id\":\"https:\\\/\\\/regiaonews.net.br\\\/2022\\\/2023\\\/12\\\/26\\\/programa-fala-barretos-retoma-atendimento-dia-8-de-janeiro\\\/\"},\"wordCount\":526,\"commentCount\":0,\"publisher\":{\"@id\":\"https:\\\/\\\/regiaonews.net.br\\\/2022\\\/#organization\"},\"image\":{\"@id\":\"https:\\\/\\\/regiaonews.net.br\\\/2022\\\/2023\\\/12\\\/26\\\/programa-fala-barretos-retoma-atendimento-dia-8-de-janeiro\\\/#primaryimage\"},\"thumbnailUrl\":\"https:\\\/\\\/regiaonews.net.br\\\/2022\\\/wp-content\\\/uploads\\\/2023\\\/12\\\/WhatsApp-Image-2023-12-26-at-17.29.30.jpeg\",\"articleSection\":[\"Barretos\",\"Cidades\"],\"inLanguage\":\"pt-BR\",\"potentialAction\":[{\"@type\":\"CommentAction\",\"name\":\"Comment\",\"target\":[\"https:\\\/\\\/regiaonews.net.br\\\/2022\\\/2023\\\/12\\\/26\\\/programa-fala-barretos-retoma-atendimento-dia-8-de-janeiro\\\/#respond\"]}]},{\"@type\":\"WebPage\",\"@id\":\"https:\\\/\\\/regiaonews.net.br\\\/2022\\\/2023\\\/12\\\/26\\\/programa-fala-barretos-retoma-atendimento-dia-8-de-janeiro\\\/\",\"url\":\"https:\\\/\\\/regiaonews.net.br\\\/2022\\\/2023\\\/12\\\/26\\\/programa-fala-barretos-retoma-atendimento-dia-8-de-janeiro\\\/\",\"name\":\"Programa \u201cFala Barretos\u201d retoma atendimento dia 8 de janeiro - Regi\u00e3o News\",\"isPartOf\":{\"@id\":\"https:\\\/\\\/regiaonews.net.br\\\/2022\\\/#website\"},\"primaryImageOfPage\":{\"@id\":\"https:\\\/\\\/regiaonews.net.br\\\/2022\\\/2023\\\/12\\\/26\\\/programa-fala-barretos-retoma-atendimento-dia-8-de-janeiro\\\/#primaryimage\"},\"image\":{\"@id\":\"https:\\\/\\\/regiaonews.net.br\\\/2022\\\/2023\\\/12\\\/26\\\/programa-fala-barretos-retoma-atendimento-dia-8-de-janeiro\\\/#primaryimage\"},\"thumbnailUrl\":\"https:\\\/\\\/regiaonews.net.br\\\/2022\\\/wp-content\\\/uploads\\\/2023\\\/12\\\/WhatsApp-Image-2023-12-26-at-17.29.30.jpeg\",\"datePublished\":\"2023-12-26T21:55:47+00:00\",\"breadcrumb\":{\"@id\":\"https:\\\/\\\/regiaonews.net.br\\\/2022\\\/2023\\\/12\\\/26\\\/programa-fala-barretos-retoma-atendimento-dia-8-de-janeiro\\\/#breadcrumb\"},\"inLanguage\":\"pt-BR\",\"potentialAction\":[{\"@type\":\"ReadAction\",\"target\":[\"https:\\\/\\\/regiaonews.net.br\\\/2022\\\/2023\\\/12\\\/26\\\/programa-fala-barretos-retoma-atendimento-dia-8-de-janeiro\\\/\"]}]},{\"@type\":\"ImageObject\",\"inLanguage\":\"pt-BR\",\"@id\":\"https:\\\/\\\/regiaonews.net.br\\\/2022\\\/2023\\\/12\\\/26\\\/programa-fala-barretos-retoma-atendimento-dia-8-de-janeiro\\\/#primaryimage\",\"url\":\"https:\\\/\\\/regiaonews.net.br\\\/2022\\\/wp-content\\\/uploads\\\/2023\\\/12\\\/WhatsApp-Image-2023-12-26-at-17.29.30.jpeg\",\"contentUrl\":\"https:\\\/\\\/regiaonews.net.br\\\/2022\\\/wp-content\\\/uploads\\\/2023\\\/12\\\/WhatsApp-Image-2023-12-26-at-17.29.30.jpeg\",\"width\":1600,\"height\":1182},{\"@type\":\"BreadcrumbList\",\"@id\":\"https:\\\/\\\/regiaonews.net.br\\\/2022\\\/2023\\\/12\\\/26\\\/programa-fala-barretos-retoma-atendimento-dia-8-de-janeiro\\\/#breadcrumb\",\"itemListElement\":[{\"@type\":\"ListItem\",\"position\":1,\"name\":\"In\u00edcio\",\"item\":\"https:\\\/\\\/regiaonews.net.br\\\/2022\\\/\"},{\"@type\":\"ListItem\",\"position\":2,\"name\":\"Programa \u201cFala Barretos\u201d retoma atendimento dia 8 de janeiro\"}]},{\"@type\":\"WebSite\",\"@id\":\"https:\\\/\\\/regiaonews.net.br\\\/2022\\\/#website\",\"url\":\"https:\\\/\\\/regiaonews.net.br\\\/2022\\\/\",\"name\":\"Regi\u00e3o News\",\"description\":\"Site de Not\u00edcias de Barretos e regi\u00e3o\",\"publisher\":{\"@id\":\"https:\\\/\\\/regiaonews.net.br\\\/2022\\\/#organization\"},\"potentialAction\":[{\"@type\":\"SearchAction\",\"target\":{\"@type\":\"EntryPoint\",\"urlTemplate\":\"https:\\\/\\\/regiaonews.net.br\\\/2022\\\/?s={search_term_string}\"},\"query-input\":{\"@type\":\"PropertyValueSpecification\",\"valueRequired\":true,\"valueName\":\"search_term_string\"}}],\"inLanguage\":\"pt-BR\"},{\"@type\":\"Organization\",\"@id\":\"https:\\\/\\\/regiaonews.net.br\\\/2022\\\/#organization\",\"name\":\"Regi\u00e3o News\",\"url\":\"https:\\\/\\\/regiaonews.net.br\\\/2022\\\/\",\"logo\":{\"@type\":\"ImageObject\",\"inLanguage\":\"pt-BR\",\"@id\":\"https:\\\/\\\/regiaonews.net.br\\\/2022\\\/#\\\/schema\\\/logo\\\/image\\\/\",\"url\":\"https:\\\/\\\/regiaonews.net.br\\\/2022\\\/wp-content\\\/uploads\\\/2026\\\/03\\\/regiao-13-anos-scaled.jpg\",\"contentUrl\":\"https:\\\/\\\/regiaonews.net.br\\\/2022\\\/wp-content\\\/uploads\\\/2026\\\/03\\\/regiao-13-anos-scaled.jpg\",\"width\":2560,\"height\":635,\"caption\":\"Regi\u00e3o News\"},\"image\":{\"@id\":\"https:\\\/\\\/regiaonews.net.br\\\/2022\\\/#\\\/schema\\\/logo\\\/image\\\/\"}},{\"@type\":\"Person\",\"@id\":\"https:\\\/\\\/regiaonews.net.br\\\/2022\\\/#\\\/schema\\\/person\\\/2d205a608a5aa97ac279d7a5e6d89ad8\",\"name\":\"Roberto\",\"image\":{\"@type\":\"ImageObject\",\"inLanguage\":\"pt-BR\",\"@id\":\"https:\\\/\\\/secure.gravatar.com\\\/avatar\\\/42749d8b712ff9d59ca93dc150494e5b55a44134482993f5baeb97e61b7ecc89?s=96&d=mm&r=g\",\"url\":\"https:\\\/\\\/secure.gravatar.com\\\/avatar\\\/42749d8b712ff9d59ca93dc150494e5b55a44134482993f5baeb97e61b7ecc89?s=96&d=mm&r=g\",\"contentUrl\":\"https:\\\/\\\/secure.gravatar.com\\\/avatar\\\/42749d8b712ff9d59ca93dc150494e5b55a44134482993f5baeb97e61b7ecc89?s=96&d=mm&r=g\",\"caption\":\"Roberto\"},\"url\":\"https:\\\/\\\/regiaonews.net.br\\\/2022\\\/author\\\/roberto\\\/\"}]}<\/script>\n<!-- \/ Yoast SEO plugin. -->","yoast_head_json":{"title":"Programa \u201cFala Barretos\u201d retoma atendimento dia 8 de janeiro - Regi\u00e3o News","robots":{"index":"index","follow":"follow","max-snippet":"max-snippet:-1","max-image-preview":"max-image-preview:large","max-video-preview":"max-video-preview:-1"},"canonical":"https:\/\/regiaonews.net.br\/2022\/2023\/12\/26\/programa-fala-barretos-retoma-atendimento-dia-8-de-janeiro\/","og_locale":"pt_BR","og_type":"article","og_title":"Programa \u201cFala Barretos\u201d retoma atendimento dia 8 de janeiro - Regi\u00e3o News","og_description":"&nbsp; Cerca de 30 mun\u00edcipes foram recebidos pela prefeita Paula","og_url":"https:\/\/regiaonews.net.br\/2022\/2023\/12\/26\/programa-fala-barretos-retoma-atendimento-dia-8-de-janeiro\/","og_site_name":"Regi\u00e3o News","article_published_time":"2023-12-26T21:55:47+00:00","og_image":[{"width":1600,"height":1182,"url":"https:\/\/regiaonews.net.br\/2022\/wp-content\/uploads\/2023\/12\/WhatsApp-Image-2023-12-26-at-17.29.30.jpeg","type":"image\/jpeg"}],"author":"Roberto","twitter_card":"summary_large_image","twitter_misc":{"Escrito por":"Roberto","Est. tempo de leitura":"3 minutos"},"schema":{"@context":"https:\/\/schema.org","@graph":[{"@type":"Article","@id":"https:\/\/regiaonews.net.br\/2022\/2023\/12\/26\/programa-fala-barretos-retoma-atendimento-dia-8-de-janeiro\/#article","isPartOf":{"@id":"https:\/\/regiaonews.net.br\/2022\/2023\/12\/26\/programa-fala-barretos-retoma-atendimento-dia-8-de-janeiro\/"},"author":{"name":"Roberto","@id":"https:\/\/regiaonews.net.br\/2022\/#\/schema\/person\/2d205a608a5aa97ac279d7a5e6d89ad8"},"headline":"Programa \u201cFala Barretos\u201d retoma atendimento dia 8 de janeiro","datePublished":"2023-12-26T21:55:47+00:00","mainEntityOfPage":{"@id":"https:\/\/regiaonews.net.br\/2022\/2023\/12\/26\/programa-fala-barretos-retoma-atendimento-dia-8-de-janeiro\/"},"wordCount":526,"commentCount":0,"publisher":{"@id":"https:\/\/regiaonews.net.br\/2022\/#organization"},"image":{"@id":"https:\/\/regiaonews.net.br\/2022\/2023\/12\/26\/programa-fala-barretos-retoma-atendimento-dia-8-de-janeiro\/#primaryimage"},"thumbnailUrl":"https:\/\/regiaonews.net.br\/2022\/wp-content\/uploads\/2023\/12\/WhatsApp-Image-2023-12-26-at-17.29.30.jpeg","articleSection":["Barretos","Cidades"],"inLanguage":"pt-BR","potentialAction":[{"@type":"CommentAction","name":"Comment","target":["https:\/\/regiaonews.net.br\/2022\/2023\/12\/26\/programa-fala-barretos-retoma-atendimento-dia-8-de-janeiro\/#respond"]}]},{"@type":"WebPage","@id":"https:\/\/regiaonews.net.br\/2022\/2023\/12\/26\/programa-fala-barretos-retoma-atendimento-dia-8-de-janeiro\/","url":"https:\/\/regiaonews.net.br\/2022\/2023\/12\/26\/programa-fala-barretos-retoma-atendimento-dia-8-de-janeiro\/","name":"Programa \u201cFala Barretos\u201d retoma atendimento dia 8 de janeiro - Regi\u00e3o News","isPartOf":{"@id":"https:\/\/regiaonews.net.br\/2022\/#website"},"primaryImageOfPage":{"@id":"https:\/\/regiaonews.net.br\/2022\/2023\/12\/26\/programa-fala-barretos-retoma-atendimento-dia-8-de-janeiro\/#primaryimage"},"image":{"@id":"https:\/\/regiaonews.net.br\/2022\/2023\/12\/26\/programa-fala-barretos-retoma-atendimento-dia-8-de-janeiro\/#primaryimage"},"thumbnailUrl":"https:\/\/regiaonews.net.br\/2022\/wp-content\/uploads\/2023\/12\/WhatsApp-Image-2023-12-26-at-17.29.30.jpeg","datePublished":"2023-12-26T21:55:47+00:00","breadcrumb":{"@id":"https:\/\/regiaonews.net.br\/2022\/2023\/12\/26\/programa-fala-barretos-retoma-atendimento-dia-8-de-janeiro\/#breadcrumb"},"inLanguage":"pt-BR","potentialAction":[{"@type":"ReadAction","target":["https:\/\/regiaonews.net.br\/2022\/2023\/12\/26\/programa-fala-barretos-retoma-atendimento-dia-8-de-janeiro\/"]}]},{"@type":"ImageObject","inLanguage":"pt-BR","@id":"https:\/\/regiaonews.net.br\/2022\/2023\/12\/26\/programa-fala-barretos-retoma-atendimento-dia-8-de-janeiro\/#primaryimage","url":"https:\/\/regiaonews.net.br\/2022\/wp-content\/uploads\/2023\/12\/WhatsApp-Image-2023-12-26-at-17.29.30.jpeg","contentUrl":"https:\/\/regiaonews.net.br\/2022\/wp-content\/uploads\/2023\/12\/WhatsApp-Image-2023-12-26-at-17.29.30.jpeg","width":1600,"height":1182},{"@type":"BreadcrumbList","@id":"https:\/\/regiaonews.net.br\/2022\/2023\/12\/26\/programa-fala-barretos-retoma-atendimento-dia-8-de-janeiro\/#breadcrumb","itemListElement":[{"@type":"ListItem","position":1,"name":"In\u00edcio","item":"https:\/\/regiaonews.net.br\/2022\/"},{"@type":"ListItem","position":2,"name":"Programa \u201cFala Barretos\u201d retoma atendimento dia 8 de janeiro"}]},{"@type":"WebSite","@id":"https:\/\/regiaonews.net.br\/2022\/#website","url":"https:\/\/regiaonews.net.br\/2022\/","name":"Regi\u00e3o News","description":"Site de Not\u00edcias de Barretos e regi\u00e3o","publisher":{"@id":"https:\/\/regiaonews.net.br\/2022\/#organization"},"potentialAction":[{"@type":"SearchAction","target":{"@type":"EntryPoint","urlTemplate":"https:\/\/regiaonews.net.br\/2022\/?s={search_term_string}"},"query-input":{"@type":"PropertyValueSpecification","valueRequired":true,"valueName":"search_term_string"}}],"inLanguage":"pt-BR"},{"@type":"Organization","@id":"https:\/\/regiaonews.net.br\/2022\/#organization","name":"Regi\u00e3o News","url":"https:\/\/regiaonews.net.br\/2022\/","logo":{"@type":"ImageObject","inLanguage":"pt-BR","@id":"https:\/\/regiaonews.net.br\/2022\/#\/schema\/logo\/image\/","url":"https:\/\/regiaonews.net.br\/2022\/wp-content\/uploads\/2026\/03\/regiao-13-anos-scaled.jpg","contentUrl":"https:\/\/regiaonews.net.br\/2022\/wp-content\/uploads\/2026\/03\/regiao-13-anos-scaled.jpg","width":2560,"height":635,"caption":"Regi\u00e3o News"},"image":{"@id":"https:\/\/regiaonews.net.br\/2022\/#\/schema\/logo\/image\/"}},{"@type":"Person","@id":"https:\/\/regiaonews.net.br\/2022\/#\/schema\/person\/2d205a608a5aa97ac279d7a5e6d89ad8","name":"Roberto","image":{"@type":"ImageObject","inLanguage":"pt-BR","@id":"https:\/\/secure.gravatar.com\/avatar\/42749d8b712ff9d59ca93dc150494e5b55a44134482993f5baeb97e61b7ecc89?s=96&d=mm&r=g","url":"https:\/\/secure.gravatar.com\/avatar\/42749d8b712ff9d59ca93dc150494e5b55a44134482993f5baeb97e61b7ecc89?s=96&d=mm&r=g","contentUrl":"https:\/\/secure.gravatar.com\/avatar\/42749d8b712ff9d59ca93dc150494e5b55a44134482993f5baeb97e61b7ecc89?s=96&d=mm&r=g","caption":"Roberto"},"url":"https:\/\/regiaonews.net.br\/2022\/author\/roberto\/"}]}},"publishpress_future_action":{"enabled":false,"date":"2026-05-04 04:33:49","action":"change-status","newStatus":"draft","terms":[],"taxonomy":"category","extraData":[]},"publishpress_future_workflow_manual_trigger":{"enabledWorkflows":[]},"_links":{"self":[{"href":"https:\/\/regiaonews.net.br\/2022\/wp-json\/wp\/v2\/posts\/99531","targetHints":{"allow":["GET"]}}],"collection":[{"href":"https:\/\/regiaonews.net.br\/2022\/wp-json\/wp\/v2\/posts"}],"about":[{"href":"https:\/\/regiaonews.net.br\/2022\/wp-json\/wp\/v2\/types\/post"}],"author":[{"embeddable":true,"href":"https:\/\/regiaonews.net.br\/2022\/wp-json\/wp\/v2\/users\/2"}],"replies":[{"embeddable":true,"href":"https:\/\/regiaonews.net.br\/2022\/wp-json\/wp\/v2\/comments?post=99531"}],"version-history":[{"count":1,"href":"https:\/\/regiaonews.net.br\/2022\/wp-json\/wp\/v2\/posts\/99531\/revisions"}],"predecessor-version":[{"id":99533,"href":"https:\/\/regiaonews.net.br\/2022\/wp-json\/wp\/v2\/posts\/99531\/revisions\/99533"}],"wp:featuredmedia":[{"embeddable":true,"href":"https:\/\/regiaonews.net.br\/2022\/wp-json\/wp\/v2\/media\/99532"}],"wp:attachment":[{"href":"https:\/\/regiaonews.net.br\/2022\/wp-json\/wp\/v2\/media?parent=99531"}],"wp:term":[{"taxonomy":"category","embeddable":true,"href":"https:\/\/regiaonews.net.br\/2022\/wp-json\/wp\/v2\/categories?post=99531"},{"taxonomy":"post_tag","embeddable":true,"href":"https:\/\/regiaonews.net.br\/2022\/wp-json\/wp\/v2\/tags?post=99531"}],"curies":[{"name":"wp","href":"https:\/\/api.w.org\/{rel}","templated":true}]}}