{"id":99526,"date":"2023-12-26T17:41:16","date_gmt":"2023-12-26T20:41:16","guid":{"rendered":"https:\/\/regiaonews.net.br\/2022\/?p=99526"},"modified":"2023-12-26T17:41:16","modified_gmt":"2023-12-26T20:41:16","slug":"tereos-atinge-safra-recorde-com-211-milhoes-de-toneladas-de-cana-processadas","status":"publish","type":"post","link":"https:\/\/regiaonews.net.br\/2022\/2023\/12\/26\/tereos-atinge-safra-recorde-com-211-milhoes-de-toneladas-de-cana-processadas\/","title":{"rendered":"Tereos atinge safra recorde com 21,1 milh\u00f5es de toneladas de cana processadas"},"content":{"rendered":"<h3 align=\"center\">N\u00famero \u00e9 22% superior ao registrado na safra 22\/23; desse total, cerca de 67% da mat\u00e9ria-prima foi destinada \u00e0 produ\u00e7\u00e3o de a\u00e7\u00facar e 33% \u00e0 produ\u00e7\u00e3o de etanol.<\/h3>\n<div>A Tereos, uma das empresas l\u00edderes na produ\u00e7\u00e3o de a\u00e7\u00facar, etanol e energia el\u00e9trica a partir da biomassa de cana no pa\u00eds, encerra a safra 2023\/24 nesta semana com resultados recordes e 21,1 milh\u00f5es de toneladas de cana-de-a\u00e7\u00facar processadas, um aumento de 22% em rela\u00e7\u00e3o \u00e0 safra anterior. O mix continua mais a\u00e7ucareiro, com cerca de 67% do total destinado \u00e0 produ\u00e7\u00e3o de a\u00e7\u00facar \u2013 foram produzidos cerca de 1,9 milh\u00e3o de toneladas de a\u00e7\u00facar, 580 milh\u00f5es de litros de etanol, al\u00e9m da gera\u00e7\u00e3o de 1.500 GWh de energia el\u00e9trica a partir da biomassa da cana durante o per\u00edodo.<\/div>\n<div><\/div>\n<div>\u201cIniciamos a safra com moagem projetada de 19 milh\u00f5es de toneladas e, com as condi\u00e7\u00f5es clim\u00e1ticas favor\u00e1veis e diversas melhorias que implementamos com uso de inova\u00e7\u00e3o, tecnologia e an\u00e1lise de dados, chegamos a um resultado hist\u00f3rico, atingindo nosso recorde de moagem em 21,1 milh\u00f5es de toneladas processadas. Esse resultado s\u00f3 foi poss\u00edvel gra\u00e7as ao nosso time que veio trabalhando na reconstru\u00e7\u00e3o de nosso canavial e em iniciativas de ganho de produtividade. Mantemos perspectivas positivas para a safra 24\/25 e vamos continuar o bom trabalho, sempre valorizando nossa mat\u00e9ria-prima e extraindo o m\u00e1ximo de valor da cana de forma sustent\u00e1vel e eficiente\u201d, comenta Pierre Santoul, diretor-presidente da Tereos no Brasil.<\/div>\n<div>Entre os destaques da safra, a Tereos chegou ao marco de mais de 60% da cana processada certificada, entre cana pr\u00f3pria e de fornecedores, e tamb\u00e9m atingiu 100% de suas unidades certificadas pela Bonsucro \u2013 comprova\u00e7\u00e3o internacional que atesta o compromisso com a sustentabilidade socioambiental de toda a cadeia produtiva das usinas de cana-de-a\u00e7\u00facar.<\/div>\n<div><\/div>\n<div>Al\u00e9m disso, a empresa se habilitou junto \u00e0 C\u00e2mara de Comercializa\u00e7\u00e3o de Energia El\u00e9trica (CCEE) para atuar na modalidade varejista no mercado livre de energia brasileiro, proporcionando mais uma oportunidade para seus clientes no setor energ\u00e9tico, e avan\u00e7ou em sua estrat\u00e9gia sustent\u00e1vel ao inaugurar seu primeiro eletroposto para recarga de ve\u00edculos el\u00e9tricos, em parceria com o Tenda Atacado e a Volvo.<\/div>\n<div><\/div>\n<div>Na frente agr\u00edcola, a Tereos investiu em dois rob\u00f4s da Solinftec para eliminar plantas daninhas em est\u00e1gios iniciais. A solu\u00e7\u00e3o utiliza sensores e intelig\u00eancia artificial para identificar as esp\u00e9cies invasoras e aplicar os insumos necess\u00e1rios.<\/div>\n<div><\/div>\n<div>Adicionalmente, para melhorar a conectividade nos canaviais, a empresa estabeleceu uma parceria com a Embratel, Claro e Sol para expandir a cobertura 4G em suas regi\u00f5es de canavial, com a instala\u00e7\u00e3o de m\u00faltiplas antenas em \u00e1reas estrat\u00e9gicas de produ\u00e7\u00e3o no interior de S\u00e3o Paulo.<\/div>\n<div>\u201cVamos continuar investindo em tecnologias, solu\u00e7\u00f5es e melhorias cont\u00ednuas em nossos processos, que impulsionem pr\u00e1ticas sustent\u00e1veis em todas as fases da nossa cadeia produtiva, buscando alcan\u00e7ar resultados ainda mais positivos\u201d, finaliza Santoul.<\/div>\n<div><\/div>\n<div><em><strong>Sobre a Tereos<\/strong><\/em><\/div>\n<div><em>Com vis\u00e3o de longo prazo no processamento de mat\u00e9rias-primas agr\u00edcolas e desenvolvimento de produtos aliment\u00edcios de qualidade, a Tereos \u00e9 uma das l\u00edderes nos mercados de a\u00e7\u00facar, \u00e1lcool\/etanol e amidos. Os compromissos do Grupo com a sociedade e com o meio ambiente t\u00eam contribu\u00eddo com a performance da companhia no longo prazo, enquanto refor\u00e7a nossa atua\u00e7\u00e3o respons\u00e1vel. O Grupo cooperativo Tereos re\u00fane mais de 11.000 agricultores e possui expertise reconhecida no processamento de beterraba, cana-de-a\u00e7\u00facar, cereais e batata. Com opera\u00e7\u00e3o em 15 pa\u00edses, 43 unidades industriais e o compromisso de 15.800 colaboradores, a Tereos atende seus clientes em seus mercados locais, com uma oferta ampla de produtos. Em 2022\/23, o Grupo obteve um faturamento de \u20ac 6,6 bilh\u00f5es.<\/em><\/div>\n<div><\/div>\n<div><em><strong>Tereos no Brasil<\/strong><\/em><\/div>\n<div><em>A Tereos no Brasil \u00e9 composta pela Tereos A\u00e7\u00facar &amp; Energia Brasil, Tereos Amido &amp; Ado\u00e7antes Brasil e Tereos Commodities Brasil. No noroeste do Estado de S\u00e3o Paulo, a Tereos A\u00e7\u00facar &amp; Energia Brasil concentra suas sete unidades de processamento e duas refinarias. A Tereos Amido &amp; Ado\u00e7antes Brasil, com opera\u00e7\u00e3o em Palmital (SP), diversifica o portf\u00f3lio da Tereos Brasil com a fabrica\u00e7\u00e3o de produtos derivados de milho. A Tereos Commodities opera como trading e possui escrit\u00f3rios em diversos pa\u00edses.<\/em><\/div>\n","protected":false},"excerpt":{"rendered":"<p>N\u00famero \u00e9 22% superior ao registrado na safra 22\/23; desse<\/p>\n","protected":false},"author":2,"featured_media":86158,"comment_status":"open","ping_status":"open","sticky":false,"template":"","format":"standard","meta":{"footnotes":""},"categories":[24,3],"tags":[],"class_list":["post-99526","post","type-post","status-publish","format-standard","has-post-thumbnail","hentry","category-brasil","category-geral"],"yoast_head":"<!-- This site is optimized with the Yoast SEO plugin v27.4 - https:\/\/yoast.com\/product\/yoast-seo-wordpress\/ -->\n<title>Tereos atinge safra recorde com 21,1 milh\u00f5es de toneladas de cana processadas - Regi\u00e3o News<\/title>\n<meta name=\"robots\" content=\"index, follow, max-snippet:-1, max-image-preview:large, max-video-preview:-1\" \/>\n<link rel=\"canonical\" href=\"https:\/\/regiaonews.net.br\/2022\/2023\/12\/26\/tereos-atinge-safra-recorde-com-211-milhoes-de-toneladas-de-cana-processadas\/\" \/>\n<meta property=\"og:locale\" content=\"pt_BR\" \/>\n<meta property=\"og:type\" content=\"article\" \/>\n<meta property=\"og:title\" content=\"Tereos atinge safra recorde com 21,1 milh\u00f5es de toneladas de cana processadas - Regi\u00e3o News\" \/>\n<meta property=\"og:description\" content=\"N\u00famero \u00e9 22% superior ao registrado na safra 22\/23; desse\" \/>\n<meta property=\"og:url\" content=\"https:\/\/regiaonews.net.br\/2022\/2023\/12\/26\/tereos-atinge-safra-recorde-com-211-milhoes-de-toneladas-de-cana-processadas\/\" \/>\n<meta property=\"og:site_name\" content=\"Regi\u00e3o News\" \/>\n<meta property=\"article:published_time\" content=\"2023-12-26T20:41:16+00:00\" \/>\n<meta property=\"og:image\" content=\"https:\/\/regiaonews.net.br\/2022\/wp-content\/uploads\/2023\/04\/DJI_0081-scaled.jpg\" \/>\n\t<meta property=\"og:image:width\" content=\"2560\" \/>\n\t<meta property=\"og:image:height\" content=\"1438\" \/>\n\t<meta property=\"og:image:type\" content=\"image\/jpeg\" \/>\n<meta name=\"author\" content=\"Roberto\" \/>\n<meta name=\"twitter:card\" content=\"summary_large_image\" \/>\n<meta name=\"twitter:label1\" content=\"Escrito por\" \/>\n\t<meta name=\"twitter:data1\" content=\"Roberto\" \/>\n\t<meta name=\"twitter:label2\" content=\"Est. tempo de leitura\" \/>\n\t<meta name=\"twitter:data2\" content=\"4 minutos\" \/>\n<script type=\"application\/ld+json\" class=\"yoast-schema-graph\">{\"@context\":\"https:\\\/\\\/schema.org\",\"@graph\":[{\"@type\":\"Article\",\"@id\":\"https:\\\/\\\/regiaonews.net.br\\\/2022\\\/2023\\\/12\\\/26\\\/tereos-atinge-safra-recorde-com-211-milhoes-de-toneladas-de-cana-processadas\\\/#article\",\"isPartOf\":{\"@id\":\"https:\\\/\\\/regiaonews.net.br\\\/2022\\\/2023\\\/12\\\/26\\\/tereos-atinge-safra-recorde-com-211-milhoes-de-toneladas-de-cana-processadas\\\/\"},\"author\":{\"name\":\"Roberto\",\"@id\":\"https:\\\/\\\/regiaonews.net.br\\\/2022\\\/#\\\/schema\\\/person\\\/2d205a608a5aa97ac279d7a5e6d89ad8\"},\"headline\":\"Tereos atinge safra recorde com 21,1 milh\u00f5es de toneladas de cana processadas\",\"datePublished\":\"2023-12-26T20:41:16+00:00\",\"mainEntityOfPage\":{\"@id\":\"https:\\\/\\\/regiaonews.net.br\\\/2022\\\/2023\\\/12\\\/26\\\/tereos-atinge-safra-recorde-com-211-milhoes-de-toneladas-de-cana-processadas\\\/\"},\"wordCount\":741,\"commentCount\":0,\"publisher\":{\"@id\":\"https:\\\/\\\/regiaonews.net.br\\\/2022\\\/#organization\"},\"image\":{\"@id\":\"https:\\\/\\\/regiaonews.net.br\\\/2022\\\/2023\\\/12\\\/26\\\/tereos-atinge-safra-recorde-com-211-milhoes-de-toneladas-de-cana-processadas\\\/#primaryimage\"},\"thumbnailUrl\":\"https:\\\/\\\/regiaonews.net.br\\\/2022\\\/wp-content\\\/uploads\\\/2023\\\/04\\\/DJI_0081-scaled.jpg\",\"articleSection\":[\"Brasil\",\"Geral\"],\"inLanguage\":\"pt-BR\",\"potentialAction\":[{\"@type\":\"CommentAction\",\"name\":\"Comment\",\"target\":[\"https:\\\/\\\/regiaonews.net.br\\\/2022\\\/2023\\\/12\\\/26\\\/tereos-atinge-safra-recorde-com-211-milhoes-de-toneladas-de-cana-processadas\\\/#respond\"]}]},{\"@type\":\"WebPage\",\"@id\":\"https:\\\/\\\/regiaonews.net.br\\\/2022\\\/2023\\\/12\\\/26\\\/tereos-atinge-safra-recorde-com-211-milhoes-de-toneladas-de-cana-processadas\\\/\",\"url\":\"https:\\\/\\\/regiaonews.net.br\\\/2022\\\/2023\\\/12\\\/26\\\/tereos-atinge-safra-recorde-com-211-milhoes-de-toneladas-de-cana-processadas\\\/\",\"name\":\"Tereos atinge safra recorde com 21,1 milh\u00f5es de toneladas de cana processadas - Regi\u00e3o News\",\"isPartOf\":{\"@id\":\"https:\\\/\\\/regiaonews.net.br\\\/2022\\\/#website\"},\"primaryImageOfPage\":{\"@id\":\"https:\\\/\\\/regiaonews.net.br\\\/2022\\\/2023\\\/12\\\/26\\\/tereos-atinge-safra-recorde-com-211-milhoes-de-toneladas-de-cana-processadas\\\/#primaryimage\"},\"image\":{\"@id\":\"https:\\\/\\\/regiaonews.net.br\\\/2022\\\/2023\\\/12\\\/26\\\/tereos-atinge-safra-recorde-com-211-milhoes-de-toneladas-de-cana-processadas\\\/#primaryimage\"},\"thumbnailUrl\":\"https:\\\/\\\/regiaonews.net.br\\\/2022\\\/wp-content\\\/uploads\\\/2023\\\/04\\\/DJI_0081-scaled.jpg\",\"datePublished\":\"2023-12-26T20:41:16+00:00\",\"breadcrumb\":{\"@id\":\"https:\\\/\\\/regiaonews.net.br\\\/2022\\\/2023\\\/12\\\/26\\\/tereos-atinge-safra-recorde-com-211-milhoes-de-toneladas-de-cana-processadas\\\/#breadcrumb\"},\"inLanguage\":\"pt-BR\",\"potentialAction\":[{\"@type\":\"ReadAction\",\"target\":[\"https:\\\/\\\/regiaonews.net.br\\\/2022\\\/2023\\\/12\\\/26\\\/tereos-atinge-safra-recorde-com-211-milhoes-de-toneladas-de-cana-processadas\\\/\"]}]},{\"@type\":\"ImageObject\",\"inLanguage\":\"pt-BR\",\"@id\":\"https:\\\/\\\/regiaonews.net.br\\\/2022\\\/2023\\\/12\\\/26\\\/tereos-atinge-safra-recorde-com-211-milhoes-de-toneladas-de-cana-processadas\\\/#primaryimage\",\"url\":\"https:\\\/\\\/regiaonews.net.br\\\/2022\\\/wp-content\\\/uploads\\\/2023\\\/04\\\/DJI_0081-scaled.jpg\",\"contentUrl\":\"https:\\\/\\\/regiaonews.net.br\\\/2022\\\/wp-content\\\/uploads\\\/2023\\\/04\\\/DJI_0081-scaled.jpg\",\"width\":2560,\"height\":1438,\"caption\":\"S. J. DO RIO PRETO, SP, BRASIL - 31.10.2022: Tereos Unidade Cruz Alta (Fotos: Diego Padgurschi \\\/ Divulga\u00e7\u00e3o)\"},{\"@type\":\"BreadcrumbList\",\"@id\":\"https:\\\/\\\/regiaonews.net.br\\\/2022\\\/2023\\\/12\\\/26\\\/tereos-atinge-safra-recorde-com-211-milhoes-de-toneladas-de-cana-processadas\\\/#breadcrumb\",\"itemListElement\":[{\"@type\":\"ListItem\",\"position\":1,\"name\":\"In\u00edcio\",\"item\":\"https:\\\/\\\/regiaonews.net.br\\\/2022\\\/\"},{\"@type\":\"ListItem\",\"position\":2,\"name\":\"Tereos atinge safra recorde com 21,1 milh\u00f5es de toneladas de cana processadas\"}]},{\"@type\":\"WebSite\",\"@id\":\"https:\\\/\\\/regiaonews.net.br\\\/2022\\\/#website\",\"url\":\"https:\\\/\\\/regiaonews.net.br\\\/2022\\\/\",\"name\":\"Regi\u00e3o News\",\"description\":\"Site de Not\u00edcias de Barretos e regi\u00e3o\",\"publisher\":{\"@id\":\"https:\\\/\\\/regiaonews.net.br\\\/2022\\\/#organization\"},\"potentialAction\":[{\"@type\":\"SearchAction\",\"target\":{\"@type\":\"EntryPoint\",\"urlTemplate\":\"https:\\\/\\\/regiaonews.net.br\\\/2022\\\/?s={search_term_string}\"},\"query-input\":{\"@type\":\"PropertyValueSpecification\",\"valueRequired\":true,\"valueName\":\"search_term_string\"}}],\"inLanguage\":\"pt-BR\"},{\"@type\":\"Organization\",\"@id\":\"https:\\\/\\\/regiaonews.net.br\\\/2022\\\/#organization\",\"name\":\"Regi\u00e3o News\",\"url\":\"https:\\\/\\\/regiaonews.net.br\\\/2022\\\/\",\"logo\":{\"@type\":\"ImageObject\",\"inLanguage\":\"pt-BR\",\"@id\":\"https:\\\/\\\/regiaonews.net.br\\\/2022\\\/#\\\/schema\\\/logo\\\/image\\\/\",\"url\":\"https:\\\/\\\/regiaonews.net.br\\\/2022\\\/wp-content\\\/uploads\\\/2026\\\/03\\\/regiao-13-anos-scaled.jpg\",\"contentUrl\":\"https:\\\/\\\/regiaonews.net.br\\\/2022\\\/wp-content\\\/uploads\\\/2026\\\/03\\\/regiao-13-anos-scaled.jpg\",\"width\":2560,\"height\":635,\"caption\":\"Regi\u00e3o News\"},\"image\":{\"@id\":\"https:\\\/\\\/regiaonews.net.br\\\/2022\\\/#\\\/schema\\\/logo\\\/image\\\/\"}},{\"@type\":\"Person\",\"@id\":\"https:\\\/\\\/regiaonews.net.br\\\/2022\\\/#\\\/schema\\\/person\\\/2d205a608a5aa97ac279d7a5e6d89ad8\",\"name\":\"Roberto\",\"image\":{\"@type\":\"ImageObject\",\"inLanguage\":\"pt-BR\",\"@id\":\"https:\\\/\\\/secure.gravatar.com\\\/avatar\\\/42749d8b712ff9d59ca93dc150494e5b55a44134482993f5baeb97e61b7ecc89?s=96&d=mm&r=g\",\"url\":\"https:\\\/\\\/secure.gravatar.com\\\/avatar\\\/42749d8b712ff9d59ca93dc150494e5b55a44134482993f5baeb97e61b7ecc89?s=96&d=mm&r=g\",\"contentUrl\":\"https:\\\/\\\/secure.gravatar.com\\\/avatar\\\/42749d8b712ff9d59ca93dc150494e5b55a44134482993f5baeb97e61b7ecc89?s=96&d=mm&r=g\",\"caption\":\"Roberto\"},\"url\":\"https:\\\/\\\/regiaonews.net.br\\\/2022\\\/author\\\/roberto\\\/\"}]}<\/script>\n<!-- \/ Yoast SEO plugin. -->","yoast_head_json":{"title":"Tereos atinge safra recorde com 21,1 milh\u00f5es de toneladas de cana processadas - Regi\u00e3o News","robots":{"index":"index","follow":"follow","max-snippet":"max-snippet:-1","max-image-preview":"max-image-preview:large","max-video-preview":"max-video-preview:-1"},"canonical":"https:\/\/regiaonews.net.br\/2022\/2023\/12\/26\/tereos-atinge-safra-recorde-com-211-milhoes-de-toneladas-de-cana-processadas\/","og_locale":"pt_BR","og_type":"article","og_title":"Tereos atinge safra recorde com 21,1 milh\u00f5es de toneladas de cana processadas - Regi\u00e3o News","og_description":"N\u00famero \u00e9 22% superior ao registrado na safra 22\/23; desse","og_url":"https:\/\/regiaonews.net.br\/2022\/2023\/12\/26\/tereos-atinge-safra-recorde-com-211-milhoes-de-toneladas-de-cana-processadas\/","og_site_name":"Regi\u00e3o News","article_published_time":"2023-12-26T20:41:16+00:00","og_image":[{"width":2560,"height":1438,"url":"https:\/\/regiaonews.net.br\/2022\/wp-content\/uploads\/2023\/04\/DJI_0081-scaled.jpg","type":"image\/jpeg"}],"author":"Roberto","twitter_card":"summary_large_image","twitter_misc":{"Escrito por":"Roberto","Est. tempo de leitura":"4 minutos"},"schema":{"@context":"https:\/\/schema.org","@graph":[{"@type":"Article","@id":"https:\/\/regiaonews.net.br\/2022\/2023\/12\/26\/tereos-atinge-safra-recorde-com-211-milhoes-de-toneladas-de-cana-processadas\/#article","isPartOf":{"@id":"https:\/\/regiaonews.net.br\/2022\/2023\/12\/26\/tereos-atinge-safra-recorde-com-211-milhoes-de-toneladas-de-cana-processadas\/"},"author":{"name":"Roberto","@id":"https:\/\/regiaonews.net.br\/2022\/#\/schema\/person\/2d205a608a5aa97ac279d7a5e6d89ad8"},"headline":"Tereos atinge safra recorde com 21,1 milh\u00f5es de toneladas de cana processadas","datePublished":"2023-12-26T20:41:16+00:00","mainEntityOfPage":{"@id":"https:\/\/regiaonews.net.br\/2022\/2023\/12\/26\/tereos-atinge-safra-recorde-com-211-milhoes-de-toneladas-de-cana-processadas\/"},"wordCount":741,"commentCount":0,"publisher":{"@id":"https:\/\/regiaonews.net.br\/2022\/#organization"},"image":{"@id":"https:\/\/regiaonews.net.br\/2022\/2023\/12\/26\/tereos-atinge-safra-recorde-com-211-milhoes-de-toneladas-de-cana-processadas\/#primaryimage"},"thumbnailUrl":"https:\/\/regiaonews.net.br\/2022\/wp-content\/uploads\/2023\/04\/DJI_0081-scaled.jpg","articleSection":["Brasil","Geral"],"inLanguage":"pt-BR","potentialAction":[{"@type":"CommentAction","name":"Comment","target":["https:\/\/regiaonews.net.br\/2022\/2023\/12\/26\/tereos-atinge-safra-recorde-com-211-milhoes-de-toneladas-de-cana-processadas\/#respond"]}]},{"@type":"WebPage","@id":"https:\/\/regiaonews.net.br\/2022\/2023\/12\/26\/tereos-atinge-safra-recorde-com-211-milhoes-de-toneladas-de-cana-processadas\/","url":"https:\/\/regiaonews.net.br\/2022\/2023\/12\/26\/tereos-atinge-safra-recorde-com-211-milhoes-de-toneladas-de-cana-processadas\/","name":"Tereos atinge safra recorde com 21,1 milh\u00f5es de toneladas de cana processadas - Regi\u00e3o News","isPartOf":{"@id":"https:\/\/regiaonews.net.br\/2022\/#website"},"primaryImageOfPage":{"@id":"https:\/\/regiaonews.net.br\/2022\/2023\/12\/26\/tereos-atinge-safra-recorde-com-211-milhoes-de-toneladas-de-cana-processadas\/#primaryimage"},"image":{"@id":"https:\/\/regiaonews.net.br\/2022\/2023\/12\/26\/tereos-atinge-safra-recorde-com-211-milhoes-de-toneladas-de-cana-processadas\/#primaryimage"},"thumbnailUrl":"https:\/\/regiaonews.net.br\/2022\/wp-content\/uploads\/2023\/04\/DJI_0081-scaled.jpg","datePublished":"2023-12-26T20:41:16+00:00","breadcrumb":{"@id":"https:\/\/regiaonews.net.br\/2022\/2023\/12\/26\/tereos-atinge-safra-recorde-com-211-milhoes-de-toneladas-de-cana-processadas\/#breadcrumb"},"inLanguage":"pt-BR","potentialAction":[{"@type":"ReadAction","target":["https:\/\/regiaonews.net.br\/2022\/2023\/12\/26\/tereos-atinge-safra-recorde-com-211-milhoes-de-toneladas-de-cana-processadas\/"]}]},{"@type":"ImageObject","inLanguage":"pt-BR","@id":"https:\/\/regiaonews.net.br\/2022\/2023\/12\/26\/tereos-atinge-safra-recorde-com-211-milhoes-de-toneladas-de-cana-processadas\/#primaryimage","url":"https:\/\/regiaonews.net.br\/2022\/wp-content\/uploads\/2023\/04\/DJI_0081-scaled.jpg","contentUrl":"https:\/\/regiaonews.net.br\/2022\/wp-content\/uploads\/2023\/04\/DJI_0081-scaled.jpg","width":2560,"height":1438,"caption":"S. J. DO RIO PRETO, SP, BRASIL - 31.10.2022: Tereos Unidade Cruz Alta (Fotos: Diego Padgurschi \/ Divulga\u00e7\u00e3o)"},{"@type":"BreadcrumbList","@id":"https:\/\/regiaonews.net.br\/2022\/2023\/12\/26\/tereos-atinge-safra-recorde-com-211-milhoes-de-toneladas-de-cana-processadas\/#breadcrumb","itemListElement":[{"@type":"ListItem","position":1,"name":"In\u00edcio","item":"https:\/\/regiaonews.net.br\/2022\/"},{"@type":"ListItem","position":2,"name":"Tereos atinge safra recorde com 21,1 milh\u00f5es de toneladas de cana processadas"}]},{"@type":"WebSite","@id":"https:\/\/regiaonews.net.br\/2022\/#website","url":"https:\/\/regiaonews.net.br\/2022\/","name":"Regi\u00e3o News","description":"Site de Not\u00edcias de Barretos e regi\u00e3o","publisher":{"@id":"https:\/\/regiaonews.net.br\/2022\/#organization"},"potentialAction":[{"@type":"SearchAction","target":{"@type":"EntryPoint","urlTemplate":"https:\/\/regiaonews.net.br\/2022\/?s={search_term_string}"},"query-input":{"@type":"PropertyValueSpecification","valueRequired":true,"valueName":"search_term_string"}}],"inLanguage":"pt-BR"},{"@type":"Organization","@id":"https:\/\/regiaonews.net.br\/2022\/#organization","name":"Regi\u00e3o News","url":"https:\/\/regiaonews.net.br\/2022\/","logo":{"@type":"ImageObject","inLanguage":"pt-BR","@id":"https:\/\/regiaonews.net.br\/2022\/#\/schema\/logo\/image\/","url":"https:\/\/regiaonews.net.br\/2022\/wp-content\/uploads\/2026\/03\/regiao-13-anos-scaled.jpg","contentUrl":"https:\/\/regiaonews.net.br\/2022\/wp-content\/uploads\/2026\/03\/regiao-13-anos-scaled.jpg","width":2560,"height":635,"caption":"Regi\u00e3o News"},"image":{"@id":"https:\/\/regiaonews.net.br\/2022\/#\/schema\/logo\/image\/"}},{"@type":"Person","@id":"https:\/\/regiaonews.net.br\/2022\/#\/schema\/person\/2d205a608a5aa97ac279d7a5e6d89ad8","name":"Roberto","image":{"@type":"ImageObject","inLanguage":"pt-BR","@id":"https:\/\/secure.gravatar.com\/avatar\/42749d8b712ff9d59ca93dc150494e5b55a44134482993f5baeb97e61b7ecc89?s=96&d=mm&r=g","url":"https:\/\/secure.gravatar.com\/avatar\/42749d8b712ff9d59ca93dc150494e5b55a44134482993f5baeb97e61b7ecc89?s=96&d=mm&r=g","contentUrl":"https:\/\/secure.gravatar.com\/avatar\/42749d8b712ff9d59ca93dc150494e5b55a44134482993f5baeb97e61b7ecc89?s=96&d=mm&r=g","caption":"Roberto"},"url":"https:\/\/regiaonews.net.br\/2022\/author\/roberto\/"}]}},"publishpress_future_action":{"enabled":false,"date":"2026-05-04 04:33:49","action":"change-status","newStatus":"draft","terms":[],"taxonomy":"category","extraData":[]},"publishpress_future_workflow_manual_trigger":{"enabledWorkflows":[]},"_links":{"self":[{"href":"https:\/\/regiaonews.net.br\/2022\/wp-json\/wp\/v2\/posts\/99526","targetHints":{"allow":["GET"]}}],"collection":[{"href":"https:\/\/regiaonews.net.br\/2022\/wp-json\/wp\/v2\/posts"}],"about":[{"href":"https:\/\/regiaonews.net.br\/2022\/wp-json\/wp\/v2\/types\/post"}],"author":[{"embeddable":true,"href":"https:\/\/regiaonews.net.br\/2022\/wp-json\/wp\/v2\/users\/2"}],"replies":[{"embeddable":true,"href":"https:\/\/regiaonews.net.br\/2022\/wp-json\/wp\/v2\/comments?post=99526"}],"version-history":[{"count":1,"href":"https:\/\/regiaonews.net.br\/2022\/wp-json\/wp\/v2\/posts\/99526\/revisions"}],"predecessor-version":[{"id":99527,"href":"https:\/\/regiaonews.net.br\/2022\/wp-json\/wp\/v2\/posts\/99526\/revisions\/99527"}],"wp:featuredmedia":[{"embeddable":true,"href":"https:\/\/regiaonews.net.br\/2022\/wp-json\/wp\/v2\/media\/86158"}],"wp:attachment":[{"href":"https:\/\/regiaonews.net.br\/2022\/wp-json\/wp\/v2\/media?parent=99526"}],"wp:term":[{"taxonomy":"category","embeddable":true,"href":"https:\/\/regiaonews.net.br\/2022\/wp-json\/wp\/v2\/categories?post=99526"},{"taxonomy":"post_tag","embeddable":true,"href":"https:\/\/regiaonews.net.br\/2022\/wp-json\/wp\/v2\/tags?post=99526"}],"curies":[{"name":"wp","href":"https:\/\/api.w.org\/{rel}","templated":true}]}}