{"id":99508,"date":"2023-12-26T13:44:22","date_gmt":"2023-12-26T16:44:22","guid":{"rendered":"https:\/\/regiaonews.net.br\/2022\/?p=99508"},"modified":"2023-12-26T13:44:22","modified_gmt":"2023-12-26T16:44:22","slug":"caixa-e-governo-federal-anunciam-acoes-para-apoiar-catadores-em-todo-o-brasil","status":"publish","type":"post","link":"https:\/\/regiaonews.net.br\/2022\/2023\/12\/26\/caixa-e-governo-federal-anunciam-acoes-para-apoiar-catadores-em-todo-o-brasil\/","title":{"rendered":"CAIXA E GOVERNO FEDERAL ANUNCIAM A\u00c7\u00d5ES PARA APOIAR CATADORES EM TODO O BRASIL"},"content":{"rendered":"<h3 style=\"text-align: center;\">Dentre as a\u00e7\u00f5es, destaca-se Acordo de Coopera\u00e7\u00e3o T\u00e9cnica celebrado entre o banco, a Secretaria-Geral da Presid\u00eancia da Rep\u00fablica, o BNDES e a Funda\u00e7\u00e3o Banco do Brasil.<\/h3>\n<p>A CAIXA e o Governo Federal anunciaram, nesta sexta-feira (22), a\u00e7\u00f5es para apoiar catadores e catadoras em todo o Brasil. Os an\u00fancios foram feitos no encerramento da 10\u00aa edi\u00e7\u00e3o da Expocatadores, em Bras\u00edlia (DF), com a participa\u00e7\u00e3o do presidente da Rep\u00fablica, Luiz In\u00e1cio Lula da Silva, do ministro-chefe da Secretaria-Geral da Presid\u00eancia da Rep\u00fablica, M\u00e1rcio Mac\u00eado, da ministra do Meio Ambiente, Marina Silva, do diretor de Sustentabilidade da CAIXA, Jean Benevides, e de outras autoridades.<\/p>\n<p>No evento, foi celebrado Acordo de Coopera\u00e7\u00e3o T\u00e9cnica (ACT) entre a CAIXA, a Secretaria-Geral da Presid\u00eancia da Rep\u00fablica, o BNDES e a Funda\u00e7\u00e3o Banco do Brasil, com o objetivo de dar suporte \u00e0s redes de cooperativas por meio de edital conjunto que ser\u00e1 lan\u00e7ado em 2024. O edital prev\u00ea um investimento total de R\uff04 60 milh\u00f5es.<\/p>\n<p>\u201cPara a CAIXA, \u00e9 uma honra apoiar e patrocinar eventos como esse, que discutem uma agenda t\u00e3o importante para o Brasil e para as catadoras e os catadores, que prestam um servi\u00e7o ambiental para todos n\u00f3s\u201d, ressalta o diretor de Sustentabilidade do banco, Jean Benevides.<\/p>\n<p>Al\u00e9m do investimento conjunto com as demais institui\u00e7\u00f5es, a CAIXA vai investir cerca de R\uff04 10 milh\u00f5es para apoiar cooperativas de catadores que tenham foco na destina\u00e7\u00e3o sustent\u00e1vel de res\u00edduos eletroeletr\u00f4nicos. As cooperativas ser\u00e3o selecionadas em todas as capitais do pa\u00eds.<\/p>\n<p>\u201cA CAIXA, como institui\u00e7\u00e3o financeira que utiliza muitos eletroeletr\u00f4nicos, firma hoje um compromisso de investir cerca de R\uff04 10 milh\u00f5es para apoiar 54 cooperativas em todas as capitais do pa\u00eds. Al\u00e9m de ajudar a estruturar as cooperativas, que ainda ser\u00e3o selecionadas, vamos investir em a\u00e7\u00f5es de capacita\u00e7\u00e3o de catadores, para que o desmonte desses equipamentos seja feito de maneira adequada, gerando mais renda a esses trabalhadores. O investimento prev\u00ea capacita\u00e7\u00f5es em gest\u00e3o e estrutura\u00e7\u00e3o das cooperativas com as ferramentas e EPI necess\u00e1rios\u201d, explica Jean Benevides.<\/p>\n<p>&nbsp;<\/p>\n<p><strong><u>Investimentos do FSA:<\/u><\/strong><\/p>\n<p>Na ocasi\u00e3o, a CAIXA tamb\u00e9m anunciou investimento de cerca de R\uff04 10 milh\u00f5es, com recursos do Fundo Socioambiental da CAIXA (FSA), para financiamento de projeto para descarte e reciclagem de res\u00edduos eletroeletr\u00f4nicos, que se iniciar\u00e1 em fevereiro de 2024 e vai beneficiar 54 cooperativas em todo o pa\u00eds.<\/p>\n<p>O projeto visa estruturar cooperativas de catadores de todas as capitais brasileiras e do Distrito Federal para a destina\u00e7\u00e3o ambientalmente segura e economicamente rent\u00e1vel de res\u00edduos eletroeletr\u00f4nicos, inclusive eletrodom\u00e9sticos, oferecendo \u00e0 popula\u00e7\u00e3o dessas cidades uma possibilidade para o descarte adequado desses res\u00edduos. Cerca de 45 mil pessoas ser\u00e3o beneficiadas com capacita\u00e7\u00e3o e a\u00e7\u00f5es de educa\u00e7\u00e3o ambiental.<\/p>\n<p>A CAIXA est\u00e1 priorizando o p\u00fablico de catadores e catadoras dentro da sua Agenda de Sustentabilidade e Responsabilidade Socioambiental. O banco tamb\u00e9m apoia a gest\u00e3o adequada de res\u00edduos, prote\u00e7\u00e3o ambiental e fomento da economia circular e da log\u00edstica reversa com foco na promo\u00e7\u00e3o da inclus\u00e3o socioprodutiva dos catadores.<\/p>\n<p>&nbsp;<\/p>\n<p><strong><u>10\u00aa Expocatadores:<\/u><\/strong><\/p>\n<p>Desde 2009, o evento \u00e9 realizado com uma ampla programa\u00e7\u00e3o e re\u00fane especialistas em res\u00edduos, gestores p\u00fablicos, Governos Federal e Estadual, catadores de materiais recicl\u00e1veis, empresas e institui\u00e7\u00f5es.<\/p>\n<p>A 10\u00aa edi\u00e7\u00e3o da exposi\u00e7\u00e3o, com patroc\u00ednio da CAIXA, traz o tema \u201cReciclando o Brasil: Protagonismo, Reconhecimento e Remunera\u00e7\u00e3o do trabalho das Catadoras e Catadores\u201d.<\/p>\n","protected":false},"excerpt":{"rendered":"<p>Dentre as a\u00e7\u00f5es, destaca-se Acordo de Coopera\u00e7\u00e3o T\u00e9cnica celebrado entre<\/p>\n","protected":false},"author":2,"featured_media":99509,"comment_status":"open","ping_status":"open","sticky":false,"template":"","format":"standard","meta":{"footnotes":""},"categories":[24,3],"tags":[],"class_list":["post-99508","post","type-post","status-publish","format-standard","has-post-thumbnail","hentry","category-brasil","category-geral"],"yoast_head":"<!-- This site is optimized with the Yoast SEO plugin v27.4 - https:\/\/yoast.com\/product\/yoast-seo-wordpress\/ -->\n<title>CAIXA E GOVERNO FEDERAL ANUNCIAM A\u00c7\u00d5ES PARA APOIAR CATADORES EM TODO O BRASIL - Regi\u00e3o News<\/title>\n<meta name=\"robots\" content=\"index, follow, max-snippet:-1, max-image-preview:large, max-video-preview:-1\" \/>\n<link rel=\"canonical\" href=\"https:\/\/regiaonews.net.br\/2022\/2023\/12\/26\/caixa-e-governo-federal-anunciam-acoes-para-apoiar-catadores-em-todo-o-brasil\/\" \/>\n<meta property=\"og:locale\" content=\"pt_BR\" \/>\n<meta property=\"og:type\" content=\"article\" \/>\n<meta property=\"og:title\" content=\"CAIXA E GOVERNO FEDERAL ANUNCIAM A\u00c7\u00d5ES PARA APOIAR CATADORES EM TODO O BRASIL - Regi\u00e3o News\" \/>\n<meta property=\"og:description\" content=\"Dentre as a\u00e7\u00f5es, destaca-se Acordo de Coopera\u00e7\u00e3o T\u00e9cnica celebrado entre\" \/>\n<meta property=\"og:url\" content=\"https:\/\/regiaonews.net.br\/2022\/2023\/12\/26\/caixa-e-governo-federal-anunciam-acoes-para-apoiar-catadores-em-todo-o-brasil\/\" \/>\n<meta property=\"og:site_name\" content=\"Regi\u00e3o News\" \/>\n<meta property=\"article:published_time\" content=\"2023-12-26T16:44:22+00:00\" \/>\n<meta property=\"og:image\" content=\"https:\/\/regiaonews.net.br\/2022\/wp-content\/uploads\/2023\/12\/unnamed.png\" \/>\n\t<meta property=\"og:image:width\" content=\"675\" \/>\n\t<meta property=\"og:image:height\" content=\"449\" \/>\n\t<meta property=\"og:image:type\" content=\"image\/png\" \/>\n<meta name=\"author\" content=\"Roberto\" \/>\n<meta name=\"twitter:card\" content=\"summary_large_image\" \/>\n<meta name=\"twitter:label1\" content=\"Escrito por\" \/>\n\t<meta name=\"twitter:data1\" content=\"Roberto\" \/>\n\t<meta name=\"twitter:label2\" content=\"Est. tempo de leitura\" \/>\n\t<meta name=\"twitter:data2\" content=\"3 minutos\" \/>\n<script type=\"application\/ld+json\" class=\"yoast-schema-graph\">{\"@context\":\"https:\\\/\\\/schema.org\",\"@graph\":[{\"@type\":\"Article\",\"@id\":\"https:\\\/\\\/regiaonews.net.br\\\/2022\\\/2023\\\/12\\\/26\\\/caixa-e-governo-federal-anunciam-acoes-para-apoiar-catadores-em-todo-o-brasil\\\/#article\",\"isPartOf\":{\"@id\":\"https:\\\/\\\/regiaonews.net.br\\\/2022\\\/2023\\\/12\\\/26\\\/caixa-e-governo-federal-anunciam-acoes-para-apoiar-catadores-em-todo-o-brasil\\\/\"},\"author\":{\"name\":\"Roberto\",\"@id\":\"https:\\\/\\\/regiaonews.net.br\\\/2022\\\/#\\\/schema\\\/person\\\/2d205a608a5aa97ac279d7a5e6d89ad8\"},\"headline\":\"CAIXA E GOVERNO FEDERAL ANUNCIAM A\u00c7\u00d5ES PARA APOIAR CATADORES EM TODO O BRASIL\",\"datePublished\":\"2023-12-26T16:44:22+00:00\",\"mainEntityOfPage\":{\"@id\":\"https:\\\/\\\/regiaonews.net.br\\\/2022\\\/2023\\\/12\\\/26\\\/caixa-e-governo-federal-anunciam-acoes-para-apoiar-catadores-em-todo-o-brasil\\\/\"},\"wordCount\":620,\"commentCount\":0,\"publisher\":{\"@id\":\"https:\\\/\\\/regiaonews.net.br\\\/2022\\\/#organization\"},\"image\":{\"@id\":\"https:\\\/\\\/regiaonews.net.br\\\/2022\\\/2023\\\/12\\\/26\\\/caixa-e-governo-federal-anunciam-acoes-para-apoiar-catadores-em-todo-o-brasil\\\/#primaryimage\"},\"thumbnailUrl\":\"https:\\\/\\\/regiaonews.net.br\\\/2022\\\/wp-content\\\/uploads\\\/2023\\\/12\\\/unnamed.png\",\"articleSection\":[\"Brasil\",\"Geral\"],\"inLanguage\":\"pt-BR\",\"potentialAction\":[{\"@type\":\"CommentAction\",\"name\":\"Comment\",\"target\":[\"https:\\\/\\\/regiaonews.net.br\\\/2022\\\/2023\\\/12\\\/26\\\/caixa-e-governo-federal-anunciam-acoes-para-apoiar-catadores-em-todo-o-brasil\\\/#respond\"]}]},{\"@type\":\"WebPage\",\"@id\":\"https:\\\/\\\/regiaonews.net.br\\\/2022\\\/2023\\\/12\\\/26\\\/caixa-e-governo-federal-anunciam-acoes-para-apoiar-catadores-em-todo-o-brasil\\\/\",\"url\":\"https:\\\/\\\/regiaonews.net.br\\\/2022\\\/2023\\\/12\\\/26\\\/caixa-e-governo-federal-anunciam-acoes-para-apoiar-catadores-em-todo-o-brasil\\\/\",\"name\":\"CAIXA E GOVERNO FEDERAL ANUNCIAM A\u00c7\u00d5ES PARA APOIAR CATADORES EM TODO O BRASIL - Regi\u00e3o News\",\"isPartOf\":{\"@id\":\"https:\\\/\\\/regiaonews.net.br\\\/2022\\\/#website\"},\"primaryImageOfPage\":{\"@id\":\"https:\\\/\\\/regiaonews.net.br\\\/2022\\\/2023\\\/12\\\/26\\\/caixa-e-governo-federal-anunciam-acoes-para-apoiar-catadores-em-todo-o-brasil\\\/#primaryimage\"},\"image\":{\"@id\":\"https:\\\/\\\/regiaonews.net.br\\\/2022\\\/2023\\\/12\\\/26\\\/caixa-e-governo-federal-anunciam-acoes-para-apoiar-catadores-em-todo-o-brasil\\\/#primaryimage\"},\"thumbnailUrl\":\"https:\\\/\\\/regiaonews.net.br\\\/2022\\\/wp-content\\\/uploads\\\/2023\\\/12\\\/unnamed.png\",\"datePublished\":\"2023-12-26T16:44:22+00:00\",\"breadcrumb\":{\"@id\":\"https:\\\/\\\/regiaonews.net.br\\\/2022\\\/2023\\\/12\\\/26\\\/caixa-e-governo-federal-anunciam-acoes-para-apoiar-catadores-em-todo-o-brasil\\\/#breadcrumb\"},\"inLanguage\":\"pt-BR\",\"potentialAction\":[{\"@type\":\"ReadAction\",\"target\":[\"https:\\\/\\\/regiaonews.net.br\\\/2022\\\/2023\\\/12\\\/26\\\/caixa-e-governo-federal-anunciam-acoes-para-apoiar-catadores-em-todo-o-brasil\\\/\"]}]},{\"@type\":\"ImageObject\",\"inLanguage\":\"pt-BR\",\"@id\":\"https:\\\/\\\/regiaonews.net.br\\\/2022\\\/2023\\\/12\\\/26\\\/caixa-e-governo-federal-anunciam-acoes-para-apoiar-catadores-em-todo-o-brasil\\\/#primaryimage\",\"url\":\"https:\\\/\\\/regiaonews.net.br\\\/2022\\\/wp-content\\\/uploads\\\/2023\\\/12\\\/unnamed.png\",\"contentUrl\":\"https:\\\/\\\/regiaonews.net.br\\\/2022\\\/wp-content\\\/uploads\\\/2023\\\/12\\\/unnamed.png\",\"width\":675,\"height\":449},{\"@type\":\"BreadcrumbList\",\"@id\":\"https:\\\/\\\/regiaonews.net.br\\\/2022\\\/2023\\\/12\\\/26\\\/caixa-e-governo-federal-anunciam-acoes-para-apoiar-catadores-em-todo-o-brasil\\\/#breadcrumb\",\"itemListElement\":[{\"@type\":\"ListItem\",\"position\":1,\"name\":\"In\u00edcio\",\"item\":\"https:\\\/\\\/regiaonews.net.br\\\/2022\\\/\"},{\"@type\":\"ListItem\",\"position\":2,\"name\":\"CAIXA E GOVERNO FEDERAL ANUNCIAM A\u00c7\u00d5ES PARA APOIAR CATADORES EM TODO O BRASIL\"}]},{\"@type\":\"WebSite\",\"@id\":\"https:\\\/\\\/regiaonews.net.br\\\/2022\\\/#website\",\"url\":\"https:\\\/\\\/regiaonews.net.br\\\/2022\\\/\",\"name\":\"Regi\u00e3o News\",\"description\":\"Site de Not\u00edcias de Barretos e regi\u00e3o\",\"publisher\":{\"@id\":\"https:\\\/\\\/regiaonews.net.br\\\/2022\\\/#organization\"},\"potentialAction\":[{\"@type\":\"SearchAction\",\"target\":{\"@type\":\"EntryPoint\",\"urlTemplate\":\"https:\\\/\\\/regiaonews.net.br\\\/2022\\\/?s={search_term_string}\"},\"query-input\":{\"@type\":\"PropertyValueSpecification\",\"valueRequired\":true,\"valueName\":\"search_term_string\"}}],\"inLanguage\":\"pt-BR\"},{\"@type\":\"Organization\",\"@id\":\"https:\\\/\\\/regiaonews.net.br\\\/2022\\\/#organization\",\"name\":\"Regi\u00e3o News\",\"url\":\"https:\\\/\\\/regiaonews.net.br\\\/2022\\\/\",\"logo\":{\"@type\":\"ImageObject\",\"inLanguage\":\"pt-BR\",\"@id\":\"https:\\\/\\\/regiaonews.net.br\\\/2022\\\/#\\\/schema\\\/logo\\\/image\\\/\",\"url\":\"https:\\\/\\\/regiaonews.net.br\\\/2022\\\/wp-content\\\/uploads\\\/2026\\\/03\\\/regiao-13-anos-scaled.jpg\",\"contentUrl\":\"https:\\\/\\\/regiaonews.net.br\\\/2022\\\/wp-content\\\/uploads\\\/2026\\\/03\\\/regiao-13-anos-scaled.jpg\",\"width\":2560,\"height\":635,\"caption\":\"Regi\u00e3o News\"},\"image\":{\"@id\":\"https:\\\/\\\/regiaonews.net.br\\\/2022\\\/#\\\/schema\\\/logo\\\/image\\\/\"}},{\"@type\":\"Person\",\"@id\":\"https:\\\/\\\/regiaonews.net.br\\\/2022\\\/#\\\/schema\\\/person\\\/2d205a608a5aa97ac279d7a5e6d89ad8\",\"name\":\"Roberto\",\"image\":{\"@type\":\"ImageObject\",\"inLanguage\":\"pt-BR\",\"@id\":\"https:\\\/\\\/secure.gravatar.com\\\/avatar\\\/42749d8b712ff9d59ca93dc150494e5b55a44134482993f5baeb97e61b7ecc89?s=96&d=mm&r=g\",\"url\":\"https:\\\/\\\/secure.gravatar.com\\\/avatar\\\/42749d8b712ff9d59ca93dc150494e5b55a44134482993f5baeb97e61b7ecc89?s=96&d=mm&r=g\",\"contentUrl\":\"https:\\\/\\\/secure.gravatar.com\\\/avatar\\\/42749d8b712ff9d59ca93dc150494e5b55a44134482993f5baeb97e61b7ecc89?s=96&d=mm&r=g\",\"caption\":\"Roberto\"},\"url\":\"https:\\\/\\\/regiaonews.net.br\\\/2022\\\/author\\\/roberto\\\/\"}]}<\/script>\n<!-- \/ Yoast SEO plugin. -->","yoast_head_json":{"title":"CAIXA E GOVERNO FEDERAL ANUNCIAM A\u00c7\u00d5ES PARA APOIAR CATADORES EM TODO O BRASIL - Regi\u00e3o News","robots":{"index":"index","follow":"follow","max-snippet":"max-snippet:-1","max-image-preview":"max-image-preview:large","max-video-preview":"max-video-preview:-1"},"canonical":"https:\/\/regiaonews.net.br\/2022\/2023\/12\/26\/caixa-e-governo-federal-anunciam-acoes-para-apoiar-catadores-em-todo-o-brasil\/","og_locale":"pt_BR","og_type":"article","og_title":"CAIXA E GOVERNO FEDERAL ANUNCIAM A\u00c7\u00d5ES PARA APOIAR CATADORES EM TODO O BRASIL - Regi\u00e3o News","og_description":"Dentre as a\u00e7\u00f5es, destaca-se Acordo de Coopera\u00e7\u00e3o T\u00e9cnica celebrado entre","og_url":"https:\/\/regiaonews.net.br\/2022\/2023\/12\/26\/caixa-e-governo-federal-anunciam-acoes-para-apoiar-catadores-em-todo-o-brasil\/","og_site_name":"Regi\u00e3o News","article_published_time":"2023-12-26T16:44:22+00:00","og_image":[{"width":675,"height":449,"url":"https:\/\/regiaonews.net.br\/2022\/wp-content\/uploads\/2023\/12\/unnamed.png","type":"image\/png"}],"author":"Roberto","twitter_card":"summary_large_image","twitter_misc":{"Escrito por":"Roberto","Est. tempo de leitura":"3 minutos"},"schema":{"@context":"https:\/\/schema.org","@graph":[{"@type":"Article","@id":"https:\/\/regiaonews.net.br\/2022\/2023\/12\/26\/caixa-e-governo-federal-anunciam-acoes-para-apoiar-catadores-em-todo-o-brasil\/#article","isPartOf":{"@id":"https:\/\/regiaonews.net.br\/2022\/2023\/12\/26\/caixa-e-governo-federal-anunciam-acoes-para-apoiar-catadores-em-todo-o-brasil\/"},"author":{"name":"Roberto","@id":"https:\/\/regiaonews.net.br\/2022\/#\/schema\/person\/2d205a608a5aa97ac279d7a5e6d89ad8"},"headline":"CAIXA E GOVERNO FEDERAL ANUNCIAM A\u00c7\u00d5ES PARA APOIAR CATADORES EM TODO O BRASIL","datePublished":"2023-12-26T16:44:22+00:00","mainEntityOfPage":{"@id":"https:\/\/regiaonews.net.br\/2022\/2023\/12\/26\/caixa-e-governo-federal-anunciam-acoes-para-apoiar-catadores-em-todo-o-brasil\/"},"wordCount":620,"commentCount":0,"publisher":{"@id":"https:\/\/regiaonews.net.br\/2022\/#organization"},"image":{"@id":"https:\/\/regiaonews.net.br\/2022\/2023\/12\/26\/caixa-e-governo-federal-anunciam-acoes-para-apoiar-catadores-em-todo-o-brasil\/#primaryimage"},"thumbnailUrl":"https:\/\/regiaonews.net.br\/2022\/wp-content\/uploads\/2023\/12\/unnamed.png","articleSection":["Brasil","Geral"],"inLanguage":"pt-BR","potentialAction":[{"@type":"CommentAction","name":"Comment","target":["https:\/\/regiaonews.net.br\/2022\/2023\/12\/26\/caixa-e-governo-federal-anunciam-acoes-para-apoiar-catadores-em-todo-o-brasil\/#respond"]}]},{"@type":"WebPage","@id":"https:\/\/regiaonews.net.br\/2022\/2023\/12\/26\/caixa-e-governo-federal-anunciam-acoes-para-apoiar-catadores-em-todo-o-brasil\/","url":"https:\/\/regiaonews.net.br\/2022\/2023\/12\/26\/caixa-e-governo-federal-anunciam-acoes-para-apoiar-catadores-em-todo-o-brasil\/","name":"CAIXA E GOVERNO FEDERAL ANUNCIAM A\u00c7\u00d5ES PARA APOIAR CATADORES EM TODO O BRASIL - Regi\u00e3o News","isPartOf":{"@id":"https:\/\/regiaonews.net.br\/2022\/#website"},"primaryImageOfPage":{"@id":"https:\/\/regiaonews.net.br\/2022\/2023\/12\/26\/caixa-e-governo-federal-anunciam-acoes-para-apoiar-catadores-em-todo-o-brasil\/#primaryimage"},"image":{"@id":"https:\/\/regiaonews.net.br\/2022\/2023\/12\/26\/caixa-e-governo-federal-anunciam-acoes-para-apoiar-catadores-em-todo-o-brasil\/#primaryimage"},"thumbnailUrl":"https:\/\/regiaonews.net.br\/2022\/wp-content\/uploads\/2023\/12\/unnamed.png","datePublished":"2023-12-26T16:44:22+00:00","breadcrumb":{"@id":"https:\/\/regiaonews.net.br\/2022\/2023\/12\/26\/caixa-e-governo-federal-anunciam-acoes-para-apoiar-catadores-em-todo-o-brasil\/#breadcrumb"},"inLanguage":"pt-BR","potentialAction":[{"@type":"ReadAction","target":["https:\/\/regiaonews.net.br\/2022\/2023\/12\/26\/caixa-e-governo-federal-anunciam-acoes-para-apoiar-catadores-em-todo-o-brasil\/"]}]},{"@type":"ImageObject","inLanguage":"pt-BR","@id":"https:\/\/regiaonews.net.br\/2022\/2023\/12\/26\/caixa-e-governo-federal-anunciam-acoes-para-apoiar-catadores-em-todo-o-brasil\/#primaryimage","url":"https:\/\/regiaonews.net.br\/2022\/wp-content\/uploads\/2023\/12\/unnamed.png","contentUrl":"https:\/\/regiaonews.net.br\/2022\/wp-content\/uploads\/2023\/12\/unnamed.png","width":675,"height":449},{"@type":"BreadcrumbList","@id":"https:\/\/regiaonews.net.br\/2022\/2023\/12\/26\/caixa-e-governo-federal-anunciam-acoes-para-apoiar-catadores-em-todo-o-brasil\/#breadcrumb","itemListElement":[{"@type":"ListItem","position":1,"name":"In\u00edcio","item":"https:\/\/regiaonews.net.br\/2022\/"},{"@type":"ListItem","position":2,"name":"CAIXA E GOVERNO FEDERAL ANUNCIAM A\u00c7\u00d5ES PARA APOIAR CATADORES EM TODO O BRASIL"}]},{"@type":"WebSite","@id":"https:\/\/regiaonews.net.br\/2022\/#website","url":"https:\/\/regiaonews.net.br\/2022\/","name":"Regi\u00e3o News","description":"Site de Not\u00edcias de Barretos e regi\u00e3o","publisher":{"@id":"https:\/\/regiaonews.net.br\/2022\/#organization"},"potentialAction":[{"@type":"SearchAction","target":{"@type":"EntryPoint","urlTemplate":"https:\/\/regiaonews.net.br\/2022\/?s={search_term_string}"},"query-input":{"@type":"PropertyValueSpecification","valueRequired":true,"valueName":"search_term_string"}}],"inLanguage":"pt-BR"},{"@type":"Organization","@id":"https:\/\/regiaonews.net.br\/2022\/#organization","name":"Regi\u00e3o News","url":"https:\/\/regiaonews.net.br\/2022\/","logo":{"@type":"ImageObject","inLanguage":"pt-BR","@id":"https:\/\/regiaonews.net.br\/2022\/#\/schema\/logo\/image\/","url":"https:\/\/regiaonews.net.br\/2022\/wp-content\/uploads\/2026\/03\/regiao-13-anos-scaled.jpg","contentUrl":"https:\/\/regiaonews.net.br\/2022\/wp-content\/uploads\/2026\/03\/regiao-13-anos-scaled.jpg","width":2560,"height":635,"caption":"Regi\u00e3o News"},"image":{"@id":"https:\/\/regiaonews.net.br\/2022\/#\/schema\/logo\/image\/"}},{"@type":"Person","@id":"https:\/\/regiaonews.net.br\/2022\/#\/schema\/person\/2d205a608a5aa97ac279d7a5e6d89ad8","name":"Roberto","image":{"@type":"ImageObject","inLanguage":"pt-BR","@id":"https:\/\/secure.gravatar.com\/avatar\/42749d8b712ff9d59ca93dc150494e5b55a44134482993f5baeb97e61b7ecc89?s=96&d=mm&r=g","url":"https:\/\/secure.gravatar.com\/avatar\/42749d8b712ff9d59ca93dc150494e5b55a44134482993f5baeb97e61b7ecc89?s=96&d=mm&r=g","contentUrl":"https:\/\/secure.gravatar.com\/avatar\/42749d8b712ff9d59ca93dc150494e5b55a44134482993f5baeb97e61b7ecc89?s=96&d=mm&r=g","caption":"Roberto"},"url":"https:\/\/regiaonews.net.br\/2022\/author\/roberto\/"}]}},"publishpress_future_action":{"enabled":false,"date":"2026-05-04 09:13:27","action":"change-status","newStatus":"draft","terms":[],"taxonomy":"category","extraData":[]},"publishpress_future_workflow_manual_trigger":{"enabledWorkflows":[]},"_links":{"self":[{"href":"https:\/\/regiaonews.net.br\/2022\/wp-json\/wp\/v2\/posts\/99508","targetHints":{"allow":["GET"]}}],"collection":[{"href":"https:\/\/regiaonews.net.br\/2022\/wp-json\/wp\/v2\/posts"}],"about":[{"href":"https:\/\/regiaonews.net.br\/2022\/wp-json\/wp\/v2\/types\/post"}],"author":[{"embeddable":true,"href":"https:\/\/regiaonews.net.br\/2022\/wp-json\/wp\/v2\/users\/2"}],"replies":[{"embeddable":true,"href":"https:\/\/regiaonews.net.br\/2022\/wp-json\/wp\/v2\/comments?post=99508"}],"version-history":[{"count":1,"href":"https:\/\/regiaonews.net.br\/2022\/wp-json\/wp\/v2\/posts\/99508\/revisions"}],"predecessor-version":[{"id":99510,"href":"https:\/\/regiaonews.net.br\/2022\/wp-json\/wp\/v2\/posts\/99508\/revisions\/99510"}],"wp:featuredmedia":[{"embeddable":true,"href":"https:\/\/regiaonews.net.br\/2022\/wp-json\/wp\/v2\/media\/99509"}],"wp:attachment":[{"href":"https:\/\/regiaonews.net.br\/2022\/wp-json\/wp\/v2\/media?parent=99508"}],"wp:term":[{"taxonomy":"category","embeddable":true,"href":"https:\/\/regiaonews.net.br\/2022\/wp-json\/wp\/v2\/categories?post=99508"},{"taxonomy":"post_tag","embeddable":true,"href":"https:\/\/regiaonews.net.br\/2022\/wp-json\/wp\/v2\/tags?post=99508"}],"curies":[{"name":"wp","href":"https:\/\/api.w.org\/{rel}","templated":true}]}}