{"id":99505,"date":"2023-12-26T13:42:31","date_gmt":"2023-12-26T16:42:31","guid":{"rendered":"https:\/\/regiaonews.net.br\/2022\/?p=99505"},"modified":"2023-12-26T13:42:31","modified_gmt":"2023-12-26T16:42:31","slug":"marcelo-zion-e-suas-maes-pretas-abrem-o-arte-no-shopping-de-2024","status":"publish","type":"post","link":"https:\/\/regiaonews.net.br\/2022\/2023\/12\/26\/marcelo-zion-e-suas-maes-pretas-abrem-o-arte-no-shopping-de-2024\/","title":{"rendered":"Marcelo Zion e suas \u201cM\u00e3es Pretas\u201d abrem o Arte no Shopping de 2024"},"content":{"rendered":"<h3 style=\"text-align: center;\">Obras da exposi\u00e7\u00e3o nasceram da vontade de dar visibilidade \u00e0s mulheres que passaram pelo luto da perda de um filho.<\/h3>\n<p>\u201cM\u00e3es Pretas, F\u00e1brica de L\u00e1grimas\u201d \u00e9 o nome forte e dram\u00e1tico da exposi\u00e7\u00e3o que abre a temporada 2024 do projeto Arte no Shopping, do North Shopping Barretos. O autor, Marcelo Zion, \u00e9 um artista pl\u00e1stico que tem como base a escola do grafite, a arte livre que interfere na paisagem urbana, em que se iniciou aos 12 anos, dentro do movimento hip hop. Zion \u00e9 tamb\u00e9m bi\u00f3logo e fot\u00f3grafo.<\/p>\n<p>A mostra no shopping, que vai de 01 a 31 de janeiro, traz mais de 20 obras que utilizam t\u00e9cnicas diversas sobre papel canson australiano, de tinta spray a l\u00e1pis aquarel\u00e1vel, nanquim e pastel de cera. A maternidade de mulheres negras ganha os mais diferentes tons sob os olhos do artista.<\/p>\n<p>O Arte no Shopping, projeto que ocupa diferentes espa\u00e7os f\u00edsicos a cada m\u00eas, no North Shopping Barretos, j\u00e1 recebeu mais de cem artistas em seus 13 anos de hist\u00f3ria. Alguns nomes que passaram pelo projeto: Concei\u00e7\u00e3o Borges, Renato Amisy, Chico Priolli, Bia Caiel, Rosa Rezeck, Marita Magalh\u00e3es, Jo\u00e3o Parassu, Romero Britto, Lilian Parass\u00fa, Valter Corcino, Renata Magalh\u00e3es, Celia Marilza, Denise Pereira Martins, Dado Stuarts, Edson Abe, Izabela Pivotto Abe, entre outros.<\/p>\n<p>Servi\u00e7o:<br \/>\nO que: Arte no Shopping<br \/>\nArtista expositor: Marcelo Zion \u201cM\u00e3es Pretas, F\u00e1brica de L\u00e1grimas\u201d<br \/>\nOnde: Espa\u00e7o de eventos defronte ao Botequim<br \/>\nQuando: de 04 a 31 de janeiro de 2024<br \/>\nHor\u00e1rio: Conforme hor\u00e1rio de funcionamento do North Shopping Barretos<br \/>\nAtra\u00e7\u00e3o gratuita<\/p>\n<p>Fotos:\u00a0Aquino\u00a0Jos\u00e9<\/p>\n","protected":false},"excerpt":{"rendered":"<p>Obras da exposi\u00e7\u00e3o nasceram da vontade de dar visibilidade \u00e0s<\/p>\n","protected":false},"author":2,"featured_media":99506,"comment_status":"open","ping_status":"open","sticky":false,"template":"","format":"standard","meta":{"footnotes":""},"categories":[14,3],"tags":[],"class_list":["post-99505","post","type-post","status-publish","format-standard","has-post-thumbnail","hentry","category-barretos","category-geral"],"yoast_head":"<!-- This site is optimized with the Yoast SEO plugin v27.4 - https:\/\/yoast.com\/product\/yoast-seo-wordpress\/ -->\n<title>Marcelo Zion e suas \u201cM\u00e3es Pretas\u201d abrem o Arte no Shopping de 2024 - Regi\u00e3o News<\/title>\n<meta name=\"robots\" content=\"index, follow, max-snippet:-1, max-image-preview:large, max-video-preview:-1\" \/>\n<link rel=\"canonical\" href=\"https:\/\/regiaonews.net.br\/2022\/2023\/12\/26\/marcelo-zion-e-suas-maes-pretas-abrem-o-arte-no-shopping-de-2024\/\" \/>\n<meta property=\"og:locale\" content=\"pt_BR\" \/>\n<meta property=\"og:type\" content=\"article\" \/>\n<meta property=\"og:title\" content=\"Marcelo Zion e suas \u201cM\u00e3es Pretas\u201d abrem o Arte no Shopping de 2024 - Regi\u00e3o News\" \/>\n<meta property=\"og:description\" content=\"Obras da exposi\u00e7\u00e3o nasceram da vontade de dar visibilidade \u00e0s\" \/>\n<meta property=\"og:url\" content=\"https:\/\/regiaonews.net.br\/2022\/2023\/12\/26\/marcelo-zion-e-suas-maes-pretas-abrem-o-arte-no-shopping-de-2024\/\" \/>\n<meta property=\"og:site_name\" content=\"Regi\u00e3o News\" \/>\n<meta property=\"article:published_time\" content=\"2023-12-26T16:42:31+00:00\" \/>\n<meta property=\"og:image\" content=\"https:\/\/regiaonews.net.br\/2022\/wp-content\/uploads\/2023\/12\/Imagem-do-WhatsApp-de-2023-12-26-as-11.53.29_2e759f47.jpg\" \/>\n\t<meta property=\"og:image:width\" content=\"1600\" \/>\n\t<meta property=\"og:image:height\" content=\"1066\" \/>\n\t<meta property=\"og:image:type\" content=\"image\/jpeg\" \/>\n<meta name=\"author\" content=\"Roberto\" \/>\n<meta name=\"twitter:card\" content=\"summary_large_image\" \/>\n<meta name=\"twitter:label1\" content=\"Escrito por\" \/>\n\t<meta name=\"twitter:data1\" content=\"Roberto\" \/>\n\t<meta name=\"twitter:label2\" content=\"Est. tempo de leitura\" \/>\n\t<meta name=\"twitter:data2\" content=\"2 minutos\" \/>\n<script type=\"application\/ld+json\" class=\"yoast-schema-graph\">{\"@context\":\"https:\\\/\\\/schema.org\",\"@graph\":[{\"@type\":\"Article\",\"@id\":\"https:\\\/\\\/regiaonews.net.br\\\/2022\\\/2023\\\/12\\\/26\\\/marcelo-zion-e-suas-maes-pretas-abrem-o-arte-no-shopping-de-2024\\\/#article\",\"isPartOf\":{\"@id\":\"https:\\\/\\\/regiaonews.net.br\\\/2022\\\/2023\\\/12\\\/26\\\/marcelo-zion-e-suas-maes-pretas-abrem-o-arte-no-shopping-de-2024\\\/\"},\"author\":{\"name\":\"Roberto\",\"@id\":\"https:\\\/\\\/regiaonews.net.br\\\/2022\\\/#\\\/schema\\\/person\\\/2d205a608a5aa97ac279d7a5e6d89ad8\"},\"headline\":\"Marcelo Zion e suas \u201cM\u00e3es Pretas\u201d abrem o Arte no Shopping de 2024\",\"datePublished\":\"2023-12-26T16:42:31+00:00\",\"mainEntityOfPage\":{\"@id\":\"https:\\\/\\\/regiaonews.net.br\\\/2022\\\/2023\\\/12\\\/26\\\/marcelo-zion-e-suas-maes-pretas-abrem-o-arte-no-shopping-de-2024\\\/\"},\"wordCount\":286,\"commentCount\":0,\"publisher\":{\"@id\":\"https:\\\/\\\/regiaonews.net.br\\\/2022\\\/#organization\"},\"image\":{\"@id\":\"https:\\\/\\\/regiaonews.net.br\\\/2022\\\/2023\\\/12\\\/26\\\/marcelo-zion-e-suas-maes-pretas-abrem-o-arte-no-shopping-de-2024\\\/#primaryimage\"},\"thumbnailUrl\":\"https:\\\/\\\/regiaonews.net.br\\\/2022\\\/wp-content\\\/uploads\\\/2023\\\/12\\\/Imagem-do-WhatsApp-de-2023-12-26-as-11.53.29_2e759f47.jpg\",\"articleSection\":[\"Barretos\",\"Geral\"],\"inLanguage\":\"pt-BR\",\"potentialAction\":[{\"@type\":\"CommentAction\",\"name\":\"Comment\",\"target\":[\"https:\\\/\\\/regiaonews.net.br\\\/2022\\\/2023\\\/12\\\/26\\\/marcelo-zion-e-suas-maes-pretas-abrem-o-arte-no-shopping-de-2024\\\/#respond\"]}]},{\"@type\":\"WebPage\",\"@id\":\"https:\\\/\\\/regiaonews.net.br\\\/2022\\\/2023\\\/12\\\/26\\\/marcelo-zion-e-suas-maes-pretas-abrem-o-arte-no-shopping-de-2024\\\/\",\"url\":\"https:\\\/\\\/regiaonews.net.br\\\/2022\\\/2023\\\/12\\\/26\\\/marcelo-zion-e-suas-maes-pretas-abrem-o-arte-no-shopping-de-2024\\\/\",\"name\":\"Marcelo Zion e suas \u201cM\u00e3es Pretas\u201d abrem o Arte no Shopping de 2024 - Regi\u00e3o News\",\"isPartOf\":{\"@id\":\"https:\\\/\\\/regiaonews.net.br\\\/2022\\\/#website\"},\"primaryImageOfPage\":{\"@id\":\"https:\\\/\\\/regiaonews.net.br\\\/2022\\\/2023\\\/12\\\/26\\\/marcelo-zion-e-suas-maes-pretas-abrem-o-arte-no-shopping-de-2024\\\/#primaryimage\"},\"image\":{\"@id\":\"https:\\\/\\\/regiaonews.net.br\\\/2022\\\/2023\\\/12\\\/26\\\/marcelo-zion-e-suas-maes-pretas-abrem-o-arte-no-shopping-de-2024\\\/#primaryimage\"},\"thumbnailUrl\":\"https:\\\/\\\/regiaonews.net.br\\\/2022\\\/wp-content\\\/uploads\\\/2023\\\/12\\\/Imagem-do-WhatsApp-de-2023-12-26-as-11.53.29_2e759f47.jpg\",\"datePublished\":\"2023-12-26T16:42:31+00:00\",\"breadcrumb\":{\"@id\":\"https:\\\/\\\/regiaonews.net.br\\\/2022\\\/2023\\\/12\\\/26\\\/marcelo-zion-e-suas-maes-pretas-abrem-o-arte-no-shopping-de-2024\\\/#breadcrumb\"},\"inLanguage\":\"pt-BR\",\"potentialAction\":[{\"@type\":\"ReadAction\",\"target\":[\"https:\\\/\\\/regiaonews.net.br\\\/2022\\\/2023\\\/12\\\/26\\\/marcelo-zion-e-suas-maes-pretas-abrem-o-arte-no-shopping-de-2024\\\/\"]}]},{\"@type\":\"ImageObject\",\"inLanguage\":\"pt-BR\",\"@id\":\"https:\\\/\\\/regiaonews.net.br\\\/2022\\\/2023\\\/12\\\/26\\\/marcelo-zion-e-suas-maes-pretas-abrem-o-arte-no-shopping-de-2024\\\/#primaryimage\",\"url\":\"https:\\\/\\\/regiaonews.net.br\\\/2022\\\/wp-content\\\/uploads\\\/2023\\\/12\\\/Imagem-do-WhatsApp-de-2023-12-26-as-11.53.29_2e759f47.jpg\",\"contentUrl\":\"https:\\\/\\\/regiaonews.net.br\\\/2022\\\/wp-content\\\/uploads\\\/2023\\\/12\\\/Imagem-do-WhatsApp-de-2023-12-26-as-11.53.29_2e759f47.jpg\",\"width\":1600,\"height\":1066},{\"@type\":\"BreadcrumbList\",\"@id\":\"https:\\\/\\\/regiaonews.net.br\\\/2022\\\/2023\\\/12\\\/26\\\/marcelo-zion-e-suas-maes-pretas-abrem-o-arte-no-shopping-de-2024\\\/#breadcrumb\",\"itemListElement\":[{\"@type\":\"ListItem\",\"position\":1,\"name\":\"In\u00edcio\",\"item\":\"https:\\\/\\\/regiaonews.net.br\\\/2022\\\/\"},{\"@type\":\"ListItem\",\"position\":2,\"name\":\"Marcelo Zion e suas \u201cM\u00e3es Pretas\u201d abrem o Arte no Shopping de 2024\"}]},{\"@type\":\"WebSite\",\"@id\":\"https:\\\/\\\/regiaonews.net.br\\\/2022\\\/#website\",\"url\":\"https:\\\/\\\/regiaonews.net.br\\\/2022\\\/\",\"name\":\"Regi\u00e3o News\",\"description\":\"Site de Not\u00edcias de Barretos e regi\u00e3o\",\"publisher\":{\"@id\":\"https:\\\/\\\/regiaonews.net.br\\\/2022\\\/#organization\"},\"potentialAction\":[{\"@type\":\"SearchAction\",\"target\":{\"@type\":\"EntryPoint\",\"urlTemplate\":\"https:\\\/\\\/regiaonews.net.br\\\/2022\\\/?s={search_term_string}\"},\"query-input\":{\"@type\":\"PropertyValueSpecification\",\"valueRequired\":true,\"valueName\":\"search_term_string\"}}],\"inLanguage\":\"pt-BR\"},{\"@type\":\"Organization\",\"@id\":\"https:\\\/\\\/regiaonews.net.br\\\/2022\\\/#organization\",\"name\":\"Regi\u00e3o News\",\"url\":\"https:\\\/\\\/regiaonews.net.br\\\/2022\\\/\",\"logo\":{\"@type\":\"ImageObject\",\"inLanguage\":\"pt-BR\",\"@id\":\"https:\\\/\\\/regiaonews.net.br\\\/2022\\\/#\\\/schema\\\/logo\\\/image\\\/\",\"url\":\"https:\\\/\\\/regiaonews.net.br\\\/2022\\\/wp-content\\\/uploads\\\/2026\\\/03\\\/regiao-13-anos-scaled.jpg\",\"contentUrl\":\"https:\\\/\\\/regiaonews.net.br\\\/2022\\\/wp-content\\\/uploads\\\/2026\\\/03\\\/regiao-13-anos-scaled.jpg\",\"width\":2560,\"height\":635,\"caption\":\"Regi\u00e3o News\"},\"image\":{\"@id\":\"https:\\\/\\\/regiaonews.net.br\\\/2022\\\/#\\\/schema\\\/logo\\\/image\\\/\"}},{\"@type\":\"Person\",\"@id\":\"https:\\\/\\\/regiaonews.net.br\\\/2022\\\/#\\\/schema\\\/person\\\/2d205a608a5aa97ac279d7a5e6d89ad8\",\"name\":\"Roberto\",\"image\":{\"@type\":\"ImageObject\",\"inLanguage\":\"pt-BR\",\"@id\":\"https:\\\/\\\/secure.gravatar.com\\\/avatar\\\/42749d8b712ff9d59ca93dc150494e5b55a44134482993f5baeb97e61b7ecc89?s=96&d=mm&r=g\",\"url\":\"https:\\\/\\\/secure.gravatar.com\\\/avatar\\\/42749d8b712ff9d59ca93dc150494e5b55a44134482993f5baeb97e61b7ecc89?s=96&d=mm&r=g\",\"contentUrl\":\"https:\\\/\\\/secure.gravatar.com\\\/avatar\\\/42749d8b712ff9d59ca93dc150494e5b55a44134482993f5baeb97e61b7ecc89?s=96&d=mm&r=g\",\"caption\":\"Roberto\"},\"url\":\"https:\\\/\\\/regiaonews.net.br\\\/2022\\\/author\\\/roberto\\\/\"}]}<\/script>\n<!-- \/ Yoast SEO plugin. -->","yoast_head_json":{"title":"Marcelo Zion e suas \u201cM\u00e3es Pretas\u201d abrem o Arte no Shopping de 2024 - Regi\u00e3o News","robots":{"index":"index","follow":"follow","max-snippet":"max-snippet:-1","max-image-preview":"max-image-preview:large","max-video-preview":"max-video-preview:-1"},"canonical":"https:\/\/regiaonews.net.br\/2022\/2023\/12\/26\/marcelo-zion-e-suas-maes-pretas-abrem-o-arte-no-shopping-de-2024\/","og_locale":"pt_BR","og_type":"article","og_title":"Marcelo Zion e suas \u201cM\u00e3es Pretas\u201d abrem o Arte no Shopping de 2024 - Regi\u00e3o News","og_description":"Obras da exposi\u00e7\u00e3o nasceram da vontade de dar visibilidade \u00e0s","og_url":"https:\/\/regiaonews.net.br\/2022\/2023\/12\/26\/marcelo-zion-e-suas-maes-pretas-abrem-o-arte-no-shopping-de-2024\/","og_site_name":"Regi\u00e3o News","article_published_time":"2023-12-26T16:42:31+00:00","og_image":[{"width":1600,"height":1066,"url":"https:\/\/regiaonews.net.br\/2022\/wp-content\/uploads\/2023\/12\/Imagem-do-WhatsApp-de-2023-12-26-as-11.53.29_2e759f47.jpg","type":"image\/jpeg"}],"author":"Roberto","twitter_card":"summary_large_image","twitter_misc":{"Escrito por":"Roberto","Est. tempo de leitura":"2 minutos"},"schema":{"@context":"https:\/\/schema.org","@graph":[{"@type":"Article","@id":"https:\/\/regiaonews.net.br\/2022\/2023\/12\/26\/marcelo-zion-e-suas-maes-pretas-abrem-o-arte-no-shopping-de-2024\/#article","isPartOf":{"@id":"https:\/\/regiaonews.net.br\/2022\/2023\/12\/26\/marcelo-zion-e-suas-maes-pretas-abrem-o-arte-no-shopping-de-2024\/"},"author":{"name":"Roberto","@id":"https:\/\/regiaonews.net.br\/2022\/#\/schema\/person\/2d205a608a5aa97ac279d7a5e6d89ad8"},"headline":"Marcelo Zion e suas \u201cM\u00e3es Pretas\u201d abrem o Arte no Shopping de 2024","datePublished":"2023-12-26T16:42:31+00:00","mainEntityOfPage":{"@id":"https:\/\/regiaonews.net.br\/2022\/2023\/12\/26\/marcelo-zion-e-suas-maes-pretas-abrem-o-arte-no-shopping-de-2024\/"},"wordCount":286,"commentCount":0,"publisher":{"@id":"https:\/\/regiaonews.net.br\/2022\/#organization"},"image":{"@id":"https:\/\/regiaonews.net.br\/2022\/2023\/12\/26\/marcelo-zion-e-suas-maes-pretas-abrem-o-arte-no-shopping-de-2024\/#primaryimage"},"thumbnailUrl":"https:\/\/regiaonews.net.br\/2022\/wp-content\/uploads\/2023\/12\/Imagem-do-WhatsApp-de-2023-12-26-as-11.53.29_2e759f47.jpg","articleSection":["Barretos","Geral"],"inLanguage":"pt-BR","potentialAction":[{"@type":"CommentAction","name":"Comment","target":["https:\/\/regiaonews.net.br\/2022\/2023\/12\/26\/marcelo-zion-e-suas-maes-pretas-abrem-o-arte-no-shopping-de-2024\/#respond"]}]},{"@type":"WebPage","@id":"https:\/\/regiaonews.net.br\/2022\/2023\/12\/26\/marcelo-zion-e-suas-maes-pretas-abrem-o-arte-no-shopping-de-2024\/","url":"https:\/\/regiaonews.net.br\/2022\/2023\/12\/26\/marcelo-zion-e-suas-maes-pretas-abrem-o-arte-no-shopping-de-2024\/","name":"Marcelo Zion e suas \u201cM\u00e3es Pretas\u201d abrem o Arte no Shopping de 2024 - Regi\u00e3o News","isPartOf":{"@id":"https:\/\/regiaonews.net.br\/2022\/#website"},"primaryImageOfPage":{"@id":"https:\/\/regiaonews.net.br\/2022\/2023\/12\/26\/marcelo-zion-e-suas-maes-pretas-abrem-o-arte-no-shopping-de-2024\/#primaryimage"},"image":{"@id":"https:\/\/regiaonews.net.br\/2022\/2023\/12\/26\/marcelo-zion-e-suas-maes-pretas-abrem-o-arte-no-shopping-de-2024\/#primaryimage"},"thumbnailUrl":"https:\/\/regiaonews.net.br\/2022\/wp-content\/uploads\/2023\/12\/Imagem-do-WhatsApp-de-2023-12-26-as-11.53.29_2e759f47.jpg","datePublished":"2023-12-26T16:42:31+00:00","breadcrumb":{"@id":"https:\/\/regiaonews.net.br\/2022\/2023\/12\/26\/marcelo-zion-e-suas-maes-pretas-abrem-o-arte-no-shopping-de-2024\/#breadcrumb"},"inLanguage":"pt-BR","potentialAction":[{"@type":"ReadAction","target":["https:\/\/regiaonews.net.br\/2022\/2023\/12\/26\/marcelo-zion-e-suas-maes-pretas-abrem-o-arte-no-shopping-de-2024\/"]}]},{"@type":"ImageObject","inLanguage":"pt-BR","@id":"https:\/\/regiaonews.net.br\/2022\/2023\/12\/26\/marcelo-zion-e-suas-maes-pretas-abrem-o-arte-no-shopping-de-2024\/#primaryimage","url":"https:\/\/regiaonews.net.br\/2022\/wp-content\/uploads\/2023\/12\/Imagem-do-WhatsApp-de-2023-12-26-as-11.53.29_2e759f47.jpg","contentUrl":"https:\/\/regiaonews.net.br\/2022\/wp-content\/uploads\/2023\/12\/Imagem-do-WhatsApp-de-2023-12-26-as-11.53.29_2e759f47.jpg","width":1600,"height":1066},{"@type":"BreadcrumbList","@id":"https:\/\/regiaonews.net.br\/2022\/2023\/12\/26\/marcelo-zion-e-suas-maes-pretas-abrem-o-arte-no-shopping-de-2024\/#breadcrumb","itemListElement":[{"@type":"ListItem","position":1,"name":"In\u00edcio","item":"https:\/\/regiaonews.net.br\/2022\/"},{"@type":"ListItem","position":2,"name":"Marcelo Zion e suas \u201cM\u00e3es Pretas\u201d abrem o Arte no Shopping de 2024"}]},{"@type":"WebSite","@id":"https:\/\/regiaonews.net.br\/2022\/#website","url":"https:\/\/regiaonews.net.br\/2022\/","name":"Regi\u00e3o News","description":"Site de Not\u00edcias de Barretos e regi\u00e3o","publisher":{"@id":"https:\/\/regiaonews.net.br\/2022\/#organization"},"potentialAction":[{"@type":"SearchAction","target":{"@type":"EntryPoint","urlTemplate":"https:\/\/regiaonews.net.br\/2022\/?s={search_term_string}"},"query-input":{"@type":"PropertyValueSpecification","valueRequired":true,"valueName":"search_term_string"}}],"inLanguage":"pt-BR"},{"@type":"Organization","@id":"https:\/\/regiaonews.net.br\/2022\/#organization","name":"Regi\u00e3o News","url":"https:\/\/regiaonews.net.br\/2022\/","logo":{"@type":"ImageObject","inLanguage":"pt-BR","@id":"https:\/\/regiaonews.net.br\/2022\/#\/schema\/logo\/image\/","url":"https:\/\/regiaonews.net.br\/2022\/wp-content\/uploads\/2026\/03\/regiao-13-anos-scaled.jpg","contentUrl":"https:\/\/regiaonews.net.br\/2022\/wp-content\/uploads\/2026\/03\/regiao-13-anos-scaled.jpg","width":2560,"height":635,"caption":"Regi\u00e3o News"},"image":{"@id":"https:\/\/regiaonews.net.br\/2022\/#\/schema\/logo\/image\/"}},{"@type":"Person","@id":"https:\/\/regiaonews.net.br\/2022\/#\/schema\/person\/2d205a608a5aa97ac279d7a5e6d89ad8","name":"Roberto","image":{"@type":"ImageObject","inLanguage":"pt-BR","@id":"https:\/\/secure.gravatar.com\/avatar\/42749d8b712ff9d59ca93dc150494e5b55a44134482993f5baeb97e61b7ecc89?s=96&d=mm&r=g","url":"https:\/\/secure.gravatar.com\/avatar\/42749d8b712ff9d59ca93dc150494e5b55a44134482993f5baeb97e61b7ecc89?s=96&d=mm&r=g","contentUrl":"https:\/\/secure.gravatar.com\/avatar\/42749d8b712ff9d59ca93dc150494e5b55a44134482993f5baeb97e61b7ecc89?s=96&d=mm&r=g","caption":"Roberto"},"url":"https:\/\/regiaonews.net.br\/2022\/author\/roberto\/"}]}},"publishpress_future_action":{"enabled":false,"date":"2026-05-04 10:38:06","action":"change-status","newStatus":"draft","terms":[],"taxonomy":"category","extraData":[]},"publishpress_future_workflow_manual_trigger":{"enabledWorkflows":[]},"_links":{"self":[{"href":"https:\/\/regiaonews.net.br\/2022\/wp-json\/wp\/v2\/posts\/99505","targetHints":{"allow":["GET"]}}],"collection":[{"href":"https:\/\/regiaonews.net.br\/2022\/wp-json\/wp\/v2\/posts"}],"about":[{"href":"https:\/\/regiaonews.net.br\/2022\/wp-json\/wp\/v2\/types\/post"}],"author":[{"embeddable":true,"href":"https:\/\/regiaonews.net.br\/2022\/wp-json\/wp\/v2\/users\/2"}],"replies":[{"embeddable":true,"href":"https:\/\/regiaonews.net.br\/2022\/wp-json\/wp\/v2\/comments?post=99505"}],"version-history":[{"count":1,"href":"https:\/\/regiaonews.net.br\/2022\/wp-json\/wp\/v2\/posts\/99505\/revisions"}],"predecessor-version":[{"id":99507,"href":"https:\/\/regiaonews.net.br\/2022\/wp-json\/wp\/v2\/posts\/99505\/revisions\/99507"}],"wp:featuredmedia":[{"embeddable":true,"href":"https:\/\/regiaonews.net.br\/2022\/wp-json\/wp\/v2\/media\/99506"}],"wp:attachment":[{"href":"https:\/\/regiaonews.net.br\/2022\/wp-json\/wp\/v2\/media?parent=99505"}],"wp:term":[{"taxonomy":"category","embeddable":true,"href":"https:\/\/regiaonews.net.br\/2022\/wp-json\/wp\/v2\/categories?post=99505"},{"taxonomy":"post_tag","embeddable":true,"href":"https:\/\/regiaonews.net.br\/2022\/wp-json\/wp\/v2\/tags?post=99505"}],"curies":[{"name":"wp","href":"https:\/\/api.w.org\/{rel}","templated":true}]}}