{"id":99502,"date":"2023-12-25T19:44:16","date_gmt":"2023-12-25T22:44:16","guid":{"rendered":"https:\/\/regiaonews.net.br\/2022\/?p=99502"},"modified":"2023-12-25T19:44:16","modified_gmt":"2023-12-25T22:44:16","slug":"em-mensagem-de-natal-papa-lamenta-mortes-em-gaza","status":"publish","type":"post","link":"https:\/\/regiaonews.net.br\/2022\/2023\/12\/25\/em-mensagem-de-natal-papa-lamenta-mortes-em-gaza\/","title":{"rendered":"Em mensagem de Natal Papa  lamenta mortes em Gaza"},"content":{"rendered":"<header class=\"header-static navbar-sticky navbar-light navbar-sticky-on\">\n<nav class=\"navbar\">\n<div class=\"container nav-item dropdown megamenu\">\n<div class=\"offset-1 navbar-brand flex-grow-1\">Foto &#8211; Vaticano<\/div>\n<\/div>\n<\/nav>\n<\/header>\n<div class=\"region region-content\">\n<article class=\"container\">\n<div class=\"row\">\n<div class=\"col-lg-12 mb-3\">\n<div class=\"row\">\n<div class=\"col-4 offset-1 mx-auto logo-emissora-parceira animated\"><\/div>\n<\/div>\n<\/div>\n<div class=\"col-xl-7 offset-xl-1 col-lg-8 offset-lg-0 col-md-10 offset-md-1 mb-3\">\n<div class=\"post-item alt-font\">\n<div class=\"post-item-wrap\">\n<p>O papa Francisco afirmou em sua mensagem de Natal, nesta segunda-feira (25), que as crian\u00e7as que morrem nas guerras, inclusive em Gaza, s\u00e3o os &#8220;pequenos Jesuses de hoje&#8221; e que os ataques israelenses no local estavam provocando uma &#8220;colheita terr\u00edvel&#8221; de civis inocentes.<img decoding=\"async\" src=\"https:\/\/agenciabrasil.ebc.com.br\/ebc.png?id=1574393&amp;o=node\" \/><img decoding=\"async\" src=\"https:\/\/agenciabrasil.ebc.com.br\/ebc.gif?id=1574393&amp;o=node\" \/><\/p>\n<p>Em seu discurso &#8220;Urbi et Orbi&#8221; (\u00e0 cidade e ao mundo) no Dia de Natal, Francisco tamb\u00e9m chamou de &#8220;abomin\u00e1vel&#8221; o ataque de 7 de outubro contra Israel por militantes do Hamas e novamente pediu a liberta\u00e7\u00e3o dos cerca de 100 ref\u00e9ns ainda mantidos em Gaza.<\/p>\n<p>Francisco, de 87 anos, comemorando o 11\u00ba Natal de seu pontificado, pediu o fim dos conflitos\u00a0pol\u00edticos, sociais ou militares, em lugares como Ucr\u00e2nia, S\u00edria, I\u00eamen, L\u00edbano, Arm\u00eania e Azerbaij\u00e3o, e defendeu os direitos dos migrantes em todo o mundo.<\/p>\n<p>&#8220;Quantos inocentes est\u00e3o sendo massacrados em nosso mundo! No ventre de suas m\u00e3es, em odisseias empreendidas em desespero e em busca de esperan\u00e7a, na vida de todos aqueles pequeninos cuja inf\u00e2ncia foi devastada pela guerra. Eles s\u00e3o os pequenos Jesuses de hoje&#8221;, disse.<\/p>\n<p>Ele deu aten\u00e7\u00e3o especial \u00e0 Terra Santa, incluindo Gaza, onde, de acordo com as autoridades de sa\u00fade palestinas, os ataques a\u00e9reos israelenses mataram dezenas de pessoas em uma das noites mais mort\u00edferas do enclave sitiado na batalha de 11 semanas de Israel contra o Hamas.<\/p>\n<p>&#8220;Que ela (a paz) chegue a Israel e \u00e0 Palestina, onde a guerra est\u00e1 devastando a vida desses povos. Eu os abra\u00e7o a todos, particularmente as comunidades crist\u00e3s de Gaza e de toda a Terra Santa&#8221;, disse Francisco.<\/p>\n<p>Falando da mesma sacada em que apareceu pela primeira vez ao mundo na noite de sua elei\u00e7\u00e3o, em 13 de mar\u00e7o de 2013, ele disse que seu &#8220;cora\u00e7\u00e3o sofre pelas v\u00edtimas do abomin\u00e1vel ataque de 7 de outubro&#8221; e novamente pediu a liberta\u00e7\u00e3o dos ref\u00e9ns.<\/p>\n<p>Colheita terr\u00edvel<\/p>\n<p>&#8220;Pe\u00e7o o fim das opera\u00e7\u00f5es militares com sua terr\u00edvel colheita de v\u00edtimas civis inocentes e pe\u00e7o uma solu\u00e7\u00e3o para a situa\u00e7\u00e3o humanit\u00e1ria desesperadora por meio de uma abertura para o fornecimento de ajuda humanit\u00e1ria&#8221;, disse.<\/p>\n<p>Na semana passada, um \u00f3rg\u00e3o apoiado pela ONU afirmou em um relat\u00f3rio que toda a popula\u00e7\u00e3o de 2,3 milh\u00f5es de habitantes de Gaza estava enfrentando n\u00edveis de crise de fome e que o risco de fome estava aumentando a cada dia.<\/p>\n<p>O Vaticano, que mant\u00e9m rela\u00e7\u00f5es diplom\u00e1ticas tanto com Israel quanto com a Autoridade Palestina, acredita que uma solu\u00e7\u00e3o de dois Estados \u00e9 a \u00fanica resposta para o conflito de longa data. Francisco pediu &#8220;um di\u00e1logo perseverante entre as partes, sustentado por uma forte vontade pol\u00edtica e pelo apoio da comunidade internacional&#8221;.<\/p>\n<p>Dedicando um par\u00e1grafo inteiro de sua mensagem ao com\u00e9rcio de armas, Francisco disse: &#8220;E como podemos falar de paz, quando a produ\u00e7\u00e3o, a venda e o com\u00e9rcio de armas est\u00e3o aumentando?&#8221;<\/p>\n<p>Ele pediu mais investiga\u00e7\u00e3o sobre o com\u00e9rcio de armamentos.<\/p>\n<p>&#8220;Deve-se falar e escrever sobre ele, de modo a trazer \u00e0 luz os interesses e os lucros que movem as cordas dos fantoches da guerra&#8221;, disse.<\/p>\n<p>Fonte &#8211; Ag\u00eancia Brasil<\/p>\n<\/div>\n<\/div>\n<\/div>\n<\/div>\n<\/article>\n<\/div>\n","protected":false},"excerpt":{"rendered":"<p>Foto &#8211; Vaticano O papa Francisco afirmou em sua mensagem<\/p>\n","protected":false},"author":2,"featured_media":99503,"comment_status":"open","ping_status":"open","sticky":false,"template":"","format":"standard","meta":{"footnotes":""},"categories":[25,39],"tags":[],"class_list":["post-99502","post","type-post","status-publish","format-standard","has-post-thumbnail","hentry","category-cidades","category-mundo"],"yoast_head":"<!-- This site is optimized with the Yoast SEO plugin v27.4 - https:\/\/yoast.com\/product\/yoast-seo-wordpress\/ -->\n<title>Em mensagem de Natal Papa lamenta mortes em Gaza - Regi\u00e3o News<\/title>\n<meta name=\"robots\" content=\"index, follow, max-snippet:-1, max-image-preview:large, max-video-preview:-1\" \/>\n<link rel=\"canonical\" href=\"https:\/\/regiaonews.net.br\/2022\/2023\/12\/25\/em-mensagem-de-natal-papa-lamenta-mortes-em-gaza\/\" \/>\n<meta property=\"og:locale\" content=\"pt_BR\" \/>\n<meta property=\"og:type\" content=\"article\" \/>\n<meta property=\"og:title\" content=\"Em mensagem de Natal Papa lamenta mortes em Gaza - Regi\u00e3o News\" \/>\n<meta property=\"og:description\" content=\"Foto &#8211; Vaticano O papa Francisco afirmou em sua mensagem\" \/>\n<meta property=\"og:url\" content=\"https:\/\/regiaonews.net.br\/2022\/2023\/12\/25\/em-mensagem-de-natal-papa-lamenta-mortes-em-gaza\/\" \/>\n<meta property=\"og:site_name\" content=\"Regi\u00e3o News\" \/>\n<meta property=\"article:published_time\" content=\"2023-12-25T22:44:16+00:00\" \/>\n<meta property=\"og:image\" content=\"https:\/\/regiaonews.net.br\/2022\/wp-content\/uploads\/2023\/12\/2023-12-25t171339z_1_lynxmpejbo066_rtroptp_4_christmas-season-pope.jpg\" \/>\n\t<meta property=\"og:image:width\" content=\"1170\" \/>\n\t<meta property=\"og:image:height\" content=\"700\" \/>\n\t<meta property=\"og:image:type\" content=\"image\/jpeg\" \/>\n<meta name=\"author\" content=\"Roberto\" \/>\n<meta name=\"twitter:card\" content=\"summary_large_image\" \/>\n<meta name=\"twitter:label1\" content=\"Escrito por\" \/>\n\t<meta name=\"twitter:data1\" content=\"Roberto\" \/>\n\t<meta name=\"twitter:label2\" content=\"Est. tempo de leitura\" \/>\n\t<meta name=\"twitter:data2\" content=\"4 minutos\" \/>\n<script type=\"application\/ld+json\" class=\"yoast-schema-graph\">{\"@context\":\"https:\\\/\\\/schema.org\",\"@graph\":[{\"@type\":\"Article\",\"@id\":\"https:\\\/\\\/regiaonews.net.br\\\/2022\\\/2023\\\/12\\\/25\\\/em-mensagem-de-natal-papa-lamenta-mortes-em-gaza\\\/#article\",\"isPartOf\":{\"@id\":\"https:\\\/\\\/regiaonews.net.br\\\/2022\\\/2023\\\/12\\\/25\\\/em-mensagem-de-natal-papa-lamenta-mortes-em-gaza\\\/\"},\"author\":{\"name\":\"Roberto\",\"@id\":\"https:\\\/\\\/regiaonews.net.br\\\/2022\\\/#\\\/schema\\\/person\\\/2d205a608a5aa97ac279d7a5e6d89ad8\"},\"headline\":\"Em mensagem de Natal Papa lamenta mortes em Gaza\",\"datePublished\":\"2023-12-25T22:44:16+00:00\",\"mainEntityOfPage\":{\"@id\":\"https:\\\/\\\/regiaonews.net.br\\\/2022\\\/2023\\\/12\\\/25\\\/em-mensagem-de-natal-papa-lamenta-mortes-em-gaza\\\/\"},\"wordCount\":557,\"commentCount\":0,\"publisher\":{\"@id\":\"https:\\\/\\\/regiaonews.net.br\\\/2022\\\/#organization\"},\"image\":{\"@id\":\"https:\\\/\\\/regiaonews.net.br\\\/2022\\\/2023\\\/12\\\/25\\\/em-mensagem-de-natal-papa-lamenta-mortes-em-gaza\\\/#primaryimage\"},\"thumbnailUrl\":\"https:\\\/\\\/regiaonews.net.br\\\/2022\\\/wp-content\\\/uploads\\\/2023\\\/12\\\/2023-12-25t171339z_1_lynxmpejbo066_rtroptp_4_christmas-season-pope.jpg\",\"articleSection\":[\"Cidades\",\"Mundo\"],\"inLanguage\":\"pt-BR\",\"potentialAction\":[{\"@type\":\"CommentAction\",\"name\":\"Comment\",\"target\":[\"https:\\\/\\\/regiaonews.net.br\\\/2022\\\/2023\\\/12\\\/25\\\/em-mensagem-de-natal-papa-lamenta-mortes-em-gaza\\\/#respond\"]}]},{\"@type\":\"WebPage\",\"@id\":\"https:\\\/\\\/regiaonews.net.br\\\/2022\\\/2023\\\/12\\\/25\\\/em-mensagem-de-natal-papa-lamenta-mortes-em-gaza\\\/\",\"url\":\"https:\\\/\\\/regiaonews.net.br\\\/2022\\\/2023\\\/12\\\/25\\\/em-mensagem-de-natal-papa-lamenta-mortes-em-gaza\\\/\",\"name\":\"Em mensagem de Natal Papa lamenta mortes em Gaza - Regi\u00e3o News\",\"isPartOf\":{\"@id\":\"https:\\\/\\\/regiaonews.net.br\\\/2022\\\/#website\"},\"primaryImageOfPage\":{\"@id\":\"https:\\\/\\\/regiaonews.net.br\\\/2022\\\/2023\\\/12\\\/25\\\/em-mensagem-de-natal-papa-lamenta-mortes-em-gaza\\\/#primaryimage\"},\"image\":{\"@id\":\"https:\\\/\\\/regiaonews.net.br\\\/2022\\\/2023\\\/12\\\/25\\\/em-mensagem-de-natal-papa-lamenta-mortes-em-gaza\\\/#primaryimage\"},\"thumbnailUrl\":\"https:\\\/\\\/regiaonews.net.br\\\/2022\\\/wp-content\\\/uploads\\\/2023\\\/12\\\/2023-12-25t171339z_1_lynxmpejbo066_rtroptp_4_christmas-season-pope.jpg\",\"datePublished\":\"2023-12-25T22:44:16+00:00\",\"breadcrumb\":{\"@id\":\"https:\\\/\\\/regiaonews.net.br\\\/2022\\\/2023\\\/12\\\/25\\\/em-mensagem-de-natal-papa-lamenta-mortes-em-gaza\\\/#breadcrumb\"},\"inLanguage\":\"pt-BR\",\"potentialAction\":[{\"@type\":\"ReadAction\",\"target\":[\"https:\\\/\\\/regiaonews.net.br\\\/2022\\\/2023\\\/12\\\/25\\\/em-mensagem-de-natal-papa-lamenta-mortes-em-gaza\\\/\"]}]},{\"@type\":\"ImageObject\",\"inLanguage\":\"pt-BR\",\"@id\":\"https:\\\/\\\/regiaonews.net.br\\\/2022\\\/2023\\\/12\\\/25\\\/em-mensagem-de-natal-papa-lamenta-mortes-em-gaza\\\/#primaryimage\",\"url\":\"https:\\\/\\\/regiaonews.net.br\\\/2022\\\/wp-content\\\/uploads\\\/2023\\\/12\\\/2023-12-25t171339z_1_lynxmpejbo066_rtroptp_4_christmas-season-pope.jpg\",\"contentUrl\":\"https:\\\/\\\/regiaonews.net.br\\\/2022\\\/wp-content\\\/uploads\\\/2023\\\/12\\\/2023-12-25t171339z_1_lynxmpejbo066_rtroptp_4_christmas-season-pope.jpg\",\"width\":1170,\"height\":700},{\"@type\":\"BreadcrumbList\",\"@id\":\"https:\\\/\\\/regiaonews.net.br\\\/2022\\\/2023\\\/12\\\/25\\\/em-mensagem-de-natal-papa-lamenta-mortes-em-gaza\\\/#breadcrumb\",\"itemListElement\":[{\"@type\":\"ListItem\",\"position\":1,\"name\":\"In\u00edcio\",\"item\":\"https:\\\/\\\/regiaonews.net.br\\\/2022\\\/\"},{\"@type\":\"ListItem\",\"position\":2,\"name\":\"Em mensagem de Natal Papa lamenta mortes em Gaza\"}]},{\"@type\":\"WebSite\",\"@id\":\"https:\\\/\\\/regiaonews.net.br\\\/2022\\\/#website\",\"url\":\"https:\\\/\\\/regiaonews.net.br\\\/2022\\\/\",\"name\":\"Regi\u00e3o News\",\"description\":\"Site de Not\u00edcias de Barretos e regi\u00e3o\",\"publisher\":{\"@id\":\"https:\\\/\\\/regiaonews.net.br\\\/2022\\\/#organization\"},\"potentialAction\":[{\"@type\":\"SearchAction\",\"target\":{\"@type\":\"EntryPoint\",\"urlTemplate\":\"https:\\\/\\\/regiaonews.net.br\\\/2022\\\/?s={search_term_string}\"},\"query-input\":{\"@type\":\"PropertyValueSpecification\",\"valueRequired\":true,\"valueName\":\"search_term_string\"}}],\"inLanguage\":\"pt-BR\"},{\"@type\":\"Organization\",\"@id\":\"https:\\\/\\\/regiaonews.net.br\\\/2022\\\/#organization\",\"name\":\"Regi\u00e3o News\",\"url\":\"https:\\\/\\\/regiaonews.net.br\\\/2022\\\/\",\"logo\":{\"@type\":\"ImageObject\",\"inLanguage\":\"pt-BR\",\"@id\":\"https:\\\/\\\/regiaonews.net.br\\\/2022\\\/#\\\/schema\\\/logo\\\/image\\\/\",\"url\":\"https:\\\/\\\/regiaonews.net.br\\\/2022\\\/wp-content\\\/uploads\\\/2026\\\/03\\\/regiao-13-anos-scaled.jpg\",\"contentUrl\":\"https:\\\/\\\/regiaonews.net.br\\\/2022\\\/wp-content\\\/uploads\\\/2026\\\/03\\\/regiao-13-anos-scaled.jpg\",\"width\":2560,\"height\":635,\"caption\":\"Regi\u00e3o News\"},\"image\":{\"@id\":\"https:\\\/\\\/regiaonews.net.br\\\/2022\\\/#\\\/schema\\\/logo\\\/image\\\/\"}},{\"@type\":\"Person\",\"@id\":\"https:\\\/\\\/regiaonews.net.br\\\/2022\\\/#\\\/schema\\\/person\\\/2d205a608a5aa97ac279d7a5e6d89ad8\",\"name\":\"Roberto\",\"image\":{\"@type\":\"ImageObject\",\"inLanguage\":\"pt-BR\",\"@id\":\"https:\\\/\\\/secure.gravatar.com\\\/avatar\\\/42749d8b712ff9d59ca93dc150494e5b55a44134482993f5baeb97e61b7ecc89?s=96&d=mm&r=g\",\"url\":\"https:\\\/\\\/secure.gravatar.com\\\/avatar\\\/42749d8b712ff9d59ca93dc150494e5b55a44134482993f5baeb97e61b7ecc89?s=96&d=mm&r=g\",\"contentUrl\":\"https:\\\/\\\/secure.gravatar.com\\\/avatar\\\/42749d8b712ff9d59ca93dc150494e5b55a44134482993f5baeb97e61b7ecc89?s=96&d=mm&r=g\",\"caption\":\"Roberto\"},\"url\":\"https:\\\/\\\/regiaonews.net.br\\\/2022\\\/author\\\/roberto\\\/\"}]}<\/script>\n<!-- \/ Yoast SEO plugin. -->","yoast_head_json":{"title":"Em mensagem de Natal Papa lamenta mortes em Gaza - Regi\u00e3o News","robots":{"index":"index","follow":"follow","max-snippet":"max-snippet:-1","max-image-preview":"max-image-preview:large","max-video-preview":"max-video-preview:-1"},"canonical":"https:\/\/regiaonews.net.br\/2022\/2023\/12\/25\/em-mensagem-de-natal-papa-lamenta-mortes-em-gaza\/","og_locale":"pt_BR","og_type":"article","og_title":"Em mensagem de Natal Papa lamenta mortes em Gaza - Regi\u00e3o News","og_description":"Foto &#8211; Vaticano O papa Francisco afirmou em sua mensagem","og_url":"https:\/\/regiaonews.net.br\/2022\/2023\/12\/25\/em-mensagem-de-natal-papa-lamenta-mortes-em-gaza\/","og_site_name":"Regi\u00e3o News","article_published_time":"2023-12-25T22:44:16+00:00","og_image":[{"width":1170,"height":700,"url":"https:\/\/regiaonews.net.br\/2022\/wp-content\/uploads\/2023\/12\/2023-12-25t171339z_1_lynxmpejbo066_rtroptp_4_christmas-season-pope.jpg","type":"image\/jpeg"}],"author":"Roberto","twitter_card":"summary_large_image","twitter_misc":{"Escrito por":"Roberto","Est. tempo de leitura":"4 minutos"},"schema":{"@context":"https:\/\/schema.org","@graph":[{"@type":"Article","@id":"https:\/\/regiaonews.net.br\/2022\/2023\/12\/25\/em-mensagem-de-natal-papa-lamenta-mortes-em-gaza\/#article","isPartOf":{"@id":"https:\/\/regiaonews.net.br\/2022\/2023\/12\/25\/em-mensagem-de-natal-papa-lamenta-mortes-em-gaza\/"},"author":{"name":"Roberto","@id":"https:\/\/regiaonews.net.br\/2022\/#\/schema\/person\/2d205a608a5aa97ac279d7a5e6d89ad8"},"headline":"Em mensagem de Natal Papa lamenta mortes em Gaza","datePublished":"2023-12-25T22:44:16+00:00","mainEntityOfPage":{"@id":"https:\/\/regiaonews.net.br\/2022\/2023\/12\/25\/em-mensagem-de-natal-papa-lamenta-mortes-em-gaza\/"},"wordCount":557,"commentCount":0,"publisher":{"@id":"https:\/\/regiaonews.net.br\/2022\/#organization"},"image":{"@id":"https:\/\/regiaonews.net.br\/2022\/2023\/12\/25\/em-mensagem-de-natal-papa-lamenta-mortes-em-gaza\/#primaryimage"},"thumbnailUrl":"https:\/\/regiaonews.net.br\/2022\/wp-content\/uploads\/2023\/12\/2023-12-25t171339z_1_lynxmpejbo066_rtroptp_4_christmas-season-pope.jpg","articleSection":["Cidades","Mundo"],"inLanguage":"pt-BR","potentialAction":[{"@type":"CommentAction","name":"Comment","target":["https:\/\/regiaonews.net.br\/2022\/2023\/12\/25\/em-mensagem-de-natal-papa-lamenta-mortes-em-gaza\/#respond"]}]},{"@type":"WebPage","@id":"https:\/\/regiaonews.net.br\/2022\/2023\/12\/25\/em-mensagem-de-natal-papa-lamenta-mortes-em-gaza\/","url":"https:\/\/regiaonews.net.br\/2022\/2023\/12\/25\/em-mensagem-de-natal-papa-lamenta-mortes-em-gaza\/","name":"Em mensagem de Natal Papa lamenta mortes em Gaza - Regi\u00e3o News","isPartOf":{"@id":"https:\/\/regiaonews.net.br\/2022\/#website"},"primaryImageOfPage":{"@id":"https:\/\/regiaonews.net.br\/2022\/2023\/12\/25\/em-mensagem-de-natal-papa-lamenta-mortes-em-gaza\/#primaryimage"},"image":{"@id":"https:\/\/regiaonews.net.br\/2022\/2023\/12\/25\/em-mensagem-de-natal-papa-lamenta-mortes-em-gaza\/#primaryimage"},"thumbnailUrl":"https:\/\/regiaonews.net.br\/2022\/wp-content\/uploads\/2023\/12\/2023-12-25t171339z_1_lynxmpejbo066_rtroptp_4_christmas-season-pope.jpg","datePublished":"2023-12-25T22:44:16+00:00","breadcrumb":{"@id":"https:\/\/regiaonews.net.br\/2022\/2023\/12\/25\/em-mensagem-de-natal-papa-lamenta-mortes-em-gaza\/#breadcrumb"},"inLanguage":"pt-BR","potentialAction":[{"@type":"ReadAction","target":["https:\/\/regiaonews.net.br\/2022\/2023\/12\/25\/em-mensagem-de-natal-papa-lamenta-mortes-em-gaza\/"]}]},{"@type":"ImageObject","inLanguage":"pt-BR","@id":"https:\/\/regiaonews.net.br\/2022\/2023\/12\/25\/em-mensagem-de-natal-papa-lamenta-mortes-em-gaza\/#primaryimage","url":"https:\/\/regiaonews.net.br\/2022\/wp-content\/uploads\/2023\/12\/2023-12-25t171339z_1_lynxmpejbo066_rtroptp_4_christmas-season-pope.jpg","contentUrl":"https:\/\/regiaonews.net.br\/2022\/wp-content\/uploads\/2023\/12\/2023-12-25t171339z_1_lynxmpejbo066_rtroptp_4_christmas-season-pope.jpg","width":1170,"height":700},{"@type":"BreadcrumbList","@id":"https:\/\/regiaonews.net.br\/2022\/2023\/12\/25\/em-mensagem-de-natal-papa-lamenta-mortes-em-gaza\/#breadcrumb","itemListElement":[{"@type":"ListItem","position":1,"name":"In\u00edcio","item":"https:\/\/regiaonews.net.br\/2022\/"},{"@type":"ListItem","position":2,"name":"Em mensagem de Natal Papa lamenta mortes em Gaza"}]},{"@type":"WebSite","@id":"https:\/\/regiaonews.net.br\/2022\/#website","url":"https:\/\/regiaonews.net.br\/2022\/","name":"Regi\u00e3o News","description":"Site de Not\u00edcias de Barretos e regi\u00e3o","publisher":{"@id":"https:\/\/regiaonews.net.br\/2022\/#organization"},"potentialAction":[{"@type":"SearchAction","target":{"@type":"EntryPoint","urlTemplate":"https:\/\/regiaonews.net.br\/2022\/?s={search_term_string}"},"query-input":{"@type":"PropertyValueSpecification","valueRequired":true,"valueName":"search_term_string"}}],"inLanguage":"pt-BR"},{"@type":"Organization","@id":"https:\/\/regiaonews.net.br\/2022\/#organization","name":"Regi\u00e3o News","url":"https:\/\/regiaonews.net.br\/2022\/","logo":{"@type":"ImageObject","inLanguage":"pt-BR","@id":"https:\/\/regiaonews.net.br\/2022\/#\/schema\/logo\/image\/","url":"https:\/\/regiaonews.net.br\/2022\/wp-content\/uploads\/2026\/03\/regiao-13-anos-scaled.jpg","contentUrl":"https:\/\/regiaonews.net.br\/2022\/wp-content\/uploads\/2026\/03\/regiao-13-anos-scaled.jpg","width":2560,"height":635,"caption":"Regi\u00e3o News"},"image":{"@id":"https:\/\/regiaonews.net.br\/2022\/#\/schema\/logo\/image\/"}},{"@type":"Person","@id":"https:\/\/regiaonews.net.br\/2022\/#\/schema\/person\/2d205a608a5aa97ac279d7a5e6d89ad8","name":"Roberto","image":{"@type":"ImageObject","inLanguage":"pt-BR","@id":"https:\/\/secure.gravatar.com\/avatar\/42749d8b712ff9d59ca93dc150494e5b55a44134482993f5baeb97e61b7ecc89?s=96&d=mm&r=g","url":"https:\/\/secure.gravatar.com\/avatar\/42749d8b712ff9d59ca93dc150494e5b55a44134482993f5baeb97e61b7ecc89?s=96&d=mm&r=g","contentUrl":"https:\/\/secure.gravatar.com\/avatar\/42749d8b712ff9d59ca93dc150494e5b55a44134482993f5baeb97e61b7ecc89?s=96&d=mm&r=g","caption":"Roberto"},"url":"https:\/\/regiaonews.net.br\/2022\/author\/roberto\/"}]}},"publishpress_future_action":{"enabled":false,"date":"2026-05-04 12:04:20","action":"change-status","newStatus":"draft","terms":[],"taxonomy":"category","extraData":[]},"publishpress_future_workflow_manual_trigger":{"enabledWorkflows":[]},"_links":{"self":[{"href":"https:\/\/regiaonews.net.br\/2022\/wp-json\/wp\/v2\/posts\/99502","targetHints":{"allow":["GET"]}}],"collection":[{"href":"https:\/\/regiaonews.net.br\/2022\/wp-json\/wp\/v2\/posts"}],"about":[{"href":"https:\/\/regiaonews.net.br\/2022\/wp-json\/wp\/v2\/types\/post"}],"author":[{"embeddable":true,"href":"https:\/\/regiaonews.net.br\/2022\/wp-json\/wp\/v2\/users\/2"}],"replies":[{"embeddable":true,"href":"https:\/\/regiaonews.net.br\/2022\/wp-json\/wp\/v2\/comments?post=99502"}],"version-history":[{"count":1,"href":"https:\/\/regiaonews.net.br\/2022\/wp-json\/wp\/v2\/posts\/99502\/revisions"}],"predecessor-version":[{"id":99504,"href":"https:\/\/regiaonews.net.br\/2022\/wp-json\/wp\/v2\/posts\/99502\/revisions\/99504"}],"wp:featuredmedia":[{"embeddable":true,"href":"https:\/\/regiaonews.net.br\/2022\/wp-json\/wp\/v2\/media\/99503"}],"wp:attachment":[{"href":"https:\/\/regiaonews.net.br\/2022\/wp-json\/wp\/v2\/media?parent=99502"}],"wp:term":[{"taxonomy":"category","embeddable":true,"href":"https:\/\/regiaonews.net.br\/2022\/wp-json\/wp\/v2\/categories?post=99502"},{"taxonomy":"post_tag","embeddable":true,"href":"https:\/\/regiaonews.net.br\/2022\/wp-json\/wp\/v2\/tags?post=99502"}],"curies":[{"name":"wp","href":"https:\/\/api.w.org\/{rel}","templated":true}]}}