{"id":99495,"date":"2023-12-25T10:55:33","date_gmt":"2023-12-25T13:55:33","guid":{"rendered":"https:\/\/regiaonews.net.br\/2022\/?p=99495"},"modified":"2023-12-25T11:26:56","modified_gmt":"2023-12-25T14:26:56","slug":"presidente-lula-defende-restaurar-a-paz-e-a-uniao-entre-amigos-e-familias-em-discurso","status":"publish","type":"post","link":"https:\/\/regiaonews.net.br\/2022\/2023\/12\/25\/presidente-lula-defende-restaurar-a-paz-e-a-uniao-entre-amigos-e-familias-em-discurso\/","title":{"rendered":"Presidente Lula defende restaurar a paz e a uni\u00e3o entre amigos e fam\u00edlias em discurso"},"content":{"rendered":"<header class=\"header-static navbar-sticky navbar-light\">\n<nav class=\"navbar\">\n<div class=\"container nav-item dropdown megamenu\">\n<div class=\"offset-1 navbar-brand flex-grow-1\"><\/div>\n<\/div>\n<\/nav>\n<\/header>\n<div class=\"container\"><\/div>\n<div class=\"region region-content\">\n<article class=\"container\">\n<div class=\"row\">\n<div class=\"col-lg-12 mb-3\">\n<div class=\"post-image\"><\/div>\n<div>Foto\u00a0 &#8211;\u00a0<a href=\"https:\/\/agenciabrasil.ebc.com.br\/politica\/noticia\/2023-12\/somos-um-mesmo-povo-e-um-so-pais-diz-lula#\">\u00a0Ricardo Stuckert<\/a><\/div>\n<\/div>\n<div class=\"col-lg-12 mb-3\">\n<div class=\"row\">\n<h3 class=\"col-10 offset-1 animated fadeInDown dealy-900 display-8 display-md-8 alt-font font-italic my-1 text-center\"><\/h3>\n<\/div>\n<\/div>\n<div class=\"col-xl-7 offset-xl-1 col-lg-8 offset-lg-0 col-md-10 offset-md-1 mb-3\">\n<div class=\"post-item alt-font\">\n<div class=\"post-item-wrap\">\n<p>O presidente da Rep\u00fablica, Luiz In\u00e1cio Lula da Silva, destacou em pronunciamento de Natal na noite deste domingo (24) os feitos do primeiro ano de seu terceiro mandato e defendeu que a paz e a uni\u00e3o entre amigos e familiares seja restaurada. Lula afirmou que &#8220;o \u00f3dio de alguns contra a democracia deixou cicatrizes profundas e dividiu o pa\u00eds&#8221;.<img decoding=\"async\" src=\"https:\/\/agenciabrasil.ebc.com.br\/ebc.png?id=1574336&amp;o=node\" \/><img decoding=\"async\" src=\"https:\/\/agenciabrasil.ebc.com.br\/ebc.gif?id=1574336&amp;o=node\" \/><\/p>\n<p>&#8220;Ao final daquele triste 8 de janeiro, a democracia saiu vitoriosa e fortalecida. Fomos capazes de restaurar as vidra\u00e7as em tempo recorde, mas falta restaurar a paz e a uni\u00e3o entre amigos e familiares. Meu desejo neste fim de ano \u00e9 que o Brasil abrace o Brasil. Somos um mesmo povo e um s\u00f3 pa\u00eds&#8221;, disse.<\/p>\n<p>O presidente prometeu combate \u00e0s fake news, \u00e0 desinforma\u00e7\u00e3o e ao discurso de \u00f3dio, al\u00e9m da valoriza\u00e7\u00e3o do di\u00e1logo. &#8220;Que no ano que vem sigamos unidos, caminhando juntos rumo \u00e0 constru\u00e7\u00e3o de um pa\u00eds cada vez mais desenvolvido, mais fraterno e mais justo para todas as fam\u00edlias&#8221;.<\/p>\n<p>Colheita generosa<\/p>\n<p>Lula voltou a dizer que 2023 foi um ano de reconstruir e de plantar, e afirmou que foram criadas condi\u00e7\u00f5es para uma colheita generosa em 2024, destacando o retorno de pol\u00edticas sociais como o Bolsa Fam\u00edlia;\u00a0o crescimento do Produto Interno Bruto, acima do esperado por economistas;\u00a0e a gera\u00e7\u00e3o de 2 milh\u00f5es de empregos com carteira assinada.<\/p>\n<p>&#8220;O sal\u00e1rio m\u00ednimo voltou a subir acima da infla\u00e7\u00e3o e mais de 80% das categorias profissionais tamb\u00e9m tiveram aumento real. Aprovamos a igualdade salarial entre homens e mulheres. Trabalho igual, sal\u00e1rio igual&#8221;, lembrou.<\/p>\n<p>O presidente tamb\u00e9m exaltou a aprova\u00e7\u00e3o da reforma tribut\u00e1ria e a taxa\u00e7\u00e3o dos super ricos e descreveu que o novo sistema corrige uma injusti\u00e7a, fazendo quem ganha mais pagar mais imposto, e quem ganha menos pagar menos.<\/p>\n<p>Nona economia mundial<\/p>\n<p>A proje\u00e7\u00e3o internacional do Brasil no cen\u00e1rio internacional tamb\u00e9m foi ressaltada no pronunciamento de Natal. Segundo Lula, o pa\u00eds voltou a ser ouvido nos mais importantes f\u00f3runs internacionais, em temas como o combate \u00e0 fome, \u00e0 desigualdade, a busca pela paz e o enfrentamento da emerg\u00eancia clim\u00e1tica.<\/p>\n<p>Com o crescimento da economia, ele lembrou que o PIB brasileiro se tornou o nono maior do mundo, saindo da 12\u00aa posi\u00e7\u00e3o.<\/p>\n<p>No pronunciamento, o presidente tamb\u00e9m defendeu que seu governo consolidou o papel do Brasil como pot\u00eancia mundial na produ\u00e7\u00e3o de energia renov\u00e1vel e\u00a0promoveu redu\u00e7\u00e3o do desmatamento na Amaz\u00f4nia.<\/p>\n<p>&#8220;Em 2024, vamos trabalhar fortemente para superar, mais uma vez, todas as expectativas&#8221;, disse Lula, que afirmou que o Plano Safra 2023\/2-24 \u00e9 o maior da hist\u00f3ria, e que a Nova Pol\u00edtica Industrial e o novo PAC v\u00e3o gerar mais empregos e melhores sal\u00e1rios.<\/p>\n<\/div>\n<\/div>\n<\/div>\n<\/div>\n<\/article>\n<\/div>\n<div class=\"enabled\">\n<div class=\"active\">Fonte &#8211; Ag\u00eancia Brasil<\/div>\n<\/div>\n<div><\/div>\n<div><\/div>\n","protected":false},"excerpt":{"rendered":"<p>Foto\u00a0 &#8211;\u00a0\u00a0Ricardo Stuckert O presidente da Rep\u00fablica, Luiz In\u00e1cio Lula<\/p>\n","protected":false},"author":2,"featured_media":99496,"comment_status":"open","ping_status":"open","sticky":false,"template":"","format":"standard","meta":{"footnotes":""},"categories":[24,25],"tags":[],"class_list":["post-99495","post","type-post","status-publish","format-standard","has-post-thumbnail","hentry","category-brasil","category-cidades"],"yoast_head":"<!-- This site is optimized with the Yoast SEO plugin v27.4 - https:\/\/yoast.com\/product\/yoast-seo-wordpress\/ -->\n<title>Presidente Lula defende restaurar a paz e a uni\u00e3o entre amigos e fam\u00edlias em discurso - Regi\u00e3o News<\/title>\n<meta name=\"robots\" content=\"index, follow, max-snippet:-1, max-image-preview:large, max-video-preview:-1\" \/>\n<link rel=\"canonical\" href=\"https:\/\/regiaonews.net.br\/2022\/2023\/12\/25\/presidente-lula-defende-restaurar-a-paz-e-a-uniao-entre-amigos-e-familias-em-discurso\/\" \/>\n<meta property=\"og:locale\" content=\"pt_BR\" \/>\n<meta property=\"og:type\" content=\"article\" \/>\n<meta property=\"og:title\" content=\"Presidente Lula defende restaurar a paz e a uni\u00e3o entre amigos e fam\u00edlias em discurso - Regi\u00e3o News\" \/>\n<meta property=\"og:description\" content=\"Foto\u00a0 &#8211;\u00a0\u00a0Ricardo Stuckert O presidente da Rep\u00fablica, Luiz In\u00e1cio Lula\" \/>\n<meta property=\"og:url\" content=\"https:\/\/regiaonews.net.br\/2022\/2023\/12\/25\/presidente-lula-defende-restaurar-a-paz-e-a-uniao-entre-amigos-e-familias-em-discurso\/\" \/>\n<meta property=\"og:site_name\" content=\"Regi\u00e3o News\" \/>\n<meta property=\"article:published_time\" content=\"2023-12-25T13:55:33+00:00\" \/>\n<meta property=\"article:modified_time\" content=\"2023-12-25T14:26:56+00:00\" \/>\n<meta property=\"og:image\" content=\"https:\/\/regiaonews.net.br\/2022\/wp-content\/uploads\/2023\/12\/53417969517_47696e5c2f_o.jpg\" \/>\n\t<meta property=\"og:image:width\" content=\"1170\" \/>\n\t<meta property=\"og:image:height\" content=\"700\" \/>\n\t<meta property=\"og:image:type\" content=\"image\/jpeg\" \/>\n<meta name=\"author\" content=\"Roberto\" \/>\n<meta name=\"twitter:card\" content=\"summary_large_image\" \/>\n<meta name=\"twitter:label1\" content=\"Escrito por\" \/>\n\t<meta name=\"twitter:data1\" content=\"Roberto\" \/>\n\t<meta name=\"twitter:label2\" content=\"Est. tempo de leitura\" \/>\n\t<meta name=\"twitter:data2\" content=\"4 minutos\" \/>\n<script type=\"application\/ld+json\" class=\"yoast-schema-graph\">{\"@context\":\"https:\\\/\\\/schema.org\",\"@graph\":[{\"@type\":\"Article\",\"@id\":\"https:\\\/\\\/regiaonews.net.br\\\/2022\\\/2023\\\/12\\\/25\\\/presidente-lula-defende-restaurar-a-paz-e-a-uniao-entre-amigos-e-familias-em-discurso\\\/#article\",\"isPartOf\":{\"@id\":\"https:\\\/\\\/regiaonews.net.br\\\/2022\\\/2023\\\/12\\\/25\\\/presidente-lula-defende-restaurar-a-paz-e-a-uniao-entre-amigos-e-familias-em-discurso\\\/\"},\"author\":{\"name\":\"Roberto\",\"@id\":\"https:\\\/\\\/regiaonews.net.br\\\/2022\\\/#\\\/schema\\\/person\\\/2d205a608a5aa97ac279d7a5e6d89ad8\"},\"headline\":\"Presidente Lula defende restaurar a paz e a uni\u00e3o entre amigos e fam\u00edlias em discurso\",\"datePublished\":\"2023-12-25T13:55:33+00:00\",\"dateModified\":\"2023-12-25T14:26:56+00:00\",\"mainEntityOfPage\":{\"@id\":\"https:\\\/\\\/regiaonews.net.br\\\/2022\\\/2023\\\/12\\\/25\\\/presidente-lula-defende-restaurar-a-paz-e-a-uniao-entre-amigos-e-familias-em-discurso\\\/\"},\"wordCount\":496,\"commentCount\":0,\"publisher\":{\"@id\":\"https:\\\/\\\/regiaonews.net.br\\\/2022\\\/#organization\"},\"image\":{\"@id\":\"https:\\\/\\\/regiaonews.net.br\\\/2022\\\/2023\\\/12\\\/25\\\/presidente-lula-defende-restaurar-a-paz-e-a-uniao-entre-amigos-e-familias-em-discurso\\\/#primaryimage\"},\"thumbnailUrl\":\"https:\\\/\\\/regiaonews.net.br\\\/2022\\\/wp-content\\\/uploads\\\/2023\\\/12\\\/53417969517_47696e5c2f_o.jpg\",\"articleSection\":[\"Brasil\",\"Cidades\"],\"inLanguage\":\"pt-BR\",\"potentialAction\":[{\"@type\":\"CommentAction\",\"name\":\"Comment\",\"target\":[\"https:\\\/\\\/regiaonews.net.br\\\/2022\\\/2023\\\/12\\\/25\\\/presidente-lula-defende-restaurar-a-paz-e-a-uniao-entre-amigos-e-familias-em-discurso\\\/#respond\"]}]},{\"@type\":\"WebPage\",\"@id\":\"https:\\\/\\\/regiaonews.net.br\\\/2022\\\/2023\\\/12\\\/25\\\/presidente-lula-defende-restaurar-a-paz-e-a-uniao-entre-amigos-e-familias-em-discurso\\\/\",\"url\":\"https:\\\/\\\/regiaonews.net.br\\\/2022\\\/2023\\\/12\\\/25\\\/presidente-lula-defende-restaurar-a-paz-e-a-uniao-entre-amigos-e-familias-em-discurso\\\/\",\"name\":\"Presidente Lula defende restaurar a paz e a uni\u00e3o entre amigos e fam\u00edlias em discurso - Regi\u00e3o News\",\"isPartOf\":{\"@id\":\"https:\\\/\\\/regiaonews.net.br\\\/2022\\\/#website\"},\"primaryImageOfPage\":{\"@id\":\"https:\\\/\\\/regiaonews.net.br\\\/2022\\\/2023\\\/12\\\/25\\\/presidente-lula-defende-restaurar-a-paz-e-a-uniao-entre-amigos-e-familias-em-discurso\\\/#primaryimage\"},\"image\":{\"@id\":\"https:\\\/\\\/regiaonews.net.br\\\/2022\\\/2023\\\/12\\\/25\\\/presidente-lula-defende-restaurar-a-paz-e-a-uniao-entre-amigos-e-familias-em-discurso\\\/#primaryimage\"},\"thumbnailUrl\":\"https:\\\/\\\/regiaonews.net.br\\\/2022\\\/wp-content\\\/uploads\\\/2023\\\/12\\\/53417969517_47696e5c2f_o.jpg\",\"datePublished\":\"2023-12-25T13:55:33+00:00\",\"dateModified\":\"2023-12-25T14:26:56+00:00\",\"breadcrumb\":{\"@id\":\"https:\\\/\\\/regiaonews.net.br\\\/2022\\\/2023\\\/12\\\/25\\\/presidente-lula-defende-restaurar-a-paz-e-a-uniao-entre-amigos-e-familias-em-discurso\\\/#breadcrumb\"},\"inLanguage\":\"pt-BR\",\"potentialAction\":[{\"@type\":\"ReadAction\",\"target\":[\"https:\\\/\\\/regiaonews.net.br\\\/2022\\\/2023\\\/12\\\/25\\\/presidente-lula-defende-restaurar-a-paz-e-a-uniao-entre-amigos-e-familias-em-discurso\\\/\"]}]},{\"@type\":\"ImageObject\",\"inLanguage\":\"pt-BR\",\"@id\":\"https:\\\/\\\/regiaonews.net.br\\\/2022\\\/2023\\\/12\\\/25\\\/presidente-lula-defende-restaurar-a-paz-e-a-uniao-entre-amigos-e-familias-em-discurso\\\/#primaryimage\",\"url\":\"https:\\\/\\\/regiaonews.net.br\\\/2022\\\/wp-content\\\/uploads\\\/2023\\\/12\\\/53417969517_47696e5c2f_o.jpg\",\"contentUrl\":\"https:\\\/\\\/regiaonews.net.br\\\/2022\\\/wp-content\\\/uploads\\\/2023\\\/12\\\/53417969517_47696e5c2f_o.jpg\",\"width\":1170,\"height\":700},{\"@type\":\"BreadcrumbList\",\"@id\":\"https:\\\/\\\/regiaonews.net.br\\\/2022\\\/2023\\\/12\\\/25\\\/presidente-lula-defende-restaurar-a-paz-e-a-uniao-entre-amigos-e-familias-em-discurso\\\/#breadcrumb\",\"itemListElement\":[{\"@type\":\"ListItem\",\"position\":1,\"name\":\"In\u00edcio\",\"item\":\"https:\\\/\\\/regiaonews.net.br\\\/2022\\\/\"},{\"@type\":\"ListItem\",\"position\":2,\"name\":\"Presidente Lula defende restaurar a paz e a uni\u00e3o entre amigos e fam\u00edlias em discurso\"}]},{\"@type\":\"WebSite\",\"@id\":\"https:\\\/\\\/regiaonews.net.br\\\/2022\\\/#website\",\"url\":\"https:\\\/\\\/regiaonews.net.br\\\/2022\\\/\",\"name\":\"Regi\u00e3o News\",\"description\":\"Site de Not\u00edcias de Barretos e regi\u00e3o\",\"publisher\":{\"@id\":\"https:\\\/\\\/regiaonews.net.br\\\/2022\\\/#organization\"},\"potentialAction\":[{\"@type\":\"SearchAction\",\"target\":{\"@type\":\"EntryPoint\",\"urlTemplate\":\"https:\\\/\\\/regiaonews.net.br\\\/2022\\\/?s={search_term_string}\"},\"query-input\":{\"@type\":\"PropertyValueSpecification\",\"valueRequired\":true,\"valueName\":\"search_term_string\"}}],\"inLanguage\":\"pt-BR\"},{\"@type\":\"Organization\",\"@id\":\"https:\\\/\\\/regiaonews.net.br\\\/2022\\\/#organization\",\"name\":\"Regi\u00e3o News\",\"url\":\"https:\\\/\\\/regiaonews.net.br\\\/2022\\\/\",\"logo\":{\"@type\":\"ImageObject\",\"inLanguage\":\"pt-BR\",\"@id\":\"https:\\\/\\\/regiaonews.net.br\\\/2022\\\/#\\\/schema\\\/logo\\\/image\\\/\",\"url\":\"https:\\\/\\\/regiaonews.net.br\\\/2022\\\/wp-content\\\/uploads\\\/2026\\\/03\\\/regiao-13-anos-scaled.jpg\",\"contentUrl\":\"https:\\\/\\\/regiaonews.net.br\\\/2022\\\/wp-content\\\/uploads\\\/2026\\\/03\\\/regiao-13-anos-scaled.jpg\",\"width\":2560,\"height\":635,\"caption\":\"Regi\u00e3o News\"},\"image\":{\"@id\":\"https:\\\/\\\/regiaonews.net.br\\\/2022\\\/#\\\/schema\\\/logo\\\/image\\\/\"}},{\"@type\":\"Person\",\"@id\":\"https:\\\/\\\/regiaonews.net.br\\\/2022\\\/#\\\/schema\\\/person\\\/2d205a608a5aa97ac279d7a5e6d89ad8\",\"name\":\"Roberto\",\"image\":{\"@type\":\"ImageObject\",\"inLanguage\":\"pt-BR\",\"@id\":\"https:\\\/\\\/secure.gravatar.com\\\/avatar\\\/42749d8b712ff9d59ca93dc150494e5b55a44134482993f5baeb97e61b7ecc89?s=96&d=mm&r=g\",\"url\":\"https:\\\/\\\/secure.gravatar.com\\\/avatar\\\/42749d8b712ff9d59ca93dc150494e5b55a44134482993f5baeb97e61b7ecc89?s=96&d=mm&r=g\",\"contentUrl\":\"https:\\\/\\\/secure.gravatar.com\\\/avatar\\\/42749d8b712ff9d59ca93dc150494e5b55a44134482993f5baeb97e61b7ecc89?s=96&d=mm&r=g\",\"caption\":\"Roberto\"},\"url\":\"https:\\\/\\\/regiaonews.net.br\\\/2022\\\/author\\\/roberto\\\/\"}]}<\/script>\n<!-- \/ Yoast SEO plugin. -->","yoast_head_json":{"title":"Presidente Lula defende restaurar a paz e a uni\u00e3o entre amigos e fam\u00edlias em discurso - Regi\u00e3o News","robots":{"index":"index","follow":"follow","max-snippet":"max-snippet:-1","max-image-preview":"max-image-preview:large","max-video-preview":"max-video-preview:-1"},"canonical":"https:\/\/regiaonews.net.br\/2022\/2023\/12\/25\/presidente-lula-defende-restaurar-a-paz-e-a-uniao-entre-amigos-e-familias-em-discurso\/","og_locale":"pt_BR","og_type":"article","og_title":"Presidente Lula defende restaurar a paz e a uni\u00e3o entre amigos e fam\u00edlias em discurso - Regi\u00e3o News","og_description":"Foto\u00a0 &#8211;\u00a0\u00a0Ricardo Stuckert O presidente da Rep\u00fablica, Luiz In\u00e1cio Lula","og_url":"https:\/\/regiaonews.net.br\/2022\/2023\/12\/25\/presidente-lula-defende-restaurar-a-paz-e-a-uniao-entre-amigos-e-familias-em-discurso\/","og_site_name":"Regi\u00e3o News","article_published_time":"2023-12-25T13:55:33+00:00","article_modified_time":"2023-12-25T14:26:56+00:00","og_image":[{"width":1170,"height":700,"url":"https:\/\/regiaonews.net.br\/2022\/wp-content\/uploads\/2023\/12\/53417969517_47696e5c2f_o.jpg","type":"image\/jpeg"}],"author":"Roberto","twitter_card":"summary_large_image","twitter_misc":{"Escrito por":"Roberto","Est. tempo de leitura":"4 minutos"},"schema":{"@context":"https:\/\/schema.org","@graph":[{"@type":"Article","@id":"https:\/\/regiaonews.net.br\/2022\/2023\/12\/25\/presidente-lula-defende-restaurar-a-paz-e-a-uniao-entre-amigos-e-familias-em-discurso\/#article","isPartOf":{"@id":"https:\/\/regiaonews.net.br\/2022\/2023\/12\/25\/presidente-lula-defende-restaurar-a-paz-e-a-uniao-entre-amigos-e-familias-em-discurso\/"},"author":{"name":"Roberto","@id":"https:\/\/regiaonews.net.br\/2022\/#\/schema\/person\/2d205a608a5aa97ac279d7a5e6d89ad8"},"headline":"Presidente Lula defende restaurar a paz e a uni\u00e3o entre amigos e fam\u00edlias em discurso","datePublished":"2023-12-25T13:55:33+00:00","dateModified":"2023-12-25T14:26:56+00:00","mainEntityOfPage":{"@id":"https:\/\/regiaonews.net.br\/2022\/2023\/12\/25\/presidente-lula-defende-restaurar-a-paz-e-a-uniao-entre-amigos-e-familias-em-discurso\/"},"wordCount":496,"commentCount":0,"publisher":{"@id":"https:\/\/regiaonews.net.br\/2022\/#organization"},"image":{"@id":"https:\/\/regiaonews.net.br\/2022\/2023\/12\/25\/presidente-lula-defende-restaurar-a-paz-e-a-uniao-entre-amigos-e-familias-em-discurso\/#primaryimage"},"thumbnailUrl":"https:\/\/regiaonews.net.br\/2022\/wp-content\/uploads\/2023\/12\/53417969517_47696e5c2f_o.jpg","articleSection":["Brasil","Cidades"],"inLanguage":"pt-BR","potentialAction":[{"@type":"CommentAction","name":"Comment","target":["https:\/\/regiaonews.net.br\/2022\/2023\/12\/25\/presidente-lula-defende-restaurar-a-paz-e-a-uniao-entre-amigos-e-familias-em-discurso\/#respond"]}]},{"@type":"WebPage","@id":"https:\/\/regiaonews.net.br\/2022\/2023\/12\/25\/presidente-lula-defende-restaurar-a-paz-e-a-uniao-entre-amigos-e-familias-em-discurso\/","url":"https:\/\/regiaonews.net.br\/2022\/2023\/12\/25\/presidente-lula-defende-restaurar-a-paz-e-a-uniao-entre-amigos-e-familias-em-discurso\/","name":"Presidente Lula defende restaurar a paz e a uni\u00e3o entre amigos e fam\u00edlias em discurso - Regi\u00e3o News","isPartOf":{"@id":"https:\/\/regiaonews.net.br\/2022\/#website"},"primaryImageOfPage":{"@id":"https:\/\/regiaonews.net.br\/2022\/2023\/12\/25\/presidente-lula-defende-restaurar-a-paz-e-a-uniao-entre-amigos-e-familias-em-discurso\/#primaryimage"},"image":{"@id":"https:\/\/regiaonews.net.br\/2022\/2023\/12\/25\/presidente-lula-defende-restaurar-a-paz-e-a-uniao-entre-amigos-e-familias-em-discurso\/#primaryimage"},"thumbnailUrl":"https:\/\/regiaonews.net.br\/2022\/wp-content\/uploads\/2023\/12\/53417969517_47696e5c2f_o.jpg","datePublished":"2023-12-25T13:55:33+00:00","dateModified":"2023-12-25T14:26:56+00:00","breadcrumb":{"@id":"https:\/\/regiaonews.net.br\/2022\/2023\/12\/25\/presidente-lula-defende-restaurar-a-paz-e-a-uniao-entre-amigos-e-familias-em-discurso\/#breadcrumb"},"inLanguage":"pt-BR","potentialAction":[{"@type":"ReadAction","target":["https:\/\/regiaonews.net.br\/2022\/2023\/12\/25\/presidente-lula-defende-restaurar-a-paz-e-a-uniao-entre-amigos-e-familias-em-discurso\/"]}]},{"@type":"ImageObject","inLanguage":"pt-BR","@id":"https:\/\/regiaonews.net.br\/2022\/2023\/12\/25\/presidente-lula-defende-restaurar-a-paz-e-a-uniao-entre-amigos-e-familias-em-discurso\/#primaryimage","url":"https:\/\/regiaonews.net.br\/2022\/wp-content\/uploads\/2023\/12\/53417969517_47696e5c2f_o.jpg","contentUrl":"https:\/\/regiaonews.net.br\/2022\/wp-content\/uploads\/2023\/12\/53417969517_47696e5c2f_o.jpg","width":1170,"height":700},{"@type":"BreadcrumbList","@id":"https:\/\/regiaonews.net.br\/2022\/2023\/12\/25\/presidente-lula-defende-restaurar-a-paz-e-a-uniao-entre-amigos-e-familias-em-discurso\/#breadcrumb","itemListElement":[{"@type":"ListItem","position":1,"name":"In\u00edcio","item":"https:\/\/regiaonews.net.br\/2022\/"},{"@type":"ListItem","position":2,"name":"Presidente Lula defende restaurar a paz e a uni\u00e3o entre amigos e fam\u00edlias em discurso"}]},{"@type":"WebSite","@id":"https:\/\/regiaonews.net.br\/2022\/#website","url":"https:\/\/regiaonews.net.br\/2022\/","name":"Regi\u00e3o News","description":"Site de Not\u00edcias de Barretos e regi\u00e3o","publisher":{"@id":"https:\/\/regiaonews.net.br\/2022\/#organization"},"potentialAction":[{"@type":"SearchAction","target":{"@type":"EntryPoint","urlTemplate":"https:\/\/regiaonews.net.br\/2022\/?s={search_term_string}"},"query-input":{"@type":"PropertyValueSpecification","valueRequired":true,"valueName":"search_term_string"}}],"inLanguage":"pt-BR"},{"@type":"Organization","@id":"https:\/\/regiaonews.net.br\/2022\/#organization","name":"Regi\u00e3o News","url":"https:\/\/regiaonews.net.br\/2022\/","logo":{"@type":"ImageObject","inLanguage":"pt-BR","@id":"https:\/\/regiaonews.net.br\/2022\/#\/schema\/logo\/image\/","url":"https:\/\/regiaonews.net.br\/2022\/wp-content\/uploads\/2026\/03\/regiao-13-anos-scaled.jpg","contentUrl":"https:\/\/regiaonews.net.br\/2022\/wp-content\/uploads\/2026\/03\/regiao-13-anos-scaled.jpg","width":2560,"height":635,"caption":"Regi\u00e3o News"},"image":{"@id":"https:\/\/regiaonews.net.br\/2022\/#\/schema\/logo\/image\/"}},{"@type":"Person","@id":"https:\/\/regiaonews.net.br\/2022\/#\/schema\/person\/2d205a608a5aa97ac279d7a5e6d89ad8","name":"Roberto","image":{"@type":"ImageObject","inLanguage":"pt-BR","@id":"https:\/\/secure.gravatar.com\/avatar\/42749d8b712ff9d59ca93dc150494e5b55a44134482993f5baeb97e61b7ecc89?s=96&d=mm&r=g","url":"https:\/\/secure.gravatar.com\/avatar\/42749d8b712ff9d59ca93dc150494e5b55a44134482993f5baeb97e61b7ecc89?s=96&d=mm&r=g","contentUrl":"https:\/\/secure.gravatar.com\/avatar\/42749d8b712ff9d59ca93dc150494e5b55a44134482993f5baeb97e61b7ecc89?s=96&d=mm&r=g","caption":"Roberto"},"url":"https:\/\/regiaonews.net.br\/2022\/author\/roberto\/"}]}},"publishpress_future_action":{"enabled":false,"date":"2026-05-04 13:32:38","action":"change-status","newStatus":"draft","terms":[],"taxonomy":"category","extraData":[]},"publishpress_future_workflow_manual_trigger":{"enabledWorkflows":[]},"_links":{"self":[{"href":"https:\/\/regiaonews.net.br\/2022\/wp-json\/wp\/v2\/posts\/99495","targetHints":{"allow":["GET"]}}],"collection":[{"href":"https:\/\/regiaonews.net.br\/2022\/wp-json\/wp\/v2\/posts"}],"about":[{"href":"https:\/\/regiaonews.net.br\/2022\/wp-json\/wp\/v2\/types\/post"}],"author":[{"embeddable":true,"href":"https:\/\/regiaonews.net.br\/2022\/wp-json\/wp\/v2\/users\/2"}],"replies":[{"embeddable":true,"href":"https:\/\/regiaonews.net.br\/2022\/wp-json\/wp\/v2\/comments?post=99495"}],"version-history":[{"count":3,"href":"https:\/\/regiaonews.net.br\/2022\/wp-json\/wp\/v2\/posts\/99495\/revisions"}],"predecessor-version":[{"id":99501,"href":"https:\/\/regiaonews.net.br\/2022\/wp-json\/wp\/v2\/posts\/99495\/revisions\/99501"}],"wp:featuredmedia":[{"embeddable":true,"href":"https:\/\/regiaonews.net.br\/2022\/wp-json\/wp\/v2\/media\/99496"}],"wp:attachment":[{"href":"https:\/\/regiaonews.net.br\/2022\/wp-json\/wp\/v2\/media?parent=99495"}],"wp:term":[{"taxonomy":"category","embeddable":true,"href":"https:\/\/regiaonews.net.br\/2022\/wp-json\/wp\/v2\/categories?post=99495"},{"taxonomy":"post_tag","embeddable":true,"href":"https:\/\/regiaonews.net.br\/2022\/wp-json\/wp\/v2\/tags?post=99495"}],"curies":[{"name":"wp","href":"https:\/\/api.w.org\/{rel}","templated":true}]}}