{"id":99410,"date":"2023-12-22T13:29:52","date_gmt":"2023-12-22T16:29:52","guid":{"rendered":"https:\/\/regiaonews.net.br\/2022\/?p=99410"},"modified":"2023-12-22T13:29:52","modified_gmt":"2023-12-22T16:29:52","slug":"verao-tem-inicio-na-madrugada-desta-sexta-com-temperaturas-elevadas","status":"publish","type":"post","link":"https:\/\/regiaonews.net.br\/2022\/2023\/12\/22\/verao-tem-inicio-na-madrugada-desta-sexta-com-temperaturas-elevadas\/","title":{"rendered":"Ver\u00e3o tem in\u00edcio na madrugada desta sexta com temperaturas elevadas"},"content":{"rendered":"<p>A esta\u00e7\u00e3o do Ver\u00e3o, considerada a mais quente do ano come\u00e7a exatamente \u00e0 00h27 de sexta-feira (22) e se estende at\u00e9 20 de mar\u00e7o de 2024, \u00e0 00h06. Por conta da influ\u00eancia do El Ni\u00f1o, o ver\u00e3o 2023\/2024 ser\u00e1 caracterizado por temperaturas acima da m\u00e9dia na parte oeste do Brasil, com destaque para os estados do Acre, Amazonas, Rond\u00f4nia, regi\u00e3o central do Par\u00e1 e leste do Mato Grosso e Mato Grosso do Sul. Esp\u00edrito Santo, Bahia e sul do Piau\u00ed tamb\u00e9m deve ter term\u00f4metros acima da m\u00e9dia. Outra situa\u00e7\u00e3o, ser\u00e3o as chuvas abaixo da m\u00e9dia na regi\u00e3o amaz\u00f4nica, especialmente nos estados do Amazonas e Par\u00e1 e chuvas acima da m\u00e9dia em boa parte dos estados do Sul, Sudeste e sul da regi\u00e3o Centro-Oeste, al\u00e9m dos estados da parte norte do Nordeste.<br \/>\nO meteorologista e coordenador-geral de Ci\u00eancias da Terra do Instituto de Pesquisas Espaciais (INPE), Gilvan Sampaio, explica que o ver\u00e3o vai seguir com temperaturas acima da m\u00e9dia. &#8220;Vamos ter ainda ondas de calor, como as registradas nos \u00faltimos meses&#8221;,\u00a0comenta.<\/p>\n","protected":false},"excerpt":{"rendered":"<p>A esta\u00e7\u00e3o do Ver\u00e3o, considerada a mais quente do ano<\/p>\n","protected":false},"author":2,"featured_media":53601,"comment_status":"open","ping_status":"open","sticky":false,"template":"","format":"standard","meta":{"footnotes":""},"categories":[14,3],"tags":[],"class_list":["post-99410","post","type-post","status-publish","format-standard","has-post-thumbnail","hentry","category-barretos","category-geral"],"yoast_head":"<!-- This site is optimized with the Yoast SEO plugin v27.4 - https:\/\/yoast.com\/product\/yoast-seo-wordpress\/ -->\n<title>Ver\u00e3o tem in\u00edcio na madrugada desta sexta com temperaturas elevadas - Regi\u00e3o News<\/title>\n<meta name=\"robots\" content=\"index, follow, max-snippet:-1, max-image-preview:large, max-video-preview:-1\" \/>\n<link rel=\"canonical\" href=\"https:\/\/regiaonews.net.br\/2022\/2023\/12\/22\/verao-tem-inicio-na-madrugada-desta-sexta-com-temperaturas-elevadas\/\" \/>\n<meta property=\"og:locale\" content=\"pt_BR\" \/>\n<meta property=\"og:type\" content=\"article\" \/>\n<meta property=\"og:title\" content=\"Ver\u00e3o tem in\u00edcio na madrugada desta sexta com temperaturas elevadas - Regi\u00e3o News\" \/>\n<meta property=\"og:description\" content=\"A esta\u00e7\u00e3o do Ver\u00e3o, considerada a mais quente do ano\" \/>\n<meta property=\"og:url\" content=\"https:\/\/regiaonews.net.br\/2022\/2023\/12\/22\/verao-tem-inicio-na-madrugada-desta-sexta-com-temperaturas-elevadas\/\" \/>\n<meta property=\"og:site_name\" content=\"Regi\u00e3o News\" \/>\n<meta property=\"article:published_time\" content=\"2023-12-22T16:29:52+00:00\" \/>\n<meta property=\"og:image\" content=\"https:\/\/regiaonews.net.br\/2022\/wp-content\/uploads\/2021\/09\/Praia-Artificial-com-aguas-quentes-natura-is.jpg\" \/>\n\t<meta property=\"og:image:width\" content=\"2000\" \/>\n\t<meta property=\"og:image:height\" content=\"1333\" \/>\n\t<meta property=\"og:image:type\" content=\"image\/jpeg\" \/>\n<meta name=\"author\" content=\"Roberto\" \/>\n<meta name=\"twitter:card\" content=\"summary_large_image\" \/>\n<meta name=\"twitter:label1\" content=\"Escrito por\" \/>\n\t<meta name=\"twitter:data1\" content=\"Roberto\" \/>\n\t<meta name=\"twitter:label2\" content=\"Est. tempo de leitura\" \/>\n\t<meta name=\"twitter:data2\" content=\"1 minuto\" \/>\n<script type=\"application\/ld+json\" class=\"yoast-schema-graph\">{\"@context\":\"https:\\\/\\\/schema.org\",\"@graph\":[{\"@type\":\"Article\",\"@id\":\"https:\\\/\\\/regiaonews.net.br\\\/2022\\\/2023\\\/12\\\/22\\\/verao-tem-inicio-na-madrugada-desta-sexta-com-temperaturas-elevadas\\\/#article\",\"isPartOf\":{\"@id\":\"https:\\\/\\\/regiaonews.net.br\\\/2022\\\/2023\\\/12\\\/22\\\/verao-tem-inicio-na-madrugada-desta-sexta-com-temperaturas-elevadas\\\/\"},\"author\":{\"name\":\"Roberto\",\"@id\":\"https:\\\/\\\/regiaonews.net.br\\\/2022\\\/#\\\/schema\\\/person\\\/2d205a608a5aa97ac279d7a5e6d89ad8\"},\"headline\":\"Ver\u00e3o tem in\u00edcio na madrugada desta sexta com temperaturas elevadas\",\"datePublished\":\"2023-12-22T16:29:52+00:00\",\"mainEntityOfPage\":{\"@id\":\"https:\\\/\\\/regiaonews.net.br\\\/2022\\\/2023\\\/12\\\/22\\\/verao-tem-inicio-na-madrugada-desta-sexta-com-temperaturas-elevadas\\\/\"},\"wordCount\":202,\"commentCount\":0,\"publisher\":{\"@id\":\"https:\\\/\\\/regiaonews.net.br\\\/2022\\\/#organization\"},\"image\":{\"@id\":\"https:\\\/\\\/regiaonews.net.br\\\/2022\\\/2023\\\/12\\\/22\\\/verao-tem-inicio-na-madrugada-desta-sexta-com-temperaturas-elevadas\\\/#primaryimage\"},\"thumbnailUrl\":\"https:\\\/\\\/regiaonews.net.br\\\/2022\\\/wp-content\\\/uploads\\\/2021\\\/09\\\/Praia-Artificial-com-aguas-quentes-natura-is.jpg\",\"articleSection\":[\"Barretos\",\"Geral\"],\"inLanguage\":\"pt-BR\",\"potentialAction\":[{\"@type\":\"CommentAction\",\"name\":\"Comment\",\"target\":[\"https:\\\/\\\/regiaonews.net.br\\\/2022\\\/2023\\\/12\\\/22\\\/verao-tem-inicio-na-madrugada-desta-sexta-com-temperaturas-elevadas\\\/#respond\"]}]},{\"@type\":\"WebPage\",\"@id\":\"https:\\\/\\\/regiaonews.net.br\\\/2022\\\/2023\\\/12\\\/22\\\/verao-tem-inicio-na-madrugada-desta-sexta-com-temperaturas-elevadas\\\/\",\"url\":\"https:\\\/\\\/regiaonews.net.br\\\/2022\\\/2023\\\/12\\\/22\\\/verao-tem-inicio-na-madrugada-desta-sexta-com-temperaturas-elevadas\\\/\",\"name\":\"Ver\u00e3o tem in\u00edcio na madrugada desta sexta com temperaturas elevadas - Regi\u00e3o News\",\"isPartOf\":{\"@id\":\"https:\\\/\\\/regiaonews.net.br\\\/2022\\\/#website\"},\"primaryImageOfPage\":{\"@id\":\"https:\\\/\\\/regiaonews.net.br\\\/2022\\\/2023\\\/12\\\/22\\\/verao-tem-inicio-na-madrugada-desta-sexta-com-temperaturas-elevadas\\\/#primaryimage\"},\"image\":{\"@id\":\"https:\\\/\\\/regiaonews.net.br\\\/2022\\\/2023\\\/12\\\/22\\\/verao-tem-inicio-na-madrugada-desta-sexta-com-temperaturas-elevadas\\\/#primaryimage\"},\"thumbnailUrl\":\"https:\\\/\\\/regiaonews.net.br\\\/2022\\\/wp-content\\\/uploads\\\/2021\\\/09\\\/Praia-Artificial-com-aguas-quentes-natura-is.jpg\",\"datePublished\":\"2023-12-22T16:29:52+00:00\",\"breadcrumb\":{\"@id\":\"https:\\\/\\\/regiaonews.net.br\\\/2022\\\/2023\\\/12\\\/22\\\/verao-tem-inicio-na-madrugada-desta-sexta-com-temperaturas-elevadas\\\/#breadcrumb\"},\"inLanguage\":\"pt-BR\",\"potentialAction\":[{\"@type\":\"ReadAction\",\"target\":[\"https:\\\/\\\/regiaonews.net.br\\\/2022\\\/2023\\\/12\\\/22\\\/verao-tem-inicio-na-madrugada-desta-sexta-com-temperaturas-elevadas\\\/\"]}]},{\"@type\":\"ImageObject\",\"inLanguage\":\"pt-BR\",\"@id\":\"https:\\\/\\\/regiaonews.net.br\\\/2022\\\/2023\\\/12\\\/22\\\/verao-tem-inicio-na-madrugada-desta-sexta-com-temperaturas-elevadas\\\/#primaryimage\",\"url\":\"https:\\\/\\\/regiaonews.net.br\\\/2022\\\/wp-content\\\/uploads\\\/2021\\\/09\\\/Praia-Artificial-com-aguas-quentes-natura-is.jpg\",\"contentUrl\":\"https:\\\/\\\/regiaonews.net.br\\\/2022\\\/wp-content\\\/uploads\\\/2021\\\/09\\\/Praia-Artificial-com-aguas-quentes-natura-is.jpg\",\"width\":2000,\"height\":1333},{\"@type\":\"BreadcrumbList\",\"@id\":\"https:\\\/\\\/regiaonews.net.br\\\/2022\\\/2023\\\/12\\\/22\\\/verao-tem-inicio-na-madrugada-desta-sexta-com-temperaturas-elevadas\\\/#breadcrumb\",\"itemListElement\":[{\"@type\":\"ListItem\",\"position\":1,\"name\":\"In\u00edcio\",\"item\":\"https:\\\/\\\/regiaonews.net.br\\\/2022\\\/\"},{\"@type\":\"ListItem\",\"position\":2,\"name\":\"Ver\u00e3o tem in\u00edcio na madrugada desta sexta com temperaturas elevadas\"}]},{\"@type\":\"WebSite\",\"@id\":\"https:\\\/\\\/regiaonews.net.br\\\/2022\\\/#website\",\"url\":\"https:\\\/\\\/regiaonews.net.br\\\/2022\\\/\",\"name\":\"Regi\u00e3o News\",\"description\":\"Site de Not\u00edcias de Barretos e regi\u00e3o\",\"publisher\":{\"@id\":\"https:\\\/\\\/regiaonews.net.br\\\/2022\\\/#organization\"},\"potentialAction\":[{\"@type\":\"SearchAction\",\"target\":{\"@type\":\"EntryPoint\",\"urlTemplate\":\"https:\\\/\\\/regiaonews.net.br\\\/2022\\\/?s={search_term_string}\"},\"query-input\":{\"@type\":\"PropertyValueSpecification\",\"valueRequired\":true,\"valueName\":\"search_term_string\"}}],\"inLanguage\":\"pt-BR\"},{\"@type\":\"Organization\",\"@id\":\"https:\\\/\\\/regiaonews.net.br\\\/2022\\\/#organization\",\"name\":\"Regi\u00e3o News\",\"url\":\"https:\\\/\\\/regiaonews.net.br\\\/2022\\\/\",\"logo\":{\"@type\":\"ImageObject\",\"inLanguage\":\"pt-BR\",\"@id\":\"https:\\\/\\\/regiaonews.net.br\\\/2022\\\/#\\\/schema\\\/logo\\\/image\\\/\",\"url\":\"https:\\\/\\\/regiaonews.net.br\\\/2022\\\/wp-content\\\/uploads\\\/2026\\\/03\\\/regiao-13-anos-scaled.jpg\",\"contentUrl\":\"https:\\\/\\\/regiaonews.net.br\\\/2022\\\/wp-content\\\/uploads\\\/2026\\\/03\\\/regiao-13-anos-scaled.jpg\",\"width\":2560,\"height\":635,\"caption\":\"Regi\u00e3o News\"},\"image\":{\"@id\":\"https:\\\/\\\/regiaonews.net.br\\\/2022\\\/#\\\/schema\\\/logo\\\/image\\\/\"}},{\"@type\":\"Person\",\"@id\":\"https:\\\/\\\/regiaonews.net.br\\\/2022\\\/#\\\/schema\\\/person\\\/2d205a608a5aa97ac279d7a5e6d89ad8\",\"name\":\"Roberto\",\"image\":{\"@type\":\"ImageObject\",\"inLanguage\":\"pt-BR\",\"@id\":\"https:\\\/\\\/secure.gravatar.com\\\/avatar\\\/42749d8b712ff9d59ca93dc150494e5b55a44134482993f5baeb97e61b7ecc89?s=96&d=mm&r=g\",\"url\":\"https:\\\/\\\/secure.gravatar.com\\\/avatar\\\/42749d8b712ff9d59ca93dc150494e5b55a44134482993f5baeb97e61b7ecc89?s=96&d=mm&r=g\",\"contentUrl\":\"https:\\\/\\\/secure.gravatar.com\\\/avatar\\\/42749d8b712ff9d59ca93dc150494e5b55a44134482993f5baeb97e61b7ecc89?s=96&d=mm&r=g\",\"caption\":\"Roberto\"},\"url\":\"https:\\\/\\\/regiaonews.net.br\\\/2022\\\/author\\\/roberto\\\/\"}]}<\/script>\n<!-- \/ Yoast SEO plugin. -->","yoast_head_json":{"title":"Ver\u00e3o tem in\u00edcio na madrugada desta sexta com temperaturas elevadas - Regi\u00e3o News","robots":{"index":"index","follow":"follow","max-snippet":"max-snippet:-1","max-image-preview":"max-image-preview:large","max-video-preview":"max-video-preview:-1"},"canonical":"https:\/\/regiaonews.net.br\/2022\/2023\/12\/22\/verao-tem-inicio-na-madrugada-desta-sexta-com-temperaturas-elevadas\/","og_locale":"pt_BR","og_type":"article","og_title":"Ver\u00e3o tem in\u00edcio na madrugada desta sexta com temperaturas elevadas - Regi\u00e3o News","og_description":"A esta\u00e7\u00e3o do Ver\u00e3o, considerada a mais quente do ano","og_url":"https:\/\/regiaonews.net.br\/2022\/2023\/12\/22\/verao-tem-inicio-na-madrugada-desta-sexta-com-temperaturas-elevadas\/","og_site_name":"Regi\u00e3o News","article_published_time":"2023-12-22T16:29:52+00:00","og_image":[{"width":2000,"height":1333,"url":"https:\/\/regiaonews.net.br\/2022\/wp-content\/uploads\/2021\/09\/Praia-Artificial-com-aguas-quentes-natura-is.jpg","type":"image\/jpeg"}],"author":"Roberto","twitter_card":"summary_large_image","twitter_misc":{"Escrito por":"Roberto","Est. tempo de leitura":"1 minuto"},"schema":{"@context":"https:\/\/schema.org","@graph":[{"@type":"Article","@id":"https:\/\/regiaonews.net.br\/2022\/2023\/12\/22\/verao-tem-inicio-na-madrugada-desta-sexta-com-temperaturas-elevadas\/#article","isPartOf":{"@id":"https:\/\/regiaonews.net.br\/2022\/2023\/12\/22\/verao-tem-inicio-na-madrugada-desta-sexta-com-temperaturas-elevadas\/"},"author":{"name":"Roberto","@id":"https:\/\/regiaonews.net.br\/2022\/#\/schema\/person\/2d205a608a5aa97ac279d7a5e6d89ad8"},"headline":"Ver\u00e3o tem in\u00edcio na madrugada desta sexta com temperaturas elevadas","datePublished":"2023-12-22T16:29:52+00:00","mainEntityOfPage":{"@id":"https:\/\/regiaonews.net.br\/2022\/2023\/12\/22\/verao-tem-inicio-na-madrugada-desta-sexta-com-temperaturas-elevadas\/"},"wordCount":202,"commentCount":0,"publisher":{"@id":"https:\/\/regiaonews.net.br\/2022\/#organization"},"image":{"@id":"https:\/\/regiaonews.net.br\/2022\/2023\/12\/22\/verao-tem-inicio-na-madrugada-desta-sexta-com-temperaturas-elevadas\/#primaryimage"},"thumbnailUrl":"https:\/\/regiaonews.net.br\/2022\/wp-content\/uploads\/2021\/09\/Praia-Artificial-com-aguas-quentes-natura-is.jpg","articleSection":["Barretos","Geral"],"inLanguage":"pt-BR","potentialAction":[{"@type":"CommentAction","name":"Comment","target":["https:\/\/regiaonews.net.br\/2022\/2023\/12\/22\/verao-tem-inicio-na-madrugada-desta-sexta-com-temperaturas-elevadas\/#respond"]}]},{"@type":"WebPage","@id":"https:\/\/regiaonews.net.br\/2022\/2023\/12\/22\/verao-tem-inicio-na-madrugada-desta-sexta-com-temperaturas-elevadas\/","url":"https:\/\/regiaonews.net.br\/2022\/2023\/12\/22\/verao-tem-inicio-na-madrugada-desta-sexta-com-temperaturas-elevadas\/","name":"Ver\u00e3o tem in\u00edcio na madrugada desta sexta com temperaturas elevadas - Regi\u00e3o News","isPartOf":{"@id":"https:\/\/regiaonews.net.br\/2022\/#website"},"primaryImageOfPage":{"@id":"https:\/\/regiaonews.net.br\/2022\/2023\/12\/22\/verao-tem-inicio-na-madrugada-desta-sexta-com-temperaturas-elevadas\/#primaryimage"},"image":{"@id":"https:\/\/regiaonews.net.br\/2022\/2023\/12\/22\/verao-tem-inicio-na-madrugada-desta-sexta-com-temperaturas-elevadas\/#primaryimage"},"thumbnailUrl":"https:\/\/regiaonews.net.br\/2022\/wp-content\/uploads\/2021\/09\/Praia-Artificial-com-aguas-quentes-natura-is.jpg","datePublished":"2023-12-22T16:29:52+00:00","breadcrumb":{"@id":"https:\/\/regiaonews.net.br\/2022\/2023\/12\/22\/verao-tem-inicio-na-madrugada-desta-sexta-com-temperaturas-elevadas\/#breadcrumb"},"inLanguage":"pt-BR","potentialAction":[{"@type":"ReadAction","target":["https:\/\/regiaonews.net.br\/2022\/2023\/12\/22\/verao-tem-inicio-na-madrugada-desta-sexta-com-temperaturas-elevadas\/"]}]},{"@type":"ImageObject","inLanguage":"pt-BR","@id":"https:\/\/regiaonews.net.br\/2022\/2023\/12\/22\/verao-tem-inicio-na-madrugada-desta-sexta-com-temperaturas-elevadas\/#primaryimage","url":"https:\/\/regiaonews.net.br\/2022\/wp-content\/uploads\/2021\/09\/Praia-Artificial-com-aguas-quentes-natura-is.jpg","contentUrl":"https:\/\/regiaonews.net.br\/2022\/wp-content\/uploads\/2021\/09\/Praia-Artificial-com-aguas-quentes-natura-is.jpg","width":2000,"height":1333},{"@type":"BreadcrumbList","@id":"https:\/\/regiaonews.net.br\/2022\/2023\/12\/22\/verao-tem-inicio-na-madrugada-desta-sexta-com-temperaturas-elevadas\/#breadcrumb","itemListElement":[{"@type":"ListItem","position":1,"name":"In\u00edcio","item":"https:\/\/regiaonews.net.br\/2022\/"},{"@type":"ListItem","position":2,"name":"Ver\u00e3o tem in\u00edcio na madrugada desta sexta com temperaturas elevadas"}]},{"@type":"WebSite","@id":"https:\/\/regiaonews.net.br\/2022\/#website","url":"https:\/\/regiaonews.net.br\/2022\/","name":"Regi\u00e3o News","description":"Site de Not\u00edcias de Barretos e regi\u00e3o","publisher":{"@id":"https:\/\/regiaonews.net.br\/2022\/#organization"},"potentialAction":[{"@type":"SearchAction","target":{"@type":"EntryPoint","urlTemplate":"https:\/\/regiaonews.net.br\/2022\/?s={search_term_string}"},"query-input":{"@type":"PropertyValueSpecification","valueRequired":true,"valueName":"search_term_string"}}],"inLanguage":"pt-BR"},{"@type":"Organization","@id":"https:\/\/regiaonews.net.br\/2022\/#organization","name":"Regi\u00e3o News","url":"https:\/\/regiaonews.net.br\/2022\/","logo":{"@type":"ImageObject","inLanguage":"pt-BR","@id":"https:\/\/regiaonews.net.br\/2022\/#\/schema\/logo\/image\/","url":"https:\/\/regiaonews.net.br\/2022\/wp-content\/uploads\/2026\/03\/regiao-13-anos-scaled.jpg","contentUrl":"https:\/\/regiaonews.net.br\/2022\/wp-content\/uploads\/2026\/03\/regiao-13-anos-scaled.jpg","width":2560,"height":635,"caption":"Regi\u00e3o News"},"image":{"@id":"https:\/\/regiaonews.net.br\/2022\/#\/schema\/logo\/image\/"}},{"@type":"Person","@id":"https:\/\/regiaonews.net.br\/2022\/#\/schema\/person\/2d205a608a5aa97ac279d7a5e6d89ad8","name":"Roberto","image":{"@type":"ImageObject","inLanguage":"pt-BR","@id":"https:\/\/secure.gravatar.com\/avatar\/42749d8b712ff9d59ca93dc150494e5b55a44134482993f5baeb97e61b7ecc89?s=96&d=mm&r=g","url":"https:\/\/secure.gravatar.com\/avatar\/42749d8b712ff9d59ca93dc150494e5b55a44134482993f5baeb97e61b7ecc89?s=96&d=mm&r=g","contentUrl":"https:\/\/secure.gravatar.com\/avatar\/42749d8b712ff9d59ca93dc150494e5b55a44134482993f5baeb97e61b7ecc89?s=96&d=mm&r=g","caption":"Roberto"},"url":"https:\/\/regiaonews.net.br\/2022\/author\/roberto\/"}]}},"publishpress_future_action":{"enabled":false,"date":"2026-05-04 05:51:04","action":"change-status","newStatus":"draft","terms":[],"taxonomy":"category","extraData":[]},"publishpress_future_workflow_manual_trigger":{"enabledWorkflows":[]},"_links":{"self":[{"href":"https:\/\/regiaonews.net.br\/2022\/wp-json\/wp\/v2\/posts\/99410","targetHints":{"allow":["GET"]}}],"collection":[{"href":"https:\/\/regiaonews.net.br\/2022\/wp-json\/wp\/v2\/posts"}],"about":[{"href":"https:\/\/regiaonews.net.br\/2022\/wp-json\/wp\/v2\/types\/post"}],"author":[{"embeddable":true,"href":"https:\/\/regiaonews.net.br\/2022\/wp-json\/wp\/v2\/users\/2"}],"replies":[{"embeddable":true,"href":"https:\/\/regiaonews.net.br\/2022\/wp-json\/wp\/v2\/comments?post=99410"}],"version-history":[{"count":1,"href":"https:\/\/regiaonews.net.br\/2022\/wp-json\/wp\/v2\/posts\/99410\/revisions"}],"predecessor-version":[{"id":99411,"href":"https:\/\/regiaonews.net.br\/2022\/wp-json\/wp\/v2\/posts\/99410\/revisions\/99411"}],"wp:featuredmedia":[{"embeddable":true,"href":"https:\/\/regiaonews.net.br\/2022\/wp-json\/wp\/v2\/media\/53601"}],"wp:attachment":[{"href":"https:\/\/regiaonews.net.br\/2022\/wp-json\/wp\/v2\/media?parent=99410"}],"wp:term":[{"taxonomy":"category","embeddable":true,"href":"https:\/\/regiaonews.net.br\/2022\/wp-json\/wp\/v2\/categories?post=99410"},{"taxonomy":"post_tag","embeddable":true,"href":"https:\/\/regiaonews.net.br\/2022\/wp-json\/wp\/v2\/tags?post=99410"}],"curies":[{"name":"wp","href":"https:\/\/api.w.org\/{rel}","templated":true}]}}