{"id":99399,"date":"2023-12-22T13:26:06","date_gmt":"2023-12-22T16:26:06","guid":{"rendered":"https:\/\/regiaonews.net.br\/2022\/?p=99399"},"modified":"2023-12-22T13:26:06","modified_gmt":"2023-12-22T16:26:06","slug":"concurso-a-mais-bela-voz-kids-encanta-publico-no-calcadao","status":"publish","type":"post","link":"https:\/\/regiaonews.net.br\/2022\/2023\/12\/22\/concurso-a-mais-bela-voz-kids-encanta-publico-no-calcadao\/","title":{"rendered":"Concurso \u201cA Mais Bela Voz Kids\u201d encanta p\u00fablico no cal\u00e7ad\u00e3o"},"content":{"rendered":"<h3 style=\"text-align: center;\">Divididos em duas categorias, jovens talentos participaram da competi\u00e7\u00e3o musical promovida pela Prefeitura da Est\u00e2ncia Tur\u00edstica de Barretos.<\/h3>\n<p>O edi\u00e7\u00e3o 2023 do concurso \u201cA Mais Bela Voz Kids\u201d, promovido pela Prefeitura da Est\u00e2ncia Tur\u00edstica de Barretos, por meio da Secretaria municipal de Cultura, encantou o p\u00fablico presente com a apresenta\u00e7\u00e3o de jovens talentos da cidade. A competi\u00e7\u00e3o musical ocorreu nesta ter\u00e7a-feira, 19 de dezembro, no cal\u00e7ad\u00e3o da Avenida 19, no Centro.<br \/>\nDivididos nas categorias infantil e juvenil, crian\u00e7as e adolescentes interpretaram sucessos nacionais e internacionais em diferentes estilos, protagonizando uma disputa acirrada. O j\u00fari, composto por m\u00fasicos da Orquestra Sinf\u00f4nica Municipal de Barretos (OSMB) e professores do Centro Municipal de Artes \u201cBezerra de Menezes\u201d (Cemart), foi respons\u00e1vel por eleger os cinco primeiros colocados nas duas categorias.<br \/>\nA premia\u00e7\u00e3o foi de R$1.000,00 (mil reais) para os primeiros colocados, R$600,00 (seiscentos reais) para os segundos lugares e R$400,00 (quatrocentos reais) para os terceiros. Os quarto colocados receberam R$300,00 (trezentos reais) e os quinto colocados R$200,00 (duzentos reais). Os pr\u00eamios foram entregues pelo secret\u00e1rio municipal de Rela\u00e7\u00f5es Institucionais e Comunica\u00e7\u00e3o, Itamar Alves, e pela jornalista Luciana Oliveira, representando a prefeita Paula Lemos.<br \/>\nPara o secret\u00e1rio de Cultura, Rog\u00e9rio Teod\u00f3sio, o concurso revela os resultados do trabalho com foco no incentivo \u00e0 arte e cultura. \u201cFoi fant\u00e1stico. Essa iniciativa engradece nossos pequenos jovens artistas e mostra para as fam\u00edlias o qu\u00e3o grandioso \u00e9 estimular seus filhos a estarem em ambientes culturais. O n\u00famero de participantes nos surpreendeu e certamente \u00e9 o reflexo do trabalho da atual gest\u00e3o que trabalha para oportunizar protagonismos dentre nossos agentes culturais e artistas\u201d, disse.<\/p>\n<p>PREMIADOS: A MAIS BELA VOZ KIDS 2023<br \/>\nCATEGORIA INFANTIL (6 A 11 ANOS)<\/p>\n<p>1\u00ba. LUGAR: ISABELA ALVES DE MORAES SOUZA<br \/>\n89 PONTOS<br \/>\nM\u00daSICA: UM SONHADOR<\/p>\n<p>2\u00ba. LUGAR: OLIVIA ESTEVES CUNHA MELO<br \/>\n73,4 PONTOS<br \/>\nM\u00daSICA: A FLOR E O BEIJA-FLOR<\/p>\n<p>3\u00ba. LUGAR: MANUELA BEZERRA MUNHOZ<br \/>\n60 PONTOS<br \/>\nM\u00daSICA: MUITO OBRIGADA, M\u00c3E<\/p>\n<p>4\u00ba. LUGAR: NICOLE CUNEGUNDES DA SILVEIRA E VIT\u00d3RIA CUNEGUNDES DA SILVEIRA (G\u00caMEAS)<br \/>\n59,5 PONTOS<br \/>\nM\u00daSICA: GRANDIOSO DEUS<\/p>\n<p>5\u00ba. LUGAR: RAFAELA OLIVEIRA<br \/>\n54,7 PONTOS<br \/>\nM\u00daSICA: ESTOU VOLTANDO<\/p>\n<p>CATEGORIA JUVENIL (12 A 17 ANOS)<br \/>\n1\u00ba. LUGAR: MATHEUS SOARES SANTOS LOUZANO<br \/>\n87,7 PONTOS<br \/>\nM\u00daSICA: PAGODE EM BRAS\u00cdLIA<\/p>\n<p>2\u00ba. LUGAR: MATHEUS BEZERRA MUNHOZ<br \/>\n85,8 PONTOS<br \/>\nM\u00daSICA: HOUND DOG (ELVIS)<\/p>\n<p>3\u00ba. LUGAR: PEDRO HENRIQUE DE ANDRADE RIBEIRO (PEDRO HENRIQUE)<br \/>\n83,5 PONTOS<br \/>\nM\u00daSICA: MAIOR VIL\u00c3O SOU EU<\/p>\n<p>4\u00ba. LUGAR: BIANCA RODRIGUES GREG\u00d3RIO<br \/>\n82,2 PONTOS<br \/>\nM\u00daSICA: ERA UMA VEZ<\/p>\n<p>5\u00ba. LUGAR: MATHEUS FELIPE GABRIEL CAMARGO RIBEIRO<br \/>\n80,5 PONTOS<br \/>\nM\u00daSICA: PAIS E FILHOS<\/p>\n<p>Fotos: Andr\u00e9 Monteiro<\/p>\n","protected":false},"excerpt":{"rendered":"<p>Divididos em duas categorias, jovens talentos participaram da competi\u00e7\u00e3o musical<\/p>\n","protected":false},"author":2,"featured_media":99400,"comment_status":"open","ping_status":"open","sticky":false,"template":"","format":"standard","meta":{"footnotes":""},"categories":[14,3],"tags":[],"class_list":["post-99399","post","type-post","status-publish","format-standard","has-post-thumbnail","hentry","category-barretos","category-geral"],"yoast_head":"<!-- This site is optimized with the Yoast SEO plugin v27.4 - https:\/\/yoast.com\/product\/yoast-seo-wordpress\/ -->\n<title>Concurso \u201cA Mais Bela Voz Kids\u201d encanta p\u00fablico no cal\u00e7ad\u00e3o - Regi\u00e3o News<\/title>\n<meta name=\"robots\" content=\"index, follow, max-snippet:-1, max-image-preview:large, max-video-preview:-1\" \/>\n<link rel=\"canonical\" href=\"https:\/\/regiaonews.net.br\/2022\/2023\/12\/22\/concurso-a-mais-bela-voz-kids-encanta-publico-no-calcadao\/\" \/>\n<meta property=\"og:locale\" content=\"pt_BR\" \/>\n<meta property=\"og:type\" content=\"article\" \/>\n<meta property=\"og:title\" content=\"Concurso \u201cA Mais Bela Voz Kids\u201d encanta p\u00fablico no cal\u00e7ad\u00e3o - Regi\u00e3o News\" \/>\n<meta property=\"og:description\" content=\"Divididos em duas categorias, jovens talentos participaram da competi\u00e7\u00e3o musical\" \/>\n<meta property=\"og:url\" content=\"https:\/\/regiaonews.net.br\/2022\/2023\/12\/22\/concurso-a-mais-bela-voz-kids-encanta-publico-no-calcadao\/\" \/>\n<meta property=\"og:site_name\" content=\"Regi\u00e3o News\" \/>\n<meta property=\"article:published_time\" content=\"2023-12-22T16:26:06+00:00\" \/>\n<meta property=\"og:image\" content=\"https:\/\/regiaonews.net.br\/2022\/wp-content\/uploads\/2023\/12\/Imagem-do-WhatsApp-de-2023-12-22-as-10.08.51_8b73b162.jpg\" \/>\n\t<meta property=\"og:image:width\" content=\"1600\" \/>\n\t<meta property=\"og:image:height\" content=\"1068\" \/>\n\t<meta property=\"og:image:type\" content=\"image\/jpeg\" \/>\n<meta name=\"author\" content=\"Roberto\" \/>\n<meta name=\"twitter:card\" content=\"summary_large_image\" \/>\n<meta name=\"twitter:label1\" content=\"Escrito por\" \/>\n\t<meta name=\"twitter:data1\" content=\"Roberto\" \/>\n\t<meta name=\"twitter:label2\" content=\"Est. tempo de leitura\" \/>\n\t<meta name=\"twitter:data2\" content=\"3 minutos\" \/>\n<script type=\"application\/ld+json\" class=\"yoast-schema-graph\">{\"@context\":\"https:\\\/\\\/schema.org\",\"@graph\":[{\"@type\":\"Article\",\"@id\":\"https:\\\/\\\/regiaonews.net.br\\\/2022\\\/2023\\\/12\\\/22\\\/concurso-a-mais-bela-voz-kids-encanta-publico-no-calcadao\\\/#article\",\"isPartOf\":{\"@id\":\"https:\\\/\\\/regiaonews.net.br\\\/2022\\\/2023\\\/12\\\/22\\\/concurso-a-mais-bela-voz-kids-encanta-publico-no-calcadao\\\/\"},\"author\":{\"name\":\"Roberto\",\"@id\":\"https:\\\/\\\/regiaonews.net.br\\\/2022\\\/#\\\/schema\\\/person\\\/2d205a608a5aa97ac279d7a5e6d89ad8\"},\"headline\":\"Concurso \u201cA Mais Bela Voz Kids\u201d encanta p\u00fablico no cal\u00e7ad\u00e3o\",\"datePublished\":\"2023-12-22T16:26:06+00:00\",\"mainEntityOfPage\":{\"@id\":\"https:\\\/\\\/regiaonews.net.br\\\/2022\\\/2023\\\/12\\\/22\\\/concurso-a-mais-bela-voz-kids-encanta-publico-no-calcadao\\\/\"},\"wordCount\":441,\"commentCount\":0,\"publisher\":{\"@id\":\"https:\\\/\\\/regiaonews.net.br\\\/2022\\\/#organization\"},\"image\":{\"@id\":\"https:\\\/\\\/regiaonews.net.br\\\/2022\\\/2023\\\/12\\\/22\\\/concurso-a-mais-bela-voz-kids-encanta-publico-no-calcadao\\\/#primaryimage\"},\"thumbnailUrl\":\"https:\\\/\\\/regiaonews.net.br\\\/2022\\\/wp-content\\\/uploads\\\/2023\\\/12\\\/Imagem-do-WhatsApp-de-2023-12-22-as-10.08.51_8b73b162.jpg\",\"articleSection\":[\"Barretos\",\"Geral\"],\"inLanguage\":\"pt-BR\",\"potentialAction\":[{\"@type\":\"CommentAction\",\"name\":\"Comment\",\"target\":[\"https:\\\/\\\/regiaonews.net.br\\\/2022\\\/2023\\\/12\\\/22\\\/concurso-a-mais-bela-voz-kids-encanta-publico-no-calcadao\\\/#respond\"]}]},{\"@type\":\"WebPage\",\"@id\":\"https:\\\/\\\/regiaonews.net.br\\\/2022\\\/2023\\\/12\\\/22\\\/concurso-a-mais-bela-voz-kids-encanta-publico-no-calcadao\\\/\",\"url\":\"https:\\\/\\\/regiaonews.net.br\\\/2022\\\/2023\\\/12\\\/22\\\/concurso-a-mais-bela-voz-kids-encanta-publico-no-calcadao\\\/\",\"name\":\"Concurso \u201cA Mais Bela Voz Kids\u201d encanta p\u00fablico no cal\u00e7ad\u00e3o - Regi\u00e3o News\",\"isPartOf\":{\"@id\":\"https:\\\/\\\/regiaonews.net.br\\\/2022\\\/#website\"},\"primaryImageOfPage\":{\"@id\":\"https:\\\/\\\/regiaonews.net.br\\\/2022\\\/2023\\\/12\\\/22\\\/concurso-a-mais-bela-voz-kids-encanta-publico-no-calcadao\\\/#primaryimage\"},\"image\":{\"@id\":\"https:\\\/\\\/regiaonews.net.br\\\/2022\\\/2023\\\/12\\\/22\\\/concurso-a-mais-bela-voz-kids-encanta-publico-no-calcadao\\\/#primaryimage\"},\"thumbnailUrl\":\"https:\\\/\\\/regiaonews.net.br\\\/2022\\\/wp-content\\\/uploads\\\/2023\\\/12\\\/Imagem-do-WhatsApp-de-2023-12-22-as-10.08.51_8b73b162.jpg\",\"datePublished\":\"2023-12-22T16:26:06+00:00\",\"breadcrumb\":{\"@id\":\"https:\\\/\\\/regiaonews.net.br\\\/2022\\\/2023\\\/12\\\/22\\\/concurso-a-mais-bela-voz-kids-encanta-publico-no-calcadao\\\/#breadcrumb\"},\"inLanguage\":\"pt-BR\",\"potentialAction\":[{\"@type\":\"ReadAction\",\"target\":[\"https:\\\/\\\/regiaonews.net.br\\\/2022\\\/2023\\\/12\\\/22\\\/concurso-a-mais-bela-voz-kids-encanta-publico-no-calcadao\\\/\"]}]},{\"@type\":\"ImageObject\",\"inLanguage\":\"pt-BR\",\"@id\":\"https:\\\/\\\/regiaonews.net.br\\\/2022\\\/2023\\\/12\\\/22\\\/concurso-a-mais-bela-voz-kids-encanta-publico-no-calcadao\\\/#primaryimage\",\"url\":\"https:\\\/\\\/regiaonews.net.br\\\/2022\\\/wp-content\\\/uploads\\\/2023\\\/12\\\/Imagem-do-WhatsApp-de-2023-12-22-as-10.08.51_8b73b162.jpg\",\"contentUrl\":\"https:\\\/\\\/regiaonews.net.br\\\/2022\\\/wp-content\\\/uploads\\\/2023\\\/12\\\/Imagem-do-WhatsApp-de-2023-12-22-as-10.08.51_8b73b162.jpg\",\"width\":1600,\"height\":1068},{\"@type\":\"BreadcrumbList\",\"@id\":\"https:\\\/\\\/regiaonews.net.br\\\/2022\\\/2023\\\/12\\\/22\\\/concurso-a-mais-bela-voz-kids-encanta-publico-no-calcadao\\\/#breadcrumb\",\"itemListElement\":[{\"@type\":\"ListItem\",\"position\":1,\"name\":\"In\u00edcio\",\"item\":\"https:\\\/\\\/regiaonews.net.br\\\/2022\\\/\"},{\"@type\":\"ListItem\",\"position\":2,\"name\":\"Concurso \u201cA Mais Bela Voz Kids\u201d encanta p\u00fablico no cal\u00e7ad\u00e3o\"}]},{\"@type\":\"WebSite\",\"@id\":\"https:\\\/\\\/regiaonews.net.br\\\/2022\\\/#website\",\"url\":\"https:\\\/\\\/regiaonews.net.br\\\/2022\\\/\",\"name\":\"Regi\u00e3o News\",\"description\":\"Site de Not\u00edcias de Barretos e regi\u00e3o\",\"publisher\":{\"@id\":\"https:\\\/\\\/regiaonews.net.br\\\/2022\\\/#organization\"},\"potentialAction\":[{\"@type\":\"SearchAction\",\"target\":{\"@type\":\"EntryPoint\",\"urlTemplate\":\"https:\\\/\\\/regiaonews.net.br\\\/2022\\\/?s={search_term_string}\"},\"query-input\":{\"@type\":\"PropertyValueSpecification\",\"valueRequired\":true,\"valueName\":\"search_term_string\"}}],\"inLanguage\":\"pt-BR\"},{\"@type\":\"Organization\",\"@id\":\"https:\\\/\\\/regiaonews.net.br\\\/2022\\\/#organization\",\"name\":\"Regi\u00e3o News\",\"url\":\"https:\\\/\\\/regiaonews.net.br\\\/2022\\\/\",\"logo\":{\"@type\":\"ImageObject\",\"inLanguage\":\"pt-BR\",\"@id\":\"https:\\\/\\\/regiaonews.net.br\\\/2022\\\/#\\\/schema\\\/logo\\\/image\\\/\",\"url\":\"https:\\\/\\\/regiaonews.net.br\\\/2022\\\/wp-content\\\/uploads\\\/2026\\\/03\\\/regiao-13-anos-scaled.jpg\",\"contentUrl\":\"https:\\\/\\\/regiaonews.net.br\\\/2022\\\/wp-content\\\/uploads\\\/2026\\\/03\\\/regiao-13-anos-scaled.jpg\",\"width\":2560,\"height\":635,\"caption\":\"Regi\u00e3o News\"},\"image\":{\"@id\":\"https:\\\/\\\/regiaonews.net.br\\\/2022\\\/#\\\/schema\\\/logo\\\/image\\\/\"}},{\"@type\":\"Person\",\"@id\":\"https:\\\/\\\/regiaonews.net.br\\\/2022\\\/#\\\/schema\\\/person\\\/2d205a608a5aa97ac279d7a5e6d89ad8\",\"name\":\"Roberto\",\"image\":{\"@type\":\"ImageObject\",\"inLanguage\":\"pt-BR\",\"@id\":\"https:\\\/\\\/secure.gravatar.com\\\/avatar\\\/42749d8b712ff9d59ca93dc150494e5b55a44134482993f5baeb97e61b7ecc89?s=96&d=mm&r=g\",\"url\":\"https:\\\/\\\/secure.gravatar.com\\\/avatar\\\/42749d8b712ff9d59ca93dc150494e5b55a44134482993f5baeb97e61b7ecc89?s=96&d=mm&r=g\",\"contentUrl\":\"https:\\\/\\\/secure.gravatar.com\\\/avatar\\\/42749d8b712ff9d59ca93dc150494e5b55a44134482993f5baeb97e61b7ecc89?s=96&d=mm&r=g\",\"caption\":\"Roberto\"},\"url\":\"https:\\\/\\\/regiaonews.net.br\\\/2022\\\/author\\\/roberto\\\/\"}]}<\/script>\n<!-- \/ Yoast SEO plugin. -->","yoast_head_json":{"title":"Concurso \u201cA Mais Bela Voz Kids\u201d encanta p\u00fablico no cal\u00e7ad\u00e3o - Regi\u00e3o News","robots":{"index":"index","follow":"follow","max-snippet":"max-snippet:-1","max-image-preview":"max-image-preview:large","max-video-preview":"max-video-preview:-1"},"canonical":"https:\/\/regiaonews.net.br\/2022\/2023\/12\/22\/concurso-a-mais-bela-voz-kids-encanta-publico-no-calcadao\/","og_locale":"pt_BR","og_type":"article","og_title":"Concurso \u201cA Mais Bela Voz Kids\u201d encanta p\u00fablico no cal\u00e7ad\u00e3o - Regi\u00e3o News","og_description":"Divididos em duas categorias, jovens talentos participaram da competi\u00e7\u00e3o musical","og_url":"https:\/\/regiaonews.net.br\/2022\/2023\/12\/22\/concurso-a-mais-bela-voz-kids-encanta-publico-no-calcadao\/","og_site_name":"Regi\u00e3o News","article_published_time":"2023-12-22T16:26:06+00:00","og_image":[{"width":1600,"height":1068,"url":"https:\/\/regiaonews.net.br\/2022\/wp-content\/uploads\/2023\/12\/Imagem-do-WhatsApp-de-2023-12-22-as-10.08.51_8b73b162.jpg","type":"image\/jpeg"}],"author":"Roberto","twitter_card":"summary_large_image","twitter_misc":{"Escrito por":"Roberto","Est. tempo de leitura":"3 minutos"},"schema":{"@context":"https:\/\/schema.org","@graph":[{"@type":"Article","@id":"https:\/\/regiaonews.net.br\/2022\/2023\/12\/22\/concurso-a-mais-bela-voz-kids-encanta-publico-no-calcadao\/#article","isPartOf":{"@id":"https:\/\/regiaonews.net.br\/2022\/2023\/12\/22\/concurso-a-mais-bela-voz-kids-encanta-publico-no-calcadao\/"},"author":{"name":"Roberto","@id":"https:\/\/regiaonews.net.br\/2022\/#\/schema\/person\/2d205a608a5aa97ac279d7a5e6d89ad8"},"headline":"Concurso \u201cA Mais Bela Voz Kids\u201d encanta p\u00fablico no cal\u00e7ad\u00e3o","datePublished":"2023-12-22T16:26:06+00:00","mainEntityOfPage":{"@id":"https:\/\/regiaonews.net.br\/2022\/2023\/12\/22\/concurso-a-mais-bela-voz-kids-encanta-publico-no-calcadao\/"},"wordCount":441,"commentCount":0,"publisher":{"@id":"https:\/\/regiaonews.net.br\/2022\/#organization"},"image":{"@id":"https:\/\/regiaonews.net.br\/2022\/2023\/12\/22\/concurso-a-mais-bela-voz-kids-encanta-publico-no-calcadao\/#primaryimage"},"thumbnailUrl":"https:\/\/regiaonews.net.br\/2022\/wp-content\/uploads\/2023\/12\/Imagem-do-WhatsApp-de-2023-12-22-as-10.08.51_8b73b162.jpg","articleSection":["Barretos","Geral"],"inLanguage":"pt-BR","potentialAction":[{"@type":"CommentAction","name":"Comment","target":["https:\/\/regiaonews.net.br\/2022\/2023\/12\/22\/concurso-a-mais-bela-voz-kids-encanta-publico-no-calcadao\/#respond"]}]},{"@type":"WebPage","@id":"https:\/\/regiaonews.net.br\/2022\/2023\/12\/22\/concurso-a-mais-bela-voz-kids-encanta-publico-no-calcadao\/","url":"https:\/\/regiaonews.net.br\/2022\/2023\/12\/22\/concurso-a-mais-bela-voz-kids-encanta-publico-no-calcadao\/","name":"Concurso \u201cA Mais Bela Voz Kids\u201d encanta p\u00fablico no cal\u00e7ad\u00e3o - Regi\u00e3o News","isPartOf":{"@id":"https:\/\/regiaonews.net.br\/2022\/#website"},"primaryImageOfPage":{"@id":"https:\/\/regiaonews.net.br\/2022\/2023\/12\/22\/concurso-a-mais-bela-voz-kids-encanta-publico-no-calcadao\/#primaryimage"},"image":{"@id":"https:\/\/regiaonews.net.br\/2022\/2023\/12\/22\/concurso-a-mais-bela-voz-kids-encanta-publico-no-calcadao\/#primaryimage"},"thumbnailUrl":"https:\/\/regiaonews.net.br\/2022\/wp-content\/uploads\/2023\/12\/Imagem-do-WhatsApp-de-2023-12-22-as-10.08.51_8b73b162.jpg","datePublished":"2023-12-22T16:26:06+00:00","breadcrumb":{"@id":"https:\/\/regiaonews.net.br\/2022\/2023\/12\/22\/concurso-a-mais-bela-voz-kids-encanta-publico-no-calcadao\/#breadcrumb"},"inLanguage":"pt-BR","potentialAction":[{"@type":"ReadAction","target":["https:\/\/regiaonews.net.br\/2022\/2023\/12\/22\/concurso-a-mais-bela-voz-kids-encanta-publico-no-calcadao\/"]}]},{"@type":"ImageObject","inLanguage":"pt-BR","@id":"https:\/\/regiaonews.net.br\/2022\/2023\/12\/22\/concurso-a-mais-bela-voz-kids-encanta-publico-no-calcadao\/#primaryimage","url":"https:\/\/regiaonews.net.br\/2022\/wp-content\/uploads\/2023\/12\/Imagem-do-WhatsApp-de-2023-12-22-as-10.08.51_8b73b162.jpg","contentUrl":"https:\/\/regiaonews.net.br\/2022\/wp-content\/uploads\/2023\/12\/Imagem-do-WhatsApp-de-2023-12-22-as-10.08.51_8b73b162.jpg","width":1600,"height":1068},{"@type":"BreadcrumbList","@id":"https:\/\/regiaonews.net.br\/2022\/2023\/12\/22\/concurso-a-mais-bela-voz-kids-encanta-publico-no-calcadao\/#breadcrumb","itemListElement":[{"@type":"ListItem","position":1,"name":"In\u00edcio","item":"https:\/\/regiaonews.net.br\/2022\/"},{"@type":"ListItem","position":2,"name":"Concurso \u201cA Mais Bela Voz Kids\u201d encanta p\u00fablico no cal\u00e7ad\u00e3o"}]},{"@type":"WebSite","@id":"https:\/\/regiaonews.net.br\/2022\/#website","url":"https:\/\/regiaonews.net.br\/2022\/","name":"Regi\u00e3o News","description":"Site de Not\u00edcias de Barretos e regi\u00e3o","publisher":{"@id":"https:\/\/regiaonews.net.br\/2022\/#organization"},"potentialAction":[{"@type":"SearchAction","target":{"@type":"EntryPoint","urlTemplate":"https:\/\/regiaonews.net.br\/2022\/?s={search_term_string}"},"query-input":{"@type":"PropertyValueSpecification","valueRequired":true,"valueName":"search_term_string"}}],"inLanguage":"pt-BR"},{"@type":"Organization","@id":"https:\/\/regiaonews.net.br\/2022\/#organization","name":"Regi\u00e3o News","url":"https:\/\/regiaonews.net.br\/2022\/","logo":{"@type":"ImageObject","inLanguage":"pt-BR","@id":"https:\/\/regiaonews.net.br\/2022\/#\/schema\/logo\/image\/","url":"https:\/\/regiaonews.net.br\/2022\/wp-content\/uploads\/2026\/03\/regiao-13-anos-scaled.jpg","contentUrl":"https:\/\/regiaonews.net.br\/2022\/wp-content\/uploads\/2026\/03\/regiao-13-anos-scaled.jpg","width":2560,"height":635,"caption":"Regi\u00e3o News"},"image":{"@id":"https:\/\/regiaonews.net.br\/2022\/#\/schema\/logo\/image\/"}},{"@type":"Person","@id":"https:\/\/regiaonews.net.br\/2022\/#\/schema\/person\/2d205a608a5aa97ac279d7a5e6d89ad8","name":"Roberto","image":{"@type":"ImageObject","inLanguage":"pt-BR","@id":"https:\/\/secure.gravatar.com\/avatar\/42749d8b712ff9d59ca93dc150494e5b55a44134482993f5baeb97e61b7ecc89?s=96&d=mm&r=g","url":"https:\/\/secure.gravatar.com\/avatar\/42749d8b712ff9d59ca93dc150494e5b55a44134482993f5baeb97e61b7ecc89?s=96&d=mm&r=g","contentUrl":"https:\/\/secure.gravatar.com\/avatar\/42749d8b712ff9d59ca93dc150494e5b55a44134482993f5baeb97e61b7ecc89?s=96&d=mm&r=g","caption":"Roberto"},"url":"https:\/\/regiaonews.net.br\/2022\/author\/roberto\/"}]}},"publishpress_future_action":{"enabled":false,"date":"2026-05-04 11:36:48","action":"change-status","newStatus":"draft","terms":[],"taxonomy":"category","extraData":[]},"publishpress_future_workflow_manual_trigger":{"enabledWorkflows":[]},"_links":{"self":[{"href":"https:\/\/regiaonews.net.br\/2022\/wp-json\/wp\/v2\/posts\/99399","targetHints":{"allow":["GET"]}}],"collection":[{"href":"https:\/\/regiaonews.net.br\/2022\/wp-json\/wp\/v2\/posts"}],"about":[{"href":"https:\/\/regiaonews.net.br\/2022\/wp-json\/wp\/v2\/types\/post"}],"author":[{"embeddable":true,"href":"https:\/\/regiaonews.net.br\/2022\/wp-json\/wp\/v2\/users\/2"}],"replies":[{"embeddable":true,"href":"https:\/\/regiaonews.net.br\/2022\/wp-json\/wp\/v2\/comments?post=99399"}],"version-history":[{"count":1,"href":"https:\/\/regiaonews.net.br\/2022\/wp-json\/wp\/v2\/posts\/99399\/revisions"}],"predecessor-version":[{"id":99401,"href":"https:\/\/regiaonews.net.br\/2022\/wp-json\/wp\/v2\/posts\/99399\/revisions\/99401"}],"wp:featuredmedia":[{"embeddable":true,"href":"https:\/\/regiaonews.net.br\/2022\/wp-json\/wp\/v2\/media\/99400"}],"wp:attachment":[{"href":"https:\/\/regiaonews.net.br\/2022\/wp-json\/wp\/v2\/media?parent=99399"}],"wp:term":[{"taxonomy":"category","embeddable":true,"href":"https:\/\/regiaonews.net.br\/2022\/wp-json\/wp\/v2\/categories?post=99399"},{"taxonomy":"post_tag","embeddable":true,"href":"https:\/\/regiaonews.net.br\/2022\/wp-json\/wp\/v2\/tags?post=99399"}],"curies":[{"name":"wp","href":"https:\/\/api.w.org\/{rel}","templated":true}]}}