{"id":99396,"date":"2023-12-22T13:24:54","date_gmt":"2023-12-22T16:24:54","guid":{"rendered":"https:\/\/regiaonews.net.br\/2022\/?p=99396"},"modified":"2023-12-22T13:24:54","modified_gmt":"2023-12-22T16:24:54","slug":"confira-o-funcionamento-das-reparticoes-publicas-em-barretos-no-feriado-de-natal","status":"publish","type":"post","link":"https:\/\/regiaonews.net.br\/2022\/2023\/12\/22\/confira-o-funcionamento-das-reparticoes-publicas-em-barretos-no-feriado-de-natal\/","title":{"rendered":"Confira o funcionamento das reparti\u00e7\u00f5es p\u00fablicas em Barretos no Feriado de Natal"},"content":{"rendered":"<p>SAMU, Corpo de Bombeiros, Pol\u00edcia Militar, UPA, SAAEB, Conselho Tutelar e Defesa Civil mant\u00eam plant\u00e3o 24h. As UBSs mant\u00eam atendimento normal nesta sexta-feira, dia 22; no Pa\u00e7o Municipal, o atendimento se encerra \u00e0s 10h<\/p>\n<p>A Prefeitura da Est\u00e2ncia Tur\u00edstica de Barretos divulga o \u2018abre e fecha\u2019 durante o feriado do Natal, conforme as altera\u00e7\u00f5es previstas no decreto 11.891, de 21 de dezembro de 2023. Nesta sexta-feira, dia 22, o atendimento ao p\u00fablico no Pa\u00e7o Municipal ser\u00e1 das 8 \u00e0s 10h e os servidores cumprir\u00e3o a jornada at\u00e9 as 12h. Na ter\u00e7a-feira, dia 26, os mun\u00edcipes poder\u00e3o procurar o Pa\u00e7o Municipal para atendimento das 13 \u00e0s 15h.<\/p>\n<p>As Unidades B\u00e1sicas de Sa\u00fade (UBSs) mant\u00eam nesta sexta-feira, dia 22, o hor\u00e1rio normal de cada unidade. Todas as UBSs permanecem fechadas de s\u00e1bado (23) a segunda-feira (25), retomando o atendimento na tarde de ter\u00e7a-feira, dia 26.<\/p>\n<p>Conforme o decreto, cada secret\u00e1rio tem autonomia para fazer os ajustes necess\u00e1rios na pasta pela qual \u00e9 respons\u00e1vel. Confira mais informa\u00e7\u00f5es sobre os servi\u00e7os:<\/p>\n<p>PA\u00c7O MUNICIPAL<br \/>\n22\/12 (sexta-feira) \u2013 Atendimento at\u00e9 \u00e0s 10h<br \/>\n25\/12 (segunda-feira) \u2013 Fechado<br \/>\n26\/12 (ter\u00e7a-feira) \u2013 Atendimento das 13 \u00e0s 15h<\/p>\n<p>TODAS AS UNIDADES B\u00c1SICAS DE SA\u00daDE (UBSs):<br \/>\n22\/12 (sexta-feira) \u2013 Atendimento normal<br \/>\n23\/12 (s\u00e1bado) \u2013 Todas fechadas<br \/>\n24\/12 (domingo) \u2013 Fechadas<br \/>\n25\/12 (segunda-feira) \u2013 Fechadas<br \/>\n26\/12 (ter\u00e7a-feira) \u2013 Atendimento a partir das 12h<\/p>\n<p>TELESSA\u00daDE<br \/>\nFunciona at\u00e9 \u00e0s 17h da sexta-feira, dia 22, e retorna na ter\u00e7a-feira, dia 26, \u00e0 tarde. Para ser atendido no servi\u00e7o, o mun\u00edcipe deve entrar em contato pelo WhatsApp (17) 3612-0003, em dias \u00fateis, das 7 \u00e0s 17h.<\/p>\n<p>COLETAS DE LIXO:<br \/>\nA coleta de lixo org\u00e2nico e a coleta seletiva ser\u00e3o interrompidas no dia 25, feriado.<\/p>\n<p>ECOPONTOS:<br \/>\nFuncionam normalmente at\u00e9 \u00e0s 18h do s\u00e1bado, dia 24, e reabrem \u00e0s 7h da ter\u00e7a-feira, dia 26.<br \/>\nEndere\u00e7os dos Ecopontos:<br \/>\nCalif\u00f3rnia: Rua Cristiano de Carvalho n\u00ba 50<br \/>\nCristiano de Carvalho: Av. Jo\u00e3o Ribeiro do Nascimento (Av. Colina)<br \/>\nExposi\u00e7\u00e3o: Rua F\u00e1bio Junqueira Franco n\u00ba 301<br \/>\nNadir Kenan: Rua Rage Caiel n\u00ba 400<br \/>\nSanta Cec\u00edlia: Avenida Ant\u00f4nio Machado das Dores, s\/n\u00ba<br \/>\nZequinha Am\u00eandola (Barretos II): Avenida Mario Petroni x Via Dr. Guilherme Seraphico de Assis Carvalho<\/p>\n<p>ABORDAGEM SOCIAL<br \/>\nA abordagem \u00e0 pessoa em situa\u00e7\u00e3o de rua \u00e9 realizada todos os dias da semana (de segunda-feira a domingo, inclusive feriados) das 7 \u00e0s 22h. \u00c9 poss\u00edvel entrar em contato com o servi\u00e7o pelos telefones (17) 99636-4678 e (17) 99654-6755.<\/p>\n<p>FUNCIONAM 24H:<br \/>\nSAMU 192<br \/>\nCorpo de Bombeiros 193<br \/>\nPol\u00edcia Militar 190<br \/>\nUPA (Via Conselheiro Ant\u00f4nio Prado, 1355 \u2013 Bairro Pereira)<br \/>\nPlant\u00e3o do SAAEB \u2013 (17) 3321-5300<br \/>\nPlant\u00e3o do Conselho Tutelar \u2013 (17) 98217-5999<br \/>\nDefesa Civil: 199 ou (17) 99195-8754<br \/>\nRonda Municipal: (17) 98220-1007<\/p>\n<p>Assimp-1068-2023<br \/>\nReda\u00e7\u00e3o: Assessoria\u00a0de\u00a0Imprensa<\/p>\n","protected":false},"excerpt":{"rendered":"<p>SAMU, Corpo de Bombeiros, Pol\u00edcia Militar, UPA, SAAEB, Conselho Tutelar<\/p>\n","protected":false},"author":2,"featured_media":99397,"comment_status":"open","ping_status":"open","sticky":false,"template":"","format":"standard","meta":{"footnotes":""},"categories":[14,3],"tags":[],"class_list":["post-99396","post","type-post","status-publish","format-standard","has-post-thumbnail","hentry","category-barretos","category-geral"],"yoast_head":"<!-- This site is optimized with the Yoast SEO plugin v27.4 - https:\/\/yoast.com\/product\/yoast-seo-wordpress\/ -->\n<title>Confira o funcionamento das reparti\u00e7\u00f5es p\u00fablicas em Barretos no Feriado de Natal - Regi\u00e3o News<\/title>\n<meta name=\"robots\" content=\"index, follow, max-snippet:-1, max-image-preview:large, max-video-preview:-1\" \/>\n<link rel=\"canonical\" href=\"https:\/\/regiaonews.net.br\/2022\/2023\/12\/22\/confira-o-funcionamento-das-reparticoes-publicas-em-barretos-no-feriado-de-natal\/\" \/>\n<meta property=\"og:locale\" content=\"pt_BR\" \/>\n<meta property=\"og:type\" content=\"article\" \/>\n<meta property=\"og:title\" content=\"Confira o funcionamento das reparti\u00e7\u00f5es p\u00fablicas em Barretos no Feriado de Natal - Regi\u00e3o News\" \/>\n<meta property=\"og:description\" content=\"SAMU, Corpo de Bombeiros, Pol\u00edcia Militar, UPA, SAAEB, Conselho Tutelar\" \/>\n<meta property=\"og:url\" content=\"https:\/\/regiaonews.net.br\/2022\/2023\/12\/22\/confira-o-funcionamento-das-reparticoes-publicas-em-barretos-no-feriado-de-natal\/\" \/>\n<meta property=\"og:site_name\" content=\"Regi\u00e3o News\" \/>\n<meta property=\"article:published_time\" content=\"2023-12-22T16:24:54+00:00\" \/>\n<meta property=\"og:image\" content=\"https:\/\/regiaonews.net.br\/2022\/wp-content\/uploads\/2023\/12\/Imagem-do-WhatsApp-de-2023-12-22-as-10.07.56_c91b472b.jpg\" \/>\n\t<meta property=\"og:image:width\" content=\"1024\" \/>\n\t<meta property=\"og:image:height\" content=\"679\" \/>\n\t<meta property=\"og:image:type\" content=\"image\/jpeg\" \/>\n<meta name=\"author\" content=\"Roberto\" \/>\n<meta name=\"twitter:card\" content=\"summary_large_image\" \/>\n<meta name=\"twitter:label1\" content=\"Escrito por\" \/>\n\t<meta name=\"twitter:data1\" content=\"Roberto\" \/>\n\t<meta name=\"twitter:label2\" content=\"Est. tempo de leitura\" \/>\n\t<meta name=\"twitter:data2\" content=\"3 minutos\" \/>\n<script type=\"application\/ld+json\" class=\"yoast-schema-graph\">{\"@context\":\"https:\\\/\\\/schema.org\",\"@graph\":[{\"@type\":\"Article\",\"@id\":\"https:\\\/\\\/regiaonews.net.br\\\/2022\\\/2023\\\/12\\\/22\\\/confira-o-funcionamento-das-reparticoes-publicas-em-barretos-no-feriado-de-natal\\\/#article\",\"isPartOf\":{\"@id\":\"https:\\\/\\\/regiaonews.net.br\\\/2022\\\/2023\\\/12\\\/22\\\/confira-o-funcionamento-das-reparticoes-publicas-em-barretos-no-feriado-de-natal\\\/\"},\"author\":{\"name\":\"Roberto\",\"@id\":\"https:\\\/\\\/regiaonews.net.br\\\/2022\\\/#\\\/schema\\\/person\\\/2d205a608a5aa97ac279d7a5e6d89ad8\"},\"headline\":\"Confira o funcionamento das reparti\u00e7\u00f5es p\u00fablicas em Barretos no Feriado de Natal\",\"datePublished\":\"2023-12-22T16:24:54+00:00\",\"mainEntityOfPage\":{\"@id\":\"https:\\\/\\\/regiaonews.net.br\\\/2022\\\/2023\\\/12\\\/22\\\/confira-o-funcionamento-das-reparticoes-publicas-em-barretos-no-feriado-de-natal\\\/\"},\"wordCount\":456,\"commentCount\":0,\"publisher\":{\"@id\":\"https:\\\/\\\/regiaonews.net.br\\\/2022\\\/#organization\"},\"image\":{\"@id\":\"https:\\\/\\\/regiaonews.net.br\\\/2022\\\/2023\\\/12\\\/22\\\/confira-o-funcionamento-das-reparticoes-publicas-em-barretos-no-feriado-de-natal\\\/#primaryimage\"},\"thumbnailUrl\":\"https:\\\/\\\/regiaonews.net.br\\\/2022\\\/wp-content\\\/uploads\\\/2023\\\/12\\\/Imagem-do-WhatsApp-de-2023-12-22-as-10.07.56_c91b472b.jpg\",\"articleSection\":[\"Barretos\",\"Geral\"],\"inLanguage\":\"pt-BR\",\"potentialAction\":[{\"@type\":\"CommentAction\",\"name\":\"Comment\",\"target\":[\"https:\\\/\\\/regiaonews.net.br\\\/2022\\\/2023\\\/12\\\/22\\\/confira-o-funcionamento-das-reparticoes-publicas-em-barretos-no-feriado-de-natal\\\/#respond\"]}]},{\"@type\":\"WebPage\",\"@id\":\"https:\\\/\\\/regiaonews.net.br\\\/2022\\\/2023\\\/12\\\/22\\\/confira-o-funcionamento-das-reparticoes-publicas-em-barretos-no-feriado-de-natal\\\/\",\"url\":\"https:\\\/\\\/regiaonews.net.br\\\/2022\\\/2023\\\/12\\\/22\\\/confira-o-funcionamento-das-reparticoes-publicas-em-barretos-no-feriado-de-natal\\\/\",\"name\":\"Confira o funcionamento das reparti\u00e7\u00f5es p\u00fablicas em Barretos no Feriado de Natal - Regi\u00e3o News\",\"isPartOf\":{\"@id\":\"https:\\\/\\\/regiaonews.net.br\\\/2022\\\/#website\"},\"primaryImageOfPage\":{\"@id\":\"https:\\\/\\\/regiaonews.net.br\\\/2022\\\/2023\\\/12\\\/22\\\/confira-o-funcionamento-das-reparticoes-publicas-em-barretos-no-feriado-de-natal\\\/#primaryimage\"},\"image\":{\"@id\":\"https:\\\/\\\/regiaonews.net.br\\\/2022\\\/2023\\\/12\\\/22\\\/confira-o-funcionamento-das-reparticoes-publicas-em-barretos-no-feriado-de-natal\\\/#primaryimage\"},\"thumbnailUrl\":\"https:\\\/\\\/regiaonews.net.br\\\/2022\\\/wp-content\\\/uploads\\\/2023\\\/12\\\/Imagem-do-WhatsApp-de-2023-12-22-as-10.07.56_c91b472b.jpg\",\"datePublished\":\"2023-12-22T16:24:54+00:00\",\"breadcrumb\":{\"@id\":\"https:\\\/\\\/regiaonews.net.br\\\/2022\\\/2023\\\/12\\\/22\\\/confira-o-funcionamento-das-reparticoes-publicas-em-barretos-no-feriado-de-natal\\\/#breadcrumb\"},\"inLanguage\":\"pt-BR\",\"potentialAction\":[{\"@type\":\"ReadAction\",\"target\":[\"https:\\\/\\\/regiaonews.net.br\\\/2022\\\/2023\\\/12\\\/22\\\/confira-o-funcionamento-das-reparticoes-publicas-em-barretos-no-feriado-de-natal\\\/\"]}]},{\"@type\":\"ImageObject\",\"inLanguage\":\"pt-BR\",\"@id\":\"https:\\\/\\\/regiaonews.net.br\\\/2022\\\/2023\\\/12\\\/22\\\/confira-o-funcionamento-das-reparticoes-publicas-em-barretos-no-feriado-de-natal\\\/#primaryimage\",\"url\":\"https:\\\/\\\/regiaonews.net.br\\\/2022\\\/wp-content\\\/uploads\\\/2023\\\/12\\\/Imagem-do-WhatsApp-de-2023-12-22-as-10.07.56_c91b472b.jpg\",\"contentUrl\":\"https:\\\/\\\/regiaonews.net.br\\\/2022\\\/wp-content\\\/uploads\\\/2023\\\/12\\\/Imagem-do-WhatsApp-de-2023-12-22-as-10.07.56_c91b472b.jpg\",\"width\":1024,\"height\":679},{\"@type\":\"BreadcrumbList\",\"@id\":\"https:\\\/\\\/regiaonews.net.br\\\/2022\\\/2023\\\/12\\\/22\\\/confira-o-funcionamento-das-reparticoes-publicas-em-barretos-no-feriado-de-natal\\\/#breadcrumb\",\"itemListElement\":[{\"@type\":\"ListItem\",\"position\":1,\"name\":\"In\u00edcio\",\"item\":\"https:\\\/\\\/regiaonews.net.br\\\/2022\\\/\"},{\"@type\":\"ListItem\",\"position\":2,\"name\":\"Confira o funcionamento das reparti\u00e7\u00f5es p\u00fablicas em Barretos no Feriado de Natal\"}]},{\"@type\":\"WebSite\",\"@id\":\"https:\\\/\\\/regiaonews.net.br\\\/2022\\\/#website\",\"url\":\"https:\\\/\\\/regiaonews.net.br\\\/2022\\\/\",\"name\":\"Regi\u00e3o News\",\"description\":\"Site de Not\u00edcias de Barretos e regi\u00e3o\",\"publisher\":{\"@id\":\"https:\\\/\\\/regiaonews.net.br\\\/2022\\\/#organization\"},\"potentialAction\":[{\"@type\":\"SearchAction\",\"target\":{\"@type\":\"EntryPoint\",\"urlTemplate\":\"https:\\\/\\\/regiaonews.net.br\\\/2022\\\/?s={search_term_string}\"},\"query-input\":{\"@type\":\"PropertyValueSpecification\",\"valueRequired\":true,\"valueName\":\"search_term_string\"}}],\"inLanguage\":\"pt-BR\"},{\"@type\":\"Organization\",\"@id\":\"https:\\\/\\\/regiaonews.net.br\\\/2022\\\/#organization\",\"name\":\"Regi\u00e3o News\",\"url\":\"https:\\\/\\\/regiaonews.net.br\\\/2022\\\/\",\"logo\":{\"@type\":\"ImageObject\",\"inLanguage\":\"pt-BR\",\"@id\":\"https:\\\/\\\/regiaonews.net.br\\\/2022\\\/#\\\/schema\\\/logo\\\/image\\\/\",\"url\":\"https:\\\/\\\/regiaonews.net.br\\\/2022\\\/wp-content\\\/uploads\\\/2026\\\/03\\\/regiao-13-anos-scaled.jpg\",\"contentUrl\":\"https:\\\/\\\/regiaonews.net.br\\\/2022\\\/wp-content\\\/uploads\\\/2026\\\/03\\\/regiao-13-anos-scaled.jpg\",\"width\":2560,\"height\":635,\"caption\":\"Regi\u00e3o News\"},\"image\":{\"@id\":\"https:\\\/\\\/regiaonews.net.br\\\/2022\\\/#\\\/schema\\\/logo\\\/image\\\/\"}},{\"@type\":\"Person\",\"@id\":\"https:\\\/\\\/regiaonews.net.br\\\/2022\\\/#\\\/schema\\\/person\\\/2d205a608a5aa97ac279d7a5e6d89ad8\",\"name\":\"Roberto\",\"image\":{\"@type\":\"ImageObject\",\"inLanguage\":\"pt-BR\",\"@id\":\"https:\\\/\\\/secure.gravatar.com\\\/avatar\\\/42749d8b712ff9d59ca93dc150494e5b55a44134482993f5baeb97e61b7ecc89?s=96&d=mm&r=g\",\"url\":\"https:\\\/\\\/secure.gravatar.com\\\/avatar\\\/42749d8b712ff9d59ca93dc150494e5b55a44134482993f5baeb97e61b7ecc89?s=96&d=mm&r=g\",\"contentUrl\":\"https:\\\/\\\/secure.gravatar.com\\\/avatar\\\/42749d8b712ff9d59ca93dc150494e5b55a44134482993f5baeb97e61b7ecc89?s=96&d=mm&r=g\",\"caption\":\"Roberto\"},\"url\":\"https:\\\/\\\/regiaonews.net.br\\\/2022\\\/author\\\/roberto\\\/\"}]}<\/script>\n<!-- \/ Yoast SEO plugin. -->","yoast_head_json":{"title":"Confira o funcionamento das reparti\u00e7\u00f5es p\u00fablicas em Barretos no Feriado de Natal - Regi\u00e3o News","robots":{"index":"index","follow":"follow","max-snippet":"max-snippet:-1","max-image-preview":"max-image-preview:large","max-video-preview":"max-video-preview:-1"},"canonical":"https:\/\/regiaonews.net.br\/2022\/2023\/12\/22\/confira-o-funcionamento-das-reparticoes-publicas-em-barretos-no-feriado-de-natal\/","og_locale":"pt_BR","og_type":"article","og_title":"Confira o funcionamento das reparti\u00e7\u00f5es p\u00fablicas em Barretos no Feriado de Natal - Regi\u00e3o News","og_description":"SAMU, Corpo de Bombeiros, Pol\u00edcia Militar, UPA, SAAEB, Conselho Tutelar","og_url":"https:\/\/regiaonews.net.br\/2022\/2023\/12\/22\/confira-o-funcionamento-das-reparticoes-publicas-em-barretos-no-feriado-de-natal\/","og_site_name":"Regi\u00e3o News","article_published_time":"2023-12-22T16:24:54+00:00","og_image":[{"width":1024,"height":679,"url":"https:\/\/regiaonews.net.br\/2022\/wp-content\/uploads\/2023\/12\/Imagem-do-WhatsApp-de-2023-12-22-as-10.07.56_c91b472b.jpg","type":"image\/jpeg"}],"author":"Roberto","twitter_card":"summary_large_image","twitter_misc":{"Escrito por":"Roberto","Est. tempo de leitura":"3 minutos"},"schema":{"@context":"https:\/\/schema.org","@graph":[{"@type":"Article","@id":"https:\/\/regiaonews.net.br\/2022\/2023\/12\/22\/confira-o-funcionamento-das-reparticoes-publicas-em-barretos-no-feriado-de-natal\/#article","isPartOf":{"@id":"https:\/\/regiaonews.net.br\/2022\/2023\/12\/22\/confira-o-funcionamento-das-reparticoes-publicas-em-barretos-no-feriado-de-natal\/"},"author":{"name":"Roberto","@id":"https:\/\/regiaonews.net.br\/2022\/#\/schema\/person\/2d205a608a5aa97ac279d7a5e6d89ad8"},"headline":"Confira o funcionamento das reparti\u00e7\u00f5es p\u00fablicas em Barretos no Feriado de Natal","datePublished":"2023-12-22T16:24:54+00:00","mainEntityOfPage":{"@id":"https:\/\/regiaonews.net.br\/2022\/2023\/12\/22\/confira-o-funcionamento-das-reparticoes-publicas-em-barretos-no-feriado-de-natal\/"},"wordCount":456,"commentCount":0,"publisher":{"@id":"https:\/\/regiaonews.net.br\/2022\/#organization"},"image":{"@id":"https:\/\/regiaonews.net.br\/2022\/2023\/12\/22\/confira-o-funcionamento-das-reparticoes-publicas-em-barretos-no-feriado-de-natal\/#primaryimage"},"thumbnailUrl":"https:\/\/regiaonews.net.br\/2022\/wp-content\/uploads\/2023\/12\/Imagem-do-WhatsApp-de-2023-12-22-as-10.07.56_c91b472b.jpg","articleSection":["Barretos","Geral"],"inLanguage":"pt-BR","potentialAction":[{"@type":"CommentAction","name":"Comment","target":["https:\/\/regiaonews.net.br\/2022\/2023\/12\/22\/confira-o-funcionamento-das-reparticoes-publicas-em-barretos-no-feriado-de-natal\/#respond"]}]},{"@type":"WebPage","@id":"https:\/\/regiaonews.net.br\/2022\/2023\/12\/22\/confira-o-funcionamento-das-reparticoes-publicas-em-barretos-no-feriado-de-natal\/","url":"https:\/\/regiaonews.net.br\/2022\/2023\/12\/22\/confira-o-funcionamento-das-reparticoes-publicas-em-barretos-no-feriado-de-natal\/","name":"Confira o funcionamento das reparti\u00e7\u00f5es p\u00fablicas em Barretos no Feriado de Natal - Regi\u00e3o News","isPartOf":{"@id":"https:\/\/regiaonews.net.br\/2022\/#website"},"primaryImageOfPage":{"@id":"https:\/\/regiaonews.net.br\/2022\/2023\/12\/22\/confira-o-funcionamento-das-reparticoes-publicas-em-barretos-no-feriado-de-natal\/#primaryimage"},"image":{"@id":"https:\/\/regiaonews.net.br\/2022\/2023\/12\/22\/confira-o-funcionamento-das-reparticoes-publicas-em-barretos-no-feriado-de-natal\/#primaryimage"},"thumbnailUrl":"https:\/\/regiaonews.net.br\/2022\/wp-content\/uploads\/2023\/12\/Imagem-do-WhatsApp-de-2023-12-22-as-10.07.56_c91b472b.jpg","datePublished":"2023-12-22T16:24:54+00:00","breadcrumb":{"@id":"https:\/\/regiaonews.net.br\/2022\/2023\/12\/22\/confira-o-funcionamento-das-reparticoes-publicas-em-barretos-no-feriado-de-natal\/#breadcrumb"},"inLanguage":"pt-BR","potentialAction":[{"@type":"ReadAction","target":["https:\/\/regiaonews.net.br\/2022\/2023\/12\/22\/confira-o-funcionamento-das-reparticoes-publicas-em-barretos-no-feriado-de-natal\/"]}]},{"@type":"ImageObject","inLanguage":"pt-BR","@id":"https:\/\/regiaonews.net.br\/2022\/2023\/12\/22\/confira-o-funcionamento-das-reparticoes-publicas-em-barretos-no-feriado-de-natal\/#primaryimage","url":"https:\/\/regiaonews.net.br\/2022\/wp-content\/uploads\/2023\/12\/Imagem-do-WhatsApp-de-2023-12-22-as-10.07.56_c91b472b.jpg","contentUrl":"https:\/\/regiaonews.net.br\/2022\/wp-content\/uploads\/2023\/12\/Imagem-do-WhatsApp-de-2023-12-22-as-10.07.56_c91b472b.jpg","width":1024,"height":679},{"@type":"BreadcrumbList","@id":"https:\/\/regiaonews.net.br\/2022\/2023\/12\/22\/confira-o-funcionamento-das-reparticoes-publicas-em-barretos-no-feriado-de-natal\/#breadcrumb","itemListElement":[{"@type":"ListItem","position":1,"name":"In\u00edcio","item":"https:\/\/regiaonews.net.br\/2022\/"},{"@type":"ListItem","position":2,"name":"Confira o funcionamento das reparti\u00e7\u00f5es p\u00fablicas em Barretos no Feriado de Natal"}]},{"@type":"WebSite","@id":"https:\/\/regiaonews.net.br\/2022\/#website","url":"https:\/\/regiaonews.net.br\/2022\/","name":"Regi\u00e3o News","description":"Site de Not\u00edcias de Barretos e regi\u00e3o","publisher":{"@id":"https:\/\/regiaonews.net.br\/2022\/#organization"},"potentialAction":[{"@type":"SearchAction","target":{"@type":"EntryPoint","urlTemplate":"https:\/\/regiaonews.net.br\/2022\/?s={search_term_string}"},"query-input":{"@type":"PropertyValueSpecification","valueRequired":true,"valueName":"search_term_string"}}],"inLanguage":"pt-BR"},{"@type":"Organization","@id":"https:\/\/regiaonews.net.br\/2022\/#organization","name":"Regi\u00e3o News","url":"https:\/\/regiaonews.net.br\/2022\/","logo":{"@type":"ImageObject","inLanguage":"pt-BR","@id":"https:\/\/regiaonews.net.br\/2022\/#\/schema\/logo\/image\/","url":"https:\/\/regiaonews.net.br\/2022\/wp-content\/uploads\/2026\/03\/regiao-13-anos-scaled.jpg","contentUrl":"https:\/\/regiaonews.net.br\/2022\/wp-content\/uploads\/2026\/03\/regiao-13-anos-scaled.jpg","width":2560,"height":635,"caption":"Regi\u00e3o News"},"image":{"@id":"https:\/\/regiaonews.net.br\/2022\/#\/schema\/logo\/image\/"}},{"@type":"Person","@id":"https:\/\/regiaonews.net.br\/2022\/#\/schema\/person\/2d205a608a5aa97ac279d7a5e6d89ad8","name":"Roberto","image":{"@type":"ImageObject","inLanguage":"pt-BR","@id":"https:\/\/secure.gravatar.com\/avatar\/42749d8b712ff9d59ca93dc150494e5b55a44134482993f5baeb97e61b7ecc89?s=96&d=mm&r=g","url":"https:\/\/secure.gravatar.com\/avatar\/42749d8b712ff9d59ca93dc150494e5b55a44134482993f5baeb97e61b7ecc89?s=96&d=mm&r=g","contentUrl":"https:\/\/secure.gravatar.com\/avatar\/42749d8b712ff9d59ca93dc150494e5b55a44134482993f5baeb97e61b7ecc89?s=96&d=mm&r=g","caption":"Roberto"},"url":"https:\/\/regiaonews.net.br\/2022\/author\/roberto\/"}]}},"publishpress_future_action":{"enabled":false,"date":"2026-05-04 13:01:32","action":"change-status","newStatus":"draft","terms":[],"taxonomy":"category","extraData":[]},"publishpress_future_workflow_manual_trigger":{"enabledWorkflows":[]},"_links":{"self":[{"href":"https:\/\/regiaonews.net.br\/2022\/wp-json\/wp\/v2\/posts\/99396","targetHints":{"allow":["GET"]}}],"collection":[{"href":"https:\/\/regiaonews.net.br\/2022\/wp-json\/wp\/v2\/posts"}],"about":[{"href":"https:\/\/regiaonews.net.br\/2022\/wp-json\/wp\/v2\/types\/post"}],"author":[{"embeddable":true,"href":"https:\/\/regiaonews.net.br\/2022\/wp-json\/wp\/v2\/users\/2"}],"replies":[{"embeddable":true,"href":"https:\/\/regiaonews.net.br\/2022\/wp-json\/wp\/v2\/comments?post=99396"}],"version-history":[{"count":1,"href":"https:\/\/regiaonews.net.br\/2022\/wp-json\/wp\/v2\/posts\/99396\/revisions"}],"predecessor-version":[{"id":99398,"href":"https:\/\/regiaonews.net.br\/2022\/wp-json\/wp\/v2\/posts\/99396\/revisions\/99398"}],"wp:featuredmedia":[{"embeddable":true,"href":"https:\/\/regiaonews.net.br\/2022\/wp-json\/wp\/v2\/media\/99397"}],"wp:attachment":[{"href":"https:\/\/regiaonews.net.br\/2022\/wp-json\/wp\/v2\/media?parent=99396"}],"wp:term":[{"taxonomy":"category","embeddable":true,"href":"https:\/\/regiaonews.net.br\/2022\/wp-json\/wp\/v2\/categories?post=99396"},{"taxonomy":"post_tag","embeddable":true,"href":"https:\/\/regiaonews.net.br\/2022\/wp-json\/wp\/v2\/tags?post=99396"}],"curies":[{"name":"wp","href":"https:\/\/api.w.org\/{rel}","templated":true}]}}