{"id":99366,"date":"2023-12-21T20:07:10","date_gmt":"2023-12-21T23:07:10","guid":{"rendered":"https:\/\/regiaonews.net.br\/2022\/?p=99366"},"modified":"2023-12-21T21:47:16","modified_gmt":"2023-12-22T00:47:16","slug":"entrega-da-obra-da-revitalizacao-da-praca-francisco-barreto-reune-13-mil-pessoas","status":"publish","type":"post","link":"https:\/\/regiaonews.net.br\/2022\/2023\/12\/21\/entrega-da-obra-da-revitalizacao-da-praca-francisco-barreto-reune-13-mil-pessoas\/","title":{"rendered":"Entrega da obra da revitaliza\u00e7\u00e3o da Pra\u00e7a Francisco Barreto re\u00fane 13 mil pessoas"},"content":{"rendered":"<p>A popula\u00e7\u00e3o se encantou com a beleza do espa\u00e7o pronto e com a energia da dupla Rionegro &amp; Solim\u00f5es diante do p\u00fablico barretense<\/p>\n<p>Em uma noite de festa e alegria, a Prefeitura da Est\u00e2ncia Tur\u00edstica de Barretos entregou na quarta-feira, 20 de dezembro, as obras de revitaliza\u00e7\u00e3o da Pra\u00e7a Francisco Barreto. Sucesso de p\u00fablico, a cerim\u00f4nia foi abrilhantada com um show especial da dupla sertaneja Rionegro &amp; Solim\u00f5es, proporcionado por empresas. Com seu carisma e talento, a dupla animou as 13 mil pessoas presentes no evento, conforme estimativa da Pol\u00edcia Militar.<br \/>\nEmocionada, a prefeita Paula Lemos falou \u00e0 popula\u00e7\u00e3o e agradeceu o apoio recebido da iniciativa privada. \u201cNa vida, a gente tem que aprender a ser grato, ent\u00e3o eu tenho muita gratid\u00e3o a todas essas pessoas que est\u00e3o nos proporcionando estar aqui hoje, fazendo essa entrega para a nossa popula\u00e7\u00e3o. O nosso maior compromisso \u00e9 com voc\u00eas, queremos cada vez mais ver Barretos crescendo e para isso tamb\u00e9m precisamos de lazer, pois o lazer gera renda, oportunidade e felicidade\u201d, disse. \u201cA gente tem entregado muita coisa, mas o mais importante \u00e9 entregar felicidade. Resgatar as fam\u00edlias, para que elas possam de novo ocupar este espa\u00e7o. Hoje a gente v\u00ea um lugar totalmente lotado de gente do bem, porque barretense \u00e9 gente do bem\u201d, destacou \u201cEssa pra\u00e7a foi planejada, ela n\u00e3o veio ao acaso, ela veio pra voc\u00eas, pra fam\u00edlia. Agora tem banco, tem \u00e1rvores que v\u00e3o florescer, assim como eu quero que a vida de voc\u00eas flores\u00e7a\u201d, completou.<br \/>\nEm seu discurso, o deputado estadual Sebasti\u00e3o Santos relembrou bons momentos que passou no local e falou do reconhecimento da cidade enquanto Est\u00e2ncia Tur\u00edstica. \u201cBarretos n\u00e3o era reconhecida como tur\u00edstica e hoje n\u00f3s temos recursos do turismo sendo colocados aqui, pra retornar \u00e0 popula\u00e7\u00e3o, porque s\u00e3o impostos seus que v\u00e3o at\u00e9 o Governo do Estado de S\u00e3o Paulo e que voltam pra voc\u00eas agora. Ent\u00e3o n\u00f3s, barretenses, agradecemos \u00e0 prefeita Paula pela vontade, pelo desejo, pela for\u00e7a, pela garra de fazer obras como essa, que mudam a hist\u00f3ria\u201d, disse.<br \/>\nRepresentando o Legislativo barretense, o vereador Lu\u00eds Paulo Vieira, o Lupa, presidente da C\u00e2mara Municipal, destacou a import\u00e2ncia da revitaliza\u00e7\u00e3o da pra\u00e7a central para a nova realidade da cidade. \u201cBarretos \u00e9 Est\u00e2ncia Tur\u00edstica e pra que isso possa cada vez mais se fortalecer e termos, consequentemente, investimento em nossa cidade a m\u00e9dio e longo prazo, se faz necess\u00e1rio revitaliza\u00e7\u00f5es e constru\u00e7\u00f5es que ocorram ao longo do tempo. E a prefeita Paula Lemos, com toda a sua pujan\u00e7a, com todo o seu otimismo dentro de Barretos, revitalizou essa pra\u00e7a e ir\u00e1 fazer v\u00e1rias outras revitaliza\u00e7\u00f5es e constru\u00e7\u00f5es que dar\u00e3o para n\u00f3s a m\u00e9dia e longo prazo e com certeza absoluta um destaque maior ainda do que Barretos tem\u201d, disse.<br \/>\nA pedido da chefe do Executivo, o p\u00e1roco da Catedral do Divino Espirito Santo, Padre Deusmar Jesus da Silva, deu uma ben\u00e7\u00e3o especial \u00e0 pra\u00e7a. \u201cPela ora\u00e7\u00e3o do Pai nosso, a ora\u00e7\u00e3o de todos os crist\u00e3os, n\u00f3s vamos pedir a Deus que aben\u00e7oe este local, aben\u00e7oe essa pra\u00e7a, mas acima de tudo aben\u00e7oe todas as pessoas que est\u00e3o aqui e todos aqueles por aqui passarem\u201d, disse.<br \/>\nCom o objetivo de possibilitar a presen\u00e7a de toda a popula\u00e7\u00e3o no evento, tamb\u00e9m foram disponibilizados os \u00f4nibus do Transporte Coletivo Municipal com \u2018tarifa zero\u2019.<\/p>\n<p>A obra<br \/>\nO arquiteto Wilson Lu\u00eds Bonatelli Filho, que integra a equipe da Secretaria Municipal de Planejamento e Desenvolvimento, foi convidado a falar sobre o conceito do projeto de revitaliza\u00e7\u00e3o da Pra\u00e7a Francisco Barreto e explicou que o objetivo da reforma da pra\u00e7a foi reorganizar os usos, fluxos e atividades comerciais existentes, criar novos espa\u00e7os de lazer e de contempla\u00e7\u00e3o da paisagem, considerando os diversos interesses e a necessidade da comunidade do entorno e usu\u00e1rios. \u201cTrata-se de uma requalifica\u00e7\u00e3o urbana de um espa\u00e7o p\u00fablico e hist\u00f3rico da cidade, devolvendo \u00e0 Pra\u00e7a Francisco Barreto seu papel de destaque na vida social e cultural da cidade, com um alto grau de qualidade espacial, onde a vegeta\u00e7\u00e3o e a paisagem resultante possam requalificar o ambiente e a vida das pessoas\u201d, disse.<br \/>\nO projeto prop\u00f4s a abertura de um eixo central preponderante, que interliga visualmente a Catedral e a Pra\u00e7a de alimenta\u00e7\u00e3o, cruzado por dois outros eixos perpendiculares, sendo um na altura da Avenida Dezenove, prolongando o cal\u00e7ad\u00e3o, e o outro onde se encontra o grupo de palmeiras reais em frente \u00e0 pra\u00e7a de alimenta\u00e7\u00e3o.<br \/>\nNas laterais do eixo central foram definidos grandes canteiros, que cont\u00e9m espa\u00e7os de estar com bancos, mesas, playground, esportes e outros equipamentos urbanos, formando pequenos ambientes e pracinhas internas.<br \/>\nA proposta de cria\u00e7\u00e3o da pra\u00e7a de alimenta\u00e7\u00e3o objetivou a padroniza\u00e7\u00e3o dos quiosques existentes, utilizando a antiga biblioteca para a instala\u00e7\u00e3o das lanchonetes, onde tamb\u00e9m foi incorporado um pergolado met\u00e1lico cobrindo de forma uniforme a \u00e1rea ao redor das lanchonetes. Em parte desses pergolados foi instalada uma cobertura transparente e a outra parte receber\u00e1 vegeta\u00e7\u00e3o tipo trepadeira garantindo o embelezamento e o sombreamento da \u00e1rea.<br \/>\nO paisagismo foi projetado visando o uso plantas de v\u00e1rias alturas, com aspectos ornamentais procurando dar maior visibilidade aos tons claros e verdes, com flores que devem florescer ao longo de todo o ano e com um efeito visual muito agrad\u00e1vel, tanto de dia como pela noite quando no futuro estas plantas j\u00e1 estiverem com um crescimento adequado.<br \/>\nPor fim, o projeto de luminot\u00e9cnica objetivou dar maior visibilidade \u00e0 arquitetura e ao paisagismo com a utiliza\u00e7\u00e3o de lumin\u00e1rias mais baixas e pontos de ilumina\u00e7\u00e3o nos canteiros, por outro lado os postes mais altos foram pensados na seguran\u00e7a dos usu\u00e1rios e, por \u00faltimo, a economia de energia com o uso de ilumina\u00e7\u00e3o de LED em toda a pra\u00e7a.<\/p>\n<p>O Show<br \/>\nO secret\u00e1rio municipal de Turismo, Cuiabano Lima, foi o respons\u00e1vel por animar o p\u00fablico antes do momento mais esperado da noite: o show dos sertanejos Rionegro &amp; Solim\u00f5es. A dupla se apresentou por cerca de duas e interpretou grandes sucessos como \u201cNa sola da bota\u201d e \u201cDe S\u00e3o Paulo \u00e0 Bel\u00e9m\u201d. \u201cA gente tem um respeito muito grande pela cidade de Barretos, \u00e9 sempre bom estar cantando aqui em Barretos. \u00c9 sempre prazeroso. E hoje \u00e9 um show diferente, um show aberto, as pessoas v\u00eam, a fam\u00edlia, os pais, os filhos, as crian\u00e7as, av\u00f3s\u201d, disse Rionegro.<br \/>\nSolim\u00f5es relembrou as passagens pela cidade desde o in\u00edcio da dupla e agradeceu \u00e0 prefeita e ao secret\u00e1rio de Turismo pela confian\u00e7a. \u201cUm abra\u00e7\u00e3o mais uma vez para a prefeita pela confian\u00e7a e obrigada. O Cuiabano Lima \u00e9 um parceiro de muitos anos, que vem no segmento da arte popular com o Rionegro &amp; Solim\u00f5es h\u00e1 muito, muito tempo e que a gente tem feito algumas parcerias pelo Brasil afora, juntos tamb\u00e9m. Valeu gente, muito obrigado pela confian\u00e7a\u201d, afirmou.<br \/>\nO espet\u00e1culo ainda contou com a participa\u00e7\u00e3o especial do cantor Jo\u00e3o Neves, filho de Rionegro.<\/p>\n<p>Patrocinadores<br \/>\nO evento \u00e9 uma realiza\u00e7\u00e3o da Prefeitura da Est\u00e2ncia Tur\u00edstica de Barretos, com apoio da Secretaria de Estado de Turismo e Viagens, com patroc\u00ednio das empresas: Barretos Country Hotel, Ecopower Energia Solar, Grupo J\u00f3ia, Minerva Foods, Savegnago, Sicredi, Plastripel e P\u00f5e no 12 Produ\u00e7\u00f5es.<\/p>\n<p>Prest\u00edgio entre os barretenses<br \/>\nA popula\u00e7\u00e3o lotou a pra\u00e7a, que contou com uma \u00e1rea especial, em frente ao palco, reservada para pessoas cadeirantes e outras com defici\u00eancia.<br \/>\nO aposentado Benvindo Moreira, 73, e a esposa Maria Pereira, 71, dona de casa, j\u00e1 estiveram presentes neste ano na reinaugura\u00e7\u00e3o da Pra\u00e7a da Primavera e fizeram quest\u00e3o de estarem em mais este dia marcante para a cidade, na reinaugura\u00e7\u00e3o da Pra\u00e7a Francisco Barreto. O casal se mudou de Jaborandi para Barretos h\u00e1 28 anos e esperavam ansiosos pelo show. Nesta noite, dona Maria ficou encantada com as pedras do ch\u00e3o, ap\u00f3s a revitaliza\u00e7\u00e3o. \u201cEst\u00e3o muito bonitas\u201d, ressaltou. Sr. Benvindo lembrou que agora todos precisam colaborar para manter a pra\u00e7a cuidada. \u201cMuitas vezes, a popula\u00e7\u00e3o cobra do poder p\u00fablico, mas n\u00e3o faz a parte dela. Tem que fazer\u201d, destacou.<br \/>\nEm meio os milhares de pessoas presentes, duas amigas externaram o encanto que sentiam. \u201c\u00d3timo. Tudo ficou perfeito, perfeitamente perfeito. Quem reclamar vai reclamar de bobeira&#8221;, afirmou a inspetora de alunos Fernando Fregatti. Sua amiga Alexandra Mesquita, tamb\u00e9m servidora p\u00fablica, foi outra que apreciou o evento. &#8220;A pra\u00e7a est\u00e1 maravilhosa, magn\u00edfica. O show, ent\u00e3o, nem se fala: est\u00e1 lindo&#8221;, ressaltou.<br \/>\n&#8220;Ficou top demais, tudo&#8221;, afirmou o aut\u00f4nomo Jo\u00e3o Victor Batista Gomes, morador do Bairro Barretos 2. &#8220;Ficou muito bonita, gostei bastante, e o show deles est\u00e1 selando essa reinaugura\u00e7\u00e3o com Chave de Ouro. Estou realizado&#8221;, destacou. Jo\u00e3o contou que sempre acompanhou m\u00fasicas da dupla, mas esta foi a primeira oportunidade de assistir a um show deles.<br \/>\nAdepto ao universo dos rodeios, Barrotinho, que tamb\u00e9m foi conferir de perto o show sertanejo, destacou o empenho da prefeita Paula Lemos para proporcionar a reforma. \u201cA pra\u00e7a ficou muito bonita\u201d, refor\u00e7ou.<br \/>\nOs jovens participantes dA Mais Bela Voz Kids, instantes antes de fazerem uma apresenta\u00e7\u00e3o especial que deu in\u00edcio ao evento de reinaugura\u00e7\u00e3o, tamb\u00e9m estavam entusiasmados em fazerem parte deste momento hist\u00f3rico para Barretos. \u201c\u00c9 uma honra esse convite e poder cantar aqui, nesta noite maravilhosa. Depois da gente, tem uma dupla que \u00e9 refer\u00eancia no mundo sertanejo, j\u00e1 est\u00e1 a\u00ed h\u00e1 muitos anos fazendo muito sucesso. Vai ser uma honra compartilhar o mesmo palco em que eles v\u00e3o cantar. Ent\u00e3o, estou muito animado, muito feliz e muito honrado\u201d, afirmou o jovem cantor Mateus Lousano, campe\u00e3o deste ano na categoria juvenil.<br \/>\nOutra participante do concurso, a jovem cantora Lav\u00ednnia Buttini, comentou sobre sua felicidade e at\u00e9 que estava com um frio na barriga, ao ver tanta gente na pra\u00e7a. \u201cSou muito grata por estar participando. \u00c9 um \u00f3timo evento. Estou at\u00e9 nervosa em ver bastante p\u00fablico assim\u201d, ressaltou.<br \/>\nA noite contou tamb\u00e9m com apresenta\u00e7\u00f5es da Catira Espora de Prata e a presen\u00e7a do mascote do Barretos Country Park Resort, Duduzinho. Entre os participantes do Concurso A Mais Bela Voz Kids, apresentaram-se ainda Pedro Ribeiro e Manuela Munhoz, que ficaram na terceira coloca\u00e7\u00e3o do concurso respectivamente nas categorias juvenil e infantil, al\u00e9m de Lizzie, campe\u00e3 de 2022.<br \/>\nBuscando proporcionar maior comodidade \u00e0 popula\u00e7\u00e3o presente no evento, atrelada \u00e0 solidariedade, o espa\u00e7o contou tamb\u00e9m com barracas de alimentos e bebidas, operado pelas entidades assistenciais como forma de arrecada\u00e7\u00e3o de recursos. Batata chips, pipoca, algod\u00e3o doce, a\u00e7a\u00ed, espetos, kafta, pastel, churros, frozen e bebidas diversas foram comercializados pelas entidades Casa Transit\u00f3ria Andr\u00e9 Luiz, Associa\u00e7\u00e3o Pais Amigos Excepcionais (Apae), Associa\u00e7\u00e3o Barretense Vida Nova (Abavin), Casa de Conviv\u00eancia Dr. Mariano Dias, Sociedade S\u00e3o Vicente Paulo (Vicentinos), Instituto Cesalpina e Casa Assistencial Trabalhadores da \u00daltima Hora (CATUH). A ABA (Amigos Barretenses dos Animais) tamb\u00e9m participou do evento, com feira de ado\u00e7\u00e3o de animais.<br \/>\nEstiveram presentes na cerim\u00f4nia o prefeito de Monte Azul Paulista, Marcelo Otaviano; os vereadores Juninho Bandeira, Professor Adilson, Carl\u00e3o do Basquete, Elson dos Santos, Gabriel Uchida, Nestor Leonel e Raphael Silv\u00e9rio; a presidente da Associa\u00e7\u00e3o Comercial e Industrial de Barretos (Acib), Jackelyne Rossini; Paulo Cesar Lopes, o \u201cPaulinho 1001\u201d, presidente do Conselho Municipal de Turismo (COMTUR) e secret\u00e1rios municipais.<\/p>\n","protected":false},"excerpt":{"rendered":"<p>A popula\u00e7\u00e3o se encantou com a beleza do espa\u00e7o pronto<\/p>\n","protected":false},"author":2,"featured_media":99371,"comment_status":"open","ping_status":"open","sticky":false,"template":"","format":"standard","meta":{"footnotes":""},"categories":[14,25],"tags":[],"class_list":["post-99366","post","type-post","status-publish","format-standard","has-post-thumbnail","hentry","category-barretos","category-cidades"],"yoast_head":"<!-- This site is optimized with the Yoast SEO plugin v27.4 - https:\/\/yoast.com\/product\/yoast-seo-wordpress\/ -->\n<title>Entrega da obra da revitaliza\u00e7\u00e3o da Pra\u00e7a Francisco Barreto re\u00fane 13 mil pessoas - Regi\u00e3o News<\/title>\n<meta name=\"robots\" content=\"index, follow, max-snippet:-1, max-image-preview:large, max-video-preview:-1\" \/>\n<link rel=\"canonical\" href=\"https:\/\/regiaonews.net.br\/2022\/2023\/12\/21\/entrega-da-obra-da-revitalizacao-da-praca-francisco-barreto-reune-13-mil-pessoas\/\" \/>\n<meta property=\"og:locale\" content=\"pt_BR\" \/>\n<meta property=\"og:type\" content=\"article\" \/>\n<meta property=\"og:title\" content=\"Entrega da obra da revitaliza\u00e7\u00e3o da Pra\u00e7a Francisco Barreto re\u00fane 13 mil pessoas - Regi\u00e3o News\" \/>\n<meta property=\"og:description\" content=\"A popula\u00e7\u00e3o se encantou com a beleza do espa\u00e7o pronto\" \/>\n<meta property=\"og:url\" content=\"https:\/\/regiaonews.net.br\/2022\/2023\/12\/21\/entrega-da-obra-da-revitalizacao-da-praca-francisco-barreto-reune-13-mil-pessoas\/\" \/>\n<meta property=\"og:site_name\" content=\"Regi\u00e3o News\" \/>\n<meta property=\"article:published_time\" content=\"2023-12-21T23:07:10+00:00\" \/>\n<meta property=\"article:modified_time\" content=\"2023-12-22T00:47:16+00:00\" \/>\n<meta property=\"og:image\" content=\"https:\/\/regiaonews.net.br\/2022\/wp-content\/uploads\/2023\/12\/IMG-20231221-WA0299.jpg\" \/>\n\t<meta property=\"og:image:width\" content=\"1600\" \/>\n\t<meta property=\"og:image:height\" content=\"900\" \/>\n\t<meta property=\"og:image:type\" content=\"image\/jpeg\" \/>\n<meta name=\"author\" content=\"Roberto\" \/>\n<meta name=\"twitter:card\" content=\"summary_large_image\" \/>\n<meta name=\"twitter:label1\" content=\"Escrito por\" \/>\n\t<meta name=\"twitter:data1\" content=\"Roberto\" \/>\n\t<meta name=\"twitter:label2\" content=\"Est. tempo de leitura\" \/>\n\t<meta name=\"twitter:data2\" content=\"11 minutos\" \/>\n<script type=\"application\/ld+json\" class=\"yoast-schema-graph\">{\"@context\":\"https:\\\/\\\/schema.org\",\"@graph\":[{\"@type\":\"Article\",\"@id\":\"https:\\\/\\\/regiaonews.net.br\\\/2022\\\/2023\\\/12\\\/21\\\/entrega-da-obra-da-revitalizacao-da-praca-francisco-barreto-reune-13-mil-pessoas\\\/#article\",\"isPartOf\":{\"@id\":\"https:\\\/\\\/regiaonews.net.br\\\/2022\\\/2023\\\/12\\\/21\\\/entrega-da-obra-da-revitalizacao-da-praca-francisco-barreto-reune-13-mil-pessoas\\\/\"},\"author\":{\"name\":\"Roberto\",\"@id\":\"https:\\\/\\\/regiaonews.net.br\\\/2022\\\/#\\\/schema\\\/person\\\/2d205a608a5aa97ac279d7a5e6d89ad8\"},\"headline\":\"Entrega da obra da revitaliza\u00e7\u00e3o da Pra\u00e7a Francisco Barreto re\u00fane 13 mil pessoas\",\"datePublished\":\"2023-12-21T23:07:10+00:00\",\"dateModified\":\"2023-12-22T00:47:16+00:00\",\"mainEntityOfPage\":{\"@id\":\"https:\\\/\\\/regiaonews.net.br\\\/2022\\\/2023\\\/12\\\/21\\\/entrega-da-obra-da-revitalizacao-da-praca-francisco-barreto-reune-13-mil-pessoas\\\/\"},\"wordCount\":2018,\"commentCount\":0,\"publisher\":{\"@id\":\"https:\\\/\\\/regiaonews.net.br\\\/2022\\\/#organization\"},\"image\":{\"@id\":\"https:\\\/\\\/regiaonews.net.br\\\/2022\\\/2023\\\/12\\\/21\\\/entrega-da-obra-da-revitalizacao-da-praca-francisco-barreto-reune-13-mil-pessoas\\\/#primaryimage\"},\"thumbnailUrl\":\"https:\\\/\\\/regiaonews.net.br\\\/2022\\\/wp-content\\\/uploads\\\/2023\\\/12\\\/IMG-20231221-WA0299.jpg\",\"articleSection\":[\"Barretos\",\"Cidades\"],\"inLanguage\":\"pt-BR\",\"potentialAction\":[{\"@type\":\"CommentAction\",\"name\":\"Comment\",\"target\":[\"https:\\\/\\\/regiaonews.net.br\\\/2022\\\/2023\\\/12\\\/21\\\/entrega-da-obra-da-revitalizacao-da-praca-francisco-barreto-reune-13-mil-pessoas\\\/#respond\"]}]},{\"@type\":\"WebPage\",\"@id\":\"https:\\\/\\\/regiaonews.net.br\\\/2022\\\/2023\\\/12\\\/21\\\/entrega-da-obra-da-revitalizacao-da-praca-francisco-barreto-reune-13-mil-pessoas\\\/\",\"url\":\"https:\\\/\\\/regiaonews.net.br\\\/2022\\\/2023\\\/12\\\/21\\\/entrega-da-obra-da-revitalizacao-da-praca-francisco-barreto-reune-13-mil-pessoas\\\/\",\"name\":\"Entrega da obra da revitaliza\u00e7\u00e3o da Pra\u00e7a Francisco Barreto re\u00fane 13 mil pessoas - Regi\u00e3o News\",\"isPartOf\":{\"@id\":\"https:\\\/\\\/regiaonews.net.br\\\/2022\\\/#website\"},\"primaryImageOfPage\":{\"@id\":\"https:\\\/\\\/regiaonews.net.br\\\/2022\\\/2023\\\/12\\\/21\\\/entrega-da-obra-da-revitalizacao-da-praca-francisco-barreto-reune-13-mil-pessoas\\\/#primaryimage\"},\"image\":{\"@id\":\"https:\\\/\\\/regiaonews.net.br\\\/2022\\\/2023\\\/12\\\/21\\\/entrega-da-obra-da-revitalizacao-da-praca-francisco-barreto-reune-13-mil-pessoas\\\/#primaryimage\"},\"thumbnailUrl\":\"https:\\\/\\\/regiaonews.net.br\\\/2022\\\/wp-content\\\/uploads\\\/2023\\\/12\\\/IMG-20231221-WA0299.jpg\",\"datePublished\":\"2023-12-21T23:07:10+00:00\",\"dateModified\":\"2023-12-22T00:47:16+00:00\",\"breadcrumb\":{\"@id\":\"https:\\\/\\\/regiaonews.net.br\\\/2022\\\/2023\\\/12\\\/21\\\/entrega-da-obra-da-revitalizacao-da-praca-francisco-barreto-reune-13-mil-pessoas\\\/#breadcrumb\"},\"inLanguage\":\"pt-BR\",\"potentialAction\":[{\"@type\":\"ReadAction\",\"target\":[\"https:\\\/\\\/regiaonews.net.br\\\/2022\\\/2023\\\/12\\\/21\\\/entrega-da-obra-da-revitalizacao-da-praca-francisco-barreto-reune-13-mil-pessoas\\\/\"]}]},{\"@type\":\"ImageObject\",\"inLanguage\":\"pt-BR\",\"@id\":\"https:\\\/\\\/regiaonews.net.br\\\/2022\\\/2023\\\/12\\\/21\\\/entrega-da-obra-da-revitalizacao-da-praca-francisco-barreto-reune-13-mil-pessoas\\\/#primaryimage\",\"url\":\"https:\\\/\\\/regiaonews.net.br\\\/2022\\\/wp-content\\\/uploads\\\/2023\\\/12\\\/IMG-20231221-WA0299.jpg\",\"contentUrl\":\"https:\\\/\\\/regiaonews.net.br\\\/2022\\\/wp-content\\\/uploads\\\/2023\\\/12\\\/IMG-20231221-WA0299.jpg\",\"width\":1600,\"height\":900},{\"@type\":\"BreadcrumbList\",\"@id\":\"https:\\\/\\\/regiaonews.net.br\\\/2022\\\/2023\\\/12\\\/21\\\/entrega-da-obra-da-revitalizacao-da-praca-francisco-barreto-reune-13-mil-pessoas\\\/#breadcrumb\",\"itemListElement\":[{\"@type\":\"ListItem\",\"position\":1,\"name\":\"In\u00edcio\",\"item\":\"https:\\\/\\\/regiaonews.net.br\\\/2022\\\/\"},{\"@type\":\"ListItem\",\"position\":2,\"name\":\"Entrega da obra da revitaliza\u00e7\u00e3o da Pra\u00e7a Francisco Barreto re\u00fane 13 mil pessoas\"}]},{\"@type\":\"WebSite\",\"@id\":\"https:\\\/\\\/regiaonews.net.br\\\/2022\\\/#website\",\"url\":\"https:\\\/\\\/regiaonews.net.br\\\/2022\\\/\",\"name\":\"Regi\u00e3o News\",\"description\":\"Site de Not\u00edcias de Barretos e regi\u00e3o\",\"publisher\":{\"@id\":\"https:\\\/\\\/regiaonews.net.br\\\/2022\\\/#organization\"},\"potentialAction\":[{\"@type\":\"SearchAction\",\"target\":{\"@type\":\"EntryPoint\",\"urlTemplate\":\"https:\\\/\\\/regiaonews.net.br\\\/2022\\\/?s={search_term_string}\"},\"query-input\":{\"@type\":\"PropertyValueSpecification\",\"valueRequired\":true,\"valueName\":\"search_term_string\"}}],\"inLanguage\":\"pt-BR\"},{\"@type\":\"Organization\",\"@id\":\"https:\\\/\\\/regiaonews.net.br\\\/2022\\\/#organization\",\"name\":\"Regi\u00e3o News\",\"url\":\"https:\\\/\\\/regiaonews.net.br\\\/2022\\\/\",\"logo\":{\"@type\":\"ImageObject\",\"inLanguage\":\"pt-BR\",\"@id\":\"https:\\\/\\\/regiaonews.net.br\\\/2022\\\/#\\\/schema\\\/logo\\\/image\\\/\",\"url\":\"https:\\\/\\\/regiaonews.net.br\\\/2022\\\/wp-content\\\/uploads\\\/2026\\\/03\\\/regiao-13-anos-scaled.jpg\",\"contentUrl\":\"https:\\\/\\\/regiaonews.net.br\\\/2022\\\/wp-content\\\/uploads\\\/2026\\\/03\\\/regiao-13-anos-scaled.jpg\",\"width\":2560,\"height\":635,\"caption\":\"Regi\u00e3o News\"},\"image\":{\"@id\":\"https:\\\/\\\/regiaonews.net.br\\\/2022\\\/#\\\/schema\\\/logo\\\/image\\\/\"}},{\"@type\":\"Person\",\"@id\":\"https:\\\/\\\/regiaonews.net.br\\\/2022\\\/#\\\/schema\\\/person\\\/2d205a608a5aa97ac279d7a5e6d89ad8\",\"name\":\"Roberto\",\"image\":{\"@type\":\"ImageObject\",\"inLanguage\":\"pt-BR\",\"@id\":\"https:\\\/\\\/secure.gravatar.com\\\/avatar\\\/42749d8b712ff9d59ca93dc150494e5b55a44134482993f5baeb97e61b7ecc89?s=96&d=mm&r=g\",\"url\":\"https:\\\/\\\/secure.gravatar.com\\\/avatar\\\/42749d8b712ff9d59ca93dc150494e5b55a44134482993f5baeb97e61b7ecc89?s=96&d=mm&r=g\",\"contentUrl\":\"https:\\\/\\\/secure.gravatar.com\\\/avatar\\\/42749d8b712ff9d59ca93dc150494e5b55a44134482993f5baeb97e61b7ecc89?s=96&d=mm&r=g\",\"caption\":\"Roberto\"},\"url\":\"https:\\\/\\\/regiaonews.net.br\\\/2022\\\/author\\\/roberto\\\/\"}]}<\/script>\n<!-- \/ Yoast SEO plugin. -->","yoast_head_json":{"title":"Entrega da obra da revitaliza\u00e7\u00e3o da Pra\u00e7a Francisco Barreto re\u00fane 13 mil pessoas - Regi\u00e3o News","robots":{"index":"index","follow":"follow","max-snippet":"max-snippet:-1","max-image-preview":"max-image-preview:large","max-video-preview":"max-video-preview:-1"},"canonical":"https:\/\/regiaonews.net.br\/2022\/2023\/12\/21\/entrega-da-obra-da-revitalizacao-da-praca-francisco-barreto-reune-13-mil-pessoas\/","og_locale":"pt_BR","og_type":"article","og_title":"Entrega da obra da revitaliza\u00e7\u00e3o da Pra\u00e7a Francisco Barreto re\u00fane 13 mil pessoas - Regi\u00e3o News","og_description":"A popula\u00e7\u00e3o se encantou com a beleza do espa\u00e7o pronto","og_url":"https:\/\/regiaonews.net.br\/2022\/2023\/12\/21\/entrega-da-obra-da-revitalizacao-da-praca-francisco-barreto-reune-13-mil-pessoas\/","og_site_name":"Regi\u00e3o News","article_published_time":"2023-12-21T23:07:10+00:00","article_modified_time":"2023-12-22T00:47:16+00:00","og_image":[{"width":1600,"height":900,"url":"https:\/\/regiaonews.net.br\/2022\/wp-content\/uploads\/2023\/12\/IMG-20231221-WA0299.jpg","type":"image\/jpeg"}],"author":"Roberto","twitter_card":"summary_large_image","twitter_misc":{"Escrito por":"Roberto","Est. tempo de leitura":"11 minutos"},"schema":{"@context":"https:\/\/schema.org","@graph":[{"@type":"Article","@id":"https:\/\/regiaonews.net.br\/2022\/2023\/12\/21\/entrega-da-obra-da-revitalizacao-da-praca-francisco-barreto-reune-13-mil-pessoas\/#article","isPartOf":{"@id":"https:\/\/regiaonews.net.br\/2022\/2023\/12\/21\/entrega-da-obra-da-revitalizacao-da-praca-francisco-barreto-reune-13-mil-pessoas\/"},"author":{"name":"Roberto","@id":"https:\/\/regiaonews.net.br\/2022\/#\/schema\/person\/2d205a608a5aa97ac279d7a5e6d89ad8"},"headline":"Entrega da obra da revitaliza\u00e7\u00e3o da Pra\u00e7a Francisco Barreto re\u00fane 13 mil pessoas","datePublished":"2023-12-21T23:07:10+00:00","dateModified":"2023-12-22T00:47:16+00:00","mainEntityOfPage":{"@id":"https:\/\/regiaonews.net.br\/2022\/2023\/12\/21\/entrega-da-obra-da-revitalizacao-da-praca-francisco-barreto-reune-13-mil-pessoas\/"},"wordCount":2018,"commentCount":0,"publisher":{"@id":"https:\/\/regiaonews.net.br\/2022\/#organization"},"image":{"@id":"https:\/\/regiaonews.net.br\/2022\/2023\/12\/21\/entrega-da-obra-da-revitalizacao-da-praca-francisco-barreto-reune-13-mil-pessoas\/#primaryimage"},"thumbnailUrl":"https:\/\/regiaonews.net.br\/2022\/wp-content\/uploads\/2023\/12\/IMG-20231221-WA0299.jpg","articleSection":["Barretos","Cidades"],"inLanguage":"pt-BR","potentialAction":[{"@type":"CommentAction","name":"Comment","target":["https:\/\/regiaonews.net.br\/2022\/2023\/12\/21\/entrega-da-obra-da-revitalizacao-da-praca-francisco-barreto-reune-13-mil-pessoas\/#respond"]}]},{"@type":"WebPage","@id":"https:\/\/regiaonews.net.br\/2022\/2023\/12\/21\/entrega-da-obra-da-revitalizacao-da-praca-francisco-barreto-reune-13-mil-pessoas\/","url":"https:\/\/regiaonews.net.br\/2022\/2023\/12\/21\/entrega-da-obra-da-revitalizacao-da-praca-francisco-barreto-reune-13-mil-pessoas\/","name":"Entrega da obra da revitaliza\u00e7\u00e3o da Pra\u00e7a Francisco Barreto re\u00fane 13 mil pessoas - Regi\u00e3o News","isPartOf":{"@id":"https:\/\/regiaonews.net.br\/2022\/#website"},"primaryImageOfPage":{"@id":"https:\/\/regiaonews.net.br\/2022\/2023\/12\/21\/entrega-da-obra-da-revitalizacao-da-praca-francisco-barreto-reune-13-mil-pessoas\/#primaryimage"},"image":{"@id":"https:\/\/regiaonews.net.br\/2022\/2023\/12\/21\/entrega-da-obra-da-revitalizacao-da-praca-francisco-barreto-reune-13-mil-pessoas\/#primaryimage"},"thumbnailUrl":"https:\/\/regiaonews.net.br\/2022\/wp-content\/uploads\/2023\/12\/IMG-20231221-WA0299.jpg","datePublished":"2023-12-21T23:07:10+00:00","dateModified":"2023-12-22T00:47:16+00:00","breadcrumb":{"@id":"https:\/\/regiaonews.net.br\/2022\/2023\/12\/21\/entrega-da-obra-da-revitalizacao-da-praca-francisco-barreto-reune-13-mil-pessoas\/#breadcrumb"},"inLanguage":"pt-BR","potentialAction":[{"@type":"ReadAction","target":["https:\/\/regiaonews.net.br\/2022\/2023\/12\/21\/entrega-da-obra-da-revitalizacao-da-praca-francisco-barreto-reune-13-mil-pessoas\/"]}]},{"@type":"ImageObject","inLanguage":"pt-BR","@id":"https:\/\/regiaonews.net.br\/2022\/2023\/12\/21\/entrega-da-obra-da-revitalizacao-da-praca-francisco-barreto-reune-13-mil-pessoas\/#primaryimage","url":"https:\/\/regiaonews.net.br\/2022\/wp-content\/uploads\/2023\/12\/IMG-20231221-WA0299.jpg","contentUrl":"https:\/\/regiaonews.net.br\/2022\/wp-content\/uploads\/2023\/12\/IMG-20231221-WA0299.jpg","width":1600,"height":900},{"@type":"BreadcrumbList","@id":"https:\/\/regiaonews.net.br\/2022\/2023\/12\/21\/entrega-da-obra-da-revitalizacao-da-praca-francisco-barreto-reune-13-mil-pessoas\/#breadcrumb","itemListElement":[{"@type":"ListItem","position":1,"name":"In\u00edcio","item":"https:\/\/regiaonews.net.br\/2022\/"},{"@type":"ListItem","position":2,"name":"Entrega da obra da revitaliza\u00e7\u00e3o da Pra\u00e7a Francisco Barreto re\u00fane 13 mil pessoas"}]},{"@type":"WebSite","@id":"https:\/\/regiaonews.net.br\/2022\/#website","url":"https:\/\/regiaonews.net.br\/2022\/","name":"Regi\u00e3o News","description":"Site de Not\u00edcias de Barretos e regi\u00e3o","publisher":{"@id":"https:\/\/regiaonews.net.br\/2022\/#organization"},"potentialAction":[{"@type":"SearchAction","target":{"@type":"EntryPoint","urlTemplate":"https:\/\/regiaonews.net.br\/2022\/?s={search_term_string}"},"query-input":{"@type":"PropertyValueSpecification","valueRequired":true,"valueName":"search_term_string"}}],"inLanguage":"pt-BR"},{"@type":"Organization","@id":"https:\/\/regiaonews.net.br\/2022\/#organization","name":"Regi\u00e3o News","url":"https:\/\/regiaonews.net.br\/2022\/","logo":{"@type":"ImageObject","inLanguage":"pt-BR","@id":"https:\/\/regiaonews.net.br\/2022\/#\/schema\/logo\/image\/","url":"https:\/\/regiaonews.net.br\/2022\/wp-content\/uploads\/2026\/03\/regiao-13-anos-scaled.jpg","contentUrl":"https:\/\/regiaonews.net.br\/2022\/wp-content\/uploads\/2026\/03\/regiao-13-anos-scaled.jpg","width":2560,"height":635,"caption":"Regi\u00e3o News"},"image":{"@id":"https:\/\/regiaonews.net.br\/2022\/#\/schema\/logo\/image\/"}},{"@type":"Person","@id":"https:\/\/regiaonews.net.br\/2022\/#\/schema\/person\/2d205a608a5aa97ac279d7a5e6d89ad8","name":"Roberto","image":{"@type":"ImageObject","inLanguage":"pt-BR","@id":"https:\/\/secure.gravatar.com\/avatar\/42749d8b712ff9d59ca93dc150494e5b55a44134482993f5baeb97e61b7ecc89?s=96&d=mm&r=g","url":"https:\/\/secure.gravatar.com\/avatar\/42749d8b712ff9d59ca93dc150494e5b55a44134482993f5baeb97e61b7ecc89?s=96&d=mm&r=g","contentUrl":"https:\/\/secure.gravatar.com\/avatar\/42749d8b712ff9d59ca93dc150494e5b55a44134482993f5baeb97e61b7ecc89?s=96&d=mm&r=g","caption":"Roberto"},"url":"https:\/\/regiaonews.net.br\/2022\/author\/roberto\/"}]}},"publishpress_future_action":{"enabled":false,"date":"2026-05-04 17:36:36","action":"change-status","newStatus":"draft","terms":[],"taxonomy":"category","extraData":[]},"publishpress_future_workflow_manual_trigger":{"enabledWorkflows":[]},"_links":{"self":[{"href":"https:\/\/regiaonews.net.br\/2022\/wp-json\/wp\/v2\/posts\/99366","targetHints":{"allow":["GET"]}}],"collection":[{"href":"https:\/\/regiaonews.net.br\/2022\/wp-json\/wp\/v2\/posts"}],"about":[{"href":"https:\/\/regiaonews.net.br\/2022\/wp-json\/wp\/v2\/types\/post"}],"author":[{"embeddable":true,"href":"https:\/\/regiaonews.net.br\/2022\/wp-json\/wp\/v2\/users\/2"}],"replies":[{"embeddable":true,"href":"https:\/\/regiaonews.net.br\/2022\/wp-json\/wp\/v2\/comments?post=99366"}],"version-history":[{"count":1,"href":"https:\/\/regiaonews.net.br\/2022\/wp-json\/wp\/v2\/posts\/99366\/revisions"}],"predecessor-version":[{"id":99367,"href":"https:\/\/regiaonews.net.br\/2022\/wp-json\/wp\/v2\/posts\/99366\/revisions\/99367"}],"wp:featuredmedia":[{"embeddable":true,"href":"https:\/\/regiaonews.net.br\/2022\/wp-json\/wp\/v2\/media\/99371"}],"wp:attachment":[{"href":"https:\/\/regiaonews.net.br\/2022\/wp-json\/wp\/v2\/media?parent=99366"}],"wp:term":[{"taxonomy":"category","embeddable":true,"href":"https:\/\/regiaonews.net.br\/2022\/wp-json\/wp\/v2\/categories?post=99366"},{"taxonomy":"post_tag","embeddable":true,"href":"https:\/\/regiaonews.net.br\/2022\/wp-json\/wp\/v2\/tags?post=99366"}],"curies":[{"name":"wp","href":"https:\/\/api.w.org\/{rel}","templated":true}]}}