{"id":99363,"date":"2023-12-21T20:04:34","date_gmt":"2023-12-21T23:04:34","guid":{"rendered":"https:\/\/regiaonews.net.br\/2022\/?p=99363"},"modified":"2023-12-21T20:05:47","modified_gmt":"2023-12-21T23:05:47","slug":"conferencia-materno-infantil-atualiza-profissionais-da-saude-sobre-tratamento-humanizado","status":"publish","type":"post","link":"https:\/\/regiaonews.net.br\/2022\/2023\/12\/21\/conferencia-materno-infantil-atualiza-profissionais-da-saude-sobre-tratamento-humanizado\/","title":{"rendered":"Confer\u00eancia Materno-Infantil atualiza profissionais da sa\u00fade sobre tratamento humanizado"},"content":{"rendered":"<p>&nbsp;<\/p>\n<p>Palestras e oficinas pr\u00e1ticas discorreram sobre o direito m\u00e9dico, ginecologia, obstetr\u00edcia, neonatologia e pediatria<\/p>\n<p>M\u00e9dicos, enfermeiros, t\u00e9cnicos de enfermagem entre outros profissionais ligados \u00e0 sa\u00fade de Barretos e regi\u00e3o participaram da segunda edi\u00e7\u00e3o da \u201cConfer\u00eancia Materno\u2013Infantil\u201d, no IRCAD Am\u00e9rica Latina, na ter\u00e7a-feira, 19 de dezembro.<br \/>\n\u201cNeste ano falamos principalmente sobre a alta respons\u00e1vel e a transi\u00e7\u00e3o segura do paciente, fazendo men\u00e7\u00e3o \u00e0 todas as unidades b\u00e1sicas de sa\u00fade e a Santa Casa de Barretos. \u00c9 muito v\u00e1lida a intera\u00e7\u00e3o dos profissionais de sa\u00fade, pois resultou na troca de informa\u00e7\u00f5es relevantes para o tratamento, bem-estar e a qualidade de vida do paciente e da comunidade em geral\u201d, confirmou Aryadne O\u2019neil, coordenadora da Confer\u00eancia e enfermeira obstetra da Santa Casa de Barretos, gerente do Complexo Materno-Infantil.<br \/>\nAinda de acordo com a coordenadora Aryadne, em uma das oficinas foi abordado temas ligados a ginecologia e a obstetr\u00edcia, que atualizou o protocolo de dist\u00farbio e hipertensivo na gesta\u00e7\u00e3o.<br \/>\n\u201cA oficina de neonatologia e pediatria envolveu a reanima\u00e7\u00e3o, recep\u00e7\u00e3o e os cuidados do alojamento em conjunto, na oficina de gest\u00e3o de direito m\u00e9dico, foi esclarecido sobre a barriga solid\u00e1ria e o abordo legal, que s\u00e3o temas conflitantes da obstetr\u00edcia, mas que precisam ser esclarecidos, para que os direitos da comunidade sejam respeitados\u201d, finalizou.<br \/>\nA confer\u00eancia foi realizada pelo Complexo Materno-Infantil da Santa Casa de Barretos, que \u00e9 refer\u00eancia na gest\u00e3o de alto risco pelo DRS XV \u2013 Departamento Regional de Sa\u00fade, da Secretaria de Estado, respons\u00e1vel por 19 cidades do interior do estado de S\u00e3o Paulo.<\/p>\n<p>&nbsp;<\/p>\n<p>&nbsp;<\/p>\n<p>Fotos: F\u00e1bio Carvalho<\/p>\n","protected":false},"excerpt":{"rendered":"<p>&nbsp; Palestras e oficinas pr\u00e1ticas discorreram sobre o direito m\u00e9dico,<\/p>\n","protected":false},"author":2,"featured_media":99365,"comment_status":"open","ping_status":"open","sticky":false,"template":"","format":"standard","meta":{"footnotes":""},"categories":[14,25],"tags":[],"class_list":["post-99363","post","type-post","status-publish","format-standard","has-post-thumbnail","hentry","category-barretos","category-cidades"],"yoast_head":"<!-- This site is optimized with the Yoast SEO plugin v27.4 - https:\/\/yoast.com\/product\/yoast-seo-wordpress\/ -->\n<title>Confer\u00eancia Materno-Infantil atualiza profissionais da sa\u00fade sobre tratamento humanizado - Regi\u00e3o News<\/title>\n<meta name=\"robots\" content=\"index, follow, max-snippet:-1, max-image-preview:large, max-video-preview:-1\" \/>\n<link rel=\"canonical\" href=\"https:\/\/regiaonews.net.br\/2022\/2023\/12\/21\/conferencia-materno-infantil-atualiza-profissionais-da-saude-sobre-tratamento-humanizado\/\" \/>\n<meta property=\"og:locale\" content=\"pt_BR\" \/>\n<meta property=\"og:type\" content=\"article\" \/>\n<meta property=\"og:title\" content=\"Confer\u00eancia Materno-Infantil atualiza profissionais da sa\u00fade sobre tratamento humanizado - Regi\u00e3o News\" \/>\n<meta property=\"og:description\" content=\"&nbsp; Palestras e oficinas pr\u00e1ticas discorreram sobre o direito m\u00e9dico,\" \/>\n<meta property=\"og:url\" content=\"https:\/\/regiaonews.net.br\/2022\/2023\/12\/21\/conferencia-materno-infantil-atualiza-profissionais-da-saude-sobre-tratamento-humanizado\/\" \/>\n<meta property=\"og:site_name\" content=\"Regi\u00e3o News\" \/>\n<meta property=\"article:published_time\" content=\"2023-12-21T23:04:34+00:00\" \/>\n<meta property=\"article:modified_time\" content=\"2023-12-21T23:05:47+00:00\" \/>\n<meta property=\"og:image\" content=\"https:\/\/regiaonews.net.br\/2022\/wp-content\/uploads\/2023\/12\/WhatsApp-Image-2023-12-21-at-16.23.56.jpeg\" \/>\n\t<meta property=\"og:image:width\" content=\"1600\" \/>\n\t<meta property=\"og:image:height\" content=\"1135\" \/>\n\t<meta property=\"og:image:type\" content=\"image\/jpeg\" \/>\n<meta name=\"author\" content=\"Roberto\" \/>\n<meta name=\"twitter:card\" content=\"summary_large_image\" \/>\n<meta name=\"twitter:label1\" content=\"Escrito por\" \/>\n\t<meta name=\"twitter:data1\" content=\"Roberto\" \/>\n\t<meta name=\"twitter:label2\" content=\"Est. tempo de leitura\" \/>\n\t<meta name=\"twitter:data2\" content=\"2 minutos\" \/>\n<script type=\"application\/ld+json\" class=\"yoast-schema-graph\">{\"@context\":\"https:\\\/\\\/schema.org\",\"@graph\":[{\"@type\":\"Article\",\"@id\":\"https:\\\/\\\/regiaonews.net.br\\\/2022\\\/2023\\\/12\\\/21\\\/conferencia-materno-infantil-atualiza-profissionais-da-saude-sobre-tratamento-humanizado\\\/#article\",\"isPartOf\":{\"@id\":\"https:\\\/\\\/regiaonews.net.br\\\/2022\\\/2023\\\/12\\\/21\\\/conferencia-materno-infantil-atualiza-profissionais-da-saude-sobre-tratamento-humanizado\\\/\"},\"author\":{\"name\":\"Roberto\",\"@id\":\"https:\\\/\\\/regiaonews.net.br\\\/2022\\\/#\\\/schema\\\/person\\\/2d205a608a5aa97ac279d7a5e6d89ad8\"},\"headline\":\"Confer\u00eancia Materno-Infantil atualiza profissionais da sa\u00fade sobre tratamento humanizado\",\"datePublished\":\"2023-12-21T23:04:34+00:00\",\"dateModified\":\"2023-12-21T23:05:47+00:00\",\"mainEntityOfPage\":{\"@id\":\"https:\\\/\\\/regiaonews.net.br\\\/2022\\\/2023\\\/12\\\/21\\\/conferencia-materno-infantil-atualiza-profissionais-da-saude-sobre-tratamento-humanizado\\\/\"},\"wordCount\":301,\"commentCount\":0,\"publisher\":{\"@id\":\"https:\\\/\\\/regiaonews.net.br\\\/2022\\\/#organization\"},\"image\":{\"@id\":\"https:\\\/\\\/regiaonews.net.br\\\/2022\\\/2023\\\/12\\\/21\\\/conferencia-materno-infantil-atualiza-profissionais-da-saude-sobre-tratamento-humanizado\\\/#primaryimage\"},\"thumbnailUrl\":\"https:\\\/\\\/regiaonews.net.br\\\/2022\\\/wp-content\\\/uploads\\\/2023\\\/12\\\/WhatsApp-Image-2023-12-21-at-16.23.56.jpeg\",\"articleSection\":[\"Barretos\",\"Cidades\"],\"inLanguage\":\"pt-BR\",\"potentialAction\":[{\"@type\":\"CommentAction\",\"name\":\"Comment\",\"target\":[\"https:\\\/\\\/regiaonews.net.br\\\/2022\\\/2023\\\/12\\\/21\\\/conferencia-materno-infantil-atualiza-profissionais-da-saude-sobre-tratamento-humanizado\\\/#respond\"]}]},{\"@type\":\"WebPage\",\"@id\":\"https:\\\/\\\/regiaonews.net.br\\\/2022\\\/2023\\\/12\\\/21\\\/conferencia-materno-infantil-atualiza-profissionais-da-saude-sobre-tratamento-humanizado\\\/\",\"url\":\"https:\\\/\\\/regiaonews.net.br\\\/2022\\\/2023\\\/12\\\/21\\\/conferencia-materno-infantil-atualiza-profissionais-da-saude-sobre-tratamento-humanizado\\\/\",\"name\":\"Confer\u00eancia Materno-Infantil atualiza profissionais da sa\u00fade sobre tratamento humanizado - Regi\u00e3o News\",\"isPartOf\":{\"@id\":\"https:\\\/\\\/regiaonews.net.br\\\/2022\\\/#website\"},\"primaryImageOfPage\":{\"@id\":\"https:\\\/\\\/regiaonews.net.br\\\/2022\\\/2023\\\/12\\\/21\\\/conferencia-materno-infantil-atualiza-profissionais-da-saude-sobre-tratamento-humanizado\\\/#primaryimage\"},\"image\":{\"@id\":\"https:\\\/\\\/regiaonews.net.br\\\/2022\\\/2023\\\/12\\\/21\\\/conferencia-materno-infantil-atualiza-profissionais-da-saude-sobre-tratamento-humanizado\\\/#primaryimage\"},\"thumbnailUrl\":\"https:\\\/\\\/regiaonews.net.br\\\/2022\\\/wp-content\\\/uploads\\\/2023\\\/12\\\/WhatsApp-Image-2023-12-21-at-16.23.56.jpeg\",\"datePublished\":\"2023-12-21T23:04:34+00:00\",\"dateModified\":\"2023-12-21T23:05:47+00:00\",\"breadcrumb\":{\"@id\":\"https:\\\/\\\/regiaonews.net.br\\\/2022\\\/2023\\\/12\\\/21\\\/conferencia-materno-infantil-atualiza-profissionais-da-saude-sobre-tratamento-humanizado\\\/#breadcrumb\"},\"inLanguage\":\"pt-BR\",\"potentialAction\":[{\"@type\":\"ReadAction\",\"target\":[\"https:\\\/\\\/regiaonews.net.br\\\/2022\\\/2023\\\/12\\\/21\\\/conferencia-materno-infantil-atualiza-profissionais-da-saude-sobre-tratamento-humanizado\\\/\"]}]},{\"@type\":\"ImageObject\",\"inLanguage\":\"pt-BR\",\"@id\":\"https:\\\/\\\/regiaonews.net.br\\\/2022\\\/2023\\\/12\\\/21\\\/conferencia-materno-infantil-atualiza-profissionais-da-saude-sobre-tratamento-humanizado\\\/#primaryimage\",\"url\":\"https:\\\/\\\/regiaonews.net.br\\\/2022\\\/wp-content\\\/uploads\\\/2023\\\/12\\\/WhatsApp-Image-2023-12-21-at-16.23.56.jpeg\",\"contentUrl\":\"https:\\\/\\\/regiaonews.net.br\\\/2022\\\/wp-content\\\/uploads\\\/2023\\\/12\\\/WhatsApp-Image-2023-12-21-at-16.23.56.jpeg\",\"width\":1600,\"height\":1135},{\"@type\":\"BreadcrumbList\",\"@id\":\"https:\\\/\\\/regiaonews.net.br\\\/2022\\\/2023\\\/12\\\/21\\\/conferencia-materno-infantil-atualiza-profissionais-da-saude-sobre-tratamento-humanizado\\\/#breadcrumb\",\"itemListElement\":[{\"@type\":\"ListItem\",\"position\":1,\"name\":\"In\u00edcio\",\"item\":\"https:\\\/\\\/regiaonews.net.br\\\/2022\\\/\"},{\"@type\":\"ListItem\",\"position\":2,\"name\":\"Confer\u00eancia Materno-Infantil atualiza profissionais da sa\u00fade sobre tratamento humanizado\"}]},{\"@type\":\"WebSite\",\"@id\":\"https:\\\/\\\/regiaonews.net.br\\\/2022\\\/#website\",\"url\":\"https:\\\/\\\/regiaonews.net.br\\\/2022\\\/\",\"name\":\"Regi\u00e3o News\",\"description\":\"Site de Not\u00edcias de Barretos e regi\u00e3o\",\"publisher\":{\"@id\":\"https:\\\/\\\/regiaonews.net.br\\\/2022\\\/#organization\"},\"potentialAction\":[{\"@type\":\"SearchAction\",\"target\":{\"@type\":\"EntryPoint\",\"urlTemplate\":\"https:\\\/\\\/regiaonews.net.br\\\/2022\\\/?s={search_term_string}\"},\"query-input\":{\"@type\":\"PropertyValueSpecification\",\"valueRequired\":true,\"valueName\":\"search_term_string\"}}],\"inLanguage\":\"pt-BR\"},{\"@type\":\"Organization\",\"@id\":\"https:\\\/\\\/regiaonews.net.br\\\/2022\\\/#organization\",\"name\":\"Regi\u00e3o News\",\"url\":\"https:\\\/\\\/regiaonews.net.br\\\/2022\\\/\",\"logo\":{\"@type\":\"ImageObject\",\"inLanguage\":\"pt-BR\",\"@id\":\"https:\\\/\\\/regiaonews.net.br\\\/2022\\\/#\\\/schema\\\/logo\\\/image\\\/\",\"url\":\"https:\\\/\\\/regiaonews.net.br\\\/2022\\\/wp-content\\\/uploads\\\/2026\\\/03\\\/regiao-13-anos-scaled.jpg\",\"contentUrl\":\"https:\\\/\\\/regiaonews.net.br\\\/2022\\\/wp-content\\\/uploads\\\/2026\\\/03\\\/regiao-13-anos-scaled.jpg\",\"width\":2560,\"height\":635,\"caption\":\"Regi\u00e3o News\"},\"image\":{\"@id\":\"https:\\\/\\\/regiaonews.net.br\\\/2022\\\/#\\\/schema\\\/logo\\\/image\\\/\"}},{\"@type\":\"Person\",\"@id\":\"https:\\\/\\\/regiaonews.net.br\\\/2022\\\/#\\\/schema\\\/person\\\/2d205a608a5aa97ac279d7a5e6d89ad8\",\"name\":\"Roberto\",\"image\":{\"@type\":\"ImageObject\",\"inLanguage\":\"pt-BR\",\"@id\":\"https:\\\/\\\/secure.gravatar.com\\\/avatar\\\/42749d8b712ff9d59ca93dc150494e5b55a44134482993f5baeb97e61b7ecc89?s=96&d=mm&r=g\",\"url\":\"https:\\\/\\\/secure.gravatar.com\\\/avatar\\\/42749d8b712ff9d59ca93dc150494e5b55a44134482993f5baeb97e61b7ecc89?s=96&d=mm&r=g\",\"contentUrl\":\"https:\\\/\\\/secure.gravatar.com\\\/avatar\\\/42749d8b712ff9d59ca93dc150494e5b55a44134482993f5baeb97e61b7ecc89?s=96&d=mm&r=g\",\"caption\":\"Roberto\"},\"url\":\"https:\\\/\\\/regiaonews.net.br\\\/2022\\\/author\\\/roberto\\\/\"}]}<\/script>\n<!-- \/ Yoast SEO plugin. -->","yoast_head_json":{"title":"Confer\u00eancia Materno-Infantil atualiza profissionais da sa\u00fade sobre tratamento humanizado - Regi\u00e3o News","robots":{"index":"index","follow":"follow","max-snippet":"max-snippet:-1","max-image-preview":"max-image-preview:large","max-video-preview":"max-video-preview:-1"},"canonical":"https:\/\/regiaonews.net.br\/2022\/2023\/12\/21\/conferencia-materno-infantil-atualiza-profissionais-da-saude-sobre-tratamento-humanizado\/","og_locale":"pt_BR","og_type":"article","og_title":"Confer\u00eancia Materno-Infantil atualiza profissionais da sa\u00fade sobre tratamento humanizado - Regi\u00e3o News","og_description":"&nbsp; Palestras e oficinas pr\u00e1ticas discorreram sobre o direito m\u00e9dico,","og_url":"https:\/\/regiaonews.net.br\/2022\/2023\/12\/21\/conferencia-materno-infantil-atualiza-profissionais-da-saude-sobre-tratamento-humanizado\/","og_site_name":"Regi\u00e3o News","article_published_time":"2023-12-21T23:04:34+00:00","article_modified_time":"2023-12-21T23:05:47+00:00","og_image":[{"width":1600,"height":1135,"url":"https:\/\/regiaonews.net.br\/2022\/wp-content\/uploads\/2023\/12\/WhatsApp-Image-2023-12-21-at-16.23.56.jpeg","type":"image\/jpeg"}],"author":"Roberto","twitter_card":"summary_large_image","twitter_misc":{"Escrito por":"Roberto","Est. tempo de leitura":"2 minutos"},"schema":{"@context":"https:\/\/schema.org","@graph":[{"@type":"Article","@id":"https:\/\/regiaonews.net.br\/2022\/2023\/12\/21\/conferencia-materno-infantil-atualiza-profissionais-da-saude-sobre-tratamento-humanizado\/#article","isPartOf":{"@id":"https:\/\/regiaonews.net.br\/2022\/2023\/12\/21\/conferencia-materno-infantil-atualiza-profissionais-da-saude-sobre-tratamento-humanizado\/"},"author":{"name":"Roberto","@id":"https:\/\/regiaonews.net.br\/2022\/#\/schema\/person\/2d205a608a5aa97ac279d7a5e6d89ad8"},"headline":"Confer\u00eancia Materno-Infantil atualiza profissionais da sa\u00fade sobre tratamento humanizado","datePublished":"2023-12-21T23:04:34+00:00","dateModified":"2023-12-21T23:05:47+00:00","mainEntityOfPage":{"@id":"https:\/\/regiaonews.net.br\/2022\/2023\/12\/21\/conferencia-materno-infantil-atualiza-profissionais-da-saude-sobre-tratamento-humanizado\/"},"wordCount":301,"commentCount":0,"publisher":{"@id":"https:\/\/regiaonews.net.br\/2022\/#organization"},"image":{"@id":"https:\/\/regiaonews.net.br\/2022\/2023\/12\/21\/conferencia-materno-infantil-atualiza-profissionais-da-saude-sobre-tratamento-humanizado\/#primaryimage"},"thumbnailUrl":"https:\/\/regiaonews.net.br\/2022\/wp-content\/uploads\/2023\/12\/WhatsApp-Image-2023-12-21-at-16.23.56.jpeg","articleSection":["Barretos","Cidades"],"inLanguage":"pt-BR","potentialAction":[{"@type":"CommentAction","name":"Comment","target":["https:\/\/regiaonews.net.br\/2022\/2023\/12\/21\/conferencia-materno-infantil-atualiza-profissionais-da-saude-sobre-tratamento-humanizado\/#respond"]}]},{"@type":"WebPage","@id":"https:\/\/regiaonews.net.br\/2022\/2023\/12\/21\/conferencia-materno-infantil-atualiza-profissionais-da-saude-sobre-tratamento-humanizado\/","url":"https:\/\/regiaonews.net.br\/2022\/2023\/12\/21\/conferencia-materno-infantil-atualiza-profissionais-da-saude-sobre-tratamento-humanizado\/","name":"Confer\u00eancia Materno-Infantil atualiza profissionais da sa\u00fade sobre tratamento humanizado - Regi\u00e3o News","isPartOf":{"@id":"https:\/\/regiaonews.net.br\/2022\/#website"},"primaryImageOfPage":{"@id":"https:\/\/regiaonews.net.br\/2022\/2023\/12\/21\/conferencia-materno-infantil-atualiza-profissionais-da-saude-sobre-tratamento-humanizado\/#primaryimage"},"image":{"@id":"https:\/\/regiaonews.net.br\/2022\/2023\/12\/21\/conferencia-materno-infantil-atualiza-profissionais-da-saude-sobre-tratamento-humanizado\/#primaryimage"},"thumbnailUrl":"https:\/\/regiaonews.net.br\/2022\/wp-content\/uploads\/2023\/12\/WhatsApp-Image-2023-12-21-at-16.23.56.jpeg","datePublished":"2023-12-21T23:04:34+00:00","dateModified":"2023-12-21T23:05:47+00:00","breadcrumb":{"@id":"https:\/\/regiaonews.net.br\/2022\/2023\/12\/21\/conferencia-materno-infantil-atualiza-profissionais-da-saude-sobre-tratamento-humanizado\/#breadcrumb"},"inLanguage":"pt-BR","potentialAction":[{"@type":"ReadAction","target":["https:\/\/regiaonews.net.br\/2022\/2023\/12\/21\/conferencia-materno-infantil-atualiza-profissionais-da-saude-sobre-tratamento-humanizado\/"]}]},{"@type":"ImageObject","inLanguage":"pt-BR","@id":"https:\/\/regiaonews.net.br\/2022\/2023\/12\/21\/conferencia-materno-infantil-atualiza-profissionais-da-saude-sobre-tratamento-humanizado\/#primaryimage","url":"https:\/\/regiaonews.net.br\/2022\/wp-content\/uploads\/2023\/12\/WhatsApp-Image-2023-12-21-at-16.23.56.jpeg","contentUrl":"https:\/\/regiaonews.net.br\/2022\/wp-content\/uploads\/2023\/12\/WhatsApp-Image-2023-12-21-at-16.23.56.jpeg","width":1600,"height":1135},{"@type":"BreadcrumbList","@id":"https:\/\/regiaonews.net.br\/2022\/2023\/12\/21\/conferencia-materno-infantil-atualiza-profissionais-da-saude-sobre-tratamento-humanizado\/#breadcrumb","itemListElement":[{"@type":"ListItem","position":1,"name":"In\u00edcio","item":"https:\/\/regiaonews.net.br\/2022\/"},{"@type":"ListItem","position":2,"name":"Confer\u00eancia Materno-Infantil atualiza profissionais da sa\u00fade sobre tratamento humanizado"}]},{"@type":"WebSite","@id":"https:\/\/regiaonews.net.br\/2022\/#website","url":"https:\/\/regiaonews.net.br\/2022\/","name":"Regi\u00e3o News","description":"Site de Not\u00edcias de Barretos e regi\u00e3o","publisher":{"@id":"https:\/\/regiaonews.net.br\/2022\/#organization"},"potentialAction":[{"@type":"SearchAction","target":{"@type":"EntryPoint","urlTemplate":"https:\/\/regiaonews.net.br\/2022\/?s={search_term_string}"},"query-input":{"@type":"PropertyValueSpecification","valueRequired":true,"valueName":"search_term_string"}}],"inLanguage":"pt-BR"},{"@type":"Organization","@id":"https:\/\/regiaonews.net.br\/2022\/#organization","name":"Regi\u00e3o News","url":"https:\/\/regiaonews.net.br\/2022\/","logo":{"@type":"ImageObject","inLanguage":"pt-BR","@id":"https:\/\/regiaonews.net.br\/2022\/#\/schema\/logo\/image\/","url":"https:\/\/regiaonews.net.br\/2022\/wp-content\/uploads\/2026\/03\/regiao-13-anos-scaled.jpg","contentUrl":"https:\/\/regiaonews.net.br\/2022\/wp-content\/uploads\/2026\/03\/regiao-13-anos-scaled.jpg","width":2560,"height":635,"caption":"Regi\u00e3o News"},"image":{"@id":"https:\/\/regiaonews.net.br\/2022\/#\/schema\/logo\/image\/"}},{"@type":"Person","@id":"https:\/\/regiaonews.net.br\/2022\/#\/schema\/person\/2d205a608a5aa97ac279d7a5e6d89ad8","name":"Roberto","image":{"@type":"ImageObject","inLanguage":"pt-BR","@id":"https:\/\/secure.gravatar.com\/avatar\/42749d8b712ff9d59ca93dc150494e5b55a44134482993f5baeb97e61b7ecc89?s=96&d=mm&r=g","url":"https:\/\/secure.gravatar.com\/avatar\/42749d8b712ff9d59ca93dc150494e5b55a44134482993f5baeb97e61b7ecc89?s=96&d=mm&r=g","contentUrl":"https:\/\/secure.gravatar.com\/avatar\/42749d8b712ff9d59ca93dc150494e5b55a44134482993f5baeb97e61b7ecc89?s=96&d=mm&r=g","caption":"Roberto"},"url":"https:\/\/regiaonews.net.br\/2022\/author\/roberto\/"}]}},"publishpress_future_action":{"enabled":false,"date":"2026-05-04 20:47:23","action":"change-status","newStatus":"draft","terms":[],"taxonomy":"category","extraData":[]},"publishpress_future_workflow_manual_trigger":{"enabledWorkflows":[]},"_links":{"self":[{"href":"https:\/\/regiaonews.net.br\/2022\/wp-json\/wp\/v2\/posts\/99363","targetHints":{"allow":["GET"]}}],"collection":[{"href":"https:\/\/regiaonews.net.br\/2022\/wp-json\/wp\/v2\/posts"}],"about":[{"href":"https:\/\/regiaonews.net.br\/2022\/wp-json\/wp\/v2\/types\/post"}],"author":[{"embeddable":true,"href":"https:\/\/regiaonews.net.br\/2022\/wp-json\/wp\/v2\/users\/2"}],"replies":[{"embeddable":true,"href":"https:\/\/regiaonews.net.br\/2022\/wp-json\/wp\/v2\/comments?post=99363"}],"version-history":[{"count":1,"href":"https:\/\/regiaonews.net.br\/2022\/wp-json\/wp\/v2\/posts\/99363\/revisions"}],"predecessor-version":[{"id":99364,"href":"https:\/\/regiaonews.net.br\/2022\/wp-json\/wp\/v2\/posts\/99363\/revisions\/99364"}],"wp:featuredmedia":[{"embeddable":true,"href":"https:\/\/regiaonews.net.br\/2022\/wp-json\/wp\/v2\/media\/99365"}],"wp:attachment":[{"href":"https:\/\/regiaonews.net.br\/2022\/wp-json\/wp\/v2\/media?parent=99363"}],"wp:term":[{"taxonomy":"category","embeddable":true,"href":"https:\/\/regiaonews.net.br\/2022\/wp-json\/wp\/v2\/categories?post=99363"},{"taxonomy":"post_tag","embeddable":true,"href":"https:\/\/regiaonews.net.br\/2022\/wp-json\/wp\/v2\/tags?post=99363"}],"curies":[{"name":"wp","href":"https:\/\/api.w.org\/{rel}","templated":true}]}}