{"id":99354,"date":"2023-12-21T19:43:18","date_gmt":"2023-12-21T22:43:18","guid":{"rendered":"https:\/\/regiaonews.net.br\/2022\/?p=99354"},"modified":"2023-12-21T19:43:18","modified_gmt":"2023-12-21T22:43:18","slug":"sucesso-do-rio-das-pedras-acqua-park-movimenta-final-de-ano-no-clube","status":"publish","type":"post","link":"https:\/\/regiaonews.net.br\/2022\/2023\/12\/21\/sucesso-do-rio-das-pedras-acqua-park-movimenta-final-de-ano-no-clube\/","title":{"rendered":"Sucesso do Rio das Pedras \u00c1cqua Park movimenta final de ano no clube"},"content":{"rendered":"<p>&nbsp;<\/p>\n<p>Sob elogios de s\u00f3cios e visitantes, parque aqu\u00e1tico surpreendeu pela grandiosidade e ineditismo<\/p>\n<p>N\u00e3o uma, mas duas piscinas de ondas est\u00e3o \u00e0 disposi\u00e7\u00e3o dos s\u00f3cios do Rio das Pedras Country Club, em sua sede de campo. No \u00faltimo dia 15, o Rio das Pedras \u00c1cqua Parque iniciou suas atividades, oferecendo a experi\u00eancia da areia, \u00e1gua e ondas, em suas duas piscinas, uma delas especialmente projetada para uso da crian\u00e7ada, a \u00fanica piscina de ondas infantil que se tem not\u00edcia no estado.<\/p>\n<p>A estrutura de mesas, cadeiras e guarda-s\u00f3is permite mais conforto aos frequentadores do novo espa\u00e7o que, em breve coloca tamb\u00e9m em funcionamento outras atra\u00e7\u00f5es como o rio bravo. Os jatos de \u00e1gua que saem do ch\u00e3o, pr\u00f3ximos \u00e0s piscinas tamb\u00e9m fizeram sucesso nesses primeiros dias.<\/p>\n<p>A presen\u00e7a do artista perform\u00e1tico Meia Sola tem alegrado ainda mais o ambiente do clube, para divers\u00e3o de crian\u00e7as e adultos que interagem com o palha\u00e7o que aceita o convite e entra na piscina com sua inconfund\u00edvel roupa e maquiagem azul.<\/p>\n<p>O presidente do clube, Weverson Moreira, ressaltou que o n\u00edvel de elogios \u00e0 nova estrutura est\u00e1 em alta. \u201cApesar de ser uma fase ainda de muitos testes, pois a estrutura do parque aqu\u00e1tico \u00e9 gigantesca e tudo est\u00e1 sendo feito com muito cuidado nos detalhes de qualidade, n\u00f3s n\u00e3o tivemos reclama\u00e7\u00f5es dos s\u00f3cios, uma ou outra sugest\u00e3o, que sempre \u00e9 bem-vinda para contribuir com as novas atra\u00e7\u00f5es, e muitos elogios, muitos mesmos, o que nos deixa ainda mais felizes\u201d, disse ele.<\/p>\n<p>Werverson chamou a aten\u00e7\u00e3o para o fato de que o movimento na sede central tamb\u00e9m aumentou nos \u00faltimos dias. \u201cMuitos s\u00f3cios entenderam que a abertura das piscinas de onda significa s\u00f3 o come\u00e7o de uma nova era que o clube vive e est\u00e3o aproveitando a promo\u00e7\u00e3o do pagamento da anuidade com desconto, at\u00e9 a sexta, dia 29, valendo ainda a participa\u00e7\u00e3o no sorteio de uma moto zero quil\u00f4metro, isso sem falar no tanto de procura que tivemos pela compra de t\u00edtulos do clube, o que j\u00e1 era esperado pela diretoria na abertura do \u00c1cqua Park\u201d, reiterou o presidente do Rio das Pedras.<\/p>\n<p>As piscinas do Rio das Pedras \u00c1cqua Park estar\u00e3o funcionando normalmente nesta temporada de finais de semana e feriados de Natal e Ano Novo. S\u00f3cios do clube n\u00e3o pagam nada a mais para desfrutar da nova \u00e1rea na sede de campo. Visitantes podem optar pelo passaporte day use, v\u00e1lido por um dia, ou pela compra de pacotes de passaportes no final de semana.<\/p>\n<p>Os s\u00f3cios que decidirem antecipar o pagamento anual das mensalidades ganham desconto e concorrem a pr\u00eamios. Os pagamentos efetuados at\u00e9 o dia 29 de dezembro deste ano participam do sorteio de uma moto zero quil\u00f4metro (50 cilindradas e partida el\u00e9trica), pela Loteria Federal, no dia 13 de janeiro de 2024. Os pagamentos da anuidade realizados at\u00e9 31 de janeiro de 2024 concorrem ao sorteio de um T\u00edtulo Remido, no dia 17 de fevereiro; e os pagamentos da anuidade realizados at\u00e9 29 de fevereiro, concorrem a um T\u00edtulo Patrimonial, com sorteio pela Loteria Federal, no dia 09 de mar\u00e7o, de 2024.<\/p>\n<p>O regulamento completo da promo\u00e7\u00e3o est\u00e1 em: www.rpcc.com.br. Informa\u00e7\u00f5es sobre as promo\u00e7\u00f5es, compra de passaportes e compra de t\u00edtulos podem ser conseguidas nos telefones (17) 3322-7099 ou (17) 98213-0033.<\/p>\n<p>Fotos: J\u00e2nio Munhoz<\/p>\n","protected":false},"excerpt":{"rendered":"<p>&nbsp; Sob elogios de s\u00f3cios e visitantes, parque aqu\u00e1tico surpreendeu<\/p>\n","protected":false},"author":2,"featured_media":99355,"comment_status":"open","ping_status":"open","sticky":false,"template":"","format":"standard","meta":{"footnotes":""},"categories":[14,25],"tags":[],"class_list":["post-99354","post","type-post","status-publish","format-standard","has-post-thumbnail","hentry","category-barretos","category-cidades"],"yoast_head":"<!-- This site is optimized with the Yoast SEO plugin v27.4 - https:\/\/yoast.com\/product\/yoast-seo-wordpress\/ -->\n<title>Sucesso do Rio das Pedras \u00c1cqua Park movimenta final de ano no clube - Regi\u00e3o News<\/title>\n<meta name=\"robots\" content=\"index, follow, max-snippet:-1, max-image-preview:large, max-video-preview:-1\" \/>\n<link rel=\"canonical\" href=\"https:\/\/regiaonews.net.br\/2022\/2023\/12\/21\/sucesso-do-rio-das-pedras-acqua-park-movimenta-final-de-ano-no-clube\/\" \/>\n<meta property=\"og:locale\" content=\"pt_BR\" \/>\n<meta property=\"og:type\" content=\"article\" \/>\n<meta property=\"og:title\" content=\"Sucesso do Rio das Pedras \u00c1cqua Park movimenta final de ano no clube - Regi\u00e3o News\" \/>\n<meta property=\"og:description\" content=\"&nbsp; Sob elogios de s\u00f3cios e visitantes, parque aqu\u00e1tico surpreendeu\" \/>\n<meta property=\"og:url\" content=\"https:\/\/regiaonews.net.br\/2022\/2023\/12\/21\/sucesso-do-rio-das-pedras-acqua-park-movimenta-final-de-ano-no-clube\/\" \/>\n<meta property=\"og:site_name\" content=\"Regi\u00e3o News\" \/>\n<meta property=\"article:published_time\" content=\"2023-12-21T22:43:18+00:00\" \/>\n<meta property=\"og:image\" content=\"https:\/\/regiaonews.net.br\/2022\/wp-content\/uploads\/2023\/12\/WhatsApp-Image-2023-12-21-at-17.30.40.jpeg\" \/>\n\t<meta property=\"og:image:width\" content=\"1500\" \/>\n\t<meta property=\"og:image:height\" content=\"1000\" \/>\n\t<meta property=\"og:image:type\" content=\"image\/jpeg\" \/>\n<meta name=\"author\" content=\"Roberto\" \/>\n<meta name=\"twitter:card\" content=\"summary_large_image\" \/>\n<meta name=\"twitter:label1\" content=\"Escrito por\" \/>\n\t<meta name=\"twitter:data1\" content=\"Roberto\" \/>\n\t<meta name=\"twitter:label2\" content=\"Est. tempo de leitura\" \/>\n\t<meta name=\"twitter:data2\" content=\"4 minutos\" \/>\n<script type=\"application\/ld+json\" class=\"yoast-schema-graph\">{\"@context\":\"https:\\\/\\\/schema.org\",\"@graph\":[{\"@type\":\"Article\",\"@id\":\"https:\\\/\\\/regiaonews.net.br\\\/2022\\\/2023\\\/12\\\/21\\\/sucesso-do-rio-das-pedras-acqua-park-movimenta-final-de-ano-no-clube\\\/#article\",\"isPartOf\":{\"@id\":\"https:\\\/\\\/regiaonews.net.br\\\/2022\\\/2023\\\/12\\\/21\\\/sucesso-do-rio-das-pedras-acqua-park-movimenta-final-de-ano-no-clube\\\/\"},\"author\":{\"name\":\"Roberto\",\"@id\":\"https:\\\/\\\/regiaonews.net.br\\\/2022\\\/#\\\/schema\\\/person\\\/2d205a608a5aa97ac279d7a5e6d89ad8\"},\"headline\":\"Sucesso do Rio das Pedras \u00c1cqua Park movimenta final de ano no clube\",\"datePublished\":\"2023-12-21T22:43:18+00:00\",\"mainEntityOfPage\":{\"@id\":\"https:\\\/\\\/regiaonews.net.br\\\/2022\\\/2023\\\/12\\\/21\\\/sucesso-do-rio-das-pedras-acqua-park-movimenta-final-de-ano-no-clube\\\/\"},\"wordCount\":599,\"commentCount\":0,\"publisher\":{\"@id\":\"https:\\\/\\\/regiaonews.net.br\\\/2022\\\/#organization\"},\"image\":{\"@id\":\"https:\\\/\\\/regiaonews.net.br\\\/2022\\\/2023\\\/12\\\/21\\\/sucesso-do-rio-das-pedras-acqua-park-movimenta-final-de-ano-no-clube\\\/#primaryimage\"},\"thumbnailUrl\":\"https:\\\/\\\/regiaonews.net.br\\\/2022\\\/wp-content\\\/uploads\\\/2023\\\/12\\\/WhatsApp-Image-2023-12-21-at-17.30.40.jpeg\",\"articleSection\":[\"Barretos\",\"Cidades\"],\"inLanguage\":\"pt-BR\",\"potentialAction\":[{\"@type\":\"CommentAction\",\"name\":\"Comment\",\"target\":[\"https:\\\/\\\/regiaonews.net.br\\\/2022\\\/2023\\\/12\\\/21\\\/sucesso-do-rio-das-pedras-acqua-park-movimenta-final-de-ano-no-clube\\\/#respond\"]}]},{\"@type\":\"WebPage\",\"@id\":\"https:\\\/\\\/regiaonews.net.br\\\/2022\\\/2023\\\/12\\\/21\\\/sucesso-do-rio-das-pedras-acqua-park-movimenta-final-de-ano-no-clube\\\/\",\"url\":\"https:\\\/\\\/regiaonews.net.br\\\/2022\\\/2023\\\/12\\\/21\\\/sucesso-do-rio-das-pedras-acqua-park-movimenta-final-de-ano-no-clube\\\/\",\"name\":\"Sucesso do Rio das Pedras \u00c1cqua Park movimenta final de ano no clube - Regi\u00e3o News\",\"isPartOf\":{\"@id\":\"https:\\\/\\\/regiaonews.net.br\\\/2022\\\/#website\"},\"primaryImageOfPage\":{\"@id\":\"https:\\\/\\\/regiaonews.net.br\\\/2022\\\/2023\\\/12\\\/21\\\/sucesso-do-rio-das-pedras-acqua-park-movimenta-final-de-ano-no-clube\\\/#primaryimage\"},\"image\":{\"@id\":\"https:\\\/\\\/regiaonews.net.br\\\/2022\\\/2023\\\/12\\\/21\\\/sucesso-do-rio-das-pedras-acqua-park-movimenta-final-de-ano-no-clube\\\/#primaryimage\"},\"thumbnailUrl\":\"https:\\\/\\\/regiaonews.net.br\\\/2022\\\/wp-content\\\/uploads\\\/2023\\\/12\\\/WhatsApp-Image-2023-12-21-at-17.30.40.jpeg\",\"datePublished\":\"2023-12-21T22:43:18+00:00\",\"breadcrumb\":{\"@id\":\"https:\\\/\\\/regiaonews.net.br\\\/2022\\\/2023\\\/12\\\/21\\\/sucesso-do-rio-das-pedras-acqua-park-movimenta-final-de-ano-no-clube\\\/#breadcrumb\"},\"inLanguage\":\"pt-BR\",\"potentialAction\":[{\"@type\":\"ReadAction\",\"target\":[\"https:\\\/\\\/regiaonews.net.br\\\/2022\\\/2023\\\/12\\\/21\\\/sucesso-do-rio-das-pedras-acqua-park-movimenta-final-de-ano-no-clube\\\/\"]}]},{\"@type\":\"ImageObject\",\"inLanguage\":\"pt-BR\",\"@id\":\"https:\\\/\\\/regiaonews.net.br\\\/2022\\\/2023\\\/12\\\/21\\\/sucesso-do-rio-das-pedras-acqua-park-movimenta-final-de-ano-no-clube\\\/#primaryimage\",\"url\":\"https:\\\/\\\/regiaonews.net.br\\\/2022\\\/wp-content\\\/uploads\\\/2023\\\/12\\\/WhatsApp-Image-2023-12-21-at-17.30.40.jpeg\",\"contentUrl\":\"https:\\\/\\\/regiaonews.net.br\\\/2022\\\/wp-content\\\/uploads\\\/2023\\\/12\\\/WhatsApp-Image-2023-12-21-at-17.30.40.jpeg\",\"width\":1500,\"height\":1000},{\"@type\":\"BreadcrumbList\",\"@id\":\"https:\\\/\\\/regiaonews.net.br\\\/2022\\\/2023\\\/12\\\/21\\\/sucesso-do-rio-das-pedras-acqua-park-movimenta-final-de-ano-no-clube\\\/#breadcrumb\",\"itemListElement\":[{\"@type\":\"ListItem\",\"position\":1,\"name\":\"In\u00edcio\",\"item\":\"https:\\\/\\\/regiaonews.net.br\\\/2022\\\/\"},{\"@type\":\"ListItem\",\"position\":2,\"name\":\"Sucesso do Rio das Pedras \u00c1cqua Park movimenta final de ano no clube\"}]},{\"@type\":\"WebSite\",\"@id\":\"https:\\\/\\\/regiaonews.net.br\\\/2022\\\/#website\",\"url\":\"https:\\\/\\\/regiaonews.net.br\\\/2022\\\/\",\"name\":\"Regi\u00e3o News\",\"description\":\"Site de Not\u00edcias de Barretos e regi\u00e3o\",\"publisher\":{\"@id\":\"https:\\\/\\\/regiaonews.net.br\\\/2022\\\/#organization\"},\"potentialAction\":[{\"@type\":\"SearchAction\",\"target\":{\"@type\":\"EntryPoint\",\"urlTemplate\":\"https:\\\/\\\/regiaonews.net.br\\\/2022\\\/?s={search_term_string}\"},\"query-input\":{\"@type\":\"PropertyValueSpecification\",\"valueRequired\":true,\"valueName\":\"search_term_string\"}}],\"inLanguage\":\"pt-BR\"},{\"@type\":\"Organization\",\"@id\":\"https:\\\/\\\/regiaonews.net.br\\\/2022\\\/#organization\",\"name\":\"Regi\u00e3o News\",\"url\":\"https:\\\/\\\/regiaonews.net.br\\\/2022\\\/\",\"logo\":{\"@type\":\"ImageObject\",\"inLanguage\":\"pt-BR\",\"@id\":\"https:\\\/\\\/regiaonews.net.br\\\/2022\\\/#\\\/schema\\\/logo\\\/image\\\/\",\"url\":\"https:\\\/\\\/regiaonews.net.br\\\/2022\\\/wp-content\\\/uploads\\\/2026\\\/03\\\/regiao-13-anos-scaled.jpg\",\"contentUrl\":\"https:\\\/\\\/regiaonews.net.br\\\/2022\\\/wp-content\\\/uploads\\\/2026\\\/03\\\/regiao-13-anos-scaled.jpg\",\"width\":2560,\"height\":635,\"caption\":\"Regi\u00e3o News\"},\"image\":{\"@id\":\"https:\\\/\\\/regiaonews.net.br\\\/2022\\\/#\\\/schema\\\/logo\\\/image\\\/\"}},{\"@type\":\"Person\",\"@id\":\"https:\\\/\\\/regiaonews.net.br\\\/2022\\\/#\\\/schema\\\/person\\\/2d205a608a5aa97ac279d7a5e6d89ad8\",\"name\":\"Roberto\",\"image\":{\"@type\":\"ImageObject\",\"inLanguage\":\"pt-BR\",\"@id\":\"https:\\\/\\\/secure.gravatar.com\\\/avatar\\\/42749d8b712ff9d59ca93dc150494e5b55a44134482993f5baeb97e61b7ecc89?s=96&d=mm&r=g\",\"url\":\"https:\\\/\\\/secure.gravatar.com\\\/avatar\\\/42749d8b712ff9d59ca93dc150494e5b55a44134482993f5baeb97e61b7ecc89?s=96&d=mm&r=g\",\"contentUrl\":\"https:\\\/\\\/secure.gravatar.com\\\/avatar\\\/42749d8b712ff9d59ca93dc150494e5b55a44134482993f5baeb97e61b7ecc89?s=96&d=mm&r=g\",\"caption\":\"Roberto\"},\"url\":\"https:\\\/\\\/regiaonews.net.br\\\/2022\\\/author\\\/roberto\\\/\"}]}<\/script>\n<!-- \/ Yoast SEO plugin. -->","yoast_head_json":{"title":"Sucesso do Rio das Pedras \u00c1cqua Park movimenta final de ano no clube - Regi\u00e3o News","robots":{"index":"index","follow":"follow","max-snippet":"max-snippet:-1","max-image-preview":"max-image-preview:large","max-video-preview":"max-video-preview:-1"},"canonical":"https:\/\/regiaonews.net.br\/2022\/2023\/12\/21\/sucesso-do-rio-das-pedras-acqua-park-movimenta-final-de-ano-no-clube\/","og_locale":"pt_BR","og_type":"article","og_title":"Sucesso do Rio das Pedras \u00c1cqua Park movimenta final de ano no clube - Regi\u00e3o News","og_description":"&nbsp; Sob elogios de s\u00f3cios e visitantes, parque aqu\u00e1tico surpreendeu","og_url":"https:\/\/regiaonews.net.br\/2022\/2023\/12\/21\/sucesso-do-rio-das-pedras-acqua-park-movimenta-final-de-ano-no-clube\/","og_site_name":"Regi\u00e3o News","article_published_time":"2023-12-21T22:43:18+00:00","og_image":[{"width":1500,"height":1000,"url":"https:\/\/regiaonews.net.br\/2022\/wp-content\/uploads\/2023\/12\/WhatsApp-Image-2023-12-21-at-17.30.40.jpeg","type":"image\/jpeg"}],"author":"Roberto","twitter_card":"summary_large_image","twitter_misc":{"Escrito por":"Roberto","Est. tempo de leitura":"4 minutos"},"schema":{"@context":"https:\/\/schema.org","@graph":[{"@type":"Article","@id":"https:\/\/regiaonews.net.br\/2022\/2023\/12\/21\/sucesso-do-rio-das-pedras-acqua-park-movimenta-final-de-ano-no-clube\/#article","isPartOf":{"@id":"https:\/\/regiaonews.net.br\/2022\/2023\/12\/21\/sucesso-do-rio-das-pedras-acqua-park-movimenta-final-de-ano-no-clube\/"},"author":{"name":"Roberto","@id":"https:\/\/regiaonews.net.br\/2022\/#\/schema\/person\/2d205a608a5aa97ac279d7a5e6d89ad8"},"headline":"Sucesso do Rio das Pedras \u00c1cqua Park movimenta final de ano no clube","datePublished":"2023-12-21T22:43:18+00:00","mainEntityOfPage":{"@id":"https:\/\/regiaonews.net.br\/2022\/2023\/12\/21\/sucesso-do-rio-das-pedras-acqua-park-movimenta-final-de-ano-no-clube\/"},"wordCount":599,"commentCount":0,"publisher":{"@id":"https:\/\/regiaonews.net.br\/2022\/#organization"},"image":{"@id":"https:\/\/regiaonews.net.br\/2022\/2023\/12\/21\/sucesso-do-rio-das-pedras-acqua-park-movimenta-final-de-ano-no-clube\/#primaryimage"},"thumbnailUrl":"https:\/\/regiaonews.net.br\/2022\/wp-content\/uploads\/2023\/12\/WhatsApp-Image-2023-12-21-at-17.30.40.jpeg","articleSection":["Barretos","Cidades"],"inLanguage":"pt-BR","potentialAction":[{"@type":"CommentAction","name":"Comment","target":["https:\/\/regiaonews.net.br\/2022\/2023\/12\/21\/sucesso-do-rio-das-pedras-acqua-park-movimenta-final-de-ano-no-clube\/#respond"]}]},{"@type":"WebPage","@id":"https:\/\/regiaonews.net.br\/2022\/2023\/12\/21\/sucesso-do-rio-das-pedras-acqua-park-movimenta-final-de-ano-no-clube\/","url":"https:\/\/regiaonews.net.br\/2022\/2023\/12\/21\/sucesso-do-rio-das-pedras-acqua-park-movimenta-final-de-ano-no-clube\/","name":"Sucesso do Rio das Pedras \u00c1cqua Park movimenta final de ano no clube - Regi\u00e3o News","isPartOf":{"@id":"https:\/\/regiaonews.net.br\/2022\/#website"},"primaryImageOfPage":{"@id":"https:\/\/regiaonews.net.br\/2022\/2023\/12\/21\/sucesso-do-rio-das-pedras-acqua-park-movimenta-final-de-ano-no-clube\/#primaryimage"},"image":{"@id":"https:\/\/regiaonews.net.br\/2022\/2023\/12\/21\/sucesso-do-rio-das-pedras-acqua-park-movimenta-final-de-ano-no-clube\/#primaryimage"},"thumbnailUrl":"https:\/\/regiaonews.net.br\/2022\/wp-content\/uploads\/2023\/12\/WhatsApp-Image-2023-12-21-at-17.30.40.jpeg","datePublished":"2023-12-21T22:43:18+00:00","breadcrumb":{"@id":"https:\/\/regiaonews.net.br\/2022\/2023\/12\/21\/sucesso-do-rio-das-pedras-acqua-park-movimenta-final-de-ano-no-clube\/#breadcrumb"},"inLanguage":"pt-BR","potentialAction":[{"@type":"ReadAction","target":["https:\/\/regiaonews.net.br\/2022\/2023\/12\/21\/sucesso-do-rio-das-pedras-acqua-park-movimenta-final-de-ano-no-clube\/"]}]},{"@type":"ImageObject","inLanguage":"pt-BR","@id":"https:\/\/regiaonews.net.br\/2022\/2023\/12\/21\/sucesso-do-rio-das-pedras-acqua-park-movimenta-final-de-ano-no-clube\/#primaryimage","url":"https:\/\/regiaonews.net.br\/2022\/wp-content\/uploads\/2023\/12\/WhatsApp-Image-2023-12-21-at-17.30.40.jpeg","contentUrl":"https:\/\/regiaonews.net.br\/2022\/wp-content\/uploads\/2023\/12\/WhatsApp-Image-2023-12-21-at-17.30.40.jpeg","width":1500,"height":1000},{"@type":"BreadcrumbList","@id":"https:\/\/regiaonews.net.br\/2022\/2023\/12\/21\/sucesso-do-rio-das-pedras-acqua-park-movimenta-final-de-ano-no-clube\/#breadcrumb","itemListElement":[{"@type":"ListItem","position":1,"name":"In\u00edcio","item":"https:\/\/regiaonews.net.br\/2022\/"},{"@type":"ListItem","position":2,"name":"Sucesso do Rio das Pedras \u00c1cqua Park movimenta final de ano no clube"}]},{"@type":"WebSite","@id":"https:\/\/regiaonews.net.br\/2022\/#website","url":"https:\/\/regiaonews.net.br\/2022\/","name":"Regi\u00e3o News","description":"Site de Not\u00edcias de Barretos e regi\u00e3o","publisher":{"@id":"https:\/\/regiaonews.net.br\/2022\/#organization"},"potentialAction":[{"@type":"SearchAction","target":{"@type":"EntryPoint","urlTemplate":"https:\/\/regiaonews.net.br\/2022\/?s={search_term_string}"},"query-input":{"@type":"PropertyValueSpecification","valueRequired":true,"valueName":"search_term_string"}}],"inLanguage":"pt-BR"},{"@type":"Organization","@id":"https:\/\/regiaonews.net.br\/2022\/#organization","name":"Regi\u00e3o News","url":"https:\/\/regiaonews.net.br\/2022\/","logo":{"@type":"ImageObject","inLanguage":"pt-BR","@id":"https:\/\/regiaonews.net.br\/2022\/#\/schema\/logo\/image\/","url":"https:\/\/regiaonews.net.br\/2022\/wp-content\/uploads\/2026\/03\/regiao-13-anos-scaled.jpg","contentUrl":"https:\/\/regiaonews.net.br\/2022\/wp-content\/uploads\/2026\/03\/regiao-13-anos-scaled.jpg","width":2560,"height":635,"caption":"Regi\u00e3o News"},"image":{"@id":"https:\/\/regiaonews.net.br\/2022\/#\/schema\/logo\/image\/"}},{"@type":"Person","@id":"https:\/\/regiaonews.net.br\/2022\/#\/schema\/person\/2d205a608a5aa97ac279d7a5e6d89ad8","name":"Roberto","image":{"@type":"ImageObject","inLanguage":"pt-BR","@id":"https:\/\/secure.gravatar.com\/avatar\/42749d8b712ff9d59ca93dc150494e5b55a44134482993f5baeb97e61b7ecc89?s=96&d=mm&r=g","url":"https:\/\/secure.gravatar.com\/avatar\/42749d8b712ff9d59ca93dc150494e5b55a44134482993f5baeb97e61b7ecc89?s=96&d=mm&r=g","contentUrl":"https:\/\/secure.gravatar.com\/avatar\/42749d8b712ff9d59ca93dc150494e5b55a44134482993f5baeb97e61b7ecc89?s=96&d=mm&r=g","caption":"Roberto"},"url":"https:\/\/regiaonews.net.br\/2022\/author\/roberto\/"}]}},"publishpress_future_action":{"enabled":false,"date":"2026-05-05 00:12:04","action":"change-status","newStatus":"draft","terms":[],"taxonomy":"category","extraData":[]},"publishpress_future_workflow_manual_trigger":{"enabledWorkflows":[]},"_links":{"self":[{"href":"https:\/\/regiaonews.net.br\/2022\/wp-json\/wp\/v2\/posts\/99354","targetHints":{"allow":["GET"]}}],"collection":[{"href":"https:\/\/regiaonews.net.br\/2022\/wp-json\/wp\/v2\/posts"}],"about":[{"href":"https:\/\/regiaonews.net.br\/2022\/wp-json\/wp\/v2\/types\/post"}],"author":[{"embeddable":true,"href":"https:\/\/regiaonews.net.br\/2022\/wp-json\/wp\/v2\/users\/2"}],"replies":[{"embeddable":true,"href":"https:\/\/regiaonews.net.br\/2022\/wp-json\/wp\/v2\/comments?post=99354"}],"version-history":[{"count":1,"href":"https:\/\/regiaonews.net.br\/2022\/wp-json\/wp\/v2\/posts\/99354\/revisions"}],"predecessor-version":[{"id":99356,"href":"https:\/\/regiaonews.net.br\/2022\/wp-json\/wp\/v2\/posts\/99354\/revisions\/99356"}],"wp:featuredmedia":[{"embeddable":true,"href":"https:\/\/regiaonews.net.br\/2022\/wp-json\/wp\/v2\/media\/99355"}],"wp:attachment":[{"href":"https:\/\/regiaonews.net.br\/2022\/wp-json\/wp\/v2\/media?parent=99354"}],"wp:term":[{"taxonomy":"category","embeddable":true,"href":"https:\/\/regiaonews.net.br\/2022\/wp-json\/wp\/v2\/categories?post=99354"},{"taxonomy":"post_tag","embeddable":true,"href":"https:\/\/regiaonews.net.br\/2022\/wp-json\/wp\/v2\/tags?post=99354"}],"curies":[{"name":"wp","href":"https:\/\/api.w.org\/{rel}","templated":true}]}}