{"id":99300,"date":"2023-12-20T13:39:40","date_gmt":"2023-12-20T16:39:40","guid":{"rendered":"https:\/\/regiaonews.net.br\/2022\/?p=99300"},"modified":"2023-12-20T13:39:40","modified_gmt":"2023-12-20T16:39:40","slug":"saae-barretos-divulga-expediente-durante-festividades-de-fim-de-ano","status":"publish","type":"post","link":"https:\/\/regiaonews.net.br\/2022\/2023\/12\/20\/saae-barretos-divulga-expediente-durante-festividades-de-fim-de-ano\/","title":{"rendered":"SAAE Barretos divulga expediente durante festividades de fim de ano"},"content":{"rendered":"<p>O Servi\u00e7o Aut\u00f4nomo de \u00c1gua e Esgoto de Barretos (SAAEB) compartilha o cronograma de atendimento durante as festividades de final de ano, visando assegurar a assist\u00eancia aos mun\u00edcipes durante esse per\u00edodo.<\/p>\n<p>Natal:<\/p>\n<p>&#8211; Dia 22 de dezembro (quinta-feira): Atendimento normal ao p\u00fablico na sede central do SAAEB, das 8h \u00e0s 16h.<br \/>\n&#8211; De 23 de dezembro (s\u00e1bado) a 25 de dezembro (segunda-feira &#8211; Natal): Atendimento exclusivo para urg\u00eancias atrav\u00e9s dos telefones (17) 332-5300 ou 0800 772 5300.<br \/>\n&#8211; Retorno do atendimento aos mun\u00edcipes: Ter\u00e7a-feira, dia 26, a partir das 12h30.<br \/>\n&#8211; Atendimento via WhatsApp: At\u00e9 as 16h30 do dia 22 e retomada na ter\u00e7a-feira, a partir das 12h30.<\/p>\n<p>Virada do Ano:<\/p>\n<p>&#8211; Dia 29 de dezembro (sexta-feira): Atendimento normal ao p\u00fablico na sede central do SAAEB, das 8h \u00e0s 16h.<br \/>\n&#8211; De 30 de dezembro (s\u00e1bado) a 1\u00ba de janeiro (segunda-feira &#8211; Ano Novo): Atendimento exclusivo para urg\u00eancias atrav\u00e9s dos telefones (17) 332-5300 ou 0800 772 5300.<br \/>\n&#8211; Retorno do atendimento aos mun\u00edcipes: Ter\u00e7a-feira, dia 2, a partir das 12h30.<br \/>\n&#8211; Atendimento via WhatsApp: At\u00e9 as 16h30 do dia 29 e retomada na ter\u00e7a-feira, dia 2, a partir das 12h30.<\/p>\n<p>Poupatempo:<\/p>\n<p>&#8211; Dia 23 de dezembro (s\u00e1bado): Atendimento normal das 9h \u00e0s 13h.<br \/>\n&#8211; Dia 25 de dezembro (segunda-feira &#8211; Natal): N\u00e3o haver\u00e1 atendimento.<br \/>\n&#8211; Retorno do atendimento: Ter\u00e7a-feira, dia 26, das 9h \u00e0s 17h.<br \/>\n&#8211; Dia 29 de dezembro (sexta-feira): N\u00e3o haver\u00e1 atendimento, conforme orienta\u00e7\u00f5es do BaCen sobre o expediente banc\u00e1rio.<br \/>\n&#8211; Dias 30 de dezembro (s\u00e1bado) e 1\u00ba de janeiro (segunda-feira &#8211; Ano Novo): N\u00e3o haver\u00e1 atendimento.<br \/>\n&#8211; Retorno do atendimento: Ter\u00e7a-feira, dia 2, das 9h \u00e0s 17h.<\/p>\n<p>Coleta de Lixo e Seletiva<\/p>\n<p>As coletas de Lixo e Seletiva seguir\u00e3o o cronograma normal no s\u00e1bado, dia 23. No domingo, como de costume, n\u00e3o h\u00e1 a coleta. Na segunda-feira, feriado de Natal, dia 25, n\u00e3o haver\u00e1 nenhuma das coletas. Elas retornam na ter\u00e7a-feira, dia 26.<\/p>\n<p>\u201cRefor\u00e7amos que o SAAEB permanece comprometido em garantir a qualidade e a continuidade dos servi\u00e7os prestados \u00e0 comunidade durante as festividades de fim de ano. Para situa\u00e7\u00f5es emergenciais fora dos hor\u00e1rios especificados, pedimos aos barretenses que entrem em contato pelos n\u00fameros disponibilizados\u201d, destaca o superintendente Marcelo Borges.<\/p>\n<p>www.saaeb.com.br<\/p>\n","protected":false},"excerpt":{"rendered":"<p>O Servi\u00e7o Aut\u00f4nomo de \u00c1gua e Esgoto de Barretos (SAAEB)<\/p>\n","protected":false},"author":2,"featured_media":99301,"comment_status":"open","ping_status":"open","sticky":false,"template":"","format":"standard","meta":{"footnotes":""},"categories":[14,3],"tags":[],"class_list":["post-99300","post","type-post","status-publish","format-standard","has-post-thumbnail","hentry","category-barretos","category-geral"],"yoast_head":"<!-- This site is optimized with the Yoast SEO plugin v27.4 - https:\/\/yoast.com\/product\/yoast-seo-wordpress\/ -->\n<title>SAAE Barretos divulga expediente durante festividades de fim de ano - Regi\u00e3o News<\/title>\n<meta name=\"robots\" content=\"index, follow, max-snippet:-1, max-image-preview:large, max-video-preview:-1\" \/>\n<link rel=\"canonical\" href=\"https:\/\/regiaonews.net.br\/2022\/2023\/12\/20\/saae-barretos-divulga-expediente-durante-festividades-de-fim-de-ano\/\" \/>\n<meta property=\"og:locale\" content=\"pt_BR\" \/>\n<meta property=\"og:type\" content=\"article\" \/>\n<meta property=\"og:title\" content=\"SAAE Barretos divulga expediente durante festividades de fim de ano - Regi\u00e3o News\" \/>\n<meta property=\"og:description\" content=\"O Servi\u00e7o Aut\u00f4nomo de \u00c1gua e Esgoto de Barretos (SAAEB)\" \/>\n<meta property=\"og:url\" content=\"https:\/\/regiaonews.net.br\/2022\/2023\/12\/20\/saae-barretos-divulga-expediente-durante-festividades-de-fim-de-ano\/\" \/>\n<meta property=\"og:site_name\" content=\"Regi\u00e3o News\" \/>\n<meta property=\"article:published_time\" content=\"2023-12-20T16:39:40+00:00\" \/>\n<meta property=\"og:image\" content=\"https:\/\/regiaonews.net.br\/2022\/wp-content\/uploads\/2023\/12\/Imagem-do-WhatsApp-de-2023-12-20-as-10.22.43_c1c15e08.jpg\" \/>\n\t<meta property=\"og:image:width\" content=\"1186\" \/>\n\t<meta property=\"og:image:height\" content=\"1183\" \/>\n\t<meta property=\"og:image:type\" content=\"image\/jpeg\" \/>\n<meta name=\"author\" content=\"Roberto\" \/>\n<meta name=\"twitter:card\" content=\"summary_large_image\" \/>\n<meta name=\"twitter:label1\" content=\"Escrito por\" \/>\n\t<meta name=\"twitter:data1\" content=\"Roberto\" \/>\n\t<meta name=\"twitter:label2\" content=\"Est. tempo de leitura\" \/>\n\t<meta name=\"twitter:data2\" content=\"3 minutos\" \/>\n<script type=\"application\/ld+json\" class=\"yoast-schema-graph\">{\"@context\":\"https:\\\/\\\/schema.org\",\"@graph\":[{\"@type\":\"Article\",\"@id\":\"https:\\\/\\\/regiaonews.net.br\\\/2022\\\/2023\\\/12\\\/20\\\/saae-barretos-divulga-expediente-durante-festividades-de-fim-de-ano\\\/#article\",\"isPartOf\":{\"@id\":\"https:\\\/\\\/regiaonews.net.br\\\/2022\\\/2023\\\/12\\\/20\\\/saae-barretos-divulga-expediente-durante-festividades-de-fim-de-ano\\\/\"},\"author\":{\"name\":\"Roberto\",\"@id\":\"https:\\\/\\\/regiaonews.net.br\\\/2022\\\/#\\\/schema\\\/person\\\/2d205a608a5aa97ac279d7a5e6d89ad8\"},\"headline\":\"SAAE Barretos divulga expediente durante festividades de fim de ano\",\"datePublished\":\"2023-12-20T16:39:40+00:00\",\"mainEntityOfPage\":{\"@id\":\"https:\\\/\\\/regiaonews.net.br\\\/2022\\\/2023\\\/12\\\/20\\\/saae-barretos-divulga-expediente-durante-festividades-de-fim-de-ano\\\/\"},\"wordCount\":385,\"commentCount\":0,\"publisher\":{\"@id\":\"https:\\\/\\\/regiaonews.net.br\\\/2022\\\/#organization\"},\"image\":{\"@id\":\"https:\\\/\\\/regiaonews.net.br\\\/2022\\\/2023\\\/12\\\/20\\\/saae-barretos-divulga-expediente-durante-festividades-de-fim-de-ano\\\/#primaryimage\"},\"thumbnailUrl\":\"https:\\\/\\\/regiaonews.net.br\\\/2022\\\/wp-content\\\/uploads\\\/2023\\\/12\\\/Imagem-do-WhatsApp-de-2023-12-20-as-10.22.43_c1c15e08.jpg\",\"articleSection\":[\"Barretos\",\"Geral\"],\"inLanguage\":\"pt-BR\",\"potentialAction\":[{\"@type\":\"CommentAction\",\"name\":\"Comment\",\"target\":[\"https:\\\/\\\/regiaonews.net.br\\\/2022\\\/2023\\\/12\\\/20\\\/saae-barretos-divulga-expediente-durante-festividades-de-fim-de-ano\\\/#respond\"]}]},{\"@type\":\"WebPage\",\"@id\":\"https:\\\/\\\/regiaonews.net.br\\\/2022\\\/2023\\\/12\\\/20\\\/saae-barretos-divulga-expediente-durante-festividades-de-fim-de-ano\\\/\",\"url\":\"https:\\\/\\\/regiaonews.net.br\\\/2022\\\/2023\\\/12\\\/20\\\/saae-barretos-divulga-expediente-durante-festividades-de-fim-de-ano\\\/\",\"name\":\"SAAE Barretos divulga expediente durante festividades de fim de ano - Regi\u00e3o News\",\"isPartOf\":{\"@id\":\"https:\\\/\\\/regiaonews.net.br\\\/2022\\\/#website\"},\"primaryImageOfPage\":{\"@id\":\"https:\\\/\\\/regiaonews.net.br\\\/2022\\\/2023\\\/12\\\/20\\\/saae-barretos-divulga-expediente-durante-festividades-de-fim-de-ano\\\/#primaryimage\"},\"image\":{\"@id\":\"https:\\\/\\\/regiaonews.net.br\\\/2022\\\/2023\\\/12\\\/20\\\/saae-barretos-divulga-expediente-durante-festividades-de-fim-de-ano\\\/#primaryimage\"},\"thumbnailUrl\":\"https:\\\/\\\/regiaonews.net.br\\\/2022\\\/wp-content\\\/uploads\\\/2023\\\/12\\\/Imagem-do-WhatsApp-de-2023-12-20-as-10.22.43_c1c15e08.jpg\",\"datePublished\":\"2023-12-20T16:39:40+00:00\",\"breadcrumb\":{\"@id\":\"https:\\\/\\\/regiaonews.net.br\\\/2022\\\/2023\\\/12\\\/20\\\/saae-barretos-divulga-expediente-durante-festividades-de-fim-de-ano\\\/#breadcrumb\"},\"inLanguage\":\"pt-BR\",\"potentialAction\":[{\"@type\":\"ReadAction\",\"target\":[\"https:\\\/\\\/regiaonews.net.br\\\/2022\\\/2023\\\/12\\\/20\\\/saae-barretos-divulga-expediente-durante-festividades-de-fim-de-ano\\\/\"]}]},{\"@type\":\"ImageObject\",\"inLanguage\":\"pt-BR\",\"@id\":\"https:\\\/\\\/regiaonews.net.br\\\/2022\\\/2023\\\/12\\\/20\\\/saae-barretos-divulga-expediente-durante-festividades-de-fim-de-ano\\\/#primaryimage\",\"url\":\"https:\\\/\\\/regiaonews.net.br\\\/2022\\\/wp-content\\\/uploads\\\/2023\\\/12\\\/Imagem-do-WhatsApp-de-2023-12-20-as-10.22.43_c1c15e08.jpg\",\"contentUrl\":\"https:\\\/\\\/regiaonews.net.br\\\/2022\\\/wp-content\\\/uploads\\\/2023\\\/12\\\/Imagem-do-WhatsApp-de-2023-12-20-as-10.22.43_c1c15e08.jpg\",\"width\":1186,\"height\":1183},{\"@type\":\"BreadcrumbList\",\"@id\":\"https:\\\/\\\/regiaonews.net.br\\\/2022\\\/2023\\\/12\\\/20\\\/saae-barretos-divulga-expediente-durante-festividades-de-fim-de-ano\\\/#breadcrumb\",\"itemListElement\":[{\"@type\":\"ListItem\",\"position\":1,\"name\":\"In\u00edcio\",\"item\":\"https:\\\/\\\/regiaonews.net.br\\\/2022\\\/\"},{\"@type\":\"ListItem\",\"position\":2,\"name\":\"SAAE Barretos divulga expediente durante festividades de fim de ano\"}]},{\"@type\":\"WebSite\",\"@id\":\"https:\\\/\\\/regiaonews.net.br\\\/2022\\\/#website\",\"url\":\"https:\\\/\\\/regiaonews.net.br\\\/2022\\\/\",\"name\":\"Regi\u00e3o News\",\"description\":\"Site de Not\u00edcias de Barretos e regi\u00e3o\",\"publisher\":{\"@id\":\"https:\\\/\\\/regiaonews.net.br\\\/2022\\\/#organization\"},\"potentialAction\":[{\"@type\":\"SearchAction\",\"target\":{\"@type\":\"EntryPoint\",\"urlTemplate\":\"https:\\\/\\\/regiaonews.net.br\\\/2022\\\/?s={search_term_string}\"},\"query-input\":{\"@type\":\"PropertyValueSpecification\",\"valueRequired\":true,\"valueName\":\"search_term_string\"}}],\"inLanguage\":\"pt-BR\"},{\"@type\":\"Organization\",\"@id\":\"https:\\\/\\\/regiaonews.net.br\\\/2022\\\/#organization\",\"name\":\"Regi\u00e3o News\",\"url\":\"https:\\\/\\\/regiaonews.net.br\\\/2022\\\/\",\"logo\":{\"@type\":\"ImageObject\",\"inLanguage\":\"pt-BR\",\"@id\":\"https:\\\/\\\/regiaonews.net.br\\\/2022\\\/#\\\/schema\\\/logo\\\/image\\\/\",\"url\":\"https:\\\/\\\/regiaonews.net.br\\\/2022\\\/wp-content\\\/uploads\\\/2026\\\/03\\\/regiao-13-anos-scaled.jpg\",\"contentUrl\":\"https:\\\/\\\/regiaonews.net.br\\\/2022\\\/wp-content\\\/uploads\\\/2026\\\/03\\\/regiao-13-anos-scaled.jpg\",\"width\":2560,\"height\":635,\"caption\":\"Regi\u00e3o News\"},\"image\":{\"@id\":\"https:\\\/\\\/regiaonews.net.br\\\/2022\\\/#\\\/schema\\\/logo\\\/image\\\/\"}},{\"@type\":\"Person\",\"@id\":\"https:\\\/\\\/regiaonews.net.br\\\/2022\\\/#\\\/schema\\\/person\\\/2d205a608a5aa97ac279d7a5e6d89ad8\",\"name\":\"Roberto\",\"image\":{\"@type\":\"ImageObject\",\"inLanguage\":\"pt-BR\",\"@id\":\"https:\\\/\\\/secure.gravatar.com\\\/avatar\\\/42749d8b712ff9d59ca93dc150494e5b55a44134482993f5baeb97e61b7ecc89?s=96&d=mm&r=g\",\"url\":\"https:\\\/\\\/secure.gravatar.com\\\/avatar\\\/42749d8b712ff9d59ca93dc150494e5b55a44134482993f5baeb97e61b7ecc89?s=96&d=mm&r=g\",\"contentUrl\":\"https:\\\/\\\/secure.gravatar.com\\\/avatar\\\/42749d8b712ff9d59ca93dc150494e5b55a44134482993f5baeb97e61b7ecc89?s=96&d=mm&r=g\",\"caption\":\"Roberto\"},\"url\":\"https:\\\/\\\/regiaonews.net.br\\\/2022\\\/author\\\/roberto\\\/\"}]}<\/script>\n<!-- \/ Yoast SEO plugin. -->","yoast_head_json":{"title":"SAAE Barretos divulga expediente durante festividades de fim de ano - Regi\u00e3o News","robots":{"index":"index","follow":"follow","max-snippet":"max-snippet:-1","max-image-preview":"max-image-preview:large","max-video-preview":"max-video-preview:-1"},"canonical":"https:\/\/regiaonews.net.br\/2022\/2023\/12\/20\/saae-barretos-divulga-expediente-durante-festividades-de-fim-de-ano\/","og_locale":"pt_BR","og_type":"article","og_title":"SAAE Barretos divulga expediente durante festividades de fim de ano - Regi\u00e3o News","og_description":"O Servi\u00e7o Aut\u00f4nomo de \u00c1gua e Esgoto de Barretos (SAAEB)","og_url":"https:\/\/regiaonews.net.br\/2022\/2023\/12\/20\/saae-barretos-divulga-expediente-durante-festividades-de-fim-de-ano\/","og_site_name":"Regi\u00e3o News","article_published_time":"2023-12-20T16:39:40+00:00","og_image":[{"width":1186,"height":1183,"url":"https:\/\/regiaonews.net.br\/2022\/wp-content\/uploads\/2023\/12\/Imagem-do-WhatsApp-de-2023-12-20-as-10.22.43_c1c15e08.jpg","type":"image\/jpeg"}],"author":"Roberto","twitter_card":"summary_large_image","twitter_misc":{"Escrito por":"Roberto","Est. tempo de leitura":"3 minutos"},"schema":{"@context":"https:\/\/schema.org","@graph":[{"@type":"Article","@id":"https:\/\/regiaonews.net.br\/2022\/2023\/12\/20\/saae-barretos-divulga-expediente-durante-festividades-de-fim-de-ano\/#article","isPartOf":{"@id":"https:\/\/regiaonews.net.br\/2022\/2023\/12\/20\/saae-barretos-divulga-expediente-durante-festividades-de-fim-de-ano\/"},"author":{"name":"Roberto","@id":"https:\/\/regiaonews.net.br\/2022\/#\/schema\/person\/2d205a608a5aa97ac279d7a5e6d89ad8"},"headline":"SAAE Barretos divulga expediente durante festividades de fim de ano","datePublished":"2023-12-20T16:39:40+00:00","mainEntityOfPage":{"@id":"https:\/\/regiaonews.net.br\/2022\/2023\/12\/20\/saae-barretos-divulga-expediente-durante-festividades-de-fim-de-ano\/"},"wordCount":385,"commentCount":0,"publisher":{"@id":"https:\/\/regiaonews.net.br\/2022\/#organization"},"image":{"@id":"https:\/\/regiaonews.net.br\/2022\/2023\/12\/20\/saae-barretos-divulga-expediente-durante-festividades-de-fim-de-ano\/#primaryimage"},"thumbnailUrl":"https:\/\/regiaonews.net.br\/2022\/wp-content\/uploads\/2023\/12\/Imagem-do-WhatsApp-de-2023-12-20-as-10.22.43_c1c15e08.jpg","articleSection":["Barretos","Geral"],"inLanguage":"pt-BR","potentialAction":[{"@type":"CommentAction","name":"Comment","target":["https:\/\/regiaonews.net.br\/2022\/2023\/12\/20\/saae-barretos-divulga-expediente-durante-festividades-de-fim-de-ano\/#respond"]}]},{"@type":"WebPage","@id":"https:\/\/regiaonews.net.br\/2022\/2023\/12\/20\/saae-barretos-divulga-expediente-durante-festividades-de-fim-de-ano\/","url":"https:\/\/regiaonews.net.br\/2022\/2023\/12\/20\/saae-barretos-divulga-expediente-durante-festividades-de-fim-de-ano\/","name":"SAAE Barretos divulga expediente durante festividades de fim de ano - Regi\u00e3o News","isPartOf":{"@id":"https:\/\/regiaonews.net.br\/2022\/#website"},"primaryImageOfPage":{"@id":"https:\/\/regiaonews.net.br\/2022\/2023\/12\/20\/saae-barretos-divulga-expediente-durante-festividades-de-fim-de-ano\/#primaryimage"},"image":{"@id":"https:\/\/regiaonews.net.br\/2022\/2023\/12\/20\/saae-barretos-divulga-expediente-durante-festividades-de-fim-de-ano\/#primaryimage"},"thumbnailUrl":"https:\/\/regiaonews.net.br\/2022\/wp-content\/uploads\/2023\/12\/Imagem-do-WhatsApp-de-2023-12-20-as-10.22.43_c1c15e08.jpg","datePublished":"2023-12-20T16:39:40+00:00","breadcrumb":{"@id":"https:\/\/regiaonews.net.br\/2022\/2023\/12\/20\/saae-barretos-divulga-expediente-durante-festividades-de-fim-de-ano\/#breadcrumb"},"inLanguage":"pt-BR","potentialAction":[{"@type":"ReadAction","target":["https:\/\/regiaonews.net.br\/2022\/2023\/12\/20\/saae-barretos-divulga-expediente-durante-festividades-de-fim-de-ano\/"]}]},{"@type":"ImageObject","inLanguage":"pt-BR","@id":"https:\/\/regiaonews.net.br\/2022\/2023\/12\/20\/saae-barretos-divulga-expediente-durante-festividades-de-fim-de-ano\/#primaryimage","url":"https:\/\/regiaonews.net.br\/2022\/wp-content\/uploads\/2023\/12\/Imagem-do-WhatsApp-de-2023-12-20-as-10.22.43_c1c15e08.jpg","contentUrl":"https:\/\/regiaonews.net.br\/2022\/wp-content\/uploads\/2023\/12\/Imagem-do-WhatsApp-de-2023-12-20-as-10.22.43_c1c15e08.jpg","width":1186,"height":1183},{"@type":"BreadcrumbList","@id":"https:\/\/regiaonews.net.br\/2022\/2023\/12\/20\/saae-barretos-divulga-expediente-durante-festividades-de-fim-de-ano\/#breadcrumb","itemListElement":[{"@type":"ListItem","position":1,"name":"In\u00edcio","item":"https:\/\/regiaonews.net.br\/2022\/"},{"@type":"ListItem","position":2,"name":"SAAE Barretos divulga expediente durante festividades de fim de ano"}]},{"@type":"WebSite","@id":"https:\/\/regiaonews.net.br\/2022\/#website","url":"https:\/\/regiaonews.net.br\/2022\/","name":"Regi\u00e3o News","description":"Site de Not\u00edcias de Barretos e regi\u00e3o","publisher":{"@id":"https:\/\/regiaonews.net.br\/2022\/#organization"},"potentialAction":[{"@type":"SearchAction","target":{"@type":"EntryPoint","urlTemplate":"https:\/\/regiaonews.net.br\/2022\/?s={search_term_string}"},"query-input":{"@type":"PropertyValueSpecification","valueRequired":true,"valueName":"search_term_string"}}],"inLanguage":"pt-BR"},{"@type":"Organization","@id":"https:\/\/regiaonews.net.br\/2022\/#organization","name":"Regi\u00e3o News","url":"https:\/\/regiaonews.net.br\/2022\/","logo":{"@type":"ImageObject","inLanguage":"pt-BR","@id":"https:\/\/regiaonews.net.br\/2022\/#\/schema\/logo\/image\/","url":"https:\/\/regiaonews.net.br\/2022\/wp-content\/uploads\/2026\/03\/regiao-13-anos-scaled.jpg","contentUrl":"https:\/\/regiaonews.net.br\/2022\/wp-content\/uploads\/2026\/03\/regiao-13-anos-scaled.jpg","width":2560,"height":635,"caption":"Regi\u00e3o News"},"image":{"@id":"https:\/\/regiaonews.net.br\/2022\/#\/schema\/logo\/image\/"}},{"@type":"Person","@id":"https:\/\/regiaonews.net.br\/2022\/#\/schema\/person\/2d205a608a5aa97ac279d7a5e6d89ad8","name":"Roberto","image":{"@type":"ImageObject","inLanguage":"pt-BR","@id":"https:\/\/secure.gravatar.com\/avatar\/42749d8b712ff9d59ca93dc150494e5b55a44134482993f5baeb97e61b7ecc89?s=96&d=mm&r=g","url":"https:\/\/secure.gravatar.com\/avatar\/42749d8b712ff9d59ca93dc150494e5b55a44134482993f5baeb97e61b7ecc89?s=96&d=mm&r=g","contentUrl":"https:\/\/secure.gravatar.com\/avatar\/42749d8b712ff9d59ca93dc150494e5b55a44134482993f5baeb97e61b7ecc89?s=96&d=mm&r=g","caption":"Roberto"},"url":"https:\/\/regiaonews.net.br\/2022\/author\/roberto\/"}]}},"publishpress_future_action":{"enabled":false,"date":"2026-05-04 05:51:41","action":"change-status","newStatus":"draft","terms":[],"taxonomy":"category","extraData":[]},"publishpress_future_workflow_manual_trigger":{"enabledWorkflows":[]},"_links":{"self":[{"href":"https:\/\/regiaonews.net.br\/2022\/wp-json\/wp\/v2\/posts\/99300","targetHints":{"allow":["GET"]}}],"collection":[{"href":"https:\/\/regiaonews.net.br\/2022\/wp-json\/wp\/v2\/posts"}],"about":[{"href":"https:\/\/regiaonews.net.br\/2022\/wp-json\/wp\/v2\/types\/post"}],"author":[{"embeddable":true,"href":"https:\/\/regiaonews.net.br\/2022\/wp-json\/wp\/v2\/users\/2"}],"replies":[{"embeddable":true,"href":"https:\/\/regiaonews.net.br\/2022\/wp-json\/wp\/v2\/comments?post=99300"}],"version-history":[{"count":1,"href":"https:\/\/regiaonews.net.br\/2022\/wp-json\/wp\/v2\/posts\/99300\/revisions"}],"predecessor-version":[{"id":99302,"href":"https:\/\/regiaonews.net.br\/2022\/wp-json\/wp\/v2\/posts\/99300\/revisions\/99302"}],"wp:featuredmedia":[{"embeddable":true,"href":"https:\/\/regiaonews.net.br\/2022\/wp-json\/wp\/v2\/media\/99301"}],"wp:attachment":[{"href":"https:\/\/regiaonews.net.br\/2022\/wp-json\/wp\/v2\/media?parent=99300"}],"wp:term":[{"taxonomy":"category","embeddable":true,"href":"https:\/\/regiaonews.net.br\/2022\/wp-json\/wp\/v2\/categories?post=99300"},{"taxonomy":"post_tag","embeddable":true,"href":"https:\/\/regiaonews.net.br\/2022\/wp-json\/wp\/v2\/tags?post=99300"}],"curies":[{"name":"wp","href":"https:\/\/api.w.org\/{rel}","templated":true}]}}